{"id":43607,"date":"2021-11-25T18:11:34","date_gmt":"2021-11-25T17:11:34","guid":{"rendered":"https:\/\/balkangreenenergynews.com\/rs\/?p=43607"},"modified":"2021-11-26T12:27:27","modified_gmt":"2021-11-26T11:27:27","slug":"u-opstini-zagubica-planira-se-vetropark-snage-200-mw","status":"publish","type":"post","link":"https:\/\/balkangreenenergynews.com\/rs\/u-opstini-zagubica-planira-se-vetropark-snage-200-mw\/","title":{"rendered":"U op\u0161tini \u017dagubica planira se vetropark snage 200 MW"},"content":{"rendered":"<h2>Op\u0161tina \u017dagubica mogla bi da dobije svoj prvi vetropark, pod nazivom Gornjak, sa instalisanom snagom od 200 megavata (MW).<\/h2>\n<p>Op\u0161tina \u017dagubica odlu\u010dila je da pokrene izradu Plana detaljne regulacije vetroparka Gornjak na teritoriji ove op\u0161tine na inicijativu firme Windflow East.<\/p>\n<p>Windflow East je krajem avgusta podneo inicijativu Op\u0161tini radi obezbe\u0111ivanja planskog osnova za izradu tehni\u010dke dokumentacije i ishodovanje gra\u0111evinske dozvole za izgradnju vetroparka Gornjak na podru\u010dju op\u0161tine \u017dagubica.<\/p>\n<blockquote><p>Ovo je druga najava gradnje vetroparkova u isto\u010dnoj Srbiji<\/p><\/blockquote>\n<p>Ina\u010de, u sklopu <a href=\"https:\/\/balkangreenenergynews.com\/rs\/srbija-planira-da-duplira-udeo-obnovljive-energije-i-dostigne-40-odsto-do-2040\/\">ekspanzije investicija u energiju vetra<\/a>, u ovom delu Srbije <a href=\"https:\/\/balkangreenenergynews.com\/rs\/za-vetropark-kod-bora-sa-21-turbinom-potpisani-prvi-papiri\/\">najavljena<\/a> je krajem 2019. gradnja vetroparka snage 50 MW u koji bi investirala firma Crni vrh Power. Kasnije su se pojavile <a href=\"https:\/\/balkangreenenergynews.com\/rs\/bivsi-direktor-ems-a-nikola-petrovic-krece-u-izgradnju-vetroparka\/\">informacije<\/a> da \u0107e snaga ove elektrane biti pove\u0107ana.<\/p>\n<p>Ukupna povr\u0161ina predvi\u0111ena za izradu Plana detaljne regulacije za vetropark Gornjak je oko 300 hektara. Planski osnov za izradu Plana je, kako se navodi u op\u0161tinskoj odluci, Prostorni plan op\u0161tine \u017dagubica u kojem je jedan od prioriteta inteziviranje izgradnje i kori\u0161\u0107enja obnovljivih izvora elektri\u010dne energije.<\/p>\n<blockquote><p>Planirano je instaliranje 35 vetroturbina<\/p><\/blockquote>\n<p>Preliminarne analize pokazale su da bi na predvi\u0111enom prostoru moglo da se instalira oko 35 vetroturbina maksimalne instalisane snage 200 MW koje \u0107e biti priklju\u010dene na prenosni elektroenergetski sistem prema uslovima Elektromre\u017ee Srbije, pi\u0161e u odluci.<\/p>\n<p>Za potrebe izrade Plana detaljne regulacije vetroparka Gornjak bi\u0107e pripremljena i strate\u0161ka procena uticaja na \u017eivotnu sredinu.<\/p>\n<p>Rok za izradu Plana je 12 meseci.<\/p>\n","protected":false},"excerpt":{"rendered":"<p>Op\u0161tina \u017dagubica odlu\u010dila je da pokrene izradu Plana detaljne regulacije vetroparka Gornjak na teritoriji ove op\u0161tine<\/p>\n","protected":false},"author":23,"featured_media":43622,"comment_status":"open","ping_status":"open","sticky":false,"template":"","format":"standard","meta":{"_acf_changed":false,"_monsterinsights_skip_tracking":false,"_monsterinsights_sitenote_active":false,"_monsterinsights_sitenote_note":"","_monsterinsights_sitenote_category":0,"footnotes":""},"categories":[504,1],"tags":[734,4900,719],"class_list":["post-43607","post","type-post","status-publish","format-standard","has-post-thumbnail","hentry","category-elektricna-energija","category-obnovljivi-izvori-energije","tag-investicija","tag-procena-uticaja-na-zivotnu-sredinu","tag-vetropark","country-srbija"],"acf":[],"yoast_head":"<!-- This site is optimized with the Yoast SEO plugin v27.4 - https:\/\/yoast.com\/product\/yoast-seo-wordpress\/ -->\n<title>U op\u0161tini \u017dagubica planira se vetropark snage 200 MW<\/title>\n<meta name=\"description\" content=\"Op\u0161tina \u017dagubica odlu\u010dila je da pokrene izradu Plana detaljne regulacije vetroparka Gornjak na teritoriji ove op\u0161tine\" \/>\n<meta name=\"robots\" content=\"index, follow, max-snippet:-1, max-image-preview:large, max-video-preview:-1\" \/>\n<link rel=\"canonical\" href=\"https:\/\/balkangreenenergynews.com\/rs\/u-opstini-zagubica-planira-se-vetropark-snage-200-mw\/\" \/>\n<meta property=\"og:locale\" content=\"sr_RS\" \/>\n<meta property=\"og:type\" content=\"article\" \/>\n<meta property=\"og:title\" content=\"U op\u0161tini \u017dagubica planira se vetropark snage 200 MW\" \/>\n<meta property=\"og:description\" content=\"Op\u0161tina \u017dagubica odlu\u010dila je da pokrene izradu Plana detaljne regulacije vetroparka Gornjak na teritoriji ove op\u0161tine\" \/>\n<meta property=\"og:url\" content=\"https:\/\/balkangreenenergynews.com\/rs\/u-opstini-zagubica-planira-se-vetropark-snage-200-mw\/\" \/>\n<meta property=\"og:site_name\" content=\"Balkan Green Energy News\" \/>\n<meta property=\"article:published_time\" content=\"2021-11-25T17:11:34+00:00\" \/>\n<meta property=\"article:modified_time\" content=\"2021-11-26T11:27:27+00:00\" \/>\n<meta property=\"og:image\" content=\"https:\/\/balkangreenenergynews.com\/rs\/wp-content\/uploads\/2021\/11\/zagubica-plan-detaljne-regulacije-vetropark-gornjak.jpg\" \/>\n\t<meta property=\"og:image:width\" content=\"840\" \/>\n\t<meta property=\"og:image:height\" content=\"430\" \/>\n\t<meta property=\"og:image:type\" content=\"image\/jpeg\" \/>\n<meta name=\"author\" content=\"Vladimir Spasi\u0107\" \/>\n<meta name=\"twitter:card\" content=\"summary_large_image\" \/>\n<meta name=\"twitter:label1\" content=\"\u041d\u0430\u043f\u0438\u0441\u0430\u043d\u043e \u043e\u0434\" \/>\n\t<meta name=\"twitter:data1\" content=\"Vladimir Spasi\u0107\" \/>\n\t<meta name=\"twitter:label2\" content=\"\u041f\u0440\u043e\u0446\u0435\u045a\u0435\u043d\u043e \u0432\u0440\u0435\u043c\u0435 \u0447\u0438\u0442\u0430\u045a\u0430\" \/>\n\t<meta name=\"twitter:data2\" content=\"1 \u043c\u0438\u043d\u0443\u0442\" \/>\n<script type=\"application\/ld+json\" class=\"yoast-schema-graph\">{\"@context\":\"https:\\\/\\\/schema.org\",\"@graph\":[{\"@type\":\"Article\",\"@id\":\"https:\\\/\\\/balkangreenenergynews.com\\\/rs\\\/u-opstini-zagubica-planira-se-vetropark-snage-200-mw\\\/#article\",\"isPartOf\":{\"@id\":\"https:\\\/\\\/balkangreenenergynews.com\\\/rs\\\/u-opstini-zagubica-planira-se-vetropark-snage-200-mw\\\/\"},\"author\":{\"name\":\"Vladimir Spasi\u0107\",\"@id\":\"https:\\\/\\\/balkangreenenergynews.com\\\/rs\\\/#\\\/schema\\\/person\\\/99dc721c46113fea22caffad06ef7317\"},\"headline\":\"U op\u0161tini \u017dagubica planira se vetropark snage 200 MW\",\"datePublished\":\"2021-11-25T17:11:34+00:00\",\"dateModified\":\"2021-11-26T11:27:27+00:00\",\"mainEntityOfPage\":{\"@id\":\"https:\\\/\\\/balkangreenenergynews.com\\\/rs\\\/u-opstini-zagubica-planira-se-vetropark-snage-200-mw\\\/\"},\"wordCount\":254,\"commentCount\":0,\"image\":{\"@id\":\"https:\\\/\\\/balkangreenenergynews.com\\\/rs\\\/u-opstini-zagubica-planira-se-vetropark-snage-200-mw\\\/#primaryimage\"},\"thumbnailUrl\":\"https:\\\/\\\/balkangreenenergynews.com\\\/rs\\\/wp-content\\\/uploads\\\/2021\\\/11\\\/zagubica-plan-detaljne-regulacije-vetropark-gornjak.jpg?wsr\",\"keywords\":[\"investicija\",\"procena uticaja na \u017eivotnu sredinu\",\"vetropark\"],\"articleSection\":[\"Elektri\u010dna energija\",\"OIE\"],\"inLanguage\":\"sr-RS\",\"potentialAction\":[{\"@type\":\"CommentAction\",\"name\":\"Comment\",\"target\":[\"https:\\\/\\\/balkangreenenergynews.com\\\/rs\\\/u-opstini-zagubica-planira-se-vetropark-snage-200-mw\\\/#respond\"]}]},{\"@type\":\"WebPage\",\"@id\":\"https:\\\/\\\/balkangreenenergynews.com\\\/rs\\\/u-opstini-zagubica-planira-se-vetropark-snage-200-mw\\\/\",\"url\":\"https:\\\/\\\/balkangreenenergynews.com\\\/rs\\\/u-opstini-zagubica-planira-se-vetropark-snage-200-mw\\\/\",\"name\":\"U op\u0161tini \u017dagubica planira se vetropark snage 200 MW\",\"isPartOf\":{\"@id\":\"https:\\\/\\\/balkangreenenergynews.com\\\/rs\\\/#website\"},\"primaryImageOfPage\":{\"@id\":\"https:\\\/\\\/balkangreenenergynews.com\\\/rs\\\/u-opstini-zagubica-planira-se-vetropark-snage-200-mw\\\/#primaryimage\"},\"image\":{\"@id\":\"https:\\\/\\\/balkangreenenergynews.com\\\/rs\\\/u-opstini-zagubica-planira-se-vetropark-snage-200-mw\\\/#primaryimage\"},\"thumbnailUrl\":\"https:\\\/\\\/balkangreenenergynews.com\\\/rs\\\/wp-content\\\/uploads\\\/2021\\\/11\\\/zagubica-plan-detaljne-regulacije-vetropark-gornjak.jpg?wsr\",\"datePublished\":\"2021-11-25T17:11:34+00:00\",\"dateModified\":\"2021-11-26T11:27:27+00:00\",\"author\":{\"@id\":\"https:\\\/\\\/balkangreenenergynews.com\\\/rs\\\/#\\\/schema\\\/person\\\/99dc721c46113fea22caffad06ef7317\"},\"description\":\"Op\u0161tina \u017dagubica odlu\u010dila je da pokrene izradu Plana detaljne regulacije vetroparka Gornjak na teritoriji ove op\u0161tine\",\"breadcrumb\":{\"@id\":\"https:\\\/\\\/balkangreenenergynews.com\\\/rs\\\/u-opstini-zagubica-planira-se-vetropark-snage-200-mw\\\/#breadcrumb\"},\"inLanguage\":\"sr-RS\",\"potentialAction\":[{\"@type\":\"ReadAction\",\"target\":[\"https:\\\/\\\/balkangreenenergynews.com\\\/rs\\\/u-opstini-zagubica-planira-se-vetropark-snage-200-mw\\\/\"]}]},{\"@type\":\"ImageObject\",\"inLanguage\":\"sr-RS\",\"@id\":\"https:\\\/\\\/balkangreenenergynews.com\\\/rs\\\/u-opstini-zagubica-planira-se-vetropark-snage-200-mw\\\/#primaryimage\",\"url\":\"https:\\\/\\\/balkangreenenergynews.com\\\/rs\\\/wp-content\\\/uploads\\\/2021\\\/11\\\/zagubica-plan-detaljne-regulacije-vetropark-gornjak.jpg?wsr\",\"contentUrl\":\"https:\\\/\\\/balkangreenenergynews.com\\\/rs\\\/wp-content\\\/uploads\\\/2021\\\/11\\\/zagubica-plan-detaljne-regulacije-vetropark-gornjak.jpg?wsr\",\"width\":840,\"height\":430,\"caption\":\"zagubica plan detaljne regulacije vetropark gornjak\"},{\"@type\":\"BreadcrumbList\",\"@id\":\"https:\\\/\\\/balkangreenenergynews.com\\\/rs\\\/u-opstini-zagubica-planira-se-vetropark-snage-200-mw\\\/#breadcrumb\",\"itemListElement\":[{\"@type\":\"ListItem\",\"position\":1,\"name\":\"Po\u010detna\",\"item\":\"https:\\\/\\\/balkangreenenergynews.com\\\/rs\\\/\"},{\"@type\":\"ListItem\",\"position\":2,\"name\":\"Vesti\",\"item\":\"https:\\\/\\\/balkangreenenergynews.com\\\/rs\\\/kategorija\\\/vesti\\\/\"},{\"@type\":\"ListItem\",\"position\":3,\"name\":\"OIE\",\"item\":\"https:\\\/\\\/balkangreenenergynews.com\\\/rs\\\/kategorija\\\/vesti\\\/obnovljivi-izvori-energije\\\/\"},{\"@type\":\"ListItem\",\"position\":4,\"name\":\"U op\u0161tini \u017dagubica planira se vetropark snage 200 MW\"}]},{\"@type\":\"WebSite\",\"@id\":\"https:\\\/\\\/balkangreenenergynews.com\\\/rs\\\/#website\",\"url\":\"https:\\\/\\\/balkangreenenergynews.com\\\/rs\\\/\",\"name\":\"Balkan Green Energy News\",\"description\":\"Naj\u0161iri izbor vesti sa Balkana o zelenoj energiji\",\"potentialAction\":[{\"@type\":\"SearchAction\",\"target\":{\"@type\":\"EntryPoint\",\"urlTemplate\":\"https:\\\/\\\/balkangreenenergynews.com\\\/rs\\\/?s={search_term_string}\"},\"query-input\":{\"@type\":\"PropertyValueSpecification\",\"valueRequired\":true,\"valueName\":\"search_term_string\"}}],\"inLanguage\":\"sr-RS\"},{\"@type\":\"Person\",\"@id\":\"https:\\\/\\\/balkangreenenergynews.com\\\/rs\\\/#\\\/schema\\\/person\\\/99dc721c46113fea22caffad06ef7317\",\"name\":\"Vladimir Spasi\u0107\",\"url\":\"https:\\\/\\\/balkangreenenergynews.com\\\/rs\\\/author\\\/vladimir-spasic\\\/\"}]}<\/script>\n<!-- \/ Yoast SEO plugin. -->","yoast_head_json":{"title":"U op\u0161tini \u017dagubica planira se vetropark snage 200 MW","description":"Op\u0161tina \u017dagubica odlu\u010dila je da pokrene izradu Plana detaljne regulacije vetroparka Gornjak na teritoriji ove op\u0161tine","robots":{"index":"index","follow":"follow","max-snippet":"max-snippet:-1","max-image-preview":"max-image-preview:large","max-video-preview":"max-video-preview:-1"},"canonical":"https:\/\/balkangreenenergynews.com\/rs\/u-opstini-zagubica-planira-se-vetropark-snage-200-mw\/","og_locale":"sr_RS","og_type":"article","og_title":"U op\u0161tini \u017dagubica planira se vetropark snage 200 MW","og_description":"Op\u0161tina \u017dagubica odlu\u010dila je da pokrene izradu Plana detaljne regulacije vetroparka Gornjak na teritoriji ove op\u0161tine","og_url":"https:\/\/balkangreenenergynews.com\/rs\/u-opstini-zagubica-planira-se-vetropark-snage-200-mw\/","og_site_name":"Balkan Green Energy News","article_published_time":"2021-11-25T17:11:34+00:00","article_modified_time":"2021-11-26T11:27:27+00:00","og_image":[{"width":840,"height":430,"url":"https:\/\/balkangreenenergynews.com\/rs\/wp-content\/uploads\/2021\/11\/zagubica-plan-detaljne-regulacije-vetropark-gornjak.jpg","type":"image\/jpeg"}],"author":"Vladimir Spasi\u0107","twitter_card":"summary_large_image","twitter_misc":{"\u041d\u0430\u043f\u0438\u0441\u0430\u043d\u043e \u043e\u0434":"Vladimir Spasi\u0107","\u041f\u0440\u043e\u0446\u0435\u045a\u0435\u043d\u043e \u0432\u0440\u0435\u043c\u0435 \u0447\u0438\u0442\u0430\u045a\u0430":"1 \u043c\u0438\u043d\u0443\u0442"},"schema":{"@context":"https:\/\/schema.org","@graph":[{"@type":"Article","@id":"https:\/\/balkangreenenergynews.com\/rs\/u-opstini-zagubica-planira-se-vetropark-snage-200-mw\/#article","isPartOf":{"@id":"https:\/\/balkangreenenergynews.com\/rs\/u-opstini-zagubica-planira-se-vetropark-snage-200-mw\/"},"author":{"name":"Vladimir Spasi\u0107","@id":"https:\/\/balkangreenenergynews.com\/rs\/#\/schema\/person\/99dc721c46113fea22caffad06ef7317"},"headline":"U op\u0161tini \u017dagubica planira se vetropark snage 200 MW","datePublished":"2021-11-25T17:11:34+00:00","dateModified":"2021-11-26T11:27:27+00:00","mainEntityOfPage":{"@id":"https:\/\/balkangreenenergynews.com\/rs\/u-opstini-zagubica-planira-se-vetropark-snage-200-mw\/"},"wordCount":254,"commentCount":0,"image":{"@id":"https:\/\/balkangreenenergynews.com\/rs\/u-opstini-zagubica-planira-se-vetropark-snage-200-mw\/#primaryimage"},"thumbnailUrl":"https:\/\/balkangreenenergynews.com\/rs\/wp-content\/uploads\/2021\/11\/zagubica-plan-detaljne-regulacije-vetropark-gornjak.jpg?wsr","keywords":["investicija","procena uticaja na \u017eivotnu sredinu","vetropark"],"articleSection":["Elektri\u010dna energija","OIE"],"inLanguage":"sr-RS","potentialAction":[{"@type":"CommentAction","name":"Comment","target":["https:\/\/balkangreenenergynews.com\/rs\/u-opstini-zagubica-planira-se-vetropark-snage-200-mw\/#respond"]}]},{"@type":"WebPage","@id":"https:\/\/balkangreenenergynews.com\/rs\/u-opstini-zagubica-planira-se-vetropark-snage-200-mw\/","url":"https:\/\/balkangreenenergynews.com\/rs\/u-opstini-zagubica-planira-se-vetropark-snage-200-mw\/","name":"U op\u0161tini \u017dagubica planira se vetropark snage 200 MW","isPartOf":{"@id":"https:\/\/balkangreenenergynews.com\/rs\/#website"},"primaryImageOfPage":{"@id":"https:\/\/balkangreenenergynews.com\/rs\/u-opstini-zagubica-planira-se-vetropark-snage-200-mw\/#primaryimage"},"image":{"@id":"https:\/\/balkangreenenergynews.com\/rs\/u-opstini-zagubica-planira-se-vetropark-snage-200-mw\/#primaryimage"},"thumbnailUrl":"https:\/\/balkangreenenergynews.com\/rs\/wp-content\/uploads\/2021\/11\/zagubica-plan-detaljne-regulacije-vetropark-gornjak.jpg?wsr","datePublished":"2021-11-25T17:11:34+00:00","dateModified":"2021-11-26T11:27:27+00:00","author":{"@id":"https:\/\/balkangreenenergynews.com\/rs\/#\/schema\/person\/99dc721c46113fea22caffad06ef7317"},"description":"Op\u0161tina \u017dagubica odlu\u010dila je da pokrene izradu Plana detaljne regulacije vetroparka Gornjak na teritoriji ove op\u0161tine","breadcrumb":{"@id":"https:\/\/balkangreenenergynews.com\/rs\/u-opstini-zagubica-planira-se-vetropark-snage-200-mw\/#breadcrumb"},"inLanguage":"sr-RS","potentialAction":[{"@type":"ReadAction","target":["https:\/\/balkangreenenergynews.com\/rs\/u-opstini-zagubica-planira-se-vetropark-snage-200-mw\/"]}]},{"@type":"ImageObject","inLanguage":"sr-RS","@id":"https:\/\/balkangreenenergynews.com\/rs\/u-opstini-zagubica-planira-se-vetropark-snage-200-mw\/#primaryimage","url":"https:\/\/balkangreenenergynews.com\/rs\/wp-content\/uploads\/2021\/11\/zagubica-plan-detaljne-regulacije-vetropark-gornjak.jpg?wsr","contentUrl":"https:\/\/balkangreenenergynews.com\/rs\/wp-content\/uploads\/2021\/11\/zagubica-plan-detaljne-regulacije-vetropark-gornjak.jpg?wsr","width":840,"height":430,"caption":"zagubica plan detaljne regulacije vetropark gornjak"},{"@type":"BreadcrumbList","@id":"https:\/\/balkangreenenergynews.com\/rs\/u-opstini-zagubica-planira-se-vetropark-snage-200-mw\/#breadcrumb","itemListElement":[{"@type":"ListItem","position":1,"name":"Po\u010detna","item":"https:\/\/balkangreenenergynews.com\/rs\/"},{"@type":"ListItem","position":2,"name":"Vesti","item":"https:\/\/balkangreenenergynews.com\/rs\/kategorija\/vesti\/"},{"@type":"ListItem","position":3,"name":"OIE","item":"https:\/\/balkangreenenergynews.com\/rs\/kategorija\/vesti\/obnovljivi-izvori-energije\/"},{"@type":"ListItem","position":4,"name":"U op\u0161tini \u017dagubica planira se vetropark snage 200 MW"}]},{"@type":"WebSite","@id":"https:\/\/balkangreenenergynews.com\/rs\/#website","url":"https:\/\/balkangreenenergynews.com\/rs\/","name":"Balkan Green Energy News","description":"Naj\u0161iri izbor vesti sa Balkana o zelenoj energiji","potentialAction":[{"@type":"SearchAction","target":{"@type":"EntryPoint","urlTemplate":"https:\/\/balkangreenenergynews.com\/rs\/?s={search_term_string}"},"query-input":{"@type":"PropertyValueSpecification","valueRequired":true,"valueName":"search_term_string"}}],"inLanguage":"sr-RS"},{"@type":"Person","@id":"https:\/\/balkangreenenergynews.com\/rs\/#\/schema\/person\/99dc721c46113fea22caffad06ef7317","name":"Vladimir Spasi\u0107","url":"https:\/\/balkangreenenergynews.com\/rs\/author\/vladimir-spasic\/"}]}},"_links":{"self":[{"href":"https:\/\/balkangreenenergynews.com\/rs\/wp-json\/wp\/v2\/posts\/43607","targetHints":{"allow":["GET"]}}],"collection":[{"href":"https:\/\/balkangreenenergynews.com\/rs\/wp-json\/wp\/v2\/posts"}],"about":[{"href":"https:\/\/balkangreenenergynews.com\/rs\/wp-json\/wp\/v2\/types\/post"}],"author":[{"embeddable":true,"href":"https:\/\/balkangreenenergynews.com\/rs\/wp-json\/wp\/v2\/users\/23"}],"replies":[{"embeddable":true,"href":"https:\/\/balkangreenenergynews.com\/rs\/wp-json\/wp\/v2\/comments?post=43607"}],"version-history":[{"count":0,"href":"https:\/\/balkangreenenergynews.com\/rs\/wp-json\/wp\/v2\/posts\/43607\/revisions"}],"wp:featuredmedia":[{"embeddable":true,"href":"https:\/\/balkangreenenergynews.com\/rs\/wp-json\/wp\/v2\/media\/43622"}],"wp:attachment":[{"href":"https:\/\/balkangreenenergynews.com\/rs\/wp-json\/wp\/v2\/media?parent=43607"}],"wp:term":[{"taxonomy":"category","embeddable":true,"href":"https:\/\/balkangreenenergynews.com\/rs\/wp-json\/wp\/v2\/categories?post=43607"},{"taxonomy":"post_tag","embeddable":true,"href":"https:\/\/balkangreenenergynews.com\/rs\/wp-json\/wp\/v2\/tags?post=43607"}],"curies":[{"name":"wp","href":"https:\/\/api.w.org\/{rel}","templated":true}]}}