{"id":43168,"date":"2021-11-10T17:36:22","date_gmt":"2021-11-10T16:36:22","guid":{"rendered":"https:\/\/balkangreenenergynews.com\/rs\/?p=43168"},"modified":"2022-03-17T11:25:54","modified_gmt":"2022-03-17T10:25:54","slug":"severna-makedonija-proglasila-stanje-energetske-krize","status":"publish","type":"post","link":"https:\/\/balkangreenenergynews.com\/rs\/severna-makedonija-proglasila-stanje-energetske-krize\/","title":{"rendered":"Severna Makedonija proglasila stanje energetske krize\u00a0"},"content":{"rendered":"<h2>Vlada Severne Makedonije proglasila je stanje energetske krize kako bi obezbedila redovno snabdevanje elektri\u010dnom energijom potro\u0161a\u010da u zemlji. Odluka \u0107e va\u017eiti 30 dana.<\/h2>\n<p>Stanje energetske krize progla\u0161eno je zbog nedostatka elektri\u010dne energije na domac\u0301em tr\u017ei\u0161tu uzrokovanog povremenim prekidima u radu najve\u0107ih termoelektrana, zatim zbog nedostatka uglja za njihov rad i zbog nedovoljnih rezervi za slu\u010daj nepredvi\u0111enih problema u proizvodnji elektri\u010dne energije, saop\u0161tila je Vlada.<\/p>\n<p>Razlozi koji su navedeni, kako je re\u010deno, mogli bi da naru\u0161e stabilnost elektroenergetskog sistema u zemlji.<\/p>\n<blockquote><p>Dr\u017eavne kompanije ESM i MEPSO dobic\u0301e 65 miliona evra za uvoz elektr\u010dne energije<\/p><\/blockquote>\n<p>Odluka Vlade omoguc\u0301ava preduzimanje vi\u0161e mera, me\u0111u kojima je i finansijska intervencija za kupovinu dodatnih koli\u010dina elektri\u010dne energije, a utvr\u0111uju se i prava i obaveze dr\u017eavnih energetskih kompanija: proizvo\u0111a\u010da elektri\u010dne energije Elektrani na Severna Makedonija (ESM) i operatora prenosnog sistema MEPSO.<\/p>\n<p>Odluka Vlade, kako je ranije <a href=\"https:\/\/balkangreenenergynews.com\/rs\/severna-makedonija-planira-da-proglasi-stanje-energetske-krize\/\">rekao<\/a> ministar ekonomije Kre\u0161nik Bekte\u0161i, u su\u0161tini ima za cilj da omoguc\u0301i transfer bud\u017eetskih sredstava ovim firmama.<\/p>\n<p>Procenjuje se da c\u0301e dve kompanije imati na raspolaganju 65 miliona evra, uglavnom za uvoz elektri\u010dne energije, prenose lokalni mediji.<\/p>\n<blockquote><p>Vlada priprema mere za pomoc\u0301 najsiroma\u0161nijim potro\u0161a\u010dima<\/p><\/blockquote>\n<p>ESM je, kako se navodi u odluci, du\u017ean da u roku od 15 dana dostavi paket mera za suzbijanje energetske krize. Tako\u0111e, Ministarstvo rada i socijalne politike c\u0301e, u koordinaciji sa Ministarstvom privrede, pripremiti mere za za\u0161titu potro\u0161a\u010da koji spadaju u socijalno ugro\u017eene kategorije.<\/p>\n<p>Vlada je zatra\u017eila i od Ministarstva privrede da predlo\u017ei re\u0161enje prema kojem bi dr\u017eavne institucije nabavljale struju od ESM-a po ni\u017eim cenama od onih na tr\u017ei\u0161tu.<\/p>\n","protected":false},"excerpt":{"rendered":"<p>Dr\u017eavna elektroprivreda ESM du\u017ena je da u roku od 15 dana dostavi paket mera za suzbijanje energetske krize<\/p>\n","protected":false},"author":23,"featured_media":43167,"comment_status":"open","ping_status":"open","sticky":false,"template":"","format":"standard","meta":{"_acf_changed":false,"_monsterinsights_skip_tracking":false,"_monsterinsights_sitenote_active":false,"_monsterinsights_sitenote_note":"","_monsterinsights_sitenote_category":0,"footnotes":""},"categories":[504,6295],"tags":[6177,5232,3708,310],"class_list":["post-43168","post","type-post","status-publish","format-standard","has-post-thumbnail","hentry","category-elektricna-energija","category-energetska-kriza","tag-energetska-kriza","tag-esm","tag-kresnik-bektesi","tag-mepso","country-makedonija"],"acf":[],"yoast_head":"<!-- This site is optimized with the Yoast SEO plugin v27.4 - https:\/\/yoast.com\/product\/yoast-seo-wordpress\/ -->\n<title>Severna Makedonija proglasila stanje energetske krize\u00a0<\/title>\n<meta name=\"description\" content=\"Dr\u017eavna elektroprivreda ESM du\u017ena je da u roku od 15 dana dostavi paket mera za suzbijanje energetske krize\" \/>\n<meta name=\"robots\" content=\"index, follow, max-snippet:-1, max-image-preview:large, max-video-preview:-1\" \/>\n<link rel=\"canonical\" href=\"https:\/\/balkangreenenergynews.com\/rs\/severna-makedonija-proglasila-stanje-energetske-krize\/\" \/>\n<meta property=\"og:locale\" content=\"sr_RS\" \/>\n<meta property=\"og:type\" content=\"article\" \/>\n<meta property=\"og:title\" content=\"Severna Makedonija proglasila stanje energetske krize\u00a0\" \/>\n<meta property=\"og:description\" content=\"Dr\u017eavna elektroprivreda ESM du\u017ena je da u roku od 15 dana dostavi paket mera za suzbijanje energetske krize\" \/>\n<meta property=\"og:url\" content=\"https:\/\/balkangreenenergynews.com\/rs\/severna-makedonija-proglasila-stanje-energetske-krize\/\" \/>\n<meta property=\"og:site_name\" content=\"Balkan Green Energy News\" \/>\n<meta property=\"article:published_time\" content=\"2021-11-10T16:36:22+00:00\" \/>\n<meta property=\"article:modified_time\" content=\"2022-03-17T10:25:54+00:00\" \/>\n<meta property=\"og:image\" content=\"https:\/\/balkangreenenergynews.com\/rs\/wp-content\/uploads\/2021\/11\/Severna-Makedonija-proglasila-stanje-energetske-krize.jpg\" \/>\n\t<meta property=\"og:image:width\" content=\"840\" \/>\n\t<meta property=\"og:image:height\" content=\"430\" \/>\n\t<meta property=\"og:image:type\" content=\"image\/jpeg\" \/>\n<meta name=\"author\" content=\"Vladimir Spasi\u0107\" \/>\n<meta name=\"twitter:card\" content=\"summary_large_image\" \/>\n<meta name=\"twitter:label1\" content=\"\u041d\u0430\u043f\u0438\u0441\u0430\u043d\u043e \u043e\u0434\" \/>\n\t<meta name=\"twitter:data1\" content=\"Vladimir Spasi\u0107\" \/>\n\t<meta name=\"twitter:label2\" content=\"\u041f\u0440\u043e\u0446\u0435\u045a\u0435\u043d\u043e \u0432\u0440\u0435\u043c\u0435 \u0447\u0438\u0442\u0430\u045a\u0430\" \/>\n\t<meta name=\"twitter:data2\" content=\"2 \u043c\u0438\u043d\u0443\u0442\u0430\" \/>\n<script type=\"application\/ld+json\" class=\"yoast-schema-graph\">{\"@context\":\"https:\\\/\\\/schema.org\",\"@graph\":[{\"@type\":\"Article\",\"@id\":\"https:\\\/\\\/balkangreenenergynews.com\\\/rs\\\/severna-makedonija-proglasila-stanje-energetske-krize\\\/#article\",\"isPartOf\":{\"@id\":\"https:\\\/\\\/balkangreenenergynews.com\\\/rs\\\/severna-makedonija-proglasila-stanje-energetske-krize\\\/\"},\"author\":{\"name\":\"Vladimir Spasi\u0107\",\"@id\":\"https:\\\/\\\/balkangreenenergynews.com\\\/rs\\\/#\\\/schema\\\/person\\\/99dc721c46113fea22caffad06ef7317\"},\"headline\":\"Severna Makedonija proglasila stanje energetske krize\u00a0\",\"datePublished\":\"2021-11-10T16:36:22+00:00\",\"dateModified\":\"2022-03-17T10:25:54+00:00\",\"mainEntityOfPage\":{\"@id\":\"https:\\\/\\\/balkangreenenergynews.com\\\/rs\\\/severna-makedonija-proglasila-stanje-energetske-krize\\\/\"},\"wordCount\":308,\"commentCount\":0,\"image\":{\"@id\":\"https:\\\/\\\/balkangreenenergynews.com\\\/rs\\\/severna-makedonija-proglasila-stanje-energetske-krize\\\/#primaryimage\"},\"thumbnailUrl\":\"https:\\\/\\\/balkangreenenergynews.com\\\/rs\\\/wp-content\\\/uploads\\\/2021\\\/11\\\/Severna-Makedonija-proglasila-stanje-energetske-krize.jpg?wsr\",\"keywords\":[\"energetska kriza\",\"ESM\",\"Kre\u0161nik Bekte\u0161i\",\"MEPSO\"],\"articleSection\":[\"Elektri\u010dna energija\",\"Energetska kriza\"],\"inLanguage\":\"sr-RS\",\"potentialAction\":[{\"@type\":\"CommentAction\",\"name\":\"Comment\",\"target\":[\"https:\\\/\\\/balkangreenenergynews.com\\\/rs\\\/severna-makedonija-proglasila-stanje-energetske-krize\\\/#respond\"]}]},{\"@type\":\"WebPage\",\"@id\":\"https:\\\/\\\/balkangreenenergynews.com\\\/rs\\\/severna-makedonija-proglasila-stanje-energetske-krize\\\/\",\"url\":\"https:\\\/\\\/balkangreenenergynews.com\\\/rs\\\/severna-makedonija-proglasila-stanje-energetske-krize\\\/\",\"name\":\"Severna Makedonija proglasila stanje energetske krize\u00a0\",\"isPartOf\":{\"@id\":\"https:\\\/\\\/balkangreenenergynews.com\\\/rs\\\/#website\"},\"primaryImageOfPage\":{\"@id\":\"https:\\\/\\\/balkangreenenergynews.com\\\/rs\\\/severna-makedonija-proglasila-stanje-energetske-krize\\\/#primaryimage\"},\"image\":{\"@id\":\"https:\\\/\\\/balkangreenenergynews.com\\\/rs\\\/severna-makedonija-proglasila-stanje-energetske-krize\\\/#primaryimage\"},\"thumbnailUrl\":\"https:\\\/\\\/balkangreenenergynews.com\\\/rs\\\/wp-content\\\/uploads\\\/2021\\\/11\\\/Severna-Makedonija-proglasila-stanje-energetske-krize.jpg?wsr\",\"datePublished\":\"2021-11-10T16:36:22+00:00\",\"dateModified\":\"2022-03-17T10:25:54+00:00\",\"author\":{\"@id\":\"https:\\\/\\\/balkangreenenergynews.com\\\/rs\\\/#\\\/schema\\\/person\\\/99dc721c46113fea22caffad06ef7317\"},\"description\":\"Dr\u017eavna elektroprivreda ESM du\u017ena je da u roku od 15 dana dostavi paket mera za suzbijanje energetske krize\",\"breadcrumb\":{\"@id\":\"https:\\\/\\\/balkangreenenergynews.com\\\/rs\\\/severna-makedonija-proglasila-stanje-energetske-krize\\\/#breadcrumb\"},\"inLanguage\":\"sr-RS\",\"potentialAction\":[{\"@type\":\"ReadAction\",\"target\":[\"https:\\\/\\\/balkangreenenergynews.com\\\/rs\\\/severna-makedonija-proglasila-stanje-energetske-krize\\\/\"]}]},{\"@type\":\"ImageObject\",\"inLanguage\":\"sr-RS\",\"@id\":\"https:\\\/\\\/balkangreenenergynews.com\\\/rs\\\/severna-makedonija-proglasila-stanje-energetske-krize\\\/#primaryimage\",\"url\":\"https:\\\/\\\/balkangreenenergynews.com\\\/rs\\\/wp-content\\\/uploads\\\/2021\\\/11\\\/Severna-Makedonija-proglasila-stanje-energetske-krize.jpg?wsr\",\"contentUrl\":\"https:\\\/\\\/balkangreenenergynews.com\\\/rs\\\/wp-content\\\/uploads\\\/2021\\\/11\\\/Severna-Makedonija-proglasila-stanje-energetske-krize.jpg?wsr\",\"width\":840,\"height\":430,\"caption\":\"Severna Makedonija proglasila stanje energetske krize\"},{\"@type\":\"BreadcrumbList\",\"@id\":\"https:\\\/\\\/balkangreenenergynews.com\\\/rs\\\/severna-makedonija-proglasila-stanje-energetske-krize\\\/#breadcrumb\",\"itemListElement\":[{\"@type\":\"ListItem\",\"position\":1,\"name\":\"Po\u010detna\",\"item\":\"https:\\\/\\\/balkangreenenergynews.com\\\/rs\\\/\"},{\"@type\":\"ListItem\",\"position\":2,\"name\":\"Vesti\",\"item\":\"https:\\\/\\\/balkangreenenergynews.com\\\/rs\\\/kategorija\\\/vesti\\\/\"},{\"@type\":\"ListItem\",\"position\":3,\"name\":\"Elektri\u010dna energija\",\"item\":\"https:\\\/\\\/balkangreenenergynews.com\\\/rs\\\/kategorija\\\/vesti\\\/elektricna-energija\\\/\"},{\"@type\":\"ListItem\",\"position\":4,\"name\":\"Severna Makedonija proglasila stanje energetske krize\u00a0\"}]},{\"@type\":\"WebSite\",\"@id\":\"https:\\\/\\\/balkangreenenergynews.com\\\/rs\\\/#website\",\"url\":\"https:\\\/\\\/balkangreenenergynews.com\\\/rs\\\/\",\"name\":\"Balkan Green Energy News\",\"description\":\"Naj\u0161iri izbor vesti sa Balkana o zelenoj energiji\",\"potentialAction\":[{\"@type\":\"SearchAction\",\"target\":{\"@type\":\"EntryPoint\",\"urlTemplate\":\"https:\\\/\\\/balkangreenenergynews.com\\\/rs\\\/?s={search_term_string}\"},\"query-input\":{\"@type\":\"PropertyValueSpecification\",\"valueRequired\":true,\"valueName\":\"search_term_string\"}}],\"inLanguage\":\"sr-RS\"},{\"@type\":\"Person\",\"@id\":\"https:\\\/\\\/balkangreenenergynews.com\\\/rs\\\/#\\\/schema\\\/person\\\/99dc721c46113fea22caffad06ef7317\",\"name\":\"Vladimir Spasi\u0107\",\"url\":\"https:\\\/\\\/balkangreenenergynews.com\\\/rs\\\/author\\\/vladimir-spasic\\\/\"}]}<\/script>\n<!-- \/ Yoast SEO plugin. -->","yoast_head_json":{"title":"Severna Makedonija proglasila stanje energetske krize\u00a0","description":"Dr\u017eavna elektroprivreda ESM du\u017ena je da u roku od 15 dana dostavi paket mera za suzbijanje energetske krize","robots":{"index":"index","follow":"follow","max-snippet":"max-snippet:-1","max-image-preview":"max-image-preview:large","max-video-preview":"max-video-preview:-1"},"canonical":"https:\/\/balkangreenenergynews.com\/rs\/severna-makedonija-proglasila-stanje-energetske-krize\/","og_locale":"sr_RS","og_type":"article","og_title":"Severna Makedonija proglasila stanje energetske krize\u00a0","og_description":"Dr\u017eavna elektroprivreda ESM du\u017ena je da u roku od 15 dana dostavi paket mera za suzbijanje energetske krize","og_url":"https:\/\/balkangreenenergynews.com\/rs\/severna-makedonija-proglasila-stanje-energetske-krize\/","og_site_name":"Balkan Green Energy News","article_published_time":"2021-11-10T16:36:22+00:00","article_modified_time":"2022-03-17T10:25:54+00:00","og_image":[{"width":840,"height":430,"url":"https:\/\/balkangreenenergynews.com\/rs\/wp-content\/uploads\/2021\/11\/Severna-Makedonija-proglasila-stanje-energetske-krize.jpg","type":"image\/jpeg"}],"author":"Vladimir Spasi\u0107","twitter_card":"summary_large_image","twitter_misc":{"\u041d\u0430\u043f\u0438\u0441\u0430\u043d\u043e \u043e\u0434":"Vladimir Spasi\u0107","\u041f\u0440\u043e\u0446\u0435\u045a\u0435\u043d\u043e \u0432\u0440\u0435\u043c\u0435 \u0447\u0438\u0442\u0430\u045a\u0430":"2 \u043c\u0438\u043d\u0443\u0442\u0430"},"schema":{"@context":"https:\/\/schema.org","@graph":[{"@type":"Article","@id":"https:\/\/balkangreenenergynews.com\/rs\/severna-makedonija-proglasila-stanje-energetske-krize\/#article","isPartOf":{"@id":"https:\/\/balkangreenenergynews.com\/rs\/severna-makedonija-proglasila-stanje-energetske-krize\/"},"author":{"name":"Vladimir Spasi\u0107","@id":"https:\/\/balkangreenenergynews.com\/rs\/#\/schema\/person\/99dc721c46113fea22caffad06ef7317"},"headline":"Severna Makedonija proglasila stanje energetske krize\u00a0","datePublished":"2021-11-10T16:36:22+00:00","dateModified":"2022-03-17T10:25:54+00:00","mainEntityOfPage":{"@id":"https:\/\/balkangreenenergynews.com\/rs\/severna-makedonija-proglasila-stanje-energetske-krize\/"},"wordCount":308,"commentCount":0,"image":{"@id":"https:\/\/balkangreenenergynews.com\/rs\/severna-makedonija-proglasila-stanje-energetske-krize\/#primaryimage"},"thumbnailUrl":"https:\/\/balkangreenenergynews.com\/rs\/wp-content\/uploads\/2021\/11\/Severna-Makedonija-proglasila-stanje-energetske-krize.jpg?wsr","keywords":["energetska kriza","ESM","Kre\u0161nik Bekte\u0161i","MEPSO"],"articleSection":["Elektri\u010dna energija","Energetska kriza"],"inLanguage":"sr-RS","potentialAction":[{"@type":"CommentAction","name":"Comment","target":["https:\/\/balkangreenenergynews.com\/rs\/severna-makedonija-proglasila-stanje-energetske-krize\/#respond"]}]},{"@type":"WebPage","@id":"https:\/\/balkangreenenergynews.com\/rs\/severna-makedonija-proglasila-stanje-energetske-krize\/","url":"https:\/\/balkangreenenergynews.com\/rs\/severna-makedonija-proglasila-stanje-energetske-krize\/","name":"Severna Makedonija proglasila stanje energetske krize\u00a0","isPartOf":{"@id":"https:\/\/balkangreenenergynews.com\/rs\/#website"},"primaryImageOfPage":{"@id":"https:\/\/balkangreenenergynews.com\/rs\/severna-makedonija-proglasila-stanje-energetske-krize\/#primaryimage"},"image":{"@id":"https:\/\/balkangreenenergynews.com\/rs\/severna-makedonija-proglasila-stanje-energetske-krize\/#primaryimage"},"thumbnailUrl":"https:\/\/balkangreenenergynews.com\/rs\/wp-content\/uploads\/2021\/11\/Severna-Makedonija-proglasila-stanje-energetske-krize.jpg?wsr","datePublished":"2021-11-10T16:36:22+00:00","dateModified":"2022-03-17T10:25:54+00:00","author":{"@id":"https:\/\/balkangreenenergynews.com\/rs\/#\/schema\/person\/99dc721c46113fea22caffad06ef7317"},"description":"Dr\u017eavna elektroprivreda ESM du\u017ena je da u roku od 15 dana dostavi paket mera za suzbijanje energetske krize","breadcrumb":{"@id":"https:\/\/balkangreenenergynews.com\/rs\/severna-makedonija-proglasila-stanje-energetske-krize\/#breadcrumb"},"inLanguage":"sr-RS","potentialAction":[{"@type":"ReadAction","target":["https:\/\/balkangreenenergynews.com\/rs\/severna-makedonija-proglasila-stanje-energetske-krize\/"]}]},{"@type":"ImageObject","inLanguage":"sr-RS","@id":"https:\/\/balkangreenenergynews.com\/rs\/severna-makedonija-proglasila-stanje-energetske-krize\/#primaryimage","url":"https:\/\/balkangreenenergynews.com\/rs\/wp-content\/uploads\/2021\/11\/Severna-Makedonija-proglasila-stanje-energetske-krize.jpg?wsr","contentUrl":"https:\/\/balkangreenenergynews.com\/rs\/wp-content\/uploads\/2021\/11\/Severna-Makedonija-proglasila-stanje-energetske-krize.jpg?wsr","width":840,"height":430,"caption":"Severna Makedonija proglasila stanje energetske krize"},{"@type":"BreadcrumbList","@id":"https:\/\/balkangreenenergynews.com\/rs\/severna-makedonija-proglasila-stanje-energetske-krize\/#breadcrumb","itemListElement":[{"@type":"ListItem","position":1,"name":"Po\u010detna","item":"https:\/\/balkangreenenergynews.com\/rs\/"},{"@type":"ListItem","position":2,"name":"Vesti","item":"https:\/\/balkangreenenergynews.com\/rs\/kategorija\/vesti\/"},{"@type":"ListItem","position":3,"name":"Elektri\u010dna energija","item":"https:\/\/balkangreenenergynews.com\/rs\/kategorija\/vesti\/elektricna-energija\/"},{"@type":"ListItem","position":4,"name":"Severna Makedonija proglasila stanje energetske krize\u00a0"}]},{"@type":"WebSite","@id":"https:\/\/balkangreenenergynews.com\/rs\/#website","url":"https:\/\/balkangreenenergynews.com\/rs\/","name":"Balkan Green Energy News","description":"Naj\u0161iri izbor vesti sa Balkana o zelenoj energiji","potentialAction":[{"@type":"SearchAction","target":{"@type":"EntryPoint","urlTemplate":"https:\/\/balkangreenenergynews.com\/rs\/?s={search_term_string}"},"query-input":{"@type":"PropertyValueSpecification","valueRequired":true,"valueName":"search_term_string"}}],"inLanguage":"sr-RS"},{"@type":"Person","@id":"https:\/\/balkangreenenergynews.com\/rs\/#\/schema\/person\/99dc721c46113fea22caffad06ef7317","name":"Vladimir Spasi\u0107","url":"https:\/\/balkangreenenergynews.com\/rs\/author\/vladimir-spasic\/"}]}},"_links":{"self":[{"href":"https:\/\/balkangreenenergynews.com\/rs\/wp-json\/wp\/v2\/posts\/43168","targetHints":{"allow":["GET"]}}],"collection":[{"href":"https:\/\/balkangreenenergynews.com\/rs\/wp-json\/wp\/v2\/posts"}],"about":[{"href":"https:\/\/balkangreenenergynews.com\/rs\/wp-json\/wp\/v2\/types\/post"}],"author":[{"embeddable":true,"href":"https:\/\/balkangreenenergynews.com\/rs\/wp-json\/wp\/v2\/users\/23"}],"replies":[{"embeddable":true,"href":"https:\/\/balkangreenenergynews.com\/rs\/wp-json\/wp\/v2\/comments?post=43168"}],"version-history":[{"count":0,"href":"https:\/\/balkangreenenergynews.com\/rs\/wp-json\/wp\/v2\/posts\/43168\/revisions"}],"wp:featuredmedia":[{"embeddable":true,"href":"https:\/\/balkangreenenergynews.com\/rs\/wp-json\/wp\/v2\/media\/43167"}],"wp:attachment":[{"href":"https:\/\/balkangreenenergynews.com\/rs\/wp-json\/wp\/v2\/media?parent=43168"}],"wp:term":[{"taxonomy":"category","embeddable":true,"href":"https:\/\/balkangreenenergynews.com\/rs\/wp-json\/wp\/v2\/categories?post=43168"},{"taxonomy":"post_tag","embeddable":true,"href":"https:\/\/balkangreenenergynews.com\/rs\/wp-json\/wp\/v2\/tags?post=43168"}],"curies":[{"name":"wp","href":"https:\/\/api.w.org\/{rel}","templated":true}]}}