{"id":43026,"date":"2021-11-05T10:45:46","date_gmt":"2021-11-05T09:45:46","guid":{"rendered":"https:\/\/balkangreenenergynews.com\/rs\/?p=43026"},"modified":"2021-11-20T10:46:05","modified_gmt":"2021-11-20T09:46:05","slug":"knauf-ponovo-obecao-da-ce-investirati-u-zastitu-zivotne-sredine-u-surdulici","status":"publish","type":"post","link":"https:\/\/balkangreenenergynews.com\/rs\/knauf-ponovo-obecao-da-ce-investirati-u-zastitu-zivotne-sredine-u-surdulici\/","title":{"rendered":"Knauf ponovo obe\u0107ao da \u0107e investirati u za\u0161titu \u017eivotne sredine u Surdulici"},"content":{"rendered":"<h2>Posle niza protesta odr\u017eanih u Surdulici zbog zaga\u0111enja vazduha iz fabrike kamene vune Knauf, kompanija je primila predstavnike udru\u017eenja Udahni duboko i ponovila da \u0107e slede\u0107e godine u pogon ulo\u017eiti 19 miliona evra, uklju\u010duju\u0107i sisteme za pre\u010di\u0161\u0107avanje vode i vazduha i recikla\u017eu.<\/h2>\n<p>Gra\u0111ani Surdulice i okoline jo\u0161 od 2019. godine ukazuju na povremeno pojavljivanje crnog dima iz dimnjaka fabrike kamene vune Knauf Insulation u Belom Polju. Udru\u017eenje Udahni duboko predvodilo je ove godine nekoliko protesta za ostvarivanje prava na \u010dist vazduh, \u0161to je kona\u010dno dovelo do sastanka s predstavnicima nema\u010dke kompanije.<\/p>\n<p>Aktivisti su naveli da je napravljena &#8222;dobra odsko\u010dna daska za dalju borbu&#8220; i da ima &#8222;ogromnog pomaka&#8220; jer se firma obavezala da &#8222;dobar deo&#8220; investicija usmeri u za\u0161titu \u017eivotne sredine, ali da \u0107e rukovodstvo Knaufa morati da se suo\u010di s bolnim pitanjima. &#8222;Daleko od toga da smo do\u0161li do kona\u010dnog re\u0161enja i dogovora, jer kao \u0161to smo i do sad najavljivali, nema kompromisa dok god postoji zaga\u0111enje i negativan uticaj na zdravlje ljudi&#8220;, saop\u0161tilo je udru\u017eenje Udahni duboko.<\/p>\n<p><iframe loading=\"lazy\" title=\"\u041a\u043d\u0430\u0443\u0444 \u0421\u0443\u0440\u0434\u0443\u043b\u0438\u0446\u0430 \u0437\u0430\u0433\u0430\u0452\u0435\u045a\u0435 2021 | Knauf | Surdulitsa | polution | 2021\" width=\"500\" height=\"281\" src=\"https:\/\/www.youtube.com\/embed\/GwnCRl6ATZg?feature=oembed\" frameborder=\"0\" allow=\"accelerometer; autoplay; clipboard-write; encrypted-media; gyroscope; picture-in-picture; web-share\" referrerpolicy=\"strict-origin-when-cross-origin\" allowfullscreen><\/iframe><\/p>\n<h3>Zahtevaju preme\u0161tanje fabrike van Surdulice<\/h3>\n<p>Udru\u017eenje je na protestu polovinom oktobra odustalo od predloga za ubla\u017eavanje zaga\u0111enja uz tvrdnju da ih kompanija ignori\u0161e i navelo da fabrika mora da se iseli.<\/p>\n<p>Grupa Udahni duboko je ranije zahtevala da Knauf odvoji sredstva za izgradnju stanice za merenje kvaliteta vazduha, budu\u0107i da se podaci s li\u010dnih mera\u010da i onih koje je objavila kompanija nisu slagali. Tra\u017eila je i da Knauf prestane da koristi fenol smolu i da ne pro\u0161iruje kapacitet, kao i da finansira le\u010denje dece obolele od raka u Surdulici.<\/p>\n<p>Glavna poruka poslednje protestne \u0161etnje bila je: &#8222;U Surdulici ne nosimo maske zbog kovida nego zbog Knaufa.&#8220;<\/p>\n<h3>U planu odsumporavanje i filteri za vazduh<\/h3>\n<p>Kompanija je na sastanku ponovila da je za slede\u0107u godinu odvojila 19 miliona evra za investicije. Ranije je navela da je ve\u0107 u toku izgradnja sistema za pre\u010di\u0161\u0107avanje atmosferskih voda, podizanje visine dimnjaka sa 49 na 75 metara i ugradnja dodatnih filtera za vazduh.<\/p>\n<p>U projektima za slede\u0107u godinu su i ugradnja sistema za odsumporavanje otpadnih gasova, pove\u0107anje recikla\u017enih kapaciteta i unapre\u0111enje opreme. Po re\u010dima predstavnika Knaufa, prera\u0111iva\u0107e sekundarne sirovine sa odlagali\u0161ta na koje se Surduli\u010dani \u017eale i vra\u0107ati materijal u proizvodnju.<\/p>\n","protected":false},"excerpt":{"rendered":"<p>Posle nekoliko protesta u Surdulici odr\u017eanih zbog zaga\u0111enja vazduha iz fabrike kamene vune, Knauf je primio predstavnike udru\u017eenja Udahni duboko<\/p>\n","protected":false},"author":27,"featured_media":43042,"comment_status":"open","ping_status":"open","sticky":false,"template":"","format":"standard","meta":{"_acf_changed":false,"_monsterinsights_skip_tracking":false,"_monsterinsights_sitenote_active":false,"_monsterinsights_sitenote_note":"","_monsterinsights_sitenote_category":0,"footnotes":""},"categories":[4],"tags":[1231,2597,3441,5921],"class_list":["post-43026","post","type-post","status-publish","format-standard","has-post-thumbnail","hentry","category-zivotna-sredina","tag-kvalitet-vazduha","tag-odsumporavanje","tag-zagadenost-vazduha","tag-zivotna-sredina","country-srbija"],"acf":[],"yoast_head":"<!-- This site is optimized with the Yoast SEO plugin v27.4 - https:\/\/yoast.com\/product\/yoast-seo-wordpress\/ -->\n<title>Knauf ponovo obe\u0107ao da \u0107e investirati u za\u0161titu \u017eivotne sredine u Surdulici<\/title>\n<meta name=\"description\" content=\"Posle nekoliko protesta u Surdulici odr\u017eanih zbog zaga\u0111enja vazduha iz fabrike kamene vune, Knauf je primio predstavnike udru\u017eenja Udahni duboko.\" \/>\n<meta name=\"robots\" content=\"index, follow, max-snippet:-1, max-image-preview:large, max-video-preview:-1\" \/>\n<link rel=\"canonical\" href=\"https:\/\/balkangreenenergynews.com\/rs\/knauf-ponovo-obecao-da-ce-investirati-u-zastitu-zivotne-sredine-u-surdulici\/\" \/>\n<meta property=\"og:locale\" content=\"sr_RS\" \/>\n<meta property=\"og:type\" content=\"article\" \/>\n<meta property=\"og:title\" content=\"Knauf ponovo obe\u0107ao da \u0107e investirati u za\u0161titu \u017eivotne sredine u Surdulici\" \/>\n<meta property=\"og:description\" content=\"Posle nekoliko protesta u Surdulici odr\u017eanih zbog zaga\u0111enja vazduha iz fabrike kamene vune, Knauf je primio predstavnike udru\u017eenja Udahni duboko.\" \/>\n<meta property=\"og:url\" content=\"https:\/\/balkangreenenergynews.com\/rs\/knauf-ponovo-obecao-da-ce-investirati-u-zastitu-zivotne-sredine-u-surdulici\/\" \/>\n<meta property=\"og:site_name\" content=\"Balkan Green Energy News\" \/>\n<meta property=\"article:published_time\" content=\"2021-11-05T09:45:46+00:00\" \/>\n<meta property=\"article:modified_time\" content=\"2021-11-20T09:46:05+00:00\" \/>\n<meta property=\"og:image\" content=\"https:\/\/balkangreenenergynews.com\/rs\/wp-content\/uploads\/2021\/11\/Knauf-investirati-zastitu-zivotne-sredine-u-Surdulici.jpg\" \/>\n\t<meta property=\"og:image:width\" content=\"840\" \/>\n\t<meta property=\"og:image:height\" content=\"430\" \/>\n\t<meta property=\"og:image:type\" content=\"image\/jpeg\" \/>\n<meta name=\"author\" content=\"Igor Todorovi\u0107\" \/>\n<meta name=\"twitter:card\" content=\"summary_large_image\" \/>\n<meta name=\"twitter:label1\" content=\"\u041d\u0430\u043f\u0438\u0441\u0430\u043d\u043e \u043e\u0434\" \/>\n\t<meta name=\"twitter:data1\" content=\"Igor Todorovi\u0107\" \/>\n\t<meta name=\"twitter:label2\" content=\"\u041f\u0440\u043e\u0446\u0435\u045a\u0435\u043d\u043e \u0432\u0440\u0435\u043c\u0435 \u0447\u0438\u0442\u0430\u045a\u0430\" \/>\n\t<meta name=\"twitter:data2\" content=\"2 \u043c\u0438\u043d\u0443\u0442\u0430\" \/>\n<script type=\"application\/ld+json\" class=\"yoast-schema-graph\">{\"@context\":\"https:\\\/\\\/schema.org\",\"@graph\":[{\"@type\":\"Article\",\"@id\":\"https:\\\/\\\/balkangreenenergynews.com\\\/rs\\\/knauf-ponovo-obecao-da-ce-investirati-u-zastitu-zivotne-sredine-u-surdulici\\\/#article\",\"isPartOf\":{\"@id\":\"https:\\\/\\\/balkangreenenergynews.com\\\/rs\\\/knauf-ponovo-obecao-da-ce-investirati-u-zastitu-zivotne-sredine-u-surdulici\\\/\"},\"author\":{\"name\":\"Igor Todorovi\u0107\",\"@id\":\"https:\\\/\\\/balkangreenenergynews.com\\\/rs\\\/#\\\/schema\\\/person\\\/d8f80a244c4e9f2b55e4f6968c253246\"},\"headline\":\"Knauf ponovo obe\u0107ao da \u0107e investirati u za\u0161titu \u017eivotne sredine u Surdulici\",\"datePublished\":\"2021-11-05T09:45:46+00:00\",\"dateModified\":\"2021-11-20T09:46:05+00:00\",\"mainEntityOfPage\":{\"@id\":\"https:\\\/\\\/balkangreenenergynews.com\\\/rs\\\/knauf-ponovo-obecao-da-ce-investirati-u-zastitu-zivotne-sredine-u-surdulici\\\/\"},\"wordCount\":425,\"commentCount\":0,\"image\":{\"@id\":\"https:\\\/\\\/balkangreenenergynews.com\\\/rs\\\/knauf-ponovo-obecao-da-ce-investirati-u-zastitu-zivotne-sredine-u-surdulici\\\/#primaryimage\"},\"thumbnailUrl\":\"https:\\\/\\\/balkangreenenergynews.com\\\/rs\\\/wp-content\\\/uploads\\\/2021\\\/11\\\/Knauf-investirati-zastitu-zivotne-sredine-u-Surdulici.jpg?wsr\",\"keywords\":[\"kvalitet vazduha\",\"odsumporavanje\",\"zaga\u0111enost vazduha\",\"\u017eivotna sredina\"],\"articleSection\":[\"\u017divotna sredina\"],\"inLanguage\":\"sr-RS\",\"potentialAction\":[{\"@type\":\"CommentAction\",\"name\":\"Comment\",\"target\":[\"https:\\\/\\\/balkangreenenergynews.com\\\/rs\\\/knauf-ponovo-obecao-da-ce-investirati-u-zastitu-zivotne-sredine-u-surdulici\\\/#respond\"]}]},{\"@type\":\"WebPage\",\"@id\":\"https:\\\/\\\/balkangreenenergynews.com\\\/rs\\\/knauf-ponovo-obecao-da-ce-investirati-u-zastitu-zivotne-sredine-u-surdulici\\\/\",\"url\":\"https:\\\/\\\/balkangreenenergynews.com\\\/rs\\\/knauf-ponovo-obecao-da-ce-investirati-u-zastitu-zivotne-sredine-u-surdulici\\\/\",\"name\":\"Knauf ponovo obe\u0107ao da \u0107e investirati u za\u0161titu \u017eivotne sredine u Surdulici\",\"isPartOf\":{\"@id\":\"https:\\\/\\\/balkangreenenergynews.com\\\/rs\\\/#website\"},\"primaryImageOfPage\":{\"@id\":\"https:\\\/\\\/balkangreenenergynews.com\\\/rs\\\/knauf-ponovo-obecao-da-ce-investirati-u-zastitu-zivotne-sredine-u-surdulici\\\/#primaryimage\"},\"image\":{\"@id\":\"https:\\\/\\\/balkangreenenergynews.com\\\/rs\\\/knauf-ponovo-obecao-da-ce-investirati-u-zastitu-zivotne-sredine-u-surdulici\\\/#primaryimage\"},\"thumbnailUrl\":\"https:\\\/\\\/balkangreenenergynews.com\\\/rs\\\/wp-content\\\/uploads\\\/2021\\\/11\\\/Knauf-investirati-zastitu-zivotne-sredine-u-Surdulici.jpg?wsr\",\"datePublished\":\"2021-11-05T09:45:46+00:00\",\"dateModified\":\"2021-11-20T09:46:05+00:00\",\"author\":{\"@id\":\"https:\\\/\\\/balkangreenenergynews.com\\\/rs\\\/#\\\/schema\\\/person\\\/d8f80a244c4e9f2b55e4f6968c253246\"},\"description\":\"Posle nekoliko protesta u Surdulici odr\u017eanih zbog zaga\u0111enja vazduha iz fabrike kamene vune, Knauf je primio predstavnike udru\u017eenja Udahni duboko.\",\"breadcrumb\":{\"@id\":\"https:\\\/\\\/balkangreenenergynews.com\\\/rs\\\/knauf-ponovo-obecao-da-ce-investirati-u-zastitu-zivotne-sredine-u-surdulici\\\/#breadcrumb\"},\"inLanguage\":\"sr-RS\",\"potentialAction\":[{\"@type\":\"ReadAction\",\"target\":[\"https:\\\/\\\/balkangreenenergynews.com\\\/rs\\\/knauf-ponovo-obecao-da-ce-investirati-u-zastitu-zivotne-sredine-u-surdulici\\\/\"]}]},{\"@type\":\"ImageObject\",\"inLanguage\":\"sr-RS\",\"@id\":\"https:\\\/\\\/balkangreenenergynews.com\\\/rs\\\/knauf-ponovo-obecao-da-ce-investirati-u-zastitu-zivotne-sredine-u-surdulici\\\/#primaryimage\",\"url\":\"https:\\\/\\\/balkangreenenergynews.com\\\/rs\\\/wp-content\\\/uploads\\\/2021\\\/11\\\/Knauf-investirati-zastitu-zivotne-sredine-u-Surdulici.jpg?wsr\",\"contentUrl\":\"https:\\\/\\\/balkangreenenergynews.com\\\/rs\\\/wp-content\\\/uploads\\\/2021\\\/11\\\/Knauf-investirati-zastitu-zivotne-sredine-u-Surdulici.jpg?wsr\",\"width\":840,\"height\":430,\"caption\":\"Knauf investirati za\u0161titu zivotne sredine u Surdulici\"},{\"@type\":\"BreadcrumbList\",\"@id\":\"https:\\\/\\\/balkangreenenergynews.com\\\/rs\\\/knauf-ponovo-obecao-da-ce-investirati-u-zastitu-zivotne-sredine-u-surdulici\\\/#breadcrumb\",\"itemListElement\":[{\"@type\":\"ListItem\",\"position\":1,\"name\":\"Po\u010detna\",\"item\":\"https:\\\/\\\/balkangreenenergynews.com\\\/rs\\\/\"},{\"@type\":\"ListItem\",\"position\":2,\"name\":\"Vesti\",\"item\":\"https:\\\/\\\/balkangreenenergynews.com\\\/rs\\\/kategorija\\\/vesti\\\/\"},{\"@type\":\"ListItem\",\"position\":3,\"name\":\"\u017divotna sredina\",\"item\":\"https:\\\/\\\/balkangreenenergynews.com\\\/rs\\\/kategorija\\\/vesti\\\/zivotna-sredina\\\/\"},{\"@type\":\"ListItem\",\"position\":4,\"name\":\"Knauf ponovo obe\u0107ao da \u0107e investirati u za\u0161titu \u017eivotne sredine u Surdulici\"}]},{\"@type\":\"WebSite\",\"@id\":\"https:\\\/\\\/balkangreenenergynews.com\\\/rs\\\/#website\",\"url\":\"https:\\\/\\\/balkangreenenergynews.com\\\/rs\\\/\",\"name\":\"Balkan Green Energy News\",\"description\":\"Naj\u0161iri izbor vesti sa Balkana o zelenoj energiji\",\"potentialAction\":[{\"@type\":\"SearchAction\",\"target\":{\"@type\":\"EntryPoint\",\"urlTemplate\":\"https:\\\/\\\/balkangreenenergynews.com\\\/rs\\\/?s={search_term_string}\"},\"query-input\":{\"@type\":\"PropertyValueSpecification\",\"valueRequired\":true,\"valueName\":\"search_term_string\"}}],\"inLanguage\":\"sr-RS\"},{\"@type\":\"Person\",\"@id\":\"https:\\\/\\\/balkangreenenergynews.com\\\/rs\\\/#\\\/schema\\\/person\\\/d8f80a244c4e9f2b55e4f6968c253246\",\"name\":\"Igor Todorovi\u0107\",\"url\":\"https:\\\/\\\/balkangreenenergynews.com\\\/rs\\\/author\\\/igor-todorovic\\\/\"}]}<\/script>\n<!-- \/ Yoast SEO plugin. -->","yoast_head_json":{"title":"Knauf ponovo obe\u0107ao da \u0107e investirati u za\u0161titu \u017eivotne sredine u Surdulici","description":"Posle nekoliko protesta u Surdulici odr\u017eanih zbog zaga\u0111enja vazduha iz fabrike kamene vune, Knauf je primio predstavnike udru\u017eenja Udahni duboko.","robots":{"index":"index","follow":"follow","max-snippet":"max-snippet:-1","max-image-preview":"max-image-preview:large","max-video-preview":"max-video-preview:-1"},"canonical":"https:\/\/balkangreenenergynews.com\/rs\/knauf-ponovo-obecao-da-ce-investirati-u-zastitu-zivotne-sredine-u-surdulici\/","og_locale":"sr_RS","og_type":"article","og_title":"Knauf ponovo obe\u0107ao da \u0107e investirati u za\u0161titu \u017eivotne sredine u Surdulici","og_description":"Posle nekoliko protesta u Surdulici odr\u017eanih zbog zaga\u0111enja vazduha iz fabrike kamene vune, Knauf je primio predstavnike udru\u017eenja Udahni duboko.","og_url":"https:\/\/balkangreenenergynews.com\/rs\/knauf-ponovo-obecao-da-ce-investirati-u-zastitu-zivotne-sredine-u-surdulici\/","og_site_name":"Balkan Green Energy News","article_published_time":"2021-11-05T09:45:46+00:00","article_modified_time":"2021-11-20T09:46:05+00:00","og_image":[{"width":840,"height":430,"url":"https:\/\/balkangreenenergynews.com\/rs\/wp-content\/uploads\/2021\/11\/Knauf-investirati-zastitu-zivotne-sredine-u-Surdulici.jpg","type":"image\/jpeg"}],"author":"Igor Todorovi\u0107","twitter_card":"summary_large_image","twitter_misc":{"\u041d\u0430\u043f\u0438\u0441\u0430\u043d\u043e \u043e\u0434":"Igor Todorovi\u0107","\u041f\u0440\u043e\u0446\u0435\u045a\u0435\u043d\u043e \u0432\u0440\u0435\u043c\u0435 \u0447\u0438\u0442\u0430\u045a\u0430":"2 \u043c\u0438\u043d\u0443\u0442\u0430"},"schema":{"@context":"https:\/\/schema.org","@graph":[{"@type":"Article","@id":"https:\/\/balkangreenenergynews.com\/rs\/knauf-ponovo-obecao-da-ce-investirati-u-zastitu-zivotne-sredine-u-surdulici\/#article","isPartOf":{"@id":"https:\/\/balkangreenenergynews.com\/rs\/knauf-ponovo-obecao-da-ce-investirati-u-zastitu-zivotne-sredine-u-surdulici\/"},"author":{"name":"Igor Todorovi\u0107","@id":"https:\/\/balkangreenenergynews.com\/rs\/#\/schema\/person\/d8f80a244c4e9f2b55e4f6968c253246"},"headline":"Knauf ponovo obe\u0107ao da \u0107e investirati u za\u0161titu \u017eivotne sredine u Surdulici","datePublished":"2021-11-05T09:45:46+00:00","dateModified":"2021-11-20T09:46:05+00:00","mainEntityOfPage":{"@id":"https:\/\/balkangreenenergynews.com\/rs\/knauf-ponovo-obecao-da-ce-investirati-u-zastitu-zivotne-sredine-u-surdulici\/"},"wordCount":425,"commentCount":0,"image":{"@id":"https:\/\/balkangreenenergynews.com\/rs\/knauf-ponovo-obecao-da-ce-investirati-u-zastitu-zivotne-sredine-u-surdulici\/#primaryimage"},"thumbnailUrl":"https:\/\/balkangreenenergynews.com\/rs\/wp-content\/uploads\/2021\/11\/Knauf-investirati-zastitu-zivotne-sredine-u-Surdulici.jpg?wsr","keywords":["kvalitet vazduha","odsumporavanje","zaga\u0111enost vazduha","\u017eivotna sredina"],"articleSection":["\u017divotna sredina"],"inLanguage":"sr-RS","potentialAction":[{"@type":"CommentAction","name":"Comment","target":["https:\/\/balkangreenenergynews.com\/rs\/knauf-ponovo-obecao-da-ce-investirati-u-zastitu-zivotne-sredine-u-surdulici\/#respond"]}]},{"@type":"WebPage","@id":"https:\/\/balkangreenenergynews.com\/rs\/knauf-ponovo-obecao-da-ce-investirati-u-zastitu-zivotne-sredine-u-surdulici\/","url":"https:\/\/balkangreenenergynews.com\/rs\/knauf-ponovo-obecao-da-ce-investirati-u-zastitu-zivotne-sredine-u-surdulici\/","name":"Knauf ponovo obe\u0107ao da \u0107e investirati u za\u0161titu \u017eivotne sredine u Surdulici","isPartOf":{"@id":"https:\/\/balkangreenenergynews.com\/rs\/#website"},"primaryImageOfPage":{"@id":"https:\/\/balkangreenenergynews.com\/rs\/knauf-ponovo-obecao-da-ce-investirati-u-zastitu-zivotne-sredine-u-surdulici\/#primaryimage"},"image":{"@id":"https:\/\/balkangreenenergynews.com\/rs\/knauf-ponovo-obecao-da-ce-investirati-u-zastitu-zivotne-sredine-u-surdulici\/#primaryimage"},"thumbnailUrl":"https:\/\/balkangreenenergynews.com\/rs\/wp-content\/uploads\/2021\/11\/Knauf-investirati-zastitu-zivotne-sredine-u-Surdulici.jpg?wsr","datePublished":"2021-11-05T09:45:46+00:00","dateModified":"2021-11-20T09:46:05+00:00","author":{"@id":"https:\/\/balkangreenenergynews.com\/rs\/#\/schema\/person\/d8f80a244c4e9f2b55e4f6968c253246"},"description":"Posle nekoliko protesta u Surdulici odr\u017eanih zbog zaga\u0111enja vazduha iz fabrike kamene vune, Knauf je primio predstavnike udru\u017eenja Udahni duboko.","breadcrumb":{"@id":"https:\/\/balkangreenenergynews.com\/rs\/knauf-ponovo-obecao-da-ce-investirati-u-zastitu-zivotne-sredine-u-surdulici\/#breadcrumb"},"inLanguage":"sr-RS","potentialAction":[{"@type":"ReadAction","target":["https:\/\/balkangreenenergynews.com\/rs\/knauf-ponovo-obecao-da-ce-investirati-u-zastitu-zivotne-sredine-u-surdulici\/"]}]},{"@type":"ImageObject","inLanguage":"sr-RS","@id":"https:\/\/balkangreenenergynews.com\/rs\/knauf-ponovo-obecao-da-ce-investirati-u-zastitu-zivotne-sredine-u-surdulici\/#primaryimage","url":"https:\/\/balkangreenenergynews.com\/rs\/wp-content\/uploads\/2021\/11\/Knauf-investirati-zastitu-zivotne-sredine-u-Surdulici.jpg?wsr","contentUrl":"https:\/\/balkangreenenergynews.com\/rs\/wp-content\/uploads\/2021\/11\/Knauf-investirati-zastitu-zivotne-sredine-u-Surdulici.jpg?wsr","width":840,"height":430,"caption":"Knauf investirati za\u0161titu zivotne sredine u Surdulici"},{"@type":"BreadcrumbList","@id":"https:\/\/balkangreenenergynews.com\/rs\/knauf-ponovo-obecao-da-ce-investirati-u-zastitu-zivotne-sredine-u-surdulici\/#breadcrumb","itemListElement":[{"@type":"ListItem","position":1,"name":"Po\u010detna","item":"https:\/\/balkangreenenergynews.com\/rs\/"},{"@type":"ListItem","position":2,"name":"Vesti","item":"https:\/\/balkangreenenergynews.com\/rs\/kategorija\/vesti\/"},{"@type":"ListItem","position":3,"name":"\u017divotna sredina","item":"https:\/\/balkangreenenergynews.com\/rs\/kategorija\/vesti\/zivotna-sredina\/"},{"@type":"ListItem","position":4,"name":"Knauf ponovo obe\u0107ao da \u0107e investirati u za\u0161titu \u017eivotne sredine u Surdulici"}]},{"@type":"WebSite","@id":"https:\/\/balkangreenenergynews.com\/rs\/#website","url":"https:\/\/balkangreenenergynews.com\/rs\/","name":"Balkan Green Energy News","description":"Naj\u0161iri izbor vesti sa Balkana o zelenoj energiji","potentialAction":[{"@type":"SearchAction","target":{"@type":"EntryPoint","urlTemplate":"https:\/\/balkangreenenergynews.com\/rs\/?s={search_term_string}"},"query-input":{"@type":"PropertyValueSpecification","valueRequired":true,"valueName":"search_term_string"}}],"inLanguage":"sr-RS"},{"@type":"Person","@id":"https:\/\/balkangreenenergynews.com\/rs\/#\/schema\/person\/d8f80a244c4e9f2b55e4f6968c253246","name":"Igor Todorovi\u0107","url":"https:\/\/balkangreenenergynews.com\/rs\/author\/igor-todorovic\/"}]}},"_links":{"self":[{"href":"https:\/\/balkangreenenergynews.com\/rs\/wp-json\/wp\/v2\/posts\/43026","targetHints":{"allow":["GET"]}}],"collection":[{"href":"https:\/\/balkangreenenergynews.com\/rs\/wp-json\/wp\/v2\/posts"}],"about":[{"href":"https:\/\/balkangreenenergynews.com\/rs\/wp-json\/wp\/v2\/types\/post"}],"author":[{"embeddable":true,"href":"https:\/\/balkangreenenergynews.com\/rs\/wp-json\/wp\/v2\/users\/27"}],"replies":[{"embeddable":true,"href":"https:\/\/balkangreenenergynews.com\/rs\/wp-json\/wp\/v2\/comments?post=43026"}],"version-history":[{"count":0,"href":"https:\/\/balkangreenenergynews.com\/rs\/wp-json\/wp\/v2\/posts\/43026\/revisions"}],"wp:featuredmedia":[{"embeddable":true,"href":"https:\/\/balkangreenenergynews.com\/rs\/wp-json\/wp\/v2\/media\/43042"}],"wp:attachment":[{"href":"https:\/\/balkangreenenergynews.com\/rs\/wp-json\/wp\/v2\/media?parent=43026"}],"wp:term":[{"taxonomy":"category","embeddable":true,"href":"https:\/\/balkangreenenergynews.com\/rs\/wp-json\/wp\/v2\/categories?post=43026"},{"taxonomy":"post_tag","embeddable":true,"href":"https:\/\/balkangreenenergynews.com\/rs\/wp-json\/wp\/v2\/tags?post=43026"}],"curies":[{"name":"wp","href":"https:\/\/api.w.org\/{rel}","templated":true}]}}