{"id":42802,"date":"2021-10-30T12:27:55","date_gmt":"2021-10-30T10:27:55","guid":{"rendered":"https:\/\/balkangreenenergynews.com\/rs\/?p=42802"},"modified":"2021-11-02T16:01:02","modified_gmt":"2021-11-02T15:01:02","slug":"severna-makedonija-osniva-zeleni-investicioni-fond-kako-bi-podstakla-zelenu-ekonomiju","status":"publish","type":"post","link":"https:\/\/balkangreenenergynews.com\/rs\/severna-makedonija-osniva-zeleni-investicioni-fond-kako-bi-podstakla-zelenu-ekonomiju\/","title":{"rendered":"Severna Makedonija osniva zeleni investicioni fond kako bi podstakla zelenu ekonomiju"},"content":{"rendered":"<h2>Severna Makedonija je saop\u0161tila da \u0107e osnovati strate\u0161ki zeleni investicioni fond, sa deset odsto dr\u017eavnog i 90 odsto privatnog kapitala, koji \u0107e finansirati investicije u zelene elektrane, tehnologije i infrastrukturu. Plan je da fond u naredne \u010detiri godine pokrene ulaganja u vrednosti od 750 miliona evra, otvori 15.000 radnih mesta, podstakne privredni rast za jedan procentni poen i pove\u0107a izvoz za dve milijarde evra.<\/h2>\n<p>Severna Makedonija je osmislila strate\u0161ki zeleni investicioni fond za slobodne ekonomske zone kako bi privatnom sektoru olak\u0161ala pristup finansiranju za prelazak na modernu, efikasnu i konkurentnu ekonomiju sa nultom emisijom gasova staklene ba\u0161te najkasnije do 2050. godine, kao i ispunila obaveze iz <a href=\"https:\/\/balkangreenenergynews.com\/rs\/na-sta-su-se-zemlje-zapadnog-balkana-obavezale-potpisivanjem-sofijske-deklaracije-o-zelenoj-agendi\/\">Sofijske deklaracije o Zelenoj agendi za Zapadni Balkan<\/a> i ispo\u0161tovala standarde EU. Cilj je i da se smanje bud\u017eetski rashodi za ove namene i osna\u017ei ekonomski rast privla\u010denjem stranih i doma\u0107ih privatnih investicija u zelenu ekonomiju.<\/p>\n<p>Fond je deo vladinog plana za ubrzanje ekonomskog razvoja, a pripremili su ga uprava za slobodne zone Vlade Severne Makedonije i Svetska banka.<\/p>\n<blockquote><p>Po\u010detni kapital fonda bi\u0107e 70 miliona evra<\/p><\/blockquote>\n<p>Planirano je da po\u010detni kapital fonda bude 70 miliona evra, koji \u0107e do\u0107i iz javnih fondova, i od me\u0111unarodnih finansijskih institucija i privatnih investitora poput banaka, investicionih fondova i pojedinaca. Udeo fonda u projektima u privatnom vlasni\u0161tvu ne\u0107e prelaziti 40 odsto njihove vrednosti.<\/p>\n<p>Prema re\u010dima Jovana Despotovskog, direktora uprave za slobodne zone, odluke o investicionim projektima donosi\u0107e poseban odbor.<\/p>\n<blockquote><p>U\u010de\u0161\u0107e vlade u fondu je ograni\u010deno na 10 odsto kako bi se podstaklo uklju\u010divanje privatnog kapitala<\/p><\/blockquote>\n<p>Vlada Severne Makedonije je odlu\u010dila da ograni\u010di svoj udeo na 10 odsto kako bi podstakla uklju\u010divanje privatnog kapitala, pre svega banaka u zemlji, ali i iz inostranstva, u projekte zelene infrastrukture i tehnologija koji bi ubrzali privredni rast, rekao je Despotovski, i dodao da osnivanje fonda ne\u0107e pove\u0107ati javni dug.<\/p>\n<p>Ideja je da fond investira u projekte koji bi mogli da donesu prihod upravi za slobodne zone i investitorima, naglasio je on.<\/p>\n<h3>Ve\u0107 se pripremaju dva projekta koji \u0107e prvi biti finansirani iz novog fonda<\/h3>\n<p>Dva velika projekta koja su trenutno u pripremi bi\u0107e prvi koji \u0107e biti finansirani iz novog fonda. Re\u010d je o postavljanju solarnih fotonaponskih elektrana u slobodnim ekonomskim zonama i osnivanju posebne tehnolo\u0161ko razvojne zelene zone za koju je jedna od mogu\u0107ih lokacija \u0110ev\u0111elija.<\/p>\n<blockquote><p>Fond \u0107e pomo\u0107i dr\u017eavi da izbegne kori\u0161\u0107enje bud\u017eetskog novca i zadu\u017eivanje za dva projekta vredna 120 miliona evra<\/p><\/blockquote>\n<p>Realizacija ova dva projekta ko\u0161ta vi\u0161e od 120 miliona evra, koji bi, prema re\u010dima Despotovskog, morali da se obezbede iz bud\u017eeta ili kroz zadu\u017eivanje. Ali, zahvaljuju\u0107i novom fondu vlada \u0107e obezbediti samo 10 odsto, a preostalih 90 odsto privatni investitori, objasnio je Despotovski.<\/p>\n<p>Fond \u0107e imati dva osnovna pravca delovanja: promociju zelenih investicija uklju\u010duju\u0107i infrastrukturu za investitore u slobodnim zonama, energetiku, transport, usluge, i podizanje tehnolo\u0161ke osposobljenosti doma\u0107ih kompanija za anga\u017eovanje u globalnim lancima snabdevanja, saop\u0161tila je uprava za slobodne zone.<\/p>\n","protected":false},"excerpt":{"rendered":"<p>Plan je da fond u naredne \u010detiri godine pokrene ulaganja od 750 miliona evra, otvori 15.000 radnih mesta, pove\u0107a izvoz za dve milijarde evra<\/p>\n","protected":false},"author":23,"featured_media":42803,"comment_status":"open","ping_status":"open","sticky":false,"template":"","format":"standard","meta":{"_acf_changed":false,"_monsterinsights_skip_tracking":false,"_monsterinsights_sitenote_active":false,"_monsterinsights_sitenote_note":"","_monsterinsights_sitenote_category":0,"footnotes":""},"categories":[5909,1,4],"tags":[1854,652,5243,6167,5496,2796,5988],"class_list":["post-42802","post","type-post","status-publish","format-standard","has-post-thumbnail","hentry","category-klimatske-promene","category-obnovljivi-izvori-energije","category-zivotna-sredina","tag-energetska-tranzicija","tag-investicije","tag-nulte-neto-emisije","tag-sofijska-deklaracija","tag-zelena-agenda-za-zapadni-balkan","tag-zelena-ekonomija","tag-zelena-radna-mesta","country-makedonija"],"acf":[],"yoast_head":"<!-- This site is optimized with the Yoast SEO plugin v27.4 - https:\/\/yoast.com\/product\/yoast-seo-wordpress\/ -->\n<title>Severna Makedonija osniva zeleni investicioni fond kako bi podstakla zelenu ekonomiju<\/title>\n<meta name=\"description\" content=\"Plan je da fond u naredne \u010detiri godine pokrene ulaganja od 750 miliona evra, otvori 15.000 radnih mesta, pove\u0107a izvoz za dve milijarde evra\" \/>\n<meta name=\"robots\" content=\"index, follow, max-snippet:-1, max-image-preview:large, max-video-preview:-1\" \/>\n<link rel=\"canonical\" href=\"https:\/\/balkangreenenergynews.com\/rs\/severna-makedonija-osniva-zeleni-investicioni-fond-kako-bi-podstakla-zelenu-ekonomiju\/\" \/>\n<meta property=\"og:locale\" content=\"sr_RS\" \/>\n<meta property=\"og:type\" content=\"article\" \/>\n<meta property=\"og:title\" content=\"Severna Makedonija osniva zeleni investicioni fond kako bi podstakla zelenu ekonomiju\" \/>\n<meta property=\"og:description\" content=\"Plan je da fond u naredne \u010detiri godine pokrene ulaganja od 750 miliona evra, otvori 15.000 radnih mesta, pove\u0107a izvoz za dve milijarde evra\" \/>\n<meta property=\"og:url\" content=\"https:\/\/balkangreenenergynews.com\/rs\/severna-makedonija-osniva-zeleni-investicioni-fond-kako-bi-podstakla-zelenu-ekonomiju\/\" \/>\n<meta property=\"og:site_name\" content=\"Balkan Green Energy News\" \/>\n<meta property=\"article:published_time\" content=\"2021-10-30T10:27:55+00:00\" \/>\n<meta property=\"article:modified_time\" content=\"2021-11-02T15:01:02+00:00\" \/>\n<meta property=\"og:image\" content=\"https:\/\/balkangreenenergynews.com\/rs\/wp-content\/uploads\/2021\/10\/Severna-Makedonija-osniva-zeleni-investicioni-fond-kako-bi-podstakla-zelenu-ekonomiju.jpg\" \/>\n\t<meta property=\"og:image:width\" content=\"840\" \/>\n\t<meta property=\"og:image:height\" content=\"430\" \/>\n\t<meta property=\"og:image:type\" content=\"image\/jpeg\" \/>\n<meta name=\"author\" content=\"Vladimir Spasi\u0107\" \/>\n<meta name=\"twitter:card\" content=\"summary_large_image\" \/>\n<meta name=\"twitter:label1\" content=\"\u041d\u0430\u043f\u0438\u0441\u0430\u043d\u043e \u043e\u0434\" \/>\n\t<meta name=\"twitter:data1\" content=\"Vladimir Spasi\u0107\" \/>\n\t<meta name=\"twitter:label2\" content=\"\u041f\u0440\u043e\u0446\u0435\u045a\u0435\u043d\u043e \u0432\u0440\u0435\u043c\u0435 \u0447\u0438\u0442\u0430\u045a\u0430\" \/>\n\t<meta name=\"twitter:data2\" content=\"3 \u043c\u0438\u043d\u0443\u0442\u0430\" \/>\n<script type=\"application\/ld+json\" class=\"yoast-schema-graph\">{\"@context\":\"https:\\\/\\\/schema.org\",\"@graph\":[{\"@type\":\"Article\",\"@id\":\"https:\\\/\\\/balkangreenenergynews.com\\\/rs\\\/severna-makedonija-osniva-zeleni-investicioni-fond-kako-bi-podstakla-zelenu-ekonomiju\\\/#article\",\"isPartOf\":{\"@id\":\"https:\\\/\\\/balkangreenenergynews.com\\\/rs\\\/severna-makedonija-osniva-zeleni-investicioni-fond-kako-bi-podstakla-zelenu-ekonomiju\\\/\"},\"author\":{\"name\":\"Vladimir Spasi\u0107\",\"@id\":\"https:\\\/\\\/balkangreenenergynews.com\\\/rs\\\/#\\\/schema\\\/person\\\/99dc721c46113fea22caffad06ef7317\"},\"headline\":\"Severna Makedonija osniva zeleni investicioni fond kako bi podstakla zelenu ekonomiju\",\"datePublished\":\"2021-10-30T10:27:55+00:00\",\"dateModified\":\"2021-11-02T15:01:02+00:00\",\"mainEntityOfPage\":{\"@id\":\"https:\\\/\\\/balkangreenenergynews.com\\\/rs\\\/severna-makedonija-osniva-zeleni-investicioni-fond-kako-bi-podstakla-zelenu-ekonomiju\\\/\"},\"wordCount\":523,\"commentCount\":0,\"image\":{\"@id\":\"https:\\\/\\\/balkangreenenergynews.com\\\/rs\\\/severna-makedonija-osniva-zeleni-investicioni-fond-kako-bi-podstakla-zelenu-ekonomiju\\\/#primaryimage\"},\"thumbnailUrl\":\"https:\\\/\\\/balkangreenenergynews.com\\\/rs\\\/wp-content\\\/uploads\\\/2021\\\/10\\\/Severna-Makedonija-osniva-zeleni-investicioni-fond-kako-bi-podstakla-zelenu-ekonomiju.jpg?wsr\",\"keywords\":[\"energetska tranzicija\",\"investicije\",\"nulte neto emisije\",\"Sofijska deklaracija\",\"Zelena agenda za Zapadni Balkan\",\"zelena ekonomija\",\"zelena radna mesta\"],\"articleSection\":[\"Klimatske promene\",\"OIE\",\"\u017divotna sredina\"],\"inLanguage\":\"sr-RS\",\"potentialAction\":[{\"@type\":\"CommentAction\",\"name\":\"Comment\",\"target\":[\"https:\\\/\\\/balkangreenenergynews.com\\\/rs\\\/severna-makedonija-osniva-zeleni-investicioni-fond-kako-bi-podstakla-zelenu-ekonomiju\\\/#respond\"]}]},{\"@type\":\"WebPage\",\"@id\":\"https:\\\/\\\/balkangreenenergynews.com\\\/rs\\\/severna-makedonija-osniva-zeleni-investicioni-fond-kako-bi-podstakla-zelenu-ekonomiju\\\/\",\"url\":\"https:\\\/\\\/balkangreenenergynews.com\\\/rs\\\/severna-makedonija-osniva-zeleni-investicioni-fond-kako-bi-podstakla-zelenu-ekonomiju\\\/\",\"name\":\"Severna Makedonija osniva zeleni investicioni fond kako bi podstakla zelenu ekonomiju\",\"isPartOf\":{\"@id\":\"https:\\\/\\\/balkangreenenergynews.com\\\/rs\\\/#website\"},\"primaryImageOfPage\":{\"@id\":\"https:\\\/\\\/balkangreenenergynews.com\\\/rs\\\/severna-makedonija-osniva-zeleni-investicioni-fond-kako-bi-podstakla-zelenu-ekonomiju\\\/#primaryimage\"},\"image\":{\"@id\":\"https:\\\/\\\/balkangreenenergynews.com\\\/rs\\\/severna-makedonija-osniva-zeleni-investicioni-fond-kako-bi-podstakla-zelenu-ekonomiju\\\/#primaryimage\"},\"thumbnailUrl\":\"https:\\\/\\\/balkangreenenergynews.com\\\/rs\\\/wp-content\\\/uploads\\\/2021\\\/10\\\/Severna-Makedonija-osniva-zeleni-investicioni-fond-kako-bi-podstakla-zelenu-ekonomiju.jpg?wsr\",\"datePublished\":\"2021-10-30T10:27:55+00:00\",\"dateModified\":\"2021-11-02T15:01:02+00:00\",\"author\":{\"@id\":\"https:\\\/\\\/balkangreenenergynews.com\\\/rs\\\/#\\\/schema\\\/person\\\/99dc721c46113fea22caffad06ef7317\"},\"description\":\"Plan je da fond u naredne \u010detiri godine pokrene ulaganja od 750 miliona evra, otvori 15.000 radnih mesta, pove\u0107a izvoz za dve milijarde evra\",\"breadcrumb\":{\"@id\":\"https:\\\/\\\/balkangreenenergynews.com\\\/rs\\\/severna-makedonija-osniva-zeleni-investicioni-fond-kako-bi-podstakla-zelenu-ekonomiju\\\/#breadcrumb\"},\"inLanguage\":\"sr-RS\",\"potentialAction\":[{\"@type\":\"ReadAction\",\"target\":[\"https:\\\/\\\/balkangreenenergynews.com\\\/rs\\\/severna-makedonija-osniva-zeleni-investicioni-fond-kako-bi-podstakla-zelenu-ekonomiju\\\/\"]}]},{\"@type\":\"ImageObject\",\"inLanguage\":\"sr-RS\",\"@id\":\"https:\\\/\\\/balkangreenenergynews.com\\\/rs\\\/severna-makedonija-osniva-zeleni-investicioni-fond-kako-bi-podstakla-zelenu-ekonomiju\\\/#primaryimage\",\"url\":\"https:\\\/\\\/balkangreenenergynews.com\\\/rs\\\/wp-content\\\/uploads\\\/2021\\\/10\\\/Severna-Makedonija-osniva-zeleni-investicioni-fond-kako-bi-podstakla-zelenu-ekonomiju.jpg?wsr\",\"contentUrl\":\"https:\\\/\\\/balkangreenenergynews.com\\\/rs\\\/wp-content\\\/uploads\\\/2021\\\/10\\\/Severna-Makedonija-osniva-zeleni-investicioni-fond-kako-bi-podstakla-zelenu-ekonomiju.jpg?wsr\",\"width\":840,\"height\":430,\"caption\":\"Severna Makedonija osniva zeleni investicioni fond kako bi podstakla zelenu ekonomiju\"},{\"@type\":\"BreadcrumbList\",\"@id\":\"https:\\\/\\\/balkangreenenergynews.com\\\/rs\\\/severna-makedonija-osniva-zeleni-investicioni-fond-kako-bi-podstakla-zelenu-ekonomiju\\\/#breadcrumb\",\"itemListElement\":[{\"@type\":\"ListItem\",\"position\":1,\"name\":\"Po\u010detna\",\"item\":\"https:\\\/\\\/balkangreenenergynews.com\\\/rs\\\/\"},{\"@type\":\"ListItem\",\"position\":2,\"name\":\"Vesti\",\"item\":\"https:\\\/\\\/balkangreenenergynews.com\\\/rs\\\/kategorija\\\/vesti\\\/\"},{\"@type\":\"ListItem\",\"position\":3,\"name\":\"OIE\",\"item\":\"https:\\\/\\\/balkangreenenergynews.com\\\/rs\\\/kategorija\\\/vesti\\\/obnovljivi-izvori-energije\\\/\"},{\"@type\":\"ListItem\",\"position\":4,\"name\":\"Severna Makedonija osniva zeleni investicioni fond kako bi podstakla zelenu ekonomiju\"}]},{\"@type\":\"WebSite\",\"@id\":\"https:\\\/\\\/balkangreenenergynews.com\\\/rs\\\/#website\",\"url\":\"https:\\\/\\\/balkangreenenergynews.com\\\/rs\\\/\",\"name\":\"Balkan Green Energy News\",\"description\":\"Naj\u0161iri izbor vesti sa Balkana o zelenoj energiji\",\"potentialAction\":[{\"@type\":\"SearchAction\",\"target\":{\"@type\":\"EntryPoint\",\"urlTemplate\":\"https:\\\/\\\/balkangreenenergynews.com\\\/rs\\\/?s={search_term_string}\"},\"query-input\":{\"@type\":\"PropertyValueSpecification\",\"valueRequired\":true,\"valueName\":\"search_term_string\"}}],\"inLanguage\":\"sr-RS\"},{\"@type\":\"Person\",\"@id\":\"https:\\\/\\\/balkangreenenergynews.com\\\/rs\\\/#\\\/schema\\\/person\\\/99dc721c46113fea22caffad06ef7317\",\"name\":\"Vladimir Spasi\u0107\",\"url\":\"https:\\\/\\\/balkangreenenergynews.com\\\/rs\\\/author\\\/vladimir-spasic\\\/\"}]}<\/script>\n<!-- \/ Yoast SEO plugin. -->","yoast_head_json":{"title":"Severna Makedonija osniva zeleni investicioni fond kako bi podstakla zelenu ekonomiju","description":"Plan je da fond u naredne \u010detiri godine pokrene ulaganja od 750 miliona evra, otvori 15.000 radnih mesta, pove\u0107a izvoz za dve milijarde evra","robots":{"index":"index","follow":"follow","max-snippet":"max-snippet:-1","max-image-preview":"max-image-preview:large","max-video-preview":"max-video-preview:-1"},"canonical":"https:\/\/balkangreenenergynews.com\/rs\/severna-makedonija-osniva-zeleni-investicioni-fond-kako-bi-podstakla-zelenu-ekonomiju\/","og_locale":"sr_RS","og_type":"article","og_title":"Severna Makedonija osniva zeleni investicioni fond kako bi podstakla zelenu ekonomiju","og_description":"Plan je da fond u naredne \u010detiri godine pokrene ulaganja od 750 miliona evra, otvori 15.000 radnih mesta, pove\u0107a izvoz za dve milijarde evra","og_url":"https:\/\/balkangreenenergynews.com\/rs\/severna-makedonija-osniva-zeleni-investicioni-fond-kako-bi-podstakla-zelenu-ekonomiju\/","og_site_name":"Balkan Green Energy News","article_published_time":"2021-10-30T10:27:55+00:00","article_modified_time":"2021-11-02T15:01:02+00:00","og_image":[{"width":840,"height":430,"url":"https:\/\/balkangreenenergynews.com\/rs\/wp-content\/uploads\/2021\/10\/Severna-Makedonija-osniva-zeleni-investicioni-fond-kako-bi-podstakla-zelenu-ekonomiju.jpg","type":"image\/jpeg"}],"author":"Vladimir Spasi\u0107","twitter_card":"summary_large_image","twitter_misc":{"\u041d\u0430\u043f\u0438\u0441\u0430\u043d\u043e \u043e\u0434":"Vladimir Spasi\u0107","\u041f\u0440\u043e\u0446\u0435\u045a\u0435\u043d\u043e \u0432\u0440\u0435\u043c\u0435 \u0447\u0438\u0442\u0430\u045a\u0430":"3 \u043c\u0438\u043d\u0443\u0442\u0430"},"schema":{"@context":"https:\/\/schema.org","@graph":[{"@type":"Article","@id":"https:\/\/balkangreenenergynews.com\/rs\/severna-makedonija-osniva-zeleni-investicioni-fond-kako-bi-podstakla-zelenu-ekonomiju\/#article","isPartOf":{"@id":"https:\/\/balkangreenenergynews.com\/rs\/severna-makedonija-osniva-zeleni-investicioni-fond-kako-bi-podstakla-zelenu-ekonomiju\/"},"author":{"name":"Vladimir Spasi\u0107","@id":"https:\/\/balkangreenenergynews.com\/rs\/#\/schema\/person\/99dc721c46113fea22caffad06ef7317"},"headline":"Severna Makedonija osniva zeleni investicioni fond kako bi podstakla zelenu ekonomiju","datePublished":"2021-10-30T10:27:55+00:00","dateModified":"2021-11-02T15:01:02+00:00","mainEntityOfPage":{"@id":"https:\/\/balkangreenenergynews.com\/rs\/severna-makedonija-osniva-zeleni-investicioni-fond-kako-bi-podstakla-zelenu-ekonomiju\/"},"wordCount":523,"commentCount":0,"image":{"@id":"https:\/\/balkangreenenergynews.com\/rs\/severna-makedonija-osniva-zeleni-investicioni-fond-kako-bi-podstakla-zelenu-ekonomiju\/#primaryimage"},"thumbnailUrl":"https:\/\/balkangreenenergynews.com\/rs\/wp-content\/uploads\/2021\/10\/Severna-Makedonija-osniva-zeleni-investicioni-fond-kako-bi-podstakla-zelenu-ekonomiju.jpg?wsr","keywords":["energetska tranzicija","investicije","nulte neto emisije","Sofijska deklaracija","Zelena agenda za Zapadni Balkan","zelena ekonomija","zelena radna mesta"],"articleSection":["Klimatske promene","OIE","\u017divotna sredina"],"inLanguage":"sr-RS","potentialAction":[{"@type":"CommentAction","name":"Comment","target":["https:\/\/balkangreenenergynews.com\/rs\/severna-makedonija-osniva-zeleni-investicioni-fond-kako-bi-podstakla-zelenu-ekonomiju\/#respond"]}]},{"@type":"WebPage","@id":"https:\/\/balkangreenenergynews.com\/rs\/severna-makedonija-osniva-zeleni-investicioni-fond-kako-bi-podstakla-zelenu-ekonomiju\/","url":"https:\/\/balkangreenenergynews.com\/rs\/severna-makedonija-osniva-zeleni-investicioni-fond-kako-bi-podstakla-zelenu-ekonomiju\/","name":"Severna Makedonija osniva zeleni investicioni fond kako bi podstakla zelenu ekonomiju","isPartOf":{"@id":"https:\/\/balkangreenenergynews.com\/rs\/#website"},"primaryImageOfPage":{"@id":"https:\/\/balkangreenenergynews.com\/rs\/severna-makedonija-osniva-zeleni-investicioni-fond-kako-bi-podstakla-zelenu-ekonomiju\/#primaryimage"},"image":{"@id":"https:\/\/balkangreenenergynews.com\/rs\/severna-makedonija-osniva-zeleni-investicioni-fond-kako-bi-podstakla-zelenu-ekonomiju\/#primaryimage"},"thumbnailUrl":"https:\/\/balkangreenenergynews.com\/rs\/wp-content\/uploads\/2021\/10\/Severna-Makedonija-osniva-zeleni-investicioni-fond-kako-bi-podstakla-zelenu-ekonomiju.jpg?wsr","datePublished":"2021-10-30T10:27:55+00:00","dateModified":"2021-11-02T15:01:02+00:00","author":{"@id":"https:\/\/balkangreenenergynews.com\/rs\/#\/schema\/person\/99dc721c46113fea22caffad06ef7317"},"description":"Plan je da fond u naredne \u010detiri godine pokrene ulaganja od 750 miliona evra, otvori 15.000 radnih mesta, pove\u0107a izvoz za dve milijarde evra","breadcrumb":{"@id":"https:\/\/balkangreenenergynews.com\/rs\/severna-makedonija-osniva-zeleni-investicioni-fond-kako-bi-podstakla-zelenu-ekonomiju\/#breadcrumb"},"inLanguage":"sr-RS","potentialAction":[{"@type":"ReadAction","target":["https:\/\/balkangreenenergynews.com\/rs\/severna-makedonija-osniva-zeleni-investicioni-fond-kako-bi-podstakla-zelenu-ekonomiju\/"]}]},{"@type":"ImageObject","inLanguage":"sr-RS","@id":"https:\/\/balkangreenenergynews.com\/rs\/severna-makedonija-osniva-zeleni-investicioni-fond-kako-bi-podstakla-zelenu-ekonomiju\/#primaryimage","url":"https:\/\/balkangreenenergynews.com\/rs\/wp-content\/uploads\/2021\/10\/Severna-Makedonija-osniva-zeleni-investicioni-fond-kako-bi-podstakla-zelenu-ekonomiju.jpg?wsr","contentUrl":"https:\/\/balkangreenenergynews.com\/rs\/wp-content\/uploads\/2021\/10\/Severna-Makedonija-osniva-zeleni-investicioni-fond-kako-bi-podstakla-zelenu-ekonomiju.jpg?wsr","width":840,"height":430,"caption":"Severna Makedonija osniva zeleni investicioni fond kako bi podstakla zelenu ekonomiju"},{"@type":"BreadcrumbList","@id":"https:\/\/balkangreenenergynews.com\/rs\/severna-makedonija-osniva-zeleni-investicioni-fond-kako-bi-podstakla-zelenu-ekonomiju\/#breadcrumb","itemListElement":[{"@type":"ListItem","position":1,"name":"Po\u010detna","item":"https:\/\/balkangreenenergynews.com\/rs\/"},{"@type":"ListItem","position":2,"name":"Vesti","item":"https:\/\/balkangreenenergynews.com\/rs\/kategorija\/vesti\/"},{"@type":"ListItem","position":3,"name":"OIE","item":"https:\/\/balkangreenenergynews.com\/rs\/kategorija\/vesti\/obnovljivi-izvori-energije\/"},{"@type":"ListItem","position":4,"name":"Severna Makedonija osniva zeleni investicioni fond kako bi podstakla zelenu ekonomiju"}]},{"@type":"WebSite","@id":"https:\/\/balkangreenenergynews.com\/rs\/#website","url":"https:\/\/balkangreenenergynews.com\/rs\/","name":"Balkan Green Energy News","description":"Naj\u0161iri izbor vesti sa Balkana o zelenoj energiji","potentialAction":[{"@type":"SearchAction","target":{"@type":"EntryPoint","urlTemplate":"https:\/\/balkangreenenergynews.com\/rs\/?s={search_term_string}"},"query-input":{"@type":"PropertyValueSpecification","valueRequired":true,"valueName":"search_term_string"}}],"inLanguage":"sr-RS"},{"@type":"Person","@id":"https:\/\/balkangreenenergynews.com\/rs\/#\/schema\/person\/99dc721c46113fea22caffad06ef7317","name":"Vladimir Spasi\u0107","url":"https:\/\/balkangreenenergynews.com\/rs\/author\/vladimir-spasic\/"}]}},"_links":{"self":[{"href":"https:\/\/balkangreenenergynews.com\/rs\/wp-json\/wp\/v2\/posts\/42802","targetHints":{"allow":["GET"]}}],"collection":[{"href":"https:\/\/balkangreenenergynews.com\/rs\/wp-json\/wp\/v2\/posts"}],"about":[{"href":"https:\/\/balkangreenenergynews.com\/rs\/wp-json\/wp\/v2\/types\/post"}],"author":[{"embeddable":true,"href":"https:\/\/balkangreenenergynews.com\/rs\/wp-json\/wp\/v2\/users\/23"}],"replies":[{"embeddable":true,"href":"https:\/\/balkangreenenergynews.com\/rs\/wp-json\/wp\/v2\/comments?post=42802"}],"version-history":[{"count":0,"href":"https:\/\/balkangreenenergynews.com\/rs\/wp-json\/wp\/v2\/posts\/42802\/revisions"}],"wp:featuredmedia":[{"embeddable":true,"href":"https:\/\/balkangreenenergynews.com\/rs\/wp-json\/wp\/v2\/media\/42803"}],"wp:attachment":[{"href":"https:\/\/balkangreenenergynews.com\/rs\/wp-json\/wp\/v2\/media?parent=42802"}],"wp:term":[{"taxonomy":"category","embeddable":true,"href":"https:\/\/balkangreenenergynews.com\/rs\/wp-json\/wp\/v2\/categories?post=42802"},{"taxonomy":"post_tag","embeddable":true,"href":"https:\/\/balkangreenenergynews.com\/rs\/wp-json\/wp\/v2\/tags?post=42802"}],"curies":[{"name":"wp","href":"https:\/\/api.w.org\/{rel}","templated":true}]}}