{"id":42605,"date":"2021-10-22T15:02:32","date_gmt":"2021-10-22T13:02:32","guid":{"rendered":"https:\/\/balkangreenenergynews.com\/rs\/?p=42605"},"modified":"2025-07-30T16:28:35","modified_gmt":"2025-07-30T14:28:35","slug":"slovenija-usvojila-zakon-o-snabdevanju-elektricnom-energijom-s-dve-godine-zakasnjenja","status":"publish","type":"post","link":"https:\/\/balkangreenenergynews.com\/rs\/slovenija-usvojila-zakon-o-snabdevanju-elektricnom-energijom-s-dve-godine-zakasnjenja\/","title":{"rendered":"Slovenija usvojila Zakon o snabdevanju elektri\u010dnom energijom s dve godine zaka\u0161njenja"},"content":{"rendered":"<h2>Slovena\u010dki parlament je velikom ve\u0107inom glasova usvojio Zakon o snabdevanju elektri\u010dnom energijom nakon \u0161to su opozicione stranke uspele da proguraju amandmane za koje navode da \u0107e za\u0161tititi krajnje korisnike, pogotovo vlasnike fotonaponskih sistema za sopstveno snabdevanje.<\/h2>\n<p>Slovenija je pre kraja 2019. godine trebalo da zakonski uredi oblast snabdevanja strujom i tako se uskladi s evropskim direktivama. Evropska komisija je zato u me\u0111uvremenu pokrenula postupak protiv vlade te dr\u017eave \u010dlanice. Tako je Dr\u017eavni zbor, donji dom Slovena\u010dkog parlamenta, sada kona\u010dno izglasao Zakon o snabdevanju elektri\u010dnom energijom, i to sa 75 glasova za i samo sedam protiv.<\/p>\n<p>Najve\u0107i deo novih re\u0161enja ti\u010de se odnosa izme\u0111u snabdeva\u010da i krajnjih korisnika kao i polo\u017eaja <a href=\"https:\/\/balkangreenenergynews.com\/rs\/slovenija-olaksala-proceduru-za-osnivanje-energetskih-zajednica\/\">energetskih zajednica gra\u0111ana.<\/a> Zakon o snabdevanju elektri\u010dnom energijom je jedan od \u0161est koji treba da urede oblasti koje je pokrivao Zakon o energiji, jer je ocenjeno da je previ\u0161e kompleksan i nedovoljno transparentan.<\/p>\n<h3>Svi krajnji potro\u0161a\u010di imaju ista prava<\/h3>\n<p>Neke opozicione partije su uspele da izdejstvuju brisanje odredbe za koju tvrde da bi ograni\u010dila prava odre\u0111enih krajnjih korisnika i da bi im omogu\u0107ila da pokrenu postupak pred Evropskom komisijom zbog diskriminacije. Vlada kontroli\u0161e samo 38 \u010dlanova i \u010dlanica parlamenta od njih 90, a stalnu podr\u0161ku ima od jo\u0161 petoro njih.<\/p>\n<blockquote><p>Amandmani su doveli vlasnike fotonaponskih sistema za samosnabdevanje u jednak polo\u017eaj sa ostalim krajnjim potro\u0161a\u010dima<\/p><\/blockquote>\n<p>Nacrt Zakona o snabdevanju elektri\u010dnom energijom bio je najsporniji u delu o statusu vlasnika postoje\u0107ih fotonaponskih sistema za samoopskrbu i onih koji takve ure\u0111aje postave na svoje krovove do kraja 2023. godine. Prvobitni predlog bi ih stavio u nejednak polo\u017eaj, naveli su kriti\u010dari.<\/p>\n<p>Amandmani su u\u010dinili sve krajnje potro\u0161a\u010de struje jednakima i omogu\u0107ili im da deluju u svojstvu aktivnih potro\u0161a\u010da \u2013 da u\u010destvuju u prilago\u0111avanju potro\u0161nje i proizvodnje u cilju odr\u017eavanja stabilnosti elektroenergetskog sistema. Svaki potro\u0161a\u010d sad ima pravo na ugovore s vi\u0161e snabdeva\u010da u isto vreme kao i da izabere dinami\u010dku tarifu, cenovnik koji se menja sa cenama iz veleprodaje.<\/p>\n<h3>Spor oko subvencija za fosilna goriva<\/h3>\n<p>Dr\u017eavni sekretar u Ministarstvu za infrastrukturu Bla\u0161 Ko\u0161orok izjavio je da Zakon o snabdevanju elektri\u010dnom energijom ure\u0111uje uvo\u0111enje pametnih mera\u010da i pravo na proizvo\u0111enje, skladi\u0161tenje i prodavanje struje. Defini\u0161e energetsko siroma\u0161tvo i obaveze i ograni\u010denja na polju elektri\u010dne mobilnosti, dodao je.<\/p>\n<p>Levica je jedina partija koja se uzdr\u017eala od glasanja. Njeni predstavnici su rekli da \u0107e zakon omogu\u0107iti subvencionisanje proizvodnje elektri\u010dne energije iz fosilnih goriva.<\/p>\n<p>Treba pomenuti i da je vlada upravo usvojila nacrt izmena <a href=\"https:\/\/balkangreenenergynews.com\/rs\/sta-predvidja-novi-zakon-o-obnovljivim-izvorima-energije-koji-je-slovenija-usvojila\/\">Zakona o promociji kori\u0161c\u0301enja obnovljivih izvora energije.<\/a> One treba da harmonizuju slovena\u010dko zakonodavstvo s evropskim propisima i omogu\u0107e mere podr\u0161ke za energetsku efikasnost i alternativna goriva te smanjenje emisija u saobra\u0107aju.<\/p>\n","protected":false},"excerpt":{"rendered":"<p>Dr\u017eavni zbor Slovenije je izglasao Zakon o snabdevanju elektri\u010dnom energijom s amandmanima koji dovode sve krajnje potro\u0161a\u010de u jednak polo\u017eaj<\/p>\n","protected":false},"author":27,"featured_media":42688,"comment_status":"open","ping_status":"open","sticky":false,"template":"","format":"standard","meta":{"_acf_changed":false,"_monsterinsights_skip_tracking":false,"_monsterinsights_sitenote_active":false,"_monsterinsights_sitenote_note":"","_monsterinsights_sitenote_category":0,"footnotes":""},"categories":[504,1],"tags":[669,647],"class_list":["post-42605","post","type-post","status-publish","format-standard","has-post-thumbnail","hentry","category-elektricna-energija","category-obnovljivi-izvori-energije","tag-elektricna-energija","tag-obnovljivi-izvori-energije","country-slovenija"],"acf":[],"yoast_head":"<!-- This site is optimized with the Yoast SEO plugin v27.4 - https:\/\/yoast.com\/product\/yoast-seo-wordpress\/ -->\n<title>Slovenija usvojila Zakon o snabdevanju elektri\u010dnom energijom s dve godine zaka\u0161njenja<\/title>\n<meta name=\"description\" content=\"Dr\u017eavni zbor Slovenije je izglasao Zakon o snabdevanju elektri\u010dnom energijom s amandmanima koji dovode sve krajnje potro\u0161a\u010de u jednak polo\u017eaj.\" \/>\n<meta name=\"robots\" content=\"index, follow, max-snippet:-1, max-image-preview:large, max-video-preview:-1\" \/>\n<link rel=\"canonical\" href=\"https:\/\/balkangreenenergynews.com\/rs\/slovenija-usvojila-zakon-o-snabdevanju-elektricnom-energijom-s-dve-godine-zakasnjenja\/\" \/>\n<meta property=\"og:locale\" content=\"sr_RS\" \/>\n<meta property=\"og:type\" content=\"article\" \/>\n<meta property=\"og:title\" content=\"Slovenija usvojila Zakon o snabdevanju elektri\u010dnom energijom s dve godine zaka\u0161njenja\" \/>\n<meta property=\"og:description\" content=\"Dr\u017eavni zbor Slovenije je izglasao Zakon o snabdevanju elektri\u010dnom energijom s amandmanima koji dovode sve krajnje potro\u0161a\u010de u jednak polo\u017eaj.\" \/>\n<meta property=\"og:url\" content=\"https:\/\/balkangreenenergynews.com\/rs\/slovenija-usvojila-zakon-o-snabdevanju-elektricnom-energijom-s-dve-godine-zakasnjenja\/\" \/>\n<meta property=\"og:site_name\" content=\"Balkan Green Energy News\" \/>\n<meta property=\"article:published_time\" content=\"2021-10-22T13:02:32+00:00\" \/>\n<meta property=\"article:modified_time\" content=\"2025-07-30T14:28:35+00:00\" \/>\n<meta property=\"og:image\" content=\"https:\/\/balkangreenenergynews.com\/rs\/wp-content\/uploads\/2021\/10\/Slovenija-Zakon-o-snabdevanju-elektricnom-energijom-s-dve-godine-zakasnjenja.jpg?wsr\" \/>\n\t<meta property=\"og:image:width\" content=\"840\" \/>\n\t<meta property=\"og:image:height\" content=\"430\" \/>\n\t<meta property=\"og:image:type\" content=\"image\/jpeg\" \/>\n<meta name=\"author\" content=\"Igor Todorovi\u0107\" \/>\n<meta name=\"twitter:card\" content=\"summary_large_image\" \/>\n<meta name=\"twitter:label1\" content=\"\u041d\u0430\u043f\u0438\u0441\u0430\u043d\u043e \u043e\u0434\" \/>\n\t<meta name=\"twitter:data1\" content=\"Igor Todorovi\u0107\" \/>\n\t<meta name=\"twitter:label2\" content=\"\u041f\u0440\u043e\u0446\u0435\u045a\u0435\u043d\u043e \u0432\u0440\u0435\u043c\u0435 \u0447\u0438\u0442\u0430\u045a\u0430\" \/>\n\t<meta name=\"twitter:data2\" content=\"3 \u043c\u0438\u043d\u0443\u0442\u0430\" \/>\n<script type=\"application\/ld+json\" class=\"yoast-schema-graph\">{\"@context\":\"https:\\\/\\\/schema.org\",\"@graph\":[{\"@type\":\"Article\",\"@id\":\"https:\\\/\\\/balkangreenenergynews.com\\\/rs\\\/slovenija-usvojila-zakon-o-snabdevanju-elektricnom-energijom-s-dve-godine-zakasnjenja\\\/#article\",\"isPartOf\":{\"@id\":\"https:\\\/\\\/balkangreenenergynews.com\\\/rs\\\/slovenija-usvojila-zakon-o-snabdevanju-elektricnom-energijom-s-dve-godine-zakasnjenja\\\/\"},\"author\":{\"name\":\"Igor Todorovi\u0107\",\"@id\":\"https:\\\/\\\/balkangreenenergynews.com\\\/rs\\\/#\\\/schema\\\/person\\\/d8f80a244c4e9f2b55e4f6968c253246\"},\"headline\":\"Slovenija usvojila Zakon o snabdevanju elektri\u010dnom energijom s dve godine zaka\u0161njenja\",\"datePublished\":\"2021-10-22T13:02:32+00:00\",\"dateModified\":\"2025-07-30T14:28:35+00:00\",\"mainEntityOfPage\":{\"@id\":\"https:\\\/\\\/balkangreenenergynews.com\\\/rs\\\/slovenija-usvojila-zakon-o-snabdevanju-elektricnom-energijom-s-dve-godine-zakasnjenja\\\/\"},\"wordCount\":504,\"commentCount\":0,\"image\":{\"@id\":\"https:\\\/\\\/balkangreenenergynews.com\\\/rs\\\/slovenija-usvojila-zakon-o-snabdevanju-elektricnom-energijom-s-dve-godine-zakasnjenja\\\/#primaryimage\"},\"thumbnailUrl\":\"https:\\\/\\\/balkangreenenergynews.com\\\/rs\\\/wp-content\\\/uploads\\\/2021\\\/10\\\/Slovenija-Zakon-o-snabdevanju-elektricnom-energijom-s-dve-godine-zakasnjenja.jpg?wsr\",\"keywords\":[\"elektri\u010dna energija\",\"obnovljivi izvori energije\"],\"articleSection\":[\"Elektri\u010dna energija\",\"OIE\"],\"inLanguage\":\"sr-RS\",\"potentialAction\":[{\"@type\":\"CommentAction\",\"name\":\"Comment\",\"target\":[\"https:\\\/\\\/balkangreenenergynews.com\\\/rs\\\/slovenija-usvojila-zakon-o-snabdevanju-elektricnom-energijom-s-dve-godine-zakasnjenja\\\/#respond\"]}]},{\"@type\":\"WebPage\",\"@id\":\"https:\\\/\\\/balkangreenenergynews.com\\\/rs\\\/slovenija-usvojila-zakon-o-snabdevanju-elektricnom-energijom-s-dve-godine-zakasnjenja\\\/\",\"url\":\"https:\\\/\\\/balkangreenenergynews.com\\\/rs\\\/slovenija-usvojila-zakon-o-snabdevanju-elektricnom-energijom-s-dve-godine-zakasnjenja\\\/\",\"name\":\"Slovenija usvojila Zakon o snabdevanju elektri\u010dnom energijom s dve godine zaka\u0161njenja\",\"isPartOf\":{\"@id\":\"https:\\\/\\\/balkangreenenergynews.com\\\/rs\\\/#website\"},\"primaryImageOfPage\":{\"@id\":\"https:\\\/\\\/balkangreenenergynews.com\\\/rs\\\/slovenija-usvojila-zakon-o-snabdevanju-elektricnom-energijom-s-dve-godine-zakasnjenja\\\/#primaryimage\"},\"image\":{\"@id\":\"https:\\\/\\\/balkangreenenergynews.com\\\/rs\\\/slovenija-usvojila-zakon-o-snabdevanju-elektricnom-energijom-s-dve-godine-zakasnjenja\\\/#primaryimage\"},\"thumbnailUrl\":\"https:\\\/\\\/balkangreenenergynews.com\\\/rs\\\/wp-content\\\/uploads\\\/2021\\\/10\\\/Slovenija-Zakon-o-snabdevanju-elektricnom-energijom-s-dve-godine-zakasnjenja.jpg?wsr\",\"datePublished\":\"2021-10-22T13:02:32+00:00\",\"dateModified\":\"2025-07-30T14:28:35+00:00\",\"author\":{\"@id\":\"https:\\\/\\\/balkangreenenergynews.com\\\/rs\\\/#\\\/schema\\\/person\\\/d8f80a244c4e9f2b55e4f6968c253246\"},\"description\":\"Dr\u017eavni zbor Slovenije je izglasao Zakon o snabdevanju elektri\u010dnom energijom s amandmanima koji dovode sve krajnje potro\u0161a\u010de u jednak polo\u017eaj.\",\"breadcrumb\":{\"@id\":\"https:\\\/\\\/balkangreenenergynews.com\\\/rs\\\/slovenija-usvojila-zakon-o-snabdevanju-elektricnom-energijom-s-dve-godine-zakasnjenja\\\/#breadcrumb\"},\"inLanguage\":\"sr-RS\",\"potentialAction\":[{\"@type\":\"ReadAction\",\"target\":[\"https:\\\/\\\/balkangreenenergynews.com\\\/rs\\\/slovenija-usvojila-zakon-o-snabdevanju-elektricnom-energijom-s-dve-godine-zakasnjenja\\\/\"]}]},{\"@type\":\"ImageObject\",\"inLanguage\":\"sr-RS\",\"@id\":\"https:\\\/\\\/balkangreenenergynews.com\\\/rs\\\/slovenija-usvojila-zakon-o-snabdevanju-elektricnom-energijom-s-dve-godine-zakasnjenja\\\/#primaryimage\",\"url\":\"https:\\\/\\\/balkangreenenergynews.com\\\/rs\\\/wp-content\\\/uploads\\\/2021\\\/10\\\/Slovenija-Zakon-o-snabdevanju-elektricnom-energijom-s-dve-godine-zakasnjenja.jpg?wsr\",\"contentUrl\":\"https:\\\/\\\/balkangreenenergynews.com\\\/rs\\\/wp-content\\\/uploads\\\/2021\\\/10\\\/Slovenija-Zakon-o-snabdevanju-elektricnom-energijom-s-dve-godine-zakasnjenja.jpg?wsr\",\"width\":840,\"height\":430,\"caption\":\"Slovenija Zakon o snabdevanju elektricnom energijom s dve godine zakasnjenja\"},{\"@type\":\"BreadcrumbList\",\"@id\":\"https:\\\/\\\/balkangreenenergynews.com\\\/rs\\\/slovenija-usvojila-zakon-o-snabdevanju-elektricnom-energijom-s-dve-godine-zakasnjenja\\\/#breadcrumb\",\"itemListElement\":[{\"@type\":\"ListItem\",\"position\":1,\"name\":\"Po\u010detna\",\"item\":\"https:\\\/\\\/balkangreenenergynews.com\\\/rs\\\/\"},{\"@type\":\"ListItem\",\"position\":2,\"name\":\"Vesti\",\"item\":\"https:\\\/\\\/balkangreenenergynews.com\\\/rs\\\/kategorija\\\/vesti\\\/\"},{\"@type\":\"ListItem\",\"position\":3,\"name\":\"Elektri\u010dna energija\",\"item\":\"https:\\\/\\\/balkangreenenergynews.com\\\/rs\\\/kategorija\\\/vesti\\\/elektricna-energija\\\/\"},{\"@type\":\"ListItem\",\"position\":4,\"name\":\"Slovenija usvojila Zakon o snabdevanju elektri\u010dnom energijom s dve godine zaka\u0161njenja\"}]},{\"@type\":\"WebSite\",\"@id\":\"https:\\\/\\\/balkangreenenergynews.com\\\/rs\\\/#website\",\"url\":\"https:\\\/\\\/balkangreenenergynews.com\\\/rs\\\/\",\"name\":\"Balkan Green Energy News\",\"description\":\"Naj\u0161iri izbor vesti sa Balkana o zelenoj energiji\",\"potentialAction\":[{\"@type\":\"SearchAction\",\"target\":{\"@type\":\"EntryPoint\",\"urlTemplate\":\"https:\\\/\\\/balkangreenenergynews.com\\\/rs\\\/?s={search_term_string}\"},\"query-input\":{\"@type\":\"PropertyValueSpecification\",\"valueRequired\":true,\"valueName\":\"search_term_string\"}}],\"inLanguage\":\"sr-RS\"},{\"@type\":\"Person\",\"@id\":\"https:\\\/\\\/balkangreenenergynews.com\\\/rs\\\/#\\\/schema\\\/person\\\/d8f80a244c4e9f2b55e4f6968c253246\",\"name\":\"Igor Todorovi\u0107\",\"url\":\"https:\\\/\\\/balkangreenenergynews.com\\\/rs\\\/author\\\/igor-todorovic\\\/\"}]}<\/script>\n<!-- \/ Yoast SEO plugin. -->","yoast_head_json":{"title":"Slovenija usvojila Zakon o snabdevanju elektri\u010dnom energijom s dve godine zaka\u0161njenja","description":"Dr\u017eavni zbor Slovenije je izglasao Zakon o snabdevanju elektri\u010dnom energijom s amandmanima koji dovode sve krajnje potro\u0161a\u010de u jednak polo\u017eaj.","robots":{"index":"index","follow":"follow","max-snippet":"max-snippet:-1","max-image-preview":"max-image-preview:large","max-video-preview":"max-video-preview:-1"},"canonical":"https:\/\/balkangreenenergynews.com\/rs\/slovenija-usvojila-zakon-o-snabdevanju-elektricnom-energijom-s-dve-godine-zakasnjenja\/","og_locale":"sr_RS","og_type":"article","og_title":"Slovenija usvojila Zakon o snabdevanju elektri\u010dnom energijom s dve godine zaka\u0161njenja","og_description":"Dr\u017eavni zbor Slovenije je izglasao Zakon o snabdevanju elektri\u010dnom energijom s amandmanima koji dovode sve krajnje potro\u0161a\u010de u jednak polo\u017eaj.","og_url":"https:\/\/balkangreenenergynews.com\/rs\/slovenija-usvojila-zakon-o-snabdevanju-elektricnom-energijom-s-dve-godine-zakasnjenja\/","og_site_name":"Balkan Green Energy News","article_published_time":"2021-10-22T13:02:32+00:00","article_modified_time":"2025-07-30T14:28:35+00:00","og_image":[{"width":840,"height":430,"url":"https:\/\/balkangreenenergynews.com\/rs\/wp-content\/uploads\/2021\/10\/Slovenija-Zakon-o-snabdevanju-elektricnom-energijom-s-dve-godine-zakasnjenja.jpg?wsr","type":"image\/jpeg"}],"author":"Igor Todorovi\u0107","twitter_card":"summary_large_image","twitter_misc":{"\u041d\u0430\u043f\u0438\u0441\u0430\u043d\u043e \u043e\u0434":"Igor Todorovi\u0107","\u041f\u0440\u043e\u0446\u0435\u045a\u0435\u043d\u043e \u0432\u0440\u0435\u043c\u0435 \u0447\u0438\u0442\u0430\u045a\u0430":"3 \u043c\u0438\u043d\u0443\u0442\u0430"},"schema":{"@context":"https:\/\/schema.org","@graph":[{"@type":"Article","@id":"https:\/\/balkangreenenergynews.com\/rs\/slovenija-usvojila-zakon-o-snabdevanju-elektricnom-energijom-s-dve-godine-zakasnjenja\/#article","isPartOf":{"@id":"https:\/\/balkangreenenergynews.com\/rs\/slovenija-usvojila-zakon-o-snabdevanju-elektricnom-energijom-s-dve-godine-zakasnjenja\/"},"author":{"name":"Igor Todorovi\u0107","@id":"https:\/\/balkangreenenergynews.com\/rs\/#\/schema\/person\/d8f80a244c4e9f2b55e4f6968c253246"},"headline":"Slovenija usvojila Zakon o snabdevanju elektri\u010dnom energijom s dve godine zaka\u0161njenja","datePublished":"2021-10-22T13:02:32+00:00","dateModified":"2025-07-30T14:28:35+00:00","mainEntityOfPage":{"@id":"https:\/\/balkangreenenergynews.com\/rs\/slovenija-usvojila-zakon-o-snabdevanju-elektricnom-energijom-s-dve-godine-zakasnjenja\/"},"wordCount":504,"commentCount":0,"image":{"@id":"https:\/\/balkangreenenergynews.com\/rs\/slovenija-usvojila-zakon-o-snabdevanju-elektricnom-energijom-s-dve-godine-zakasnjenja\/#primaryimage"},"thumbnailUrl":"https:\/\/balkangreenenergynews.com\/rs\/wp-content\/uploads\/2021\/10\/Slovenija-Zakon-o-snabdevanju-elektricnom-energijom-s-dve-godine-zakasnjenja.jpg?wsr","keywords":["elektri\u010dna energija","obnovljivi izvori energije"],"articleSection":["Elektri\u010dna energija","OIE"],"inLanguage":"sr-RS","potentialAction":[{"@type":"CommentAction","name":"Comment","target":["https:\/\/balkangreenenergynews.com\/rs\/slovenija-usvojila-zakon-o-snabdevanju-elektricnom-energijom-s-dve-godine-zakasnjenja\/#respond"]}]},{"@type":"WebPage","@id":"https:\/\/balkangreenenergynews.com\/rs\/slovenija-usvojila-zakon-o-snabdevanju-elektricnom-energijom-s-dve-godine-zakasnjenja\/","url":"https:\/\/balkangreenenergynews.com\/rs\/slovenija-usvojila-zakon-o-snabdevanju-elektricnom-energijom-s-dve-godine-zakasnjenja\/","name":"Slovenija usvojila Zakon o snabdevanju elektri\u010dnom energijom s dve godine zaka\u0161njenja","isPartOf":{"@id":"https:\/\/balkangreenenergynews.com\/rs\/#website"},"primaryImageOfPage":{"@id":"https:\/\/balkangreenenergynews.com\/rs\/slovenija-usvojila-zakon-o-snabdevanju-elektricnom-energijom-s-dve-godine-zakasnjenja\/#primaryimage"},"image":{"@id":"https:\/\/balkangreenenergynews.com\/rs\/slovenija-usvojila-zakon-o-snabdevanju-elektricnom-energijom-s-dve-godine-zakasnjenja\/#primaryimage"},"thumbnailUrl":"https:\/\/balkangreenenergynews.com\/rs\/wp-content\/uploads\/2021\/10\/Slovenija-Zakon-o-snabdevanju-elektricnom-energijom-s-dve-godine-zakasnjenja.jpg?wsr","datePublished":"2021-10-22T13:02:32+00:00","dateModified":"2025-07-30T14:28:35+00:00","author":{"@id":"https:\/\/balkangreenenergynews.com\/rs\/#\/schema\/person\/d8f80a244c4e9f2b55e4f6968c253246"},"description":"Dr\u017eavni zbor Slovenije je izglasao Zakon o snabdevanju elektri\u010dnom energijom s amandmanima koji dovode sve krajnje potro\u0161a\u010de u jednak polo\u017eaj.","breadcrumb":{"@id":"https:\/\/balkangreenenergynews.com\/rs\/slovenija-usvojila-zakon-o-snabdevanju-elektricnom-energijom-s-dve-godine-zakasnjenja\/#breadcrumb"},"inLanguage":"sr-RS","potentialAction":[{"@type":"ReadAction","target":["https:\/\/balkangreenenergynews.com\/rs\/slovenija-usvojila-zakon-o-snabdevanju-elektricnom-energijom-s-dve-godine-zakasnjenja\/"]}]},{"@type":"ImageObject","inLanguage":"sr-RS","@id":"https:\/\/balkangreenenergynews.com\/rs\/slovenija-usvojila-zakon-o-snabdevanju-elektricnom-energijom-s-dve-godine-zakasnjenja\/#primaryimage","url":"https:\/\/balkangreenenergynews.com\/rs\/wp-content\/uploads\/2021\/10\/Slovenija-Zakon-o-snabdevanju-elektricnom-energijom-s-dve-godine-zakasnjenja.jpg?wsr","contentUrl":"https:\/\/balkangreenenergynews.com\/rs\/wp-content\/uploads\/2021\/10\/Slovenija-Zakon-o-snabdevanju-elektricnom-energijom-s-dve-godine-zakasnjenja.jpg?wsr","width":840,"height":430,"caption":"Slovenija Zakon o snabdevanju elektricnom energijom s dve godine zakasnjenja"},{"@type":"BreadcrumbList","@id":"https:\/\/balkangreenenergynews.com\/rs\/slovenija-usvojila-zakon-o-snabdevanju-elektricnom-energijom-s-dve-godine-zakasnjenja\/#breadcrumb","itemListElement":[{"@type":"ListItem","position":1,"name":"Po\u010detna","item":"https:\/\/balkangreenenergynews.com\/rs\/"},{"@type":"ListItem","position":2,"name":"Vesti","item":"https:\/\/balkangreenenergynews.com\/rs\/kategorija\/vesti\/"},{"@type":"ListItem","position":3,"name":"Elektri\u010dna energija","item":"https:\/\/balkangreenenergynews.com\/rs\/kategorija\/vesti\/elektricna-energija\/"},{"@type":"ListItem","position":4,"name":"Slovenija usvojila Zakon o snabdevanju elektri\u010dnom energijom s dve godine zaka\u0161njenja"}]},{"@type":"WebSite","@id":"https:\/\/balkangreenenergynews.com\/rs\/#website","url":"https:\/\/balkangreenenergynews.com\/rs\/","name":"Balkan Green Energy News","description":"Naj\u0161iri izbor vesti sa Balkana o zelenoj energiji","potentialAction":[{"@type":"SearchAction","target":{"@type":"EntryPoint","urlTemplate":"https:\/\/balkangreenenergynews.com\/rs\/?s={search_term_string}"},"query-input":{"@type":"PropertyValueSpecification","valueRequired":true,"valueName":"search_term_string"}}],"inLanguage":"sr-RS"},{"@type":"Person","@id":"https:\/\/balkangreenenergynews.com\/rs\/#\/schema\/person\/d8f80a244c4e9f2b55e4f6968c253246","name":"Igor Todorovi\u0107","url":"https:\/\/balkangreenenergynews.com\/rs\/author\/igor-todorovic\/"}]}},"_links":{"self":[{"href":"https:\/\/balkangreenenergynews.com\/rs\/wp-json\/wp\/v2\/posts\/42605","targetHints":{"allow":["GET"]}}],"collection":[{"href":"https:\/\/balkangreenenergynews.com\/rs\/wp-json\/wp\/v2\/posts"}],"about":[{"href":"https:\/\/balkangreenenergynews.com\/rs\/wp-json\/wp\/v2\/types\/post"}],"author":[{"embeddable":true,"href":"https:\/\/balkangreenenergynews.com\/rs\/wp-json\/wp\/v2\/users\/27"}],"replies":[{"embeddable":true,"href":"https:\/\/balkangreenenergynews.com\/rs\/wp-json\/wp\/v2\/comments?post=42605"}],"version-history":[{"count":0,"href":"https:\/\/balkangreenenergynews.com\/rs\/wp-json\/wp\/v2\/posts\/42605\/revisions"}],"wp:featuredmedia":[{"embeddable":true,"href":"https:\/\/balkangreenenergynews.com\/rs\/wp-json\/wp\/v2\/media\/42688"}],"wp:attachment":[{"href":"https:\/\/balkangreenenergynews.com\/rs\/wp-json\/wp\/v2\/media?parent=42605"}],"wp:term":[{"taxonomy":"category","embeddable":true,"href":"https:\/\/balkangreenenergynews.com\/rs\/wp-json\/wp\/v2\/categories?post=42605"},{"taxonomy":"post_tag","embeddable":true,"href":"https:\/\/balkangreenenergynews.com\/rs\/wp-json\/wp\/v2\/tags?post=42605"}],"curies":[{"name":"wp","href":"https:\/\/api.w.org\/{rel}","templated":true}]}}