{"id":42474,"date":"2021-10-18T15:16:39","date_gmt":"2021-10-18T13:16:39","guid":{"rendered":"https:\/\/balkangreenenergynews.com\/rs\/?p=42474"},"modified":"2021-10-19T13:21:20","modified_gmt":"2021-10-19T11:21:20","slug":"brnabic-srbija-nece-ograniciti-cene-elektricne-energije","status":"publish","type":"post","link":"https:\/\/balkangreenenergynews.com\/rs\/brnabic-srbija-nece-ograniciti-cene-elektricne-energije\/","title":{"rendered":"Brnabi\u0107: Srbija ne\u0107e ograni\u010diti cene elektri\u010dne energije"},"content":{"rendered":"<h2>Premijerka Srbije Ana Brnabi\u0107 izjavila je da dr\u017eava ne\u0107e ograni\u010diti cene elektri\u010dne energije, kako je to tra\u017eila privreda, dok je Elektroprivreda Srbije (EPS) saop\u0161tila da ne sme da nudi damping cene i naru\u0161ava konkurenciju, ali i da o\u010dekuje odluku Vlade Srbije kako bi na zakonit na\u010din mogla firmama da ponudi adekvatnije cene. Ranije je Unija poslodavaca Srbije tra\u017eila da poskupljenje bude postepeno u du\u017eem periodu i podsetila da samo 54 odsto ra\u010duna za struju \u010dini energija, dok su ostalo razne takse i porezi.<\/h2>\n<p>Privreda je podigla glas po\u010detkom oktobra, kada je rekla da je dobila ponude snabdeva\u010da za isporuke koje su skuplje <a href=\"https:\/\/balkangreenenergynews.com\/rs\/najava-poskupljenja-elektricne-energije-za-privredu-u-srbiji-i-bih-do-135-odsto\/\">70 do 135 odsto<\/a> zbog \u010dega \u0107e morati da pove\u0107aju cene svojih proizvoda i otpuste radnike. Cene elektri\u010dne energije za privredu u regionu idu i do <a href=\"https:\/\/balkangreenenergynews.com\/rs\/cena-struje-na-berzama-za-dan-povecana-80-odsto-sa-180-skocila-na-320-evra-za-mwh\/\">160 evra<\/a>, \u0161to je stotinak evra vi\u0161e nego u martu i aprilu. Neke od evropskih dr\u017eava poput <a href=\"https:\/\/balkangreenenergynews.com\/rs\/bugarska-ce-subvencionisati-cenu-elektricne-energije-za-celu-privredu\/\">Bugarske<\/a> i Rumunije, su najavile mere da pomognu firmama.<\/p>\n<blockquote><p>\u010cade\u017e: ograni\u010diti cene struje<\/p><\/blockquote>\n<p>Marko \u010cade\u017e, predsednik Privredne komore Srbije (PKS), potom je izjavio da su firme suo\u010dene sa problemom kako da odr\u017ee poslovanje i obezbede sirovine i kao prelazno re\u0161enje je predlo\u017eio snabdevanje privrede strujom iz doma\u0107ih izvora po ograni\u010denim cenama.<\/p>\n<p>Onda je Unija poslodavaca Srbije (UPS) uputila inicijativu da se zaustavi trend drasti\u010dnog pove\u0107anja cene elektri\u010dne energije jer \u0107e dovesti do skoka cena ve\u0107ine proizvoda i usluga, a istovremeno \u0107e ugroziti poslovanje zna\u010dajnog broja firmi. UPS je predlo\u017eio da se cene pove\u0107avaju postepeno u du\u017eem periodu, naveo je da samo 54 odsto ra\u010duna \u010dini cene struje i pozvao EPS da u uslovima niske inflacije za\u0161titi doma\u0107u privredu.<\/p>\n<blockquote><p>Brnabi\u0107: nema ograni\u010davanja cena jer imamo liberalizovano tr\u017ei\u0161te<\/p><\/blockquote>\n<p>Premijerka Ana Brnabi\u0107 je na sve to odgovorila da u Srbiji ima dovoljno elektri\u010dne energije i gasa i da je na\u0161a zemlja po tom pitanju bezbedna u vreme energetske krize koja potresa svet.<\/p>\n<p>Ona je rekla da je cena elektri\u010dne energije u Srbiji i dalje mnogo ni\u017ea nego u Evropi, ali i navela da \u0107e biti pritiska na cene.<\/p>\n<p>Privreda je tra\u017eila da se ograni\u010di cena elektri\u010dne energije u narednim mesecima, ali to je nemogu\u0107e jer imamo liberalizovano tr\u017ei\u0161te, objasnila je premijerka, prenela je Vlada Srbije.<\/p>\n<p>Brnabi\u0107 je istakla da dr\u017eava razmi\u0161lja \u0161ta bi trebalo da uvede kao mere da bi Srbija bila dugoro\u010dno bezbedna, a to \u0107e uraditi tokom ove nedelje.<\/p>\n<h3>Mihajlovi\u0107: o cenama \u0107e EPS razgovarati pojedina\u010dno sa firmama<\/h3>\n<p>Oglasila se i Zorana Mihajlovi\u0107, potpredsednica Vlade Srbije i ministarka rudarstva i energetike, koja je ponovila da Srbija ima dovoljno i struje i gasa za snabdevanje gra\u0111ana i da \u0107e dr\u017eava u\u010diniti sve da obezbedi energetsku stabilnost u uslovima energetske krize u svetu.<\/p>\n<p>&#8222;O cenama za industriju EPS i Srbijagas \u0107e razgovarati sa preduze\u0107ima pojedina\u010dno. Te cene uop\u0161te nisu niske i o tome mora da se vodi ra\u010duna&#8220;, istakla je ona, preneo je RTS.<\/p>\n<p>Ina\u010de, Unija poslodavaca Srbije je navela da je njihova anketa o mogu\u0107em poskupljenju struje pokazala da \u010dak 82 odsto firm smatra da \u0107e skuplja energija dovesti do poskupljenja njihovog proizvoda ili usluga.<\/p>\n<p>UPS je zato zatra\u017eio od EPS-a da svoje kupce za\u0161titi od fluktuacije cena na tr\u017ei\u0161tu i da na taj na\u010din u uslovima kada nema inflacije obezbedi opstanak srpskih preduze\u0107a.<\/p>\n<h3>EPS: zakon nas obavezuje da se pona\u0161amo tr\u017ei\u0161no<\/h3>\n<p>Elektroprivreda Srbije (EPS) je saop\u0161tila da razume potrebe privrede, ali je obavezna da se vodi tr\u017ei\u0161nim i nediskriminatorskim uslovima kupovine i prodaje elektri\u010dne energije iskazanim na transparentan na\u010din na evropskim referentnim berzama.<\/p>\n<p>EPS je podsetio da mu je 2014. Zakonom o energetici propisana obaveza da se pona\u0161a tr\u017ei\u0161no, kao jedan od 63 licencirana snabdeva\u010da i da iza\u0111e na tr\u017ei\u0161te.<\/p>\n<blockquote><p>O\u010dekujemo odluku Vlade Srbije kako bio na legalan na\u010din mogli da privredi ponudi adekvatnije cene<\/p><\/blockquote>\n<p>U slu\u010daju ugovaranja povla\u0161\u0107ene damping cene sa privrednim kupcima EPS bi druge snabdeva\u010de doveo u nepovoljniji polo\u017eaj kao u\u010desnike na tr\u017ei\u0161tu. Ovakvi ugovori su, kako je naveo EPS, zabranjeni i ni\u0161tavi ukoliko je cilj ili posledica zna\u010dajno ograni\u010davanje, naru\u0161avanje ili spre\u010davanje konkurencije.<\/p>\n<p>Komisija za za\u0161titu konkurencije bi, dodaju, mogla da uradi analizu tr\u017ei\u0161ta i kazni eventualne prekr\u0161ioce zbog naru\u0161avanja tr\u017ei\u0161ta.<\/p>\n<p>Ali, EPS , ipak navodi da o\u010dekuje odluku Vlade Srbije kako bio na zakonit na\u010din mogli da privredi ponudi adekvatnije cene u uslovima svetske energetske krize.<\/p>\n","protected":false},"excerpt":{"rendered":"<p>Elektroprivreda Srbije o\u010dekuje odluku Vlade Srbije kako bi na zakonit na\u010din mogla firmama da ponudi adekvatnije cene. <\/p>\n","protected":false},"author":23,"featured_media":42485,"comment_status":"open","ping_status":"open","sticky":false,"template":"","format":"standard","meta":{"_acf_changed":false,"_monsterinsights_skip_tracking":false,"_monsterinsights_sitenote_active":false,"_monsterinsights_sitenote_note":"","_monsterinsights_sitenote_category":0,"footnotes":""},"categories":[504],"tags":[2056,190,1243,4963],"class_list":["post-42474","post","type-post","status-publish","format-standard","has-post-thumbnail","hentry","category-elektricna-energija","tag-cena-elektricne-energije","tag-eps","tag-trziste-elektricne-energije","tag-zorana-mihajlovic","country-srbija"],"acf":[],"yoast_head":"<!-- This site is optimized with the Yoast SEO plugin v27.4 - https:\/\/yoast.com\/product\/yoast-seo-wordpress\/ -->\n<title>Brnabi\u0107: Srbija ne\u0107e ograni\u010diti cene elektri\u010dne energije<\/title>\n<meta name=\"description\" content=\"Elektroprivreda Srbije o\u010dekuje odluku Vlade Srbije kako bi na zakonit na\u010din mogla firmama da ponudi adekvatnije cene.\" \/>\n<meta name=\"robots\" content=\"index, follow, max-snippet:-1, max-image-preview:large, max-video-preview:-1\" \/>\n<link rel=\"canonical\" href=\"https:\/\/balkangreenenergynews.com\/rs\/brnabic-srbija-nece-ograniciti-cene-elektricne-energije\/\" \/>\n<meta property=\"og:locale\" content=\"sr_RS\" \/>\n<meta property=\"og:type\" content=\"article\" \/>\n<meta property=\"og:title\" content=\"Brnabi\u0107: Srbija ne\u0107e ograni\u010diti cene elektri\u010dne energije\" \/>\n<meta property=\"og:description\" content=\"Elektroprivreda Srbije o\u010dekuje odluku Vlade Srbije kako bi na zakonit na\u010din mogla firmama da ponudi adekvatnije cene.\" \/>\n<meta property=\"og:url\" content=\"https:\/\/balkangreenenergynews.com\/rs\/brnabic-srbija-nece-ograniciti-cene-elektricne-energije\/\" \/>\n<meta property=\"og:site_name\" content=\"Balkan Green Energy News\" \/>\n<meta property=\"article:published_time\" content=\"2021-10-18T13:16:39+00:00\" \/>\n<meta property=\"article:modified_time\" content=\"2021-10-19T11:21:20+00:00\" \/>\n<meta property=\"og:image\" content=\"https:\/\/balkangreenenergynews.com\/rs\/wp-content\/uploads\/2021\/10\/Brnabic-Srbija-nece-ogranicavati-cene-elektricne-energije.jpg\" \/>\n\t<meta property=\"og:image:width\" content=\"840\" \/>\n\t<meta property=\"og:image:height\" content=\"430\" \/>\n\t<meta property=\"og:image:type\" content=\"image\/jpeg\" \/>\n<meta name=\"author\" content=\"Vladimir Spasi\u0107\" \/>\n<meta name=\"twitter:card\" content=\"summary_large_image\" \/>\n<meta name=\"twitter:label1\" content=\"\u041d\u0430\u043f\u0438\u0441\u0430\u043d\u043e \u043e\u0434\" \/>\n\t<meta name=\"twitter:data1\" content=\"Vladimir Spasi\u0107\" \/>\n\t<meta name=\"twitter:label2\" content=\"\u041f\u0440\u043e\u0446\u0435\u045a\u0435\u043d\u043e \u0432\u0440\u0435\u043c\u0435 \u0447\u0438\u0442\u0430\u045a\u0430\" \/>\n\t<meta name=\"twitter:data2\" content=\"4 \u043c\u0438\u043d\u0443\u0442\u0430\" \/>\n<script type=\"application\/ld+json\" class=\"yoast-schema-graph\">{\"@context\":\"https:\\\/\\\/schema.org\",\"@graph\":[{\"@type\":\"Article\",\"@id\":\"https:\\\/\\\/balkangreenenergynews.com\\\/rs\\\/brnabic-srbija-nece-ograniciti-cene-elektricne-energije\\\/#article\",\"isPartOf\":{\"@id\":\"https:\\\/\\\/balkangreenenergynews.com\\\/rs\\\/brnabic-srbija-nece-ograniciti-cene-elektricne-energije\\\/\"},\"author\":{\"name\":\"Vladimir Spasi\u0107\",\"@id\":\"https:\\\/\\\/balkangreenenergynews.com\\\/rs\\\/#\\\/schema\\\/person\\\/99dc721c46113fea22caffad06ef7317\"},\"headline\":\"Brnabi\u0107: Srbija ne\u0107e ograni\u010diti cene elektri\u010dne energije\",\"datePublished\":\"2021-10-18T13:16:39+00:00\",\"dateModified\":\"2021-10-19T11:21:20+00:00\",\"mainEntityOfPage\":{\"@id\":\"https:\\\/\\\/balkangreenenergynews.com\\\/rs\\\/brnabic-srbija-nece-ograniciti-cene-elektricne-energije\\\/\"},\"wordCount\":802,\"commentCount\":0,\"image\":{\"@id\":\"https:\\\/\\\/balkangreenenergynews.com\\\/rs\\\/brnabic-srbija-nece-ograniciti-cene-elektricne-energije\\\/#primaryimage\"},\"thumbnailUrl\":\"https:\\\/\\\/balkangreenenergynews.com\\\/rs\\\/wp-content\\\/uploads\\\/2021\\\/10\\\/Brnabic-Srbija-nece-ogranicavati-cene-elektricne-energije.jpg?wsr\",\"keywords\":[\"cena elektri\u010dne energije\",\"EPS\",\"tr\u017ei\u0161te elektri\u010dne energije\",\"Zorana Mihajlovi\u0107\"],\"articleSection\":[\"Elektri\u010dna energija\"],\"inLanguage\":\"sr-RS\",\"potentialAction\":[{\"@type\":\"CommentAction\",\"name\":\"Comment\",\"target\":[\"https:\\\/\\\/balkangreenenergynews.com\\\/rs\\\/brnabic-srbija-nece-ograniciti-cene-elektricne-energije\\\/#respond\"]}]},{\"@type\":\"WebPage\",\"@id\":\"https:\\\/\\\/balkangreenenergynews.com\\\/rs\\\/brnabic-srbija-nece-ograniciti-cene-elektricne-energije\\\/\",\"url\":\"https:\\\/\\\/balkangreenenergynews.com\\\/rs\\\/brnabic-srbija-nece-ograniciti-cene-elektricne-energije\\\/\",\"name\":\"Brnabi\u0107: Srbija ne\u0107e ograni\u010diti cene elektri\u010dne energije\",\"isPartOf\":{\"@id\":\"https:\\\/\\\/balkangreenenergynews.com\\\/rs\\\/#website\"},\"primaryImageOfPage\":{\"@id\":\"https:\\\/\\\/balkangreenenergynews.com\\\/rs\\\/brnabic-srbija-nece-ograniciti-cene-elektricne-energije\\\/#primaryimage\"},\"image\":{\"@id\":\"https:\\\/\\\/balkangreenenergynews.com\\\/rs\\\/brnabic-srbija-nece-ograniciti-cene-elektricne-energije\\\/#primaryimage\"},\"thumbnailUrl\":\"https:\\\/\\\/balkangreenenergynews.com\\\/rs\\\/wp-content\\\/uploads\\\/2021\\\/10\\\/Brnabic-Srbija-nece-ogranicavati-cene-elektricne-energije.jpg?wsr\",\"datePublished\":\"2021-10-18T13:16:39+00:00\",\"dateModified\":\"2021-10-19T11:21:20+00:00\",\"author\":{\"@id\":\"https:\\\/\\\/balkangreenenergynews.com\\\/rs\\\/#\\\/schema\\\/person\\\/99dc721c46113fea22caffad06ef7317\"},\"description\":\"Elektroprivreda Srbije o\u010dekuje odluku Vlade Srbije kako bi na zakonit na\u010din mogla firmama da ponudi adekvatnije cene.\",\"breadcrumb\":{\"@id\":\"https:\\\/\\\/balkangreenenergynews.com\\\/rs\\\/brnabic-srbija-nece-ograniciti-cene-elektricne-energije\\\/#breadcrumb\"},\"inLanguage\":\"sr-RS\",\"potentialAction\":[{\"@type\":\"ReadAction\",\"target\":[\"https:\\\/\\\/balkangreenenergynews.com\\\/rs\\\/brnabic-srbija-nece-ograniciti-cene-elektricne-energije\\\/\"]}]},{\"@type\":\"ImageObject\",\"inLanguage\":\"sr-RS\",\"@id\":\"https:\\\/\\\/balkangreenenergynews.com\\\/rs\\\/brnabic-srbija-nece-ograniciti-cene-elektricne-energije\\\/#primaryimage\",\"url\":\"https:\\\/\\\/balkangreenenergynews.com\\\/rs\\\/wp-content\\\/uploads\\\/2021\\\/10\\\/Brnabic-Srbija-nece-ogranicavati-cene-elektricne-energije.jpg?wsr\",\"contentUrl\":\"https:\\\/\\\/balkangreenenergynews.com\\\/rs\\\/wp-content\\\/uploads\\\/2021\\\/10\\\/Brnabic-Srbija-nece-ogranicavati-cene-elektricne-energije.jpg?wsr\",\"width\":840,\"height\":430,\"caption\":\"Brnabic Srbija nece ogranicavati cene elektricne energije\"},{\"@type\":\"BreadcrumbList\",\"@id\":\"https:\\\/\\\/balkangreenenergynews.com\\\/rs\\\/brnabic-srbija-nece-ograniciti-cene-elektricne-energije\\\/#breadcrumb\",\"itemListElement\":[{\"@type\":\"ListItem\",\"position\":1,\"name\":\"Po\u010detna\",\"item\":\"https:\\\/\\\/balkangreenenergynews.com\\\/rs\\\/\"},{\"@type\":\"ListItem\",\"position\":2,\"name\":\"Vesti\",\"item\":\"https:\\\/\\\/balkangreenenergynews.com\\\/rs\\\/kategorija\\\/vesti\\\/\"},{\"@type\":\"ListItem\",\"position\":3,\"name\":\"Elektri\u010dna energija\",\"item\":\"https:\\\/\\\/balkangreenenergynews.com\\\/rs\\\/kategorija\\\/vesti\\\/elektricna-energija\\\/\"},{\"@type\":\"ListItem\",\"position\":4,\"name\":\"Brnabi\u0107: Srbija ne\u0107e ograni\u010diti cene elektri\u010dne energije\"}]},{\"@type\":\"WebSite\",\"@id\":\"https:\\\/\\\/balkangreenenergynews.com\\\/rs\\\/#website\",\"url\":\"https:\\\/\\\/balkangreenenergynews.com\\\/rs\\\/\",\"name\":\"Balkan Green Energy News\",\"description\":\"Naj\u0161iri izbor vesti sa Balkana o zelenoj energiji\",\"potentialAction\":[{\"@type\":\"SearchAction\",\"target\":{\"@type\":\"EntryPoint\",\"urlTemplate\":\"https:\\\/\\\/balkangreenenergynews.com\\\/rs\\\/?s={search_term_string}\"},\"query-input\":{\"@type\":\"PropertyValueSpecification\",\"valueRequired\":true,\"valueName\":\"search_term_string\"}}],\"inLanguage\":\"sr-RS\"},{\"@type\":\"Person\",\"@id\":\"https:\\\/\\\/balkangreenenergynews.com\\\/rs\\\/#\\\/schema\\\/person\\\/99dc721c46113fea22caffad06ef7317\",\"name\":\"Vladimir Spasi\u0107\",\"url\":\"https:\\\/\\\/balkangreenenergynews.com\\\/rs\\\/author\\\/vladimir-spasic\\\/\"}]}<\/script>\n<!-- \/ Yoast SEO plugin. -->","yoast_head_json":{"title":"Brnabi\u0107: Srbija ne\u0107e ograni\u010diti cene elektri\u010dne energije","description":"Elektroprivreda Srbije o\u010dekuje odluku Vlade Srbije kako bi na zakonit na\u010din mogla firmama da ponudi adekvatnije cene.","robots":{"index":"index","follow":"follow","max-snippet":"max-snippet:-1","max-image-preview":"max-image-preview:large","max-video-preview":"max-video-preview:-1"},"canonical":"https:\/\/balkangreenenergynews.com\/rs\/brnabic-srbija-nece-ograniciti-cene-elektricne-energije\/","og_locale":"sr_RS","og_type":"article","og_title":"Brnabi\u0107: Srbija ne\u0107e ograni\u010diti cene elektri\u010dne energije","og_description":"Elektroprivreda Srbije o\u010dekuje odluku Vlade Srbije kako bi na zakonit na\u010din mogla firmama da ponudi adekvatnije cene.","og_url":"https:\/\/balkangreenenergynews.com\/rs\/brnabic-srbija-nece-ograniciti-cene-elektricne-energije\/","og_site_name":"Balkan Green Energy News","article_published_time":"2021-10-18T13:16:39+00:00","article_modified_time":"2021-10-19T11:21:20+00:00","og_image":[{"width":840,"height":430,"url":"https:\/\/balkangreenenergynews.com\/rs\/wp-content\/uploads\/2021\/10\/Brnabic-Srbija-nece-ogranicavati-cene-elektricne-energije.jpg","type":"image\/jpeg"}],"author":"Vladimir Spasi\u0107","twitter_card":"summary_large_image","twitter_misc":{"\u041d\u0430\u043f\u0438\u0441\u0430\u043d\u043e \u043e\u0434":"Vladimir Spasi\u0107","\u041f\u0440\u043e\u0446\u0435\u045a\u0435\u043d\u043e \u0432\u0440\u0435\u043c\u0435 \u0447\u0438\u0442\u0430\u045a\u0430":"4 \u043c\u0438\u043d\u0443\u0442\u0430"},"schema":{"@context":"https:\/\/schema.org","@graph":[{"@type":"Article","@id":"https:\/\/balkangreenenergynews.com\/rs\/brnabic-srbija-nece-ograniciti-cene-elektricne-energije\/#article","isPartOf":{"@id":"https:\/\/balkangreenenergynews.com\/rs\/brnabic-srbija-nece-ograniciti-cene-elektricne-energije\/"},"author":{"name":"Vladimir Spasi\u0107","@id":"https:\/\/balkangreenenergynews.com\/rs\/#\/schema\/person\/99dc721c46113fea22caffad06ef7317"},"headline":"Brnabi\u0107: Srbija ne\u0107e ograni\u010diti cene elektri\u010dne energije","datePublished":"2021-10-18T13:16:39+00:00","dateModified":"2021-10-19T11:21:20+00:00","mainEntityOfPage":{"@id":"https:\/\/balkangreenenergynews.com\/rs\/brnabic-srbija-nece-ograniciti-cene-elektricne-energije\/"},"wordCount":802,"commentCount":0,"image":{"@id":"https:\/\/balkangreenenergynews.com\/rs\/brnabic-srbija-nece-ograniciti-cene-elektricne-energije\/#primaryimage"},"thumbnailUrl":"https:\/\/balkangreenenergynews.com\/rs\/wp-content\/uploads\/2021\/10\/Brnabic-Srbija-nece-ogranicavati-cene-elektricne-energije.jpg?wsr","keywords":["cena elektri\u010dne energije","EPS","tr\u017ei\u0161te elektri\u010dne energije","Zorana Mihajlovi\u0107"],"articleSection":["Elektri\u010dna energija"],"inLanguage":"sr-RS","potentialAction":[{"@type":"CommentAction","name":"Comment","target":["https:\/\/balkangreenenergynews.com\/rs\/brnabic-srbija-nece-ograniciti-cene-elektricne-energije\/#respond"]}]},{"@type":"WebPage","@id":"https:\/\/balkangreenenergynews.com\/rs\/brnabic-srbija-nece-ograniciti-cene-elektricne-energije\/","url":"https:\/\/balkangreenenergynews.com\/rs\/brnabic-srbija-nece-ograniciti-cene-elektricne-energije\/","name":"Brnabi\u0107: Srbija ne\u0107e ograni\u010diti cene elektri\u010dne energije","isPartOf":{"@id":"https:\/\/balkangreenenergynews.com\/rs\/#website"},"primaryImageOfPage":{"@id":"https:\/\/balkangreenenergynews.com\/rs\/brnabic-srbija-nece-ograniciti-cene-elektricne-energije\/#primaryimage"},"image":{"@id":"https:\/\/balkangreenenergynews.com\/rs\/brnabic-srbija-nece-ograniciti-cene-elektricne-energije\/#primaryimage"},"thumbnailUrl":"https:\/\/balkangreenenergynews.com\/rs\/wp-content\/uploads\/2021\/10\/Brnabic-Srbija-nece-ogranicavati-cene-elektricne-energije.jpg?wsr","datePublished":"2021-10-18T13:16:39+00:00","dateModified":"2021-10-19T11:21:20+00:00","author":{"@id":"https:\/\/balkangreenenergynews.com\/rs\/#\/schema\/person\/99dc721c46113fea22caffad06ef7317"},"description":"Elektroprivreda Srbije o\u010dekuje odluku Vlade Srbije kako bi na zakonit na\u010din mogla firmama da ponudi adekvatnije cene.","breadcrumb":{"@id":"https:\/\/balkangreenenergynews.com\/rs\/brnabic-srbija-nece-ograniciti-cene-elektricne-energije\/#breadcrumb"},"inLanguage":"sr-RS","potentialAction":[{"@type":"ReadAction","target":["https:\/\/balkangreenenergynews.com\/rs\/brnabic-srbija-nece-ograniciti-cene-elektricne-energije\/"]}]},{"@type":"ImageObject","inLanguage":"sr-RS","@id":"https:\/\/balkangreenenergynews.com\/rs\/brnabic-srbija-nece-ograniciti-cene-elektricne-energije\/#primaryimage","url":"https:\/\/balkangreenenergynews.com\/rs\/wp-content\/uploads\/2021\/10\/Brnabic-Srbija-nece-ogranicavati-cene-elektricne-energije.jpg?wsr","contentUrl":"https:\/\/balkangreenenergynews.com\/rs\/wp-content\/uploads\/2021\/10\/Brnabic-Srbija-nece-ogranicavati-cene-elektricne-energije.jpg?wsr","width":840,"height":430,"caption":"Brnabic Srbija nece ogranicavati cene elektricne energije"},{"@type":"BreadcrumbList","@id":"https:\/\/balkangreenenergynews.com\/rs\/brnabic-srbija-nece-ograniciti-cene-elektricne-energije\/#breadcrumb","itemListElement":[{"@type":"ListItem","position":1,"name":"Po\u010detna","item":"https:\/\/balkangreenenergynews.com\/rs\/"},{"@type":"ListItem","position":2,"name":"Vesti","item":"https:\/\/balkangreenenergynews.com\/rs\/kategorija\/vesti\/"},{"@type":"ListItem","position":3,"name":"Elektri\u010dna energija","item":"https:\/\/balkangreenenergynews.com\/rs\/kategorija\/vesti\/elektricna-energija\/"},{"@type":"ListItem","position":4,"name":"Brnabi\u0107: Srbija ne\u0107e ograni\u010diti cene elektri\u010dne energije"}]},{"@type":"WebSite","@id":"https:\/\/balkangreenenergynews.com\/rs\/#website","url":"https:\/\/balkangreenenergynews.com\/rs\/","name":"Balkan Green Energy News","description":"Naj\u0161iri izbor vesti sa Balkana o zelenoj energiji","potentialAction":[{"@type":"SearchAction","target":{"@type":"EntryPoint","urlTemplate":"https:\/\/balkangreenenergynews.com\/rs\/?s={search_term_string}"},"query-input":{"@type":"PropertyValueSpecification","valueRequired":true,"valueName":"search_term_string"}}],"inLanguage":"sr-RS"},{"@type":"Person","@id":"https:\/\/balkangreenenergynews.com\/rs\/#\/schema\/person\/99dc721c46113fea22caffad06ef7317","name":"Vladimir Spasi\u0107","url":"https:\/\/balkangreenenergynews.com\/rs\/author\/vladimir-spasic\/"}]}},"_links":{"self":[{"href":"https:\/\/balkangreenenergynews.com\/rs\/wp-json\/wp\/v2\/posts\/42474","targetHints":{"allow":["GET"]}}],"collection":[{"href":"https:\/\/balkangreenenergynews.com\/rs\/wp-json\/wp\/v2\/posts"}],"about":[{"href":"https:\/\/balkangreenenergynews.com\/rs\/wp-json\/wp\/v2\/types\/post"}],"author":[{"embeddable":true,"href":"https:\/\/balkangreenenergynews.com\/rs\/wp-json\/wp\/v2\/users\/23"}],"replies":[{"embeddable":true,"href":"https:\/\/balkangreenenergynews.com\/rs\/wp-json\/wp\/v2\/comments?post=42474"}],"version-history":[{"count":0,"href":"https:\/\/balkangreenenergynews.com\/rs\/wp-json\/wp\/v2\/posts\/42474\/revisions"}],"wp:featuredmedia":[{"embeddable":true,"href":"https:\/\/balkangreenenergynews.com\/rs\/wp-json\/wp\/v2\/media\/42485"}],"wp:attachment":[{"href":"https:\/\/balkangreenenergynews.com\/rs\/wp-json\/wp\/v2\/media?parent=42474"}],"wp:term":[{"taxonomy":"category","embeddable":true,"href":"https:\/\/balkangreenenergynews.com\/rs\/wp-json\/wp\/v2\/categories?post=42474"},{"taxonomy":"post_tag","embeddable":true,"href":"https:\/\/balkangreenenergynews.com\/rs\/wp-json\/wp\/v2\/tags?post=42474"}],"curies":[{"name":"wp","href":"https:\/\/api.w.org\/{rel}","templated":true}]}}