{"id":42385,"date":"2021-10-13T19:12:05","date_gmt":"2021-10-13T17:12:05","guid":{"rendered":"https:\/\/balkangreenenergynews.com\/rs\/?p=42385"},"modified":"2022-04-07T16:11:54","modified_gmt":"2022-04-07T14:11:54","slug":"nemacka-investicija-u-vetropark-u-severnoj-makedoniji-veca-od-pola-milijarde-evra","status":"publish","type":"post","link":"https:\/\/balkangreenenergynews.com\/rs\/nemacka-investicija-u-vetropark-u-severnoj-makedoniji-veca-od-pola-milijarde-evra\/","title":{"rendered":"Nema\u010dka investicija u vetropark u Severnoj Makedoniji ve\u0107a od pola milijarde evra"},"content":{"rendered":"<h2>Nema\u010dka kompanija wpd \u0107e izgraditi vetropark od 425 megavata u Severnoj Makedoniji, izjavio je premijer Zoran Zaev i dodao da \u0107e to biti najve\u0107a dosada\u0161nja grinfild investicija u zemlji. Projekat je procenjen na preko 500 miliona evra.<\/h2>\n<p>Severna Makedonija je pre mesec dana proglasila dva projekta elektrana na obnovljive izvore <a href=\"https:\/\/balkangreenenergynews.com\/rs\/projekti-kompanija-eft-i-wpd-proglaseni-strateskim-u-severnoj-makedoniji\/\">strate\u0161kim investicijama.<\/a> Nema\u010dka kompanija <a href=\"https:\/\/balkangreenenergynews.com\/rs\/wpd-trazi-dozvolu-za-gradnju-vetroelektrane-brajici\/\">wpd<\/a> namerava da podigne vetropark Virovi snage 415 MW u pojasu od Kumanova preko Starog Nagori\u010dana i Rankovca do Krive Palanke na severoistoku zemlje. EFT razvija projekat solarne elektrane u Erd\u017eeliji <a href=\"https:\/\/balkangreenenergynews.com\/rs\/severna-makedonija-najavila-3-1-milijardu-evra-investicija-u-energetiku-do-2027\/\">kod Svetog Nikole<\/a> malo ju\u017enije odatle.<\/p>\n<p>Vetropark kojeg se wpd sprema da instalira ima\u0107e 69 turbina a, s vredno\u0161\u0107u od 500 miliona evra, bi\u0107e najve\u0107a grinfild investicija u Severnoj Makedoniji od sticanja nezavisnosti 1991. godine, izjavio je premijer Zoran Zaev na konferenciji za \u0161tampu s ambasadorkom Nema\u010dke Anke Holstein.<\/p>\n<h3>Virovi \u0107e biti najve\u0107a elektrana na obnovljive izvore u Severnoj Makedoniji<\/h3>\n<p>Vlada \u017eeli ukupno 1,5 gigavat u fotonaponskim postrojenjima i 700 megavata u vetroelektranama, dodao je. Zaev je podsetio da <a href=\"https:\/\/balkangreenenergynews.com\/rs\/nemacka-severnoj-makedoniji-odobrila-805-miliona-evra-povoljnih-kredita-za-energetiku\/\">Bogdanci,<\/a> jedina vetrofarma u Severnoj Makedoniji, ima 16 turbina. Kapacitet joj je 36,8 megavata, ali treba da bude pro\u0161irena <a href=\"https:\/\/balkangreenenergynews.com\/rs\/severna-makedonija-trazi-izvodaca-za-prosirenje-vetroelektrane-bogdanci\/\">za jo\u0161 do 15 megavata.<\/a> Dr\u017eavni proizvo\u0111a\u010d elektri\u010dne energije Elektrani na Severna Makedonija, vlasnik tog postrojenja, tako\u0111e ima projekat vetroelektrane od <a href=\"https:\/\/balkangreenenergynews.com\/rs\/nova-etapa-za-solarne-projekte-esm-vetropark-od-ukupno-210-mw-u-severnoj-makedoniji\/\">50 megavata u \u0110ev\u0111eliji.<\/a><\/p>\n<p>Premijer je kazao da ukupni kapacitet Bogdanaca, Virova i drugih budu\u0107ih vetroelektrana koje je vlada odobrila prema\u0161uje 600 megavata. Investitori u privatni vetropark <a href=\"https:\/\/balkangreenenergynews.com\/rs\/obezbedeno-finansiranje-za-bogoslovec-prvi-privatni-vetropark-u-severnoj-makedoniji\/\">Bogoslovec,<\/a> planirane snage 36 megavata, u junu su zatvorili finansijsku konstrukciju.<\/p>\n<p>Virovi bi po svojoj zami\u0161ljenoj snazi bili najve\u0107a elektrana na obnovljive izvore u Severnoj Makedoniji. Najve\u0107a hidroelektrana, Vrutok, ima kapacitet 165,6 megavata, po ESM-ovim podacima. U kompleksu uglja REK Bitola kojim ta dr\u017eavna elektroprivreda radi najve\u0107a elektrana u zemlji, snage 700 megavata, ali obi\u010dno su u funkciji dva od tri bloka.<\/p>\n<h3>Bez vladine finansijske podr\u0161ke<\/h3>\n<p>Zaev je naveo da \u0107e wpd-ovo postrojenje proizvoditi dovoljno elektri\u010dne energije za 290.000 doma\u0107instava i da ne\u0107e imati pravo ni na kakva dr\u017eavna sredstva. Otkrio je da \u0107e se poduhvat sprovesti u delo u vi\u0161e faza.<\/p>\n<p>Kompanija je ocenila da \u0107e projekat biti vredan i vi\u0161e od 500 miliona evra. Kako ka\u017eu predstavnici wpd-a, za izgradnju i upravljanje bi\u0107e anga\u017eovana doma\u0107a radna snaga kao i lokalni snabdeva\u010di. Ta nema\u010dka firma je obe\u0107ala da \u0107e unaprediti energetsku i putnu infrastrukturu u oblasti u kojoj \u0107e raditi.<\/p>\n<p>Ona u regionu deluje preko svoje podru\u017enice <a href=\"https:\/\/balkangreenenergynews.com\/rs\/pravilna-procena-uticaja-na-zivotnu-sredinu-i-saradnja-sa-lokalnom-zajednicom-kljucni-za-projekte-oie\/\">wpd Adria.<\/a> Ve\u0107 poseduje \u010detiri vetroelektrane u Hrvatskoj i razvija projekat Braji\u0107i u Crnoj Gori. Pored toga planira da izgradi postrojenja ukupne snage <a href=\"https:\/\/balkangreenenergynews.com\/rs\/wpd-adria-namerava-da-investira-15-milijardi-evra-u-vetroparkove-snage-12-gw-u-bih-i-hrvatskoj\/\">najmanje 1,2 gigavata<\/a>\u00a0u\u00a0<a href=\"https:\/\/balkangreenenergynews.com\/rs\/wpd-ce-u-gracacu-s-t-t-energijom-izgraditi-vetropark-od-120-megavata\/\">Hrvatskoj<\/a>\u00a0i\u00a0<a href=\"https:\/\/balkangreenenergynews.com\/rs\/wpd-adria-priprema-gradnju-tri-vetroparka-snage-11-gw\/\">Bosni i Hercegovini,<\/a>\u00a0uklju\u010duju\u0107i\u00a0<a href=\"https:\/\/balkangreenenergynews.com\/rs\/wpd-adria-razvija-projekat-solarne-elektrane-na-lokaciji-svog-vetroparka\/\">solarni park kod Dubrovnika.<\/a><\/p>\n<p>Kako je navedeno na veb stranici wpd Adrije, zainteresovana je za ulaganja \u0161irom teritorije nekada\u0161nje Jugoslavije i u Albaniji.<\/p>\n<p><a href=\"https:\/\/balkangreenenergynews.com\/rs\/nemacka-severnoj-makedoniji-odobrila-805-miliona-evra-povoljnih-kredita-za-energetiku\/\">Nema\u010dka razvojna banka KfW<\/a> je u februaru Severnoj Makedoniji odobrila paket pozajmica od 80,5 miliona evra po povoljnim uslovima za ESM-ove projekte u energetici kao i grant od 2,4 miliona evra za sektor obnovljivih izvora. Nema\u010dka ima <a href=\"https:\/\/balkangreenenergynews.com\/rs\/nemacka-odobrila-72-milion-evra-grantova-i-kredita-za-zelenu-enegiju-i-ekologiju-na-kosovu\/\">sli\u010dne sporazume<\/a> s Kosovom* i Srbijom.<\/p>\n<p>&nbsp;<\/p>\n<p>ISPRAVKA: Iz \u010dlanka je izbrisana informacija da \u0107e kredit biti iskori\u0161\u0107en i za prebacivanje elektrana sa uglja na gas. KfW je pojasnio da &#8222;u principu ne finansira ikakve investicije u proizvodnju struje iz gasa&#8220;.<\/p>\n","protected":false},"excerpt":{"rendered":"<p>Zaev: Vetropark nema\u010dke kompanije wpd od 500 miliona evra bi\u0107e najve\u0107a grinfild investicija u Severnoj Makedoniji do sada<\/p>\n","protected":false},"author":27,"featured_media":42388,"comment_status":"open","ping_status":"open","sticky":false,"template":"","format":"standard","meta":{"_acf_changed":false,"_monsterinsights_skip_tracking":false,"_monsterinsights_sitenote_active":false,"_monsterinsights_sitenote_note":"","_monsterinsights_sitenote_category":0,"footnotes":""},"categories":[1],"tags":[647,1890,2341,5060],"class_list":["post-42385","post","type-post","status-publish","format-standard","has-post-thumbnail","hentry","category-obnovljivi-izvori-energije","tag-obnovljivi-izvori-energije","tag-solarne-elektrane","tag-vetroelektrane","tag-wpd","country-makedonija"],"acf":[],"yoast_head":"<!-- This site is optimized with the Yoast SEO plugin v27.4 - https:\/\/yoast.com\/product\/yoast-seo-wordpress\/ -->\n<title>Nema\u010dka investicija u vetropark u Severnoj Makedoniji ve\u0107a od pola milijarde evra<\/title>\n<meta name=\"description\" content=\"Zaev: Vetropark nema\u010dke kompanije wpd od 500 miliona evra bi\u0107e najve\u0107a grinfild investicija u Severnoj Makedoniji do sada\" \/>\n<meta name=\"robots\" content=\"index, follow, max-snippet:-1, max-image-preview:large, max-video-preview:-1\" \/>\n<link rel=\"canonical\" href=\"https:\/\/balkangreenenergynews.com\/rs\/nemacka-investicija-u-vetropark-u-severnoj-makedoniji-veca-od-pola-milijarde-evra\/\" \/>\n<meta property=\"og:locale\" content=\"sr_RS\" \/>\n<meta property=\"og:type\" content=\"article\" \/>\n<meta property=\"og:title\" content=\"Nema\u010dka investicija u vetropark u Severnoj Makedoniji ve\u0107a od pola milijarde evra\" \/>\n<meta property=\"og:description\" content=\"Zaev: Vetropark nema\u010dke kompanije wpd od 500 miliona evra bi\u0107e najve\u0107a grinfild investicija u Severnoj Makedoniji do sada\" \/>\n<meta property=\"og:url\" content=\"https:\/\/balkangreenenergynews.com\/rs\/nemacka-investicija-u-vetropark-u-severnoj-makedoniji-veca-od-pola-milijarde-evra\/\" \/>\n<meta property=\"og:site_name\" content=\"Balkan Green Energy News\" \/>\n<meta property=\"article:published_time\" content=\"2021-10-13T17:12:05+00:00\" \/>\n<meta property=\"article:modified_time\" content=\"2022-04-07T14:11:54+00:00\" \/>\n<meta property=\"og:image\" content=\"https:\/\/balkangreenenergynews.com\/rs\/wp-content\/uploads\/2021\/10\/Nemacka-investicija-vetropark-Severnoj-Makedoniji-pola-milijarde-evra.jpg\" \/>\n\t<meta property=\"og:image:width\" content=\"840\" \/>\n\t<meta property=\"og:image:height\" content=\"430\" \/>\n\t<meta property=\"og:image:type\" content=\"image\/jpeg\" \/>\n<meta name=\"author\" content=\"Igor Todorovi\u0107\" \/>\n<meta name=\"twitter:card\" content=\"summary_large_image\" \/>\n<meta name=\"twitter:label1\" content=\"\u041d\u0430\u043f\u0438\u0441\u0430\u043d\u043e \u043e\u0434\" \/>\n\t<meta name=\"twitter:data1\" content=\"Igor Todorovi\u0107\" \/>\n\t<meta name=\"twitter:label2\" content=\"\u041f\u0440\u043e\u0446\u0435\u045a\u0435\u043d\u043e \u0432\u0440\u0435\u043c\u0435 \u0447\u0438\u0442\u0430\u045a\u0430\" \/>\n\t<meta name=\"twitter:data2\" content=\"3 \u043c\u0438\u043d\u0443\u0442\u0430\" \/>\n<script type=\"application\/ld+json\" class=\"yoast-schema-graph\">{\"@context\":\"https:\\\/\\\/schema.org\",\"@graph\":[{\"@type\":\"Article\",\"@id\":\"https:\\\/\\\/balkangreenenergynews.com\\\/rs\\\/nemacka-investicija-u-vetropark-u-severnoj-makedoniji-veca-od-pola-milijarde-evra\\\/#article\",\"isPartOf\":{\"@id\":\"https:\\\/\\\/balkangreenenergynews.com\\\/rs\\\/nemacka-investicija-u-vetropark-u-severnoj-makedoniji-veca-od-pola-milijarde-evra\\\/\"},\"author\":{\"name\":\"Igor Todorovi\u0107\",\"@id\":\"https:\\\/\\\/balkangreenenergynews.com\\\/rs\\\/#\\\/schema\\\/person\\\/d8f80a244c4e9f2b55e4f6968c253246\"},\"headline\":\"Nema\u010dka investicija u vetropark u Severnoj Makedoniji ve\u0107a od pola milijarde evra\",\"datePublished\":\"2021-10-13T17:12:05+00:00\",\"dateModified\":\"2022-04-07T14:11:54+00:00\",\"mainEntityOfPage\":{\"@id\":\"https:\\\/\\\/balkangreenenergynews.com\\\/rs\\\/nemacka-investicija-u-vetropark-u-severnoj-makedoniji-veca-od-pola-milijarde-evra\\\/\"},\"wordCount\":567,\"commentCount\":0,\"image\":{\"@id\":\"https:\\\/\\\/balkangreenenergynews.com\\\/rs\\\/nemacka-investicija-u-vetropark-u-severnoj-makedoniji-veca-od-pola-milijarde-evra\\\/#primaryimage\"},\"thumbnailUrl\":\"https:\\\/\\\/balkangreenenergynews.com\\\/rs\\\/wp-content\\\/uploads\\\/2021\\\/10\\\/Nemacka-investicija-vetropark-Severnoj-Makedoniji-pola-milijarde-evra.jpg?wsr\",\"keywords\":[\"obnovljivi izvori energije\",\"solarne elektrane\",\"vetroelektrane\",\"wpd\"],\"articleSection\":[\"OIE\"],\"inLanguage\":\"sr-RS\",\"potentialAction\":[{\"@type\":\"CommentAction\",\"name\":\"Comment\",\"target\":[\"https:\\\/\\\/balkangreenenergynews.com\\\/rs\\\/nemacka-investicija-u-vetropark-u-severnoj-makedoniji-veca-od-pola-milijarde-evra\\\/#respond\"]}]},{\"@type\":\"WebPage\",\"@id\":\"https:\\\/\\\/balkangreenenergynews.com\\\/rs\\\/nemacka-investicija-u-vetropark-u-severnoj-makedoniji-veca-od-pola-milijarde-evra\\\/\",\"url\":\"https:\\\/\\\/balkangreenenergynews.com\\\/rs\\\/nemacka-investicija-u-vetropark-u-severnoj-makedoniji-veca-od-pola-milijarde-evra\\\/\",\"name\":\"Nema\u010dka investicija u vetropark u Severnoj Makedoniji ve\u0107a od pola milijarde evra\",\"isPartOf\":{\"@id\":\"https:\\\/\\\/balkangreenenergynews.com\\\/rs\\\/#website\"},\"primaryImageOfPage\":{\"@id\":\"https:\\\/\\\/balkangreenenergynews.com\\\/rs\\\/nemacka-investicija-u-vetropark-u-severnoj-makedoniji-veca-od-pola-milijarde-evra\\\/#primaryimage\"},\"image\":{\"@id\":\"https:\\\/\\\/balkangreenenergynews.com\\\/rs\\\/nemacka-investicija-u-vetropark-u-severnoj-makedoniji-veca-od-pola-milijarde-evra\\\/#primaryimage\"},\"thumbnailUrl\":\"https:\\\/\\\/balkangreenenergynews.com\\\/rs\\\/wp-content\\\/uploads\\\/2021\\\/10\\\/Nemacka-investicija-vetropark-Severnoj-Makedoniji-pola-milijarde-evra.jpg?wsr\",\"datePublished\":\"2021-10-13T17:12:05+00:00\",\"dateModified\":\"2022-04-07T14:11:54+00:00\",\"author\":{\"@id\":\"https:\\\/\\\/balkangreenenergynews.com\\\/rs\\\/#\\\/schema\\\/person\\\/d8f80a244c4e9f2b55e4f6968c253246\"},\"description\":\"Zaev: Vetropark nema\u010dke kompanije wpd od 500 miliona evra bi\u0107e najve\u0107a grinfild investicija u Severnoj Makedoniji do sada\",\"breadcrumb\":{\"@id\":\"https:\\\/\\\/balkangreenenergynews.com\\\/rs\\\/nemacka-investicija-u-vetropark-u-severnoj-makedoniji-veca-od-pola-milijarde-evra\\\/#breadcrumb\"},\"inLanguage\":\"sr-RS\",\"potentialAction\":[{\"@type\":\"ReadAction\",\"target\":[\"https:\\\/\\\/balkangreenenergynews.com\\\/rs\\\/nemacka-investicija-u-vetropark-u-severnoj-makedoniji-veca-od-pola-milijarde-evra\\\/\"]}]},{\"@type\":\"ImageObject\",\"inLanguage\":\"sr-RS\",\"@id\":\"https:\\\/\\\/balkangreenenergynews.com\\\/rs\\\/nemacka-investicija-u-vetropark-u-severnoj-makedoniji-veca-od-pola-milijarde-evra\\\/#primaryimage\",\"url\":\"https:\\\/\\\/balkangreenenergynews.com\\\/rs\\\/wp-content\\\/uploads\\\/2021\\\/10\\\/Nemacka-investicija-vetropark-Severnoj-Makedoniji-pola-milijarde-evra.jpg?wsr\",\"contentUrl\":\"https:\\\/\\\/balkangreenenergynews.com\\\/rs\\\/wp-content\\\/uploads\\\/2021\\\/10\\\/Nemacka-investicija-vetropark-Severnoj-Makedoniji-pola-milijarde-evra.jpg?wsr\",\"width\":840,\"height\":430,\"caption\":\"Nemacka investicija vetropark Severnoj Makedoniji pola milijarde evra\"},{\"@type\":\"BreadcrumbList\",\"@id\":\"https:\\\/\\\/balkangreenenergynews.com\\\/rs\\\/nemacka-investicija-u-vetropark-u-severnoj-makedoniji-veca-od-pola-milijarde-evra\\\/#breadcrumb\",\"itemListElement\":[{\"@type\":\"ListItem\",\"position\":1,\"name\":\"Po\u010detna\",\"item\":\"https:\\\/\\\/balkangreenenergynews.com\\\/rs\\\/\"},{\"@type\":\"ListItem\",\"position\":2,\"name\":\"Vesti\",\"item\":\"https:\\\/\\\/balkangreenenergynews.com\\\/rs\\\/kategorija\\\/vesti\\\/\"},{\"@type\":\"ListItem\",\"position\":3,\"name\":\"OIE\",\"item\":\"https:\\\/\\\/balkangreenenergynews.com\\\/rs\\\/kategorija\\\/vesti\\\/obnovljivi-izvori-energije\\\/\"},{\"@type\":\"ListItem\",\"position\":4,\"name\":\"Nema\u010dka investicija u vetropark u Severnoj Makedoniji ve\u0107a od pola milijarde evra\"}]},{\"@type\":\"WebSite\",\"@id\":\"https:\\\/\\\/balkangreenenergynews.com\\\/rs\\\/#website\",\"url\":\"https:\\\/\\\/balkangreenenergynews.com\\\/rs\\\/\",\"name\":\"Balkan Green Energy News\",\"description\":\"Naj\u0161iri izbor vesti sa Balkana o zelenoj energiji\",\"potentialAction\":[{\"@type\":\"SearchAction\",\"target\":{\"@type\":\"EntryPoint\",\"urlTemplate\":\"https:\\\/\\\/balkangreenenergynews.com\\\/rs\\\/?s={search_term_string}\"},\"query-input\":{\"@type\":\"PropertyValueSpecification\",\"valueRequired\":true,\"valueName\":\"search_term_string\"}}],\"inLanguage\":\"sr-RS\"},{\"@type\":\"Person\",\"@id\":\"https:\\\/\\\/balkangreenenergynews.com\\\/rs\\\/#\\\/schema\\\/person\\\/d8f80a244c4e9f2b55e4f6968c253246\",\"name\":\"Igor Todorovi\u0107\",\"url\":\"https:\\\/\\\/balkangreenenergynews.com\\\/rs\\\/author\\\/igor-todorovic\\\/\"}]}<\/script>\n<!-- \/ Yoast SEO plugin. -->","yoast_head_json":{"title":"Nema\u010dka investicija u vetropark u Severnoj Makedoniji ve\u0107a od pola milijarde evra","description":"Zaev: Vetropark nema\u010dke kompanije wpd od 500 miliona evra bi\u0107e najve\u0107a grinfild investicija u Severnoj Makedoniji do sada","robots":{"index":"index","follow":"follow","max-snippet":"max-snippet:-1","max-image-preview":"max-image-preview:large","max-video-preview":"max-video-preview:-1"},"canonical":"https:\/\/balkangreenenergynews.com\/rs\/nemacka-investicija-u-vetropark-u-severnoj-makedoniji-veca-od-pola-milijarde-evra\/","og_locale":"sr_RS","og_type":"article","og_title":"Nema\u010dka investicija u vetropark u Severnoj Makedoniji ve\u0107a od pola milijarde evra","og_description":"Zaev: Vetropark nema\u010dke kompanije wpd od 500 miliona evra bi\u0107e najve\u0107a grinfild investicija u Severnoj Makedoniji do sada","og_url":"https:\/\/balkangreenenergynews.com\/rs\/nemacka-investicija-u-vetropark-u-severnoj-makedoniji-veca-od-pola-milijarde-evra\/","og_site_name":"Balkan Green Energy News","article_published_time":"2021-10-13T17:12:05+00:00","article_modified_time":"2022-04-07T14:11:54+00:00","og_image":[{"width":840,"height":430,"url":"https:\/\/balkangreenenergynews.com\/rs\/wp-content\/uploads\/2021\/10\/Nemacka-investicija-vetropark-Severnoj-Makedoniji-pola-milijarde-evra.jpg","type":"image\/jpeg"}],"author":"Igor Todorovi\u0107","twitter_card":"summary_large_image","twitter_misc":{"\u041d\u0430\u043f\u0438\u0441\u0430\u043d\u043e \u043e\u0434":"Igor Todorovi\u0107","\u041f\u0440\u043e\u0446\u0435\u045a\u0435\u043d\u043e \u0432\u0440\u0435\u043c\u0435 \u0447\u0438\u0442\u0430\u045a\u0430":"3 \u043c\u0438\u043d\u0443\u0442\u0430"},"schema":{"@context":"https:\/\/schema.org","@graph":[{"@type":"Article","@id":"https:\/\/balkangreenenergynews.com\/rs\/nemacka-investicija-u-vetropark-u-severnoj-makedoniji-veca-od-pola-milijarde-evra\/#article","isPartOf":{"@id":"https:\/\/balkangreenenergynews.com\/rs\/nemacka-investicija-u-vetropark-u-severnoj-makedoniji-veca-od-pola-milijarde-evra\/"},"author":{"name":"Igor Todorovi\u0107","@id":"https:\/\/balkangreenenergynews.com\/rs\/#\/schema\/person\/d8f80a244c4e9f2b55e4f6968c253246"},"headline":"Nema\u010dka investicija u vetropark u Severnoj Makedoniji ve\u0107a od pola milijarde evra","datePublished":"2021-10-13T17:12:05+00:00","dateModified":"2022-04-07T14:11:54+00:00","mainEntityOfPage":{"@id":"https:\/\/balkangreenenergynews.com\/rs\/nemacka-investicija-u-vetropark-u-severnoj-makedoniji-veca-od-pola-milijarde-evra\/"},"wordCount":567,"commentCount":0,"image":{"@id":"https:\/\/balkangreenenergynews.com\/rs\/nemacka-investicija-u-vetropark-u-severnoj-makedoniji-veca-od-pola-milijarde-evra\/#primaryimage"},"thumbnailUrl":"https:\/\/balkangreenenergynews.com\/rs\/wp-content\/uploads\/2021\/10\/Nemacka-investicija-vetropark-Severnoj-Makedoniji-pola-milijarde-evra.jpg?wsr","keywords":["obnovljivi izvori energije","solarne elektrane","vetroelektrane","wpd"],"articleSection":["OIE"],"inLanguage":"sr-RS","potentialAction":[{"@type":"CommentAction","name":"Comment","target":["https:\/\/balkangreenenergynews.com\/rs\/nemacka-investicija-u-vetropark-u-severnoj-makedoniji-veca-od-pola-milijarde-evra\/#respond"]}]},{"@type":"WebPage","@id":"https:\/\/balkangreenenergynews.com\/rs\/nemacka-investicija-u-vetropark-u-severnoj-makedoniji-veca-od-pola-milijarde-evra\/","url":"https:\/\/balkangreenenergynews.com\/rs\/nemacka-investicija-u-vetropark-u-severnoj-makedoniji-veca-od-pola-milijarde-evra\/","name":"Nema\u010dka investicija u vetropark u Severnoj Makedoniji ve\u0107a od pola milijarde evra","isPartOf":{"@id":"https:\/\/balkangreenenergynews.com\/rs\/#website"},"primaryImageOfPage":{"@id":"https:\/\/balkangreenenergynews.com\/rs\/nemacka-investicija-u-vetropark-u-severnoj-makedoniji-veca-od-pola-milijarde-evra\/#primaryimage"},"image":{"@id":"https:\/\/balkangreenenergynews.com\/rs\/nemacka-investicija-u-vetropark-u-severnoj-makedoniji-veca-od-pola-milijarde-evra\/#primaryimage"},"thumbnailUrl":"https:\/\/balkangreenenergynews.com\/rs\/wp-content\/uploads\/2021\/10\/Nemacka-investicija-vetropark-Severnoj-Makedoniji-pola-milijarde-evra.jpg?wsr","datePublished":"2021-10-13T17:12:05+00:00","dateModified":"2022-04-07T14:11:54+00:00","author":{"@id":"https:\/\/balkangreenenergynews.com\/rs\/#\/schema\/person\/d8f80a244c4e9f2b55e4f6968c253246"},"description":"Zaev: Vetropark nema\u010dke kompanije wpd od 500 miliona evra bi\u0107e najve\u0107a grinfild investicija u Severnoj Makedoniji do sada","breadcrumb":{"@id":"https:\/\/balkangreenenergynews.com\/rs\/nemacka-investicija-u-vetropark-u-severnoj-makedoniji-veca-od-pola-milijarde-evra\/#breadcrumb"},"inLanguage":"sr-RS","potentialAction":[{"@type":"ReadAction","target":["https:\/\/balkangreenenergynews.com\/rs\/nemacka-investicija-u-vetropark-u-severnoj-makedoniji-veca-od-pola-milijarde-evra\/"]}]},{"@type":"ImageObject","inLanguage":"sr-RS","@id":"https:\/\/balkangreenenergynews.com\/rs\/nemacka-investicija-u-vetropark-u-severnoj-makedoniji-veca-od-pola-milijarde-evra\/#primaryimage","url":"https:\/\/balkangreenenergynews.com\/rs\/wp-content\/uploads\/2021\/10\/Nemacka-investicija-vetropark-Severnoj-Makedoniji-pola-milijarde-evra.jpg?wsr","contentUrl":"https:\/\/balkangreenenergynews.com\/rs\/wp-content\/uploads\/2021\/10\/Nemacka-investicija-vetropark-Severnoj-Makedoniji-pola-milijarde-evra.jpg?wsr","width":840,"height":430,"caption":"Nemacka investicija vetropark Severnoj Makedoniji pola milijarde evra"},{"@type":"BreadcrumbList","@id":"https:\/\/balkangreenenergynews.com\/rs\/nemacka-investicija-u-vetropark-u-severnoj-makedoniji-veca-od-pola-milijarde-evra\/#breadcrumb","itemListElement":[{"@type":"ListItem","position":1,"name":"Po\u010detna","item":"https:\/\/balkangreenenergynews.com\/rs\/"},{"@type":"ListItem","position":2,"name":"Vesti","item":"https:\/\/balkangreenenergynews.com\/rs\/kategorija\/vesti\/"},{"@type":"ListItem","position":3,"name":"OIE","item":"https:\/\/balkangreenenergynews.com\/rs\/kategorija\/vesti\/obnovljivi-izvori-energije\/"},{"@type":"ListItem","position":4,"name":"Nema\u010dka investicija u vetropark u Severnoj Makedoniji ve\u0107a od pola milijarde evra"}]},{"@type":"WebSite","@id":"https:\/\/balkangreenenergynews.com\/rs\/#website","url":"https:\/\/balkangreenenergynews.com\/rs\/","name":"Balkan Green Energy News","description":"Naj\u0161iri izbor vesti sa Balkana o zelenoj energiji","potentialAction":[{"@type":"SearchAction","target":{"@type":"EntryPoint","urlTemplate":"https:\/\/balkangreenenergynews.com\/rs\/?s={search_term_string}"},"query-input":{"@type":"PropertyValueSpecification","valueRequired":true,"valueName":"search_term_string"}}],"inLanguage":"sr-RS"},{"@type":"Person","@id":"https:\/\/balkangreenenergynews.com\/rs\/#\/schema\/person\/d8f80a244c4e9f2b55e4f6968c253246","name":"Igor Todorovi\u0107","url":"https:\/\/balkangreenenergynews.com\/rs\/author\/igor-todorovic\/"}]}},"_links":{"self":[{"href":"https:\/\/balkangreenenergynews.com\/rs\/wp-json\/wp\/v2\/posts\/42385","targetHints":{"allow":["GET"]}}],"collection":[{"href":"https:\/\/balkangreenenergynews.com\/rs\/wp-json\/wp\/v2\/posts"}],"about":[{"href":"https:\/\/balkangreenenergynews.com\/rs\/wp-json\/wp\/v2\/types\/post"}],"author":[{"embeddable":true,"href":"https:\/\/balkangreenenergynews.com\/rs\/wp-json\/wp\/v2\/users\/27"}],"replies":[{"embeddable":true,"href":"https:\/\/balkangreenenergynews.com\/rs\/wp-json\/wp\/v2\/comments?post=42385"}],"version-history":[{"count":0,"href":"https:\/\/balkangreenenergynews.com\/rs\/wp-json\/wp\/v2\/posts\/42385\/revisions"}],"wp:featuredmedia":[{"embeddable":true,"href":"https:\/\/balkangreenenergynews.com\/rs\/wp-json\/wp\/v2\/media\/42388"}],"wp:attachment":[{"href":"https:\/\/balkangreenenergynews.com\/rs\/wp-json\/wp\/v2\/media?parent=42385"}],"wp:term":[{"taxonomy":"category","embeddable":true,"href":"https:\/\/balkangreenenergynews.com\/rs\/wp-json\/wp\/v2\/categories?post=42385"},{"taxonomy":"post_tag","embeddable":true,"href":"https:\/\/balkangreenenergynews.com\/rs\/wp-json\/wp\/v2\/tags?post=42385"}],"curies":[{"name":"wp","href":"https:\/\/api.w.org\/{rel}","templated":true}]}}