{"id":42324,"date":"2021-10-12T15:24:04","date_gmt":"2021-10-12T13:24:04","guid":{"rendered":"https:\/\/balkangreenenergynews.com\/rs\/?p=42324"},"modified":"2021-11-04T12:25:40","modified_gmt":"2021-11-04T11:25:40","slug":"deca-iz-kuceva-uce-o-kompostiranju-kroz-igru-odrasli-bi-uskoro-mogli-da-im-se-prikljuce","status":"publish","type":"post","link":"https:\/\/balkangreenenergynews.com\/rs\/deca-iz-kuceva-uce-o-kompostiranju-kroz-igru-odrasli-bi-uskoro-mogli-da-im-se-prikljuce\/","title":{"rendered":"Deca iz Ku\u010deva u\u010de o kompostiranju kroz igru, odrasli bi uskoro mogli da im se priklju\u010de"},"content":{"rendered":"<h2>Mali\u0161ani vrti\u0107a Lane iz Ku\u010deva od nedavno u\u010de o kompostiranju ostataka obroka. Tako dobijen kompost koristi se kao humus za sadnju povr\u0107a od kojeg se u pred\u0161kolskoj ustanovi pripremaju zdravi obroci za decu. U \u010ditav proces su uklju\u010deni i roditelji, koji kompostiraju\u0107i sa svojom decom u\u010de o recikla\u017ei, primarnoj selekciji otpada i kako da ozelene ovaj svet.<\/h2>\n<p>Da je o ekologiji i mogu\u0107nostima smanjenja otpada najbolje u\u010diti u praksi, pokazuje projekat edukacije dece i roditelja, &#8222;Ozeleni sve(s)t&#8220; koji uz podr\u0161ku Evropske unije sprovode Zelena oaza Ku\u010devo, lokalno udru\u017eenje gra\u0111ana, pred\u0161kolska ustanova Lane i lokalna samouprava.<\/p>\n<p>Kada ujutru sa svojim roditeljima krenu put vrti\u0107a, deca iz me\u0161ovitih grupa uzrasta 3-5 godina i pred\u0161kolskog uzrasta ponesu ostatke nezama\u0161\u0107ene hrane koju su kod svojih ku\u0107a prethodno pripremili (kore od krompira, banane, ostatke sve\u017eeg vo\u0107a i povr\u0107a, itd.).\u00a0 U vrti\u0107u ih odla\u017eu u sobne kompostere zapremine 16 litara. Ovom sadr\u017eaju dodaju se i ostaci iz primarne selekcije otpada koji se vr\u0161i u kuhinji vrti\u0107a prilikom pripreme obroka.<\/p>\n<h3>\u041aako te\u010de proces kompostiranja?<\/h3>\n<p>U kompostiranju se koriste sobni komposteri u kojima se odvija proces fermentacije ostataka hrane uz dodavanje mekinja oboga\u0107enim mle\u010dno-kiselinskim bakterijama koje slu\u017ee kao ubrziva\u010d i stabilizator procesa fermentacije, tako da iz sobnih kompostera nema nikakvih neprijatnih mirisa.<\/p>\n<p>\u041aao nusproizvod procesa fermentacije nastaje ocedak koji se svakog drugog dana ispu\u0161ta na slavini koja se nalazi na dnu kompostera i koristi kao idealna prehrana za cve\u0107e i ba\u0161tenske kulture.<\/p>\n<p>Nakon fermentacije u trajanju oko 20 dana, ostaci hrane preme\u0161taju se\u00a0 u dvori\u0161ne kompostere zapremine 600 litara, gde se slojevito me\u0161aju sa zelenom masom (poko\u0161ena trava, orezane gran\u010dice tuja, ru\u017ea i ostalog zelenila u dvori\u0161tima vrti\u0107a,\u00a0 opalo li\u0161\u0107e sa stabala, kao i upotrebljeni ubrusi i karton ).<\/p>\n<p>U dvori\u0161nim komposterima se tako\u0111e koristi <a href=\"https:\/\/emtehnologija.com\/\">ubrziva\u010d i stabilizator procesa fermentacije<\/a> u cilju spre\u010davanja\u00a0 emisije neprijatnih mirisa u \u00a0procesu \u00a0razgradnje zelene mase.<\/p>\n<p>Nakon tri meseca masa koja je odlo\u017eena u dvori\u0161nim komposterima poprima oblik stajskog \u0111ubriva, a nakon \u0161est \u00a0meseci dobija se izuzetno kvalitetan \u00a0mikrobiolo\u0161ki izbalansiran kompost.<\/p>\n<p>&nbsp;<\/p>\n<p>Ovim se proces recikla\u017ee \u00a0zavr\u0161ava, \u00a0a kompost se dalje koristi za sadnju i uzgoj povrtnih kultura koje deca zajedno sa svojim roditeljima, zaposlenima u vrti\u0107u i predstavnicima Zelene oaze \u041au\u010devo, \u00a0sade u mini lejama i mini plastenicima\u00a0 u dvori\u0161tu \u00a0vrti\u0107a.<\/p>\n<div class=\"image-wrapper aligncenter\">\n    <figure><img loading=\"lazy\" decoding=\"async\" class=\"wp-image-42980\" src=\"https:\/\/balkangreenenergynews.com\/rs\/wp-content\/uploads\/2021\/10\/Deca-vrtica-Lane-Kucevo-kompostiraju-500x256.jpg\" alt=\"Deca vrtica Lane Kucevo kompostiraju\" width=\"631\" height=\"323\" srcset=\"https:\/\/balkangreenenergynews.com\/rs\/wp-content\/uploads\/2021\/10\/Deca-vrtica-Lane-Kucevo-kompostiraju-500x256.jpg 500w, https:\/\/balkangreenenergynews.com\/rs\/wp-content\/uploads\/2021\/10\/Deca-vrtica-Lane-Kucevo-kompostiraju-768x393.jpg 768w, https:\/\/balkangreenenergynews.com\/rs\/wp-content\/uploads\/2021\/10\/Deca-vrtica-Lane-Kucevo-kompostiraju-300x154.jpg 300w, https:\/\/balkangreenenergynews.com\/rs\/wp-content\/uploads\/2021\/10\/Deca-vrtica-Lane-Kucevo-kompostiraju.jpg 840w\" sizes=\"auto, (max-width: 631px) 100vw, 631px\" \/><\/figure>\n    <div class=\"image-info\"><span class=\"img-source\">Deca u Kucevu uce da kompostiraju i sade nove biljke<\/span><\/div>\n<\/div>\n<h3>Projekat se mo\u017ee pro\u0161iriti i na doma\u0107instva<\/h3>\n<p>Slobodan Stoki\u0107, predstavnik lokalne samouprave za ekologiju i jedan od idejnih tvoraca ovog mikro modela, isti\u010de veliki potencijal replikacije ovog projekta \u00a0i mogu\u0107nost da\u00a0 u narednom periodu proces primarne selekcije iza\u0111e iz dvori\u0161ta vrti\u0107a\u00a0 i pro\u0161iri se na doma\u0107instva u \u041au\u010devu.<\/p>\n<p>&#8222;Primarnom selekcijom vla\u017enog otpada u doma\u0107instvima, koji \u010dini 40-50 odsto svog otpada koji dospe na gradsku sanitarnu deponiju, drasti\u010dno bi se smanjile koli\u010dine otpada koje su izvor emisija metana, naj\u010de\u0161\u0107eg uzro\u010dnika po\u017earana na deponijama&#8220;, istako je Stoki\u0107.<\/p>\n<p>On je najavio\u00a0 subvencionisanu\u00a0 nabavku sobnih i dvori\u0161nih kompostera: &#8222;Implementacijom ovog modela u doma\u0107instvima napravile bi se zna\u010dajne u\u0161tede lokalnog\u00a0 komunalnog preduze\u0107a \u00a0koje vr\u0161i usluge odvo\u017eenja otpada i upraljanja sanitarnom deponijom, a paralelno sa primarnom selekcijom vla\u017enog otpada vr\u0161ilo bi se i postepeno uvo\u0111enje primarne selekcije PET, \u00a0ALU i kartonske ambala\u017ee koja bi se odvozila na tretman u recikla\u017enim centrima,\u201c objasnio je.<\/p>\n","protected":false},"excerpt":{"rendered":"<p>Projekat edukacije dece i roditelja, &#8222;Ozeleni sve(s)t&#8220; koji uz podr\u0161ku Evropske unije sprovode Zelena oaza Ku\u010devo pred\u0161kolska ustanova Lane i lokalna samouprava.<\/p>\n","protected":false},"author":25,"featured_media":42982,"comment_status":"open","ping_status":"open","sticky":false,"template":"","format":"standard","meta":{"_acf_changed":false,"_seopress_titles_title":"Deca iz Ku\u010deva u\u010de o kompostiranju kroz igru, odrasli bi uskoro mogli da im se priklju\u010de","_seopress_titles_desc":"Projekat edukacije dece i roditelja, &quot;Ozeleni sve(s)t&quot; koji uz podr\u0161ku Evropske unije sprovode Zelena oaza Ku\u010devo pred\u0161kolska ustanova Lane i lokalna samouprava.","_seopress_robots_index":"","_seopress_robots_follow":"","_seopress_robots_imageindex":"","_seopress_robots_snippet":"","_seopress_robots_primary_cat":"5","_seopress_robots_breadcrumbs":"","_seopress_robots_freeze_modified_date":"","_seopress_robots_custom_modified_date":"","_seopress_robots_canonical":"","_seopress_social_fb_title":"","_seopress_social_fb_desc":"","_seopress_social_fb_img":"","_seopress_social_fb_img_attachment_id":0,"_seopress_social_fb_img_width":0,"_seopress_social_fb_img_height":0,"_seopress_social_twitter_title":"","_seopress_social_twitter_desc":"","_seopress_social_twitter_img":"","_seopress_social_twitter_img_attachment_id":0,"_seopress_social_twitter_img_width":0,"_seopress_social_twitter_img_height":0,"_seopress_redirections_value":"","_seopress_redirections_enabled":"","_seopress_redirections_enabled_regex":"","_seopress_redirections_logged_status":"","_seopress_redirections_param":"","_seopress_redirections_type":0,"_seopress_analysis_target_kw":"kompostiranju","_seopress_news_disabled":"","_seopress_video_disabled":"","_seopress_video":[],"_seopress_pro_schemas_manual":[],"_seopress_pro_rich_snippets_disable_all":"","_seopress_pro_rich_snippets_disable":[],"_seopress_pro_schemas":[],"_monsterinsights_skip_tracking":false,"footnotes":""},"categories":[5,4],"tags":[195,6159,679,680],"class_list":["post-42324","post","type-post","status-publish","format-standard","has-post-thumbnail","hentry","category-otpad","category-zivotna-sredina-i-klima","tag-eu","tag-kompostiranje","tag-otpad","tag-upravljanje-otpadom","country-srbija"],"acf":[],"_links":{"self":[{"href":"https:\/\/balkangreenenergynews.com\/rs\/wp-json\/wp\/v2\/posts\/42324","targetHints":{"allow":["GET"]}}],"collection":[{"href":"https:\/\/balkangreenenergynews.com\/rs\/wp-json\/wp\/v2\/posts"}],"about":[{"href":"https:\/\/balkangreenenergynews.com\/rs\/wp-json\/wp\/v2\/types\/post"}],"author":[{"embeddable":true,"href":"https:\/\/balkangreenenergynews.com\/rs\/wp-json\/wp\/v2\/users\/25"}],"replies":[{"embeddable":true,"href":"https:\/\/balkangreenenergynews.com\/rs\/wp-json\/wp\/v2\/comments?post=42324"}],"version-history":[{"count":0,"href":"https:\/\/balkangreenenergynews.com\/rs\/wp-json\/wp\/v2\/posts\/42324\/revisions"}],"wp:featuredmedia":[{"embeddable":true,"href":"https:\/\/balkangreenenergynews.com\/rs\/wp-json\/wp\/v2\/media\/42982"}],"wp:attachment":[{"href":"https:\/\/balkangreenenergynews.com\/rs\/wp-json\/wp\/v2\/media?parent=42324"}],"wp:term":[{"taxonomy":"category","embeddable":true,"href":"https:\/\/balkangreenenergynews.com\/rs\/wp-json\/wp\/v2\/categories?post=42324"},{"taxonomy":"post_tag","embeddable":true,"href":"https:\/\/balkangreenenergynews.com\/rs\/wp-json\/wp\/v2\/tags?post=42324"}],"curies":[{"name":"wp","href":"https:\/\/api.w.org\/{rel}","templated":true}]}}