{"id":42129,"date":"2021-10-04T22:45:07","date_gmt":"2021-10-04T20:45:07","guid":{"rendered":"https:\/\/balkangreenenergynews.com\/rs\/?p=42129"},"modified":"2021-11-02T14:54:29","modified_gmt":"2021-11-02T13:54:29","slug":"sezona-grejanja-pocinje-a-vazduh-je-vec-svuda-u-srbiji-prezagadjen","status":"publish","type":"post","link":"https:\/\/balkangreenenergynews.com\/rs\/sezona-grejanja-pocinje-a-vazduh-je-vec-svuda-u-srbiji-prezagadjen\/","title":{"rendered":"Sezona grejanja po\u010dinje, a vazduh je ve\u0107 svuda u Srbiji prezaga\u0111en"},"content":{"rendered":"<h2>Kada se podaci sa dr\u017eavnih stanica uporede s novim preporukama Svetske zdravstvene organizacije za PM \u010destice, vazduh je prekomerno zaga\u0111en na skoro svim mestima gde se meri, a sezona grejanja tek nastupa. Profesor Fizi\u010dkog fakulteta Vladimir \u0110ur\u0111evi\u0107 navodi da, po rezultatima doma\u0107eg istra\u017eivanja, deset hiljada ljudi godi\u0161nje umre od izlo\u017eenosti zaga\u0111enom vazduhu.<\/h2>\n<p>Institucije ne rade svoj posao na polju sprovo\u0111enja odredbi Ustava Srbije i zakona u domenu kontrole zaga\u0111enosti vazduha, upozorili su u\u010desnici i u\u010desnice okruglog stola Nacionalne ekolo\u0161ke organizacije <a href=\"https:\/\/balkangreenenergynews.com\/rs\/beograd-prvi-po-zagadenju-vazduha-na-listi-evropskih-gradova-sa-vise-od-milion-stanovnika\/\">(NEA)<\/a> &#8222;U susret novoj sezoni trovanja&#8220;. Naziv aludira na po\u010detak sezone grejanja, tokom koje se na mnogim mestima javljaju ekstremi nezabele\u017eeni u drugim delovima Evrope, ali u industrijskim centrima poput Bora i Smedereva pove\u0107ana potro\u0161nja uglja i mazuta samo pogor\u0161ava situaciju koja je stalno alarmantna.<\/p>\n<p>U osvrtu na izve\u0161taj Agencije za za\u0161titu \u017eivotne sredine Srbije <a href=\"https:\/\/balkangreenenergynews.com\/rs\/vazduh-prekomerno-zagaden-u-15-gradova-u-srbiji-u-2020\/\">(SEPA)<\/a> za pro\u0161lu godinu, biv\u0161i na\u010delnik nadle\u017enog odeljenja Milenko Jovanovi\u0107 rekao je da su problemi ostali isti, uz zanemarljive varijacije. Njega je <a href=\"https:\/\/balkangreenenergynews.com\/serbian-environmental-agency-fires-expert-for-protesting-change-in-air-quality-criteria\/\">posle skandaloznog otpu\u0161tanja<\/a> sud vratio na posao, ali su nadle\u017eni u me\u0111uvremenu sveli sektor u kojem je radio na troje zaposlenih, koji prate \u010ditavu mre\u017eu dr\u017eavnih stanica za merenje kvaliteta vazduha.<\/p>\n<h3>Nikom ni\u0161ta za kr\u0161enje zakona i ugro\u017eavanje javnog zdravlja<\/h3>\n<p>Svi gra\u0111ani bez obzira na verske, rodne i polne razlike i politi\u010dke opcije di\u0161u isti vazduh i isto im se truju deca, poru\u010dio je Jovanovi\u0107. Naveo je da zakon pritom ne uzima u obzir koncentraciju te\u0161kih metala.<\/p>\n<blockquote><p>Srednja vrednost prisustva arsena u vazduhu u Boru bila je 2020. godine 46 puta ve\u0107a od dozvoljene<\/p><\/blockquote>\n<p>U Evropskoj uniji je sumpor-dioksid &#8222;eliminisan kao ozbiljan polutant&#8220;, dok su <a href=\"https:\/\/balkangreenenergynews.com\/rs\/bor-reda-rekorde-u-zagadenosti-vazduha-sumpor-dioksidom\/\">u Boru, koji je najzaga\u0111eniji u Srbiji,<\/a> u stanici Bor Gradski park prekomerne satne vrednosti izmerene 374 puta, dakle vi\u0161e od jednom dnevno, upozorio je Jovanovi\u0107. Desilo se \u010dak 25 puta da je tri sata zaredom satni nivo SO2 bio opasan po zdravlje, iznad 500 mikrograma po kubnom metru, a zvani\u010dno se ne toleri\u0161e nijedno takvo prekora\u010denje.<\/p>\n<p>Srednja godi\u0161nja vrednost prisustva arsena u vazduhu bila je 46 puta ve\u0107a od dozvoljene, a vi\u0161estruko su prekora\u010dena i zakonska ograni\u010denja za jo\u0161 dva te\u0161ka metala \u2013 kadmijum i olovo \u2013 istakao je. Istovremeno, inspekcija je prepolovila broj krivi\u010dnih i prijava za privredni prestup, na dve odnosno 20, podvla\u010di Jovanovi\u0107. Presuda je bilo samo 16, u pore\u0111enju sa 73 iz 2018. godine.<\/p>\n<p>Jovanovi\u0107 je rekao da se zala\u017ee da se za najugro\u017eenija mesta i gradove uvede interventno finansiranje za ubrzanje borbe s aerozaga\u0111enjem.<\/p>\n<h3>Skoro polovina od deset hiljada preuranjenih smrti mo\u017ee da se spre\u010di sprovo\u0111enjem propisa<\/h3>\n<p>Profesor Fizi\u010dkog fakulteta <a href=\"https:\/\/balkangreenenergynews.com\/rs\/klimatski-autobus\/\">Vladimir \u0110ur\u0111evi\u0107<\/a> ukazao je na novi podatak da u Srbiji svake godine 9.773 osobe preuranjeno umru samo zbog prekomerne izlo\u017eenosti \u010desticama mikroskopske pra\u0161ine tipa PM2.5 \u2013 pre\u010dnika do dva i po mikrometra. Tome je pridodao hiljadu i po slu\u010dajeva koji su pripisani ozonu i azotnim oksidima i procenio da je ukupna brojka blizu deset hiljada.<\/p>\n<blockquote><p>\u0110ur\u0111evi\u0107: Dr\u017eava je odgovorna za tri \u010detvrtine slu\u010dajeva preuranjene smrti usled izlo\u017eenosti \u010desticama PM2.5 koji su mogli biti spre\u010deni<\/p><\/blockquote>\n<p>Informacije su iz studije iz projekta za izradu programa za za\u0161titu vazduha, izjavio je \u0110ur\u0111evi\u0107 i naglasio da je re\u010d o doma\u0107em istra\u017eivanju. Po njegovim re\u010dima, broj slu\u010dajeva preuranjenog umiranja mo\u017ee da se spusti do izme\u0111u 5.401 i 7.373, zavisno od unapre\u0111enja mera za\u0161tite.<\/p>\n<p>Gornji nivo bi bio dostignut kada bi se samo po\u0161tovao zakon u domenu kontrole emisija i desumporizacije u svih osam postrojenja iz kategorije velikih lo\u017ei\u0161ta, od kojih \u0161est pripada Elektroprivredi Srbije, rekao je \u0110ur\u0111evi\u0107. \u010cetiri su celine termoelektrana Nikola Tesla i Kostolac. Dva zaga\u0111iva\u010da sa spiska pripadaju NIS-u.<\/p>\n<p>Za ostvarivanje zasad najoptimisti\u010dnijeg scenarija, gde bi 5.401 osoba u Srbiji umirala prerano, potrebno je i anga\u017eovanje gra\u0111ana u smislu <a href=\"https:\/\/balkangreenenergynews.com\/rs\/ekstremna-zagadenost-vazduha-u-beogradu-i-citavoj-srbiji\/\">vo\u017enje ispravnih automobila i uvo\u0111enja ekolo\u0161ki prihvatljivijih individualnih lo\u017ei\u0161ta.<\/a> Me\u0111utim, dr\u017eava je odgovorna za tri \u010detvrtine slu\u010dajeva preuranjene smrti, napominje \u0110ur\u0111evi\u0107.<\/p>\n<h3>Izlo\u017eenost gradskog stanovni\u0161tva dvostruko ve\u0107a u Srbiji nego u EU<\/h3>\n<p><a href=\"https:\/\/balkangreenenergynews.com\/rs\/aplikacija-xeco-vazduh-prikazuje-kvalitet-vazduha-u-srbiji-u-realnom-vremenu\/\">Dejan Leki\u0107,<\/a> jo\u0161 jedan stru\u010dnjak iz organizacije NEA koji je radio u agenciji SEPA, izrazio je bojazan da \u0107e ove zime <a href=\"https:\/\/balkangreenenergynews.com\/rs\/gradjani-merili-kvalitet-vazduha-u-35-mesta-u-srbiji-evo-gde-je-najzagadjeniji\/\">senzori na li\u010dnim ure\u0111ajima<\/a> za pre\u010di\u0161\u0107avanje vazduha u stanovima i ku\u0107ama pokazivati vi\u0161e nivoe PM \u010destica nego \u0161to su dozvoljeni napolju.<\/p>\n<blockquote><p>Svetska zdravstvena organizacija je drasti\u010dno smanjila maksimalne po\u017eeljne nivoe PM2.5 i PM10<\/p><\/blockquote>\n<p>On je ukazao na nove preporuke Svetske zdravstvene organizacije, koja je drasti\u010dno smanjila maksimalne po\u017eeljne nivoe PM2.5 i PM10 na godi\u0161njem nivou. Leki\u0107 je rekao da je, po tome, gotovo na svakoj stanici bilo vi\u0161e od 35 dnevnih prekora\u010denja, koliko je dozvoljeno u Srbiji.<\/p>\n<p>Po takvom kriterijumu, vazduh je ve\u0107 sada prekomerno zaga\u0111en kod skoro svih stanica u Srbiji.<\/p>\n<p>Izlo\u017eenost gradskog stanovni\u0161tva zaga\u0111enju \u010desticama PM2.5 i PM10 u Srbiji dvostruko je ve\u0107i nego u EU, kazao je Leki\u0107, pozivaju\u0107i se na podatke Evropske agencije za \u017eivotnu sredinu. On je autor aplikacije <a href=\"https:\/\/balkangreenenergynews.com\/rs\/10-lokacija-u-srbiji-ima-zagadeniji-vazduh-nego-najzagadeniji-gradovi-u-eu\/\">xEco vazduh.<\/a><\/p>\n<h3>Elektrofilteri nisu dovoljni<\/h3>\n<p><a href=\"https:\/\/balkangreenenergynews.com\/rs\/rudnik-jadarita-ce-srbiji-doneti-vise-stete-nego-koristi\/\">Dragana \u0110or\u0111evi\u0107,<\/a> nau\u010dna savetnica u Institutu za hemiju, tehnologiju i metalurgiju (IHTM) Univerziteta u Beogradu, podsetila je da doma\u0107e termoelektrane na ugalj proizvedu \u0161est miliona tona pepela godi\u0161nje. Elektrofilteri nisu svemogu\u0107i, jer zadr\u017eavaju samo krupnije \u010destice, a sitnije i opasnije prolaze, izjavila je.<\/p>\n<p>Po njenim re\u010dima, arsen, radon i \u017eiva se tako ispu\u0161taju u vazduh u gasovitom stanju, u kojem su daleko opasniji. \u0110or\u0111evi\u0107 navodi da se od kraja septembra do po\u010detka zime redovno bele\u017ei optere\u0107enje <a href=\"https:\/\/balkangreenenergynews.com\/rs\/hiljade-nezadovoljnih-na-protestu-za-bezopasan-vazduh-2-narod-protiv-trovaca\/\">zbog spaljivanja biljnih ostataka iz poljoprivrede na otvorenom,<\/a> dodaju\u0107i da bi oni trebalo da se koriste za proizvodnju elektri\u010dne i toplotne energije.<\/p>\n","protected":false},"excerpt":{"rendered":"<p>Ako se gledaju nove preporuke SZO, vazduh je na samom po\u010detku grejne sezone ve\u0107 prekomerno zaga\u0111en na skoro svim mestima gde se meri u Srbiji<\/p>\n","protected":false},"author":27,"featured_media":42145,"comment_status":"open","ping_status":"open","sticky":false,"template":"","format":"standard","meta":{"_acf_changed":false,"_monsterinsights_skip_tracking":false,"_monsterinsights_sitenote_active":false,"_monsterinsights_sitenote_note":"","_monsterinsights_sitenote_category":0,"footnotes":""},"categories":[4],"tags":[6138,5943,1356,1231,6008,1331,3441,5921],"class_list":["post-42129","post","type-post","status-publish","format-standard","has-post-thumbnail","hentry","category-zivotna-sredina","tag-dejan-lekic","tag-dragana-dordevic","tag-evropska-agencija-za-zivotnu-sredinu","tag-kvalitet-vazduha","tag-milenko-jovanovic","tag-vladimir-durdevic","tag-zagadenost-vazduha","tag-zivotna-sredina","country-srbija"],"acf":[],"yoast_head":"<!-- This site is optimized with the Yoast SEO plugin v27.4 - https:\/\/yoast.com\/product\/yoast-seo-wordpress\/ -->\n<title>Sezona grejanja po\u010dinje, a vazduh je ve\u0107 svuda u Srbiji prezaga\u0111en<\/title>\n<meta name=\"description\" content=\"Ako se gledaju nove preporuke SZO, vazduh je na samom po\u010detku grejne sezone ve\u0107 prekomerno zaga\u0111en na skoro svim mestima gde se meri u Srbiji.\" \/>\n<meta name=\"robots\" content=\"index, follow, max-snippet:-1, max-image-preview:large, max-video-preview:-1\" \/>\n<link rel=\"canonical\" href=\"https:\/\/balkangreenenergynews.com\/rs\/sezona-grejanja-pocinje-a-vazduh-je-vec-svuda-u-srbiji-prezagadjen\/\" \/>\n<meta property=\"og:locale\" content=\"sr_RS\" \/>\n<meta property=\"og:type\" content=\"article\" \/>\n<meta property=\"og:title\" content=\"Sezona grejanja po\u010dinje, a vazduh je ve\u0107 svuda u Srbiji prezaga\u0111en\" \/>\n<meta property=\"og:description\" content=\"Ako se gledaju nove preporuke SZO, vazduh je na samom po\u010detku grejne sezone ve\u0107 prekomerno zaga\u0111en na skoro svim mestima gde se meri u Srbiji.\" \/>\n<meta property=\"og:url\" content=\"https:\/\/balkangreenenergynews.com\/rs\/sezona-grejanja-pocinje-a-vazduh-je-vec-svuda-u-srbiji-prezagadjen\/\" \/>\n<meta property=\"og:site_name\" content=\"Balkan Green Energy News\" \/>\n<meta property=\"article:published_time\" content=\"2021-10-04T20:45:07+00:00\" \/>\n<meta property=\"article:modified_time\" content=\"2021-11-02T13:54:29+00:00\" \/>\n<meta property=\"og:image\" content=\"https:\/\/balkangreenenergynews.com\/rs\/wp-content\/uploads\/2021\/10\/Sezona-grejanja-tek-pocinje-a-vazduh-je-svuda-u-Srbiji-prezagaden.jpg\" \/>\n\t<meta property=\"og:image:width\" content=\"840\" \/>\n\t<meta property=\"og:image:height\" content=\"430\" \/>\n\t<meta property=\"og:image:type\" content=\"image\/jpeg\" \/>\n<meta name=\"author\" content=\"Igor Todorovi\u0107\" \/>\n<meta name=\"twitter:card\" content=\"summary_large_image\" \/>\n<meta name=\"twitter:label1\" content=\"\u041d\u0430\u043f\u0438\u0441\u0430\u043d\u043e \u043e\u0434\" \/>\n\t<meta name=\"twitter:data1\" content=\"Igor Todorovi\u0107\" \/>\n\t<meta name=\"twitter:label2\" content=\"\u041f\u0440\u043e\u0446\u0435\u045a\u0435\u043d\u043e \u0432\u0440\u0435\u043c\u0435 \u0447\u0438\u0442\u0430\u045a\u0430\" \/>\n\t<meta name=\"twitter:data2\" content=\"4 \u043c\u0438\u043d\u0443\u0442\u0430\" \/>\n<script type=\"application\/ld+json\" class=\"yoast-schema-graph\">{\"@context\":\"https:\\\/\\\/schema.org\",\"@graph\":[{\"@type\":\"Article\",\"@id\":\"https:\\\/\\\/balkangreenenergynews.com\\\/rs\\\/sezona-grejanja-pocinje-a-vazduh-je-vec-svuda-u-srbiji-prezagadjen\\\/#article\",\"isPartOf\":{\"@id\":\"https:\\\/\\\/balkangreenenergynews.com\\\/rs\\\/sezona-grejanja-pocinje-a-vazduh-je-vec-svuda-u-srbiji-prezagadjen\\\/\"},\"author\":{\"name\":\"Igor Todorovi\u0107\",\"@id\":\"https:\\\/\\\/balkangreenenergynews.com\\\/rs\\\/#\\\/schema\\\/person\\\/d8f80a244c4e9f2b55e4f6968c253246\"},\"headline\":\"Sezona grejanja po\u010dinje, a vazduh je ve\u0107 svuda u Srbiji prezaga\u0111en\",\"datePublished\":\"2021-10-04T20:45:07+00:00\",\"dateModified\":\"2021-11-02T13:54:29+00:00\",\"mainEntityOfPage\":{\"@id\":\"https:\\\/\\\/balkangreenenergynews.com\\\/rs\\\/sezona-grejanja-pocinje-a-vazduh-je-vec-svuda-u-srbiji-prezagadjen\\\/\"},\"wordCount\":1013,\"commentCount\":0,\"image\":{\"@id\":\"https:\\\/\\\/balkangreenenergynews.com\\\/rs\\\/sezona-grejanja-pocinje-a-vazduh-je-vec-svuda-u-srbiji-prezagadjen\\\/#primaryimage\"},\"thumbnailUrl\":\"https:\\\/\\\/balkangreenenergynews.com\\\/rs\\\/wp-content\\\/uploads\\\/2021\\\/10\\\/Sezona-grejanja-tek-pocinje-a-vazduh-je-svuda-u-Srbiji-prezagaden.jpg?wsr\",\"keywords\":[\"Dejan Leki\u0107\",\"Dragana \u0110or\u0111evi\u0107\",\"Evropska agencija za \u017eivotnu sredinu\",\"kvalitet vazduha\",\"Milenko Jovanovi\u0107\",\"Vladimir \u0110ur\u0111evi\u0107\",\"zaga\u0111enost vazduha\",\"\u017eivotna sredina\"],\"articleSection\":[\"\u017divotna sredina\"],\"inLanguage\":\"sr-RS\",\"potentialAction\":[{\"@type\":\"CommentAction\",\"name\":\"Comment\",\"target\":[\"https:\\\/\\\/balkangreenenergynews.com\\\/rs\\\/sezona-grejanja-pocinje-a-vazduh-je-vec-svuda-u-srbiji-prezagadjen\\\/#respond\"]}]},{\"@type\":\"WebPage\",\"@id\":\"https:\\\/\\\/balkangreenenergynews.com\\\/rs\\\/sezona-grejanja-pocinje-a-vazduh-je-vec-svuda-u-srbiji-prezagadjen\\\/\",\"url\":\"https:\\\/\\\/balkangreenenergynews.com\\\/rs\\\/sezona-grejanja-pocinje-a-vazduh-je-vec-svuda-u-srbiji-prezagadjen\\\/\",\"name\":\"Sezona grejanja po\u010dinje, a vazduh je ve\u0107 svuda u Srbiji prezaga\u0111en\",\"isPartOf\":{\"@id\":\"https:\\\/\\\/balkangreenenergynews.com\\\/rs\\\/#website\"},\"primaryImageOfPage\":{\"@id\":\"https:\\\/\\\/balkangreenenergynews.com\\\/rs\\\/sezona-grejanja-pocinje-a-vazduh-je-vec-svuda-u-srbiji-prezagadjen\\\/#primaryimage\"},\"image\":{\"@id\":\"https:\\\/\\\/balkangreenenergynews.com\\\/rs\\\/sezona-grejanja-pocinje-a-vazduh-je-vec-svuda-u-srbiji-prezagadjen\\\/#primaryimage\"},\"thumbnailUrl\":\"https:\\\/\\\/balkangreenenergynews.com\\\/rs\\\/wp-content\\\/uploads\\\/2021\\\/10\\\/Sezona-grejanja-tek-pocinje-a-vazduh-je-svuda-u-Srbiji-prezagaden.jpg?wsr\",\"datePublished\":\"2021-10-04T20:45:07+00:00\",\"dateModified\":\"2021-11-02T13:54:29+00:00\",\"author\":{\"@id\":\"https:\\\/\\\/balkangreenenergynews.com\\\/rs\\\/#\\\/schema\\\/person\\\/d8f80a244c4e9f2b55e4f6968c253246\"},\"description\":\"Ako se gledaju nove preporuke SZO, vazduh je na samom po\u010detku grejne sezone ve\u0107 prekomerno zaga\u0111en na skoro svim mestima gde se meri u Srbiji.\",\"breadcrumb\":{\"@id\":\"https:\\\/\\\/balkangreenenergynews.com\\\/rs\\\/sezona-grejanja-pocinje-a-vazduh-je-vec-svuda-u-srbiji-prezagadjen\\\/#breadcrumb\"},\"inLanguage\":\"sr-RS\",\"potentialAction\":[{\"@type\":\"ReadAction\",\"target\":[\"https:\\\/\\\/balkangreenenergynews.com\\\/rs\\\/sezona-grejanja-pocinje-a-vazduh-je-vec-svuda-u-srbiji-prezagadjen\\\/\"]}]},{\"@type\":\"ImageObject\",\"inLanguage\":\"sr-RS\",\"@id\":\"https:\\\/\\\/balkangreenenergynews.com\\\/rs\\\/sezona-grejanja-pocinje-a-vazduh-je-vec-svuda-u-srbiji-prezagadjen\\\/#primaryimage\",\"url\":\"https:\\\/\\\/balkangreenenergynews.com\\\/rs\\\/wp-content\\\/uploads\\\/2021\\\/10\\\/Sezona-grejanja-tek-pocinje-a-vazduh-je-svuda-u-Srbiji-prezagaden.jpg?wsr\",\"contentUrl\":\"https:\\\/\\\/balkangreenenergynews.com\\\/rs\\\/wp-content\\\/uploads\\\/2021\\\/10\\\/Sezona-grejanja-tek-pocinje-a-vazduh-je-svuda-u-Srbiji-prezagaden.jpg?wsr\",\"width\":840,\"height\":430,\"caption\":\"Sezona grejanja tek pocinje a vazduh je svuda u Srbiji prezagaden\"},{\"@type\":\"BreadcrumbList\",\"@id\":\"https:\\\/\\\/balkangreenenergynews.com\\\/rs\\\/sezona-grejanja-pocinje-a-vazduh-je-vec-svuda-u-srbiji-prezagadjen\\\/#breadcrumb\",\"itemListElement\":[{\"@type\":\"ListItem\",\"position\":1,\"name\":\"Po\u010detna\",\"item\":\"https:\\\/\\\/balkangreenenergynews.com\\\/rs\\\/\"},{\"@type\":\"ListItem\",\"position\":2,\"name\":\"Vesti\",\"item\":\"https:\\\/\\\/balkangreenenergynews.com\\\/rs\\\/kategorija\\\/vesti\\\/\"},{\"@type\":\"ListItem\",\"position\":3,\"name\":\"\u017divotna sredina\",\"item\":\"https:\\\/\\\/balkangreenenergynews.com\\\/rs\\\/kategorija\\\/vesti\\\/zivotna-sredina\\\/\"},{\"@type\":\"ListItem\",\"position\":4,\"name\":\"Sezona grejanja po\u010dinje, a vazduh je ve\u0107 svuda u Srbiji prezaga\u0111en\"}]},{\"@type\":\"WebSite\",\"@id\":\"https:\\\/\\\/balkangreenenergynews.com\\\/rs\\\/#website\",\"url\":\"https:\\\/\\\/balkangreenenergynews.com\\\/rs\\\/\",\"name\":\"Balkan Green Energy News\",\"description\":\"Naj\u0161iri izbor vesti sa Balkana o zelenoj energiji\",\"potentialAction\":[{\"@type\":\"SearchAction\",\"target\":{\"@type\":\"EntryPoint\",\"urlTemplate\":\"https:\\\/\\\/balkangreenenergynews.com\\\/rs\\\/?s={search_term_string}\"},\"query-input\":{\"@type\":\"PropertyValueSpecification\",\"valueRequired\":true,\"valueName\":\"search_term_string\"}}],\"inLanguage\":\"sr-RS\"},{\"@type\":\"Person\",\"@id\":\"https:\\\/\\\/balkangreenenergynews.com\\\/rs\\\/#\\\/schema\\\/person\\\/d8f80a244c4e9f2b55e4f6968c253246\",\"name\":\"Igor Todorovi\u0107\",\"url\":\"https:\\\/\\\/balkangreenenergynews.com\\\/rs\\\/author\\\/igor-todorovic\\\/\"}]}<\/script>\n<!-- \/ Yoast SEO plugin. -->","yoast_head_json":{"title":"Sezona grejanja po\u010dinje, a vazduh je ve\u0107 svuda u Srbiji prezaga\u0111en","description":"Ako se gledaju nove preporuke SZO, vazduh je na samom po\u010detku grejne sezone ve\u0107 prekomerno zaga\u0111en na skoro svim mestima gde se meri u Srbiji.","robots":{"index":"index","follow":"follow","max-snippet":"max-snippet:-1","max-image-preview":"max-image-preview:large","max-video-preview":"max-video-preview:-1"},"canonical":"https:\/\/balkangreenenergynews.com\/rs\/sezona-grejanja-pocinje-a-vazduh-je-vec-svuda-u-srbiji-prezagadjen\/","og_locale":"sr_RS","og_type":"article","og_title":"Sezona grejanja po\u010dinje, a vazduh je ve\u0107 svuda u Srbiji prezaga\u0111en","og_description":"Ako se gledaju nove preporuke SZO, vazduh je na samom po\u010detku grejne sezone ve\u0107 prekomerno zaga\u0111en na skoro svim mestima gde se meri u Srbiji.","og_url":"https:\/\/balkangreenenergynews.com\/rs\/sezona-grejanja-pocinje-a-vazduh-je-vec-svuda-u-srbiji-prezagadjen\/","og_site_name":"Balkan Green Energy News","article_published_time":"2021-10-04T20:45:07+00:00","article_modified_time":"2021-11-02T13:54:29+00:00","og_image":[{"width":840,"height":430,"url":"https:\/\/balkangreenenergynews.com\/rs\/wp-content\/uploads\/2021\/10\/Sezona-grejanja-tek-pocinje-a-vazduh-je-svuda-u-Srbiji-prezagaden.jpg","type":"image\/jpeg"}],"author":"Igor Todorovi\u0107","twitter_card":"summary_large_image","twitter_misc":{"\u041d\u0430\u043f\u0438\u0441\u0430\u043d\u043e \u043e\u0434":"Igor Todorovi\u0107","\u041f\u0440\u043e\u0446\u0435\u045a\u0435\u043d\u043e \u0432\u0440\u0435\u043c\u0435 \u0447\u0438\u0442\u0430\u045a\u0430":"4 \u043c\u0438\u043d\u0443\u0442\u0430"},"schema":{"@context":"https:\/\/schema.org","@graph":[{"@type":"Article","@id":"https:\/\/balkangreenenergynews.com\/rs\/sezona-grejanja-pocinje-a-vazduh-je-vec-svuda-u-srbiji-prezagadjen\/#article","isPartOf":{"@id":"https:\/\/balkangreenenergynews.com\/rs\/sezona-grejanja-pocinje-a-vazduh-je-vec-svuda-u-srbiji-prezagadjen\/"},"author":{"name":"Igor Todorovi\u0107","@id":"https:\/\/balkangreenenergynews.com\/rs\/#\/schema\/person\/d8f80a244c4e9f2b55e4f6968c253246"},"headline":"Sezona grejanja po\u010dinje, a vazduh je ve\u0107 svuda u Srbiji prezaga\u0111en","datePublished":"2021-10-04T20:45:07+00:00","dateModified":"2021-11-02T13:54:29+00:00","mainEntityOfPage":{"@id":"https:\/\/balkangreenenergynews.com\/rs\/sezona-grejanja-pocinje-a-vazduh-je-vec-svuda-u-srbiji-prezagadjen\/"},"wordCount":1013,"commentCount":0,"image":{"@id":"https:\/\/balkangreenenergynews.com\/rs\/sezona-grejanja-pocinje-a-vazduh-je-vec-svuda-u-srbiji-prezagadjen\/#primaryimage"},"thumbnailUrl":"https:\/\/balkangreenenergynews.com\/rs\/wp-content\/uploads\/2021\/10\/Sezona-grejanja-tek-pocinje-a-vazduh-je-svuda-u-Srbiji-prezagaden.jpg?wsr","keywords":["Dejan Leki\u0107","Dragana \u0110or\u0111evi\u0107","Evropska agencija za \u017eivotnu sredinu","kvalitet vazduha","Milenko Jovanovi\u0107","Vladimir \u0110ur\u0111evi\u0107","zaga\u0111enost vazduha","\u017eivotna sredina"],"articleSection":["\u017divotna sredina"],"inLanguage":"sr-RS","potentialAction":[{"@type":"CommentAction","name":"Comment","target":["https:\/\/balkangreenenergynews.com\/rs\/sezona-grejanja-pocinje-a-vazduh-je-vec-svuda-u-srbiji-prezagadjen\/#respond"]}]},{"@type":"WebPage","@id":"https:\/\/balkangreenenergynews.com\/rs\/sezona-grejanja-pocinje-a-vazduh-je-vec-svuda-u-srbiji-prezagadjen\/","url":"https:\/\/balkangreenenergynews.com\/rs\/sezona-grejanja-pocinje-a-vazduh-je-vec-svuda-u-srbiji-prezagadjen\/","name":"Sezona grejanja po\u010dinje, a vazduh je ve\u0107 svuda u Srbiji prezaga\u0111en","isPartOf":{"@id":"https:\/\/balkangreenenergynews.com\/rs\/#website"},"primaryImageOfPage":{"@id":"https:\/\/balkangreenenergynews.com\/rs\/sezona-grejanja-pocinje-a-vazduh-je-vec-svuda-u-srbiji-prezagadjen\/#primaryimage"},"image":{"@id":"https:\/\/balkangreenenergynews.com\/rs\/sezona-grejanja-pocinje-a-vazduh-je-vec-svuda-u-srbiji-prezagadjen\/#primaryimage"},"thumbnailUrl":"https:\/\/balkangreenenergynews.com\/rs\/wp-content\/uploads\/2021\/10\/Sezona-grejanja-tek-pocinje-a-vazduh-je-svuda-u-Srbiji-prezagaden.jpg?wsr","datePublished":"2021-10-04T20:45:07+00:00","dateModified":"2021-11-02T13:54:29+00:00","author":{"@id":"https:\/\/balkangreenenergynews.com\/rs\/#\/schema\/person\/d8f80a244c4e9f2b55e4f6968c253246"},"description":"Ako se gledaju nove preporuke SZO, vazduh je na samom po\u010detku grejne sezone ve\u0107 prekomerno zaga\u0111en na skoro svim mestima gde se meri u Srbiji.","breadcrumb":{"@id":"https:\/\/balkangreenenergynews.com\/rs\/sezona-grejanja-pocinje-a-vazduh-je-vec-svuda-u-srbiji-prezagadjen\/#breadcrumb"},"inLanguage":"sr-RS","potentialAction":[{"@type":"ReadAction","target":["https:\/\/balkangreenenergynews.com\/rs\/sezona-grejanja-pocinje-a-vazduh-je-vec-svuda-u-srbiji-prezagadjen\/"]}]},{"@type":"ImageObject","inLanguage":"sr-RS","@id":"https:\/\/balkangreenenergynews.com\/rs\/sezona-grejanja-pocinje-a-vazduh-je-vec-svuda-u-srbiji-prezagadjen\/#primaryimage","url":"https:\/\/balkangreenenergynews.com\/rs\/wp-content\/uploads\/2021\/10\/Sezona-grejanja-tek-pocinje-a-vazduh-je-svuda-u-Srbiji-prezagaden.jpg?wsr","contentUrl":"https:\/\/balkangreenenergynews.com\/rs\/wp-content\/uploads\/2021\/10\/Sezona-grejanja-tek-pocinje-a-vazduh-je-svuda-u-Srbiji-prezagaden.jpg?wsr","width":840,"height":430,"caption":"Sezona grejanja tek pocinje a vazduh je svuda u Srbiji prezagaden"},{"@type":"BreadcrumbList","@id":"https:\/\/balkangreenenergynews.com\/rs\/sezona-grejanja-pocinje-a-vazduh-je-vec-svuda-u-srbiji-prezagadjen\/#breadcrumb","itemListElement":[{"@type":"ListItem","position":1,"name":"Po\u010detna","item":"https:\/\/balkangreenenergynews.com\/rs\/"},{"@type":"ListItem","position":2,"name":"Vesti","item":"https:\/\/balkangreenenergynews.com\/rs\/kategorija\/vesti\/"},{"@type":"ListItem","position":3,"name":"\u017divotna sredina","item":"https:\/\/balkangreenenergynews.com\/rs\/kategorija\/vesti\/zivotna-sredina\/"},{"@type":"ListItem","position":4,"name":"Sezona grejanja po\u010dinje, a vazduh je ve\u0107 svuda u Srbiji prezaga\u0111en"}]},{"@type":"WebSite","@id":"https:\/\/balkangreenenergynews.com\/rs\/#website","url":"https:\/\/balkangreenenergynews.com\/rs\/","name":"Balkan Green Energy News","description":"Naj\u0161iri izbor vesti sa Balkana o zelenoj energiji","potentialAction":[{"@type":"SearchAction","target":{"@type":"EntryPoint","urlTemplate":"https:\/\/balkangreenenergynews.com\/rs\/?s={search_term_string}"},"query-input":{"@type":"PropertyValueSpecification","valueRequired":true,"valueName":"search_term_string"}}],"inLanguage":"sr-RS"},{"@type":"Person","@id":"https:\/\/balkangreenenergynews.com\/rs\/#\/schema\/person\/d8f80a244c4e9f2b55e4f6968c253246","name":"Igor Todorovi\u0107","url":"https:\/\/balkangreenenergynews.com\/rs\/author\/igor-todorovic\/"}]}},"_links":{"self":[{"href":"https:\/\/balkangreenenergynews.com\/rs\/wp-json\/wp\/v2\/posts\/42129","targetHints":{"allow":["GET"]}}],"collection":[{"href":"https:\/\/balkangreenenergynews.com\/rs\/wp-json\/wp\/v2\/posts"}],"about":[{"href":"https:\/\/balkangreenenergynews.com\/rs\/wp-json\/wp\/v2\/types\/post"}],"author":[{"embeddable":true,"href":"https:\/\/balkangreenenergynews.com\/rs\/wp-json\/wp\/v2\/users\/27"}],"replies":[{"embeddable":true,"href":"https:\/\/balkangreenenergynews.com\/rs\/wp-json\/wp\/v2\/comments?post=42129"}],"version-history":[{"count":0,"href":"https:\/\/balkangreenenergynews.com\/rs\/wp-json\/wp\/v2\/posts\/42129\/revisions"}],"wp:featuredmedia":[{"embeddable":true,"href":"https:\/\/balkangreenenergynews.com\/rs\/wp-json\/wp\/v2\/media\/42145"}],"wp:attachment":[{"href":"https:\/\/balkangreenenergynews.com\/rs\/wp-json\/wp\/v2\/media?parent=42129"}],"wp:term":[{"taxonomy":"category","embeddable":true,"href":"https:\/\/balkangreenenergynews.com\/rs\/wp-json\/wp\/v2\/categories?post=42129"},{"taxonomy":"post_tag","embeddable":true,"href":"https:\/\/balkangreenenergynews.com\/rs\/wp-json\/wp\/v2\/tags?post=42129"}],"curies":[{"name":"wp","href":"https:\/\/api.w.org\/{rel}","templated":true}]}}