{"id":42035,"date":"2021-09-30T18:27:21","date_gmt":"2021-09-30T16:27:21","guid":{"rendered":"https:\/\/balkangreenenergynews.com\/rs\/?p=42035"},"modified":"2021-09-30T18:27:21","modified_gmt":"2021-09-30T16:27:21","slug":"eu-ocekuje-kvalitetne-projekte-sa-zapadnog-balkana-za-investicioni-plan-od-9-milijardi-evra","status":"publish","type":"post","link":"https:\/\/balkangreenenergynews.com\/rs\/eu-ocekuje-kvalitetne-projekte-sa-zapadnog-balkana-za-investicioni-plan-od-9-milijardi-evra\/","title":{"rendered":"EU o\u010dekuje kvalitetne projekte sa Zapadnog Balkana za investicioni plan od 9 milijardi evra"},"content":{"rendered":"<h2>Evropska unija o\u010dekuje da zemlje regiona predlo\u017ee razvijene i kvalitetne projekte za finansiranje kroz Ekonomski i investicioni plan za Zapadni Balkan, rekla je predsednica Evropske komisije Ursula von der Leyen tokom turneje po regionu pred Samit EU-Zapadni Balkan, koji se odr\u017eava slede\u0107e nedelje u Sloveniji.<\/h2>\n<p>Osnovne oblasti koje obuhvata Ekonomski i investicioni plan uklju\u010duju, izme\u0111u ostalog, odr\u017eivi transport, \u010distu energiju, \u017eivotnu sredinu i klimatske promene.<\/p>\n<p>EU se nada da \u0107e sprovo\u0111enje plana pomo\u0107i da se obezbedi jo\u0161 20 milijardi evra investicija, pa bi tako ukupna ulaganja u projekte iz Evropskog zelenog dogovora, digitalizaciju i ja\u010danje otpornosti na Zapadnom Balkanu dostigla skoro 30 milijardi evra, izjavila je predsednica Evropske komisije.<\/p>\n<blockquote><p>EU se nada da bi ukupna ulaganja u projekte iz Evropskog zelenog dogovora, digitalizaciju i ja\u010danje otpornosti mogla dosti\u0107i skoro 30 milijardi evra<\/p><\/blockquote>\n<p>Ona je tako\u0111e navela da je tokom 2021. u okviru plana dodeljeno ve\u0107 500 miliona evra, kao i da \u0107e komisija predlo\u017eiti dodatnih 600 miliona evra za ovu godinu.<\/p>\n<p>Plan koji je usvojen pro\u0161le godine je predstavljen istovremeno kad i <a href=\"https:\/\/balkangreenenergynews.com\/rs\/eu-objavila-smernice-o-zelenoj-agendi-za-zapadni-balkan\/\">smernice<\/a> za sprovo\u0111enje <a href=\"https:\/\/balkangreenenergynews.com\/rs\/na-sta-su-se-zemlje-zapadnog-balkana-obavezale-potpisivanjem-sofijske-deklaracije-o-zelenoj-agendi\/\">Zelene agende za Zapadni Balkan<\/a>, koja obuhvata klimatsku akciju, cirkularnu ekonomiju, biodiverzitet i zaga\u0111enje vazduha, vode i tla.<\/p>\n<blockquote><p>Von der Leyen: elektroenergetske mre\u017ee \u0107e omogu\u0107iti da se ostvari odr\u017eiva, zelena budu\u0107nost<\/p><\/blockquote>\n<p>U Srbiji, projekti uklju\u010duju izgradnju srpskog kraka <a href=\"https:\/\/balkangreenenergynews.com\/rs\/ems-potpisao-ugovor-vredan-65-miliona-evra-za-transbalkanski-koridor\/\">Transbalkanskog elektroenergetskog koridora<\/a>, koji povezuje tr\u017ei\u0161ta Rumunije, Srbije, Bosne i Hercegovine, Crne Gore i Italije.<\/p>\n<p>Po\u010detak radova na modernizaciji deonice Ni\u0161-Brestovac \u017eelezni\u010dkog Koridora 10 predstavlja Ekonomski i investicioni plan na delu u Srbiji, rekla je Von der Leyen. Koridor 10 povezuje Srbiju sa Austrijom i Gr\u010dkom, ali predstavlja i motor razvoja srpske privrede, kao i trgovine i investicija, navela je.<\/p>\n<p>Radovi su u toku i na gasnim interkonekcijama, podsetila je Von der Leyen, koja se u Beogradu sastala sa predsednikom Srbije Aleksandrom Vu\u010di\u0107em. Prema ranijim navodima, plan EU obuhvata gasne interkonekcije Bosna i Hercegovina \u2013 Hrvatska, Severna Makedonija \u2013 Kosovo* i Severna Makedonija \u2013 Srbija, u okviru napora da se prestane sa kori\u0161\u0107enjem uglja.<\/p>\n<p>Elektroenergetske mre\u017ee, rekla je Von der Leyen, su od ogromne va\u017enosti za ostvarivanje odr\u017eive i zelene budu\u0107nosti.<\/p>\n<p>Tokom boravka u Crnoj Gori, Von der Leyen je rekla da je EU spremna da podr\u017ei izgradnju pruge koja povezuje glavni grad ove zemlje, Podgoricu, sa prestonicom Albanije, Tiranom. Plan za Crnu Goru tako\u0111e uklju\u010duje pro\u0161irenje hidroelektrane <a href=\"https:\/\/balkangreenenergynews.com\/epcg-to-invest-eur-51-million-in-2020\/\">HE Piva<\/a> i izgradnju <a href=\"https:\/\/balkangreenenergynews.com\/rs\/crna-gora-dodelila-epcg-u-koncesiju-za-hidrocentralu-komarnica\/\">HE Komarnica<\/a>.<\/p>\n<p>Von der Leyen je posetila i Albaniju, gde se planom predvi\u0111a rekonstrukcija HE Fierza i izgradnja <a href=\"https:\/\/balkangreenenergynews.com\/rs\/albanija-i-bechtel-potpisali-memorandum-o-razumevanju-za-izgradnju-he-skavica\/\">HE Skavica<\/a>.<\/p>\n<blockquote><p>Von der Leyen je pohvalila Severnu Makedoniju za pokretanje kampanje za Zeleni dogovor<\/p><\/blockquote>\n<p>Projekti u Severnoj Makedoniji uklju\u010duju postrojenje za preradu otpadnih voda u Skopju, kao i <a href=\"https:\/\/balkangreenenergynews.com\/rs\/severna-makedonija-planira-da-obnovljivi-izvori-cine-50-kapaciteta-za-proizvodnju-struje-do-2024\/\">investicije u vetroparkove i solarne elektrane<\/a>. Me\u0111u najboljim projektima u ovoj zemlji je izgradnja fabrike solarnih panela, rekla je Von der Leyen, ali nije precizirala o kom pogonu je re\u010d.<\/p>\n<p>Ona je tako\u0111e pohvalila Severnu Makedoniju za <a href=\"https:\/\/balkangreenenergynews.com\/rs\/severna-makedonija-najavila-3-1-milijardu-evra-investicija-u-energetiku-do-2027\/\">kampanju za sprovo\u0111enje Zelenog dogovora<\/a> u ovoj zemlji, rekav\u0161i da je to pribli\u017eava EU.<\/p>\n<blockquote><p>EU bi mogla pomo\u0107i izgradnju postrojenja za otpadne vode u Pri\u0161tini<\/p><\/blockquote>\n<p>Tokom posete Kosovu*, Von der Leyen je pomenula podr\u0161ku EU izgradnji postrojenja za otpadne vode u Pri\u0161tini, kao i izgradnju \u017eelezni\u010dkog kraka 10 (Rail Route 10), koja je ve\u0107 u toku. Plan na Kosovu* predvi\u0111a i izgradnju druge faze hidroenergetskog sistema Ib\u00ebr-Lepenc.<\/p>\n<p>Ekonomski i investicioni plan sadr\u017ei i predlog Evropske komisije da se program <a href=\"https:\/\/balkangreenenergynews.com\/rs\/evropski-parlament-podrzao-masovnu-energetsku-obnovu-zgrada-i-program-za-krovne-solarne-elektrane\/\">Talas renoviranja<\/a> za pove\u0107anje energetske efikasnosti u zgradama u EU pro\u0161iri na zemlje Zapadnog Balkana. On obuhvata projekte regionalnih sistema za upravljanje otpadom u Albaniji, Crnoj Gori, Severnoj Makedoniji i Srbiji.<\/p>\n","protected":false},"excerpt":{"rendered":"<p>EU se nada da bi ukupan paket ulaganja u projekte iz Evropskog zelenog dogovora, digitalizaciju i ja\u010danje otpornosti na Zapadnom Balkanu mogao da dostigne 30 milijardi evra.<\/p>\n","protected":false},"author":25,"featured_media":42037,"comment_status":"open","ping_status":"open","sticky":false,"template":"","format":"standard","meta":{"_acf_changed":false,"_monsterinsights_skip_tracking":false,"_monsterinsights_sitenote_active":false,"_monsterinsights_sitenote_note":"","_monsterinsights_sitenote_category":0,"footnotes":""},"categories":[7,1],"tags":[1124,5465,1202,652,4473,5695,1890,1214,5832,4891,5496],"class_list":["post-42035","post","type-post","status-publish","format-standard","has-post-thumbnail","hentry","category-mobilnost","category-obnovljivi-izvori-energije","tag-energetska-obnova","tag-evropski-zeleni-dogovor","tag-hidroelektrane","tag-investicije","tag-postrojenje-za-preradu-otpadnih-voda","tag-prestanak-koriscenja-uglja","tag-solarne-elektrane","tag-transbalkanski-koridor","tag-ursula-von-der-leyen","tag-vetroparkovi","tag-zelena-agenda-za-zapadni-balkan","country-regioneu"],"acf":[],"yoast_head":"<!-- This site is optimized with the Yoast SEO plugin v27.4 - https:\/\/yoast.com\/product\/yoast-seo-wordpress\/ -->\n<title>EU o\u010dekuje kvalitetne projekte sa Zapadnog Balkana za investicioni plan od 9 milijardi evra<\/title>\n<meta name=\"description\" content=\"EU o\u010dekuje da zemlje regiona predlo\u017ee razra\u0111ene i kvalitetne projekte za finansiranje kroz Ekonomski i investicioni plan za Zapadni Balkan.\" \/>\n<meta name=\"robots\" content=\"index, follow, max-snippet:-1, max-image-preview:large, max-video-preview:-1\" \/>\n<link rel=\"canonical\" href=\"https:\/\/balkangreenenergynews.com\/rs\/eu-ocekuje-kvalitetne-projekte-sa-zapadnog-balkana-za-investicioni-plan-od-9-milijardi-evra\/\" \/>\n<meta property=\"og:locale\" content=\"sr_RS\" \/>\n<meta property=\"og:type\" content=\"article\" \/>\n<meta property=\"og:title\" content=\"EU o\u010dekuje kvalitetne projekte sa Zapadnog Balkana za investicioni plan od 9 milijardi evra\" \/>\n<meta property=\"og:description\" content=\"EU o\u010dekuje da zemlje regiona predlo\u017ee razra\u0111ene i kvalitetne projekte za finansiranje kroz Ekonomski i investicioni plan za Zapadni Balkan.\" \/>\n<meta property=\"og:url\" content=\"https:\/\/balkangreenenergynews.com\/rs\/eu-ocekuje-kvalitetne-projekte-sa-zapadnog-balkana-za-investicioni-plan-od-9-milijardi-evra\/\" \/>\n<meta property=\"og:site_name\" content=\"Balkan Green Energy News\" \/>\n<meta property=\"article:published_time\" content=\"2021-09-30T16:27:21+00:00\" \/>\n<meta property=\"og:image\" content=\"https:\/\/balkangreenenergynews.com\/rs\/wp-content\/uploads\/2021\/09\/ursula-von-der-leyen-plan-zapadni-balkan.jpg\" \/>\n\t<meta property=\"og:image:width\" content=\"840\" \/>\n\t<meta property=\"og:image:height\" content=\"430\" \/>\n\t<meta property=\"og:image:type\" content=\"image\/jpeg\" \/>\n<meta name=\"author\" content=\"Balkan Green Energy News\" \/>\n<meta name=\"twitter:card\" content=\"summary_large_image\" \/>\n<meta name=\"twitter:label1\" content=\"\u041d\u0430\u043f\u0438\u0441\u0430\u043d\u043e \u043e\u0434\" \/>\n\t<meta name=\"twitter:data1\" content=\"Balkan Green Energy News\" \/>\n\t<meta name=\"twitter:label2\" content=\"\u041f\u0440\u043e\u0446\u0435\u045a\u0435\u043d\u043e \u0432\u0440\u0435\u043c\u0435 \u0447\u0438\u0442\u0430\u045a\u0430\" \/>\n\t<meta name=\"twitter:data2\" content=\"3 \u043c\u0438\u043d\u0443\u0442\u0430\" \/>\n<script type=\"application\/ld+json\" class=\"yoast-schema-graph\">{\"@context\":\"https:\\\/\\\/schema.org\",\"@graph\":[{\"@type\":\"Article\",\"@id\":\"https:\\\/\\\/balkangreenenergynews.com\\\/rs\\\/eu-ocekuje-kvalitetne-projekte-sa-zapadnog-balkana-za-investicioni-plan-od-9-milijardi-evra\\\/#article\",\"isPartOf\":{\"@id\":\"https:\\\/\\\/balkangreenenergynews.com\\\/rs\\\/eu-ocekuje-kvalitetne-projekte-sa-zapadnog-balkana-za-investicioni-plan-od-9-milijardi-evra\\\/\"},\"author\":{\"name\":\"Balkan Green Energy News\",\"@id\":\"https:\\\/\\\/balkangreenenergynews.com\\\/rs\\\/#\\\/schema\\\/person\\\/dee275e6036b1a0f7ceaf956d79d4eff\"},\"headline\":\"EU o\u010dekuje kvalitetne projekte sa Zapadnog Balkana za investicioni plan od 9 milijardi evra\",\"datePublished\":\"2021-09-30T16:27:21+00:00\",\"mainEntityOfPage\":{\"@id\":\"https:\\\/\\\/balkangreenenergynews.com\\\/rs\\\/eu-ocekuje-kvalitetne-projekte-sa-zapadnog-balkana-za-investicioni-plan-od-9-milijardi-evra\\\/\"},\"wordCount\":636,\"commentCount\":0,\"image\":{\"@id\":\"https:\\\/\\\/balkangreenenergynews.com\\\/rs\\\/eu-ocekuje-kvalitetne-projekte-sa-zapadnog-balkana-za-investicioni-plan-od-9-milijardi-evra\\\/#primaryimage\"},\"thumbnailUrl\":\"https:\\\/\\\/balkangreenenergynews.com\\\/rs\\\/wp-content\\\/uploads\\\/2021\\\/09\\\/ursula-von-der-leyen-plan-zapadni-balkan.jpg?wsr\",\"keywords\":[\"energetska obnova\",\"Evropski zeleni dogovor\",\"hidroelektrane\",\"investicije\",\"postrojenje za preradu otpadnih voda\",\"prestanak kori\u0161\u0107enja uglja\",\"solarne elektrane\",\"Transbalkanski koridor\",\"Ursula von der Leyen\",\"vetroparkovi\",\"Zelena agenda za Zapadni Balkan\"],\"articleSection\":[\"Mobilnost\",\"OIE\"],\"inLanguage\":\"sr-RS\",\"potentialAction\":[{\"@type\":\"CommentAction\",\"name\":\"Comment\",\"target\":[\"https:\\\/\\\/balkangreenenergynews.com\\\/rs\\\/eu-ocekuje-kvalitetne-projekte-sa-zapadnog-balkana-za-investicioni-plan-od-9-milijardi-evra\\\/#respond\"]}]},{\"@type\":\"WebPage\",\"@id\":\"https:\\\/\\\/balkangreenenergynews.com\\\/rs\\\/eu-ocekuje-kvalitetne-projekte-sa-zapadnog-balkana-za-investicioni-plan-od-9-milijardi-evra\\\/\",\"url\":\"https:\\\/\\\/balkangreenenergynews.com\\\/rs\\\/eu-ocekuje-kvalitetne-projekte-sa-zapadnog-balkana-za-investicioni-plan-od-9-milijardi-evra\\\/\",\"name\":\"EU o\u010dekuje kvalitetne projekte sa Zapadnog Balkana za investicioni plan od 9 milijardi evra\",\"isPartOf\":{\"@id\":\"https:\\\/\\\/balkangreenenergynews.com\\\/rs\\\/#website\"},\"primaryImageOfPage\":{\"@id\":\"https:\\\/\\\/balkangreenenergynews.com\\\/rs\\\/eu-ocekuje-kvalitetne-projekte-sa-zapadnog-balkana-za-investicioni-plan-od-9-milijardi-evra\\\/#primaryimage\"},\"image\":{\"@id\":\"https:\\\/\\\/balkangreenenergynews.com\\\/rs\\\/eu-ocekuje-kvalitetne-projekte-sa-zapadnog-balkana-za-investicioni-plan-od-9-milijardi-evra\\\/#primaryimage\"},\"thumbnailUrl\":\"https:\\\/\\\/balkangreenenergynews.com\\\/rs\\\/wp-content\\\/uploads\\\/2021\\\/09\\\/ursula-von-der-leyen-plan-zapadni-balkan.jpg?wsr\",\"datePublished\":\"2021-09-30T16:27:21+00:00\",\"author\":{\"@id\":\"https:\\\/\\\/balkangreenenergynews.com\\\/rs\\\/#\\\/schema\\\/person\\\/dee275e6036b1a0f7ceaf956d79d4eff\"},\"description\":\"EU o\u010dekuje da zemlje regiona predlo\u017ee razra\u0111ene i kvalitetne projekte za finansiranje kroz Ekonomski i investicioni plan za Zapadni Balkan.\",\"breadcrumb\":{\"@id\":\"https:\\\/\\\/balkangreenenergynews.com\\\/rs\\\/eu-ocekuje-kvalitetne-projekte-sa-zapadnog-balkana-za-investicioni-plan-od-9-milijardi-evra\\\/#breadcrumb\"},\"inLanguage\":\"sr-RS\",\"potentialAction\":[{\"@type\":\"ReadAction\",\"target\":[\"https:\\\/\\\/balkangreenenergynews.com\\\/rs\\\/eu-ocekuje-kvalitetne-projekte-sa-zapadnog-balkana-za-investicioni-plan-od-9-milijardi-evra\\\/\"]}]},{\"@type\":\"ImageObject\",\"inLanguage\":\"sr-RS\",\"@id\":\"https:\\\/\\\/balkangreenenergynews.com\\\/rs\\\/eu-ocekuje-kvalitetne-projekte-sa-zapadnog-balkana-za-investicioni-plan-od-9-milijardi-evra\\\/#primaryimage\",\"url\":\"https:\\\/\\\/balkangreenenergynews.com\\\/rs\\\/wp-content\\\/uploads\\\/2021\\\/09\\\/ursula-von-der-leyen-plan-zapadni-balkan.jpg?wsr\",\"contentUrl\":\"https:\\\/\\\/balkangreenenergynews.com\\\/rs\\\/wp-content\\\/uploads\\\/2021\\\/09\\\/ursula-von-der-leyen-plan-zapadni-balkan.jpg?wsr\",\"width\":840,\"height\":430,\"caption\":\"Ursula von der Leyen\"},{\"@type\":\"BreadcrumbList\",\"@id\":\"https:\\\/\\\/balkangreenenergynews.com\\\/rs\\\/eu-ocekuje-kvalitetne-projekte-sa-zapadnog-balkana-za-investicioni-plan-od-9-milijardi-evra\\\/#breadcrumb\",\"itemListElement\":[{\"@type\":\"ListItem\",\"position\":1,\"name\":\"Po\u010detna\",\"item\":\"https:\\\/\\\/balkangreenenergynews.com\\\/rs\\\/\"},{\"@type\":\"ListItem\",\"position\":2,\"name\":\"Vesti\",\"item\":\"https:\\\/\\\/balkangreenenergynews.com\\\/rs\\\/kategorija\\\/vesti\\\/\"},{\"@type\":\"ListItem\",\"position\":3,\"name\":\"Mobilnost\",\"item\":\"https:\\\/\\\/balkangreenenergynews.com\\\/rs\\\/kategorija\\\/vesti\\\/mobilnost\\\/\"},{\"@type\":\"ListItem\",\"position\":4,\"name\":\"EU o\u010dekuje kvalitetne projekte sa Zapadnog Balkana za investicioni plan od 9 milijardi evra\"}]},{\"@type\":\"WebSite\",\"@id\":\"https:\\\/\\\/balkangreenenergynews.com\\\/rs\\\/#website\",\"url\":\"https:\\\/\\\/balkangreenenergynews.com\\\/rs\\\/\",\"name\":\"Balkan Green Energy News\",\"description\":\"Naj\u0161iri izbor vesti sa Balkana o zelenoj energiji\",\"potentialAction\":[{\"@type\":\"SearchAction\",\"target\":{\"@type\":\"EntryPoint\",\"urlTemplate\":\"https:\\\/\\\/balkangreenenergynews.com\\\/rs\\\/?s={search_term_string}\"},\"query-input\":{\"@type\":\"PropertyValueSpecification\",\"valueRequired\":true,\"valueName\":\"search_term_string\"}}],\"inLanguage\":\"sr-RS\"},{\"@type\":\"Person\",\"@id\":\"https:\\\/\\\/balkangreenenergynews.com\\\/rs\\\/#\\\/schema\\\/person\\\/dee275e6036b1a0f7ceaf956d79d4eff\",\"name\":\"Balkan Green Energy News\",\"url\":\"https:\\\/\\\/balkangreenenergynews.com\\\/rs\\\/author\\\/balkangreenenergynews\\\/\"}]}<\/script>\n<!-- \/ Yoast SEO plugin. -->","yoast_head_json":{"title":"EU o\u010dekuje kvalitetne projekte sa Zapadnog Balkana za investicioni plan od 9 milijardi evra","description":"EU o\u010dekuje da zemlje regiona predlo\u017ee razra\u0111ene i kvalitetne projekte za finansiranje kroz Ekonomski i investicioni plan za Zapadni Balkan.","robots":{"index":"index","follow":"follow","max-snippet":"max-snippet:-1","max-image-preview":"max-image-preview:large","max-video-preview":"max-video-preview:-1"},"canonical":"https:\/\/balkangreenenergynews.com\/rs\/eu-ocekuje-kvalitetne-projekte-sa-zapadnog-balkana-za-investicioni-plan-od-9-milijardi-evra\/","og_locale":"sr_RS","og_type":"article","og_title":"EU o\u010dekuje kvalitetne projekte sa Zapadnog Balkana za investicioni plan od 9 milijardi evra","og_description":"EU o\u010dekuje da zemlje regiona predlo\u017ee razra\u0111ene i kvalitetne projekte za finansiranje kroz Ekonomski i investicioni plan za Zapadni Balkan.","og_url":"https:\/\/balkangreenenergynews.com\/rs\/eu-ocekuje-kvalitetne-projekte-sa-zapadnog-balkana-za-investicioni-plan-od-9-milijardi-evra\/","og_site_name":"Balkan Green Energy News","article_published_time":"2021-09-30T16:27:21+00:00","og_image":[{"width":840,"height":430,"url":"https:\/\/balkangreenenergynews.com\/rs\/wp-content\/uploads\/2021\/09\/ursula-von-der-leyen-plan-zapadni-balkan.jpg","type":"image\/jpeg"}],"author":"Balkan Green Energy News","twitter_card":"summary_large_image","twitter_misc":{"\u041d\u0430\u043f\u0438\u0441\u0430\u043d\u043e \u043e\u0434":"Balkan Green Energy News","\u041f\u0440\u043e\u0446\u0435\u045a\u0435\u043d\u043e \u0432\u0440\u0435\u043c\u0435 \u0447\u0438\u0442\u0430\u045a\u0430":"3 \u043c\u0438\u043d\u0443\u0442\u0430"},"schema":{"@context":"https:\/\/schema.org","@graph":[{"@type":"Article","@id":"https:\/\/balkangreenenergynews.com\/rs\/eu-ocekuje-kvalitetne-projekte-sa-zapadnog-balkana-za-investicioni-plan-od-9-milijardi-evra\/#article","isPartOf":{"@id":"https:\/\/balkangreenenergynews.com\/rs\/eu-ocekuje-kvalitetne-projekte-sa-zapadnog-balkana-za-investicioni-plan-od-9-milijardi-evra\/"},"author":{"name":"Balkan Green Energy News","@id":"https:\/\/balkangreenenergynews.com\/rs\/#\/schema\/person\/dee275e6036b1a0f7ceaf956d79d4eff"},"headline":"EU o\u010dekuje kvalitetne projekte sa Zapadnog Balkana za investicioni plan od 9 milijardi evra","datePublished":"2021-09-30T16:27:21+00:00","mainEntityOfPage":{"@id":"https:\/\/balkangreenenergynews.com\/rs\/eu-ocekuje-kvalitetne-projekte-sa-zapadnog-balkana-za-investicioni-plan-od-9-milijardi-evra\/"},"wordCount":636,"commentCount":0,"image":{"@id":"https:\/\/balkangreenenergynews.com\/rs\/eu-ocekuje-kvalitetne-projekte-sa-zapadnog-balkana-za-investicioni-plan-od-9-milijardi-evra\/#primaryimage"},"thumbnailUrl":"https:\/\/balkangreenenergynews.com\/rs\/wp-content\/uploads\/2021\/09\/ursula-von-der-leyen-plan-zapadni-balkan.jpg?wsr","keywords":["energetska obnova","Evropski zeleni dogovor","hidroelektrane","investicije","postrojenje za preradu otpadnih voda","prestanak kori\u0161\u0107enja uglja","solarne elektrane","Transbalkanski koridor","Ursula von der Leyen","vetroparkovi","Zelena agenda za Zapadni Balkan"],"articleSection":["Mobilnost","OIE"],"inLanguage":"sr-RS","potentialAction":[{"@type":"CommentAction","name":"Comment","target":["https:\/\/balkangreenenergynews.com\/rs\/eu-ocekuje-kvalitetne-projekte-sa-zapadnog-balkana-za-investicioni-plan-od-9-milijardi-evra\/#respond"]}]},{"@type":"WebPage","@id":"https:\/\/balkangreenenergynews.com\/rs\/eu-ocekuje-kvalitetne-projekte-sa-zapadnog-balkana-za-investicioni-plan-od-9-milijardi-evra\/","url":"https:\/\/balkangreenenergynews.com\/rs\/eu-ocekuje-kvalitetne-projekte-sa-zapadnog-balkana-za-investicioni-plan-od-9-milijardi-evra\/","name":"EU o\u010dekuje kvalitetne projekte sa Zapadnog Balkana za investicioni plan od 9 milijardi evra","isPartOf":{"@id":"https:\/\/balkangreenenergynews.com\/rs\/#website"},"primaryImageOfPage":{"@id":"https:\/\/balkangreenenergynews.com\/rs\/eu-ocekuje-kvalitetne-projekte-sa-zapadnog-balkana-za-investicioni-plan-od-9-milijardi-evra\/#primaryimage"},"image":{"@id":"https:\/\/balkangreenenergynews.com\/rs\/eu-ocekuje-kvalitetne-projekte-sa-zapadnog-balkana-za-investicioni-plan-od-9-milijardi-evra\/#primaryimage"},"thumbnailUrl":"https:\/\/balkangreenenergynews.com\/rs\/wp-content\/uploads\/2021\/09\/ursula-von-der-leyen-plan-zapadni-balkan.jpg?wsr","datePublished":"2021-09-30T16:27:21+00:00","author":{"@id":"https:\/\/balkangreenenergynews.com\/rs\/#\/schema\/person\/dee275e6036b1a0f7ceaf956d79d4eff"},"description":"EU o\u010dekuje da zemlje regiona predlo\u017ee razra\u0111ene i kvalitetne projekte za finansiranje kroz Ekonomski i investicioni plan za Zapadni Balkan.","breadcrumb":{"@id":"https:\/\/balkangreenenergynews.com\/rs\/eu-ocekuje-kvalitetne-projekte-sa-zapadnog-balkana-za-investicioni-plan-od-9-milijardi-evra\/#breadcrumb"},"inLanguage":"sr-RS","potentialAction":[{"@type":"ReadAction","target":["https:\/\/balkangreenenergynews.com\/rs\/eu-ocekuje-kvalitetne-projekte-sa-zapadnog-balkana-za-investicioni-plan-od-9-milijardi-evra\/"]}]},{"@type":"ImageObject","inLanguage":"sr-RS","@id":"https:\/\/balkangreenenergynews.com\/rs\/eu-ocekuje-kvalitetne-projekte-sa-zapadnog-balkana-za-investicioni-plan-od-9-milijardi-evra\/#primaryimage","url":"https:\/\/balkangreenenergynews.com\/rs\/wp-content\/uploads\/2021\/09\/ursula-von-der-leyen-plan-zapadni-balkan.jpg?wsr","contentUrl":"https:\/\/balkangreenenergynews.com\/rs\/wp-content\/uploads\/2021\/09\/ursula-von-der-leyen-plan-zapadni-balkan.jpg?wsr","width":840,"height":430,"caption":"Ursula von der Leyen"},{"@type":"BreadcrumbList","@id":"https:\/\/balkangreenenergynews.com\/rs\/eu-ocekuje-kvalitetne-projekte-sa-zapadnog-balkana-za-investicioni-plan-od-9-milijardi-evra\/#breadcrumb","itemListElement":[{"@type":"ListItem","position":1,"name":"Po\u010detna","item":"https:\/\/balkangreenenergynews.com\/rs\/"},{"@type":"ListItem","position":2,"name":"Vesti","item":"https:\/\/balkangreenenergynews.com\/rs\/kategorija\/vesti\/"},{"@type":"ListItem","position":3,"name":"Mobilnost","item":"https:\/\/balkangreenenergynews.com\/rs\/kategorija\/vesti\/mobilnost\/"},{"@type":"ListItem","position":4,"name":"EU o\u010dekuje kvalitetne projekte sa Zapadnog Balkana za investicioni plan od 9 milijardi evra"}]},{"@type":"WebSite","@id":"https:\/\/balkangreenenergynews.com\/rs\/#website","url":"https:\/\/balkangreenenergynews.com\/rs\/","name":"Balkan Green Energy News","description":"Naj\u0161iri izbor vesti sa Balkana o zelenoj energiji","potentialAction":[{"@type":"SearchAction","target":{"@type":"EntryPoint","urlTemplate":"https:\/\/balkangreenenergynews.com\/rs\/?s={search_term_string}"},"query-input":{"@type":"PropertyValueSpecification","valueRequired":true,"valueName":"search_term_string"}}],"inLanguage":"sr-RS"},{"@type":"Person","@id":"https:\/\/balkangreenenergynews.com\/rs\/#\/schema\/person\/dee275e6036b1a0f7ceaf956d79d4eff","name":"Balkan Green Energy News","url":"https:\/\/balkangreenenergynews.com\/rs\/author\/balkangreenenergynews\/"}]}},"_links":{"self":[{"href":"https:\/\/balkangreenenergynews.com\/rs\/wp-json\/wp\/v2\/posts\/42035","targetHints":{"allow":["GET"]}}],"collection":[{"href":"https:\/\/balkangreenenergynews.com\/rs\/wp-json\/wp\/v2\/posts"}],"about":[{"href":"https:\/\/balkangreenenergynews.com\/rs\/wp-json\/wp\/v2\/types\/post"}],"author":[{"embeddable":true,"href":"https:\/\/balkangreenenergynews.com\/rs\/wp-json\/wp\/v2\/users\/25"}],"replies":[{"embeddable":true,"href":"https:\/\/balkangreenenergynews.com\/rs\/wp-json\/wp\/v2\/comments?post=42035"}],"version-history":[{"count":0,"href":"https:\/\/balkangreenenergynews.com\/rs\/wp-json\/wp\/v2\/posts\/42035\/revisions"}],"wp:featuredmedia":[{"embeddable":true,"href":"https:\/\/balkangreenenergynews.com\/rs\/wp-json\/wp\/v2\/media\/42037"}],"wp:attachment":[{"href":"https:\/\/balkangreenenergynews.com\/rs\/wp-json\/wp\/v2\/media?parent=42035"}],"wp:term":[{"taxonomy":"category","embeddable":true,"href":"https:\/\/balkangreenenergynews.com\/rs\/wp-json\/wp\/v2\/categories?post=42035"},{"taxonomy":"post_tag","embeddable":true,"href":"https:\/\/balkangreenenergynews.com\/rs\/wp-json\/wp\/v2\/tags?post=42035"}],"curies":[{"name":"wp","href":"https:\/\/api.w.org\/{rel}","templated":true}]}}