{"id":41936,"date":"2021-09-24T15:30:52","date_gmt":"2021-09-24T13:30:52","guid":{"rendered":"https:\/\/balkangreenenergynews.com\/rs\/?p=41936"},"modified":"2021-09-24T15:30:52","modified_gmt":"2021-09-24T13:30:52","slug":"poljski-sporazum-sa-industrijom-vetra-dogovor-za-pravednu-energetsku-tranziciju","status":"publish","type":"post","link":"https:\/\/balkangreenenergynews.com\/rs\/poljski-sporazum-sa-industrijom-vetra-dogovor-za-pravednu-energetsku-tranziciju\/","title":{"rendered":"Poljski sporazum sa industrijom vetra &#8211; dogovor za pravednu energetsku tranziciju"},"content":{"rendered":"<h2>U cilju sprovo\u0111enja \u0161to bezbolnije energetske tranzicije, Poljska vlada je potpisala sporazum sa predstavnicima industrije vetra kako bi obezbedila razvoj nacionalne industrije i povec\u0301ala u\u010de\u0161c\u0301e domac\u0301ih firmi u gradnji vetroelektrana na moru. Sporazum je inspirisan dogovorom koji je pre dve godine potpisan u Velikoj Britaniji.<\/h2>\n<p>Dogovor sa industrijom vetra predvi\u0111a novi sistem aukcija za dodelu subvencija, nadogradnju poljskih luka, obuku i obrazovanje radne snage, posebno biv\u0161ih radnika iz sektora uglja, kao i regulisanje odnosa izme\u0111u sektora vetroelektrana i drugih delova privrede i dru\u0161tva koji koriste resurse mora. Sve ove aktivnosti pomoc\u0301i c\u0301e Poljskoj da sprovede energetsku tranziciju i u\u010dini je pravednom.<\/p>\n<blockquote><p>Poljska planira da prestane da koristi ugalj do 2040, kao i da do tog roka izgradi vetroelektrane na moru snage 11 GW<\/p><\/blockquote>\n<p>U Poljskoj trenutno ne postoji nijedan vetropark na moru, ali zemlja planira da instalira 11 GW u ovom segmentu do kraja 2040. Zemlja, ina\u010de, 70 odsto elektri\u010dne energije dobija iz termoelektrana na ugalj (instalisane snage 31 GW), ali planira da prestane da koristi ugalj do 2040.<\/p>\n<p>Dogovorom se industrija vetra obavezuje na otvaranje do 60.000 direktnih i indirektnih radnih mesta u poljskoj industriji vetra do 2040, dok \u0107e vlada zauzvrat ubrzati energetsku tranziciju ka obnovljivim izvorima energije pokretanjem novog modela aukcija za vetroparkove na moru 2025.<\/p>\n<blockquote><p>Industrija vetra se obavezala na otvaranje do 60.000 radnih mesta u Poljskoj do 2040<\/p><\/blockquote>\n<p>Ugovor je potpisalo 200 predstavnika poljske vlade, investitora, industrije vetra, lokalnih samouprava i institucija visokog obrazovanja u Poljskoj, saop\u0161tila je organizacija WindEurope.<\/p>\n<p>Poljska vlada je saop\u0161tila da ova zemlja ima oko 400 firmi koje su uklju\u010dene u industriju vetra, a dogovor je potpisalo vi\u0161e od 120. Sporazum c\u0301e, kako se navodi, biti otvoren za nove potpisnike, i predstavljati stalnu platformu za saradnju potpisnika, ali i buduc\u0301ih investitora.<\/p>\n<p>Dogovor je iniciralo Ministarstvo za klimu i \u017eivotnu sredinu u julu pro\u0161le godine, a krajem oktobra \u0161est radnih grupa zapo\u010delo je rad na dokumentu.<\/p>\n<p>Najva\u017eniji cilj ovog sporazuma je podr\u0161ka razvoju sektora vetra u Poljskoj i \u0161to ve\u0107e u\u010de\u0161\u0107e poljskih preduzetnika u gradnji vetroelektrana na moru koje \u0107e biti instalirane poljskoj ekonomskoj zoni, navodi se u saop\u0161tenju Ministarstva.<\/p>\n<h3>Obuka 40.000 radnika za industriju vetra do 2040.<\/h3>\n<figure id=\"attachment_41938\" aria-describedby=\"caption-attachment-41938\" style=\"width: 776px\" class=\"wp-caption aligncenter\"><img loading=\"lazy\" decoding=\"async\" class=\"wp-image-41938\" src=\"https:\/\/balkangreenenergynews.com\/rs\/wp-content\/uploads\/2021\/09\/sporazum-sa-industrijom-vetra-poljska-dogovor-za-pravednu-energetsku-tranziciju.jpg\" alt=\"sporazum sa industrijom vetra poljska - dogovor za pravednu energetsku tranziciju\" width=\"776\" height=\"397\" srcset=\"https:\/\/balkangreenenergynews.com\/rs\/wp-content\/uploads\/2021\/09\/sporazum-sa-industrijom-vetra-poljska-dogovor-za-pravednu-energetsku-tranziciju.jpg 840w, https:\/\/balkangreenenergynews.com\/rs\/wp-content\/uploads\/2021\/09\/sporazum-sa-industrijom-vetra-poljska-dogovor-za-pravednu-energetsku-tranziciju-500x256.jpg 500w, https:\/\/balkangreenenergynews.com\/rs\/wp-content\/uploads\/2021\/09\/sporazum-sa-industrijom-vetra-poljska-dogovor-za-pravednu-energetsku-tranziciju-768x393.jpg 768w, https:\/\/balkangreenenergynews.com\/rs\/wp-content\/uploads\/2021\/09\/sporazum-sa-industrijom-vetra-poljska-dogovor-za-pravednu-energetsku-tranziciju-300x154.jpg 300w\" sizes=\"auto, (max-width: 776px) 100vw, 776px\" \/><figcaption id=\"caption-attachment-41938\" class=\"wp-caption-text\">Slika: Ministarstvo za klimu i \u017eivotnu sredinu<\/figcaption><\/figure>\n<p>Cilj sporazuma je, kako obja\u0161njava WindEurope, da udeo doma\u0107ih firmi bude najmanje 25-30 odsto u projektima na moru koji c\u0301e biti sprovedeni do 2025, da se pove\u0107a do 2030. na najmanje 45 odsto, a posle 2030. na najmanje 50 odsto.<\/p>\n<p>Ukupno 30.000 direktnih i indirektnih radnih mesta trebalo bi da se otvori do 2030, a 60.000 do 2040. Dogovor c\u0301e, tako\u0111e, osigurati obuku i obrazovanje 20.000 radnika do 2030. odnosno 40.000 do 2040, s tim da \u0107e poseban fokus biti na prekvalifikaciji i usavr\u0161avanju radnika iz sektora uglja.<\/p>\n<blockquote><p>Vlada se obavezala da c\u0301e do 2040. obezbediti 22,5 milijardi evra za vetroparkove na moru<\/p><\/blockquote>\n<p>Poljska planira da izgradi 5,9 GW vetroparkova na moru do kraja 2030, a do 2040. ukupno\u00a0 11 GW. Vlada se obavezala da c\u0301e pokrenuti novi sistem aukcija 2025. i izdvojiti 22,5 milijardi evra za vetroelektrane na moru do 2040.<\/p>\n<p>Sporazum predvi\u0111a nadogradnju lu\u010dke infrastrukture kako bi bila podobna za izgradnju i odr\u017eavanje vetroparkova na moru.<\/p>\n<p>Planirano je i da se razvije kodeks najbolje prakse za sektor vetroparkova na moru kako bi se regulisali odnosi izme\u0111u ovog sektora i svih ostalih, koji posluju na moru, poput ribarstva, vojnog i civilnog pomorskog saobra\u0107aja.<\/p>\n","protected":false},"excerpt":{"rendered":"<p>Poljska je potpisala sporazum sa predstavnicima industrije vetra kako bi povec\u0301ala u\u010de\u0161c\u0301e domac\u0301ih firmi u gradnji vetroelektrana na moru.<\/p>\n","protected":false},"author":23,"featured_media":41937,"comment_status":"open","ping_status":"open","sticky":false,"template":"","format":"standard","meta":{"_acf_changed":false,"_monsterinsights_skip_tracking":false,"_monsterinsights_sitenote_active":false,"_monsterinsights_sitenote_note":"","_monsterinsights_sitenote_category":0,"footnotes":""},"categories":[504,1],"tags":[1854,652,5442,5695,691,4891],"class_list":["post-41936","post","type-post","status-publish","format-standard","has-post-thumbnail","hentry","category-elektricna-energija","category-obnovljivi-izvori-energije","tag-energetska-tranzicija","tag-investicije","tag-pravedna-tranzicija","tag-prestanak-koriscenja-uglja","tag-ugalj","tag-vetroparkovi","country-regioneu"],"acf":[],"yoast_head":"<!-- This site is optimized with the Yoast SEO plugin v27.4 - https:\/\/yoast.com\/product\/yoast-seo-wordpress\/ -->\n<title>Poljski sporazum sa industrijom vetra - dogovor za pravednu energetsku tranziciju<\/title>\n<meta name=\"description\" content=\"Poljska je potpisala sporazum sa predstavnicima industrije vetra kako bi povec\u0301ala u\u010de\u0161c\u0301e domac\u0301ih firmi u gradnji vetroelektrana na moru.\" \/>\n<meta name=\"robots\" content=\"index, follow, max-snippet:-1, max-image-preview:large, max-video-preview:-1\" \/>\n<link rel=\"canonical\" href=\"https:\/\/balkangreenenergynews.com\/rs\/poljski-sporazum-sa-industrijom-vetra-dogovor-za-pravednu-energetsku-tranziciju\/\" \/>\n<meta property=\"og:locale\" content=\"sr_RS\" \/>\n<meta property=\"og:type\" content=\"article\" \/>\n<meta property=\"og:title\" content=\"Poljski sporazum sa industrijom vetra - dogovor za pravednu energetsku tranziciju\" \/>\n<meta property=\"og:description\" content=\"Poljska je potpisala sporazum sa predstavnicima industrije vetra kako bi povec\u0301ala u\u010de\u0161c\u0301e domac\u0301ih firmi u gradnji vetroelektrana na moru.\" \/>\n<meta property=\"og:url\" content=\"https:\/\/balkangreenenergynews.com\/rs\/poljski-sporazum-sa-industrijom-vetra-dogovor-za-pravednu-energetsku-tranziciju\/\" \/>\n<meta property=\"og:site_name\" content=\"Balkan Green Energy News\" \/>\n<meta property=\"article:published_time\" content=\"2021-09-24T13:30:52+00:00\" \/>\n<meta property=\"og:image\" content=\"https:\/\/balkangreenenergynews.com\/rs\/wp-content\/uploads\/2021\/09\/Poljski-sporazum-sa-industrijom-vetra-dogovor-za-pravednu-energetsku-tranziciju.jpg\" \/>\n\t<meta property=\"og:image:width\" content=\"840\" \/>\n\t<meta property=\"og:image:height\" content=\"430\" \/>\n\t<meta property=\"og:image:type\" content=\"image\/jpeg\" \/>\n<meta name=\"author\" content=\"Vladimir Spasi\u0107\" \/>\n<meta name=\"twitter:card\" content=\"summary_large_image\" \/>\n<meta name=\"twitter:label1\" content=\"\u041d\u0430\u043f\u0438\u0441\u0430\u043d\u043e \u043e\u0434\" \/>\n\t<meta name=\"twitter:data1\" content=\"Vladimir Spasi\u0107\" \/>\n\t<meta name=\"twitter:label2\" content=\"\u041f\u0440\u043e\u0446\u0435\u045a\u0435\u043d\u043e \u0432\u0440\u0435\u043c\u0435 \u0447\u0438\u0442\u0430\u045a\u0430\" \/>\n\t<meta name=\"twitter:data2\" content=\"3 \u043c\u0438\u043d\u0443\u0442\u0430\" \/>\n<script type=\"application\/ld+json\" class=\"yoast-schema-graph\">{\"@context\":\"https:\\\/\\\/schema.org\",\"@graph\":[{\"@type\":\"Article\",\"@id\":\"https:\\\/\\\/balkangreenenergynews.com\\\/rs\\\/poljski-sporazum-sa-industrijom-vetra-dogovor-za-pravednu-energetsku-tranziciju\\\/#article\",\"isPartOf\":{\"@id\":\"https:\\\/\\\/balkangreenenergynews.com\\\/rs\\\/poljski-sporazum-sa-industrijom-vetra-dogovor-za-pravednu-energetsku-tranziciju\\\/\"},\"author\":{\"name\":\"Vladimir Spasi\u0107\",\"@id\":\"https:\\\/\\\/balkangreenenergynews.com\\\/rs\\\/#\\\/schema\\\/person\\\/99dc721c46113fea22caffad06ef7317\"},\"headline\":\"Poljski sporazum sa industrijom vetra &#8211; dogovor za pravednu energetsku tranziciju\",\"datePublished\":\"2021-09-24T13:30:52+00:00\",\"mainEntityOfPage\":{\"@id\":\"https:\\\/\\\/balkangreenenergynews.com\\\/rs\\\/poljski-sporazum-sa-industrijom-vetra-dogovor-za-pravednu-energetsku-tranziciju\\\/\"},\"wordCount\":579,\"commentCount\":0,\"image\":{\"@id\":\"https:\\\/\\\/balkangreenenergynews.com\\\/rs\\\/poljski-sporazum-sa-industrijom-vetra-dogovor-za-pravednu-energetsku-tranziciju\\\/#primaryimage\"},\"thumbnailUrl\":\"https:\\\/\\\/balkangreenenergynews.com\\\/rs\\\/wp-content\\\/uploads\\\/2021\\\/09\\\/Poljski-sporazum-sa-industrijom-vetra-dogovor-za-pravednu-energetsku-tranziciju.jpg?wsr\",\"keywords\":[\"energetska tranzicija\",\"investicije\",\"pravedna tranzicija\",\"prestanak kori\u0161\u0107enja uglja\",\"ugalj\",\"vetroparkovi\"],\"articleSection\":[\"Elektri\u010dna energija\",\"OIE\"],\"inLanguage\":\"sr-RS\",\"potentialAction\":[{\"@type\":\"CommentAction\",\"name\":\"Comment\",\"target\":[\"https:\\\/\\\/balkangreenenergynews.com\\\/rs\\\/poljski-sporazum-sa-industrijom-vetra-dogovor-za-pravednu-energetsku-tranziciju\\\/#respond\"]}]},{\"@type\":\"WebPage\",\"@id\":\"https:\\\/\\\/balkangreenenergynews.com\\\/rs\\\/poljski-sporazum-sa-industrijom-vetra-dogovor-za-pravednu-energetsku-tranziciju\\\/\",\"url\":\"https:\\\/\\\/balkangreenenergynews.com\\\/rs\\\/poljski-sporazum-sa-industrijom-vetra-dogovor-za-pravednu-energetsku-tranziciju\\\/\",\"name\":\"Poljski sporazum sa industrijom vetra - dogovor za pravednu energetsku tranziciju\",\"isPartOf\":{\"@id\":\"https:\\\/\\\/balkangreenenergynews.com\\\/rs\\\/#website\"},\"primaryImageOfPage\":{\"@id\":\"https:\\\/\\\/balkangreenenergynews.com\\\/rs\\\/poljski-sporazum-sa-industrijom-vetra-dogovor-za-pravednu-energetsku-tranziciju\\\/#primaryimage\"},\"image\":{\"@id\":\"https:\\\/\\\/balkangreenenergynews.com\\\/rs\\\/poljski-sporazum-sa-industrijom-vetra-dogovor-za-pravednu-energetsku-tranziciju\\\/#primaryimage\"},\"thumbnailUrl\":\"https:\\\/\\\/balkangreenenergynews.com\\\/rs\\\/wp-content\\\/uploads\\\/2021\\\/09\\\/Poljski-sporazum-sa-industrijom-vetra-dogovor-za-pravednu-energetsku-tranziciju.jpg?wsr\",\"datePublished\":\"2021-09-24T13:30:52+00:00\",\"author\":{\"@id\":\"https:\\\/\\\/balkangreenenergynews.com\\\/rs\\\/#\\\/schema\\\/person\\\/99dc721c46113fea22caffad06ef7317\"},\"description\":\"Poljska je potpisala sporazum sa predstavnicima industrije vetra kako bi povec\u0301ala u\u010de\u0161c\u0301e domac\u0301ih firmi u gradnji vetroelektrana na moru.\",\"breadcrumb\":{\"@id\":\"https:\\\/\\\/balkangreenenergynews.com\\\/rs\\\/poljski-sporazum-sa-industrijom-vetra-dogovor-za-pravednu-energetsku-tranziciju\\\/#breadcrumb\"},\"inLanguage\":\"sr-RS\",\"potentialAction\":[{\"@type\":\"ReadAction\",\"target\":[\"https:\\\/\\\/balkangreenenergynews.com\\\/rs\\\/poljski-sporazum-sa-industrijom-vetra-dogovor-za-pravednu-energetsku-tranziciju\\\/\"]}]},{\"@type\":\"ImageObject\",\"inLanguage\":\"sr-RS\",\"@id\":\"https:\\\/\\\/balkangreenenergynews.com\\\/rs\\\/poljski-sporazum-sa-industrijom-vetra-dogovor-za-pravednu-energetsku-tranziciju\\\/#primaryimage\",\"url\":\"https:\\\/\\\/balkangreenenergynews.com\\\/rs\\\/wp-content\\\/uploads\\\/2021\\\/09\\\/Poljski-sporazum-sa-industrijom-vetra-dogovor-za-pravednu-energetsku-tranziciju.jpg?wsr\",\"contentUrl\":\"https:\\\/\\\/balkangreenenergynews.com\\\/rs\\\/wp-content\\\/uploads\\\/2021\\\/09\\\/Poljski-sporazum-sa-industrijom-vetra-dogovor-za-pravednu-energetsku-tranziciju.jpg?wsr\",\"width\":840,\"height\":430,\"caption\":\"Poljski sporazum sa industrijom vetra - dogovor za pravednu energetsku tranziciju\"},{\"@type\":\"BreadcrumbList\",\"@id\":\"https:\\\/\\\/balkangreenenergynews.com\\\/rs\\\/poljski-sporazum-sa-industrijom-vetra-dogovor-za-pravednu-energetsku-tranziciju\\\/#breadcrumb\",\"itemListElement\":[{\"@type\":\"ListItem\",\"position\":1,\"name\":\"Po\u010detna\",\"item\":\"https:\\\/\\\/balkangreenenergynews.com\\\/rs\\\/\"},{\"@type\":\"ListItem\",\"position\":2,\"name\":\"Vesti\",\"item\":\"https:\\\/\\\/balkangreenenergynews.com\\\/rs\\\/kategorija\\\/vesti\\\/\"},{\"@type\":\"ListItem\",\"position\":3,\"name\":\"OIE\",\"item\":\"https:\\\/\\\/balkangreenenergynews.com\\\/rs\\\/kategorija\\\/vesti\\\/obnovljivi-izvori-energije\\\/\"},{\"@type\":\"ListItem\",\"position\":4,\"name\":\"Poljski sporazum sa industrijom vetra &#8211; dogovor za pravednu energetsku tranziciju\"}]},{\"@type\":\"WebSite\",\"@id\":\"https:\\\/\\\/balkangreenenergynews.com\\\/rs\\\/#website\",\"url\":\"https:\\\/\\\/balkangreenenergynews.com\\\/rs\\\/\",\"name\":\"Balkan Green Energy News\",\"description\":\"Naj\u0161iri izbor vesti sa Balkana o zelenoj energiji\",\"potentialAction\":[{\"@type\":\"SearchAction\",\"target\":{\"@type\":\"EntryPoint\",\"urlTemplate\":\"https:\\\/\\\/balkangreenenergynews.com\\\/rs\\\/?s={search_term_string}\"},\"query-input\":{\"@type\":\"PropertyValueSpecification\",\"valueRequired\":true,\"valueName\":\"search_term_string\"}}],\"inLanguage\":\"sr-RS\"},{\"@type\":\"Person\",\"@id\":\"https:\\\/\\\/balkangreenenergynews.com\\\/rs\\\/#\\\/schema\\\/person\\\/99dc721c46113fea22caffad06ef7317\",\"name\":\"Vladimir Spasi\u0107\",\"url\":\"https:\\\/\\\/balkangreenenergynews.com\\\/rs\\\/author\\\/vladimir-spasic\\\/\"}]}<\/script>\n<!-- \/ Yoast SEO plugin. -->","yoast_head_json":{"title":"Poljski sporazum sa industrijom vetra - dogovor za pravednu energetsku tranziciju","description":"Poljska je potpisala sporazum sa predstavnicima industrije vetra kako bi povec\u0301ala u\u010de\u0161c\u0301e domac\u0301ih firmi u gradnji vetroelektrana na moru.","robots":{"index":"index","follow":"follow","max-snippet":"max-snippet:-1","max-image-preview":"max-image-preview:large","max-video-preview":"max-video-preview:-1"},"canonical":"https:\/\/balkangreenenergynews.com\/rs\/poljski-sporazum-sa-industrijom-vetra-dogovor-za-pravednu-energetsku-tranziciju\/","og_locale":"sr_RS","og_type":"article","og_title":"Poljski sporazum sa industrijom vetra - dogovor za pravednu energetsku tranziciju","og_description":"Poljska je potpisala sporazum sa predstavnicima industrije vetra kako bi povec\u0301ala u\u010de\u0161c\u0301e domac\u0301ih firmi u gradnji vetroelektrana na moru.","og_url":"https:\/\/balkangreenenergynews.com\/rs\/poljski-sporazum-sa-industrijom-vetra-dogovor-za-pravednu-energetsku-tranziciju\/","og_site_name":"Balkan Green Energy News","article_published_time":"2021-09-24T13:30:52+00:00","og_image":[{"width":840,"height":430,"url":"https:\/\/balkangreenenergynews.com\/rs\/wp-content\/uploads\/2021\/09\/Poljski-sporazum-sa-industrijom-vetra-dogovor-za-pravednu-energetsku-tranziciju.jpg","type":"image\/jpeg"}],"author":"Vladimir Spasi\u0107","twitter_card":"summary_large_image","twitter_misc":{"\u041d\u0430\u043f\u0438\u0441\u0430\u043d\u043e \u043e\u0434":"Vladimir Spasi\u0107","\u041f\u0440\u043e\u0446\u0435\u045a\u0435\u043d\u043e \u0432\u0440\u0435\u043c\u0435 \u0447\u0438\u0442\u0430\u045a\u0430":"3 \u043c\u0438\u043d\u0443\u0442\u0430"},"schema":{"@context":"https:\/\/schema.org","@graph":[{"@type":"Article","@id":"https:\/\/balkangreenenergynews.com\/rs\/poljski-sporazum-sa-industrijom-vetra-dogovor-za-pravednu-energetsku-tranziciju\/#article","isPartOf":{"@id":"https:\/\/balkangreenenergynews.com\/rs\/poljski-sporazum-sa-industrijom-vetra-dogovor-za-pravednu-energetsku-tranziciju\/"},"author":{"name":"Vladimir Spasi\u0107","@id":"https:\/\/balkangreenenergynews.com\/rs\/#\/schema\/person\/99dc721c46113fea22caffad06ef7317"},"headline":"Poljski sporazum sa industrijom vetra &#8211; dogovor za pravednu energetsku tranziciju","datePublished":"2021-09-24T13:30:52+00:00","mainEntityOfPage":{"@id":"https:\/\/balkangreenenergynews.com\/rs\/poljski-sporazum-sa-industrijom-vetra-dogovor-za-pravednu-energetsku-tranziciju\/"},"wordCount":579,"commentCount":0,"image":{"@id":"https:\/\/balkangreenenergynews.com\/rs\/poljski-sporazum-sa-industrijom-vetra-dogovor-za-pravednu-energetsku-tranziciju\/#primaryimage"},"thumbnailUrl":"https:\/\/balkangreenenergynews.com\/rs\/wp-content\/uploads\/2021\/09\/Poljski-sporazum-sa-industrijom-vetra-dogovor-za-pravednu-energetsku-tranziciju.jpg?wsr","keywords":["energetska tranzicija","investicije","pravedna tranzicija","prestanak kori\u0161\u0107enja uglja","ugalj","vetroparkovi"],"articleSection":["Elektri\u010dna energija","OIE"],"inLanguage":"sr-RS","potentialAction":[{"@type":"CommentAction","name":"Comment","target":["https:\/\/balkangreenenergynews.com\/rs\/poljski-sporazum-sa-industrijom-vetra-dogovor-za-pravednu-energetsku-tranziciju\/#respond"]}]},{"@type":"WebPage","@id":"https:\/\/balkangreenenergynews.com\/rs\/poljski-sporazum-sa-industrijom-vetra-dogovor-za-pravednu-energetsku-tranziciju\/","url":"https:\/\/balkangreenenergynews.com\/rs\/poljski-sporazum-sa-industrijom-vetra-dogovor-za-pravednu-energetsku-tranziciju\/","name":"Poljski sporazum sa industrijom vetra - dogovor za pravednu energetsku tranziciju","isPartOf":{"@id":"https:\/\/balkangreenenergynews.com\/rs\/#website"},"primaryImageOfPage":{"@id":"https:\/\/balkangreenenergynews.com\/rs\/poljski-sporazum-sa-industrijom-vetra-dogovor-za-pravednu-energetsku-tranziciju\/#primaryimage"},"image":{"@id":"https:\/\/balkangreenenergynews.com\/rs\/poljski-sporazum-sa-industrijom-vetra-dogovor-za-pravednu-energetsku-tranziciju\/#primaryimage"},"thumbnailUrl":"https:\/\/balkangreenenergynews.com\/rs\/wp-content\/uploads\/2021\/09\/Poljski-sporazum-sa-industrijom-vetra-dogovor-za-pravednu-energetsku-tranziciju.jpg?wsr","datePublished":"2021-09-24T13:30:52+00:00","author":{"@id":"https:\/\/balkangreenenergynews.com\/rs\/#\/schema\/person\/99dc721c46113fea22caffad06ef7317"},"description":"Poljska je potpisala sporazum sa predstavnicima industrije vetra kako bi povec\u0301ala u\u010de\u0161c\u0301e domac\u0301ih firmi u gradnji vetroelektrana na moru.","breadcrumb":{"@id":"https:\/\/balkangreenenergynews.com\/rs\/poljski-sporazum-sa-industrijom-vetra-dogovor-za-pravednu-energetsku-tranziciju\/#breadcrumb"},"inLanguage":"sr-RS","potentialAction":[{"@type":"ReadAction","target":["https:\/\/balkangreenenergynews.com\/rs\/poljski-sporazum-sa-industrijom-vetra-dogovor-za-pravednu-energetsku-tranziciju\/"]}]},{"@type":"ImageObject","inLanguage":"sr-RS","@id":"https:\/\/balkangreenenergynews.com\/rs\/poljski-sporazum-sa-industrijom-vetra-dogovor-za-pravednu-energetsku-tranziciju\/#primaryimage","url":"https:\/\/balkangreenenergynews.com\/rs\/wp-content\/uploads\/2021\/09\/Poljski-sporazum-sa-industrijom-vetra-dogovor-za-pravednu-energetsku-tranziciju.jpg?wsr","contentUrl":"https:\/\/balkangreenenergynews.com\/rs\/wp-content\/uploads\/2021\/09\/Poljski-sporazum-sa-industrijom-vetra-dogovor-za-pravednu-energetsku-tranziciju.jpg?wsr","width":840,"height":430,"caption":"Poljski sporazum sa industrijom vetra - dogovor za pravednu energetsku tranziciju"},{"@type":"BreadcrumbList","@id":"https:\/\/balkangreenenergynews.com\/rs\/poljski-sporazum-sa-industrijom-vetra-dogovor-za-pravednu-energetsku-tranziciju\/#breadcrumb","itemListElement":[{"@type":"ListItem","position":1,"name":"Po\u010detna","item":"https:\/\/balkangreenenergynews.com\/rs\/"},{"@type":"ListItem","position":2,"name":"Vesti","item":"https:\/\/balkangreenenergynews.com\/rs\/kategorija\/vesti\/"},{"@type":"ListItem","position":3,"name":"OIE","item":"https:\/\/balkangreenenergynews.com\/rs\/kategorija\/vesti\/obnovljivi-izvori-energije\/"},{"@type":"ListItem","position":4,"name":"Poljski sporazum sa industrijom vetra &#8211; dogovor za pravednu energetsku tranziciju"}]},{"@type":"WebSite","@id":"https:\/\/balkangreenenergynews.com\/rs\/#website","url":"https:\/\/balkangreenenergynews.com\/rs\/","name":"Balkan Green Energy News","description":"Naj\u0161iri izbor vesti sa Balkana o zelenoj energiji","potentialAction":[{"@type":"SearchAction","target":{"@type":"EntryPoint","urlTemplate":"https:\/\/balkangreenenergynews.com\/rs\/?s={search_term_string}"},"query-input":{"@type":"PropertyValueSpecification","valueRequired":true,"valueName":"search_term_string"}}],"inLanguage":"sr-RS"},{"@type":"Person","@id":"https:\/\/balkangreenenergynews.com\/rs\/#\/schema\/person\/99dc721c46113fea22caffad06ef7317","name":"Vladimir Spasi\u0107","url":"https:\/\/balkangreenenergynews.com\/rs\/author\/vladimir-spasic\/"}]}},"_links":{"self":[{"href":"https:\/\/balkangreenenergynews.com\/rs\/wp-json\/wp\/v2\/posts\/41936","targetHints":{"allow":["GET"]}}],"collection":[{"href":"https:\/\/balkangreenenergynews.com\/rs\/wp-json\/wp\/v2\/posts"}],"about":[{"href":"https:\/\/balkangreenenergynews.com\/rs\/wp-json\/wp\/v2\/types\/post"}],"author":[{"embeddable":true,"href":"https:\/\/balkangreenenergynews.com\/rs\/wp-json\/wp\/v2\/users\/23"}],"replies":[{"embeddable":true,"href":"https:\/\/balkangreenenergynews.com\/rs\/wp-json\/wp\/v2\/comments?post=41936"}],"version-history":[{"count":0,"href":"https:\/\/balkangreenenergynews.com\/rs\/wp-json\/wp\/v2\/posts\/41936\/revisions"}],"wp:featuredmedia":[{"embeddable":true,"href":"https:\/\/balkangreenenergynews.com\/rs\/wp-json\/wp\/v2\/media\/41937"}],"wp:attachment":[{"href":"https:\/\/balkangreenenergynews.com\/rs\/wp-json\/wp\/v2\/media?parent=41936"}],"wp:term":[{"taxonomy":"category","embeddable":true,"href":"https:\/\/balkangreenenergynews.com\/rs\/wp-json\/wp\/v2\/categories?post=41936"},{"taxonomy":"post_tag","embeddable":true,"href":"https:\/\/balkangreenenergynews.com\/rs\/wp-json\/wp\/v2\/tags?post=41936"}],"curies":[{"name":"wp","href":"https:\/\/api.w.org\/{rel}","templated":true}]}}