{"id":41773,"date":"2021-09-17T14:59:39","date_gmt":"2021-09-17T12:59:39","guid":{"rendered":"https:\/\/balkangreenenergynews.com\/rs\/?p=41773"},"modified":"2021-12-07T19:23:25","modified_gmt":"2021-12-07T18:23:25","slug":"u-nevesinju-se-planira-cetvrta-solarna-elektrana-u-hercegovini","status":"publish","type":"post","link":"https:\/\/balkangreenenergynews.com\/rs\/u-nevesinju-se-planira-cetvrta-solarna-elektrana-u-hercegovini\/","title":{"rendered":"U Nevesinju se planira \u010detvrta solarna elektrana u Hercegovini"},"content":{"rendered":"<h2>Vlada Republike Srpske donela je odluku da pokrene proceduru za dodelu koncesije za solarnu elektranu Nevesinje i zadu\u017eila Ministarstvo energetike i rudarstva da sprovede proceduru.<\/h2>\n<p>Odluka je doneta na osnovu zahteva firme Etmax iz Banjaluke koja tra\u017ei od Vlade Republike Srpske koncesiju za izgradnju i kori\u0161\u0107enje solarne elektrane Nevesinje instalisane snage 60 megavata (MW). To \u0107e biti tre\u0107a velika solarna elektrana u Hercegovini.<\/p>\n<p>Investicija u solarnu elektranu procenjena je na 104,3 miliona maraka (53,3 miliona evra), a o\u010dekivana godi\u0161nja proizvodnja je 84 GWh. Ina\u010de, firma Etmax se bavi projektovanjem, razvojem i izgradnjom fotonaponskih elektrana.<\/p>\n<blockquote><p>Za svaki proizvedeni MWh elektri\u010dne energije Etmax \u0107e morati da izdvoji 2,8 evra<\/p><\/blockquote>\n<p>Odlukom Vlade utvr\u0111eni su uslovi za dodelu koncesije, koja \u0107e biti potpisana na period do 50 godina. Etmax \u0107e na ime koncesije morati da uplati jednokratni iznos od 521.808 konvertibilnih maraka (267.000 evra), dok \u0107e za svaki proizvedeni MWh elektri\u010dne energije morati da izdvoji 5,5 maraka (2,8 evra).<\/p>\n<p>Ministarstvo energetike i rudarstva, koje \u0107e sprovesti pregovara\u010dki postupak, ima rok od 60 dana da Vladi dostavi izve\u0161taj, predlog re\u0161enja o dodeli koncesije i predlog ugovora o koncesiji.<\/p>\n<blockquote><p>Novac za gradnju solarne elektrane Etmax \u0107e obezbediti preko kredita<\/p><\/blockquote>\n<p>Pregovara\u010dki postupak po\u010dinje dostavljanjem ponude i studije opravdanosti Vladi od strane potencijalnog koncesionara. Ugovorom o koncesiji, kako se navodi u odluci, bli\u017ee \u0107e se odrediti obaveze koncesionara.<\/p>\n<p>Novac za gradnju solarne elektrane Etmax \u0107e obezbediti preko kredita, rekao je za <a href=\"https:\/\/www.capital.ba\/u-nevesinju-se-gradi-solarna-elektrana-vrijedna-104-miliona-maraka\/\">Capital.ba<\/a> Sini\u0161a Maksimovi\u0107, direktor i osniva\u010d preduze\u0107a. On je najavio da \u0107e u projektu imati nekoliko partnera.<\/p>\n<p>Republika Srpske je dosad izdala dve koncesije za gradnju solarnih elektrana. U julu pro\u0161le godine potpisan je ugovor o koncesiji sa firmom <a href=\"https:\/\/balkangreenenergynews.com\/rs\/eft-u-bih-potpisao-koncesiju-za-solarnu-elektranu-bileca-od-60-megavata\/\">EFT<\/a> za elektranu Bile\u0107a, a u oktobru je dodeljena koncesija dr\u017eavnoj kompaniji Elektroprivreda Republike Srpske (ERS) za solarni park <a href=\"https:\/\/balkangreenenergynews.com\/rs\/elektroprivreda-republike-srpske-dobila-koncesiju-za-svoju-prvu-solarnu-elektranu-trebinje-1\/\">Trebinje 1<\/a>.<\/p>\n<p>I Elektroprivreda BiH (EPBiH) <a href=\"https:\/\/balkangreenenergynews.com\/rs\/epbih-gradi-solarnu-elektranu-snage-30-mw-pored-vetroparka-podvelezje\/\">planira<\/a> gradnju solarne elektrane pored svoje vetroelektrane Podvele\u017eje.<\/p>\n","protected":false},"excerpt":{"rendered":"<p>Firma iz Banjaluke tra\u017ei od Vlade Republike Srpske koncesiju za izgradnju i kori\u0161\u0107enje elektrane Nevesinje.<\/p>\n","protected":false},"author":23,"featured_media":41774,"comment_status":"open","ping_status":"open","sticky":false,"template":"","format":"standard","meta":{"_acf_changed":false,"_monsterinsights_skip_tracking":false,"_monsterinsights_sitenote_active":false,"_monsterinsights_sitenote_note":"","_monsterinsights_sitenote_category":0,"footnotes":""},"categories":[504,1],"tags":[5575,187,192,734,2524,668],"class_list":["post-41773","post","type-post","status-publish","format-standard","has-post-thumbnail","hentry","category-elektricna-energija","category-obnovljivi-izvori-energije","tag-eft","tag-epbih","tag-ers","tag-investicija","tag-koncesija","tag-solarna-elektrana","country-bosna-i-hercegovina"],"acf":[],"yoast_head":"<!-- This site is optimized with the Yoast SEO plugin v27.4 - https:\/\/yoast.com\/product\/yoast-seo-wordpress\/ -->\n<title>U Nevesinju se planira \u010detvrta solarna elektrana u Hercegovini<\/title>\n<meta name=\"description\" content=\"Firma iz Banjaluke tra\u017ei od Vlade Republike Srpske koncesiju za izgradnju i kori\u0161\u0107enje elektrane Nevesinje.\" \/>\n<meta name=\"robots\" content=\"index, follow, max-snippet:-1, max-image-preview:large, max-video-preview:-1\" \/>\n<link rel=\"canonical\" href=\"https:\/\/balkangreenenergynews.com\/rs\/u-nevesinju-se-planira-cetvrta-solarna-elektrana-u-hercegovini\/\" \/>\n<meta property=\"og:locale\" content=\"sr_RS\" \/>\n<meta property=\"og:type\" content=\"article\" \/>\n<meta property=\"og:title\" content=\"U Nevesinju se planira \u010detvrta solarna elektrana u Hercegovini\" \/>\n<meta property=\"og:description\" content=\"Firma iz Banjaluke tra\u017ei od Vlade Republike Srpske koncesiju za izgradnju i kori\u0161\u0107enje elektrane Nevesinje.\" \/>\n<meta property=\"og:url\" content=\"https:\/\/balkangreenenergynews.com\/rs\/u-nevesinju-se-planira-cetvrta-solarna-elektrana-u-hercegovini\/\" \/>\n<meta property=\"og:site_name\" content=\"Balkan Green Energy News\" \/>\n<meta property=\"article:published_time\" content=\"2021-09-17T12:59:39+00:00\" \/>\n<meta property=\"article:modified_time\" content=\"2021-12-07T18:23:25+00:00\" \/>\n<meta property=\"og:image\" content=\"https:\/\/balkangreenenergynews.com\/rs\/wp-content\/uploads\/2021\/09\/U-Nevesinju-se-planira-treca-solarna-elektrana-u-Hercegovini.jpg\" \/>\n\t<meta property=\"og:image:width\" content=\"840\" \/>\n\t<meta property=\"og:image:height\" content=\"430\" \/>\n\t<meta property=\"og:image:type\" content=\"image\/jpeg\" \/>\n<meta name=\"author\" content=\"Vladimir Spasi\u0107\" \/>\n<meta name=\"twitter:card\" content=\"summary_large_image\" \/>\n<meta name=\"twitter:label1\" content=\"\u041d\u0430\u043f\u0438\u0441\u0430\u043d\u043e \u043e\u0434\" \/>\n\t<meta name=\"twitter:data1\" content=\"Vladimir Spasi\u0107\" \/>\n\t<meta name=\"twitter:label2\" content=\"\u041f\u0440\u043e\u0446\u0435\u045a\u0435\u043d\u043e \u0432\u0440\u0435\u043c\u0435 \u0447\u0438\u0442\u0430\u045a\u0430\" \/>\n\t<meta name=\"twitter:data2\" content=\"2 \u043c\u0438\u043d\u0443\u0442\u0430\" \/>\n<script type=\"application\/ld+json\" class=\"yoast-schema-graph\">{\"@context\":\"https:\\\/\\\/schema.org\",\"@graph\":[{\"@type\":\"Article\",\"@id\":\"https:\\\/\\\/balkangreenenergynews.com\\\/rs\\\/u-nevesinju-se-planira-cetvrta-solarna-elektrana-u-hercegovini\\\/#article\",\"isPartOf\":{\"@id\":\"https:\\\/\\\/balkangreenenergynews.com\\\/rs\\\/u-nevesinju-se-planira-cetvrta-solarna-elektrana-u-hercegovini\\\/\"},\"author\":{\"name\":\"Vladimir Spasi\u0107\",\"@id\":\"https:\\\/\\\/balkangreenenergynews.com\\\/rs\\\/#\\\/schema\\\/person\\\/99dc721c46113fea22caffad06ef7317\"},\"headline\":\"U Nevesinju se planira \u010detvrta solarna elektrana u Hercegovini\",\"datePublished\":\"2021-09-17T12:59:39+00:00\",\"dateModified\":\"2021-12-07T18:23:25+00:00\",\"mainEntityOfPage\":{\"@id\":\"https:\\\/\\\/balkangreenenergynews.com\\\/rs\\\/u-nevesinju-se-planira-cetvrta-solarna-elektrana-u-hercegovini\\\/\"},\"wordCount\":325,\"commentCount\":0,\"image\":{\"@id\":\"https:\\\/\\\/balkangreenenergynews.com\\\/rs\\\/u-nevesinju-se-planira-cetvrta-solarna-elektrana-u-hercegovini\\\/#primaryimage\"},\"thumbnailUrl\":\"https:\\\/\\\/balkangreenenergynews.com\\\/rs\\\/wp-content\\\/uploads\\\/2021\\\/09\\\/U-Nevesinju-se-planira-treca-solarna-elektrana-u-Hercegovini.jpg?wsr\",\"keywords\":[\"EFT\",\"EPBiH\",\"ERS\",\"investicija\",\"koncesija\",\"solarna elektrana\"],\"articleSection\":[\"Elektri\u010dna energija\",\"OIE\"],\"inLanguage\":\"sr-RS\",\"potentialAction\":[{\"@type\":\"CommentAction\",\"name\":\"Comment\",\"target\":[\"https:\\\/\\\/balkangreenenergynews.com\\\/rs\\\/u-nevesinju-se-planira-cetvrta-solarna-elektrana-u-hercegovini\\\/#respond\"]}]},{\"@type\":\"WebPage\",\"@id\":\"https:\\\/\\\/balkangreenenergynews.com\\\/rs\\\/u-nevesinju-se-planira-cetvrta-solarna-elektrana-u-hercegovini\\\/\",\"url\":\"https:\\\/\\\/balkangreenenergynews.com\\\/rs\\\/u-nevesinju-se-planira-cetvrta-solarna-elektrana-u-hercegovini\\\/\",\"name\":\"U Nevesinju se planira \u010detvrta solarna elektrana u Hercegovini\",\"isPartOf\":{\"@id\":\"https:\\\/\\\/balkangreenenergynews.com\\\/rs\\\/#website\"},\"primaryImageOfPage\":{\"@id\":\"https:\\\/\\\/balkangreenenergynews.com\\\/rs\\\/u-nevesinju-se-planira-cetvrta-solarna-elektrana-u-hercegovini\\\/#primaryimage\"},\"image\":{\"@id\":\"https:\\\/\\\/balkangreenenergynews.com\\\/rs\\\/u-nevesinju-se-planira-cetvrta-solarna-elektrana-u-hercegovini\\\/#primaryimage\"},\"thumbnailUrl\":\"https:\\\/\\\/balkangreenenergynews.com\\\/rs\\\/wp-content\\\/uploads\\\/2021\\\/09\\\/U-Nevesinju-se-planira-treca-solarna-elektrana-u-Hercegovini.jpg?wsr\",\"datePublished\":\"2021-09-17T12:59:39+00:00\",\"dateModified\":\"2021-12-07T18:23:25+00:00\",\"author\":{\"@id\":\"https:\\\/\\\/balkangreenenergynews.com\\\/rs\\\/#\\\/schema\\\/person\\\/99dc721c46113fea22caffad06ef7317\"},\"description\":\"Firma iz Banjaluke tra\u017ei od Vlade Republike Srpske koncesiju za izgradnju i kori\u0161\u0107enje elektrane Nevesinje.\",\"breadcrumb\":{\"@id\":\"https:\\\/\\\/balkangreenenergynews.com\\\/rs\\\/u-nevesinju-se-planira-cetvrta-solarna-elektrana-u-hercegovini\\\/#breadcrumb\"},\"inLanguage\":\"sr-RS\",\"potentialAction\":[{\"@type\":\"ReadAction\",\"target\":[\"https:\\\/\\\/balkangreenenergynews.com\\\/rs\\\/u-nevesinju-se-planira-cetvrta-solarna-elektrana-u-hercegovini\\\/\"]}]},{\"@type\":\"ImageObject\",\"inLanguage\":\"sr-RS\",\"@id\":\"https:\\\/\\\/balkangreenenergynews.com\\\/rs\\\/u-nevesinju-se-planira-cetvrta-solarna-elektrana-u-hercegovini\\\/#primaryimage\",\"url\":\"https:\\\/\\\/balkangreenenergynews.com\\\/rs\\\/wp-content\\\/uploads\\\/2021\\\/09\\\/U-Nevesinju-se-planira-treca-solarna-elektrana-u-Hercegovini.jpg?wsr\",\"contentUrl\":\"https:\\\/\\\/balkangreenenergynews.com\\\/rs\\\/wp-content\\\/uploads\\\/2021\\\/09\\\/U-Nevesinju-se-planira-treca-solarna-elektrana-u-Hercegovini.jpg?wsr\",\"width\":840,\"height\":430,\"caption\":\"U Nevesinju se planira treca solarna elektrana u Hercegovini\"},{\"@type\":\"BreadcrumbList\",\"@id\":\"https:\\\/\\\/balkangreenenergynews.com\\\/rs\\\/u-nevesinju-se-planira-cetvrta-solarna-elektrana-u-hercegovini\\\/#breadcrumb\",\"itemListElement\":[{\"@type\":\"ListItem\",\"position\":1,\"name\":\"Po\u010detna\",\"item\":\"https:\\\/\\\/balkangreenenergynews.com\\\/rs\\\/\"},{\"@type\":\"ListItem\",\"position\":2,\"name\":\"Vesti\",\"item\":\"https:\\\/\\\/balkangreenenergynews.com\\\/rs\\\/kategorija\\\/vesti\\\/\"},{\"@type\":\"ListItem\",\"position\":3,\"name\":\"OIE\",\"item\":\"https:\\\/\\\/balkangreenenergynews.com\\\/rs\\\/kategorija\\\/vesti\\\/obnovljivi-izvori-energije\\\/\"},{\"@type\":\"ListItem\",\"position\":4,\"name\":\"U Nevesinju se planira \u010detvrta solarna elektrana u Hercegovini\"}]},{\"@type\":\"WebSite\",\"@id\":\"https:\\\/\\\/balkangreenenergynews.com\\\/rs\\\/#website\",\"url\":\"https:\\\/\\\/balkangreenenergynews.com\\\/rs\\\/\",\"name\":\"Balkan Green Energy News\",\"description\":\"Naj\u0161iri izbor vesti sa Balkana o zelenoj energiji\",\"potentialAction\":[{\"@type\":\"SearchAction\",\"target\":{\"@type\":\"EntryPoint\",\"urlTemplate\":\"https:\\\/\\\/balkangreenenergynews.com\\\/rs\\\/?s={search_term_string}\"},\"query-input\":{\"@type\":\"PropertyValueSpecification\",\"valueRequired\":true,\"valueName\":\"search_term_string\"}}],\"inLanguage\":\"sr-RS\"},{\"@type\":\"Person\",\"@id\":\"https:\\\/\\\/balkangreenenergynews.com\\\/rs\\\/#\\\/schema\\\/person\\\/99dc721c46113fea22caffad06ef7317\",\"name\":\"Vladimir Spasi\u0107\",\"url\":\"https:\\\/\\\/balkangreenenergynews.com\\\/rs\\\/author\\\/vladimir-spasic\\\/\"}]}<\/script>\n<!-- \/ Yoast SEO plugin. -->","yoast_head_json":{"title":"U Nevesinju se planira \u010detvrta solarna elektrana u Hercegovini","description":"Firma iz Banjaluke tra\u017ei od Vlade Republike Srpske koncesiju za izgradnju i kori\u0161\u0107enje elektrane Nevesinje.","robots":{"index":"index","follow":"follow","max-snippet":"max-snippet:-1","max-image-preview":"max-image-preview:large","max-video-preview":"max-video-preview:-1"},"canonical":"https:\/\/balkangreenenergynews.com\/rs\/u-nevesinju-se-planira-cetvrta-solarna-elektrana-u-hercegovini\/","og_locale":"sr_RS","og_type":"article","og_title":"U Nevesinju se planira \u010detvrta solarna elektrana u Hercegovini","og_description":"Firma iz Banjaluke tra\u017ei od Vlade Republike Srpske koncesiju za izgradnju i kori\u0161\u0107enje elektrane Nevesinje.","og_url":"https:\/\/balkangreenenergynews.com\/rs\/u-nevesinju-se-planira-cetvrta-solarna-elektrana-u-hercegovini\/","og_site_name":"Balkan Green Energy News","article_published_time":"2021-09-17T12:59:39+00:00","article_modified_time":"2021-12-07T18:23:25+00:00","og_image":[{"width":840,"height":430,"url":"https:\/\/balkangreenenergynews.com\/rs\/wp-content\/uploads\/2021\/09\/U-Nevesinju-se-planira-treca-solarna-elektrana-u-Hercegovini.jpg","type":"image\/jpeg"}],"author":"Vladimir Spasi\u0107","twitter_card":"summary_large_image","twitter_misc":{"\u041d\u0430\u043f\u0438\u0441\u0430\u043d\u043e \u043e\u0434":"Vladimir Spasi\u0107","\u041f\u0440\u043e\u0446\u0435\u045a\u0435\u043d\u043e \u0432\u0440\u0435\u043c\u0435 \u0447\u0438\u0442\u0430\u045a\u0430":"2 \u043c\u0438\u043d\u0443\u0442\u0430"},"schema":{"@context":"https:\/\/schema.org","@graph":[{"@type":"Article","@id":"https:\/\/balkangreenenergynews.com\/rs\/u-nevesinju-se-planira-cetvrta-solarna-elektrana-u-hercegovini\/#article","isPartOf":{"@id":"https:\/\/balkangreenenergynews.com\/rs\/u-nevesinju-se-planira-cetvrta-solarna-elektrana-u-hercegovini\/"},"author":{"name":"Vladimir Spasi\u0107","@id":"https:\/\/balkangreenenergynews.com\/rs\/#\/schema\/person\/99dc721c46113fea22caffad06ef7317"},"headline":"U Nevesinju se planira \u010detvrta solarna elektrana u Hercegovini","datePublished":"2021-09-17T12:59:39+00:00","dateModified":"2021-12-07T18:23:25+00:00","mainEntityOfPage":{"@id":"https:\/\/balkangreenenergynews.com\/rs\/u-nevesinju-se-planira-cetvrta-solarna-elektrana-u-hercegovini\/"},"wordCount":325,"commentCount":0,"image":{"@id":"https:\/\/balkangreenenergynews.com\/rs\/u-nevesinju-se-planira-cetvrta-solarna-elektrana-u-hercegovini\/#primaryimage"},"thumbnailUrl":"https:\/\/balkangreenenergynews.com\/rs\/wp-content\/uploads\/2021\/09\/U-Nevesinju-se-planira-treca-solarna-elektrana-u-Hercegovini.jpg?wsr","keywords":["EFT","EPBiH","ERS","investicija","koncesija","solarna elektrana"],"articleSection":["Elektri\u010dna energija","OIE"],"inLanguage":"sr-RS","potentialAction":[{"@type":"CommentAction","name":"Comment","target":["https:\/\/balkangreenenergynews.com\/rs\/u-nevesinju-se-planira-cetvrta-solarna-elektrana-u-hercegovini\/#respond"]}]},{"@type":"WebPage","@id":"https:\/\/balkangreenenergynews.com\/rs\/u-nevesinju-se-planira-cetvrta-solarna-elektrana-u-hercegovini\/","url":"https:\/\/balkangreenenergynews.com\/rs\/u-nevesinju-se-planira-cetvrta-solarna-elektrana-u-hercegovini\/","name":"U Nevesinju se planira \u010detvrta solarna elektrana u Hercegovini","isPartOf":{"@id":"https:\/\/balkangreenenergynews.com\/rs\/#website"},"primaryImageOfPage":{"@id":"https:\/\/balkangreenenergynews.com\/rs\/u-nevesinju-se-planira-cetvrta-solarna-elektrana-u-hercegovini\/#primaryimage"},"image":{"@id":"https:\/\/balkangreenenergynews.com\/rs\/u-nevesinju-se-planira-cetvrta-solarna-elektrana-u-hercegovini\/#primaryimage"},"thumbnailUrl":"https:\/\/balkangreenenergynews.com\/rs\/wp-content\/uploads\/2021\/09\/U-Nevesinju-se-planira-treca-solarna-elektrana-u-Hercegovini.jpg?wsr","datePublished":"2021-09-17T12:59:39+00:00","dateModified":"2021-12-07T18:23:25+00:00","author":{"@id":"https:\/\/balkangreenenergynews.com\/rs\/#\/schema\/person\/99dc721c46113fea22caffad06ef7317"},"description":"Firma iz Banjaluke tra\u017ei od Vlade Republike Srpske koncesiju za izgradnju i kori\u0161\u0107enje elektrane Nevesinje.","breadcrumb":{"@id":"https:\/\/balkangreenenergynews.com\/rs\/u-nevesinju-se-planira-cetvrta-solarna-elektrana-u-hercegovini\/#breadcrumb"},"inLanguage":"sr-RS","potentialAction":[{"@type":"ReadAction","target":["https:\/\/balkangreenenergynews.com\/rs\/u-nevesinju-se-planira-cetvrta-solarna-elektrana-u-hercegovini\/"]}]},{"@type":"ImageObject","inLanguage":"sr-RS","@id":"https:\/\/balkangreenenergynews.com\/rs\/u-nevesinju-se-planira-cetvrta-solarna-elektrana-u-hercegovini\/#primaryimage","url":"https:\/\/balkangreenenergynews.com\/rs\/wp-content\/uploads\/2021\/09\/U-Nevesinju-se-planira-treca-solarna-elektrana-u-Hercegovini.jpg?wsr","contentUrl":"https:\/\/balkangreenenergynews.com\/rs\/wp-content\/uploads\/2021\/09\/U-Nevesinju-se-planira-treca-solarna-elektrana-u-Hercegovini.jpg?wsr","width":840,"height":430,"caption":"U Nevesinju se planira treca solarna elektrana u Hercegovini"},{"@type":"BreadcrumbList","@id":"https:\/\/balkangreenenergynews.com\/rs\/u-nevesinju-se-planira-cetvrta-solarna-elektrana-u-hercegovini\/#breadcrumb","itemListElement":[{"@type":"ListItem","position":1,"name":"Po\u010detna","item":"https:\/\/balkangreenenergynews.com\/rs\/"},{"@type":"ListItem","position":2,"name":"Vesti","item":"https:\/\/balkangreenenergynews.com\/rs\/kategorija\/vesti\/"},{"@type":"ListItem","position":3,"name":"OIE","item":"https:\/\/balkangreenenergynews.com\/rs\/kategorija\/vesti\/obnovljivi-izvori-energije\/"},{"@type":"ListItem","position":4,"name":"U Nevesinju se planira \u010detvrta solarna elektrana u Hercegovini"}]},{"@type":"WebSite","@id":"https:\/\/balkangreenenergynews.com\/rs\/#website","url":"https:\/\/balkangreenenergynews.com\/rs\/","name":"Balkan Green Energy News","description":"Naj\u0161iri izbor vesti sa Balkana o zelenoj energiji","potentialAction":[{"@type":"SearchAction","target":{"@type":"EntryPoint","urlTemplate":"https:\/\/balkangreenenergynews.com\/rs\/?s={search_term_string}"},"query-input":{"@type":"PropertyValueSpecification","valueRequired":true,"valueName":"search_term_string"}}],"inLanguage":"sr-RS"},{"@type":"Person","@id":"https:\/\/balkangreenenergynews.com\/rs\/#\/schema\/person\/99dc721c46113fea22caffad06ef7317","name":"Vladimir Spasi\u0107","url":"https:\/\/balkangreenenergynews.com\/rs\/author\/vladimir-spasic\/"}]}},"_links":{"self":[{"href":"https:\/\/balkangreenenergynews.com\/rs\/wp-json\/wp\/v2\/posts\/41773","targetHints":{"allow":["GET"]}}],"collection":[{"href":"https:\/\/balkangreenenergynews.com\/rs\/wp-json\/wp\/v2\/posts"}],"about":[{"href":"https:\/\/balkangreenenergynews.com\/rs\/wp-json\/wp\/v2\/types\/post"}],"author":[{"embeddable":true,"href":"https:\/\/balkangreenenergynews.com\/rs\/wp-json\/wp\/v2\/users\/23"}],"replies":[{"embeddable":true,"href":"https:\/\/balkangreenenergynews.com\/rs\/wp-json\/wp\/v2\/comments?post=41773"}],"version-history":[{"count":0,"href":"https:\/\/balkangreenenergynews.com\/rs\/wp-json\/wp\/v2\/posts\/41773\/revisions"}],"wp:featuredmedia":[{"embeddable":true,"href":"https:\/\/balkangreenenergynews.com\/rs\/wp-json\/wp\/v2\/media\/41774"}],"wp:attachment":[{"href":"https:\/\/balkangreenenergynews.com\/rs\/wp-json\/wp\/v2\/media?parent=41773"}],"wp:term":[{"taxonomy":"category","embeddable":true,"href":"https:\/\/balkangreenenergynews.com\/rs\/wp-json\/wp\/v2\/categories?post=41773"},{"taxonomy":"post_tag","embeddable":true,"href":"https:\/\/balkangreenenergynews.com\/rs\/wp-json\/wp\/v2\/tags?post=41773"}],"curies":[{"name":"wp","href":"https:\/\/api.w.org\/{rel}","templated":true}]}}