{"id":41640,"date":"2021-09-13T17:22:14","date_gmt":"2021-09-13T15:22:14","guid":{"rendered":"https:\/\/balkangreenenergynews.com\/rs\/?p=41640"},"modified":"2021-09-13T17:22:14","modified_gmt":"2021-09-13T15:22:14","slug":"zapadni-balkan-spreman-da-modernizuje-zeleznicu-buducnost-je-na-sinama","status":"publish","type":"post","link":"https:\/\/balkangreenenergynews.com\/rs\/zapadni-balkan-spreman-da-modernizuje-zeleznicu-buducnost-je-na-sinama\/","title":{"rendered":"Zapadni Balkan spreman da modernizuje \u017eeleznicu \u2013 Budu\u0107nost je na \u0161inama"},"content":{"rendered":"<h2>Ministri iz zemalja regiona zadu\u017eeni za \u017eeleznicu obe\u0107ali su na prvom \u017delezni\u010dkom samitu Zapadnog Balkana u Beogradu da \u0107e obnoviti i digitalizovati \u017eelezni\u010dku mre\u017eu i uspostaviti ekspres linije izme\u0111u ve\u0107ih gradova i tako umnogome doprineti odr\u017eivoj mobilnosti i kvalitetu \u017eivotne sredine. Tom prilikom, kroz prestonicu Srbije je pro\u0161ao voz Connecting Europe Express, koji putuje kroz 26 zemalja Evrope radi promocije svih prednosti \u017eelezni\u010dkog prevoza.<\/h2>\n<p>Evropska unija je proglasila 2021. Evropskom godinom \u017eeleznice s namerom da poka\u017ee da je to jedan od najodr\u017eivijih, najinovativnijih i najbezbednijih vidova prevoza. Vlade zemalja Zapadnog Balkana su u Beogradu potpisivanjem dokumenta nazvanog Posve\u0107enost \u017eeleznici izrazile volju da zajedno rade na razvoju tog sektora.<\/p>\n<p>Ministri zadu\u017eeni za saobra\u0107aj obe\u0107ali su da \u0107e modernizovati i digitalizovati mre\u017eu i uspostaviti me\u0111ugradske veze da bi putnicima i kompanijama u regionu omogu\u0107ile kvalitetniji pristup ovom vidu prevoza ljudi i robe, koji ima minimalan uticaj na \u017eivotnu sredinu. Glavna poruka u\u010desnika prvog \u017delezni\u010dkog samita Zapadnog Balkana je &#8216;Budu\u0107nost je na \u0161inama&#8217;.<\/p>\n<figure id=\"attachment_41644\" aria-describedby=\"caption-attachment-41644\" style=\"width: 840px\" class=\"wp-caption aligncenter\"><img loading=\"lazy\" decoding=\"async\" class=\"wp-image-41644 size-full\" src=\"https:\/\/balkangreenenergynews.com\/rs\/wp-content\/uploads\/2021\/09\/Zapadni-Balkan-modernizuje-zeleznicu-Buducnost-sinama.jpg\" alt=\"Zapadni Balkan modernizuje zeleznicu Buducnost sinama\" width=\"840\" height=\"430\" srcset=\"https:\/\/balkangreenenergynews.com\/rs\/wp-content\/uploads\/2021\/09\/Zapadni-Balkan-modernizuje-zeleznicu-Buducnost-sinama.jpg 840w, https:\/\/balkangreenenergynews.com\/rs\/wp-content\/uploads\/2021\/09\/Zapadni-Balkan-modernizuje-zeleznicu-Buducnost-sinama-500x256.jpg 500w, https:\/\/balkangreenenergynews.com\/rs\/wp-content\/uploads\/2021\/09\/Zapadni-Balkan-modernizuje-zeleznicu-Buducnost-sinama-768x393.jpg 768w, https:\/\/balkangreenenergynews.com\/rs\/wp-content\/uploads\/2021\/09\/Zapadni-Balkan-modernizuje-zeleznicu-Buducnost-sinama-300x154.jpg 300w\" sizes=\"auto, (max-width: 840px) 100vw, 840px\" \/><figcaption id=\"caption-attachment-41644\" class=\"wp-caption-text\">Ministri saobra\u0107aja su potpisali dokument posve\u0107enost \u017eeleznici<\/figcaption><\/figure>\n<h3>Connecting Europe Express \u0161iri svest o va\u017enosti \u017eeleznice<\/h3>\n<p>Doga\u0111aj je organizovan tako da se vremenski podudari s dolaskom kompozicije Connecting Europe Express. Taj voz je 2. septembra krenuo iz Lisabona da bi obi\u0161ao 26 zemalja i vi\u0161e od stotinu gradova za 36 dana. U njemu \u0161irom kontinenta putuju i sastaju se eksperti za \u017eeleznicu i saobra\u0107aj, mediji i gosti, koji ukazuju na mo\u0107 \u017eeleznice da ujedinjuje i promovi\u0161u prednosti u vidu bezbednosti, priu\u0161tivosti i niskog ugljeni\u010dnog otiska.<\/p>\n<blockquote><p>Vozovi su bezbedni i priu\u0161tivi i imaju nizak ugljeni\u010dni otisak \u2013 emisijama gasova s efektom staklene ba\u0161te doprinose sa samo 0,4 odsto<\/p><\/blockquote>\n<p>Connecting Europe Express trenutno ide ka Atini, odakle \u0107e se uputiti na sever sve do Talina, glavnog grada Estonije. Ruta je duga\u010dka 20.000 kilometara, a treba da se zavr\u0161i 7. oktobra u Parizu.<\/p>\n<p>Ovim vozom su u Beograd doputovali predstavnici Evropske komisije. Samit su organizovale Evropska investiciona banka (EIB) i Evropska banka za obnovu i razvoj, pod pokroviteljstvom Ministarstva gra\u0111evinarstva, saobra\u0107aja i infrastrukture Srbije.<\/p>\n<p>U razgovorima na samitu, u kojima su u\u010destvovali stru\u010dnjaci za \u017eeleznicu, bilo je re\u010di o mogu\u0107nostima unapre\u0111enja regionalne i evropske saobra\u0107ajne politike. Me\u0111u najva\u017enijim temama bilo je pobolj\u0161anje bezbednosti pru\u017enih prelaza kao i otvaranje \u017eelezni\u010dkog tr\u017ei\u0161ta.<\/p>\n<h3>Zapadnom Balkanu su za podizanje kapaciteta \u017eeleznice potrebno vi\u0161e stotina miliona evra<\/h3>\n<p>&#8222;Siguran sam da \u0107e prvi \u017delezni\u010dki samit Zapadnog Balkana odigrati ulogu pokreta\u010da i uticati na pozitivne promene u oblasti investicija u \u017eelezni\u010dki saobra\u0107aj i reformu politika vezanih za \u017eeleznicu. To \u0107e u\u010diniti da \u017eelezni\u010dki saobra\u0107aj ponovo postane atraktivan za gra\u0111ane i poslovne ljude u regionu. Ovo se mo\u017ee posti\u0107i istovremenim radom na dva koloseka &#8211; kroz usvajanje standarda i izgradnju i pobolj\u0161anje postoje\u0107e infrastrukture&#8220;, rekao je direktor Stalnog sekretarijata Transportne zajednice Matej Zakonj\u0161ek.<\/p>\n<figure id=\"attachment_41645\" aria-describedby=\"caption-attachment-41645\" style=\"width: 840px\" class=\"wp-caption aligncenter\"><img loading=\"lazy\" decoding=\"async\" class=\"wp-image-41645 size-full\" src=\"https:\/\/balkangreenenergynews.com\/rs\/wp-content\/uploads\/2021\/09\/Zapadni-Balkan-modernizuje-zeleznicu-sinama.jpg\" alt=\"Zapadni Balkan modernizuje zeleznicu sinama\" width=\"840\" height=\"430\" srcset=\"https:\/\/balkangreenenergynews.com\/rs\/wp-content\/uploads\/2021\/09\/Zapadni-Balkan-modernizuje-zeleznicu-sinama.jpg 840w, https:\/\/balkangreenenergynews.com\/rs\/wp-content\/uploads\/2021\/09\/Zapadni-Balkan-modernizuje-zeleznicu-sinama-500x256.jpg 500w, https:\/\/balkangreenenergynews.com\/rs\/wp-content\/uploads\/2021\/09\/Zapadni-Balkan-modernizuje-zeleznicu-sinama-768x393.jpg 768w, https:\/\/balkangreenenergynews.com\/rs\/wp-content\/uploads\/2021\/09\/Zapadni-Balkan-modernizuje-zeleznicu-sinama-300x154.jpg 300w\" sizes=\"auto, (max-width: 840px) 100vw, 840px\" \/><figcaption id=\"caption-attachment-41645\" class=\"wp-caption-text\">Parshad: EU, EBRD i EIB obezbe\u0111uju dobro strukturisana i priu\u0161tiva finansijska sredstva za razvoj \u017eeleznice<\/figcaption><\/figure>\n<p>Dok se svet okre\u0107e zelenijim i odgovornijim oblicima transporta, ovo je prilika koju zemlje Zapadnog Balkana ne smeju da propuste da investiraju u svoje \u017eeleznice, a finansijska sredstva su dostupna, izjavila je Nandita Parshad, direktorka EBRD-ove Grupe za odr\u017eivu infrastrukturu.<\/p>\n<p>&#8222;Zajedno sa EU i EIB-om, mi smo sna\u017eno posve\u0107eni nastavku obezbe\u0111ivanja dobro strukturiranih i priu\u0161tivih finansijskih sredstava za razvoj \u017eeleznice kao odr\u017eivog, zelenijeg i bezbednijeg oblika transporta u zemljama Zapadnog Balkana&#8220;, naglasila je. Po re\u010dima Nandite Parshad, u regionu je potrebno vi\u0161e stotina miliona evra za elektrifikaciju, \u0161irenje mre\u017ee, signalizaciju i digitalizaciju.<\/p>\n<h3>Vodonik nadopunjuje elektrifikaciju<\/h3>\n<p>Evropska godina \u017eeleznice je deo napora EU u okviru Evropskog zelenog dogovora. Saobra\u0107aj je trenutno odgovoran za \u010detvrtinu tamo\u0161njih emisija gasova s efektom staklene ba\u0161te, a cilj je da se one u tom sektoru do 2050. godine smanje 90 procenata. Udeo \u017eeleznice u EU je samo 0,4 odsto. S druge strane, na Zapadnom Balkanu je elektrifikovano manje od tre\u0107ine pruge.<\/p>\n<blockquote><p>Na Zapadnom Balkanu je elektrifikovano manje od tre\u0107ine pruge<\/p><\/blockquote>\n<p>Treba pomenuti da je francuski ma\u0161inski i tehnolo\u0161ki gigant Alstom upravo u svojoj zemlji testirao putni\u010dki voz na stoodstotni pogon na vodonik. Kompanija tako\u0111e razvija model koji \u0107e mo\u0107i da ide i na struju i na vodonik.<\/p>\n<p>Osim toga, sistem Coradia iLint je nedavno bio predstavljen u \u0160vedskoj. Alstom je sproveo probne vo\u017enje i u drugim evropskim zemljama. Ovaj voz bi trebalo <a href=\"https:\/\/balkangreenenergynews.com\/rs\/francuski-vozovi-na-vodonik-od-2022-na-nemackoj-pruzi\/\">da slede\u0107e godine po\u010dne redovno da saobra\u0107a u Nema\u010dkoj.<\/a><\/p>\n<p>Nema\u010dke dr\u017eavne \u017eeleznice <a href=\"https:\/\/balkangreenenergynews.com\/rs\/evropska-nedelja-vodonika-eu-promovise-inovacije-nudi-finansiranje\/\">Deutsche Bahn i doma\u0107i industrijski d\u017ein Siemens<\/a> ranije su najavili da \u0107e 2024, nakon testiranja, jedan model voza na vodonik dobiti redovnu liniju.<\/p>\n","protected":false},"excerpt":{"rendered":"<p>Zemlje Zapadnog Balkana su se dogovorile da transformi\u0161u i pro\u0161ire \u017eeleznicu i uvedu ekspresne me\u0111ugradske linije i tako doprinesu odr\u017eivoj mobilnosti<\/p>\n","protected":false},"author":27,"featured_media":41646,"comment_status":"open","ping_status":"open","sticky":false,"template":"","format":"standard","meta":{"_acf_changed":false,"_monsterinsights_skip_tracking":false,"_monsterinsights_sitenote_active":false,"_monsterinsights_sitenote_note":"","_monsterinsights_sitenote_category":0,"footnotes":""},"categories":[7],"tags":[146,148,5465,1358,6133,2467,6134,5133],"class_list":["post-41640","post","type-post","status-publish","format-standard","has-post-thumbnail","hentry","category-mobilnost","tag-ebrd","tag-eib","tag-evropski-zeleni-dogovor","tag-mobilnost","tag-nandita-parshad","tag-saobracaj","tag-transportna-zajednica","tag-vodonik","country-regioneu"],"acf":[],"yoast_head":"<!-- This site is optimized with the Yoast SEO plugin v27.4 - https:\/\/yoast.com\/product\/yoast-seo-wordpress\/ -->\n<title>Zapadni Balkan spreman da modernizuje \u017eeleznicu \u2013 Budu\u0107nost je na \u0161inama<\/title>\n<meta name=\"description\" content=\"Zemlje Zapadnog Balkana su se dogovorile da transformi\u0161u i pro\u0161ire \u017eeleznicu i uvedu ekspresne me\u0111ugradske linije i tako doprinesu odr\u017eivoj mobilnosti.\" \/>\n<meta name=\"robots\" content=\"index, follow, max-snippet:-1, max-image-preview:large, max-video-preview:-1\" \/>\n<link rel=\"canonical\" href=\"https:\/\/balkangreenenergynews.com\/rs\/zapadni-balkan-spreman-da-modernizuje-zeleznicu-buducnost-je-na-sinama\/\" \/>\n<meta property=\"og:locale\" content=\"sr_RS\" \/>\n<meta property=\"og:type\" content=\"article\" \/>\n<meta property=\"og:title\" content=\"Zapadni Balkan spreman da modernizuje \u017eeleznicu \u2013 Budu\u0107nost je na \u0161inama\" \/>\n<meta property=\"og:description\" content=\"Zemlje Zapadnog Balkana su se dogovorile da transformi\u0161u i pro\u0161ire \u017eeleznicu i uvedu ekspresne me\u0111ugradske linije i tako doprinesu odr\u017eivoj mobilnosti.\" \/>\n<meta property=\"og:url\" content=\"https:\/\/balkangreenenergynews.com\/rs\/zapadni-balkan-spreman-da-modernizuje-zeleznicu-buducnost-je-na-sinama\/\" \/>\n<meta property=\"og:site_name\" content=\"Balkan Green Energy News\" \/>\n<meta property=\"article:published_time\" content=\"2021-09-13T15:22:14+00:00\" \/>\n<meta property=\"og:image\" content=\"https:\/\/balkangreenenergynews.com\/rs\/wp-content\/uploads\/2021\/09\/Zapadni-Balkan-spreman-da-modernizuje-zeleznicu-Buducnost-je-na-sinama.jpg\" \/>\n\t<meta property=\"og:image:width\" content=\"840\" \/>\n\t<meta property=\"og:image:height\" content=\"430\" \/>\n\t<meta property=\"og:image:type\" content=\"image\/jpeg\" \/>\n<meta name=\"author\" content=\"Igor Todorovi\u0107\" \/>\n<meta name=\"twitter:card\" content=\"summary_large_image\" \/>\n<meta name=\"twitter:label1\" content=\"\u041d\u0430\u043f\u0438\u0441\u0430\u043d\u043e \u043e\u0434\" \/>\n\t<meta name=\"twitter:data1\" content=\"Igor Todorovi\u0107\" \/>\n\t<meta name=\"twitter:label2\" content=\"\u041f\u0440\u043e\u0446\u0435\u045a\u0435\u043d\u043e \u0432\u0440\u0435\u043c\u0435 \u0447\u0438\u0442\u0430\u045a\u0430\" \/>\n\t<meta name=\"twitter:data2\" content=\"4 \u043c\u0438\u043d\u0443\u0442\u0430\" \/>\n<script type=\"application\/ld+json\" class=\"yoast-schema-graph\">{\"@context\":\"https:\\\/\\\/schema.org\",\"@graph\":[{\"@type\":\"Article\",\"@id\":\"https:\\\/\\\/balkangreenenergynews.com\\\/rs\\\/zapadni-balkan-spreman-da-modernizuje-zeleznicu-buducnost-je-na-sinama\\\/#article\",\"isPartOf\":{\"@id\":\"https:\\\/\\\/balkangreenenergynews.com\\\/rs\\\/zapadni-balkan-spreman-da-modernizuje-zeleznicu-buducnost-je-na-sinama\\\/\"},\"author\":{\"name\":\"Igor Todorovi\u0107\",\"@id\":\"https:\\\/\\\/balkangreenenergynews.com\\\/rs\\\/#\\\/schema\\\/person\\\/d8f80a244c4e9f2b55e4f6968c253246\"},\"headline\":\"Zapadni Balkan spreman da modernizuje \u017eeleznicu \u2013 Budu\u0107nost je na \u0161inama\",\"datePublished\":\"2021-09-13T15:22:14+00:00\",\"mainEntityOfPage\":{\"@id\":\"https:\\\/\\\/balkangreenenergynews.com\\\/rs\\\/zapadni-balkan-spreman-da-modernizuje-zeleznicu-buducnost-je-na-sinama\\\/\"},\"wordCount\":836,\"commentCount\":0,\"image\":{\"@id\":\"https:\\\/\\\/balkangreenenergynews.com\\\/rs\\\/zapadni-balkan-spreman-da-modernizuje-zeleznicu-buducnost-je-na-sinama\\\/#primaryimage\"},\"thumbnailUrl\":\"https:\\\/\\\/balkangreenenergynews.com\\\/rs\\\/wp-content\\\/uploads\\\/2021\\\/09\\\/Zapadni-Balkan-spreman-da-modernizuje-zeleznicu-Buducnost-je-na-sinama.jpg?wsr\",\"keywords\":[\"EBRD\",\"EIB\",\"Evropski zeleni dogovor\",\"mobilnost\",\"Nandita Parshad\",\"saobra\u0107aj\",\"Transportna zajednica\",\"vodonik\"],\"articleSection\":[\"Mobilnost\"],\"inLanguage\":\"sr-RS\",\"potentialAction\":[{\"@type\":\"CommentAction\",\"name\":\"Comment\",\"target\":[\"https:\\\/\\\/balkangreenenergynews.com\\\/rs\\\/zapadni-balkan-spreman-da-modernizuje-zeleznicu-buducnost-je-na-sinama\\\/#respond\"]}]},{\"@type\":\"WebPage\",\"@id\":\"https:\\\/\\\/balkangreenenergynews.com\\\/rs\\\/zapadni-balkan-spreman-da-modernizuje-zeleznicu-buducnost-je-na-sinama\\\/\",\"url\":\"https:\\\/\\\/balkangreenenergynews.com\\\/rs\\\/zapadni-balkan-spreman-da-modernizuje-zeleznicu-buducnost-je-na-sinama\\\/\",\"name\":\"Zapadni Balkan spreman da modernizuje \u017eeleznicu \u2013 Budu\u0107nost je na \u0161inama\",\"isPartOf\":{\"@id\":\"https:\\\/\\\/balkangreenenergynews.com\\\/rs\\\/#website\"},\"primaryImageOfPage\":{\"@id\":\"https:\\\/\\\/balkangreenenergynews.com\\\/rs\\\/zapadni-balkan-spreman-da-modernizuje-zeleznicu-buducnost-je-na-sinama\\\/#primaryimage\"},\"image\":{\"@id\":\"https:\\\/\\\/balkangreenenergynews.com\\\/rs\\\/zapadni-balkan-spreman-da-modernizuje-zeleznicu-buducnost-je-na-sinama\\\/#primaryimage\"},\"thumbnailUrl\":\"https:\\\/\\\/balkangreenenergynews.com\\\/rs\\\/wp-content\\\/uploads\\\/2021\\\/09\\\/Zapadni-Balkan-spreman-da-modernizuje-zeleznicu-Buducnost-je-na-sinama.jpg?wsr\",\"datePublished\":\"2021-09-13T15:22:14+00:00\",\"author\":{\"@id\":\"https:\\\/\\\/balkangreenenergynews.com\\\/rs\\\/#\\\/schema\\\/person\\\/d8f80a244c4e9f2b55e4f6968c253246\"},\"description\":\"Zemlje Zapadnog Balkana su se dogovorile da transformi\u0161u i pro\u0161ire \u017eeleznicu i uvedu ekspresne me\u0111ugradske linije i tako doprinesu odr\u017eivoj mobilnosti.\",\"breadcrumb\":{\"@id\":\"https:\\\/\\\/balkangreenenergynews.com\\\/rs\\\/zapadni-balkan-spreman-da-modernizuje-zeleznicu-buducnost-je-na-sinama\\\/#breadcrumb\"},\"inLanguage\":\"sr-RS\",\"potentialAction\":[{\"@type\":\"ReadAction\",\"target\":[\"https:\\\/\\\/balkangreenenergynews.com\\\/rs\\\/zapadni-balkan-spreman-da-modernizuje-zeleznicu-buducnost-je-na-sinama\\\/\"]}]},{\"@type\":\"ImageObject\",\"inLanguage\":\"sr-RS\",\"@id\":\"https:\\\/\\\/balkangreenenergynews.com\\\/rs\\\/zapadni-balkan-spreman-da-modernizuje-zeleznicu-buducnost-je-na-sinama\\\/#primaryimage\",\"url\":\"https:\\\/\\\/balkangreenenergynews.com\\\/rs\\\/wp-content\\\/uploads\\\/2021\\\/09\\\/Zapadni-Balkan-spreman-da-modernizuje-zeleznicu-Buducnost-je-na-sinama.jpg?wsr\",\"contentUrl\":\"https:\\\/\\\/balkangreenenergynews.com\\\/rs\\\/wp-content\\\/uploads\\\/2021\\\/09\\\/Zapadni-Balkan-spreman-da-modernizuje-zeleznicu-Buducnost-je-na-sinama.jpg?wsr\",\"width\":840,\"height\":430,\"caption\":\"Zapadni Balkan spreman da modernizuje zeleznicu Buducnost je na sinama\"},{\"@type\":\"BreadcrumbList\",\"@id\":\"https:\\\/\\\/balkangreenenergynews.com\\\/rs\\\/zapadni-balkan-spreman-da-modernizuje-zeleznicu-buducnost-je-na-sinama\\\/#breadcrumb\",\"itemListElement\":[{\"@type\":\"ListItem\",\"position\":1,\"name\":\"Po\u010detna\",\"item\":\"https:\\\/\\\/balkangreenenergynews.com\\\/rs\\\/\"},{\"@type\":\"ListItem\",\"position\":2,\"name\":\"Vesti\",\"item\":\"https:\\\/\\\/balkangreenenergynews.com\\\/rs\\\/kategorija\\\/vesti\\\/\"},{\"@type\":\"ListItem\",\"position\":3,\"name\":\"Mobilnost\",\"item\":\"https:\\\/\\\/balkangreenenergynews.com\\\/rs\\\/kategorija\\\/vesti\\\/mobilnost\\\/\"},{\"@type\":\"ListItem\",\"position\":4,\"name\":\"Zapadni Balkan spreman da modernizuje \u017eeleznicu \u2013 Budu\u0107nost je na \u0161inama\"}]},{\"@type\":\"WebSite\",\"@id\":\"https:\\\/\\\/balkangreenenergynews.com\\\/rs\\\/#website\",\"url\":\"https:\\\/\\\/balkangreenenergynews.com\\\/rs\\\/\",\"name\":\"Balkan Green Energy News\",\"description\":\"Naj\u0161iri izbor vesti sa Balkana o zelenoj energiji\",\"potentialAction\":[{\"@type\":\"SearchAction\",\"target\":{\"@type\":\"EntryPoint\",\"urlTemplate\":\"https:\\\/\\\/balkangreenenergynews.com\\\/rs\\\/?s={search_term_string}\"},\"query-input\":{\"@type\":\"PropertyValueSpecification\",\"valueRequired\":true,\"valueName\":\"search_term_string\"}}],\"inLanguage\":\"sr-RS\"},{\"@type\":\"Person\",\"@id\":\"https:\\\/\\\/balkangreenenergynews.com\\\/rs\\\/#\\\/schema\\\/person\\\/d8f80a244c4e9f2b55e4f6968c253246\",\"name\":\"Igor Todorovi\u0107\",\"url\":\"https:\\\/\\\/balkangreenenergynews.com\\\/rs\\\/author\\\/igor-todorovic\\\/\"}]}<\/script>\n<!-- \/ Yoast SEO plugin. -->","yoast_head_json":{"title":"Zapadni Balkan spreman da modernizuje \u017eeleznicu \u2013 Budu\u0107nost je na \u0161inama","description":"Zemlje Zapadnog Balkana su se dogovorile da transformi\u0161u i pro\u0161ire \u017eeleznicu i uvedu ekspresne me\u0111ugradske linije i tako doprinesu odr\u017eivoj mobilnosti.","robots":{"index":"index","follow":"follow","max-snippet":"max-snippet:-1","max-image-preview":"max-image-preview:large","max-video-preview":"max-video-preview:-1"},"canonical":"https:\/\/balkangreenenergynews.com\/rs\/zapadni-balkan-spreman-da-modernizuje-zeleznicu-buducnost-je-na-sinama\/","og_locale":"sr_RS","og_type":"article","og_title":"Zapadni Balkan spreman da modernizuje \u017eeleznicu \u2013 Budu\u0107nost je na \u0161inama","og_description":"Zemlje Zapadnog Balkana su se dogovorile da transformi\u0161u i pro\u0161ire \u017eeleznicu i uvedu ekspresne me\u0111ugradske linije i tako doprinesu odr\u017eivoj mobilnosti.","og_url":"https:\/\/balkangreenenergynews.com\/rs\/zapadni-balkan-spreman-da-modernizuje-zeleznicu-buducnost-je-na-sinama\/","og_site_name":"Balkan Green Energy News","article_published_time":"2021-09-13T15:22:14+00:00","og_image":[{"width":840,"height":430,"url":"https:\/\/balkangreenenergynews.com\/rs\/wp-content\/uploads\/2021\/09\/Zapadni-Balkan-spreman-da-modernizuje-zeleznicu-Buducnost-je-na-sinama.jpg","type":"image\/jpeg"}],"author":"Igor Todorovi\u0107","twitter_card":"summary_large_image","twitter_misc":{"\u041d\u0430\u043f\u0438\u0441\u0430\u043d\u043e \u043e\u0434":"Igor Todorovi\u0107","\u041f\u0440\u043e\u0446\u0435\u045a\u0435\u043d\u043e \u0432\u0440\u0435\u043c\u0435 \u0447\u0438\u0442\u0430\u045a\u0430":"4 \u043c\u0438\u043d\u0443\u0442\u0430"},"schema":{"@context":"https:\/\/schema.org","@graph":[{"@type":"Article","@id":"https:\/\/balkangreenenergynews.com\/rs\/zapadni-balkan-spreman-da-modernizuje-zeleznicu-buducnost-je-na-sinama\/#article","isPartOf":{"@id":"https:\/\/balkangreenenergynews.com\/rs\/zapadni-balkan-spreman-da-modernizuje-zeleznicu-buducnost-je-na-sinama\/"},"author":{"name":"Igor Todorovi\u0107","@id":"https:\/\/balkangreenenergynews.com\/rs\/#\/schema\/person\/d8f80a244c4e9f2b55e4f6968c253246"},"headline":"Zapadni Balkan spreman da modernizuje \u017eeleznicu \u2013 Budu\u0107nost je na \u0161inama","datePublished":"2021-09-13T15:22:14+00:00","mainEntityOfPage":{"@id":"https:\/\/balkangreenenergynews.com\/rs\/zapadni-balkan-spreman-da-modernizuje-zeleznicu-buducnost-je-na-sinama\/"},"wordCount":836,"commentCount":0,"image":{"@id":"https:\/\/balkangreenenergynews.com\/rs\/zapadni-balkan-spreman-da-modernizuje-zeleznicu-buducnost-je-na-sinama\/#primaryimage"},"thumbnailUrl":"https:\/\/balkangreenenergynews.com\/rs\/wp-content\/uploads\/2021\/09\/Zapadni-Balkan-spreman-da-modernizuje-zeleznicu-Buducnost-je-na-sinama.jpg?wsr","keywords":["EBRD","EIB","Evropski zeleni dogovor","mobilnost","Nandita Parshad","saobra\u0107aj","Transportna zajednica","vodonik"],"articleSection":["Mobilnost"],"inLanguage":"sr-RS","potentialAction":[{"@type":"CommentAction","name":"Comment","target":["https:\/\/balkangreenenergynews.com\/rs\/zapadni-balkan-spreman-da-modernizuje-zeleznicu-buducnost-je-na-sinama\/#respond"]}]},{"@type":"WebPage","@id":"https:\/\/balkangreenenergynews.com\/rs\/zapadni-balkan-spreman-da-modernizuje-zeleznicu-buducnost-je-na-sinama\/","url":"https:\/\/balkangreenenergynews.com\/rs\/zapadni-balkan-spreman-da-modernizuje-zeleznicu-buducnost-je-na-sinama\/","name":"Zapadni Balkan spreman da modernizuje \u017eeleznicu \u2013 Budu\u0107nost je na \u0161inama","isPartOf":{"@id":"https:\/\/balkangreenenergynews.com\/rs\/#website"},"primaryImageOfPage":{"@id":"https:\/\/balkangreenenergynews.com\/rs\/zapadni-balkan-spreman-da-modernizuje-zeleznicu-buducnost-je-na-sinama\/#primaryimage"},"image":{"@id":"https:\/\/balkangreenenergynews.com\/rs\/zapadni-balkan-spreman-da-modernizuje-zeleznicu-buducnost-je-na-sinama\/#primaryimage"},"thumbnailUrl":"https:\/\/balkangreenenergynews.com\/rs\/wp-content\/uploads\/2021\/09\/Zapadni-Balkan-spreman-da-modernizuje-zeleznicu-Buducnost-je-na-sinama.jpg?wsr","datePublished":"2021-09-13T15:22:14+00:00","author":{"@id":"https:\/\/balkangreenenergynews.com\/rs\/#\/schema\/person\/d8f80a244c4e9f2b55e4f6968c253246"},"description":"Zemlje Zapadnog Balkana su se dogovorile da transformi\u0161u i pro\u0161ire \u017eeleznicu i uvedu ekspresne me\u0111ugradske linije i tako doprinesu odr\u017eivoj mobilnosti.","breadcrumb":{"@id":"https:\/\/balkangreenenergynews.com\/rs\/zapadni-balkan-spreman-da-modernizuje-zeleznicu-buducnost-je-na-sinama\/#breadcrumb"},"inLanguage":"sr-RS","potentialAction":[{"@type":"ReadAction","target":["https:\/\/balkangreenenergynews.com\/rs\/zapadni-balkan-spreman-da-modernizuje-zeleznicu-buducnost-je-na-sinama\/"]}]},{"@type":"ImageObject","inLanguage":"sr-RS","@id":"https:\/\/balkangreenenergynews.com\/rs\/zapadni-balkan-spreman-da-modernizuje-zeleznicu-buducnost-je-na-sinama\/#primaryimage","url":"https:\/\/balkangreenenergynews.com\/rs\/wp-content\/uploads\/2021\/09\/Zapadni-Balkan-spreman-da-modernizuje-zeleznicu-Buducnost-je-na-sinama.jpg?wsr","contentUrl":"https:\/\/balkangreenenergynews.com\/rs\/wp-content\/uploads\/2021\/09\/Zapadni-Balkan-spreman-da-modernizuje-zeleznicu-Buducnost-je-na-sinama.jpg?wsr","width":840,"height":430,"caption":"Zapadni Balkan spreman da modernizuje zeleznicu Buducnost je na sinama"},{"@type":"BreadcrumbList","@id":"https:\/\/balkangreenenergynews.com\/rs\/zapadni-balkan-spreman-da-modernizuje-zeleznicu-buducnost-je-na-sinama\/#breadcrumb","itemListElement":[{"@type":"ListItem","position":1,"name":"Po\u010detna","item":"https:\/\/balkangreenenergynews.com\/rs\/"},{"@type":"ListItem","position":2,"name":"Vesti","item":"https:\/\/balkangreenenergynews.com\/rs\/kategorija\/vesti\/"},{"@type":"ListItem","position":3,"name":"Mobilnost","item":"https:\/\/balkangreenenergynews.com\/rs\/kategorija\/vesti\/mobilnost\/"},{"@type":"ListItem","position":4,"name":"Zapadni Balkan spreman da modernizuje \u017eeleznicu \u2013 Budu\u0107nost je na \u0161inama"}]},{"@type":"WebSite","@id":"https:\/\/balkangreenenergynews.com\/rs\/#website","url":"https:\/\/balkangreenenergynews.com\/rs\/","name":"Balkan Green Energy News","description":"Naj\u0161iri izbor vesti sa Balkana o zelenoj energiji","potentialAction":[{"@type":"SearchAction","target":{"@type":"EntryPoint","urlTemplate":"https:\/\/balkangreenenergynews.com\/rs\/?s={search_term_string}"},"query-input":{"@type":"PropertyValueSpecification","valueRequired":true,"valueName":"search_term_string"}}],"inLanguage":"sr-RS"},{"@type":"Person","@id":"https:\/\/balkangreenenergynews.com\/rs\/#\/schema\/person\/d8f80a244c4e9f2b55e4f6968c253246","name":"Igor Todorovi\u0107","url":"https:\/\/balkangreenenergynews.com\/rs\/author\/igor-todorovic\/"}]}},"_links":{"self":[{"href":"https:\/\/balkangreenenergynews.com\/rs\/wp-json\/wp\/v2\/posts\/41640","targetHints":{"allow":["GET"]}}],"collection":[{"href":"https:\/\/balkangreenenergynews.com\/rs\/wp-json\/wp\/v2\/posts"}],"about":[{"href":"https:\/\/balkangreenenergynews.com\/rs\/wp-json\/wp\/v2\/types\/post"}],"author":[{"embeddable":true,"href":"https:\/\/balkangreenenergynews.com\/rs\/wp-json\/wp\/v2\/users\/27"}],"replies":[{"embeddable":true,"href":"https:\/\/balkangreenenergynews.com\/rs\/wp-json\/wp\/v2\/comments?post=41640"}],"version-history":[{"count":0,"href":"https:\/\/balkangreenenergynews.com\/rs\/wp-json\/wp\/v2\/posts\/41640\/revisions"}],"wp:featuredmedia":[{"embeddable":true,"href":"https:\/\/balkangreenenergynews.com\/rs\/wp-json\/wp\/v2\/media\/41646"}],"wp:attachment":[{"href":"https:\/\/balkangreenenergynews.com\/rs\/wp-json\/wp\/v2\/media?parent=41640"}],"wp:term":[{"taxonomy":"category","embeddable":true,"href":"https:\/\/balkangreenenergynews.com\/rs\/wp-json\/wp\/v2\/categories?post=41640"},{"taxonomy":"post_tag","embeddable":true,"href":"https:\/\/balkangreenenergynews.com\/rs\/wp-json\/wp\/v2\/tags?post=41640"}],"curies":[{"name":"wp","href":"https:\/\/api.w.org\/{rel}","templated":true}]}}