{"id":40641,"date":"2021-08-03T14:50:30","date_gmt":"2021-08-03T12:50:30","guid":{"rendered":"https:\/\/balkangreenenergynews.com\/rs\/?p=40641"},"modified":"2021-08-03T14:50:30","modified_gmt":"2021-08-03T12:50:30","slug":"poziv-privrednicima-srbije-za-prvu-tematsku-nedelju-dubai-expo-2020-klima-i-biodiverzitet","status":"publish","type":"post","link":"https:\/\/balkangreenenergynews.com\/rs\/poziv-privrednicima-srbije-za-prvu-tematsku-nedelju-dubai-expo-2020-klima-i-biodiverzitet\/","title":{"rendered":"Poziv privrednicima Srbije za prvu tematsku nedelju &#8222;Dubai Expo 2020&#8220; &#8211; Klima i biodiverzitet"},"content":{"rendered":"<h2>Privredna komora Srbije (PKS) pozvala je privrednike da do 23. avgusta prijave u\u010de\u0161\u0107e u poslovnoj delegaciji na Svetskoj izlo\u017ebi &#8222;Dubai Expo 2020&#8220;, za prvu tematsku nedelju &#8222;Klima i biodiverzitet&#8220; koja \u0107e se odr\u017eati od 3. do 9. oktobra.<\/h2>\n<p>Pitanje klimatskih promena i o\u010duvanje biodiverziteta je jedno od najizazovnijih i ove godine otvara tematske nedelje na najzna\u010dajnijoj svetskoj manifestaciji\u00a0&#8222;Dubai Expo 2020&#8243;koja po\u010dinje 1. oktobra 2021. i traje do 31. marta 2022, <a href=\"https:\/\/pks.rs\/vesti\/poziv-privrednicima-za-prvu-tematsku-nedelju-dubai-ekspo-2020-klima-i-biodiverzitet-4730\">saop\u0161tila<\/a> je PKS.<\/p>\n<p>Svetska izlo\u017eba u Dubaiju odr\u017eava se pod sloganom: &#8222;Povezivanje umova, stvaranje budu\u0107nosti&#8220; (Connecting minds, creating the future), a centralni doga\u0111aji koji se odnose na predstavljanje Srbije, bi\u0107e organizovani u nacionalnom paviljonu Srbije, povr\u0161ine od 2.000 kvadratnih metara, koji \u0107e se nalaziti u tematskoj celini mobilnost.<\/p>\n<blockquote><p>Tema nastupa Srbije na Svetskoj izlo\u017ebi je &#8222;Srbija stvara ideje \u2013 Inspirisani pro\u0161lo\u0161\u0107u, kreiramo budu\u0107nost&#8220;<\/p><\/blockquote>\n<p>Tema nastupa Republike Srbije na Svetskoj izlo\u017ebi je &#8222;Srbija stvara ideje \u2013 Inspirisani pro\u0161lo\u0161\u0107u, kreiramo budu\u0107nost&#8220; (Serbia Creates Ideas &#8211; Inspired by the past, shaping the future\u201d).<\/p>\n<p>Predstavljanje Srbije na &#8222;Dubai Expo 2020&#8220; simboli\u010dki je predstavljeno i inspirisano Vin\u010danskom civilizacijom. Izlo\u017ebena postavka paviljona prikazuje savremenu Srbiju kao prirodnog naslednika ove kulture, stare vi\u0161e od 7.000 godina.<\/p>\n<blockquote><p>&#8222;Dubai Expo 2020&#8220; ima\u0107e 10 tematskih nedelja<\/p><\/blockquote>\n<p>Tokom trajanja &#8222;Dubai Expo 2020&#8220;, bi\u0107e odr\u017eano 10 tematskih nedelja, a pored prve koja po\u010dinje sa Klimom i biodiverzitetom, slede: Svemir (od 17. do 23. oktobra), Urbani i ruralni razvoj (od 31. oktobra do 6. novembra), Tolerancija i inkluzija (od 14. do 20. novembra), Znanje i edukacija (od 12. do 18. decembra), Putovanja i umre\u017eavanje (od 9. do 15. januara), Globalni ciljevi (od 16. do 22. januara),\u00a0 Zdravlje i velnes (od 27. januara do 02. februara), Hrana i agrikultura (od 17. do 23. februara) i Voda (od 20. do 26. marta).<\/p>\n<p>&#8222;Imamo kompanije koje \u0107e, sigurni smo, iskoristiti mogu\u0107nost da budu deo delegacije Srbije u okviru prve tematske nedelje i daju zna\u010dajan doprinos cirkularnoj ekonomiji i odr\u017eivom razvoju na\u0161e planete. Ova tema je posebno va\u017ena za nas, jer je Srbija dala jedno od najve\u0107ih imena svetske nauke koji je pru\u017eio veliki doprinos globalnom prou\u010davanju klimatskih promena, slavnog Milutina Milankovi\u0107a,osniva\u010da planetarne klimatologije, \u010dije ideje i danas izazivaju veliko interesovanje nau\u010dnika \u0161irom sveta&#8220;, istakao je Marko Selakovi\u0107, \u0161ef kancelarije PKS u Dubaiju i B2B direktor &#8222;Dubai Expo 2020&#8220;.<\/p>\n","protected":false},"excerpt":{"rendered":"<p>Tema nastupa Srbije na Svetskoj izlo\u017ebi je &#8222;Srbija stvara ideje \u2013 Inspirisani pro\u0161lo\u0161\u0107u, kreiramo budu\u0107nost&#8220;.<\/p>\n","protected":false},"author":23,"featured_media":40643,"comment_status":"open","ping_status":"open","sticky":false,"template":"","format":"standard","meta":{"_acf_changed":false,"_monsterinsights_skip_tracking":false,"_monsterinsights_sitenote_active":false,"_monsterinsights_sitenote_note":"","_monsterinsights_sitenote_category":0,"footnotes":""},"categories":[5253,5909],"tags":[1739,766,797],"class_list":["post-40641","post","type-post","status-publish","format-standard","has-post-thumbnail","hentry","category-biodiverzitet","category-klimatske-promene","tag-biodiverzitet","tag-klimatske-promene","tag-privredna-komora-srbije","country-srbija"],"acf":[],"yoast_head":"<!-- This site is optimized with the Yoast SEO plugin v27.4 - https:\/\/yoast.com\/product\/yoast-seo-wordpress\/ -->\n<title>Poziv privrednicima Srbije za prvu tematsku nedelju &quot;Dubai Expo 2020&quot; - Klima i biodiverzitet<\/title>\n<meta name=\"description\" content=\"Tema nastupa Srbije na Svetskoj izlo\u017ebi je &quot;Srbija stvara ideje \u2013 Inspirisani pro\u0161lo\u0161\u0107u, kreiramo budu\u0107nost&quot;.\" \/>\n<meta name=\"robots\" content=\"index, follow, max-snippet:-1, max-image-preview:large, max-video-preview:-1\" \/>\n<link rel=\"canonical\" href=\"https:\/\/balkangreenenergynews.com\/rs\/poziv-privrednicima-srbije-za-prvu-tematsku-nedelju-dubai-expo-2020-klima-i-biodiverzitet\/\" \/>\n<meta property=\"og:locale\" content=\"sr_RS\" \/>\n<meta property=\"og:type\" content=\"article\" \/>\n<meta property=\"og:title\" content=\"Poziv privrednicima Srbije za prvu tematsku nedelju &quot;Dubai Expo 2020&quot; - Klima i biodiverzitet\" \/>\n<meta property=\"og:description\" content=\"Tema nastupa Srbije na Svetskoj izlo\u017ebi je &quot;Srbija stvara ideje \u2013 Inspirisani pro\u0161lo\u0161\u0107u, kreiramo budu\u0107nost&quot;.\" \/>\n<meta property=\"og:url\" content=\"https:\/\/balkangreenenergynews.com\/rs\/poziv-privrednicima-srbije-za-prvu-tematsku-nedelju-dubai-expo-2020-klima-i-biodiverzitet\/\" \/>\n<meta property=\"og:site_name\" content=\"Balkan Green Energy News\" \/>\n<meta property=\"article:published_time\" content=\"2021-08-03T12:50:30+00:00\" \/>\n<meta property=\"og:image\" content=\"https:\/\/balkangreenenergynews.com\/rs\/wp-content\/uploads\/2021\/08\/srbija-pks-dubai-expo-2020-poziv-klima-biodiverzitet.jpg\" \/>\n\t<meta property=\"og:image:width\" content=\"840\" \/>\n\t<meta property=\"og:image:height\" content=\"430\" \/>\n\t<meta property=\"og:image:type\" content=\"image\/jpeg\" \/>\n<meta name=\"author\" content=\"Vladimir Spasi\u0107\" \/>\n<meta name=\"twitter:card\" content=\"summary_large_image\" \/>\n<meta name=\"twitter:label1\" content=\"\u041d\u0430\u043f\u0438\u0441\u0430\u043d\u043e \u043e\u0434\" \/>\n\t<meta name=\"twitter:data1\" content=\"Vladimir Spasi\u0107\" \/>\n\t<meta name=\"twitter:label2\" content=\"\u041f\u0440\u043e\u0446\u0435\u045a\u0435\u043d\u043e \u0432\u0440\u0435\u043c\u0435 \u0447\u0438\u0442\u0430\u045a\u0430\" \/>\n\t<meta name=\"twitter:data2\" content=\"2 \u043c\u0438\u043d\u0443\u0442\u0430\" \/>\n<script type=\"application\/ld+json\" class=\"yoast-schema-graph\">{\"@context\":\"https:\\\/\\\/schema.org\",\"@graph\":[{\"@type\":\"Article\",\"@id\":\"https:\\\/\\\/balkangreenenergynews.com\\\/rs\\\/poziv-privrednicima-srbije-za-prvu-tematsku-nedelju-dubai-expo-2020-klima-i-biodiverzitet\\\/#article\",\"isPartOf\":{\"@id\":\"https:\\\/\\\/balkangreenenergynews.com\\\/rs\\\/poziv-privrednicima-srbije-za-prvu-tematsku-nedelju-dubai-expo-2020-klima-i-biodiverzitet\\\/\"},\"author\":{\"name\":\"Vladimir Spasi\u0107\",\"@id\":\"https:\\\/\\\/balkangreenenergynews.com\\\/rs\\\/#\\\/schema\\\/person\\\/99dc721c46113fea22caffad06ef7317\"},\"headline\":\"Poziv privrednicima Srbije za prvu tematsku nedelju &#8222;Dubai Expo 2020&#8220; &#8211; Klima i biodiverzitet\",\"datePublished\":\"2021-08-03T12:50:30+00:00\",\"mainEntityOfPage\":{\"@id\":\"https:\\\/\\\/balkangreenenergynews.com\\\/rs\\\/poziv-privrednicima-srbije-za-prvu-tematsku-nedelju-dubai-expo-2020-klima-i-biodiverzitet\\\/\"},\"wordCount\":394,\"commentCount\":0,\"image\":{\"@id\":\"https:\\\/\\\/balkangreenenergynews.com\\\/rs\\\/poziv-privrednicima-srbije-za-prvu-tematsku-nedelju-dubai-expo-2020-klima-i-biodiverzitet\\\/#primaryimage\"},\"thumbnailUrl\":\"https:\\\/\\\/balkangreenenergynews.com\\\/rs\\\/wp-content\\\/uploads\\\/2021\\\/08\\\/srbija-pks-dubai-expo-2020-poziv-klima-biodiverzitet.jpg?wsr\",\"keywords\":[\"biodiverzitet\",\"klimatske promene\",\"Privredna komora Srbije\"],\"articleSection\":[\"Biodiverzitet\",\"Klimatske promene\"],\"inLanguage\":\"sr-RS\",\"potentialAction\":[{\"@type\":\"CommentAction\",\"name\":\"Comment\",\"target\":[\"https:\\\/\\\/balkangreenenergynews.com\\\/rs\\\/poziv-privrednicima-srbije-za-prvu-tematsku-nedelju-dubai-expo-2020-klima-i-biodiverzitet\\\/#respond\"]}]},{\"@type\":\"WebPage\",\"@id\":\"https:\\\/\\\/balkangreenenergynews.com\\\/rs\\\/poziv-privrednicima-srbije-za-prvu-tematsku-nedelju-dubai-expo-2020-klima-i-biodiverzitet\\\/\",\"url\":\"https:\\\/\\\/balkangreenenergynews.com\\\/rs\\\/poziv-privrednicima-srbije-za-prvu-tematsku-nedelju-dubai-expo-2020-klima-i-biodiverzitet\\\/\",\"name\":\"Poziv privrednicima Srbije za prvu tematsku nedelju \\\"Dubai Expo 2020\\\" - Klima i biodiverzitet\",\"isPartOf\":{\"@id\":\"https:\\\/\\\/balkangreenenergynews.com\\\/rs\\\/#website\"},\"primaryImageOfPage\":{\"@id\":\"https:\\\/\\\/balkangreenenergynews.com\\\/rs\\\/poziv-privrednicima-srbije-za-prvu-tematsku-nedelju-dubai-expo-2020-klima-i-biodiverzitet\\\/#primaryimage\"},\"image\":{\"@id\":\"https:\\\/\\\/balkangreenenergynews.com\\\/rs\\\/poziv-privrednicima-srbije-za-prvu-tematsku-nedelju-dubai-expo-2020-klima-i-biodiverzitet\\\/#primaryimage\"},\"thumbnailUrl\":\"https:\\\/\\\/balkangreenenergynews.com\\\/rs\\\/wp-content\\\/uploads\\\/2021\\\/08\\\/srbija-pks-dubai-expo-2020-poziv-klima-biodiverzitet.jpg?wsr\",\"datePublished\":\"2021-08-03T12:50:30+00:00\",\"author\":{\"@id\":\"https:\\\/\\\/balkangreenenergynews.com\\\/rs\\\/#\\\/schema\\\/person\\\/99dc721c46113fea22caffad06ef7317\"},\"description\":\"Tema nastupa Srbije na Svetskoj izlo\u017ebi je \\\"Srbija stvara ideje \u2013 Inspirisani pro\u0161lo\u0161\u0107u, kreiramo budu\u0107nost\\\".\",\"breadcrumb\":{\"@id\":\"https:\\\/\\\/balkangreenenergynews.com\\\/rs\\\/poziv-privrednicima-srbije-za-prvu-tematsku-nedelju-dubai-expo-2020-klima-i-biodiverzitet\\\/#breadcrumb\"},\"inLanguage\":\"sr-RS\",\"potentialAction\":[{\"@type\":\"ReadAction\",\"target\":[\"https:\\\/\\\/balkangreenenergynews.com\\\/rs\\\/poziv-privrednicima-srbije-za-prvu-tematsku-nedelju-dubai-expo-2020-klima-i-biodiverzitet\\\/\"]}]},{\"@type\":\"ImageObject\",\"inLanguage\":\"sr-RS\",\"@id\":\"https:\\\/\\\/balkangreenenergynews.com\\\/rs\\\/poziv-privrednicima-srbije-za-prvu-tematsku-nedelju-dubai-expo-2020-klima-i-biodiverzitet\\\/#primaryimage\",\"url\":\"https:\\\/\\\/balkangreenenergynews.com\\\/rs\\\/wp-content\\\/uploads\\\/2021\\\/08\\\/srbija-pks-dubai-expo-2020-poziv-klima-biodiverzitet.jpg?wsr\",\"contentUrl\":\"https:\\\/\\\/balkangreenenergynews.com\\\/rs\\\/wp-content\\\/uploads\\\/2021\\\/08\\\/srbija-pks-dubai-expo-2020-poziv-klima-biodiverzitet.jpg?wsr\",\"width\":840,\"height\":430,\"caption\":\"srbija pks dubai expo 2020 poziv klima biodiverzitet\"},{\"@type\":\"BreadcrumbList\",\"@id\":\"https:\\\/\\\/balkangreenenergynews.com\\\/rs\\\/poziv-privrednicima-srbije-za-prvu-tematsku-nedelju-dubai-expo-2020-klima-i-biodiverzitet\\\/#breadcrumb\",\"itemListElement\":[{\"@type\":\"ListItem\",\"position\":1,\"name\":\"Po\u010detna\",\"item\":\"https:\\\/\\\/balkangreenenergynews.com\\\/rs\\\/\"},{\"@type\":\"ListItem\",\"position\":2,\"name\":\"Klimatske promene\",\"item\":\"https:\\\/\\\/balkangreenenergynews.com\\\/rs\\\/kategorija\\\/klimatske-promene\\\/\"},{\"@type\":\"ListItem\",\"position\":3,\"name\":\"Poziv privrednicima Srbije za prvu tematsku nedelju &#8222;Dubai Expo 2020&#8220; &#8211; Klima i biodiverzitet\"}]},{\"@type\":\"WebSite\",\"@id\":\"https:\\\/\\\/balkangreenenergynews.com\\\/rs\\\/#website\",\"url\":\"https:\\\/\\\/balkangreenenergynews.com\\\/rs\\\/\",\"name\":\"Balkan Green Energy News\",\"description\":\"Naj\u0161iri izbor vesti sa Balkana o zelenoj energiji\",\"potentialAction\":[{\"@type\":\"SearchAction\",\"target\":{\"@type\":\"EntryPoint\",\"urlTemplate\":\"https:\\\/\\\/balkangreenenergynews.com\\\/rs\\\/?s={search_term_string}\"},\"query-input\":{\"@type\":\"PropertyValueSpecification\",\"valueRequired\":true,\"valueName\":\"search_term_string\"}}],\"inLanguage\":\"sr-RS\"},{\"@type\":\"Person\",\"@id\":\"https:\\\/\\\/balkangreenenergynews.com\\\/rs\\\/#\\\/schema\\\/person\\\/99dc721c46113fea22caffad06ef7317\",\"name\":\"Vladimir Spasi\u0107\",\"url\":\"https:\\\/\\\/balkangreenenergynews.com\\\/rs\\\/author\\\/vladimir-spasic\\\/\"}]}<\/script>\n<!-- \/ Yoast SEO plugin. -->","yoast_head_json":{"title":"Poziv privrednicima Srbije za prvu tematsku nedelju \"Dubai Expo 2020\" - Klima i biodiverzitet","description":"Tema nastupa Srbije na Svetskoj izlo\u017ebi je \"Srbija stvara ideje \u2013 Inspirisani pro\u0161lo\u0161\u0107u, kreiramo budu\u0107nost\".","robots":{"index":"index","follow":"follow","max-snippet":"max-snippet:-1","max-image-preview":"max-image-preview:large","max-video-preview":"max-video-preview:-1"},"canonical":"https:\/\/balkangreenenergynews.com\/rs\/poziv-privrednicima-srbije-za-prvu-tematsku-nedelju-dubai-expo-2020-klima-i-biodiverzitet\/","og_locale":"sr_RS","og_type":"article","og_title":"Poziv privrednicima Srbije za prvu tematsku nedelju \"Dubai Expo 2020\" - Klima i biodiverzitet","og_description":"Tema nastupa Srbije na Svetskoj izlo\u017ebi je \"Srbija stvara ideje \u2013 Inspirisani pro\u0161lo\u0161\u0107u, kreiramo budu\u0107nost\".","og_url":"https:\/\/balkangreenenergynews.com\/rs\/poziv-privrednicima-srbije-za-prvu-tematsku-nedelju-dubai-expo-2020-klima-i-biodiverzitet\/","og_site_name":"Balkan Green Energy News","article_published_time":"2021-08-03T12:50:30+00:00","og_image":[{"width":840,"height":430,"url":"https:\/\/balkangreenenergynews.com\/rs\/wp-content\/uploads\/2021\/08\/srbija-pks-dubai-expo-2020-poziv-klima-biodiverzitet.jpg","type":"image\/jpeg"}],"author":"Vladimir Spasi\u0107","twitter_card":"summary_large_image","twitter_misc":{"\u041d\u0430\u043f\u0438\u0441\u0430\u043d\u043e \u043e\u0434":"Vladimir Spasi\u0107","\u041f\u0440\u043e\u0446\u0435\u045a\u0435\u043d\u043e \u0432\u0440\u0435\u043c\u0435 \u0447\u0438\u0442\u0430\u045a\u0430":"2 \u043c\u0438\u043d\u0443\u0442\u0430"},"schema":{"@context":"https:\/\/schema.org","@graph":[{"@type":"Article","@id":"https:\/\/balkangreenenergynews.com\/rs\/poziv-privrednicima-srbije-za-prvu-tematsku-nedelju-dubai-expo-2020-klima-i-biodiverzitet\/#article","isPartOf":{"@id":"https:\/\/balkangreenenergynews.com\/rs\/poziv-privrednicima-srbije-za-prvu-tematsku-nedelju-dubai-expo-2020-klima-i-biodiverzitet\/"},"author":{"name":"Vladimir Spasi\u0107","@id":"https:\/\/balkangreenenergynews.com\/rs\/#\/schema\/person\/99dc721c46113fea22caffad06ef7317"},"headline":"Poziv privrednicima Srbije za prvu tematsku nedelju &#8222;Dubai Expo 2020&#8220; &#8211; Klima i biodiverzitet","datePublished":"2021-08-03T12:50:30+00:00","mainEntityOfPage":{"@id":"https:\/\/balkangreenenergynews.com\/rs\/poziv-privrednicima-srbije-za-prvu-tematsku-nedelju-dubai-expo-2020-klima-i-biodiverzitet\/"},"wordCount":394,"commentCount":0,"image":{"@id":"https:\/\/balkangreenenergynews.com\/rs\/poziv-privrednicima-srbije-za-prvu-tematsku-nedelju-dubai-expo-2020-klima-i-biodiverzitet\/#primaryimage"},"thumbnailUrl":"https:\/\/balkangreenenergynews.com\/rs\/wp-content\/uploads\/2021\/08\/srbija-pks-dubai-expo-2020-poziv-klima-biodiverzitet.jpg?wsr","keywords":["biodiverzitet","klimatske promene","Privredna komora Srbije"],"articleSection":["Biodiverzitet","Klimatske promene"],"inLanguage":"sr-RS","potentialAction":[{"@type":"CommentAction","name":"Comment","target":["https:\/\/balkangreenenergynews.com\/rs\/poziv-privrednicima-srbije-za-prvu-tematsku-nedelju-dubai-expo-2020-klima-i-biodiverzitet\/#respond"]}]},{"@type":"WebPage","@id":"https:\/\/balkangreenenergynews.com\/rs\/poziv-privrednicima-srbije-za-prvu-tematsku-nedelju-dubai-expo-2020-klima-i-biodiverzitet\/","url":"https:\/\/balkangreenenergynews.com\/rs\/poziv-privrednicima-srbije-za-prvu-tematsku-nedelju-dubai-expo-2020-klima-i-biodiverzitet\/","name":"Poziv privrednicima Srbije za prvu tematsku nedelju \"Dubai Expo 2020\" - Klima i biodiverzitet","isPartOf":{"@id":"https:\/\/balkangreenenergynews.com\/rs\/#website"},"primaryImageOfPage":{"@id":"https:\/\/balkangreenenergynews.com\/rs\/poziv-privrednicima-srbije-za-prvu-tematsku-nedelju-dubai-expo-2020-klima-i-biodiverzitet\/#primaryimage"},"image":{"@id":"https:\/\/balkangreenenergynews.com\/rs\/poziv-privrednicima-srbije-za-prvu-tematsku-nedelju-dubai-expo-2020-klima-i-biodiverzitet\/#primaryimage"},"thumbnailUrl":"https:\/\/balkangreenenergynews.com\/rs\/wp-content\/uploads\/2021\/08\/srbija-pks-dubai-expo-2020-poziv-klima-biodiverzitet.jpg?wsr","datePublished":"2021-08-03T12:50:30+00:00","author":{"@id":"https:\/\/balkangreenenergynews.com\/rs\/#\/schema\/person\/99dc721c46113fea22caffad06ef7317"},"description":"Tema nastupa Srbije na Svetskoj izlo\u017ebi je \"Srbija stvara ideje \u2013 Inspirisani pro\u0161lo\u0161\u0107u, kreiramo budu\u0107nost\".","breadcrumb":{"@id":"https:\/\/balkangreenenergynews.com\/rs\/poziv-privrednicima-srbije-za-prvu-tematsku-nedelju-dubai-expo-2020-klima-i-biodiverzitet\/#breadcrumb"},"inLanguage":"sr-RS","potentialAction":[{"@type":"ReadAction","target":["https:\/\/balkangreenenergynews.com\/rs\/poziv-privrednicima-srbije-za-prvu-tematsku-nedelju-dubai-expo-2020-klima-i-biodiverzitet\/"]}]},{"@type":"ImageObject","inLanguage":"sr-RS","@id":"https:\/\/balkangreenenergynews.com\/rs\/poziv-privrednicima-srbije-za-prvu-tematsku-nedelju-dubai-expo-2020-klima-i-biodiverzitet\/#primaryimage","url":"https:\/\/balkangreenenergynews.com\/rs\/wp-content\/uploads\/2021\/08\/srbija-pks-dubai-expo-2020-poziv-klima-biodiverzitet.jpg?wsr","contentUrl":"https:\/\/balkangreenenergynews.com\/rs\/wp-content\/uploads\/2021\/08\/srbija-pks-dubai-expo-2020-poziv-klima-biodiverzitet.jpg?wsr","width":840,"height":430,"caption":"srbija pks dubai expo 2020 poziv klima biodiverzitet"},{"@type":"BreadcrumbList","@id":"https:\/\/balkangreenenergynews.com\/rs\/poziv-privrednicima-srbije-za-prvu-tematsku-nedelju-dubai-expo-2020-klima-i-biodiverzitet\/#breadcrumb","itemListElement":[{"@type":"ListItem","position":1,"name":"Po\u010detna","item":"https:\/\/balkangreenenergynews.com\/rs\/"},{"@type":"ListItem","position":2,"name":"Klimatske promene","item":"https:\/\/balkangreenenergynews.com\/rs\/kategorija\/klimatske-promene\/"},{"@type":"ListItem","position":3,"name":"Poziv privrednicima Srbije za prvu tematsku nedelju &#8222;Dubai Expo 2020&#8220; &#8211; Klima i biodiverzitet"}]},{"@type":"WebSite","@id":"https:\/\/balkangreenenergynews.com\/rs\/#website","url":"https:\/\/balkangreenenergynews.com\/rs\/","name":"Balkan Green Energy News","description":"Naj\u0161iri izbor vesti sa Balkana o zelenoj energiji","potentialAction":[{"@type":"SearchAction","target":{"@type":"EntryPoint","urlTemplate":"https:\/\/balkangreenenergynews.com\/rs\/?s={search_term_string}"},"query-input":{"@type":"PropertyValueSpecification","valueRequired":true,"valueName":"search_term_string"}}],"inLanguage":"sr-RS"},{"@type":"Person","@id":"https:\/\/balkangreenenergynews.com\/rs\/#\/schema\/person\/99dc721c46113fea22caffad06ef7317","name":"Vladimir Spasi\u0107","url":"https:\/\/balkangreenenergynews.com\/rs\/author\/vladimir-spasic\/"}]}},"_links":{"self":[{"href":"https:\/\/balkangreenenergynews.com\/rs\/wp-json\/wp\/v2\/posts\/40641","targetHints":{"allow":["GET"]}}],"collection":[{"href":"https:\/\/balkangreenenergynews.com\/rs\/wp-json\/wp\/v2\/posts"}],"about":[{"href":"https:\/\/balkangreenenergynews.com\/rs\/wp-json\/wp\/v2\/types\/post"}],"author":[{"embeddable":true,"href":"https:\/\/balkangreenenergynews.com\/rs\/wp-json\/wp\/v2\/users\/23"}],"replies":[{"embeddable":true,"href":"https:\/\/balkangreenenergynews.com\/rs\/wp-json\/wp\/v2\/comments?post=40641"}],"version-history":[{"count":0,"href":"https:\/\/balkangreenenergynews.com\/rs\/wp-json\/wp\/v2\/posts\/40641\/revisions"}],"wp:featuredmedia":[{"embeddable":true,"href":"https:\/\/balkangreenenergynews.com\/rs\/wp-json\/wp\/v2\/media\/40643"}],"wp:attachment":[{"href":"https:\/\/balkangreenenergynews.com\/rs\/wp-json\/wp\/v2\/media?parent=40641"}],"wp:term":[{"taxonomy":"category","embeddable":true,"href":"https:\/\/balkangreenenergynews.com\/rs\/wp-json\/wp\/v2\/categories?post=40641"},{"taxonomy":"post_tag","embeddable":true,"href":"https:\/\/balkangreenenergynews.com\/rs\/wp-json\/wp\/v2\/tags?post=40641"}],"curies":[{"name":"wp","href":"https:\/\/api.w.org\/{rel}","templated":true}]}}