{"id":40093,"date":"2021-07-05T19:13:00","date_gmt":"2021-07-05T17:13:00","guid":{"rendered":"https:\/\/balkangreenenergynews.com\/rs\/?p=40093"},"modified":"2024-06-17T13:54:12","modified_gmt":"2024-06-17T11:54:12","slug":"zene-u-slivu-drine-imaju-moc-da-otklone-pretnje-po-zivotnu-sredinu","status":"publish","type":"post","link":"https:\/\/balkangreenenergynews.com\/rs\/zene-u-slivu-drine-imaju-moc-da-otklone-pretnje-po-zivotnu-sredinu\/","title":{"rendered":"\u017dene u slivu Drine imaju mo\u0107 da otklone pretnje po \u017eivotnu sredinu"},"content":{"rendered":"<h2>\u017dene iz politi\u010dkog \u017eivota i struke, nau\u010dnice i aktivistkinje zaklju\u010dile su na radionici koju je organizovao GWP-Med da Bosna i Hercegovina, Crna Gora i Srbija mogu veoma dobro da iskoristi potencijal sliva reke Drine, ali su upozorile na rizik po \u017eivotnu sredinu zbog nekontrolisanih investicionih projekata i otpada. U\u010desnici su ukazali da se sve vi\u0161e \u017eena iz raznih sfera uklju\u010duje da za\u0161tite \u017eivotnu sredinu i da imaju entuzijazma i energije da udru\u017ee snage u kreiranju modela odr\u017eivog razvoja, s posebnim naglaskom na rodna pitanja.<\/h2>\n<p><a href=\"https:\/\/balkangreenenergynews.com\/rs\/uloga-zena-u-odrzivom-upravljanju-prirodnim-resursima-u-slivu-reke-drine-ucestvuj-u-radionici\/\">Onlajn radionica<\/a> &#8222;Dimenzija rodne ravnopravnosti u odr\u017eivom upravljanju prirodnim resursima kroz neksus pristup u slivu reke Drine&#8220; odr\u017eana je u okviru projekta &#8222;Promovisanje odr\u017eivog upravljanja prirodnim resursima u Jugoisto\u010dnoj Evropi upotrebom Nexus pristupa.<\/p>\n<p>Projekat finansira ga <a href=\"https:\/\/www.entwicklung.at\/en\/\">Austrijska razvojna agencija (ADA),<\/a> a izvodi <a href=\"https:\/\/www.gwp.org\/en\">Globalno partnerstvo za vodu \u2013 Mediteran (GWP-Med)<\/a> u saradnji sa <a href=\"https:\/\/unece.org\/\">Ekonomskom komisijom za Evropu Ujedinjenih nacija (UNECE).<\/a><\/p>\n<h3>Poreme\u0107aji u \u017eivotnoj sredini nesrazmerno vi\u0161e uti\u010du na \u017eene<\/h3>\n<p>Sliv drine povezuje Bosnu i Hercegovinu, Crnu Goru i Srbiju. U\u010desnice i u\u010desnici radionice saglasili su se da faktori koji uti\u010du na \u017eivotnu sredinu kao \u0161to su gubitak biodiverziteta, klimatske promene, prirodne nepogode i razvoj energetike nesrazmerno vi\u0161e uti\u010du na \u017eene, njihova doma\u0107instva i poslovne aktivnosti, pogotovo u uslugama i poljoprivredi.<\/p>\n<p>U\u010desnici su tako\u0111e ukazali na ogromne mogu\u0107nosti za odr\u017eivi razvoj u regionu, ali su i ukazali na pretnje po \u017eivotnu sredinu \u2013 od Rio Tintovog projekta za eksploataciju litijuma preko stotina tona \u010dvrstog otpada koji zavr\u0161ava u rekama i jezerima do malih hidroelektrana, ali i ve\u0107ih projekata te vrste.<\/p>\n<p>Cilj ove radionice je bio da se \u017eene okupe i razgovaraju o izazovima u svom svakodnevnom radu koji se ti\u010du rodne dimenzcije i za\u0161tite \u017eivotne sredine kao i o postoje\u0107im i budu\u0107im re\u0161enjima.<\/p>\n<h3>Vlasti tri dr\u017eave u slivu Drine treba da postignu zvani\u010dne sporazume<\/h3>\n<p>U\u010desnice radionice naglasile su da \u017eene iz drinskog sliva moraju da u\u010destvuju u dono\u0161enju odluka i da se udru\u017ee u razvoju odr\u017eivih re\u0161enja uz uklju\u010divanje rodne dimenzije.<\/p>\n<p>One su zaklju\u010dile da im ne manjka ni energije ni volje i da \u017eene moraju da budu osna\u017eene da postignu ono u \u0161ta veruju. Govornici i govornice na radionici izjavili su da se \u017eene iz svih sfera \u017eivota uklju\u010duju u napore za za\u0161titu okoline.<\/p>\n<p>U uvodnom delu radionice, stru\u010dnjakinje iz GWP-Meda za rodnu ravnopravnost Fiorela Shalsi i Liza Debevec predstavile su rodnu dimenziju odr\u017eivog upravljanja prirodnim resursima i napore da se u glavne dru\u0161tvene procese uvede rodna jednakost.<\/p>\n<p>Vi\u0161i direktor programa u GWP-Medu Tassos Krommydas govorio je o postupku procene neksusa u slivu Drine. Dr\u017eavne vlasti bi preporuke trebalo da prevedu u politi\u010dke obaveze, i da formalizuju neke aspekte regulacije toka, izjavio je.<\/p>\n<p><a href=\"https:\/\/balkangreenenergynews.com\/exploring-opportunities-to-achieving-water-food-energy-ecosystems-nexus-in-western-balkans\/\">Neksus pristup<\/a> omogu\u0107ava stvaranje modela koji treba da obezbedi me\u0111usektorsko uskla\u0111ivanje, na primer energetike i poljoprivrede, jer se oba sektora nadme\u0107u za oskudne resurse poput vode. Sektori su blisko povezani, tako da aktivnosti u jednoj delatnosti uti\u010du na druge i u interesu je svih zainteresovanih strana da stvaraju mehanizme koji \u0161tite \u017eivotnu sredinu i omogu\u0107avaju istovremene ljudske i poslovne aktivnosti.<\/p>\n<h3>Projekat hidroelektrane Buk Bijela je kamen spoticanja<\/h3>\n<p>Jedan od va\u017enih faktora za privredni razvoj jedne zemlje predstavlja prekograni\u010dni uticaj projekata na njenoj teritoriji.<\/p>\n<p>Potpredsednica Skup\u0161tine Crne Gore Branka Bo\u0161njak izjavila je da je zabrinuta zbog <a href=\"https:\/\/balkangreenenergynews.com\/rs\/luka-petrovic-ers-namerava-da-bude-prodavac-balansne-energije-u-regionu\/\">efekta<\/a> projekta hidroelektrane <a href=\"https:\/\/balkangreenenergynews.com\/rs\/pripremni-radovi-za-hidroelektranu-buk-bijela-planirani-za-septembar\/\">Buk Bijela<\/a> u BiH na reke <a href=\"https:\/\/balkangreenenergynews.com\/rs\/aktivisti-zahtevaju-da-unesco-reaguje-na-ekocid-zamucene-reke-tare\/\">Taru<\/a> i Pivu, od kojih nastaje Drina. Uticaja \u0107e svakako biti, a zemlje u slivu treba da do\u0111u do sporazuma, rekla je.<\/p>\n<p>Mora se posti\u0107i balans izme\u0111u ekonomskog interesa i \u017eivotne sredine, naglasila je Branka Bo\u0161njak.<\/p>\n<p>Skup\u0161tina Crne Gore radi na postizanju rodne ravnopravnosti, budu\u0107i da nema mnogo \u017eena na mestima odlu\u010divanja, kazala je.<\/p>\n<p>Ministrica okoli\u0161a i turizma u Vladi Federacije BiH Edita \u0110apo naglasila je da Balkan o\u010dekuju \u010desti ekstremni vremenski uslovi. \u017dene \u0107e biti vi\u0161e pogo\u0111ene, jer one vode ve\u0107inu malih poljoprivrednih gazdinstava i ugostiteljskih objekata u seoskom turizmu, izjavila je i dodala da \u017eene nemaju toliko pristupa mikrofinansiranju i tehnologiji.<\/p>\n<p>&#8222;\u017dene donose pozitivne promjene&#8220;, naglasila je \u0110apo i ukazala na primer \u017eena iz sela <a href=\"https:\/\/balkangreenenergynews.com\/rs\/blue-heart-of-europe-hidroelektrane-unistavaju-okolinu-radi-zanemarive-kolicine-struje\/\">Kru\u0161\u010dica<\/a> koje su dve godine \u0161titile svoju reku i uspele da zaustave dva projekta izgradnje malih hidroelektrana. Ministrica je podsetila da su one osvojile vi\u0161e svetskih priznanja.<\/p>\n<p>Urednica portala Balkan Green Energy News Branislava Jovi\u010di\u0107 navela je da su u\u010desnici\u00a0 istra\u017eivanja o rodnoj perspektivi odr\u017eivog upravljanja prirodnim resursima u slivu reke Drine, ocenili zdravu \u017eivotnu sredinu kao najva\u017eniji aspekt odr\u017eivog razvoja.<\/p>\n<p>75 odsto u\u010desnika u anketi, prenela je Jovi\u010di\u0107, tvrdi da u dr\u017eavama sliva reke Drine ne postoje ni zvani\u010dne mere niti inicijative koje ohrabruju \u017eena i javnost uop\u0161te da u\u010destvuju u odlu\u010divanju o projektima i investicijama koje mogu uticati na \u017eivotnu sredinu.<\/p>\n<p><img loading=\"lazy\" decoding=\"async\" class=\"alignnone size-full wp-image-42461\" src=\"https:\/\/balkangreenenergynews.com\/wp-content\/uploads\/2021\/07\/4.-Najvazniji-aspekti-odrzivog-razvoja_zastita-zivotne-sredine.jpg\" alt=\"4. Najvazniji aspekti odrzivog razvoja_zastita zivotne sredine\" width=\"1089\" height=\"507\" \/><\/p>\n<p>Po rezultatima istra\u017eivanja, samo 50 procenata op\u0161tina i gradova organizuje javne rasprave radi predstavljanja projekata u razvoju. Ve\u0107ina u\u010desnika i u\u010desnica je izrazila bojazan da \u0107e interesi investitora ugroziti prava lokalnog stanovni\u0161tva u velikim projektima eksploatacije prirodnih resursa.<\/p>\n<h3>Rudnik litijuma u Srbiji bi doneo zaga\u0111enje koje bi trajalo vekovima<\/h3>\n<p>Jedna od dve studije slu\u010daja koje su predstavljene na radionici ticala se pitanja rodne ravnopravnosti, ekonomije i \u017eivotne sredine povezanih s Rio Tintovim projektom rudnika litijuma u dolini Jadra.<\/p>\n<p>Profesorka <a href=\"https:\/\/balkangreenenergynews.com\/rs\/rudnik-jadarita-ce-srbiji-doneti-vise-stete-nego-koristi\/\">Dragana \u0110or\u0111evi\u0107<\/a> s Instituta za hemiju, tehnologiju i metalurgiju Univerziteta u Beogradu izjavila je da nije istina da je u Srbiji deset procenata svetskih rezervi litijuma, ve\u0107 manje od jedan odsto.<\/p>\n<p>Eksploatacija litijuma iz rudnih stena, kakvu bi kompanija Rio Tinto sprovodila u rudniku koji namerava da otvori u blizini Loznice, ima stotinu do hiljadu puta ve\u0107e efekte nego va\u0111enje tog alkalnog metala iz slani\u0161ta u Litijumskom trouglu u Ju\u017enoj Americi, gde se nalazi 70 odsto svetskih rezervi, podvukla je.<\/p>\n<p>Kopanje litijuma u zapadnoj Srbiji izlo\u017eilo bi stanovnike \u0161tetnom uticaju arsena i bora, a jalovina koja sadr\u017ei te toksi\u010dne elemente bi vekovima zaga\u0111ivala \u0161iroko podru\u010dje, istakla je profesorka i kazala da bi to bila i &#8222;tempirana bomba&#8220; koju bi mogla da aktivira poplava.<\/p>\n<p>Budu\u0107nost je u organskoj poljoprivredi, ali zemlji\u0161te sada zbog industrijalizacije nepovratno nestaje, navela je \u0110or\u0111evi\u0107.<\/p>\n<p>Kada se pripremao projekat za hidroelektranu \u0110erdap na Dunavu, etnolozi i antropolozi su \u010detiri godine radili studiju da bi utvrdili kako pomo\u0107i ljudima koje treba raseliti, izjavila je <a href=\"https:\/\/balkangreenenergynews.com\/rs\/rio-tinto-otkupljuje-zemlju-i-pre-donosenja-odluke-o-investiciji\/\">Marija Alimpi\u0107<\/a> iz udru\u017eenja Za\u0161titimo Jadar i Ra\u0111evinu. U slu\u010daju ovog projekta se tako ne radi, upozorila je.<\/p>\n<p>Suludo je o\u010dekivati da \u0107e me\u0161tani mo\u0107i da se izbore s takvim postupkom bez vladine podr\u0161ke, izjavila je Alimpi\u0107 i optu\u017eila kompaniju da je krila informacije o planovima za rudnik.<\/p>\n<p>\u017dene iz okolnih sela ne bi mogle da dobiju posao u podzemnom rudniku, dodala je Alimpi\u0107. \u0160tavi\u0161e, po njenim re\u010dima, zbog zaga\u0111enosti ne bi mogle ni da nastave da se bave poljoprivredom i turizmom.<\/p>\n<p>Alternativa projektu litijuma je da se za\u0161titi \u017eivotna sredina i podr\u017ei proizvodnja povr\u0107a, meda, vo\u0107a i rakije, tvrdi Alimpi\u0107 i dodaje: &#8222;Litijum ne mo\u017ee da se jede.&#8220;<\/p>\n<p>Ona i Ana Pavlovi\u0107, vlasnica Agencije za turisti\u010dku promociju Cera i osniva\u010dica inicijative Eko Cer za za\u0161titu te planine, \u010dije bi poslovanje otvaranje rudnika ugrozilo, iza\u0161le su s preliminarnom procenom zarade od poljoprivrede odnosno turizma. Po toj ra\u010dunici, godi\u0161nji prihod od proizvodnje i prerade vo\u0107a i turizma u ovoj oblasti mogao bi da dostigne 50 miliona evra bez ugro\u017eavanja \u017eivotne sredine, dok bi za bud\u017eetski prihod od rudne rente od 50 miliona evra Rio Tinto morao da ostvari milijardu evra prometa. Pritom, \u017eivotna sredina bi bila potpuno devastirana.<\/p>\n<p>Budu\u0107nost je u ekoturizmu, uverena je Ana Pavlovi\u0107.<\/p>\n<h3>\u017dene su deo re\u0161enja za izazove u upravljanju otpadom<\/h3>\n<p>Druga studija slu\u010daja koja je bila prezentovana na radionici predstavila je pretnje po reku Drinu od <a href=\"https:\/\/balkangreenenergynews.com\/rs\/otpad-prekrio-drinu-i-pritoke-u-srbiji-bih-crnoj-gori\/\">plutaju\u0107eg otpada<\/a>, kao i na\u010dine da \u017eene budu deo re\u0161enja u upravljanju otpadom.<\/p>\n<p>Dragana Ivanovi\u0107 iz Odseka za za\u0161titu \u017eivotne sredine op\u0161tine Bajina Ba\u0161ta predstavila je uspeh te lokalne samouprave u uvo\u0111enju sistema za upravljanje otpadom. Op\u0161tina je 2014. izmestila deponiju koja se nalazila pored akumulacije hidroelektrane Peru\u0107ac i uvela je postupak razdvajanja otpada. Razdvojeni otpad se odvozi na regionalnu sanitarnu deponiju kod U\u017eica.<\/p>\n<p>Ivanovi\u0107 je predstavila i op\u0161tinski program primarne separacije vla\u017enog i suvog otpada. Izjavila je da lokalna samouprava razmatra mogu\u0107nost osnivanja centra za kompostiranje i pomo\u0107i doma\u0107instvima koja su voljna da kompostiraju organski otpad.<\/p>\n<p>Dragana Ivanovi\u0107 je navela da \u017eene imaju istaknutu ulogu u primarnoj selekciji otpada i obu\u010davanju \u010dlanova svojih porodica, ali i da je primetila da neki mu\u0161karci smatraju da je to \u017eenska du\u017enost.<\/p>\n<p>Senka Mutabd\u017eija Be\u0107irovi\u0107, saradnica na projektu u Programu Ujedinjenih nacija za razvoj (UNDP) u BiH, kazala je da je u Federaciji BiH uspostavljena javna <a href=\"https:\/\/balkangreenenergynews.com\/rs\/fbih-dobila-informacioni-sistem-upravljanja-otpadom-poziv-firmama-da-se-registruju-i-unesu-podatke\/\">baza podataka<\/a> o upravljanju otpadom i tokovima otpada, a da se radi na sveobuhvatnom sistemu za celu zemlju.<\/p>\n<p>Zorica Kora\u0107, portfolio menad\u017eer za \u017eivotnu sredinu u UNDP-u, rekla je da su za otkrivanje neregistrovanih deponija pored reke Lim u Srbiji kori\u0161\u0107eni satelitski snimci i ve\u0161ta\u010dka inteligencija. Sistem je identifikovao 61 mogu\u0107u lokaciju, a sedam ili osam godina ranije se znalo za samo 23 mesta.<\/p>\n<p>UNPD je tako\u0111e analizirao eroziju obala reke kod deponija.<\/p>\n<p><img loading=\"lazy\" decoding=\"async\" class=\"size-full wp-image-42463 aligncenter\" src=\"https:\/\/balkangreenenergynews.com\/wp-content\/uploads\/2021\/07\/UNECE-NEXUS-solutions.png\" alt=\"UNECE NEXUS solutions Drina river basin\" width=\"840\" height=\"430\" \/><\/p>\n<p>Jelena \u0160ijakovi\u0107 iz odeljenja za kvalitet i za\u0161titu \u017eivotne sredine kompanije Hidroeletrane na Drini otkrila je da se hidrocentrala u Vi\u0161egradu bori s plutaju\u0107im otpadom jo\u0161 od 1989, kada je pu\u0161tena u rad. Otpad koji sti\u017ee niz reku poti\u010de iz sve tri zemlje, dodala je.<\/p>\n<p>Navedeno dr\u017eavno preduze\u0107e stalno skuplja otpad s ve\u0161ta\u010dkog jezera pored brane iako mu to nije obaveza, ali ono mora da \u0161titi turbine, objasnila je \u0160ijakovi\u0107.<\/p>\n<h3>\u017dene na visokim pozicijama imaju odgovornost da osna\u017euju druge \u017eene<\/h3>\n<p>U panel diskusiji koju je moderirala Olivera Zurovac-Kuzman, savetnica za \u017eivotnu sredinu u Misiji Organizacije za evropsku bezbednost i saradnju (OEBS) u Srbiji, koja se bavila ulogom \u017eena u promovisanju neksus pristupa u slivu Drine, Mervana Hadrovi\u0107 iz Arhus centra Berane u Crnoj Gori izjavila je da je \u017eenama potrebna podr\u0161ka za ja\u010danje kapaciteta da bi vi\u0161e njih moglo da se pridru\u017ei borbi za \u017eivotnu sredinu. S druge strane, na \u010delu nevladinih organizacija u zemlji su jake \u017eene i njihov glas se daleko \u010duje, naglasila je i navela primer organizacije Green Home.<\/p>\n<p>&#8222;\u017dene moraju biti na klju\u010dnim pozicijama, tamo gdje se donose odluke&#8220;, poru\u010dila je Aida Sirbubalo, predsjedavaju\u0107a Skup\u0161tine Bosanskopodrinjskog kantona Gora\u017ede u BiH. Dodala je da \u017eene koje dr\u017ee visoke pozicije treba da pru\u017ee podr\u0161ku \u017eenama \u0161to se bore za svoja prava, kao \u0161to su one u Kru\u0161\u010dici.<\/p>\n<p>Aleksandra Bujaroska, ekspert za \u017eivotnu sredinu iz Sekretarijata Energetske zajednice, pohvalila je NEXUS pristup kompleksnim pitanjima poput upravljanja re\u010dnim slivovima i snabdevanjem energijom. Tako\u0111e je navela da je postignut rodni balans u dvema grupama za \u017eivotnu sredinu pod upravom Sekretarijata Energetske zajednice \u2013 Radnoj grupi za \u017eivotnu sredinu i Radnoj grupi za procenu uticaja na \u017eivotnu sredinu.<\/p>\n<p>Jelena Prodanovi\u0107, koordinatorka projekta <a href=\"https:\/\/www.facebook.com\/sheleadserasmus\/\">She Leads<\/a> u kojem \u017eene podr\u017eavaju druge \u017eene, opisala je napore da se pove\u0107a udeo \u017eena planinskih vodi\u010da na planini Tari i uop\u0161te u sportovima na otvorenom jer je, na primer, u\u010de\u0161\u0107e \u017eena prema poslednjim podacima iznosilo svega 16 odsto. To je, kako je objasnila Prodanovi\u0107, upola manje nego u Sloveniji.<\/p>\n<p>Direktorka organizacije Gender Knowledge Hub Vi\u0161nja Ba\u0107anovi\u0107 izjavila je da pitanja vezana za \u017eivotnu sredinu ne mogu da se odvoje od dru\u0161tvenih pitanja. Po njenom mi\u0161ljenju, privatni sektor ubira sve koristi od kori\u0161\u0107enja prirodnih resursa, dok dru\u0161tvo treba da se nosi sa \u0161tetom i suo\u010di s rizicima od takvih aktivnosti.<\/p>\n<p>Olivera Zurovac i Branislava Jovi\u010di\u0107 su na zatvaranju doga\u0111aja pozvale \u017eene iz regiona da se umre\u017eavaju i zajedno bore za \u017eivotnu sredinu.<\/p>\n","protected":false},"excerpt":{"rendered":"<p>U\u010desnice radionice su rekle da se sve vi\u0161e \u017eena iz raznih sfera uklju\u010duje u napore za za\u0161titu okoline i da imaju energije za kreiranje modela odr\u017eivog razvoja s posebnim naglaskom na rodna pitanja<\/p>\n","protected":false},"author":25,"featured_media":40113,"comment_status":"open","ping_status":"open","sticky":false,"template":"","format":"standard","meta":{"_acf_changed":false,"_monsterinsights_skip_tracking":false,"_monsterinsights_sitenote_active":false,"_monsterinsights_sitenote_note":"","_monsterinsights_sitenote_category":0,"footnotes":""},"categories":[5,6,4],"tags":[105,5943,1039,6098,6097,2288,4525,3584,7071,5161,435,1036],"class_list":["post-40093","post","type-post","status-publish","format-standard","has-post-thumbnail","hentry","category-otpad","category-voda","category-zivotna-sredina","tag-buk-bijela","tag-dragana-dordevic","tag-drina","tag-edita-dapo","tag-he-banja","tag-he-buk-bijela","tag-hidroelektrana-buk-bijela","tag-olivera-zurovac-kuzman","tag-projekat-jadar","tag-rio-tinto","tag-undp","tag-unece","country-regioneu"],"acf":[],"yoast_head":"<!-- This site is optimized with the Yoast SEO plugin v27.4 - https:\/\/yoast.com\/product\/yoast-seo-wordpress\/ -->\n<title>\u017dene u slivu Drine imaju mo\u0107 da otklone pretnje po \u017eivotnu sredinu<\/title>\n<meta name=\"description\" content=\"U\u010desnice radionice su rekle da se sve vi\u0161e \u017eena iz raznih sfera uklju\u010duje u napore za za\u0161titu okoline i da imaju energije za kreiranje modela odr\u017eivog razvoja s posebnim naglaskom na rodna pitanja.\" \/>\n<meta name=\"robots\" content=\"index, follow, max-snippet:-1, max-image-preview:large, max-video-preview:-1\" \/>\n<link rel=\"canonical\" href=\"https:\/\/balkangreenenergynews.com\/rs\/zene-u-slivu-drine-imaju-moc-da-otklone-pretnje-po-zivotnu-sredinu\/\" \/>\n<meta property=\"og:locale\" content=\"sr_RS\" \/>\n<meta property=\"og:type\" content=\"article\" \/>\n<meta property=\"og:title\" content=\"\u017dene u slivu Drine imaju mo\u0107 da otklone pretnje po \u017eivotnu sredinu\" \/>\n<meta property=\"og:description\" content=\"U\u010desnice radionice su rekle da se sve vi\u0161e \u017eena iz raznih sfera uklju\u010duje u napore za za\u0161titu okoline i da imaju energije za kreiranje modela odr\u017eivog razvoja s posebnim naglaskom na rodna pitanja.\" \/>\n<meta property=\"og:url\" content=\"https:\/\/balkangreenenergynews.com\/rs\/zene-u-slivu-drine-imaju-moc-da-otklone-pretnje-po-zivotnu-sredinu\/\" \/>\n<meta property=\"og:site_name\" content=\"Balkan Green Energy News\" \/>\n<meta property=\"article:published_time\" content=\"2021-07-05T17:13:00+00:00\" \/>\n<meta property=\"article:modified_time\" content=\"2024-06-17T11:54:12+00:00\" \/>\n<meta property=\"og:image\" content=\"https:\/\/balkangreenenergynews.com\/rs\/wp-content\/uploads\/2021\/07\/Zene-slivu-Drine-moc-pretnje-zivotnu-sredinu.jpg\" \/>\n\t<meta property=\"og:image:width\" content=\"840\" \/>\n\t<meta property=\"og:image:height\" content=\"430\" \/>\n\t<meta property=\"og:image:type\" content=\"image\/jpeg\" \/>\n<meta name=\"author\" content=\"Balkan Green Energy News\" \/>\n<meta name=\"twitter:card\" content=\"summary_large_image\" \/>\n<meta name=\"twitter:label1\" content=\"\u041d\u0430\u043f\u0438\u0441\u0430\u043d\u043e \u043e\u0434\" \/>\n\t<meta name=\"twitter:data1\" content=\"Balkan Green Energy News\" \/>\n\t<meta name=\"twitter:label2\" content=\"\u041f\u0440\u043e\u0446\u0435\u045a\u0435\u043d\u043e \u0432\u0440\u0435\u043c\u0435 \u0447\u0438\u0442\u0430\u045a\u0430\" \/>\n\t<meta name=\"twitter:data2\" content=\"11 \u043c\u0438\u043d\u0443\u0442\u0430\" \/>\n<script type=\"application\/ld+json\" class=\"yoast-schema-graph\">{\"@context\":\"https:\\\/\\\/schema.org\",\"@graph\":[{\"@type\":\"Article\",\"@id\":\"https:\\\/\\\/balkangreenenergynews.com\\\/rs\\\/zene-u-slivu-drine-imaju-moc-da-otklone-pretnje-po-zivotnu-sredinu\\\/#article\",\"isPartOf\":{\"@id\":\"https:\\\/\\\/balkangreenenergynews.com\\\/rs\\\/zene-u-slivu-drine-imaju-moc-da-otklone-pretnje-po-zivotnu-sredinu\\\/\"},\"author\":{\"name\":\"Balkan Green Energy News\",\"@id\":\"https:\\\/\\\/balkangreenenergynews.com\\\/rs\\\/#\\\/schema\\\/person\\\/dee275e6036b1a0f7ceaf956d79d4eff\"},\"headline\":\"\u017dene u slivu Drine imaju mo\u0107 da otklone pretnje po \u017eivotnu sredinu\",\"datePublished\":\"2021-07-05T17:13:00+00:00\",\"dateModified\":\"2024-06-17T11:54:12+00:00\",\"mainEntityOfPage\":{\"@id\":\"https:\\\/\\\/balkangreenenergynews.com\\\/rs\\\/zene-u-slivu-drine-imaju-moc-da-otklone-pretnje-po-zivotnu-sredinu\\\/\"},\"wordCount\":2071,\"commentCount\":0,\"image\":{\"@id\":\"https:\\\/\\\/balkangreenenergynews.com\\\/rs\\\/zene-u-slivu-drine-imaju-moc-da-otklone-pretnje-po-zivotnu-sredinu\\\/#primaryimage\"},\"thumbnailUrl\":\"https:\\\/\\\/balkangreenenergynews.com\\\/rs\\\/wp-content\\\/uploads\\\/2021\\\/07\\\/Zene-slivu-Drine-moc-pretnje-zivotnu-sredinu.jpg?wsr\",\"keywords\":[\"Buk Bijela\",\"Dragana \u0110or\u0111evi\u0107\",\"Drina\",\"Edita \u0110apo\",\"HE Banja\",\"HE Buk Bijela\",\"Hidroelektrana Buk Bijela\",\"Olivera Zurovac-Kuzman\",\"Projekat Jadar\",\"Rio Tinto\",\"UNDP\",\"UNECE\"],\"articleSection\":[\"Otpad\",\"Voda\",\"\u017divotna sredina\"],\"inLanguage\":\"sr-RS\",\"potentialAction\":[{\"@type\":\"CommentAction\",\"name\":\"Comment\",\"target\":[\"https:\\\/\\\/balkangreenenergynews.com\\\/rs\\\/zene-u-slivu-drine-imaju-moc-da-otklone-pretnje-po-zivotnu-sredinu\\\/#respond\"]}]},{\"@type\":\"WebPage\",\"@id\":\"https:\\\/\\\/balkangreenenergynews.com\\\/rs\\\/zene-u-slivu-drine-imaju-moc-da-otklone-pretnje-po-zivotnu-sredinu\\\/\",\"url\":\"https:\\\/\\\/balkangreenenergynews.com\\\/rs\\\/zene-u-slivu-drine-imaju-moc-da-otklone-pretnje-po-zivotnu-sredinu\\\/\",\"name\":\"\u017dene u slivu Drine imaju mo\u0107 da otklone pretnje po \u017eivotnu sredinu\",\"isPartOf\":{\"@id\":\"https:\\\/\\\/balkangreenenergynews.com\\\/rs\\\/#website\"},\"primaryImageOfPage\":{\"@id\":\"https:\\\/\\\/balkangreenenergynews.com\\\/rs\\\/zene-u-slivu-drine-imaju-moc-da-otklone-pretnje-po-zivotnu-sredinu\\\/#primaryimage\"},\"image\":{\"@id\":\"https:\\\/\\\/balkangreenenergynews.com\\\/rs\\\/zene-u-slivu-drine-imaju-moc-da-otklone-pretnje-po-zivotnu-sredinu\\\/#primaryimage\"},\"thumbnailUrl\":\"https:\\\/\\\/balkangreenenergynews.com\\\/rs\\\/wp-content\\\/uploads\\\/2021\\\/07\\\/Zene-slivu-Drine-moc-pretnje-zivotnu-sredinu.jpg?wsr\",\"datePublished\":\"2021-07-05T17:13:00+00:00\",\"dateModified\":\"2024-06-17T11:54:12+00:00\",\"author\":{\"@id\":\"https:\\\/\\\/balkangreenenergynews.com\\\/rs\\\/#\\\/schema\\\/person\\\/dee275e6036b1a0f7ceaf956d79d4eff\"},\"description\":\"U\u010desnice radionice su rekle da se sve vi\u0161e \u017eena iz raznih sfera uklju\u010duje u napore za za\u0161titu okoline i da imaju energije za kreiranje modela odr\u017eivog razvoja s posebnim naglaskom na rodna pitanja.\",\"breadcrumb\":{\"@id\":\"https:\\\/\\\/balkangreenenergynews.com\\\/rs\\\/zene-u-slivu-drine-imaju-moc-da-otklone-pretnje-po-zivotnu-sredinu\\\/#breadcrumb\"},\"inLanguage\":\"sr-RS\",\"potentialAction\":[{\"@type\":\"ReadAction\",\"target\":[\"https:\\\/\\\/balkangreenenergynews.com\\\/rs\\\/zene-u-slivu-drine-imaju-moc-da-otklone-pretnje-po-zivotnu-sredinu\\\/\"]}]},{\"@type\":\"ImageObject\",\"inLanguage\":\"sr-RS\",\"@id\":\"https:\\\/\\\/balkangreenenergynews.com\\\/rs\\\/zene-u-slivu-drine-imaju-moc-da-otklone-pretnje-po-zivotnu-sredinu\\\/#primaryimage\",\"url\":\"https:\\\/\\\/balkangreenenergynews.com\\\/rs\\\/wp-content\\\/uploads\\\/2021\\\/07\\\/Zene-slivu-Drine-moc-pretnje-zivotnu-sredinu.jpg?wsr\",\"contentUrl\":\"https:\\\/\\\/balkangreenenergynews.com\\\/rs\\\/wp-content\\\/uploads\\\/2021\\\/07\\\/Zene-slivu-Drine-moc-pretnje-zivotnu-sredinu.jpg?wsr\",\"width\":840,\"height\":430,\"caption\":\"Zene slivu Drine moc pretnje zivotnu sredinu\"},{\"@type\":\"BreadcrumbList\",\"@id\":\"https:\\\/\\\/balkangreenenergynews.com\\\/rs\\\/zene-u-slivu-drine-imaju-moc-da-otklone-pretnje-po-zivotnu-sredinu\\\/#breadcrumb\",\"itemListElement\":[{\"@type\":\"ListItem\",\"position\":1,\"name\":\"Po\u010detna\",\"item\":\"https:\\\/\\\/balkangreenenergynews.com\\\/rs\\\/\"},{\"@type\":\"ListItem\",\"position\":2,\"name\":\"Vesti\",\"item\":\"https:\\\/\\\/balkangreenenergynews.com\\\/rs\\\/kategorija\\\/vesti\\\/\"},{\"@type\":\"ListItem\",\"position\":3,\"name\":\"\u017divotna sredina\",\"item\":\"https:\\\/\\\/balkangreenenergynews.com\\\/rs\\\/kategorija\\\/vesti\\\/zivotna-sredina\\\/\"},{\"@type\":\"ListItem\",\"position\":4,\"name\":\"\u017dene u slivu Drine imaju mo\u0107 da otklone pretnje po \u017eivotnu sredinu\"}]},{\"@type\":\"WebSite\",\"@id\":\"https:\\\/\\\/balkangreenenergynews.com\\\/rs\\\/#website\",\"url\":\"https:\\\/\\\/balkangreenenergynews.com\\\/rs\\\/\",\"name\":\"Balkan Green Energy News\",\"description\":\"Naj\u0161iri izbor vesti sa Balkana o zelenoj energiji\",\"potentialAction\":[{\"@type\":\"SearchAction\",\"target\":{\"@type\":\"EntryPoint\",\"urlTemplate\":\"https:\\\/\\\/balkangreenenergynews.com\\\/rs\\\/?s={search_term_string}\"},\"query-input\":{\"@type\":\"PropertyValueSpecification\",\"valueRequired\":true,\"valueName\":\"search_term_string\"}}],\"inLanguage\":\"sr-RS\"},{\"@type\":\"Person\",\"@id\":\"https:\\\/\\\/balkangreenenergynews.com\\\/rs\\\/#\\\/schema\\\/person\\\/dee275e6036b1a0f7ceaf956d79d4eff\",\"name\":\"Balkan Green Energy News\",\"url\":\"https:\\\/\\\/balkangreenenergynews.com\\\/rs\\\/author\\\/balkangreenenergynews\\\/\"}]}<\/script>\n<!-- \/ Yoast SEO plugin. -->","yoast_head_json":{"title":"\u017dene u slivu Drine imaju mo\u0107 da otklone pretnje po \u017eivotnu sredinu","description":"U\u010desnice radionice su rekle da se sve vi\u0161e \u017eena iz raznih sfera uklju\u010duje u napore za za\u0161titu okoline i da imaju energije za kreiranje modela odr\u017eivog razvoja s posebnim naglaskom na rodna pitanja.","robots":{"index":"index","follow":"follow","max-snippet":"max-snippet:-1","max-image-preview":"max-image-preview:large","max-video-preview":"max-video-preview:-1"},"canonical":"https:\/\/balkangreenenergynews.com\/rs\/zene-u-slivu-drine-imaju-moc-da-otklone-pretnje-po-zivotnu-sredinu\/","og_locale":"sr_RS","og_type":"article","og_title":"\u017dene u slivu Drine imaju mo\u0107 da otklone pretnje po \u017eivotnu sredinu","og_description":"U\u010desnice radionice su rekle da se sve vi\u0161e \u017eena iz raznih sfera uklju\u010duje u napore za za\u0161titu okoline i da imaju energije za kreiranje modela odr\u017eivog razvoja s posebnim naglaskom na rodna pitanja.","og_url":"https:\/\/balkangreenenergynews.com\/rs\/zene-u-slivu-drine-imaju-moc-da-otklone-pretnje-po-zivotnu-sredinu\/","og_site_name":"Balkan Green Energy News","article_published_time":"2021-07-05T17:13:00+00:00","article_modified_time":"2024-06-17T11:54:12+00:00","og_image":[{"width":840,"height":430,"url":"https:\/\/balkangreenenergynews.com\/rs\/wp-content\/uploads\/2021\/07\/Zene-slivu-Drine-moc-pretnje-zivotnu-sredinu.jpg","type":"image\/jpeg"}],"author":"Balkan Green Energy News","twitter_card":"summary_large_image","twitter_misc":{"\u041d\u0430\u043f\u0438\u0441\u0430\u043d\u043e \u043e\u0434":"Balkan Green Energy News","\u041f\u0440\u043e\u0446\u0435\u045a\u0435\u043d\u043e \u0432\u0440\u0435\u043c\u0435 \u0447\u0438\u0442\u0430\u045a\u0430":"11 \u043c\u0438\u043d\u0443\u0442\u0430"},"schema":{"@context":"https:\/\/schema.org","@graph":[{"@type":"Article","@id":"https:\/\/balkangreenenergynews.com\/rs\/zene-u-slivu-drine-imaju-moc-da-otklone-pretnje-po-zivotnu-sredinu\/#article","isPartOf":{"@id":"https:\/\/balkangreenenergynews.com\/rs\/zene-u-slivu-drine-imaju-moc-da-otklone-pretnje-po-zivotnu-sredinu\/"},"author":{"name":"Balkan Green Energy News","@id":"https:\/\/balkangreenenergynews.com\/rs\/#\/schema\/person\/dee275e6036b1a0f7ceaf956d79d4eff"},"headline":"\u017dene u slivu Drine imaju mo\u0107 da otklone pretnje po \u017eivotnu sredinu","datePublished":"2021-07-05T17:13:00+00:00","dateModified":"2024-06-17T11:54:12+00:00","mainEntityOfPage":{"@id":"https:\/\/balkangreenenergynews.com\/rs\/zene-u-slivu-drine-imaju-moc-da-otklone-pretnje-po-zivotnu-sredinu\/"},"wordCount":2071,"commentCount":0,"image":{"@id":"https:\/\/balkangreenenergynews.com\/rs\/zene-u-slivu-drine-imaju-moc-da-otklone-pretnje-po-zivotnu-sredinu\/#primaryimage"},"thumbnailUrl":"https:\/\/balkangreenenergynews.com\/rs\/wp-content\/uploads\/2021\/07\/Zene-slivu-Drine-moc-pretnje-zivotnu-sredinu.jpg?wsr","keywords":["Buk Bijela","Dragana \u0110or\u0111evi\u0107","Drina","Edita \u0110apo","HE Banja","HE Buk Bijela","Hidroelektrana Buk Bijela","Olivera Zurovac-Kuzman","Projekat Jadar","Rio Tinto","UNDP","UNECE"],"articleSection":["Otpad","Voda","\u017divotna sredina"],"inLanguage":"sr-RS","potentialAction":[{"@type":"CommentAction","name":"Comment","target":["https:\/\/balkangreenenergynews.com\/rs\/zene-u-slivu-drine-imaju-moc-da-otklone-pretnje-po-zivotnu-sredinu\/#respond"]}]},{"@type":"WebPage","@id":"https:\/\/balkangreenenergynews.com\/rs\/zene-u-slivu-drine-imaju-moc-da-otklone-pretnje-po-zivotnu-sredinu\/","url":"https:\/\/balkangreenenergynews.com\/rs\/zene-u-slivu-drine-imaju-moc-da-otklone-pretnje-po-zivotnu-sredinu\/","name":"\u017dene u slivu Drine imaju mo\u0107 da otklone pretnje po \u017eivotnu sredinu","isPartOf":{"@id":"https:\/\/balkangreenenergynews.com\/rs\/#website"},"primaryImageOfPage":{"@id":"https:\/\/balkangreenenergynews.com\/rs\/zene-u-slivu-drine-imaju-moc-da-otklone-pretnje-po-zivotnu-sredinu\/#primaryimage"},"image":{"@id":"https:\/\/balkangreenenergynews.com\/rs\/zene-u-slivu-drine-imaju-moc-da-otklone-pretnje-po-zivotnu-sredinu\/#primaryimage"},"thumbnailUrl":"https:\/\/balkangreenenergynews.com\/rs\/wp-content\/uploads\/2021\/07\/Zene-slivu-Drine-moc-pretnje-zivotnu-sredinu.jpg?wsr","datePublished":"2021-07-05T17:13:00+00:00","dateModified":"2024-06-17T11:54:12+00:00","author":{"@id":"https:\/\/balkangreenenergynews.com\/rs\/#\/schema\/person\/dee275e6036b1a0f7ceaf956d79d4eff"},"description":"U\u010desnice radionice su rekle da se sve vi\u0161e \u017eena iz raznih sfera uklju\u010duje u napore za za\u0161titu okoline i da imaju energije za kreiranje modela odr\u017eivog razvoja s posebnim naglaskom na rodna pitanja.","breadcrumb":{"@id":"https:\/\/balkangreenenergynews.com\/rs\/zene-u-slivu-drine-imaju-moc-da-otklone-pretnje-po-zivotnu-sredinu\/#breadcrumb"},"inLanguage":"sr-RS","potentialAction":[{"@type":"ReadAction","target":["https:\/\/balkangreenenergynews.com\/rs\/zene-u-slivu-drine-imaju-moc-da-otklone-pretnje-po-zivotnu-sredinu\/"]}]},{"@type":"ImageObject","inLanguage":"sr-RS","@id":"https:\/\/balkangreenenergynews.com\/rs\/zene-u-slivu-drine-imaju-moc-da-otklone-pretnje-po-zivotnu-sredinu\/#primaryimage","url":"https:\/\/balkangreenenergynews.com\/rs\/wp-content\/uploads\/2021\/07\/Zene-slivu-Drine-moc-pretnje-zivotnu-sredinu.jpg?wsr","contentUrl":"https:\/\/balkangreenenergynews.com\/rs\/wp-content\/uploads\/2021\/07\/Zene-slivu-Drine-moc-pretnje-zivotnu-sredinu.jpg?wsr","width":840,"height":430,"caption":"Zene slivu Drine moc pretnje zivotnu sredinu"},{"@type":"BreadcrumbList","@id":"https:\/\/balkangreenenergynews.com\/rs\/zene-u-slivu-drine-imaju-moc-da-otklone-pretnje-po-zivotnu-sredinu\/#breadcrumb","itemListElement":[{"@type":"ListItem","position":1,"name":"Po\u010detna","item":"https:\/\/balkangreenenergynews.com\/rs\/"},{"@type":"ListItem","position":2,"name":"Vesti","item":"https:\/\/balkangreenenergynews.com\/rs\/kategorija\/vesti\/"},{"@type":"ListItem","position":3,"name":"\u017divotna sredina","item":"https:\/\/balkangreenenergynews.com\/rs\/kategorija\/vesti\/zivotna-sredina\/"},{"@type":"ListItem","position":4,"name":"\u017dene u slivu Drine imaju mo\u0107 da otklone pretnje po \u017eivotnu sredinu"}]},{"@type":"WebSite","@id":"https:\/\/balkangreenenergynews.com\/rs\/#website","url":"https:\/\/balkangreenenergynews.com\/rs\/","name":"Balkan Green Energy News","description":"Naj\u0161iri izbor vesti sa Balkana o zelenoj energiji","potentialAction":[{"@type":"SearchAction","target":{"@type":"EntryPoint","urlTemplate":"https:\/\/balkangreenenergynews.com\/rs\/?s={search_term_string}"},"query-input":{"@type":"PropertyValueSpecification","valueRequired":true,"valueName":"search_term_string"}}],"inLanguage":"sr-RS"},{"@type":"Person","@id":"https:\/\/balkangreenenergynews.com\/rs\/#\/schema\/person\/dee275e6036b1a0f7ceaf956d79d4eff","name":"Balkan Green Energy News","url":"https:\/\/balkangreenenergynews.com\/rs\/author\/balkangreenenergynews\/"}]}},"_links":{"self":[{"href":"https:\/\/balkangreenenergynews.com\/rs\/wp-json\/wp\/v2\/posts\/40093","targetHints":{"allow":["GET"]}}],"collection":[{"href":"https:\/\/balkangreenenergynews.com\/rs\/wp-json\/wp\/v2\/posts"}],"about":[{"href":"https:\/\/balkangreenenergynews.com\/rs\/wp-json\/wp\/v2\/types\/post"}],"author":[{"embeddable":true,"href":"https:\/\/balkangreenenergynews.com\/rs\/wp-json\/wp\/v2\/users\/25"}],"replies":[{"embeddable":true,"href":"https:\/\/balkangreenenergynews.com\/rs\/wp-json\/wp\/v2\/comments?post=40093"}],"version-history":[{"count":0,"href":"https:\/\/balkangreenenergynews.com\/rs\/wp-json\/wp\/v2\/posts\/40093\/revisions"}],"wp:featuredmedia":[{"embeddable":true,"href":"https:\/\/balkangreenenergynews.com\/rs\/wp-json\/wp\/v2\/media\/40113"}],"wp:attachment":[{"href":"https:\/\/balkangreenenergynews.com\/rs\/wp-json\/wp\/v2\/media?parent=40093"}],"wp:term":[{"taxonomy":"category","embeddable":true,"href":"https:\/\/balkangreenenergynews.com\/rs\/wp-json\/wp\/v2\/categories?post=40093"},{"taxonomy":"post_tag","embeddable":true,"href":"https:\/\/balkangreenenergynews.com\/rs\/wp-json\/wp\/v2\/tags?post=40093"}],"curies":[{"name":"wp","href":"https:\/\/api.w.org\/{rel}","templated":true}]}}