{"id":39376,"date":"2021-06-02T13:58:15","date_gmt":"2021-06-02T11:58:15","guid":{"rendered":"https:\/\/balkangreenenergynews.com\/rs\/?p=39376"},"modified":"2021-06-02T14:01:23","modified_gmt":"2021-06-02T12:01:23","slug":"podravka-gradi-solarnu-elektranu-snage-24-mw-na-krovovima-svojih-pogona","status":"publish","type":"post","link":"https:\/\/balkangreenenergynews.com\/rs\/podravka-gradi-solarnu-elektranu-snage-24-mw-na-krovovima-svojih-pogona\/","title":{"rendered":"Podravka gradi solarnu elektranu snage 2,4 MW na krovovima svojih pogona"},"content":{"rendered":"<h2>Hrvatska prehrambena kompanija Podravka instalira\u0107e na krovovima svojih pogona u Koprivnici solarnu elektranu Podravka &#8211; Danica snage 2,4 megavata (MW) kako bi proizvodila elektri\u010dnu energiju za sopstvenu potro\u0161nju. Re\u010d je o prvoj fazi ulaganja u solarnu energiju jer firma priprema instaliranje novih fotonaponskih sistema kako bi dostigla snagu od 9,9 MW.<\/h2>\n<p>Podravka je o\u010digledno bila zadovoljnja rezultatima svoje prve solarne elektrane Kalnik, snage 350 kW, koju je instalirala po\u010detkom 2020. godine na pogonu Kalnik u Vara\u017edinu. Istina treba re\u0107i da je za obe investicije dobila bespovratna sredstva u iznosu od 50 odsto.<\/p>\n<blockquote><p>Podravka \u0107e instaliranjem elektrane pove\u0107ati udeo zelene energije u ukupnoj potro\u0161nji energije na 5 odsto<\/p><\/blockquote>\n<p>Solarna elektrana Kalnik snage 350 kW proizvela je 2020, prema podacima iz finansijskog izve\u0161taja, oko 730.000 kWh. Kako je ranije ova kompanija saop\u0161tila, investicija \u0107e se otplatiti za \u010detiri godine, a proizvodnja je dovoljna da pokrije tre\u0107inu potreba za elektri\u010dnom energijom pogona na kojem se nalazi.<\/p>\n<p>Nova solarna elektrana Podravka &#8211; Danica ima\u0107e snagu od 2,4 MW, a o\u010dekivana proizvodnja je 3,2 GWh. Ako se sabere proizvodnja dve solarne elektrane i uporedi sa ukupnom godi\u0161njom potro\u0161njom elektri\u010dne energije Podravke, koja je 77 GWh, solarna energija \u0107e uskoro obezbe\u0111ivati oko 4 GWh ili oko 5 odsto potreba. Podravka \u0107e tako biti prozjumer &#8211; proizvo\u0111a\u010d energije za sopstvenu potro\u0161nju.<\/p>\n<p>U zavisnosti od budu\u0107ih postrojenja, koja \u0107e obezbediti dodatnu snagu do ukupno 9,9 MW proizvodnja bi mogla da dostigne najmanje 10 GWh \u0161to bi bilo oko 14 odsto potreba Podravke. Na ovaj na\u010din kompanija \u0107e smanjiti tro\u0161kove, ali i doprineti smanjenju emisija CO2.<\/p>\n<blockquote><p>Polovina sredstava za investiciju obezbe\u0111eno je iz pomo\u0107i EU i hrvatske vlade<\/p><\/blockquote>\n<p>Vrednost projekta solarne elektrane Danica je 10,3 miliona kuna (1,37 miliona evra), od \u010dega je su bespovratna sredstva 5,1 milion (680.000 evra), a obezbe\u0111uju ih EU i hrvatska vlada iz Programa ruralnog razvoja. O\u010dekivano vreme povra\u0107aja investicije uz ovih 50 odsto bespovratne pomo\u0107i je 3,5 godina, saop\u0161tila je Podravka.<\/p>\n<p>Ukupna vrednost investicije je 11,7 miliona kuna (1,56 miliona evra) jer \u0107e kompanija morati i da izgradi trafostanicu u vrednosti od 1,4 miliona kuna (186.560 evra).<\/p>\n<blockquote><p>Kompanija razmatra pove\u0107anje ukupne snage solarnih elektrana na 9,9 MW<\/p><\/blockquote>\n<p>Elektrana Podravka &#8211; Danica je prva faza izgradnje integrisanih solarnih elektrana na krovovima Podravkinih pogona u industrijskoj zoni Danica, navela je kompanija.<\/p>\n<p>Trenutno se razmatra mogu\u0107nost da se kroz potencijalno tri faze izgradnje integrisanih elektrana na fabrikama i skladi\u0161tima Podravke i Belupa do\u0111e do 9,9 MW snage iz obnovljivih izvora energije.<\/p>\n","protected":false},"excerpt":{"rendered":"<p>Prehrambena kompanija planira da u tri faze instalira fotonaponske sisteme \u010dija \u0107e ukupna snaga biti 9,9 MW.<\/p>\n","protected":false},"author":23,"featured_media":39380,"comment_status":"open","ping_status":"open","sticky":false,"template":"","format":"standard","meta":{"_acf_changed":false,"_monsterinsights_skip_tracking":false,"_monsterinsights_sitenote_active":false,"_monsterinsights_sitenote_note":"","_monsterinsights_sitenote_category":0,"footnotes":""},"categories":[1],"tags":[734,5033,668,4265],"class_list":["post-39376","post","type-post","status-publish","format-standard","has-post-thumbnail","hentry","category-obnovljivi-izvori-energije","tag-investicija","tag-prozjumer","tag-solarna-elektrana","tag-sopstvena-potrosnja","country-hrvatska"],"acf":[],"yoast_head":"<!-- This site is optimized with the Yoast SEO plugin v27.4 - https:\/\/yoast.com\/product\/yoast-seo-wordpress\/ -->\n<title>Podravka gradi solarnu elektranu snage 2,4 MW na krovovima svojih pogona<\/title>\n<meta name=\"description\" content=\"Prehrambena kompanija planira da u tri faze instalira fotonaponske sisteme \u010dija \u0107e ukupna snaga biti 9,9 MW.\" \/>\n<meta name=\"robots\" content=\"index, follow, max-snippet:-1, max-image-preview:large, max-video-preview:-1\" \/>\n<link rel=\"canonical\" href=\"https:\/\/balkangreenenergynews.com\/rs\/podravka-gradi-solarnu-elektranu-snage-24-mw-na-krovovima-svojih-pogona\/\" \/>\n<meta property=\"og:locale\" content=\"sr_RS\" \/>\n<meta property=\"og:type\" content=\"article\" \/>\n<meta property=\"og:title\" content=\"Podravka gradi solarnu elektranu snage 2,4 MW na krovovima svojih pogona\" \/>\n<meta property=\"og:description\" content=\"Prehrambena kompanija planira da u tri faze instalira fotonaponske sisteme \u010dija \u0107e ukupna snaga biti 9,9 MW.\" \/>\n<meta property=\"og:url\" content=\"https:\/\/balkangreenenergynews.com\/rs\/podravka-gradi-solarnu-elektranu-snage-24-mw-na-krovovima-svojih-pogona\/\" \/>\n<meta property=\"og:site_name\" content=\"Balkan Green Energy News\" \/>\n<meta property=\"article:published_time\" content=\"2021-06-02T11:58:15+00:00\" \/>\n<meta property=\"article:modified_time\" content=\"2021-06-02T12:01:23+00:00\" \/>\n<meta property=\"og:image\" content=\"https:\/\/balkangreenenergynews.com\/rs\/wp-content\/uploads\/2021\/06\/Podravka-gradi-solarnu-elektranu-snage-24-MW-na-krovovima-svojih-pogona.jpg\" \/>\n\t<meta property=\"og:image:width\" content=\"840\" \/>\n\t<meta property=\"og:image:height\" content=\"430\" \/>\n\t<meta property=\"og:image:type\" content=\"image\/jpeg\" \/>\n<meta name=\"author\" content=\"Vladimir Spasi\u0107\" \/>\n<meta name=\"twitter:card\" content=\"summary_large_image\" \/>\n<meta name=\"twitter:label1\" content=\"\u041d\u0430\u043f\u0438\u0441\u0430\u043d\u043e \u043e\u0434\" \/>\n\t<meta name=\"twitter:data1\" content=\"Vladimir Spasi\u0107\" \/>\n\t<meta name=\"twitter:label2\" content=\"\u041f\u0440\u043e\u0446\u0435\u045a\u0435\u043d\u043e \u0432\u0440\u0435\u043c\u0435 \u0447\u0438\u0442\u0430\u045a\u0430\" \/>\n\t<meta name=\"twitter:data2\" content=\"2 \u043c\u0438\u043d\u0443\u0442\u0430\" \/>\n<script type=\"application\/ld+json\" class=\"yoast-schema-graph\">{\"@context\":\"https:\\\/\\\/schema.org\",\"@graph\":[{\"@type\":\"Article\",\"@id\":\"https:\\\/\\\/balkangreenenergynews.com\\\/rs\\\/podravka-gradi-solarnu-elektranu-snage-24-mw-na-krovovima-svojih-pogona\\\/#article\",\"isPartOf\":{\"@id\":\"https:\\\/\\\/balkangreenenergynews.com\\\/rs\\\/podravka-gradi-solarnu-elektranu-snage-24-mw-na-krovovima-svojih-pogona\\\/\"},\"author\":{\"name\":\"Vladimir Spasi\u0107\",\"@id\":\"https:\\\/\\\/balkangreenenergynews.com\\\/rs\\\/#\\\/schema\\\/person\\\/99dc721c46113fea22caffad06ef7317\"},\"headline\":\"Podravka gradi solarnu elektranu snage 2,4 MW na krovovima svojih pogona\",\"datePublished\":\"2021-06-02T11:58:15+00:00\",\"dateModified\":\"2021-06-02T12:01:23+00:00\",\"mainEntityOfPage\":{\"@id\":\"https:\\\/\\\/balkangreenenergynews.com\\\/rs\\\/podravka-gradi-solarnu-elektranu-snage-24-mw-na-krovovima-svojih-pogona\\\/\"},\"wordCount\":421,\"commentCount\":0,\"image\":{\"@id\":\"https:\\\/\\\/balkangreenenergynews.com\\\/rs\\\/podravka-gradi-solarnu-elektranu-snage-24-mw-na-krovovima-svojih-pogona\\\/#primaryimage\"},\"thumbnailUrl\":\"https:\\\/\\\/balkangreenenergynews.com\\\/rs\\\/wp-content\\\/uploads\\\/2021\\\/06\\\/Podravka-gradi-solarnu-elektranu-snage-24-MW-na-krovovima-svojih-pogona.jpg?wsr\",\"keywords\":[\"investicija\",\"prozjumer\",\"solarna elektrana\",\"sopstvena potro\u0161nja\"],\"articleSection\":[\"OIE\"],\"inLanguage\":\"sr-RS\",\"potentialAction\":[{\"@type\":\"CommentAction\",\"name\":\"Comment\",\"target\":[\"https:\\\/\\\/balkangreenenergynews.com\\\/rs\\\/podravka-gradi-solarnu-elektranu-snage-24-mw-na-krovovima-svojih-pogona\\\/#respond\"]}]},{\"@type\":\"WebPage\",\"@id\":\"https:\\\/\\\/balkangreenenergynews.com\\\/rs\\\/podravka-gradi-solarnu-elektranu-snage-24-mw-na-krovovima-svojih-pogona\\\/\",\"url\":\"https:\\\/\\\/balkangreenenergynews.com\\\/rs\\\/podravka-gradi-solarnu-elektranu-snage-24-mw-na-krovovima-svojih-pogona\\\/\",\"name\":\"Podravka gradi solarnu elektranu snage 2,4 MW na krovovima svojih pogona\",\"isPartOf\":{\"@id\":\"https:\\\/\\\/balkangreenenergynews.com\\\/rs\\\/#website\"},\"primaryImageOfPage\":{\"@id\":\"https:\\\/\\\/balkangreenenergynews.com\\\/rs\\\/podravka-gradi-solarnu-elektranu-snage-24-mw-na-krovovima-svojih-pogona\\\/#primaryimage\"},\"image\":{\"@id\":\"https:\\\/\\\/balkangreenenergynews.com\\\/rs\\\/podravka-gradi-solarnu-elektranu-snage-24-mw-na-krovovima-svojih-pogona\\\/#primaryimage\"},\"thumbnailUrl\":\"https:\\\/\\\/balkangreenenergynews.com\\\/rs\\\/wp-content\\\/uploads\\\/2021\\\/06\\\/Podravka-gradi-solarnu-elektranu-snage-24-MW-na-krovovima-svojih-pogona.jpg?wsr\",\"datePublished\":\"2021-06-02T11:58:15+00:00\",\"dateModified\":\"2021-06-02T12:01:23+00:00\",\"author\":{\"@id\":\"https:\\\/\\\/balkangreenenergynews.com\\\/rs\\\/#\\\/schema\\\/person\\\/99dc721c46113fea22caffad06ef7317\"},\"description\":\"Prehrambena kompanija planira da u tri faze instalira fotonaponske sisteme \u010dija \u0107e ukupna snaga biti 9,9 MW.\",\"breadcrumb\":{\"@id\":\"https:\\\/\\\/balkangreenenergynews.com\\\/rs\\\/podravka-gradi-solarnu-elektranu-snage-24-mw-na-krovovima-svojih-pogona\\\/#breadcrumb\"},\"inLanguage\":\"sr-RS\",\"potentialAction\":[{\"@type\":\"ReadAction\",\"target\":[\"https:\\\/\\\/balkangreenenergynews.com\\\/rs\\\/podravka-gradi-solarnu-elektranu-snage-24-mw-na-krovovima-svojih-pogona\\\/\"]}]},{\"@type\":\"ImageObject\",\"inLanguage\":\"sr-RS\",\"@id\":\"https:\\\/\\\/balkangreenenergynews.com\\\/rs\\\/podravka-gradi-solarnu-elektranu-snage-24-mw-na-krovovima-svojih-pogona\\\/#primaryimage\",\"url\":\"https:\\\/\\\/balkangreenenergynews.com\\\/rs\\\/wp-content\\\/uploads\\\/2021\\\/06\\\/Podravka-gradi-solarnu-elektranu-snage-24-MW-na-krovovima-svojih-pogona.jpg?wsr\",\"contentUrl\":\"https:\\\/\\\/balkangreenenergynews.com\\\/rs\\\/wp-content\\\/uploads\\\/2021\\\/06\\\/Podravka-gradi-solarnu-elektranu-snage-24-MW-na-krovovima-svojih-pogona.jpg?wsr\",\"width\":840,\"height\":430,\"caption\":\"Podravka gradi solarnu elektranu snage 2,4 MW na krovovima svojih pogona\"},{\"@type\":\"BreadcrumbList\",\"@id\":\"https:\\\/\\\/balkangreenenergynews.com\\\/rs\\\/podravka-gradi-solarnu-elektranu-snage-24-mw-na-krovovima-svojih-pogona\\\/#breadcrumb\",\"itemListElement\":[{\"@type\":\"ListItem\",\"position\":1,\"name\":\"Po\u010detna\",\"item\":\"https:\\\/\\\/balkangreenenergynews.com\\\/rs\\\/\"},{\"@type\":\"ListItem\",\"position\":2,\"name\":\"Vesti\",\"item\":\"https:\\\/\\\/balkangreenenergynews.com\\\/rs\\\/kategorija\\\/vesti\\\/\"},{\"@type\":\"ListItem\",\"position\":3,\"name\":\"OIE\",\"item\":\"https:\\\/\\\/balkangreenenergynews.com\\\/rs\\\/kategorija\\\/vesti\\\/obnovljivi-izvori-energije\\\/\"},{\"@type\":\"ListItem\",\"position\":4,\"name\":\"Podravka gradi solarnu elektranu snage 2,4 MW na krovovima svojih pogona\"}]},{\"@type\":\"WebSite\",\"@id\":\"https:\\\/\\\/balkangreenenergynews.com\\\/rs\\\/#website\",\"url\":\"https:\\\/\\\/balkangreenenergynews.com\\\/rs\\\/\",\"name\":\"Balkan Green Energy News\",\"description\":\"Naj\u0161iri izbor vesti sa Balkana o zelenoj energiji\",\"potentialAction\":[{\"@type\":\"SearchAction\",\"target\":{\"@type\":\"EntryPoint\",\"urlTemplate\":\"https:\\\/\\\/balkangreenenergynews.com\\\/rs\\\/?s={search_term_string}\"},\"query-input\":{\"@type\":\"PropertyValueSpecification\",\"valueRequired\":true,\"valueName\":\"search_term_string\"}}],\"inLanguage\":\"sr-RS\"},{\"@type\":\"Person\",\"@id\":\"https:\\\/\\\/balkangreenenergynews.com\\\/rs\\\/#\\\/schema\\\/person\\\/99dc721c46113fea22caffad06ef7317\",\"name\":\"Vladimir Spasi\u0107\",\"url\":\"https:\\\/\\\/balkangreenenergynews.com\\\/rs\\\/author\\\/vladimir-spasic\\\/\"}]}<\/script>\n<!-- \/ Yoast SEO plugin. -->","yoast_head_json":{"title":"Podravka gradi solarnu elektranu snage 2,4 MW na krovovima svojih pogona","description":"Prehrambena kompanija planira da u tri faze instalira fotonaponske sisteme \u010dija \u0107e ukupna snaga biti 9,9 MW.","robots":{"index":"index","follow":"follow","max-snippet":"max-snippet:-1","max-image-preview":"max-image-preview:large","max-video-preview":"max-video-preview:-1"},"canonical":"https:\/\/balkangreenenergynews.com\/rs\/podravka-gradi-solarnu-elektranu-snage-24-mw-na-krovovima-svojih-pogona\/","og_locale":"sr_RS","og_type":"article","og_title":"Podravka gradi solarnu elektranu snage 2,4 MW na krovovima svojih pogona","og_description":"Prehrambena kompanija planira da u tri faze instalira fotonaponske sisteme \u010dija \u0107e ukupna snaga biti 9,9 MW.","og_url":"https:\/\/balkangreenenergynews.com\/rs\/podravka-gradi-solarnu-elektranu-snage-24-mw-na-krovovima-svojih-pogona\/","og_site_name":"Balkan Green Energy News","article_published_time":"2021-06-02T11:58:15+00:00","article_modified_time":"2021-06-02T12:01:23+00:00","og_image":[{"width":840,"height":430,"url":"https:\/\/balkangreenenergynews.com\/rs\/wp-content\/uploads\/2021\/06\/Podravka-gradi-solarnu-elektranu-snage-24-MW-na-krovovima-svojih-pogona.jpg","type":"image\/jpeg"}],"author":"Vladimir Spasi\u0107","twitter_card":"summary_large_image","twitter_misc":{"\u041d\u0430\u043f\u0438\u0441\u0430\u043d\u043e \u043e\u0434":"Vladimir Spasi\u0107","\u041f\u0440\u043e\u0446\u0435\u045a\u0435\u043d\u043e \u0432\u0440\u0435\u043c\u0435 \u0447\u0438\u0442\u0430\u045a\u0430":"2 \u043c\u0438\u043d\u0443\u0442\u0430"},"schema":{"@context":"https:\/\/schema.org","@graph":[{"@type":"Article","@id":"https:\/\/balkangreenenergynews.com\/rs\/podravka-gradi-solarnu-elektranu-snage-24-mw-na-krovovima-svojih-pogona\/#article","isPartOf":{"@id":"https:\/\/balkangreenenergynews.com\/rs\/podravka-gradi-solarnu-elektranu-snage-24-mw-na-krovovima-svojih-pogona\/"},"author":{"name":"Vladimir Spasi\u0107","@id":"https:\/\/balkangreenenergynews.com\/rs\/#\/schema\/person\/99dc721c46113fea22caffad06ef7317"},"headline":"Podravka gradi solarnu elektranu snage 2,4 MW na krovovima svojih pogona","datePublished":"2021-06-02T11:58:15+00:00","dateModified":"2021-06-02T12:01:23+00:00","mainEntityOfPage":{"@id":"https:\/\/balkangreenenergynews.com\/rs\/podravka-gradi-solarnu-elektranu-snage-24-mw-na-krovovima-svojih-pogona\/"},"wordCount":421,"commentCount":0,"image":{"@id":"https:\/\/balkangreenenergynews.com\/rs\/podravka-gradi-solarnu-elektranu-snage-24-mw-na-krovovima-svojih-pogona\/#primaryimage"},"thumbnailUrl":"https:\/\/balkangreenenergynews.com\/rs\/wp-content\/uploads\/2021\/06\/Podravka-gradi-solarnu-elektranu-snage-24-MW-na-krovovima-svojih-pogona.jpg?wsr","keywords":["investicija","prozjumer","solarna elektrana","sopstvena potro\u0161nja"],"articleSection":["OIE"],"inLanguage":"sr-RS","potentialAction":[{"@type":"CommentAction","name":"Comment","target":["https:\/\/balkangreenenergynews.com\/rs\/podravka-gradi-solarnu-elektranu-snage-24-mw-na-krovovima-svojih-pogona\/#respond"]}]},{"@type":"WebPage","@id":"https:\/\/balkangreenenergynews.com\/rs\/podravka-gradi-solarnu-elektranu-snage-24-mw-na-krovovima-svojih-pogona\/","url":"https:\/\/balkangreenenergynews.com\/rs\/podravka-gradi-solarnu-elektranu-snage-24-mw-na-krovovima-svojih-pogona\/","name":"Podravka gradi solarnu elektranu snage 2,4 MW na krovovima svojih pogona","isPartOf":{"@id":"https:\/\/balkangreenenergynews.com\/rs\/#website"},"primaryImageOfPage":{"@id":"https:\/\/balkangreenenergynews.com\/rs\/podravka-gradi-solarnu-elektranu-snage-24-mw-na-krovovima-svojih-pogona\/#primaryimage"},"image":{"@id":"https:\/\/balkangreenenergynews.com\/rs\/podravka-gradi-solarnu-elektranu-snage-24-mw-na-krovovima-svojih-pogona\/#primaryimage"},"thumbnailUrl":"https:\/\/balkangreenenergynews.com\/rs\/wp-content\/uploads\/2021\/06\/Podravka-gradi-solarnu-elektranu-snage-24-MW-na-krovovima-svojih-pogona.jpg?wsr","datePublished":"2021-06-02T11:58:15+00:00","dateModified":"2021-06-02T12:01:23+00:00","author":{"@id":"https:\/\/balkangreenenergynews.com\/rs\/#\/schema\/person\/99dc721c46113fea22caffad06ef7317"},"description":"Prehrambena kompanija planira da u tri faze instalira fotonaponske sisteme \u010dija \u0107e ukupna snaga biti 9,9 MW.","breadcrumb":{"@id":"https:\/\/balkangreenenergynews.com\/rs\/podravka-gradi-solarnu-elektranu-snage-24-mw-na-krovovima-svojih-pogona\/#breadcrumb"},"inLanguage":"sr-RS","potentialAction":[{"@type":"ReadAction","target":["https:\/\/balkangreenenergynews.com\/rs\/podravka-gradi-solarnu-elektranu-snage-24-mw-na-krovovima-svojih-pogona\/"]}]},{"@type":"ImageObject","inLanguage":"sr-RS","@id":"https:\/\/balkangreenenergynews.com\/rs\/podravka-gradi-solarnu-elektranu-snage-24-mw-na-krovovima-svojih-pogona\/#primaryimage","url":"https:\/\/balkangreenenergynews.com\/rs\/wp-content\/uploads\/2021\/06\/Podravka-gradi-solarnu-elektranu-snage-24-MW-na-krovovima-svojih-pogona.jpg?wsr","contentUrl":"https:\/\/balkangreenenergynews.com\/rs\/wp-content\/uploads\/2021\/06\/Podravka-gradi-solarnu-elektranu-snage-24-MW-na-krovovima-svojih-pogona.jpg?wsr","width":840,"height":430,"caption":"Podravka gradi solarnu elektranu snage 2,4 MW na krovovima svojih pogona"},{"@type":"BreadcrumbList","@id":"https:\/\/balkangreenenergynews.com\/rs\/podravka-gradi-solarnu-elektranu-snage-24-mw-na-krovovima-svojih-pogona\/#breadcrumb","itemListElement":[{"@type":"ListItem","position":1,"name":"Po\u010detna","item":"https:\/\/balkangreenenergynews.com\/rs\/"},{"@type":"ListItem","position":2,"name":"Vesti","item":"https:\/\/balkangreenenergynews.com\/rs\/kategorija\/vesti\/"},{"@type":"ListItem","position":3,"name":"OIE","item":"https:\/\/balkangreenenergynews.com\/rs\/kategorija\/vesti\/obnovljivi-izvori-energije\/"},{"@type":"ListItem","position":4,"name":"Podravka gradi solarnu elektranu snage 2,4 MW na krovovima svojih pogona"}]},{"@type":"WebSite","@id":"https:\/\/balkangreenenergynews.com\/rs\/#website","url":"https:\/\/balkangreenenergynews.com\/rs\/","name":"Balkan Green Energy News","description":"Naj\u0161iri izbor vesti sa Balkana o zelenoj energiji","potentialAction":[{"@type":"SearchAction","target":{"@type":"EntryPoint","urlTemplate":"https:\/\/balkangreenenergynews.com\/rs\/?s={search_term_string}"},"query-input":{"@type":"PropertyValueSpecification","valueRequired":true,"valueName":"search_term_string"}}],"inLanguage":"sr-RS"},{"@type":"Person","@id":"https:\/\/balkangreenenergynews.com\/rs\/#\/schema\/person\/99dc721c46113fea22caffad06ef7317","name":"Vladimir Spasi\u0107","url":"https:\/\/balkangreenenergynews.com\/rs\/author\/vladimir-spasic\/"}]}},"_links":{"self":[{"href":"https:\/\/balkangreenenergynews.com\/rs\/wp-json\/wp\/v2\/posts\/39376","targetHints":{"allow":["GET"]}}],"collection":[{"href":"https:\/\/balkangreenenergynews.com\/rs\/wp-json\/wp\/v2\/posts"}],"about":[{"href":"https:\/\/balkangreenenergynews.com\/rs\/wp-json\/wp\/v2\/types\/post"}],"author":[{"embeddable":true,"href":"https:\/\/balkangreenenergynews.com\/rs\/wp-json\/wp\/v2\/users\/23"}],"replies":[{"embeddable":true,"href":"https:\/\/balkangreenenergynews.com\/rs\/wp-json\/wp\/v2\/comments?post=39376"}],"version-history":[{"count":0,"href":"https:\/\/balkangreenenergynews.com\/rs\/wp-json\/wp\/v2\/posts\/39376\/revisions"}],"wp:featuredmedia":[{"embeddable":true,"href":"https:\/\/balkangreenenergynews.com\/rs\/wp-json\/wp\/v2\/media\/39380"}],"wp:attachment":[{"href":"https:\/\/balkangreenenergynews.com\/rs\/wp-json\/wp\/v2\/media?parent=39376"}],"wp:term":[{"taxonomy":"category","embeddable":true,"href":"https:\/\/balkangreenenergynews.com\/rs\/wp-json\/wp\/v2\/categories?post=39376"},{"taxonomy":"post_tag","embeddable":true,"href":"https:\/\/balkangreenenergynews.com\/rs\/wp-json\/wp\/v2\/tags?post=39376"}],"curies":[{"name":"wp","href":"https:\/\/api.w.org\/{rel}","templated":true}]}}