{"id":38318,"date":"2021-04-14T16:07:42","date_gmt":"2021-04-14T14:07:42","guid":{"rendered":"https:\/\/balkangreenenergynews.com\/rs\/?p=38318"},"modified":"2021-04-15T16:40:32","modified_gmt":"2021-04-15T14:40:32","slug":"srbija-dobija-solarne-elektrane-snage-400-mw-prve-aukcije-do-kraja-godine","status":"publish","type":"post","link":"https:\/\/balkangreenenergynews.com\/rs\/srbija-dobija-solarne-elektrane-snage-400-mw-prve-aukcije-do-kraja-godine\/","title":{"rendered":"Srbija dobija solarne elektrane snage 400 MW, prve aukcije do kraja godine"},"content":{"rendered":"<h2>U Srbiji se trenutno razvijaju projekti za gradnju solarnih elektrana snage 400 megavata (MW), a prve odvojene aukcije za solar i vetar trebalo bi da se odr\u017ee do kraja godine. Prioritet u kori\u0161\u0107enju solarne energije bi\u0107e instaliranje solarnih panela na krovovima doma\u0107instava, firmi i javnih objekata, kao i u napu\u0161tenim rudarskim kopovima, najavljeno je na panelu &#8222;Velike solarne elektrane u Srbiji \u2013 mali korak za \u010dove\u010danstvo, veliki korak za energetsku tranziciju Srbije&#8220; u okviru Prve velike konferencije o solarnoj energiji u Srbiji.<\/h2>\n<p><a href=\"https:\/\/balkangreenenergynews.com\/rs\/investitori-stali-u-red-da-se-prikljuce-solarnom-bumu-srbije\/\">Prva velika konferencija o solarnoj energiji u Srbiji<\/a>, u organizaciji portala Balkan Green Energy News, odr\u017eana je danas u Beogradu, a onlajn je pratilo vi\u0161e od 1.000 ljudi. <a href=\"https:\/\/balkangreenenergynews.com\/rs\/cetiri-zakona-u-sektoru-energetike-i-rudarstva-na-vladi-srbije-sledece-nedelje\/\">Zakon o obnovljivim izvorima energije<\/a>, kao i izmene Zakona o energetici, koji unose velike novine u razvoju obnovljivih izvora, a posebno solarne energije u Srbiji,\u00a0 sutra \u0107e biti u Narodnoj skup\u0161tini, i uz nekoliko manjih izmena kroz amandmane trebalo bi da budu usvojeni.<\/p>\n<p>Moderator panela &#8222;Velike solarne elektrane u Srbiji \u2013 mali korak za \u010dove\u010danstvo, veliki korak za energetsku tranziciju Srbije&#8220; bio je\u00a0<strong>Dragoljub Cibuli\u0107, stariji partner u advokatskoj kancelariji <\/strong><a href=\"https:\/\/bdkadvokati.com\/\"><strong>BDK Advokati<\/strong>.<\/a><\/p>\n<blockquote><p>Atanackovi\u0107: Uradi\u0107emo sve da se do kraja godine odr\u017ee prve aukcije<\/p><\/blockquote>\n<p>&#8222;Uradi\u0107emo sve da se do kraja godine odr\u017ee prve aukcije. Dr\u017eavi je stalo da ima \u0161to vi\u0161e u\u010desnika i da dobije dobru konkurenciju kako bi i cene bile \u0161to ni\u017ee odnosno subvencije dr\u017eave \u0161to manje&#8220;, izjavila je <strong>Jovanka Atanackovi\u0107, dr\u017eavna sekretarka Ministarstva rudarstva i energetike<\/strong>, i dodala da \u0107e aukcije za vetar i solar biti razdvojene.<\/p>\n<p>Kada je re\u010d o kvotama za aukcije, Atanackovi\u0107 je rekla da \u0107e za tu odluku biti va\u017eno to \u0161to bi Srbija do 2050. trebalo da zameni termoelektrane na ugalj snage 4,4 GW, a za to \u00a0je potrebno 8-10 GW iz obnovljivih izvora.<\/p>\n<blockquote><p>Do 2050. za zamenu 4,4 GW iz uglja neophodno 8-10 GW iz obnovljivih izvora<\/p><\/blockquote>\n<p>Stav Ministarstva je da se kori\u0161\u0107enje solarne energije pre svega bazira na krovovima, gde je potencijal 4-6 GW, i napu\u0161tenim rudarskim kopovima, istakla je ona.<\/p>\n<p><img loading=\"lazy\" decoding=\"async\" class=\"size-full wp-image-38319 aligncenter\" src=\"https:\/\/balkangreenenergynews.com\/rs\/wp-content\/uploads\/2021\/04\/konferencija-solarna-energija-srbija-aukcije-jovanka-atanackovic.jpg\" alt=\"konferencija solarna energija srbija aukcije jovanka atanackovic\" width=\"840\" height=\"430\" srcset=\"https:\/\/balkangreenenergynews.com\/rs\/wp-content\/uploads\/2021\/04\/konferencija-solarna-energija-srbija-aukcije-jovanka-atanackovic.jpg 840w, https:\/\/balkangreenenergynews.com\/rs\/wp-content\/uploads\/2021\/04\/konferencija-solarna-energija-srbija-aukcije-jovanka-atanackovic-500x256.jpg 500w, https:\/\/balkangreenenergynews.com\/rs\/wp-content\/uploads\/2021\/04\/konferencija-solarna-energija-srbija-aukcije-jovanka-atanackovic-768x393.jpg 768w, https:\/\/balkangreenenergynews.com\/rs\/wp-content\/uploads\/2021\/04\/konferencija-solarna-energija-srbija-aukcije-jovanka-atanackovic-300x154.jpg 300w\" sizes=\"auto, (max-width: 840px) 100vw, 840px\" \/><\/p>\n<p>Osim aukcija, Srbija \u0107e kao na\u010din da dostigne ciljeve za zelenu energiju koristiti i mogu\u0107nost tendera za strate\u0161ke partnere. Takvi tenderi bi mogli da se raspi\u0161u za krovove na javnim zgradama, za dr\u017eavnu zemlju i za saradnju sa dr\u017eavnim kompanijama.<\/p>\n<blockquote><p>I doma\u0107instva i privreda \u0107e mo\u0107i da budu prozjumeri<\/p><\/blockquote>\n<p>Atanackovi\u0107 je naglasila da \u0107e i doma\u0107instvima i privredi biti omogu\u0107eno da budu prozjumeri odnosno da proizvode energiju za sopstvenu potro\u0161nju. Razlika izme\u0111u gra\u0111ana i vlasnika firmi \u0107e biti u tome \u0161to \u0107e mogu\u0107nost povoljnijeg obra\u010duna isporu\u010dene i preuzete energije iz mre\u017ee odnosno net metring sistem va\u017eiti samo za doma\u0107instva, a ne i za firme, za koju \u0107e sada ipak znatno biti olak\u0161ana procedura da postanu prozjumeri.<\/p>\n<blockquote><p>EMS priprema mre\u017eu za prihvat obnovljivih izvora<\/p><\/blockquote>\n<p>Kada je re\u010d o novim elektranama na OIE, prema re\u010dima <strong>Marka Jankovi\u0107a, direktora Direkcije za tr\u017ei\u0161te Elektromre\u017ee Srbije (EMS)<\/strong>, ova kompanija je dobila zahteve za priklju\u010denje elektrana snage 4,5 GW, od \u010dega za solar 400 MW.<\/p>\n<p>&#8222;To je malo u odnosu na vetar, ali je mnogo ako se zna da Srbija sada ima samo oko 10 MW u solaru. Tih 400 MW je realna cifra, i nadam se da \u0107e realizacija ovih projekata krenuti uskoro&#8220;, dodao je on.<\/p>\n<p>Jankovi\u0107 je naveo da su ovi zahtevi signal da EMS razvija mre\u017eu. &#8222;Pratimo \u0161ta se de\u0161ava i menjamo planove razvoja kako bi obezbedili uslove da se ove elektrane priklju\u010de&#8220;, dodao je on.<\/p>\n<p>Jankovi\u0107 je istakao da su novi energetski zakoni neophodan korak u nastavku liberalizacije tr\u017ei\u0161ta elektri\u010dne energije.<\/p>\n<h3>Maja Turkovi\u0107: Su\u0161tina novih zakona je tr\u017ei\u0161te<\/h3>\n<p><img loading=\"lazy\" decoding=\"async\" class=\"size-full wp-image-38320 aligncenter\" src=\"https:\/\/balkangreenenergynews.com\/rs\/wp-content\/uploads\/2021\/04\/konferencija-solarna-energija-srbija-aukcije-maja-turkovic.jpg\" alt=\"konferencija solarna energija srbija aukcije maja turkovic\" width=\"840\" height=\"430\" srcset=\"https:\/\/balkangreenenergynews.com\/rs\/wp-content\/uploads\/2021\/04\/konferencija-solarna-energija-srbija-aukcije-maja-turkovic.jpg 840w, https:\/\/balkangreenenergynews.com\/rs\/wp-content\/uploads\/2021\/04\/konferencija-solarna-energija-srbija-aukcije-maja-turkovic-500x256.jpg 500w, https:\/\/balkangreenenergynews.com\/rs\/wp-content\/uploads\/2021\/04\/konferencija-solarna-energija-srbija-aukcije-maja-turkovic-768x393.jpg 768w, https:\/\/balkangreenenergynews.com\/rs\/wp-content\/uploads\/2021\/04\/konferencija-solarna-energija-srbija-aukcije-maja-turkovic-300x154.jpg 300w\" sizes=\"auto, (max-width: 840px) 100vw, 840px\" \/><\/p>\n<p><strong><a href=\"https:\/\/balkangreenenergynews.com\/rs\/analiza-barijera-i-smanjenje-rizika-za-investicije-u-oie-u-srbiji-rezultati-studije\/\">Maja Turkovi\u0107<\/a>, direktorka za Srbiju kompanije <a href=\"https:\/\/www.cwp.global\/\">CWP Global<\/a><\/strong>, istakla je da je dono\u0161enjem Zakona o OIE, ali i izmenama Zakona o energetici napravljen prvi korak u ubrzavanju razvoja obnovljivih izvora energije.<\/p>\n<p>&#8222;Su\u0161tina novih izmena ipak nisu aukcije i podsticaji dr\u017eave ve\u0107 tr\u017ei\u0161te, ta\u010dnije stvaranje uslova da se ono razvije. To je va\u017eno jer je cilj ka kojem idemo ukidanje subvencija i izlazak svih prozvo\u0111a\u010da na tr\u017ei\u0161te&#8220;, navela je ona.<\/p>\n<p>Kod solara je jako, kako je navela, jako va\u017eno sticanje prava na zemlji\u0161te, \u0161to ga odvaja od ostalih vrsta zelene energije, pa se za stvaranje uslova za investicije mora osim zakona u energetici promeniti i zakon o poljoprivrednom zemlji\u0161tu i o planiranju i izgradnji.<\/p>\n<blockquote><p>Al Pack gradi najve\u0107u solarnu elektranu na krovu u Srbiji<\/p><\/blockquote>\n<p>Kompanija <a href=\"https:\/\/www.alpackgroup.com\/sr\/o-nama\"><strong>Al Pack<\/strong><\/a> nije \u010dekala nove propise, pa je ve\u0107 krenula u gradnju solarne elektrane snage 1,1 MW, \u0161to \u0107e biti najve\u0107a solarna elektrana na krovu u Srbiji. <strong>Nemanja Mika\u0107<\/strong>, suvlasnik firme, koja razvija i re\u0161enja za skladi\u0161tenje energije, ka\u017ee da bi elektrana bila i ve\u0107a, ali povr\u0161ina krova je bila ograni\u010davaju\u0107i faktor, kao i regulatorni okvir.<\/p>\n<p>Trendovi koje vidimo u Evropi su, kada je re\u010d o privatnoj i industrijskoj potro\u0161nji, kombinacija solara i skladi\u0161tenja energije, ta\u010dnije baterija, i hibridni sistemi za balansiranje koji uvezuju solar, vetar i skladi\u0161tenje.<\/p>\n<blockquote><p>Kombinacija solara i vetra sa skladi\u0161tenjem mo\u017ee da obezbedi najjeftiniju elektri\u010dnu energiju na tr\u017ei\u0161tu<\/p><\/blockquote>\n<p>&#8222;U poslednje dve godine razvijamo re\u0161enja za skladi\u0161tenje energije.\u00a0Prva stvar je povezivanje skladi\u0161tenja energije i solara \u010dime se pobolj\u0161ava planiranje, obavlja balansiranje i smanjuje rizik investiranja. Tu ideju povezivanja solara i skladi\u0161tenja \u017eelimo da prenesemo u Srbiju. Krajnji cilj je da razvijemo sistem koji udru\u017euje baterije, solarne elektrane i vetroparkove, i kao proizvod daje najjeftiniju energiju na tr\u017ei\u0161tu. Smatramo da bi Srbija trebalo da podr\u017ei ovakav vid energetske tranzicije&#8220;, istakao je on.<\/p>\n<p>Koliko je va\u017eno skladi\u0161tenje energije govodi podatak da bi kori\u0161\u0107enje ovih re\u0161enja moglo da smanji kapacitete koje Srbija mora da izgradi da bi zamenila 4,4 GW iz uglja, pa bi umesto 8-10 GW, kako je reanije re\u010deno, bilo potrebno 1-2 GW manje.<\/p>\n<figure id=\"attachment_38321\" aria-describedby=\"caption-attachment-38321\" style=\"width: 840px\" class=\"wp-caption aligncenter\"><img loading=\"lazy\" decoding=\"async\" class=\"wp-image-38321 size-full\" src=\"https:\/\/balkangreenenergynews.com\/rs\/wp-content\/uploads\/2021\/04\/konferencija-solarna-energija-srbija-aukcije-nemanja-mikac.jpg\" alt=\"konferencija solarna energija srbija aukcije nemanja mikac\" width=\"840\" height=\"430\" srcset=\"https:\/\/balkangreenenergynews.com\/rs\/wp-content\/uploads\/2021\/04\/konferencija-solarna-energija-srbija-aukcije-nemanja-mikac.jpg 840w, https:\/\/balkangreenenergynews.com\/rs\/wp-content\/uploads\/2021\/04\/konferencija-solarna-energija-srbija-aukcije-nemanja-mikac-500x256.jpg 500w, https:\/\/balkangreenenergynews.com\/rs\/wp-content\/uploads\/2021\/04\/konferencija-solarna-energija-srbija-aukcije-nemanja-mikac-768x393.jpg 768w, https:\/\/balkangreenenergynews.com\/rs\/wp-content\/uploads\/2021\/04\/konferencija-solarna-energija-srbija-aukcije-nemanja-mikac-300x154.jpg 300w\" sizes=\"auto, (max-width: 840px) 100vw, 840px\" \/><figcaption id=\"caption-attachment-38321\" class=\"wp-caption-text\">Nemanja Mika\u0107, suvlasnik firme Al Pack<\/figcaption><\/figure>\n<h3>Podzakonski akti \u0107e odrediti cenu na aukcijama<\/h3>\n<p>Zna\u010daj podzakonskih akata za nove energetske zakone istakao je <strong>Francesco Corbo, regionalni direktor za energetiku za Zapadni Balkan i Hrvatsku u Evropskoj banci za obnovu i razvoj (EBRD) za EMEA region<\/strong>, istakao je da posle pripreme zakona sve u\u010desnike na tr\u017ei\u0161tu o\u010dekuje u narednih nekoliko meseci va\u017ean posao, a to su podzakonska akta.<\/p>\n<p>&#8222;Zakoni su ma\u0161ina za promene, ali podzakonski akti su ono \u0161to \u0107e je pokrenuti i zato moramo da obratimo pa\u017enju na njih&#8220;, naveo je on, i dodao da \u0107e od ovih akata zavisiti i cene koje \u0107e biti postignute na aukcijama.<\/p>\n<p>Organizovano tr\u017ei\u0161te je klju\u010d za integraciju obnovljivih izvora energije, i Srbija, prema re\u010dima <strong>Dejana Stoj\u010devskog, tehni\u010dkog direktora berze elektri\u010dne energije SEEPEX<\/strong>, ve\u0107 ve\u0107e sada nudi mogu\u0107nosti za proizvo\u0111a\u010de iz obnovljivih izvora ako \u017eele da energiju prodaju na tr\u017ei\u0161tu.<\/p>\n<blockquote><p>SEEPEX \u0107e napraviti unutardnevno tr\u017ei\u0161te za 6-12 meseci<\/p><\/blockquote>\n<p>Ali, kako je naveo, sve \u0107e za njih biti lak\u0161e kada se uvede likvidno unutardnevno tr\u017ei\u0161te za \u0161ta su stvoreni uslovi izmenama Zakona o energetici i zakonom o obnovljivim izvorima energije.<\/p>\n<p>&#8222;Do kraja leta \u0107emo imati regulatorni okvir, a krajem godine \u0107emo mo\u0107i da apliciramo za spajanje na\u0161eg i organizovanih tr\u017ei\u0161ta u susednim zemljama EU. Uradi\u0107emo sve \u0161to je do nas, a onda \u0107emo videti kako \u0107e one odgovoriti&#8220;, najavio je on.<\/p>\n<p>SEEPEX-u \u0107e biti potrebno 6-12 meseci da napravi unutardnevno tr\u017ei\u0161te i on se nada da \u0107e se to desiti pre nego \u0161to se napravi prva elektrana koja je dobila premije na aukcijama.<\/p>\n","protected":false},"excerpt":{"rendered":"<p>Prioritet u kori\u0161\u0107enju sun\u010deve energije bi\u0107e instaliranje panela na krovovima i napu\u0161tenim rudarskim kopovima.<\/p>\n","protected":false},"author":23,"featured_media":38322,"comment_status":"open","ping_status":"open","sticky":false,"template":"","format":"standard","meta":{"_acf_changed":false,"_monsterinsights_skip_tracking":false,"_monsterinsights_sitenote_active":false,"_monsterinsights_sitenote_note":"","_monsterinsights_sitenote_category":0,"footnotes":""},"categories":[1],"tags":[3023,652,4962,1445,1890],"class_list":["post-38318","post","type-post","status-publish","format-standard","has-post-thumbnail","hentry","category-obnovljivi-izvori-energije","tag-aukcije","tag-investicije","tag-premije","tag-prozjumeri","tag-solarne-elektrane","country-srbija"],"acf":[],"yoast_head":"<!-- This site is optimized with the Yoast SEO plugin v27.4 - https:\/\/yoast.com\/product\/yoast-seo-wordpress\/ -->\n<title>Srbija dobija solarne elektrane snage 400 MW, prve aukcije do kraja godine<\/title>\n<meta name=\"description\" content=\"Prioritet u kori\u0161\u0107enju sun\u010deve energije bi\u0107e instaliranje panela na krovovima i napu\u0161tenim rudarskim kopovima.\" \/>\n<meta name=\"robots\" content=\"index, follow, max-snippet:-1, max-image-preview:large, max-video-preview:-1\" \/>\n<link rel=\"canonical\" href=\"https:\/\/balkangreenenergynews.com\/rs\/srbija-dobija-solarne-elektrane-snage-400-mw-prve-aukcije-do-kraja-godine\/\" \/>\n<meta property=\"og:locale\" content=\"sr_RS\" \/>\n<meta property=\"og:type\" content=\"article\" \/>\n<meta property=\"og:title\" content=\"Srbija dobija solarne elektrane snage 400 MW, prve aukcije do kraja godine\" \/>\n<meta property=\"og:description\" content=\"Prioritet u kori\u0161\u0107enju sun\u010deve energije bi\u0107e instaliranje panela na krovovima i napu\u0161tenim rudarskim kopovima.\" \/>\n<meta property=\"og:url\" content=\"https:\/\/balkangreenenergynews.com\/rs\/srbija-dobija-solarne-elektrane-snage-400-mw-prve-aukcije-do-kraja-godine\/\" \/>\n<meta property=\"og:site_name\" content=\"Balkan Green Energy News\" \/>\n<meta property=\"article:published_time\" content=\"2021-04-14T14:07:42+00:00\" \/>\n<meta property=\"article:modified_time\" content=\"2021-04-15T14:40:32+00:00\" \/>\n<meta property=\"og:image\" content=\"https:\/\/balkangreenenergynews.com\/rs\/wp-content\/uploads\/2021\/04\/konferencija-solarna-energija-srbija-aukcije.jpg\" \/>\n\t<meta property=\"og:image:width\" content=\"840\" \/>\n\t<meta property=\"og:image:height\" content=\"430\" \/>\n\t<meta property=\"og:image:type\" content=\"image\/jpeg\" \/>\n<meta name=\"author\" content=\"Vladimir Spasi\u0107\" \/>\n<meta name=\"twitter:card\" content=\"summary_large_image\" \/>\n<meta name=\"twitter:label1\" content=\"\u041d\u0430\u043f\u0438\u0441\u0430\u043d\u043e \u043e\u0434\" \/>\n\t<meta name=\"twitter:data1\" content=\"Vladimir Spasi\u0107\" \/>\n\t<meta name=\"twitter:label2\" content=\"\u041f\u0440\u043e\u0446\u0435\u045a\u0435\u043d\u043e \u0432\u0440\u0435\u043c\u0435 \u0447\u0438\u0442\u0430\u045a\u0430\" \/>\n\t<meta name=\"twitter:data2\" content=\"6 \u043c\u0438\u043d\u0443\u0442\u0430\" \/>\n<script type=\"application\/ld+json\" class=\"yoast-schema-graph\">{\"@context\":\"https:\\\/\\\/schema.org\",\"@graph\":[{\"@type\":\"Article\",\"@id\":\"https:\\\/\\\/balkangreenenergynews.com\\\/rs\\\/srbija-dobija-solarne-elektrane-snage-400-mw-prve-aukcije-do-kraja-godine\\\/#article\",\"isPartOf\":{\"@id\":\"https:\\\/\\\/balkangreenenergynews.com\\\/rs\\\/srbija-dobija-solarne-elektrane-snage-400-mw-prve-aukcije-do-kraja-godine\\\/\"},\"author\":{\"name\":\"Vladimir Spasi\u0107\",\"@id\":\"https:\\\/\\\/balkangreenenergynews.com\\\/rs\\\/#\\\/schema\\\/person\\\/99dc721c46113fea22caffad06ef7317\"},\"headline\":\"Srbija dobija solarne elektrane snage 400 MW, prve aukcije do kraja godine\",\"datePublished\":\"2021-04-14T14:07:42+00:00\",\"dateModified\":\"2021-04-15T14:40:32+00:00\",\"mainEntityOfPage\":{\"@id\":\"https:\\\/\\\/balkangreenenergynews.com\\\/rs\\\/srbija-dobija-solarne-elektrane-snage-400-mw-prve-aukcije-do-kraja-godine\\\/\"},\"wordCount\":1325,\"commentCount\":3,\"image\":{\"@id\":\"https:\\\/\\\/balkangreenenergynews.com\\\/rs\\\/srbija-dobija-solarne-elektrane-snage-400-mw-prve-aukcije-do-kraja-godine\\\/#primaryimage\"},\"thumbnailUrl\":\"https:\\\/\\\/balkangreenenergynews.com\\\/rs\\\/wp-content\\\/uploads\\\/2021\\\/04\\\/konferencija-solarna-energija-srbija-aukcije.jpg?wsr\",\"keywords\":[\"aukcije\",\"investicije\",\"premije\",\"prozjumeri\",\"solarne elektrane\"],\"articleSection\":[\"OIE\"],\"inLanguage\":\"sr-RS\",\"potentialAction\":[{\"@type\":\"CommentAction\",\"name\":\"Comment\",\"target\":[\"https:\\\/\\\/balkangreenenergynews.com\\\/rs\\\/srbija-dobija-solarne-elektrane-snage-400-mw-prve-aukcije-do-kraja-godine\\\/#respond\"]}]},{\"@type\":\"WebPage\",\"@id\":\"https:\\\/\\\/balkangreenenergynews.com\\\/rs\\\/srbija-dobija-solarne-elektrane-snage-400-mw-prve-aukcije-do-kraja-godine\\\/\",\"url\":\"https:\\\/\\\/balkangreenenergynews.com\\\/rs\\\/srbija-dobija-solarne-elektrane-snage-400-mw-prve-aukcije-do-kraja-godine\\\/\",\"name\":\"Srbija dobija solarne elektrane snage 400 MW, prve aukcije do kraja godine\",\"isPartOf\":{\"@id\":\"https:\\\/\\\/balkangreenenergynews.com\\\/rs\\\/#website\"},\"primaryImageOfPage\":{\"@id\":\"https:\\\/\\\/balkangreenenergynews.com\\\/rs\\\/srbija-dobija-solarne-elektrane-snage-400-mw-prve-aukcije-do-kraja-godine\\\/#primaryimage\"},\"image\":{\"@id\":\"https:\\\/\\\/balkangreenenergynews.com\\\/rs\\\/srbija-dobija-solarne-elektrane-snage-400-mw-prve-aukcije-do-kraja-godine\\\/#primaryimage\"},\"thumbnailUrl\":\"https:\\\/\\\/balkangreenenergynews.com\\\/rs\\\/wp-content\\\/uploads\\\/2021\\\/04\\\/konferencija-solarna-energija-srbija-aukcije.jpg?wsr\",\"datePublished\":\"2021-04-14T14:07:42+00:00\",\"dateModified\":\"2021-04-15T14:40:32+00:00\",\"author\":{\"@id\":\"https:\\\/\\\/balkangreenenergynews.com\\\/rs\\\/#\\\/schema\\\/person\\\/99dc721c46113fea22caffad06ef7317\"},\"description\":\"Prioritet u kori\u0161\u0107enju sun\u010deve energije bi\u0107e instaliranje panela na krovovima i napu\u0161tenim rudarskim kopovima.\",\"breadcrumb\":{\"@id\":\"https:\\\/\\\/balkangreenenergynews.com\\\/rs\\\/srbija-dobija-solarne-elektrane-snage-400-mw-prve-aukcije-do-kraja-godine\\\/#breadcrumb\"},\"inLanguage\":\"sr-RS\",\"potentialAction\":[{\"@type\":\"ReadAction\",\"target\":[\"https:\\\/\\\/balkangreenenergynews.com\\\/rs\\\/srbija-dobija-solarne-elektrane-snage-400-mw-prve-aukcije-do-kraja-godine\\\/\"]}]},{\"@type\":\"ImageObject\",\"inLanguage\":\"sr-RS\",\"@id\":\"https:\\\/\\\/balkangreenenergynews.com\\\/rs\\\/srbija-dobija-solarne-elektrane-snage-400-mw-prve-aukcije-do-kraja-godine\\\/#primaryimage\",\"url\":\"https:\\\/\\\/balkangreenenergynews.com\\\/rs\\\/wp-content\\\/uploads\\\/2021\\\/04\\\/konferencija-solarna-energija-srbija-aukcije.jpg?wsr\",\"contentUrl\":\"https:\\\/\\\/balkangreenenergynews.com\\\/rs\\\/wp-content\\\/uploads\\\/2021\\\/04\\\/konferencija-solarna-energija-srbija-aukcije.jpg?wsr\",\"width\":840,\"height\":430,\"caption\":\"konferencija solarna energija srbija aukcije\"},{\"@type\":\"BreadcrumbList\",\"@id\":\"https:\\\/\\\/balkangreenenergynews.com\\\/rs\\\/srbija-dobija-solarne-elektrane-snage-400-mw-prve-aukcije-do-kraja-godine\\\/#breadcrumb\",\"itemListElement\":[{\"@type\":\"ListItem\",\"position\":1,\"name\":\"Po\u010detna\",\"item\":\"https:\\\/\\\/balkangreenenergynews.com\\\/rs\\\/\"},{\"@type\":\"ListItem\",\"position\":2,\"name\":\"Vesti\",\"item\":\"https:\\\/\\\/balkangreenenergynews.com\\\/rs\\\/kategorija\\\/vesti\\\/\"},{\"@type\":\"ListItem\",\"position\":3,\"name\":\"OIE\",\"item\":\"https:\\\/\\\/balkangreenenergynews.com\\\/rs\\\/kategorija\\\/vesti\\\/obnovljivi-izvori-energije\\\/\"},{\"@type\":\"ListItem\",\"position\":4,\"name\":\"Srbija dobija solarne elektrane snage 400 MW, prve aukcije do kraja godine\"}]},{\"@type\":\"WebSite\",\"@id\":\"https:\\\/\\\/balkangreenenergynews.com\\\/rs\\\/#website\",\"url\":\"https:\\\/\\\/balkangreenenergynews.com\\\/rs\\\/\",\"name\":\"Balkan Green Energy News\",\"description\":\"Naj\u0161iri izbor vesti sa Balkana o zelenoj energiji\",\"potentialAction\":[{\"@type\":\"SearchAction\",\"target\":{\"@type\":\"EntryPoint\",\"urlTemplate\":\"https:\\\/\\\/balkangreenenergynews.com\\\/rs\\\/?s={search_term_string}\"},\"query-input\":{\"@type\":\"PropertyValueSpecification\",\"valueRequired\":true,\"valueName\":\"search_term_string\"}}],\"inLanguage\":\"sr-RS\"},{\"@type\":\"Person\",\"@id\":\"https:\\\/\\\/balkangreenenergynews.com\\\/rs\\\/#\\\/schema\\\/person\\\/99dc721c46113fea22caffad06ef7317\",\"name\":\"Vladimir Spasi\u0107\",\"url\":\"https:\\\/\\\/balkangreenenergynews.com\\\/rs\\\/author\\\/vladimir-spasic\\\/\"}]}<\/script>\n<!-- \/ Yoast SEO plugin. -->","yoast_head_json":{"title":"Srbija dobija solarne elektrane snage 400 MW, prve aukcije do kraja godine","description":"Prioritet u kori\u0161\u0107enju sun\u010deve energije bi\u0107e instaliranje panela na krovovima i napu\u0161tenim rudarskim kopovima.","robots":{"index":"index","follow":"follow","max-snippet":"max-snippet:-1","max-image-preview":"max-image-preview:large","max-video-preview":"max-video-preview:-1"},"canonical":"https:\/\/balkangreenenergynews.com\/rs\/srbija-dobija-solarne-elektrane-snage-400-mw-prve-aukcije-do-kraja-godine\/","og_locale":"sr_RS","og_type":"article","og_title":"Srbija dobija solarne elektrane snage 400 MW, prve aukcije do kraja godine","og_description":"Prioritet u kori\u0161\u0107enju sun\u010deve energije bi\u0107e instaliranje panela na krovovima i napu\u0161tenim rudarskim kopovima.","og_url":"https:\/\/balkangreenenergynews.com\/rs\/srbija-dobija-solarne-elektrane-snage-400-mw-prve-aukcije-do-kraja-godine\/","og_site_name":"Balkan Green Energy News","article_published_time":"2021-04-14T14:07:42+00:00","article_modified_time":"2021-04-15T14:40:32+00:00","og_image":[{"width":840,"height":430,"url":"https:\/\/balkangreenenergynews.com\/rs\/wp-content\/uploads\/2021\/04\/konferencija-solarna-energija-srbija-aukcije.jpg","type":"image\/jpeg"}],"author":"Vladimir Spasi\u0107","twitter_card":"summary_large_image","twitter_misc":{"\u041d\u0430\u043f\u0438\u0441\u0430\u043d\u043e \u043e\u0434":"Vladimir Spasi\u0107","\u041f\u0440\u043e\u0446\u0435\u045a\u0435\u043d\u043e \u0432\u0440\u0435\u043c\u0435 \u0447\u0438\u0442\u0430\u045a\u0430":"6 \u043c\u0438\u043d\u0443\u0442\u0430"},"schema":{"@context":"https:\/\/schema.org","@graph":[{"@type":"Article","@id":"https:\/\/balkangreenenergynews.com\/rs\/srbija-dobija-solarne-elektrane-snage-400-mw-prve-aukcije-do-kraja-godine\/#article","isPartOf":{"@id":"https:\/\/balkangreenenergynews.com\/rs\/srbija-dobija-solarne-elektrane-snage-400-mw-prve-aukcije-do-kraja-godine\/"},"author":{"name":"Vladimir Spasi\u0107","@id":"https:\/\/balkangreenenergynews.com\/rs\/#\/schema\/person\/99dc721c46113fea22caffad06ef7317"},"headline":"Srbija dobija solarne elektrane snage 400 MW, prve aukcije do kraja godine","datePublished":"2021-04-14T14:07:42+00:00","dateModified":"2021-04-15T14:40:32+00:00","mainEntityOfPage":{"@id":"https:\/\/balkangreenenergynews.com\/rs\/srbija-dobija-solarne-elektrane-snage-400-mw-prve-aukcije-do-kraja-godine\/"},"wordCount":1325,"commentCount":3,"image":{"@id":"https:\/\/balkangreenenergynews.com\/rs\/srbija-dobija-solarne-elektrane-snage-400-mw-prve-aukcije-do-kraja-godine\/#primaryimage"},"thumbnailUrl":"https:\/\/balkangreenenergynews.com\/rs\/wp-content\/uploads\/2021\/04\/konferencija-solarna-energija-srbija-aukcije.jpg?wsr","keywords":["aukcije","investicije","premije","prozjumeri","solarne elektrane"],"articleSection":["OIE"],"inLanguage":"sr-RS","potentialAction":[{"@type":"CommentAction","name":"Comment","target":["https:\/\/balkangreenenergynews.com\/rs\/srbija-dobija-solarne-elektrane-snage-400-mw-prve-aukcije-do-kraja-godine\/#respond"]}]},{"@type":"WebPage","@id":"https:\/\/balkangreenenergynews.com\/rs\/srbija-dobija-solarne-elektrane-snage-400-mw-prve-aukcije-do-kraja-godine\/","url":"https:\/\/balkangreenenergynews.com\/rs\/srbija-dobija-solarne-elektrane-snage-400-mw-prve-aukcije-do-kraja-godine\/","name":"Srbija dobija solarne elektrane snage 400 MW, prve aukcije do kraja godine","isPartOf":{"@id":"https:\/\/balkangreenenergynews.com\/rs\/#website"},"primaryImageOfPage":{"@id":"https:\/\/balkangreenenergynews.com\/rs\/srbija-dobija-solarne-elektrane-snage-400-mw-prve-aukcije-do-kraja-godine\/#primaryimage"},"image":{"@id":"https:\/\/balkangreenenergynews.com\/rs\/srbija-dobija-solarne-elektrane-snage-400-mw-prve-aukcije-do-kraja-godine\/#primaryimage"},"thumbnailUrl":"https:\/\/balkangreenenergynews.com\/rs\/wp-content\/uploads\/2021\/04\/konferencija-solarna-energija-srbija-aukcije.jpg?wsr","datePublished":"2021-04-14T14:07:42+00:00","dateModified":"2021-04-15T14:40:32+00:00","author":{"@id":"https:\/\/balkangreenenergynews.com\/rs\/#\/schema\/person\/99dc721c46113fea22caffad06ef7317"},"description":"Prioritet u kori\u0161\u0107enju sun\u010deve energije bi\u0107e instaliranje panela na krovovima i napu\u0161tenim rudarskim kopovima.","breadcrumb":{"@id":"https:\/\/balkangreenenergynews.com\/rs\/srbija-dobija-solarne-elektrane-snage-400-mw-prve-aukcije-do-kraja-godine\/#breadcrumb"},"inLanguage":"sr-RS","potentialAction":[{"@type":"ReadAction","target":["https:\/\/balkangreenenergynews.com\/rs\/srbija-dobija-solarne-elektrane-snage-400-mw-prve-aukcije-do-kraja-godine\/"]}]},{"@type":"ImageObject","inLanguage":"sr-RS","@id":"https:\/\/balkangreenenergynews.com\/rs\/srbija-dobija-solarne-elektrane-snage-400-mw-prve-aukcije-do-kraja-godine\/#primaryimage","url":"https:\/\/balkangreenenergynews.com\/rs\/wp-content\/uploads\/2021\/04\/konferencija-solarna-energija-srbija-aukcije.jpg?wsr","contentUrl":"https:\/\/balkangreenenergynews.com\/rs\/wp-content\/uploads\/2021\/04\/konferencija-solarna-energija-srbija-aukcije.jpg?wsr","width":840,"height":430,"caption":"konferencija solarna energija srbija aukcije"},{"@type":"BreadcrumbList","@id":"https:\/\/balkangreenenergynews.com\/rs\/srbija-dobija-solarne-elektrane-snage-400-mw-prve-aukcije-do-kraja-godine\/#breadcrumb","itemListElement":[{"@type":"ListItem","position":1,"name":"Po\u010detna","item":"https:\/\/balkangreenenergynews.com\/rs\/"},{"@type":"ListItem","position":2,"name":"Vesti","item":"https:\/\/balkangreenenergynews.com\/rs\/kategorija\/vesti\/"},{"@type":"ListItem","position":3,"name":"OIE","item":"https:\/\/balkangreenenergynews.com\/rs\/kategorija\/vesti\/obnovljivi-izvori-energije\/"},{"@type":"ListItem","position":4,"name":"Srbija dobija solarne elektrane snage 400 MW, prve aukcije do kraja godine"}]},{"@type":"WebSite","@id":"https:\/\/balkangreenenergynews.com\/rs\/#website","url":"https:\/\/balkangreenenergynews.com\/rs\/","name":"Balkan Green Energy News","description":"Naj\u0161iri izbor vesti sa Balkana o zelenoj energiji","potentialAction":[{"@type":"SearchAction","target":{"@type":"EntryPoint","urlTemplate":"https:\/\/balkangreenenergynews.com\/rs\/?s={search_term_string}"},"query-input":{"@type":"PropertyValueSpecification","valueRequired":true,"valueName":"search_term_string"}}],"inLanguage":"sr-RS"},{"@type":"Person","@id":"https:\/\/balkangreenenergynews.com\/rs\/#\/schema\/person\/99dc721c46113fea22caffad06ef7317","name":"Vladimir Spasi\u0107","url":"https:\/\/balkangreenenergynews.com\/rs\/author\/vladimir-spasic\/"}]}},"_links":{"self":[{"href":"https:\/\/balkangreenenergynews.com\/rs\/wp-json\/wp\/v2\/posts\/38318","targetHints":{"allow":["GET"]}}],"collection":[{"href":"https:\/\/balkangreenenergynews.com\/rs\/wp-json\/wp\/v2\/posts"}],"about":[{"href":"https:\/\/balkangreenenergynews.com\/rs\/wp-json\/wp\/v2\/types\/post"}],"author":[{"embeddable":true,"href":"https:\/\/balkangreenenergynews.com\/rs\/wp-json\/wp\/v2\/users\/23"}],"replies":[{"embeddable":true,"href":"https:\/\/balkangreenenergynews.com\/rs\/wp-json\/wp\/v2\/comments?post=38318"}],"version-history":[{"count":0,"href":"https:\/\/balkangreenenergynews.com\/rs\/wp-json\/wp\/v2\/posts\/38318\/revisions"}],"wp:featuredmedia":[{"embeddable":true,"href":"https:\/\/balkangreenenergynews.com\/rs\/wp-json\/wp\/v2\/media\/38322"}],"wp:attachment":[{"href":"https:\/\/balkangreenenergynews.com\/rs\/wp-json\/wp\/v2\/media?parent=38318"}],"wp:term":[{"taxonomy":"category","embeddable":true,"href":"https:\/\/balkangreenenergynews.com\/rs\/wp-json\/wp\/v2\/categories?post=38318"},{"taxonomy":"post_tag","embeddable":true,"href":"https:\/\/balkangreenenergynews.com\/rs\/wp-json\/wp\/v2\/tags?post=38318"}],"curies":[{"name":"wp","href":"https:\/\/api.w.org\/{rel}","templated":true}]}}