{"id":38104,"date":"2021-04-06T15:27:07","date_gmt":"2021-04-06T13:27:07","guid":{"rendered":"https:\/\/balkangreenenergynews.com\/rs\/?p=38104"},"modified":"2021-04-07T08:42:32","modified_gmt":"2021-04-07T06:42:32","slug":"tresnje-u-japanu-procvetale-najranije-u-istoriji-usled-klimatskih-promena","status":"publish","type":"post","link":"https:\/\/balkangreenenergynews.com\/rs\/tresnje-u-japanu-procvetale-najranije-u-istoriji-usled-klimatskih-promena\/","title":{"rendered":"Tre\u0161nje u Japanu procvetale najranije u istoriji usled klimatskih promena"},"content":{"rendered":"<h2>Istra\u017eiva\u010d Yasuyuki Aono sa Univerziteta Prefekture Osaka uporedio je istorijske podatke jo\u0161 od 852. godine i video da je vrhunac cvetanja tre\u0161nje u Japanu ove godine do\u0161ao najranije do sada. Stru\u010dna javnost upozorava da klimatske promene remete biolo\u0161ke cikluse.<\/h2>\n<p>Prole\u0107no cvetanje vo\u0107aka je u Zemlji izlaze\u0107eg sunca jedna od najve\u0107ih svetkovina. U to vreme, ljudi se okupljaju u prirodi ili posebno ure\u0111enim parkovima i slave hanami, kako se ovaj obi\u010daj naziva, posmatraju\u0107i cvetove ukrasne tre\u0161nje i srodnog drve\u0107a. Ono \u0161to je kod nas behar, u Japanu je sakura: vekovima inspiri\u0161e pesnike i pisce zbog simbolike prolaznosti i ponovnog ra\u0111anja.<\/p>\n<p>Prate\u0107i trend sve ranijeg cvetanja s kraja pro\u0161log veka i od 2000. godine nadalje, ovog prole\u0107a je u Kjotu, staroj prestonici, vrhunac zabele\u017een ve\u0107 26. marta. Istra\u017eiva\u010d Yasuyuki Aono sa Univerziteta Prefekture Osaka uporedio je sve dostupne istorijske podatke i na\u0161ao da su tre\u0161nje procvetale najranije barem u poslednjih 1.209 godina.<\/p>\n<h3>Tre\u0161nje ovise o temperaturi<\/h3>\n<p>Oboren je rekord iz 1236, 1409. i 1612, kada je ovaj trenutak zabele\u017een 27. marta. Dodu\u0161e, za neke godine nije bilo informacija. Aono je naveo da cvetanje umnogome zavisi od temperature.<\/p>\n<p>Japanska meteorolo\u0161ka agencija je u pomenutom gradu za mart do vrhunca cvetanja izmerila prose\u010dnu temperaturu od 12,4 stepena Celzijusa, u pore\u0111enju sa 10,6 pro\u0161le godine i 8,6 stepeni iz 1953, od kada postoje podaci. U agenciji ka\u017eu da je ove godine obeharilo deset dana ranije nego \u0161to je tridesetogodi\u0161nji prosek i da su sli\u010dni rezultati dobijeni u mnogim drugim gradovima.<\/p>\n<blockquote><p>Japanci su bili navikli da se ru\u017ei\u010dasti i beli cvetovi pojave posle 1. aprila, kada po\u010dnu poslovna i \u0161kolska godina<\/p><\/blockquote>\n<p>Do vrhunca pojave belih i ru\u017ei\u010dastih cvetova u Japanu je ranije dolazilo u aprilu, kada po\u010dnu poslovna i \u0161kolska godina, ali u poslednje vreme uglavnom bude ranije. Nau\u010dnici i nau\u010dnice sa svih strana sveta oglasili su se i upozorili da ova pojava ukazuje na posledice globalnog zagrevanja, a to tvrde i japanski meteorolozi.<\/p>\n<p>Na zagrevanje na lokalnom nivou posebno uti\u010de urbanizacija, zbog isijavanja iz betona i drugih gra\u0111evinskih materijala i potro\u0161nje energije. Klimatske promene remete biolo\u0161ke cikluse. Ukoliko su neuskla\u0111eni, insekti mogu da se aktiviraju pre nego \u0161to ima dovoljno hrane iz biljaka ili ne\u0107e biti dovoljno opra\u0161iva\u010da.<\/p>\n<figure id=\"attachment_38122\" aria-describedby=\"caption-attachment-38122\" style=\"width: 840px\" class=\"wp-caption aligncenter\"><img loading=\"lazy\" decoding=\"async\" class=\"wp-image-38122 size-full\" src=\"https:\/\/balkangreenenergynews.com\/rs\/wp-content\/uploads\/2021\/04\/Tresnje-u-Japanu-procvetale-najranije-istoriji-klimatskih-promena.jpg\" alt=\"Tresnje u Japanu procvetale najranije istoriji klimatskih promena\" width=\"840\" height=\"430\" srcset=\"https:\/\/balkangreenenergynews.com\/rs\/wp-content\/uploads\/2021\/04\/Tresnje-u-Japanu-procvetale-najranije-istoriji-klimatskih-promena.jpg 840w, https:\/\/balkangreenenergynews.com\/rs\/wp-content\/uploads\/2021\/04\/Tresnje-u-Japanu-procvetale-najranije-istoriji-klimatskih-promena-500x256.jpg 500w, https:\/\/balkangreenenergynews.com\/rs\/wp-content\/uploads\/2021\/04\/Tresnje-u-Japanu-procvetale-najranije-istoriji-klimatskih-promena-768x393.jpg 768w, https:\/\/balkangreenenergynews.com\/rs\/wp-content\/uploads\/2021\/04\/Tresnje-u-Japanu-procvetale-najranije-istoriji-klimatskih-promena-300x154.jpg 300w\" sizes=\"auto, (max-width: 840px) 100vw, 840px\" \/><figcaption id=\"caption-attachment-38122\" class=\"wp-caption-text\">Slika: Takashi Murakami from Pixabay<\/figcaption><\/figure>\n<h3>Reme\u0107enje prirodnog kalendara \u0161irom sveta<\/h3>\n<p>Meteorolozi u Va\u0161ingtonu koji prate cvetanje tre\u0161anja objavili su da je vrhunac bio 28. marta, nekoliko dana ispred tridesetogodi\u0161njeg proseka, a 2020. je to bilo 20. marta. Tako\u0111e, ove godine je s\u00e2m proces cvetanja tekao najbr\u017ee u poslednjih trideset godina, ako izuzmemo 2015, kada je trajao isto.<\/p>\n<blockquote><p>U Bugarskoj je ovog prole\u0107a otopljavanje obesmislilo obi\u010daj razmene narukvica martenica, a u Srbiji \u0107e Ekolo\u0161ki ustanak biti podignut 10. aprila umesto na \u0110ur\u0111ev danak<\/p><\/blockquote>\n<p>Klimatske promene su uticale i na neke obi\u010daje na Balkanu. Bugari 1. marta me\u0111usobno \u010destitaju baba Martu i razmenjuju martenice, crveno-bele narukvice od vune. Njih \u0107e oka\u010diti o granu prvog olistalog drveta na koje nai\u0111u, ali poslednjih godina se to \u010desto desi jo\u0161 u februaru.<\/p>\n<p>\u0160to se ti\u010de Srbije, vi\u0161e desetina organizacija i inicijativa za za\u0161titu \u017eivotne sredine najavilo je da \u0107e 10. aprila u Beogradu <a href=\"https:\/\/balkangreenenergynews.com\/rs\/ko-sve-dolazi-u-beorad-na-ekoloski-ustanak-10-aprila\/\">u\u010destvovati na Ekolo\u0161kom ustanku,<\/a> protestu zbog ugro\u017eavanja zdravlja i prirode. Ustanci su tradicionalno podizani u maju, ali izgleda da usled klimatskih promena i ta pojava sada dolazi ranije po kalendaru.<\/p>\n","protected":false},"excerpt":{"rendered":"<p>Zbog klimatskih promena vrhunac cvetanja tre\u0161nje u Japanu desio se ove godine najranije do sada, a podaci se vode i \u010duvaju jo\u0161 od 852. godine. <\/p>\n","protected":false},"author":27,"featured_media":38127,"comment_status":"open","ping_status":"open","sticky":false,"template":"","format":"standard","meta":{"_acf_changed":false,"_monsterinsights_skip_tracking":false,"_monsterinsights_sitenote_active":false,"_monsterinsights_sitenote_note":"","_monsterinsights_sitenote_category":0,"footnotes":""},"categories":[5909,4],"tags":[6033,766,5921],"class_list":["post-38104","post","type-post","status-publish","format-standard","has-post-thumbnail","hentry","category-klimatske-promene","category-zivotna-sredina","tag-japan","tag-klimatske-promene","tag-zivotna-sredina","country-svet"],"acf":[],"yoast_head":"<!-- This site is optimized with the Yoast SEO plugin v27.4 - https:\/\/yoast.com\/product\/yoast-seo-wordpress\/ -->\n<title>Tre\u0161nje u Japanu procvetale najranije u istoriji usled klimatskih promena<\/title>\n<meta name=\"description\" content=\"Zbog klimatskih promena vrhunac cvetanja tre\u0161nje u Japanu desio se ove godine najranije do sada, a podaci se vode i \u010duvaju jo\u0161 od 852. godine.\" \/>\n<meta name=\"robots\" content=\"index, follow, max-snippet:-1, max-image-preview:large, max-video-preview:-1\" \/>\n<link rel=\"canonical\" href=\"https:\/\/balkangreenenergynews.com\/rs\/tresnje-u-japanu-procvetale-najranije-u-istoriji-usled-klimatskih-promena\/\" \/>\n<meta property=\"og:locale\" content=\"sr_RS\" \/>\n<meta property=\"og:type\" content=\"article\" \/>\n<meta property=\"og:title\" content=\"Tre\u0161nje u Japanu procvetale najranije u istoriji usled klimatskih promena\" \/>\n<meta property=\"og:description\" content=\"Zbog klimatskih promena vrhunac cvetanja tre\u0161nje u Japanu desio se ove godine najranije do sada, a podaci se vode i \u010duvaju jo\u0161 od 852. godine.\" \/>\n<meta property=\"og:url\" content=\"https:\/\/balkangreenenergynews.com\/rs\/tresnje-u-japanu-procvetale-najranije-u-istoriji-usled-klimatskih-promena\/\" \/>\n<meta property=\"og:site_name\" content=\"Balkan Green Energy News\" \/>\n<meta property=\"article:published_time\" content=\"2021-04-06T13:27:07+00:00\" \/>\n<meta property=\"article:modified_time\" content=\"2021-04-07T06:42:32+00:00\" \/>\n<meta property=\"og:image\" content=\"https:\/\/balkangreenenergynews.com\/rs\/wp-content\/uploads\/2021\/04\/japanese-cherry-trees-web.jpg\" \/>\n\t<meta property=\"og:image:width\" content=\"840\" \/>\n\t<meta property=\"og:image:height\" content=\"430\" \/>\n\t<meta property=\"og:image:type\" content=\"image\/jpeg\" \/>\n<meta name=\"author\" content=\"Igor Todorovi\u0107\" \/>\n<meta name=\"twitter:card\" content=\"summary_large_image\" \/>\n<meta name=\"twitter:label1\" content=\"\u041d\u0430\u043f\u0438\u0441\u0430\u043d\u043e \u043e\u0434\" \/>\n\t<meta name=\"twitter:data1\" content=\"Igor Todorovi\u0107\" \/>\n\t<meta name=\"twitter:label2\" content=\"\u041f\u0440\u043e\u0446\u0435\u045a\u0435\u043d\u043e \u0432\u0440\u0435\u043c\u0435 \u0447\u0438\u0442\u0430\u045a\u0430\" \/>\n\t<meta name=\"twitter:data2\" content=\"3 \u043c\u0438\u043d\u0443\u0442\u0430\" \/>\n<script type=\"application\/ld+json\" class=\"yoast-schema-graph\">{\"@context\":\"https:\\\/\\\/schema.org\",\"@graph\":[{\"@type\":\"Article\",\"@id\":\"https:\\\/\\\/balkangreenenergynews.com\\\/rs\\\/tresnje-u-japanu-procvetale-najranije-u-istoriji-usled-klimatskih-promena\\\/#article\",\"isPartOf\":{\"@id\":\"https:\\\/\\\/balkangreenenergynews.com\\\/rs\\\/tresnje-u-japanu-procvetale-najranije-u-istoriji-usled-klimatskih-promena\\\/\"},\"author\":{\"name\":\"Igor Todorovi\u0107\",\"@id\":\"https:\\\/\\\/balkangreenenergynews.com\\\/rs\\\/#\\\/schema\\\/person\\\/d8f80a244c4e9f2b55e4f6968c253246\"},\"headline\":\"Tre\u0161nje u Japanu procvetale najranije u istoriji usled klimatskih promena\",\"datePublished\":\"2021-04-06T13:27:07+00:00\",\"dateModified\":\"2021-04-07T06:42:32+00:00\",\"mainEntityOfPage\":{\"@id\":\"https:\\\/\\\/balkangreenenergynews.com\\\/rs\\\/tresnje-u-japanu-procvetale-najranije-u-istoriji-usled-klimatskih-promena\\\/\"},\"wordCount\":609,\"commentCount\":0,\"image\":{\"@id\":\"https:\\\/\\\/balkangreenenergynews.com\\\/rs\\\/tresnje-u-japanu-procvetale-najranije-u-istoriji-usled-klimatskih-promena\\\/#primaryimage\"},\"thumbnailUrl\":\"https:\\\/\\\/balkangreenenergynews.com\\\/rs\\\/wp-content\\\/uploads\\\/2021\\\/04\\\/japanese-cherry-trees-web.jpg?wsr\",\"keywords\":[\"Japan\",\"klimatske promene\",\"\u017eivotna sredina\"],\"articleSection\":[\"Klimatske promene\",\"\u017divotna sredina\"],\"inLanguage\":\"sr-RS\",\"potentialAction\":[{\"@type\":\"CommentAction\",\"name\":\"Comment\",\"target\":[\"https:\\\/\\\/balkangreenenergynews.com\\\/rs\\\/tresnje-u-japanu-procvetale-najranije-u-istoriji-usled-klimatskih-promena\\\/#respond\"]}]},{\"@type\":\"WebPage\",\"@id\":\"https:\\\/\\\/balkangreenenergynews.com\\\/rs\\\/tresnje-u-japanu-procvetale-najranije-u-istoriji-usled-klimatskih-promena\\\/\",\"url\":\"https:\\\/\\\/balkangreenenergynews.com\\\/rs\\\/tresnje-u-japanu-procvetale-najranije-u-istoriji-usled-klimatskih-promena\\\/\",\"name\":\"Tre\u0161nje u Japanu procvetale najranije u istoriji usled klimatskih promena\",\"isPartOf\":{\"@id\":\"https:\\\/\\\/balkangreenenergynews.com\\\/rs\\\/#website\"},\"primaryImageOfPage\":{\"@id\":\"https:\\\/\\\/balkangreenenergynews.com\\\/rs\\\/tresnje-u-japanu-procvetale-najranije-u-istoriji-usled-klimatskih-promena\\\/#primaryimage\"},\"image\":{\"@id\":\"https:\\\/\\\/balkangreenenergynews.com\\\/rs\\\/tresnje-u-japanu-procvetale-najranije-u-istoriji-usled-klimatskih-promena\\\/#primaryimage\"},\"thumbnailUrl\":\"https:\\\/\\\/balkangreenenergynews.com\\\/rs\\\/wp-content\\\/uploads\\\/2021\\\/04\\\/japanese-cherry-trees-web.jpg?wsr\",\"datePublished\":\"2021-04-06T13:27:07+00:00\",\"dateModified\":\"2021-04-07T06:42:32+00:00\",\"author\":{\"@id\":\"https:\\\/\\\/balkangreenenergynews.com\\\/rs\\\/#\\\/schema\\\/person\\\/d8f80a244c4e9f2b55e4f6968c253246\"},\"description\":\"Zbog klimatskih promena vrhunac cvetanja tre\u0161nje u Japanu desio se ove godine najranije do sada, a podaci se vode i \u010duvaju jo\u0161 od 852. godine.\",\"breadcrumb\":{\"@id\":\"https:\\\/\\\/balkangreenenergynews.com\\\/rs\\\/tresnje-u-japanu-procvetale-najranije-u-istoriji-usled-klimatskih-promena\\\/#breadcrumb\"},\"inLanguage\":\"sr-RS\",\"potentialAction\":[{\"@type\":\"ReadAction\",\"target\":[\"https:\\\/\\\/balkangreenenergynews.com\\\/rs\\\/tresnje-u-japanu-procvetale-najranije-u-istoriji-usled-klimatskih-promena\\\/\"]}]},{\"@type\":\"ImageObject\",\"inLanguage\":\"sr-RS\",\"@id\":\"https:\\\/\\\/balkangreenenergynews.com\\\/rs\\\/tresnje-u-japanu-procvetale-najranije-u-istoriji-usled-klimatskih-promena\\\/#primaryimage\",\"url\":\"https:\\\/\\\/balkangreenenergynews.com\\\/rs\\\/wp-content\\\/uploads\\\/2021\\\/04\\\/japanese-cherry-trees-web.jpg?wsr\",\"contentUrl\":\"https:\\\/\\\/balkangreenenergynews.com\\\/rs\\\/wp-content\\\/uploads\\\/2021\\\/04\\\/japanese-cherry-trees-web.jpg?wsr\",\"width\":840,\"height\":430,\"caption\":\"japasnke tresnje klimatske promene\"},{\"@type\":\"BreadcrumbList\",\"@id\":\"https:\\\/\\\/balkangreenenergynews.com\\\/rs\\\/tresnje-u-japanu-procvetale-najranije-u-istoriji-usled-klimatskih-promena\\\/#breadcrumb\",\"itemListElement\":[{\"@type\":\"ListItem\",\"position\":1,\"name\":\"Po\u010detna\",\"item\":\"https:\\\/\\\/balkangreenenergynews.com\\\/rs\\\/\"},{\"@type\":\"ListItem\",\"position\":2,\"name\":\"Klimatske promene\",\"item\":\"https:\\\/\\\/balkangreenenergynews.com\\\/rs\\\/kategorija\\\/klimatske-promene\\\/\"},{\"@type\":\"ListItem\",\"position\":3,\"name\":\"Tre\u0161nje u Japanu procvetale najranije u istoriji usled klimatskih promena\"}]},{\"@type\":\"WebSite\",\"@id\":\"https:\\\/\\\/balkangreenenergynews.com\\\/rs\\\/#website\",\"url\":\"https:\\\/\\\/balkangreenenergynews.com\\\/rs\\\/\",\"name\":\"Balkan Green Energy News\",\"description\":\"Naj\u0161iri izbor vesti sa Balkana o zelenoj energiji\",\"potentialAction\":[{\"@type\":\"SearchAction\",\"target\":{\"@type\":\"EntryPoint\",\"urlTemplate\":\"https:\\\/\\\/balkangreenenergynews.com\\\/rs\\\/?s={search_term_string}\"},\"query-input\":{\"@type\":\"PropertyValueSpecification\",\"valueRequired\":true,\"valueName\":\"search_term_string\"}}],\"inLanguage\":\"sr-RS\"},{\"@type\":\"Person\",\"@id\":\"https:\\\/\\\/balkangreenenergynews.com\\\/rs\\\/#\\\/schema\\\/person\\\/d8f80a244c4e9f2b55e4f6968c253246\",\"name\":\"Igor Todorovi\u0107\",\"url\":\"https:\\\/\\\/balkangreenenergynews.com\\\/rs\\\/author\\\/igor-todorovic\\\/\"}]}<\/script>\n<!-- \/ Yoast SEO plugin. -->","yoast_head_json":{"title":"Tre\u0161nje u Japanu procvetale najranije u istoriji usled klimatskih promena","description":"Zbog klimatskih promena vrhunac cvetanja tre\u0161nje u Japanu desio se ove godine najranije do sada, a podaci se vode i \u010duvaju jo\u0161 od 852. godine.","robots":{"index":"index","follow":"follow","max-snippet":"max-snippet:-1","max-image-preview":"max-image-preview:large","max-video-preview":"max-video-preview:-1"},"canonical":"https:\/\/balkangreenenergynews.com\/rs\/tresnje-u-japanu-procvetale-najranije-u-istoriji-usled-klimatskih-promena\/","og_locale":"sr_RS","og_type":"article","og_title":"Tre\u0161nje u Japanu procvetale najranije u istoriji usled klimatskih promena","og_description":"Zbog klimatskih promena vrhunac cvetanja tre\u0161nje u Japanu desio se ove godine najranije do sada, a podaci se vode i \u010duvaju jo\u0161 od 852. godine.","og_url":"https:\/\/balkangreenenergynews.com\/rs\/tresnje-u-japanu-procvetale-najranije-u-istoriji-usled-klimatskih-promena\/","og_site_name":"Balkan Green Energy News","article_published_time":"2021-04-06T13:27:07+00:00","article_modified_time":"2021-04-07T06:42:32+00:00","og_image":[{"width":840,"height":430,"url":"https:\/\/balkangreenenergynews.com\/rs\/wp-content\/uploads\/2021\/04\/japanese-cherry-trees-web.jpg","type":"image\/jpeg"}],"author":"Igor Todorovi\u0107","twitter_card":"summary_large_image","twitter_misc":{"\u041d\u0430\u043f\u0438\u0441\u0430\u043d\u043e \u043e\u0434":"Igor Todorovi\u0107","\u041f\u0440\u043e\u0446\u0435\u045a\u0435\u043d\u043e \u0432\u0440\u0435\u043c\u0435 \u0447\u0438\u0442\u0430\u045a\u0430":"3 \u043c\u0438\u043d\u0443\u0442\u0430"},"schema":{"@context":"https:\/\/schema.org","@graph":[{"@type":"Article","@id":"https:\/\/balkangreenenergynews.com\/rs\/tresnje-u-japanu-procvetale-najranije-u-istoriji-usled-klimatskih-promena\/#article","isPartOf":{"@id":"https:\/\/balkangreenenergynews.com\/rs\/tresnje-u-japanu-procvetale-najranije-u-istoriji-usled-klimatskih-promena\/"},"author":{"name":"Igor Todorovi\u0107","@id":"https:\/\/balkangreenenergynews.com\/rs\/#\/schema\/person\/d8f80a244c4e9f2b55e4f6968c253246"},"headline":"Tre\u0161nje u Japanu procvetale najranije u istoriji usled klimatskih promena","datePublished":"2021-04-06T13:27:07+00:00","dateModified":"2021-04-07T06:42:32+00:00","mainEntityOfPage":{"@id":"https:\/\/balkangreenenergynews.com\/rs\/tresnje-u-japanu-procvetale-najranije-u-istoriji-usled-klimatskih-promena\/"},"wordCount":609,"commentCount":0,"image":{"@id":"https:\/\/balkangreenenergynews.com\/rs\/tresnje-u-japanu-procvetale-najranije-u-istoriji-usled-klimatskih-promena\/#primaryimage"},"thumbnailUrl":"https:\/\/balkangreenenergynews.com\/rs\/wp-content\/uploads\/2021\/04\/japanese-cherry-trees-web.jpg?wsr","keywords":["Japan","klimatske promene","\u017eivotna sredina"],"articleSection":["Klimatske promene","\u017divotna sredina"],"inLanguage":"sr-RS","potentialAction":[{"@type":"CommentAction","name":"Comment","target":["https:\/\/balkangreenenergynews.com\/rs\/tresnje-u-japanu-procvetale-najranije-u-istoriji-usled-klimatskih-promena\/#respond"]}]},{"@type":"WebPage","@id":"https:\/\/balkangreenenergynews.com\/rs\/tresnje-u-japanu-procvetale-najranije-u-istoriji-usled-klimatskih-promena\/","url":"https:\/\/balkangreenenergynews.com\/rs\/tresnje-u-japanu-procvetale-najranije-u-istoriji-usled-klimatskih-promena\/","name":"Tre\u0161nje u Japanu procvetale najranije u istoriji usled klimatskih promena","isPartOf":{"@id":"https:\/\/balkangreenenergynews.com\/rs\/#website"},"primaryImageOfPage":{"@id":"https:\/\/balkangreenenergynews.com\/rs\/tresnje-u-japanu-procvetale-najranije-u-istoriji-usled-klimatskih-promena\/#primaryimage"},"image":{"@id":"https:\/\/balkangreenenergynews.com\/rs\/tresnje-u-japanu-procvetale-najranije-u-istoriji-usled-klimatskih-promena\/#primaryimage"},"thumbnailUrl":"https:\/\/balkangreenenergynews.com\/rs\/wp-content\/uploads\/2021\/04\/japanese-cherry-trees-web.jpg?wsr","datePublished":"2021-04-06T13:27:07+00:00","dateModified":"2021-04-07T06:42:32+00:00","author":{"@id":"https:\/\/balkangreenenergynews.com\/rs\/#\/schema\/person\/d8f80a244c4e9f2b55e4f6968c253246"},"description":"Zbog klimatskih promena vrhunac cvetanja tre\u0161nje u Japanu desio se ove godine najranije do sada, a podaci se vode i \u010duvaju jo\u0161 od 852. godine.","breadcrumb":{"@id":"https:\/\/balkangreenenergynews.com\/rs\/tresnje-u-japanu-procvetale-najranije-u-istoriji-usled-klimatskih-promena\/#breadcrumb"},"inLanguage":"sr-RS","potentialAction":[{"@type":"ReadAction","target":["https:\/\/balkangreenenergynews.com\/rs\/tresnje-u-japanu-procvetale-najranije-u-istoriji-usled-klimatskih-promena\/"]}]},{"@type":"ImageObject","inLanguage":"sr-RS","@id":"https:\/\/balkangreenenergynews.com\/rs\/tresnje-u-japanu-procvetale-najranije-u-istoriji-usled-klimatskih-promena\/#primaryimage","url":"https:\/\/balkangreenenergynews.com\/rs\/wp-content\/uploads\/2021\/04\/japanese-cherry-trees-web.jpg?wsr","contentUrl":"https:\/\/balkangreenenergynews.com\/rs\/wp-content\/uploads\/2021\/04\/japanese-cherry-trees-web.jpg?wsr","width":840,"height":430,"caption":"japasnke tresnje klimatske promene"},{"@type":"BreadcrumbList","@id":"https:\/\/balkangreenenergynews.com\/rs\/tresnje-u-japanu-procvetale-najranije-u-istoriji-usled-klimatskih-promena\/#breadcrumb","itemListElement":[{"@type":"ListItem","position":1,"name":"Po\u010detna","item":"https:\/\/balkangreenenergynews.com\/rs\/"},{"@type":"ListItem","position":2,"name":"Klimatske promene","item":"https:\/\/balkangreenenergynews.com\/rs\/kategorija\/klimatske-promene\/"},{"@type":"ListItem","position":3,"name":"Tre\u0161nje u Japanu procvetale najranije u istoriji usled klimatskih promena"}]},{"@type":"WebSite","@id":"https:\/\/balkangreenenergynews.com\/rs\/#website","url":"https:\/\/balkangreenenergynews.com\/rs\/","name":"Balkan Green Energy News","description":"Naj\u0161iri izbor vesti sa Balkana o zelenoj energiji","potentialAction":[{"@type":"SearchAction","target":{"@type":"EntryPoint","urlTemplate":"https:\/\/balkangreenenergynews.com\/rs\/?s={search_term_string}"},"query-input":{"@type":"PropertyValueSpecification","valueRequired":true,"valueName":"search_term_string"}}],"inLanguage":"sr-RS"},{"@type":"Person","@id":"https:\/\/balkangreenenergynews.com\/rs\/#\/schema\/person\/d8f80a244c4e9f2b55e4f6968c253246","name":"Igor Todorovi\u0107","url":"https:\/\/balkangreenenergynews.com\/rs\/author\/igor-todorovic\/"}]}},"_links":{"self":[{"href":"https:\/\/balkangreenenergynews.com\/rs\/wp-json\/wp\/v2\/posts\/38104","targetHints":{"allow":["GET"]}}],"collection":[{"href":"https:\/\/balkangreenenergynews.com\/rs\/wp-json\/wp\/v2\/posts"}],"about":[{"href":"https:\/\/balkangreenenergynews.com\/rs\/wp-json\/wp\/v2\/types\/post"}],"author":[{"embeddable":true,"href":"https:\/\/balkangreenenergynews.com\/rs\/wp-json\/wp\/v2\/users\/27"}],"replies":[{"embeddable":true,"href":"https:\/\/balkangreenenergynews.com\/rs\/wp-json\/wp\/v2\/comments?post=38104"}],"version-history":[{"count":0,"href":"https:\/\/balkangreenenergynews.com\/rs\/wp-json\/wp\/v2\/posts\/38104\/revisions"}],"wp:featuredmedia":[{"embeddable":true,"href":"https:\/\/balkangreenenergynews.com\/rs\/wp-json\/wp\/v2\/media\/38127"}],"wp:attachment":[{"href":"https:\/\/balkangreenenergynews.com\/rs\/wp-json\/wp\/v2\/media?parent=38104"}],"wp:term":[{"taxonomy":"category","embeddable":true,"href":"https:\/\/balkangreenenergynews.com\/rs\/wp-json\/wp\/v2\/categories?post=38104"},{"taxonomy":"post_tag","embeddable":true,"href":"https:\/\/balkangreenenergynews.com\/rs\/wp-json\/wp\/v2\/tags?post=38104"}],"curies":[{"name":"wp","href":"https:\/\/api.w.org\/{rel}","templated":true}]}}