{"id":37233,"date":"2021-02-24T17:30:08","date_gmt":"2021-02-24T16:30:08","guid":{"rendered":"https:\/\/balkangreenenergynews.com\/rs\/?p=37233"},"modified":"2021-03-01T09:10:41","modified_gmt":"2021-03-01T08:10:41","slug":"od-1-marta-uredaji-iz-eu-imace-nove-oznake-za-energetske-razrede","status":"publish","type":"post","link":"https:\/\/balkangreenenergynews.com\/rs\/od-1-marta-uredaji-iz-eu-imace-nove-oznake-za-energetske-razrede\/","title":{"rendered":"Od 1. marta ure\u0111aji iz EU ima\u0107e nove oznake za energetske razrede"},"content":{"rendered":"<h2>Izbor energetski efikasnog ure\u0111aja mo\u017ee da smanji potro\u0161nju elektri\u010dne energije u proseku oko 50 odsto i tako u\u0161tedi novac. Najefikasniji na\u010din da izaberete fri\u017eider, ve\u0161-ma\u0161inu ili televizor koji tro\u0161i najmanje elektri\u010dne energije je da pogledate u kom je energetskom razredu.<\/h2>\n<p>S obzirom da 79 odsto Evropljana prilikom kupovine vodi ra\u010duna o energetskim razredima, Evopska unija \u017eeli da ovaj sistem energetskog ozna\u010davanja unapredi, pa od 1. marta odnosno od 1. septembra, u zavisnosti od vrste ure\u0111aja, uvodi nove energetske oznake (nalepnice). Glavna izmena je ukidanje nekih razreda i dodavanje novih. Umesto skale razreda od A do D, koja ozna\u010dava da ure\u0111aj sa razredom A ima najmanju, a onaj sa razredom D najve\u0107u potro\u0161nju, sada \u0107e biti skala\u00a0 od A do G, s tim da ne\u0107e vi\u0161e biti razreda A+, A++ i A+++.<\/p>\n<blockquote><p>Ukidaju se razredi A+, A++ i A+++<\/p><\/blockquote>\n<p>Ina\u010de, razlika u potro\u0161nji, u zavisnosti od vrste ure\u0111aja, izme\u0111u najni\u017ee i najvi\u0161e energetske klase ide od 30 do 80 odsto.<\/p>\n<p>Tako\u0111e, na nalepnici \u0107e sada biti QR kod preko kojeg \u0107e mo\u0107i da se pristupi bazi podataka u kojoj se nalaze energetske i tehni\u010dke karakteristike ure\u0111aja.<\/p>\n<p>Fri\u017eideri, ma\u0161ine za pranje sudova, ma\u0161ine za pranje ve\u0161a i televizori dobic\u0301e nove energetske oznake od 1. marta, a rasveta od 1. septembra. Narednih godina \u0107e ozna\u010davanje biti promenjeno i za ostale ure\u0111aje.<\/p>\n<blockquote><p>Klasa A c\u0301e u po\u010detku biti prazna<\/p><\/blockquote>\n<p>Evropska komisija je saop\u0161tila da se promene uvode jer proizvodi postaju sve energetski efikasniji, a i razlika izme\u0111u A+, A++ i A +++ razreda je potro\u0161a\u010dima sve manje jasna. Razred A c\u0301e na novoj nalepnici u po\u010detku biti prazan da bi se ostavo prostor za razvoj energetski efikasnijih ure\u0111aja.<\/p>\n<p>Nove oznake bi, kako je navela Komisija, trebalo da omoguc\u0301e potro\u0161a\u010dima da jasnije razlikuju energetski efikasne proizvode, kao i da podstaknu proizvo\u0111a\u010de da razvijaju energetski efikasne tehnologije.<\/p>\n<blockquote><p>Propisi EU o energetskim oznakama i eko dizajnu trebalo bi potro\u0161a\u010dima da donesu prose\u010dnu godi\u0161nju u\u0161tedu do 285 evra<\/p><\/blockquote>\n<p>Prema ra\u010dunici EU, propisi o energetskom ozna\u010davanju i ekolo\u0161kom dizajnu donec\u0301e u\u0161tedu energije od pribli\u017eno 230 Mtoe (milion tona ekvivalentne nafte) do 2030. Potro\u0161a\u010dima \u0107e to obezbediti prose\u010dnu godi\u0161nju u\u0161tedu do 285 evra kroz smanjenje ra\u010duna za elektri\u010dnu energiju. Na kraju, mere energetske efikasnosti pove\u0107a\u0107e prihode evropskih kompanija za 66 milijardi evra.<\/p>\n<p>Ina\u010de, EU je energetsko ozna\u010davanje uvela 1994. Od tada su energetski razredi glavna pomo\u0107 potro\u0161a\u010dima u izboru proizvoda koji su energetski efikasniji i i pokreta\u010d inovacija u proizvodnji ure\u0111aja.<\/p>\n<h3>\u0160ta je sve novo na oznaci?<\/h3>\n<p><img loading=\"lazy\" decoding=\"async\" class=\"size-full wp-image-37234 aligncenter\" src=\"https:\/\/balkangreenenergynews.com\/rs\/wp-content\/uploads\/2021\/02\/energetska-nalepnica-razredi-eu.jpg\" alt=\"energetska nalepnica razredi eu\" width=\"840\" height=\"544\" srcset=\"https:\/\/balkangreenenergynews.com\/rs\/wp-content\/uploads\/2021\/02\/energetska-nalepnica-razredi-eu.jpg 840w, https:\/\/balkangreenenergynews.com\/rs\/wp-content\/uploads\/2021\/02\/energetska-nalepnica-razredi-eu-500x324.jpg 500w, https:\/\/balkangreenenergynews.com\/rs\/wp-content\/uploads\/2021\/02\/energetska-nalepnica-razredi-eu-768x497.jpg 768w, https:\/\/balkangreenenergynews.com\/rs\/wp-content\/uploads\/2021\/02\/energetska-nalepnica-razredi-eu-300x194.jpg 300w\" sizes=\"auto, (max-width: 840px) 100vw, 840px\" \/><\/p>\n<p>U gornjem desnom uglu nalepnice uveden je QR kod \u010dijim skeniranjem se mo\u017ee pristupiti bazi podataka Evropske komsije o karakteristikama ure\u0111aja koje nisu vidljive na nalepnici.<\/p>\n<p>Zatim, godi\u0161nja potro\u0161nja proizvoda sada je istaknutija i prikazana je u centralnom delu oznake. Tako\u0111e, sada se izra\u010dunava preciznijim metodama, tvrdi Komisija.<\/p>\n<p>Na kraju, izmenjene su i uvedene nove sli\u010dice koje potro\u0161a\u010de informi\u0161u o karakteristikama proizvoda (npr. energetska efikasnost u HDR-re\u017eimu za televizore i monitore, vreme pranja za ma\u0161ine za pranje ve\u0161a).<\/p>\n<h3>Baza podataka EU o energetskim oznakama: uputstva za proizvo\u0111a\u010de i trgovce<\/h3>\n<p>Kori\u0161c\u0301enjem QR koda potro\u0161a\u010di mogu pristupiti EU bazi podataka za energetsko ozna\u010davanje (<a href=\"https:\/\/ec.europa.eu\/info\/energy-climate-change-environment\/standards-tools-and-labels\/products-labelling-rules-and-requirements\/energy-label-and-ecodesign\/product-database_en\">EPREL<\/a>). Od 1. januara 2019. prodavci (proizvo\u0111a\u010di, uvoznici ili ovla\u0161c\u0301eni predstavnici) moraju da unesu podatke o svojim proizvodima u ovu bazu podataka pre nego \u0161to ih isporu\u010de na evropsko tr\u017ei\u0161te.<\/p>\n<p>Potro\u0161a\u010di c\u0301e moc\u0301i da pretra\u017euju bazu podataka od marta 2021.\u00a0Evropska komisija, tako\u0111e, priprema i aplikaciju koja \u0107e omogu\u0107iti pore\u0111enje podataka o proizvodima i tro\u0161kovima.<\/p>\n<p>Baza podataka pru\u017ea dodatne informacije o proizvodu koje nisu na nalepnici i sadr\u017ei dva odeljka za razli\u010dite ciljne grupe:<\/p>\n<ul>\n<li>Za kontrolu tr\u017ei\u0161ta: dostupan samo institucijama za nadzor tr\u017ei\u0161ta.<\/li>\n<li>Za potro\u0161a\u010de, profesionalne kupce, maloprodaju.<\/li>\n<\/ul>\n","protected":false},"excerpt":{"rendered":"<p>S obzirom da 79 odsto Evropljana prilikom kupovine vodi ra\u010duna o energetskim razredima, EU \u017eeli da sistem energetskog ozna\u010davanja unapredi.<\/p>\n","protected":false},"author":23,"featured_media":37235,"comment_status":"open","ping_status":"open","sticky":false,"template":"","format":"standard","meta":{"_acf_changed":false,"_monsterinsights_skip_tracking":false,"_monsterinsights_sitenote_active":false,"_monsterinsights_sitenote_note":"","_monsterinsights_sitenote_category":0,"footnotes":""},"categories":[3],"tags":[646],"class_list":["post-37233","post","type-post","status-publish","format-standard","has-post-thumbnail","hentry","category-energetska-efikasnost","tag-energetska-efikasnost","country-regioneu"],"acf":[],"yoast_head":"<!-- This site is optimized with the Yoast SEO plugin v27.4 - https:\/\/yoast.com\/product\/yoast-seo-wordpress\/ -->\n<title>Od 1. marta ure\u0111aji iz EU ima\u0107e nove oznake za energetske razrede<\/title>\n<meta name=\"description\" content=\"S obzirom da 79 odsto Evropljana prilikom kupovine vodi ra\u010duna o energetskim razredima, EU \u017eeli da sistem energetskog ozna\u010davanja unapredi.\" \/>\n<meta name=\"robots\" content=\"index, follow, max-snippet:-1, max-image-preview:large, max-video-preview:-1\" \/>\n<link rel=\"canonical\" href=\"https:\/\/balkangreenenergynews.com\/rs\/od-1-marta-uredaji-iz-eu-imace-nove-oznake-za-energetske-razrede\/\" \/>\n<meta property=\"og:locale\" content=\"sr_RS\" \/>\n<meta property=\"og:type\" content=\"article\" \/>\n<meta property=\"og:title\" content=\"Od 1. marta ure\u0111aji iz EU ima\u0107e nove oznake za energetske razrede\" \/>\n<meta property=\"og:description\" content=\"S obzirom da 79 odsto Evropljana prilikom kupovine vodi ra\u010duna o energetskim razredima, EU \u017eeli da sistem energetskog ozna\u010davanja unapredi.\" \/>\n<meta property=\"og:url\" content=\"https:\/\/balkangreenenergynews.com\/rs\/od-1-marta-uredaji-iz-eu-imace-nove-oznake-za-energetske-razrede\/\" \/>\n<meta property=\"og:site_name\" content=\"Balkan Green Energy News\" \/>\n<meta property=\"article:published_time\" content=\"2021-02-24T16:30:08+00:00\" \/>\n<meta property=\"article:modified_time\" content=\"2021-03-01T08:10:41+00:00\" \/>\n<meta property=\"og:image\" content=\"https:\/\/balkangreenenergynews.com\/rs\/wp-content\/uploads\/2021\/02\/energetski-razredi-eu.jpg\" \/>\n\t<meta property=\"og:image:width\" content=\"840\" \/>\n\t<meta property=\"og:image:height\" content=\"430\" \/>\n\t<meta property=\"og:image:type\" content=\"image\/jpeg\" \/>\n<meta name=\"author\" content=\"Vladimir Spasi\u0107\" \/>\n<meta name=\"twitter:card\" content=\"summary_large_image\" \/>\n<meta name=\"twitter:label1\" content=\"\u041d\u0430\u043f\u0438\u0441\u0430\u043d\u043e \u043e\u0434\" \/>\n\t<meta name=\"twitter:data1\" content=\"Vladimir Spasi\u0107\" \/>\n\t<meta name=\"twitter:label2\" content=\"\u041f\u0440\u043e\u0446\u0435\u045a\u0435\u043d\u043e \u0432\u0440\u0435\u043c\u0435 \u0447\u0438\u0442\u0430\u045a\u0430\" \/>\n\t<meta name=\"twitter:data2\" content=\"3 \u043c\u0438\u043d\u0443\u0442\u0430\" \/>\n<script type=\"application\/ld+json\" class=\"yoast-schema-graph\">{\"@context\":\"https:\\\/\\\/schema.org\",\"@graph\":[{\"@type\":\"Article\",\"@id\":\"https:\\\/\\\/balkangreenenergynews.com\\\/rs\\\/od-1-marta-uredaji-iz-eu-imace-nove-oznake-za-energetske-razrede\\\/#article\",\"isPartOf\":{\"@id\":\"https:\\\/\\\/balkangreenenergynews.com\\\/rs\\\/od-1-marta-uredaji-iz-eu-imace-nove-oznake-za-energetske-razrede\\\/\"},\"author\":{\"name\":\"Vladimir Spasi\u0107\",\"@id\":\"https:\\\/\\\/balkangreenenergynews.com\\\/rs\\\/#\\\/schema\\\/person\\\/99dc721c46113fea22caffad06ef7317\"},\"headline\":\"Od 1. marta ure\u0111aji iz EU ima\u0107e nove oznake za energetske razrede\",\"datePublished\":\"2021-02-24T16:30:08+00:00\",\"dateModified\":\"2021-03-01T08:10:41+00:00\",\"mainEntityOfPage\":{\"@id\":\"https:\\\/\\\/balkangreenenergynews.com\\\/rs\\\/od-1-marta-uredaji-iz-eu-imace-nove-oznake-za-energetske-razrede\\\/\"},\"wordCount\":712,\"commentCount\":2,\"image\":{\"@id\":\"https:\\\/\\\/balkangreenenergynews.com\\\/rs\\\/od-1-marta-uredaji-iz-eu-imace-nove-oznake-za-energetske-razrede\\\/#primaryimage\"},\"thumbnailUrl\":\"https:\\\/\\\/balkangreenenergynews.com\\\/rs\\\/wp-content\\\/uploads\\\/2021\\\/02\\\/energetski-razredi-eu.jpg?wsr\",\"keywords\":[\"energetska efikasnost\"],\"articleSection\":[\"Energetska efikasnost\"],\"inLanguage\":\"sr-RS\",\"potentialAction\":[{\"@type\":\"CommentAction\",\"name\":\"Comment\",\"target\":[\"https:\\\/\\\/balkangreenenergynews.com\\\/rs\\\/od-1-marta-uredaji-iz-eu-imace-nove-oznake-za-energetske-razrede\\\/#respond\"]}]},{\"@type\":\"WebPage\",\"@id\":\"https:\\\/\\\/balkangreenenergynews.com\\\/rs\\\/od-1-marta-uredaji-iz-eu-imace-nove-oznake-za-energetske-razrede\\\/\",\"url\":\"https:\\\/\\\/balkangreenenergynews.com\\\/rs\\\/od-1-marta-uredaji-iz-eu-imace-nove-oznake-za-energetske-razrede\\\/\",\"name\":\"Od 1. marta ure\u0111aji iz EU ima\u0107e nove oznake za energetske razrede\",\"isPartOf\":{\"@id\":\"https:\\\/\\\/balkangreenenergynews.com\\\/rs\\\/#website\"},\"primaryImageOfPage\":{\"@id\":\"https:\\\/\\\/balkangreenenergynews.com\\\/rs\\\/od-1-marta-uredaji-iz-eu-imace-nove-oznake-za-energetske-razrede\\\/#primaryimage\"},\"image\":{\"@id\":\"https:\\\/\\\/balkangreenenergynews.com\\\/rs\\\/od-1-marta-uredaji-iz-eu-imace-nove-oznake-za-energetske-razrede\\\/#primaryimage\"},\"thumbnailUrl\":\"https:\\\/\\\/balkangreenenergynews.com\\\/rs\\\/wp-content\\\/uploads\\\/2021\\\/02\\\/energetski-razredi-eu.jpg?wsr\",\"datePublished\":\"2021-02-24T16:30:08+00:00\",\"dateModified\":\"2021-03-01T08:10:41+00:00\",\"author\":{\"@id\":\"https:\\\/\\\/balkangreenenergynews.com\\\/rs\\\/#\\\/schema\\\/person\\\/99dc721c46113fea22caffad06ef7317\"},\"description\":\"S obzirom da 79 odsto Evropljana prilikom kupovine vodi ra\u010duna o energetskim razredima, EU \u017eeli da sistem energetskog ozna\u010davanja unapredi.\",\"breadcrumb\":{\"@id\":\"https:\\\/\\\/balkangreenenergynews.com\\\/rs\\\/od-1-marta-uredaji-iz-eu-imace-nove-oznake-za-energetske-razrede\\\/#breadcrumb\"},\"inLanguage\":\"sr-RS\",\"potentialAction\":[{\"@type\":\"ReadAction\",\"target\":[\"https:\\\/\\\/balkangreenenergynews.com\\\/rs\\\/od-1-marta-uredaji-iz-eu-imace-nove-oznake-za-energetske-razrede\\\/\"]}]},{\"@type\":\"ImageObject\",\"inLanguage\":\"sr-RS\",\"@id\":\"https:\\\/\\\/balkangreenenergynews.com\\\/rs\\\/od-1-marta-uredaji-iz-eu-imace-nove-oznake-za-energetske-razrede\\\/#primaryimage\",\"url\":\"https:\\\/\\\/balkangreenenergynews.com\\\/rs\\\/wp-content\\\/uploads\\\/2021\\\/02\\\/energetski-razredi-eu.jpg?wsr\",\"contentUrl\":\"https:\\\/\\\/balkangreenenergynews.com\\\/rs\\\/wp-content\\\/uploads\\\/2021\\\/02\\\/energetski-razredi-eu.jpg?wsr\",\"width\":840,\"height\":430,\"caption\":\"energetski razredi eu\"},{\"@type\":\"BreadcrumbList\",\"@id\":\"https:\\\/\\\/balkangreenenergynews.com\\\/rs\\\/od-1-marta-uredaji-iz-eu-imace-nove-oznake-za-energetske-razrede\\\/#breadcrumb\",\"itemListElement\":[{\"@type\":\"ListItem\",\"position\":1,\"name\":\"Po\u010detna\",\"item\":\"https:\\\/\\\/balkangreenenergynews.com\\\/rs\\\/\"},{\"@type\":\"ListItem\",\"position\":2,\"name\":\"Vesti\",\"item\":\"https:\\\/\\\/balkangreenenergynews.com\\\/rs\\\/kategorija\\\/vesti\\\/\"},{\"@type\":\"ListItem\",\"position\":3,\"name\":\"Energetska efikasnost\",\"item\":\"https:\\\/\\\/balkangreenenergynews.com\\\/rs\\\/kategorija\\\/vesti\\\/energetska-efikasnost\\\/\"},{\"@type\":\"ListItem\",\"position\":4,\"name\":\"Od 1. marta ure\u0111aji iz EU ima\u0107e nove oznake za energetske razrede\"}]},{\"@type\":\"WebSite\",\"@id\":\"https:\\\/\\\/balkangreenenergynews.com\\\/rs\\\/#website\",\"url\":\"https:\\\/\\\/balkangreenenergynews.com\\\/rs\\\/\",\"name\":\"Balkan Green Energy News\",\"description\":\"Naj\u0161iri izbor vesti sa Balkana o zelenoj energiji\",\"potentialAction\":[{\"@type\":\"SearchAction\",\"target\":{\"@type\":\"EntryPoint\",\"urlTemplate\":\"https:\\\/\\\/balkangreenenergynews.com\\\/rs\\\/?s={search_term_string}\"},\"query-input\":{\"@type\":\"PropertyValueSpecification\",\"valueRequired\":true,\"valueName\":\"search_term_string\"}}],\"inLanguage\":\"sr-RS\"},{\"@type\":\"Person\",\"@id\":\"https:\\\/\\\/balkangreenenergynews.com\\\/rs\\\/#\\\/schema\\\/person\\\/99dc721c46113fea22caffad06ef7317\",\"name\":\"Vladimir Spasi\u0107\",\"url\":\"https:\\\/\\\/balkangreenenergynews.com\\\/rs\\\/author\\\/vladimir-spasic\\\/\"}]}<\/script>\n<!-- \/ Yoast SEO plugin. -->","yoast_head_json":{"title":"Od 1. marta ure\u0111aji iz EU ima\u0107e nove oznake za energetske razrede","description":"S obzirom da 79 odsto Evropljana prilikom kupovine vodi ra\u010duna o energetskim razredima, EU \u017eeli da sistem energetskog ozna\u010davanja unapredi.","robots":{"index":"index","follow":"follow","max-snippet":"max-snippet:-1","max-image-preview":"max-image-preview:large","max-video-preview":"max-video-preview:-1"},"canonical":"https:\/\/balkangreenenergynews.com\/rs\/od-1-marta-uredaji-iz-eu-imace-nove-oznake-za-energetske-razrede\/","og_locale":"sr_RS","og_type":"article","og_title":"Od 1. marta ure\u0111aji iz EU ima\u0107e nove oznake za energetske razrede","og_description":"S obzirom da 79 odsto Evropljana prilikom kupovine vodi ra\u010duna o energetskim razredima, EU \u017eeli da sistem energetskog ozna\u010davanja unapredi.","og_url":"https:\/\/balkangreenenergynews.com\/rs\/od-1-marta-uredaji-iz-eu-imace-nove-oznake-za-energetske-razrede\/","og_site_name":"Balkan Green Energy News","article_published_time":"2021-02-24T16:30:08+00:00","article_modified_time":"2021-03-01T08:10:41+00:00","og_image":[{"width":840,"height":430,"url":"https:\/\/balkangreenenergynews.com\/rs\/wp-content\/uploads\/2021\/02\/energetski-razredi-eu.jpg","type":"image\/jpeg"}],"author":"Vladimir Spasi\u0107","twitter_card":"summary_large_image","twitter_misc":{"\u041d\u0430\u043f\u0438\u0441\u0430\u043d\u043e \u043e\u0434":"Vladimir Spasi\u0107","\u041f\u0440\u043e\u0446\u0435\u045a\u0435\u043d\u043e \u0432\u0440\u0435\u043c\u0435 \u0447\u0438\u0442\u0430\u045a\u0430":"3 \u043c\u0438\u043d\u0443\u0442\u0430"},"schema":{"@context":"https:\/\/schema.org","@graph":[{"@type":"Article","@id":"https:\/\/balkangreenenergynews.com\/rs\/od-1-marta-uredaji-iz-eu-imace-nove-oznake-za-energetske-razrede\/#article","isPartOf":{"@id":"https:\/\/balkangreenenergynews.com\/rs\/od-1-marta-uredaji-iz-eu-imace-nove-oznake-za-energetske-razrede\/"},"author":{"name":"Vladimir Spasi\u0107","@id":"https:\/\/balkangreenenergynews.com\/rs\/#\/schema\/person\/99dc721c46113fea22caffad06ef7317"},"headline":"Od 1. marta ure\u0111aji iz EU ima\u0107e nove oznake za energetske razrede","datePublished":"2021-02-24T16:30:08+00:00","dateModified":"2021-03-01T08:10:41+00:00","mainEntityOfPage":{"@id":"https:\/\/balkangreenenergynews.com\/rs\/od-1-marta-uredaji-iz-eu-imace-nove-oznake-za-energetske-razrede\/"},"wordCount":712,"commentCount":2,"image":{"@id":"https:\/\/balkangreenenergynews.com\/rs\/od-1-marta-uredaji-iz-eu-imace-nove-oznake-za-energetske-razrede\/#primaryimage"},"thumbnailUrl":"https:\/\/balkangreenenergynews.com\/rs\/wp-content\/uploads\/2021\/02\/energetski-razredi-eu.jpg?wsr","keywords":["energetska efikasnost"],"articleSection":["Energetska efikasnost"],"inLanguage":"sr-RS","potentialAction":[{"@type":"CommentAction","name":"Comment","target":["https:\/\/balkangreenenergynews.com\/rs\/od-1-marta-uredaji-iz-eu-imace-nove-oznake-za-energetske-razrede\/#respond"]}]},{"@type":"WebPage","@id":"https:\/\/balkangreenenergynews.com\/rs\/od-1-marta-uredaji-iz-eu-imace-nove-oznake-za-energetske-razrede\/","url":"https:\/\/balkangreenenergynews.com\/rs\/od-1-marta-uredaji-iz-eu-imace-nove-oznake-za-energetske-razrede\/","name":"Od 1. marta ure\u0111aji iz EU ima\u0107e nove oznake za energetske razrede","isPartOf":{"@id":"https:\/\/balkangreenenergynews.com\/rs\/#website"},"primaryImageOfPage":{"@id":"https:\/\/balkangreenenergynews.com\/rs\/od-1-marta-uredaji-iz-eu-imace-nove-oznake-za-energetske-razrede\/#primaryimage"},"image":{"@id":"https:\/\/balkangreenenergynews.com\/rs\/od-1-marta-uredaji-iz-eu-imace-nove-oznake-za-energetske-razrede\/#primaryimage"},"thumbnailUrl":"https:\/\/balkangreenenergynews.com\/rs\/wp-content\/uploads\/2021\/02\/energetski-razredi-eu.jpg?wsr","datePublished":"2021-02-24T16:30:08+00:00","dateModified":"2021-03-01T08:10:41+00:00","author":{"@id":"https:\/\/balkangreenenergynews.com\/rs\/#\/schema\/person\/99dc721c46113fea22caffad06ef7317"},"description":"S obzirom da 79 odsto Evropljana prilikom kupovine vodi ra\u010duna o energetskim razredima, EU \u017eeli da sistem energetskog ozna\u010davanja unapredi.","breadcrumb":{"@id":"https:\/\/balkangreenenergynews.com\/rs\/od-1-marta-uredaji-iz-eu-imace-nove-oznake-za-energetske-razrede\/#breadcrumb"},"inLanguage":"sr-RS","potentialAction":[{"@type":"ReadAction","target":["https:\/\/balkangreenenergynews.com\/rs\/od-1-marta-uredaji-iz-eu-imace-nove-oznake-za-energetske-razrede\/"]}]},{"@type":"ImageObject","inLanguage":"sr-RS","@id":"https:\/\/balkangreenenergynews.com\/rs\/od-1-marta-uredaji-iz-eu-imace-nove-oznake-za-energetske-razrede\/#primaryimage","url":"https:\/\/balkangreenenergynews.com\/rs\/wp-content\/uploads\/2021\/02\/energetski-razredi-eu.jpg?wsr","contentUrl":"https:\/\/balkangreenenergynews.com\/rs\/wp-content\/uploads\/2021\/02\/energetski-razredi-eu.jpg?wsr","width":840,"height":430,"caption":"energetski razredi eu"},{"@type":"BreadcrumbList","@id":"https:\/\/balkangreenenergynews.com\/rs\/od-1-marta-uredaji-iz-eu-imace-nove-oznake-za-energetske-razrede\/#breadcrumb","itemListElement":[{"@type":"ListItem","position":1,"name":"Po\u010detna","item":"https:\/\/balkangreenenergynews.com\/rs\/"},{"@type":"ListItem","position":2,"name":"Vesti","item":"https:\/\/balkangreenenergynews.com\/rs\/kategorija\/vesti\/"},{"@type":"ListItem","position":3,"name":"Energetska efikasnost","item":"https:\/\/balkangreenenergynews.com\/rs\/kategorija\/vesti\/energetska-efikasnost\/"},{"@type":"ListItem","position":4,"name":"Od 1. marta ure\u0111aji iz EU ima\u0107e nove oznake za energetske razrede"}]},{"@type":"WebSite","@id":"https:\/\/balkangreenenergynews.com\/rs\/#website","url":"https:\/\/balkangreenenergynews.com\/rs\/","name":"Balkan Green Energy News","description":"Naj\u0161iri izbor vesti sa Balkana o zelenoj energiji","potentialAction":[{"@type":"SearchAction","target":{"@type":"EntryPoint","urlTemplate":"https:\/\/balkangreenenergynews.com\/rs\/?s={search_term_string}"},"query-input":{"@type":"PropertyValueSpecification","valueRequired":true,"valueName":"search_term_string"}}],"inLanguage":"sr-RS"},{"@type":"Person","@id":"https:\/\/balkangreenenergynews.com\/rs\/#\/schema\/person\/99dc721c46113fea22caffad06ef7317","name":"Vladimir Spasi\u0107","url":"https:\/\/balkangreenenergynews.com\/rs\/author\/vladimir-spasic\/"}]}},"_links":{"self":[{"href":"https:\/\/balkangreenenergynews.com\/rs\/wp-json\/wp\/v2\/posts\/37233","targetHints":{"allow":["GET"]}}],"collection":[{"href":"https:\/\/balkangreenenergynews.com\/rs\/wp-json\/wp\/v2\/posts"}],"about":[{"href":"https:\/\/balkangreenenergynews.com\/rs\/wp-json\/wp\/v2\/types\/post"}],"author":[{"embeddable":true,"href":"https:\/\/balkangreenenergynews.com\/rs\/wp-json\/wp\/v2\/users\/23"}],"replies":[{"embeddable":true,"href":"https:\/\/balkangreenenergynews.com\/rs\/wp-json\/wp\/v2\/comments?post=37233"}],"version-history":[{"count":0,"href":"https:\/\/balkangreenenergynews.com\/rs\/wp-json\/wp\/v2\/posts\/37233\/revisions"}],"wp:featuredmedia":[{"embeddable":true,"href":"https:\/\/balkangreenenergynews.com\/rs\/wp-json\/wp\/v2\/media\/37235"}],"wp:attachment":[{"href":"https:\/\/balkangreenenergynews.com\/rs\/wp-json\/wp\/v2\/media?parent=37233"}],"wp:term":[{"taxonomy":"category","embeddable":true,"href":"https:\/\/balkangreenenergynews.com\/rs\/wp-json\/wp\/v2\/categories?post=37233"},{"taxonomy":"post_tag","embeddable":true,"href":"https:\/\/balkangreenenergynews.com\/rs\/wp-json\/wp\/v2\/tags?post=37233"}],"curies":[{"name":"wp","href":"https:\/\/api.w.org\/{rel}","templated":true}]}}