{"id":36846,"date":"2021-02-03T17:51:07","date_gmt":"2021-02-03T16:51:07","guid":{"rendered":"https:\/\/balkangreenenergynews.com\/rs\/?p=36846"},"modified":"2021-02-04T09:59:38","modified_gmt":"2021-02-04T08:59:38","slug":"odrzana-javna-rasprava-o-novim-zakonima-o-obnovljivoj-energiji-i-energetskoj-efikasnosti","status":"publish","type":"post","link":"https:\/\/balkangreenenergynews.com\/rs\/odrzana-javna-rasprava-o-novim-zakonima-o-obnovljivoj-energiji-i-energetskoj-efikasnosti\/","title":{"rendered":"Odr\u017eana javna rasprava o novim zakonima o obnovljivoj energiji i energetskoj efikasnosti"},"content":{"rendered":"<h2>Ko \u0107e pripremiti i u ime dr\u017eave potpisati ugovor o tr\u017ei\u0161noj premiji, balansiranje proizvodnje iz elektrana na zelenu energiju, produ\u017eenje statusa privremenog povla\u0161\u0107enog proizvo\u0111a\u010da i definisanje energetskih zajednica odnosno zadruga, glavna su pitanja o kojima se razgovaralo na javnoj raspravi o Nacrtu zakona o obnovljivim izvorima energije.<\/h2>\n<p><a href=\"https:\/\/balkangreenenergynews.com\/rs\/u-srbiji-pocela-javna-rasprava-o-nacrtu-zakona-o-obnovljivim-izvorima-energije\/\">Javna rasprava<\/a> o <a href=\"https:\/\/balkangreenenergynews.com\/rs\/wp-content\/uploads\/2021\/01\/Nacrt-zakona-o-obnovljivim-izvorima-energije.pdf\">Nacrtu zakona o obnovljivim izvorima energije<\/a> i <a href=\"https:\/\/balkangreenenergynews.com\/rs\/wp-content\/uploads\/2021\/01\/Nacrt-zakona-o-energetskoj-efikasnosti-i-racionalnoj-upotrebi-energije.pdf\">Nacrtu zakona o energetskoj efikasnosti i racionalnoj upotrebi energije<\/a> odr\u017eana je u Privrednoj komori Srbije, a u\u010desnici su mogli da je prate i onlajn. Rasprava traje do 9. februara, a komentari se mogu poslati na mejl javne.rasprave@mre.gov.rs.<\/p>\n<p>Jovanka Atanackovi\u0107, dr\u017eavna sekretarka u Ministarstvu rudarstva i energetike, istakla je da su udeli obnovljive energije u finalnoj potro\u0161nji energije dosad odre\u0111ivani nacionalnim akcionim planom, a da \u0107e sada to biti ura\u0111eno u integrisanom nacionalnom planu za klimu i energetiku. Rekla je da je to jedna od <a href=\"https:\/\/balkangreenenergynews.com\/rs\/u-srbiji-pocela-javna-rasprava-o-nacrtu-zakona-o-obnovljivim-izvorima-energije\/\">vi\u0161e novina<\/a> koje \u0107e po biti uvedene ovim zakonom (<a href=\"https:\/\/drive.google.com\/file\/d\/1dGELSeurkOduHd5i4WwU0h13lI0HLyJt\/view?usp=sharing\">Nacrt obnovljivi izvori energije prezentacije<\/a>).<\/p>\n<blockquote><p>Atanackovi\u0107: Srbija planira da usvoji NEKP ove godine<\/p><\/blockquote>\n<p>&#8222;Bi\u0107e potrebna \u0161ira javna rasprava, jer je to vrlo va\u017ean dokument. Ambicija ministarstva je da plan bude na snazi ove godine&#8220;, navela je Atanackovi\u0107, koja je zadu\u017eena za zelenu energiju, me\u0111unarodnu saradnju i evropske integracije.<\/p>\n<p>Predstavnici ministarstva su najavili da \u0107e podzakonski akti biti doneti veoma brzo, u roku od 30 dana od usvajanja.<\/p>\n<blockquote><p>Energetska efikasnost mo\u017ee da donese u\u0161tedu na nivou godi\u0161nje proizvodnje dve EPS-ove termoelektrane<\/p><\/blockquote>\n<p>Zoran Laki\u0107evi\u0107, dr\u017eavni sekretar zadu\u017een za energetsku efikasnost i toplane, istakao je da bi zakon o energetskoj efikasnosti i racionalnoj upotrebi energije trebalo da donese u\u0161tede od 1,3 miliona tona ekvivalenta nafte do 2030, jednako godi\u0161njoj proizvodnji elektri\u010dne energije u termoelektranama Kostolac A i B (<a href=\"https:\/\/balkangreenenergynews.com\/rs\/wp-content\/uploads\/2021\/02\/Nacrt-energetska-efikasnost-prezentacija.pptx\">Nacrt energetska efikasnost prezentacija<\/a>).<\/p>\n<p>Kao najva\u017eniju novinu, on je naveo osnivanje uprave za finansiranje i podsticanje energetske efikasnosti, koja \u0107e biti zadu\u017eena za dodeljivanje podsticaja, kao i \u010dinjenicu da \u0107e sada sredstva mo\u0107i da dobijaju i gra\u0111ani.<\/p>\n<p>&#8222;Zajedno sa Evropskom bankom za obnovu i razvoj (EBRD) i KfW bankom radimo na modelima rada ove uprave i nadamo se da \u0107emo u narednih nekoliko meseci saop\u0161titi kako \u0107e to izgledati&#8220;, naveo je Laki\u0107evi\u0107.<\/p>\n<p>Raspravi je prisustvovala i Zorana Mihajlovi\u0107, potpredsednica vlade i ministarka rudarstva i energetike.<\/p>\n<h3>Ugovor, balansiranje, privremeni povla\u0161\u0107eni proizvo\u0111a\u010d, energetske zadruge<\/h3>\n<p><img loading=\"lazy\" decoding=\"async\" class=\"size-full wp-image-36848 aligncenter\" src=\"https:\/\/balkangreenenergynews.com\/rs\/wp-content\/uploads\/2021\/02\/javna-rasprava-zakon-oie-pks.jpg\" alt=\"javna rasprava zakon oie pks\" width=\"840\" height=\"430\" srcset=\"https:\/\/balkangreenenergynews.com\/rs\/wp-content\/uploads\/2021\/02\/javna-rasprava-zakon-oie-pks.jpg 840w, https:\/\/balkangreenenergynews.com\/rs\/wp-content\/uploads\/2021\/02\/javna-rasprava-zakon-oie-pks-500x256.jpg 500w, https:\/\/balkangreenenergynews.com\/rs\/wp-content\/uploads\/2021\/02\/javna-rasprava-zakon-oie-pks-768x393.jpg 768w, https:\/\/balkangreenenergynews.com\/rs\/wp-content\/uploads\/2021\/02\/javna-rasprava-zakon-oie-pks-300x154.jpg 300w\" sizes=\"auto, (max-width: 840px) 100vw, 840px\" \/><\/p>\n<p>Prestavnike investitora, gra\u0111ana, kompanija i advokatskih kancelarija najvi\u0161e je zanimalo kako \u0107e izgledati ugovor o tr\u017ei\u0161noj premiji, balansiranje proizvodnje iz elektrana na zelenu energiju, status privremenog povla\u0161\u0107enog proizvo\u0111a\u010da i definisanje <a href=\"https:\/\/balkangreenenergynews.com\/rs\/ekspertski-ugao-nove-smernice-energetske-zajednice-uklanjaju-barijere-za-razvoj-prozjumera\/\">energetskih zajednica<\/a> odnosno zadruga.<\/p>\n<blockquote><p>Ugovor o tr\u017ei\u0161noj premiji ipak ne\u0107e pisati EPS<\/p><\/blockquote>\n<p>Nacrt zakona defini\u0161e da garantovani snabdeva\u010d, u ovom trenutku Elektroprivreda Srbije (EPS), priprema i u ime dr\u017eave potpisuje ugovor o tr\u017ei\u0161noj premiji, dok u\u010desnici javne rasprave smatraju da je bolje da ugovor pripremi vlada ili neko nezavisno telo. Tako\u0111e, sugeri\u0161u da se vodi ra\u010duna da ugovorna strana koja predstavlja dr\u017eavu mora da garantuje za isplatu te da mora da bude kreditno sposobna.<\/p>\n<p>Dr\u017eavna sekretarka Jovanka Atanackovi\u0107 je istakla da je ova primedba prihva\u0107ena i da \u0107e ugovor pripremiti neka nezavisna strana. Ona je navela da se razmi\u0161lja da li da ugovorna strana bude EPS, Elektromre\u017ea Srbije (EMS) ili neka nova agencija, ali da trenutno nije popularno osnivati nove institucije, pa da \u0107e se napraviti neko prelazno re\u0161enje.<\/p>\n<blockquote><p>Definisati korporativne ugovore za otkup elektri\u010dne energije<\/p><\/blockquote>\n<p>U\u010desnike javne rasprave je zanimalo i regulisanje balansne odgovornosti elektrana koje ne dobiju subvencije dr\u017eave na aukcijama, kao i uvo\u0111enje <a href=\"https:\/\/balkangreenenergynews.com\/rs\/korporativni-ugovori-o-otkupu-elektricne-energije-sve-sto-treba-da-znate\/\">korporativnih ugovora o otkupu elektri\u010dne energije<\/a>. Dr\u017eavna sekretarka je izjavila da ima prostora da se razgovara o detaljima balansne odgovornosti.<\/p>\n<p>Bilo je predloga da se omogu\u0107i vi\u0161e opcija za produ\u017eenje statusa privremenog povla\u0161\u0107enog proizvo\u0111a\u010da, koje je sada dozvoljeno samo na godinu dana, jer je to ne\u0161to \u0161to bi, kako se moglo \u010duti, odgovaralo investitorima i bankama koje ih kreditiraju.<\/p>\n<blockquote><p>Prolongiranje statusa privremenog povla\u0161\u0107enog proizvo\u0111a\u010da bilo bi skupo za dr\u017eavu<\/p><\/blockquote>\n<p>Produ\u017eetak tog statusa, prema re\u010dima Atanackovi\u0107, zna\u010dio bi odlaganje investicija, samim tim i ka\u0161njenje u ispunjavanju ciljeva o udelu obnovljivih izvora energije, kao i sve manje vremena da se Srbija pripremi za uvo\u0111enje <a href=\"https:\/\/balkangreenenergynews.com\/rs\/postepeno-uvodenje-takse-na-co2-uz-integraciju-trzista-najbolja-opcija-za-energetsku-zajednicu\/\">prekograni\u010dne takse na CO2<\/a>, koju priprema Evropska unija.<\/p>\n<p>Stoga bi odlaganje skupo ko\u0161talo dr\u017eavu, dodala je.<\/p>\n<figure id=\"attachment_36849\" aria-describedby=\"caption-attachment-36849\" style=\"width: 840px\" class=\"wp-caption aligncenter\"><img loading=\"lazy\" decoding=\"async\" class=\"wp-image-36849 size-full\" src=\"https:\/\/balkangreenenergynews.com\/rs\/wp-content\/uploads\/2021\/02\/javna-rasprava-zakoni-oie-jovanka-atanackovic.jpg\" alt=\"javna rasprava zakoni oie jovanka atanackovic\" width=\"840\" height=\"430\" srcset=\"https:\/\/balkangreenenergynews.com\/rs\/wp-content\/uploads\/2021\/02\/javna-rasprava-zakoni-oie-jovanka-atanackovic.jpg 840w, https:\/\/balkangreenenergynews.com\/rs\/wp-content\/uploads\/2021\/02\/javna-rasprava-zakoni-oie-jovanka-atanackovic-500x256.jpg 500w, https:\/\/balkangreenenergynews.com\/rs\/wp-content\/uploads\/2021\/02\/javna-rasprava-zakoni-oie-jovanka-atanackovic-768x393.jpg 768w, https:\/\/balkangreenenergynews.com\/rs\/wp-content\/uploads\/2021\/02\/javna-rasprava-zakoni-oie-jovanka-atanackovic-300x154.jpg 300w\" sizes=\"auto, (max-width: 840px) 100vw, 840px\" \/><figcaption id=\"caption-attachment-36849\" class=\"wp-caption-text\">Jovanka Atanackovi\u0107, dr\u017eavni sekretar u Ministarstvu rudarstva i energetike<\/figcaption><\/figure>\n<p>Ministarstvo je ostavilo prostor da se dodatno defini\u0161e status zajednica obnovljivih izvora energije, koje bi trebalo da budu ono \u0161to su u EU energetske zadruge ili zajednice.<\/p>\n<p>Prema re\u0161enju u nacrtu zakona, zajednice ne bi mogle da ostvaruju profit, jer bi morale da budu formirane po zakonu o udru\u017eenjima, a ne o zadrugama. Ako bi bile formirane po zakonu o zadrugama, onda osniva\u010di ne bi mogla da budu pravna lica, a ideja je da zajednice osnivaju i fizi\u010dka i pravna lica, istakla je Atanackovi\u0107.<\/p>\n","protected":false},"excerpt":{"rendered":"<p>O propisima su u Privrednoj komori Srbije razgovarali predstavnici Ministarstva rudarstva i energetike sa predstavnicima gra\u0111ana, investitora, kompanija. <\/p>\n","protected":false},"author":23,"featured_media":36853,"comment_status":"open","ping_status":"open","sticky":false,"template":"","format":"standard","meta":{"_acf_changed":false,"_monsterinsights_skip_tracking":false,"_monsterinsights_sitenote_active":false,"_monsterinsights_sitenote_note":"","_monsterinsights_sitenote_category":0,"footnotes":""},"categories":[1],"tags":[5468,5985,5024,1445],"class_list":["post-36846","post","type-post","status-publish","format-standard","has-post-thumbnail","hentry","category-obnovljivi-izvori-energije","tag-balansiranje","tag-energetske-zajednice","tag-nekp","tag-prozjumeri","country-srbija"],"acf":[],"yoast_head":"<!-- This site is optimized with the Yoast SEO plugin v27.4 - https:\/\/yoast.com\/product\/yoast-seo-wordpress\/ -->\n<title>Odr\u017eana javna rasprava o novim zakonima o obnovljivoj energiji i energetskoj efikasnosti<\/title>\n<meta name=\"description\" content=\"O propisima su u Privrednoj komori Srbije razgovarali predstavnici Ministarstva rudarstva i energetike sa predstavnicima gra\u0111ana, investitora, kompanija.\" \/>\n<meta name=\"robots\" content=\"index, follow, max-snippet:-1, max-image-preview:large, max-video-preview:-1\" \/>\n<link rel=\"canonical\" href=\"https:\/\/balkangreenenergynews.com\/rs\/odrzana-javna-rasprava-o-novim-zakonima-o-obnovljivoj-energiji-i-energetskoj-efikasnosti\/\" \/>\n<meta property=\"og:locale\" content=\"sr_RS\" \/>\n<meta property=\"og:type\" content=\"article\" \/>\n<meta property=\"og:title\" content=\"Odr\u017eana javna rasprava o novim zakonima o obnovljivoj energiji i energetskoj efikasnosti\" \/>\n<meta property=\"og:description\" content=\"O propisima su u Privrednoj komori Srbije razgovarali predstavnici Ministarstva rudarstva i energetike sa predstavnicima gra\u0111ana, investitora, kompanija.\" \/>\n<meta property=\"og:url\" content=\"https:\/\/balkangreenenergynews.com\/rs\/odrzana-javna-rasprava-o-novim-zakonima-o-obnovljivoj-energiji-i-energetskoj-efikasnosti\/\" \/>\n<meta property=\"og:site_name\" content=\"Balkan Green Energy News\" \/>\n<meta property=\"article:published_time\" content=\"2021-02-03T16:51:07+00:00\" \/>\n<meta property=\"article:modified_time\" content=\"2021-02-04T08:59:38+00:00\" \/>\n<meta property=\"og:image\" content=\"https:\/\/balkangreenenergynews.com\/rs\/wp-content\/uploads\/2021\/02\/javna-rasprava-ministarstvo-zakon-oie-pks.jpg\" \/>\n\t<meta property=\"og:image:width\" content=\"840\" \/>\n\t<meta property=\"og:image:height\" content=\"430\" \/>\n\t<meta property=\"og:image:type\" content=\"image\/jpeg\" \/>\n<meta name=\"author\" content=\"Vladimir Spasi\u0107\" \/>\n<meta name=\"twitter:card\" content=\"summary_large_image\" \/>\n<meta name=\"twitter:label1\" content=\"\u041d\u0430\u043f\u0438\u0441\u0430\u043d\u043e \u043e\u0434\" \/>\n\t<meta name=\"twitter:data1\" content=\"Vladimir Spasi\u0107\" \/>\n\t<meta name=\"twitter:label2\" content=\"\u041f\u0440\u043e\u0446\u0435\u045a\u0435\u043d\u043e \u0432\u0440\u0435\u043c\u0435 \u0447\u0438\u0442\u0430\u045a\u0430\" \/>\n\t<meta name=\"twitter:data2\" content=\"4 \u043c\u0438\u043d\u0443\u0442\u0430\" \/>\n<script type=\"application\/ld+json\" class=\"yoast-schema-graph\">{\"@context\":\"https:\\\/\\\/schema.org\",\"@graph\":[{\"@type\":\"Article\",\"@id\":\"https:\\\/\\\/balkangreenenergynews.com\\\/rs\\\/odrzana-javna-rasprava-o-novim-zakonima-o-obnovljivoj-energiji-i-energetskoj-efikasnosti\\\/#article\",\"isPartOf\":{\"@id\":\"https:\\\/\\\/balkangreenenergynews.com\\\/rs\\\/odrzana-javna-rasprava-o-novim-zakonima-o-obnovljivoj-energiji-i-energetskoj-efikasnosti\\\/\"},\"author\":{\"name\":\"Vladimir Spasi\u0107\",\"@id\":\"https:\\\/\\\/balkangreenenergynews.com\\\/rs\\\/#\\\/schema\\\/person\\\/99dc721c46113fea22caffad06ef7317\"},\"headline\":\"Odr\u017eana javna rasprava o novim zakonima o obnovljivoj energiji i energetskoj efikasnosti\",\"datePublished\":\"2021-02-03T16:51:07+00:00\",\"dateModified\":\"2021-02-04T08:59:38+00:00\",\"mainEntityOfPage\":{\"@id\":\"https:\\\/\\\/balkangreenenergynews.com\\\/rs\\\/odrzana-javna-rasprava-o-novim-zakonima-o-obnovljivoj-energiji-i-energetskoj-efikasnosti\\\/\"},\"wordCount\":874,\"commentCount\":1,\"image\":{\"@id\":\"https:\\\/\\\/balkangreenenergynews.com\\\/rs\\\/odrzana-javna-rasprava-o-novim-zakonima-o-obnovljivoj-energiji-i-energetskoj-efikasnosti\\\/#primaryimage\"},\"thumbnailUrl\":\"https:\\\/\\\/balkangreenenergynews.com\\\/rs\\\/wp-content\\\/uploads\\\/2021\\\/02\\\/javna-rasprava-ministarstvo-zakon-oie-pks.jpg?wsr\",\"keywords\":[\"balansiranje\",\"energetske zajednice\",\"NEKP\",\"prozjumeri\"],\"articleSection\":[\"OIE\"],\"inLanguage\":\"sr-RS\",\"potentialAction\":[{\"@type\":\"CommentAction\",\"name\":\"Comment\",\"target\":[\"https:\\\/\\\/balkangreenenergynews.com\\\/rs\\\/odrzana-javna-rasprava-o-novim-zakonima-o-obnovljivoj-energiji-i-energetskoj-efikasnosti\\\/#respond\"]}]},{\"@type\":\"WebPage\",\"@id\":\"https:\\\/\\\/balkangreenenergynews.com\\\/rs\\\/odrzana-javna-rasprava-o-novim-zakonima-o-obnovljivoj-energiji-i-energetskoj-efikasnosti\\\/\",\"url\":\"https:\\\/\\\/balkangreenenergynews.com\\\/rs\\\/odrzana-javna-rasprava-o-novim-zakonima-o-obnovljivoj-energiji-i-energetskoj-efikasnosti\\\/\",\"name\":\"Odr\u017eana javna rasprava o novim zakonima o obnovljivoj energiji i energetskoj efikasnosti\",\"isPartOf\":{\"@id\":\"https:\\\/\\\/balkangreenenergynews.com\\\/rs\\\/#website\"},\"primaryImageOfPage\":{\"@id\":\"https:\\\/\\\/balkangreenenergynews.com\\\/rs\\\/odrzana-javna-rasprava-o-novim-zakonima-o-obnovljivoj-energiji-i-energetskoj-efikasnosti\\\/#primaryimage\"},\"image\":{\"@id\":\"https:\\\/\\\/balkangreenenergynews.com\\\/rs\\\/odrzana-javna-rasprava-o-novim-zakonima-o-obnovljivoj-energiji-i-energetskoj-efikasnosti\\\/#primaryimage\"},\"thumbnailUrl\":\"https:\\\/\\\/balkangreenenergynews.com\\\/rs\\\/wp-content\\\/uploads\\\/2021\\\/02\\\/javna-rasprava-ministarstvo-zakon-oie-pks.jpg?wsr\",\"datePublished\":\"2021-02-03T16:51:07+00:00\",\"dateModified\":\"2021-02-04T08:59:38+00:00\",\"author\":{\"@id\":\"https:\\\/\\\/balkangreenenergynews.com\\\/rs\\\/#\\\/schema\\\/person\\\/99dc721c46113fea22caffad06ef7317\"},\"description\":\"O propisima su u Privrednoj komori Srbije razgovarali predstavnici Ministarstva rudarstva i energetike sa predstavnicima gra\u0111ana, investitora, kompanija.\",\"breadcrumb\":{\"@id\":\"https:\\\/\\\/balkangreenenergynews.com\\\/rs\\\/odrzana-javna-rasprava-o-novim-zakonima-o-obnovljivoj-energiji-i-energetskoj-efikasnosti\\\/#breadcrumb\"},\"inLanguage\":\"sr-RS\",\"potentialAction\":[{\"@type\":\"ReadAction\",\"target\":[\"https:\\\/\\\/balkangreenenergynews.com\\\/rs\\\/odrzana-javna-rasprava-o-novim-zakonima-o-obnovljivoj-energiji-i-energetskoj-efikasnosti\\\/\"]}]},{\"@type\":\"ImageObject\",\"inLanguage\":\"sr-RS\",\"@id\":\"https:\\\/\\\/balkangreenenergynews.com\\\/rs\\\/odrzana-javna-rasprava-o-novim-zakonima-o-obnovljivoj-energiji-i-energetskoj-efikasnosti\\\/#primaryimage\",\"url\":\"https:\\\/\\\/balkangreenenergynews.com\\\/rs\\\/wp-content\\\/uploads\\\/2021\\\/02\\\/javna-rasprava-ministarstvo-zakon-oie-pks.jpg?wsr\",\"contentUrl\":\"https:\\\/\\\/balkangreenenergynews.com\\\/rs\\\/wp-content\\\/uploads\\\/2021\\\/02\\\/javna-rasprava-ministarstvo-zakon-oie-pks.jpg?wsr\",\"width\":840,\"height\":430,\"caption\":\"javna rasprava ministarstvo zakon oie pks\"},{\"@type\":\"BreadcrumbList\",\"@id\":\"https:\\\/\\\/balkangreenenergynews.com\\\/rs\\\/odrzana-javna-rasprava-o-novim-zakonima-o-obnovljivoj-energiji-i-energetskoj-efikasnosti\\\/#breadcrumb\",\"itemListElement\":[{\"@type\":\"ListItem\",\"position\":1,\"name\":\"Po\u010detna\",\"item\":\"https:\\\/\\\/balkangreenenergynews.com\\\/rs\\\/\"},{\"@type\":\"ListItem\",\"position\":2,\"name\":\"Vesti\",\"item\":\"https:\\\/\\\/balkangreenenergynews.com\\\/rs\\\/kategorija\\\/vesti\\\/\"},{\"@type\":\"ListItem\",\"position\":3,\"name\":\"OIE\",\"item\":\"https:\\\/\\\/balkangreenenergynews.com\\\/rs\\\/kategorija\\\/vesti\\\/obnovljivi-izvori-energije\\\/\"},{\"@type\":\"ListItem\",\"position\":4,\"name\":\"Odr\u017eana javna rasprava o novim zakonima o obnovljivoj energiji i energetskoj efikasnosti\"}]},{\"@type\":\"WebSite\",\"@id\":\"https:\\\/\\\/balkangreenenergynews.com\\\/rs\\\/#website\",\"url\":\"https:\\\/\\\/balkangreenenergynews.com\\\/rs\\\/\",\"name\":\"Balkan Green Energy News\",\"description\":\"Naj\u0161iri izbor vesti sa Balkana o zelenoj energiji\",\"potentialAction\":[{\"@type\":\"SearchAction\",\"target\":{\"@type\":\"EntryPoint\",\"urlTemplate\":\"https:\\\/\\\/balkangreenenergynews.com\\\/rs\\\/?s={search_term_string}\"},\"query-input\":{\"@type\":\"PropertyValueSpecification\",\"valueRequired\":true,\"valueName\":\"search_term_string\"}}],\"inLanguage\":\"sr-RS\"},{\"@type\":\"Person\",\"@id\":\"https:\\\/\\\/balkangreenenergynews.com\\\/rs\\\/#\\\/schema\\\/person\\\/99dc721c46113fea22caffad06ef7317\",\"name\":\"Vladimir Spasi\u0107\",\"url\":\"https:\\\/\\\/balkangreenenergynews.com\\\/rs\\\/author\\\/vladimir-spasic\\\/\"}]}<\/script>\n<!-- \/ Yoast SEO plugin. -->","yoast_head_json":{"title":"Odr\u017eana javna rasprava o novim zakonima o obnovljivoj energiji i energetskoj efikasnosti","description":"O propisima su u Privrednoj komori Srbije razgovarali predstavnici Ministarstva rudarstva i energetike sa predstavnicima gra\u0111ana, investitora, kompanija.","robots":{"index":"index","follow":"follow","max-snippet":"max-snippet:-1","max-image-preview":"max-image-preview:large","max-video-preview":"max-video-preview:-1"},"canonical":"https:\/\/balkangreenenergynews.com\/rs\/odrzana-javna-rasprava-o-novim-zakonima-o-obnovljivoj-energiji-i-energetskoj-efikasnosti\/","og_locale":"sr_RS","og_type":"article","og_title":"Odr\u017eana javna rasprava o novim zakonima o obnovljivoj energiji i energetskoj efikasnosti","og_description":"O propisima su u Privrednoj komori Srbije razgovarali predstavnici Ministarstva rudarstva i energetike sa predstavnicima gra\u0111ana, investitora, kompanija.","og_url":"https:\/\/balkangreenenergynews.com\/rs\/odrzana-javna-rasprava-o-novim-zakonima-o-obnovljivoj-energiji-i-energetskoj-efikasnosti\/","og_site_name":"Balkan Green Energy News","article_published_time":"2021-02-03T16:51:07+00:00","article_modified_time":"2021-02-04T08:59:38+00:00","og_image":[{"width":840,"height":430,"url":"https:\/\/balkangreenenergynews.com\/rs\/wp-content\/uploads\/2021\/02\/javna-rasprava-ministarstvo-zakon-oie-pks.jpg","type":"image\/jpeg"}],"author":"Vladimir Spasi\u0107","twitter_card":"summary_large_image","twitter_misc":{"\u041d\u0430\u043f\u0438\u0441\u0430\u043d\u043e \u043e\u0434":"Vladimir Spasi\u0107","\u041f\u0440\u043e\u0446\u0435\u045a\u0435\u043d\u043e \u0432\u0440\u0435\u043c\u0435 \u0447\u0438\u0442\u0430\u045a\u0430":"4 \u043c\u0438\u043d\u0443\u0442\u0430"},"schema":{"@context":"https:\/\/schema.org","@graph":[{"@type":"Article","@id":"https:\/\/balkangreenenergynews.com\/rs\/odrzana-javna-rasprava-o-novim-zakonima-o-obnovljivoj-energiji-i-energetskoj-efikasnosti\/#article","isPartOf":{"@id":"https:\/\/balkangreenenergynews.com\/rs\/odrzana-javna-rasprava-o-novim-zakonima-o-obnovljivoj-energiji-i-energetskoj-efikasnosti\/"},"author":{"name":"Vladimir Spasi\u0107","@id":"https:\/\/balkangreenenergynews.com\/rs\/#\/schema\/person\/99dc721c46113fea22caffad06ef7317"},"headline":"Odr\u017eana javna rasprava o novim zakonima o obnovljivoj energiji i energetskoj efikasnosti","datePublished":"2021-02-03T16:51:07+00:00","dateModified":"2021-02-04T08:59:38+00:00","mainEntityOfPage":{"@id":"https:\/\/balkangreenenergynews.com\/rs\/odrzana-javna-rasprava-o-novim-zakonima-o-obnovljivoj-energiji-i-energetskoj-efikasnosti\/"},"wordCount":874,"commentCount":1,"image":{"@id":"https:\/\/balkangreenenergynews.com\/rs\/odrzana-javna-rasprava-o-novim-zakonima-o-obnovljivoj-energiji-i-energetskoj-efikasnosti\/#primaryimage"},"thumbnailUrl":"https:\/\/balkangreenenergynews.com\/rs\/wp-content\/uploads\/2021\/02\/javna-rasprava-ministarstvo-zakon-oie-pks.jpg?wsr","keywords":["balansiranje","energetske zajednice","NEKP","prozjumeri"],"articleSection":["OIE"],"inLanguage":"sr-RS","potentialAction":[{"@type":"CommentAction","name":"Comment","target":["https:\/\/balkangreenenergynews.com\/rs\/odrzana-javna-rasprava-o-novim-zakonima-o-obnovljivoj-energiji-i-energetskoj-efikasnosti\/#respond"]}]},{"@type":"WebPage","@id":"https:\/\/balkangreenenergynews.com\/rs\/odrzana-javna-rasprava-o-novim-zakonima-o-obnovljivoj-energiji-i-energetskoj-efikasnosti\/","url":"https:\/\/balkangreenenergynews.com\/rs\/odrzana-javna-rasprava-o-novim-zakonima-o-obnovljivoj-energiji-i-energetskoj-efikasnosti\/","name":"Odr\u017eana javna rasprava o novim zakonima o obnovljivoj energiji i energetskoj efikasnosti","isPartOf":{"@id":"https:\/\/balkangreenenergynews.com\/rs\/#website"},"primaryImageOfPage":{"@id":"https:\/\/balkangreenenergynews.com\/rs\/odrzana-javna-rasprava-o-novim-zakonima-o-obnovljivoj-energiji-i-energetskoj-efikasnosti\/#primaryimage"},"image":{"@id":"https:\/\/balkangreenenergynews.com\/rs\/odrzana-javna-rasprava-o-novim-zakonima-o-obnovljivoj-energiji-i-energetskoj-efikasnosti\/#primaryimage"},"thumbnailUrl":"https:\/\/balkangreenenergynews.com\/rs\/wp-content\/uploads\/2021\/02\/javna-rasprava-ministarstvo-zakon-oie-pks.jpg?wsr","datePublished":"2021-02-03T16:51:07+00:00","dateModified":"2021-02-04T08:59:38+00:00","author":{"@id":"https:\/\/balkangreenenergynews.com\/rs\/#\/schema\/person\/99dc721c46113fea22caffad06ef7317"},"description":"O propisima su u Privrednoj komori Srbije razgovarali predstavnici Ministarstva rudarstva i energetike sa predstavnicima gra\u0111ana, investitora, kompanija.","breadcrumb":{"@id":"https:\/\/balkangreenenergynews.com\/rs\/odrzana-javna-rasprava-o-novim-zakonima-o-obnovljivoj-energiji-i-energetskoj-efikasnosti\/#breadcrumb"},"inLanguage":"sr-RS","potentialAction":[{"@type":"ReadAction","target":["https:\/\/balkangreenenergynews.com\/rs\/odrzana-javna-rasprava-o-novim-zakonima-o-obnovljivoj-energiji-i-energetskoj-efikasnosti\/"]}]},{"@type":"ImageObject","inLanguage":"sr-RS","@id":"https:\/\/balkangreenenergynews.com\/rs\/odrzana-javna-rasprava-o-novim-zakonima-o-obnovljivoj-energiji-i-energetskoj-efikasnosti\/#primaryimage","url":"https:\/\/balkangreenenergynews.com\/rs\/wp-content\/uploads\/2021\/02\/javna-rasprava-ministarstvo-zakon-oie-pks.jpg?wsr","contentUrl":"https:\/\/balkangreenenergynews.com\/rs\/wp-content\/uploads\/2021\/02\/javna-rasprava-ministarstvo-zakon-oie-pks.jpg?wsr","width":840,"height":430,"caption":"javna rasprava ministarstvo zakon oie pks"},{"@type":"BreadcrumbList","@id":"https:\/\/balkangreenenergynews.com\/rs\/odrzana-javna-rasprava-o-novim-zakonima-o-obnovljivoj-energiji-i-energetskoj-efikasnosti\/#breadcrumb","itemListElement":[{"@type":"ListItem","position":1,"name":"Po\u010detna","item":"https:\/\/balkangreenenergynews.com\/rs\/"},{"@type":"ListItem","position":2,"name":"Vesti","item":"https:\/\/balkangreenenergynews.com\/rs\/kategorija\/vesti\/"},{"@type":"ListItem","position":3,"name":"OIE","item":"https:\/\/balkangreenenergynews.com\/rs\/kategorija\/vesti\/obnovljivi-izvori-energije\/"},{"@type":"ListItem","position":4,"name":"Odr\u017eana javna rasprava o novim zakonima o obnovljivoj energiji i energetskoj efikasnosti"}]},{"@type":"WebSite","@id":"https:\/\/balkangreenenergynews.com\/rs\/#website","url":"https:\/\/balkangreenenergynews.com\/rs\/","name":"Balkan Green Energy News","description":"Naj\u0161iri izbor vesti sa Balkana o zelenoj energiji","potentialAction":[{"@type":"SearchAction","target":{"@type":"EntryPoint","urlTemplate":"https:\/\/balkangreenenergynews.com\/rs\/?s={search_term_string}"},"query-input":{"@type":"PropertyValueSpecification","valueRequired":true,"valueName":"search_term_string"}}],"inLanguage":"sr-RS"},{"@type":"Person","@id":"https:\/\/balkangreenenergynews.com\/rs\/#\/schema\/person\/99dc721c46113fea22caffad06ef7317","name":"Vladimir Spasi\u0107","url":"https:\/\/balkangreenenergynews.com\/rs\/author\/vladimir-spasic\/"}]}},"_links":{"self":[{"href":"https:\/\/balkangreenenergynews.com\/rs\/wp-json\/wp\/v2\/posts\/36846","targetHints":{"allow":["GET"]}}],"collection":[{"href":"https:\/\/balkangreenenergynews.com\/rs\/wp-json\/wp\/v2\/posts"}],"about":[{"href":"https:\/\/balkangreenenergynews.com\/rs\/wp-json\/wp\/v2\/types\/post"}],"author":[{"embeddable":true,"href":"https:\/\/balkangreenenergynews.com\/rs\/wp-json\/wp\/v2\/users\/23"}],"replies":[{"embeddable":true,"href":"https:\/\/balkangreenenergynews.com\/rs\/wp-json\/wp\/v2\/comments?post=36846"}],"version-history":[{"count":0,"href":"https:\/\/balkangreenenergynews.com\/rs\/wp-json\/wp\/v2\/posts\/36846\/revisions"}],"wp:featuredmedia":[{"embeddable":true,"href":"https:\/\/balkangreenenergynews.com\/rs\/wp-json\/wp\/v2\/media\/36853"}],"wp:attachment":[{"href":"https:\/\/balkangreenenergynews.com\/rs\/wp-json\/wp\/v2\/media?parent=36846"}],"wp:term":[{"taxonomy":"category","embeddable":true,"href":"https:\/\/balkangreenenergynews.com\/rs\/wp-json\/wp\/v2\/categories?post=36846"},{"taxonomy":"post_tag","embeddable":true,"href":"https:\/\/balkangreenenergynews.com\/rs\/wp-json\/wp\/v2\/tags?post=36846"}],"curies":[{"name":"wp","href":"https:\/\/api.w.org\/{rel}","templated":true}]}}