{"id":33768,"date":"2020-09-18T17:27:33","date_gmt":"2020-09-18T15:27:33","guid":{"rendered":"https:\/\/balkangreenenergynews.com\/rs\/?p=33768"},"modified":"2020-09-18T19:28:30","modified_gmt":"2020-09-18T17:28:30","slug":"srbija-obelezava-evropsku-nedelju-mobilnosti-uz-promociju-odrzivih-resenja","status":"publish","type":"post","link":"https:\/\/balkangreenenergynews.com\/rs\/srbija-obelezava-evropsku-nedelju-mobilnosti-uz-promociju-odrzivih-resenja\/","title":{"rendered":"Srbija obele\u017eava Evropsku nedelju mobilnosti uz promociju odr\u017eivih re\u0161enja"},"content":{"rendered":"<h2>Ove godine je 27 gradova i op\u0161tina organizovalo aktivnosti za Evropsku nedelju mobilnosti, pa se tako Srbija pridru\u017eila grupi od preko 2.600 lokalnih samouprava \u0161irom kontinenta, podsetio je ambasador Sem Fabrizi, \u0161ef Delegacije Evropske unije.<\/h2>\n<p>Srbija je zapo\u010dela Evropsku nedelju mobilnosti 2020. sve\u010dano\u0161\u0107u <a href=\"https:\/\/balkangreenenergynews.com\/rs\/odrziva-urbana-mobilnost-je-tema-na-kojoj-zajednicki-rade-giz-orf-ee-i-asocijacija-lokalnih-samouprava\/\">u Kru\u0161evcu,<\/a> koji je dobio <a href=\"https:\/\/balkangreenenergynews.com\/rs\/krusevac-osvojio-nagradu-evropske-nedelje-mobilnosti-za-2019\/\">nagradu Evropske nedelje mobilnosti<\/a> za pro\u0161lu godinu u kategoriji ve\u0107ih op\u0161tina. \u0160ef <a href=\"https:\/\/europa.rs\/evropska-nedelja-mobilnosti-pesacenjem-i-voznjom-bicikla-do-zdravije-okoline-ali-i-vrednih-nagrada\/\">Delegacije Evropske unije u Srbiji,<\/a> ambasador Sem Fabrizi, uru\u010dio je priznanje gradona\u010delnici Jasmini Palurovi\u0107 u ime evropske komesarke za saobra\u0107aj Adine-Ioane V\u0103lean.<\/p>\n<p><iframe loading=\"lazy\" title=\"Otvaranje Evropske nedelje mobilnosti u Kru\u0161evcu\" width=\"500\" height=\"281\" src=\"https:\/\/www.youtube.com\/embed\/BgkbfjmelDg?feature=oembed\" frameborder=\"0\" allow=\"accelerometer; autoplay; clipboard-write; encrypted-media; gyroscope; picture-in-picture; web-share\" referrerpolicy=\"strict-origin-when-cross-origin\" allowfullscreen><\/iframe><\/p>\n<h3><span style=\"\">Ove godine u\u010destvuje preko 2.600 lokalnih zajednica<\/span><\/h3>\n<p>&#8222;Danas smo ovde u Kru\u0161evcu da pozovemo sve gradove na u\u010de\u0161\u0107e u Evropskoj nedelji mobilnosti. To je sjajan doga\u0111aj, <a href=\"https:\/\/balkangreenenergynews.com\/rs\/jesen-u-evropi-u-znaku-urbane-mobilnosti\/\">koji se obele\u017eava \u0161irom Evrope, \u0161irom Srbije.<\/a> Od 16. do 22. septembra, u 49 zemalja Evrope, u vi\u0161e od 2.600 gradova obele\u017eava se isto \u0161to se de\u0161ava i u Kru\u0161evcu\u201d, rekao je na doga\u0111aju.<\/p>\n<p>Fabrici je naglasio da ove godine Evropska nedelja mobilnosti ima moto &#8222;Mobilnost za sve bez \u0161tetnih gasova&#8220;. Prva poruka je da je potrebno smanjiti zaga\u0111enost vazduha, druga poruka odnosi se na povezanost kretanja i zdravlja ljudi, a tre\u0107i element jeste javni prostor, koji pripada gra\u0111anima, a ne automobilima, rekao je.<\/p>\n<blockquote><p>Jedna od poruka Evropske nedelje mobilnosti jeste da se mora smanjiti zaga\u0111enost vazduha<\/p><\/blockquote>\n<p>\u201cU Kru\u0161evcu i u jo\u0161 26 gradova i lokalnih zajednica \u0161irom zemlje, ljudi u\u010destvuju u razli\u010ditim aktivnostima kao \u0161to su hodanje, tr\u010danje, vo\u017enja bicikla, vo\u017enja elektri\u010dnih skutera i vo\u017enja elektri\u010dnim automobilima. Evropska unija je pokrenula revolucionarnu ideju \u2013 Zeleni dogovor \u2013 kojim se te\u017ei da \u010ditav kontinent postane neutralan kada je u pitanju emisija ugljenika, i to do 2050. godine&#8220;, dodao je ambasador.<\/p>\n<p>U Beogradu \u0107e se sutra obele\u017eiti Dan bez automobila.<\/p>\n<figure id=\"attachment_33772\" aria-describedby=\"caption-attachment-33772\" style=\"width: 795px\" class=\"wp-caption aligncenter\"><img loading=\"lazy\" decoding=\"async\" class=\"wp-image-33772 size-full\" src=\"https:\/\/balkangreenenergynews.com\/rs\/wp-content\/uploads\/2020\/09\/Srbija-Evropsku-nedelju-mobilnosti-promociju-odrzivih.jpg\" alt=\"Srbija Evropsku nedelju mobilnosti promociju odrzivih\" width=\"795\" height=\"407\" srcset=\"https:\/\/balkangreenenergynews.com\/rs\/wp-content\/uploads\/2020\/09\/Srbija-Evropsku-nedelju-mobilnosti-promociju-odrzivih.jpg 795w, https:\/\/balkangreenenergynews.com\/rs\/wp-content\/uploads\/2020\/09\/Srbija-Evropsku-nedelju-mobilnosti-promociju-odrzivih-500x256.jpg 500w, https:\/\/balkangreenenergynews.com\/rs\/wp-content\/uploads\/2020\/09\/Srbija-Evropsku-nedelju-mobilnosti-promociju-odrzivih-768x393.jpg 768w, https:\/\/balkangreenenergynews.com\/rs\/wp-content\/uploads\/2020\/09\/Srbija-Evropsku-nedelju-mobilnosti-promociju-odrzivih-300x154.jpg 300w\" sizes=\"auto, (max-width: 795px) 100vw, 795px\" \/><figcaption id=\"caption-attachment-33772\" class=\"wp-caption-text\">Slika: Ambasador Sem Fabrizi uru\u010duje gradona\u010delnici Jasmini Palurovi\u0107 priznanje koje je Kru\u0161evac osvojio (Delegacija EU u Srbiji)<\/figcaption><\/figure>\n<h3><span style=\"\">Standardi EU su najbolji za okolinu, razvoj, dru\u0161tvo u Srbiji<\/span><\/h3>\n<p>Potpredsednica vlade i ministarka gra\u0111evinarstva, saobra\u0107aja i infrastrukture Zorana Mihajlovi\u0107 izjavila je da je Evropska nedelja mobilnosti va\u017ena za EU, ali i za Srbiju, i dodala da dr\u017eava \u017eeli da uskladi standarde s onima u EU kao najboljima za \u017eivotnu sredinu, razvoj i dru\u0161tvo. Aktivnosti u Srbiji u okviru kampanje koordini\u0161u Stalna konferencija gradova i op\u0161tina i njeno ministarstvo.<\/p>\n<p>Mihajlovi\u0107 je pozvala druge gradove da se anga\u017euju u mobilnosti, i to ne samo u ovoj nedelji, ve\u0107 tokom \u010ditave godine. Od slede\u0107e godine ministarstvo \u0107e dodeljivati nagradu vrednu million dinara, koja \u0107e biti podsticaj lokalnim samoupravama kako bi se vi\u0161e bavile urbanom mobilno\u0161\u0107u, najavila je.<\/p>\n<figure id=\"attachment_33794\" aria-describedby=\"caption-attachment-33794\" style=\"width: 695px\" class=\"wp-caption aligncenter\"><img loading=\"lazy\" decoding=\"async\" class=\"wp-image-33794\" src=\"https:\/\/balkangreenenergynews.com\/rs\/wp-content\/uploads\/2020\/09\/Srbija-Evropsku-nedelju-mobilnosti-uz-promociju-odrzivih.jpg\" alt=\"Srbija Evropsku nedelju mobilnosti uz promociju odrzivih\" width=\"695\" height=\"419\" srcset=\"https:\/\/balkangreenenergynews.com\/rs\/wp-content\/uploads\/2020\/09\/Srbija-Evropsku-nedelju-mobilnosti-uz-promociju-odrzivih.jpg 795w, https:\/\/balkangreenenergynews.com\/rs\/wp-content\/uploads\/2020\/09\/Srbija-Evropsku-nedelju-mobilnosti-uz-promociju-odrzivih-500x301.jpg 500w, https:\/\/balkangreenenergynews.com\/rs\/wp-content\/uploads\/2020\/09\/Srbija-Evropsku-nedelju-mobilnosti-uz-promociju-odrzivih-768x463.jpg 768w, https:\/\/balkangreenenergynews.com\/rs\/wp-content\/uploads\/2020\/09\/Srbija-Evropsku-nedelju-mobilnosti-uz-promociju-odrzivih-300x181.jpg 300w\" sizes=\"auto, (max-width: 695px) 100vw, 695px\" \/><figcaption id=\"caption-attachment-33794\" class=\"wp-caption-text\">Slika: Fabrizi vozi elektri\u010dni trotinet (Delegacija EU u Srbiji)<\/figcaption><\/figure>\n<h3><span style=\"\">Nagrade za Endomondo izazov<\/span><\/h3>\n<p>Za korisnike mobilne aplikacije Endomondo koji utro\u0161e najvi\u0161e kalorija \u0161etnjom, vo\u017enjom bicikla ili rolera do 21. septembra spremljene su nagrade.<\/p>\n<p>Ova kampanja, koja je po\u010dela 2002, daje ljudima priliku da istra\u017ee ulogu gradskih ulica i isprobavaju prakti\u010dna re\u0161enja za re\u0161avanje urbanih izazova poput zaga\u0111enja vazduha. Cilj je da se promovi\u0161u \u010dista mobilnost i odr\u017eivi gradski prevoz i da se na taj na\u010din pobolj\u0161aju javno zdravlje i kvalitet \u017eivota.<\/p>\n<p>Evropska nedelja mobilnosti ukazuje stanovni\u0161tvu na odr\u017eiva re\u0161enja za mobilnost, kao i na prepreke. Gradovi svojim u\u010de\u0161\u0107em mogu da poka\u017eu prednosti \u010distijih izbora prevoza i postignu napredak u mobilnosti u Evropi.<\/p>\n","protected":false},"excerpt":{"rendered":"<p>Ove godine je 27 gradova i op\u0161tina organizovalo aktivnosti za Evropsku nedelju mobilnosti, pa se&#8230;<\/p>\n","protected":false},"author":27,"featured_media":33795,"comment_status":"open","ping_status":"closed","sticky":false,"template":"","format":"standard","meta":{"_acf_changed":false,"_monsterinsights_skip_tracking":false,"_monsterinsights_sitenote_active":false,"_monsterinsights_sitenote_note":"","_monsterinsights_sitenote_category":0,"footnotes":""},"categories":[7,4],"tags":[2696,1358],"class_list":["post-33768","post","type-post","status-publish","format-standard","has-post-thumbnail","hentry","category-mobilnost","category-zivotna-sredina","tag-evropska-nedelja-mobilnosti","tag-mobilnost","country-srbija"],"acf":[],"yoast_head":"<!-- This site is optimized with the Yoast SEO plugin v27.4 - https:\/\/yoast.com\/product\/yoast-seo-wordpress\/ -->\n<title>Srbija obele\u017eava Evropsku nedelju mobilnosti uz promociju odr\u017eivih re\u0161enja<\/title>\n<meta name=\"description\" content=\"Ove godine je 27 gradova i op\u0161tina organizovalo aktivnosti za Evropsku nedelju mobilnosti i Srbija je deo panevropske manifestacije.\" \/>\n<meta name=\"robots\" content=\"index, follow, max-snippet:-1, max-image-preview:large, max-video-preview:-1\" \/>\n<link rel=\"canonical\" href=\"https:\/\/balkangreenenergynews.com\/rs\/srbija-obelezava-evropsku-nedelju-mobilnosti-uz-promociju-odrzivih-resenja\/\" \/>\n<meta property=\"og:locale\" content=\"sr_RS\" \/>\n<meta property=\"og:type\" content=\"article\" \/>\n<meta property=\"og:title\" content=\"Srbija obele\u017eava Evropsku nedelju mobilnosti uz promociju odr\u017eivih re\u0161enja\" \/>\n<meta property=\"og:description\" content=\"Ove godine je 27 gradova i op\u0161tina organizovalo aktivnosti za Evropsku nedelju mobilnosti i Srbija je deo panevropske manifestacije.\" \/>\n<meta property=\"og:url\" content=\"https:\/\/balkangreenenergynews.com\/rs\/srbija-obelezava-evropsku-nedelju-mobilnosti-uz-promociju-odrzivih-resenja\/\" \/>\n<meta property=\"og:site_name\" content=\"Balkan Green Energy News\" \/>\n<meta property=\"article:published_time\" content=\"2020-09-18T15:27:33+00:00\" \/>\n<meta property=\"article:modified_time\" content=\"2020-09-18T17:28:30+00:00\" \/>\n<meta property=\"og:image\" content=\"https:\/\/balkangreenenergynews.com\/rs\/wp-content\/uploads\/2020\/09\/Srbija-obelezava-Evropsku-nedelju-mobilnosti-odrzivih.jpg\" \/>\n\t<meta property=\"og:image:width\" content=\"795\" \/>\n\t<meta property=\"og:image:height\" content=\"407\" \/>\n\t<meta property=\"og:image:type\" content=\"image\/jpeg\" \/>\n<meta name=\"author\" content=\"Igor Todorovi\u0107\" \/>\n<meta name=\"twitter:card\" content=\"summary_large_image\" \/>\n<meta name=\"twitter:label1\" content=\"\u041d\u0430\u043f\u0438\u0441\u0430\u043d\u043e \u043e\u0434\" \/>\n\t<meta name=\"twitter:data1\" content=\"Igor Todorovi\u0107\" \/>\n\t<meta name=\"twitter:label2\" content=\"\u041f\u0440\u043e\u0446\u0435\u045a\u0435\u043d\u043e \u0432\u0440\u0435\u043c\u0435 \u0447\u0438\u0442\u0430\u045a\u0430\" \/>\n\t<meta name=\"twitter:data2\" content=\"3 \u043c\u0438\u043d\u0443\u0442\u0430\" \/>\n<script type=\"application\/ld+json\" class=\"yoast-schema-graph\">{\"@context\":\"https:\\\/\\\/schema.org\",\"@graph\":[{\"@type\":\"Article\",\"@id\":\"https:\\\/\\\/balkangreenenergynews.com\\\/rs\\\/srbija-obelezava-evropsku-nedelju-mobilnosti-uz-promociju-odrzivih-resenja\\\/#article\",\"isPartOf\":{\"@id\":\"https:\\\/\\\/balkangreenenergynews.com\\\/rs\\\/srbija-obelezava-evropsku-nedelju-mobilnosti-uz-promociju-odrzivih-resenja\\\/\"},\"author\":{\"name\":\"Igor Todorovi\u0107\",\"@id\":\"https:\\\/\\\/balkangreenenergynews.com\\\/rs\\\/#\\\/schema\\\/person\\\/d8f80a244c4e9f2b55e4f6968c253246\"},\"headline\":\"Srbija obele\u017eava Evropsku nedelju mobilnosti uz promociju odr\u017eivih re\u0161enja\",\"datePublished\":\"2020-09-18T15:27:33+00:00\",\"dateModified\":\"2020-09-18T17:28:30+00:00\",\"mainEntityOfPage\":{\"@id\":\"https:\\\/\\\/balkangreenenergynews.com\\\/rs\\\/srbija-obelezava-evropsku-nedelju-mobilnosti-uz-promociju-odrzivih-resenja\\\/\"},\"wordCount\":611,\"commentCount\":0,\"image\":{\"@id\":\"https:\\\/\\\/balkangreenenergynews.com\\\/rs\\\/srbija-obelezava-evropsku-nedelju-mobilnosti-uz-promociju-odrzivih-resenja\\\/#primaryimage\"},\"thumbnailUrl\":\"https:\\\/\\\/balkangreenenergynews.com\\\/rs\\\/wp-content\\\/uploads\\\/2020\\\/09\\\/Srbija-obelezava-Evropsku-nedelju-mobilnosti-odrzivih.jpg?wsr\",\"keywords\":[\"Evropska nedelja mobilnosti\",\"mobilnost\"],\"articleSection\":[\"Mobilnost\",\"\u017divotna sredina\"],\"inLanguage\":\"sr-RS\",\"potentialAction\":[{\"@type\":\"CommentAction\",\"name\":\"Comment\",\"target\":[\"https:\\\/\\\/balkangreenenergynews.com\\\/rs\\\/srbija-obelezava-evropsku-nedelju-mobilnosti-uz-promociju-odrzivih-resenja\\\/#respond\"]}]},{\"@type\":\"WebPage\",\"@id\":\"https:\\\/\\\/balkangreenenergynews.com\\\/rs\\\/srbija-obelezava-evropsku-nedelju-mobilnosti-uz-promociju-odrzivih-resenja\\\/\",\"url\":\"https:\\\/\\\/balkangreenenergynews.com\\\/rs\\\/srbija-obelezava-evropsku-nedelju-mobilnosti-uz-promociju-odrzivih-resenja\\\/\",\"name\":\"Srbija obele\u017eava Evropsku nedelju mobilnosti uz promociju odr\u017eivih re\u0161enja\",\"isPartOf\":{\"@id\":\"https:\\\/\\\/balkangreenenergynews.com\\\/rs\\\/#website\"},\"primaryImageOfPage\":{\"@id\":\"https:\\\/\\\/balkangreenenergynews.com\\\/rs\\\/srbija-obelezava-evropsku-nedelju-mobilnosti-uz-promociju-odrzivih-resenja\\\/#primaryimage\"},\"image\":{\"@id\":\"https:\\\/\\\/balkangreenenergynews.com\\\/rs\\\/srbija-obelezava-evropsku-nedelju-mobilnosti-uz-promociju-odrzivih-resenja\\\/#primaryimage\"},\"thumbnailUrl\":\"https:\\\/\\\/balkangreenenergynews.com\\\/rs\\\/wp-content\\\/uploads\\\/2020\\\/09\\\/Srbija-obelezava-Evropsku-nedelju-mobilnosti-odrzivih.jpg?wsr\",\"datePublished\":\"2020-09-18T15:27:33+00:00\",\"dateModified\":\"2020-09-18T17:28:30+00:00\",\"author\":{\"@id\":\"https:\\\/\\\/balkangreenenergynews.com\\\/rs\\\/#\\\/schema\\\/person\\\/d8f80a244c4e9f2b55e4f6968c253246\"},\"description\":\"Ove godine je 27 gradova i op\u0161tina organizovalo aktivnosti za Evropsku nedelju mobilnosti i Srbija je deo panevropske manifestacije.\",\"breadcrumb\":{\"@id\":\"https:\\\/\\\/balkangreenenergynews.com\\\/rs\\\/srbija-obelezava-evropsku-nedelju-mobilnosti-uz-promociju-odrzivih-resenja\\\/#breadcrumb\"},\"inLanguage\":\"sr-RS\",\"potentialAction\":[{\"@type\":\"ReadAction\",\"target\":[\"https:\\\/\\\/balkangreenenergynews.com\\\/rs\\\/srbija-obelezava-evropsku-nedelju-mobilnosti-uz-promociju-odrzivih-resenja\\\/\"]}]},{\"@type\":\"ImageObject\",\"inLanguage\":\"sr-RS\",\"@id\":\"https:\\\/\\\/balkangreenenergynews.com\\\/rs\\\/srbija-obelezava-evropsku-nedelju-mobilnosti-uz-promociju-odrzivih-resenja\\\/#primaryimage\",\"url\":\"https:\\\/\\\/balkangreenenergynews.com\\\/rs\\\/wp-content\\\/uploads\\\/2020\\\/09\\\/Srbija-obelezava-Evropsku-nedelju-mobilnosti-odrzivih.jpg?wsr\",\"contentUrl\":\"https:\\\/\\\/balkangreenenergynews.com\\\/rs\\\/wp-content\\\/uploads\\\/2020\\\/09\\\/Srbija-obelezava-Evropsku-nedelju-mobilnosti-odrzivih.jpg?wsr\",\"width\":795,\"height\":407,\"caption\":\"Srbija obelezava Evropsku nedelju mobilnosti odrzivih\"},{\"@type\":\"BreadcrumbList\",\"@id\":\"https:\\\/\\\/balkangreenenergynews.com\\\/rs\\\/srbija-obelezava-evropsku-nedelju-mobilnosti-uz-promociju-odrzivih-resenja\\\/#breadcrumb\",\"itemListElement\":[{\"@type\":\"ListItem\",\"position\":1,\"name\":\"Po\u010detna\",\"item\":\"https:\\\/\\\/balkangreenenergynews.com\\\/rs\\\/\"},{\"@type\":\"ListItem\",\"position\":2,\"name\":\"Vesti\",\"item\":\"https:\\\/\\\/balkangreenenergynews.com\\\/rs\\\/kategorija\\\/vesti\\\/\"},{\"@type\":\"ListItem\",\"position\":3,\"name\":\"Mobilnost\",\"item\":\"https:\\\/\\\/balkangreenenergynews.com\\\/rs\\\/kategorija\\\/vesti\\\/mobilnost\\\/\"},{\"@type\":\"ListItem\",\"position\":4,\"name\":\"Srbija obele\u017eava Evropsku nedelju mobilnosti uz promociju odr\u017eivih re\u0161enja\"}]},{\"@type\":\"WebSite\",\"@id\":\"https:\\\/\\\/balkangreenenergynews.com\\\/rs\\\/#website\",\"url\":\"https:\\\/\\\/balkangreenenergynews.com\\\/rs\\\/\",\"name\":\"Balkan Green Energy News\",\"description\":\"Naj\u0161iri izbor vesti sa Balkana o zelenoj energiji\",\"potentialAction\":[{\"@type\":\"SearchAction\",\"target\":{\"@type\":\"EntryPoint\",\"urlTemplate\":\"https:\\\/\\\/balkangreenenergynews.com\\\/rs\\\/?s={search_term_string}\"},\"query-input\":{\"@type\":\"PropertyValueSpecification\",\"valueRequired\":true,\"valueName\":\"search_term_string\"}}],\"inLanguage\":\"sr-RS\"},{\"@type\":\"Person\",\"@id\":\"https:\\\/\\\/balkangreenenergynews.com\\\/rs\\\/#\\\/schema\\\/person\\\/d8f80a244c4e9f2b55e4f6968c253246\",\"name\":\"Igor Todorovi\u0107\",\"url\":\"https:\\\/\\\/balkangreenenergynews.com\\\/rs\\\/author\\\/igor-todorovic\\\/\"}]}<\/script>\n<!-- \/ Yoast SEO plugin. -->","yoast_head_json":{"title":"Srbija obele\u017eava Evropsku nedelju mobilnosti uz promociju odr\u017eivih re\u0161enja","description":"Ove godine je 27 gradova i op\u0161tina organizovalo aktivnosti za Evropsku nedelju mobilnosti i Srbija je deo panevropske manifestacije.","robots":{"index":"index","follow":"follow","max-snippet":"max-snippet:-1","max-image-preview":"max-image-preview:large","max-video-preview":"max-video-preview:-1"},"canonical":"https:\/\/balkangreenenergynews.com\/rs\/srbija-obelezava-evropsku-nedelju-mobilnosti-uz-promociju-odrzivih-resenja\/","og_locale":"sr_RS","og_type":"article","og_title":"Srbija obele\u017eava Evropsku nedelju mobilnosti uz promociju odr\u017eivih re\u0161enja","og_description":"Ove godine je 27 gradova i op\u0161tina organizovalo aktivnosti za Evropsku nedelju mobilnosti i Srbija je deo panevropske manifestacije.","og_url":"https:\/\/balkangreenenergynews.com\/rs\/srbija-obelezava-evropsku-nedelju-mobilnosti-uz-promociju-odrzivih-resenja\/","og_site_name":"Balkan Green Energy News","article_published_time":"2020-09-18T15:27:33+00:00","article_modified_time":"2020-09-18T17:28:30+00:00","og_image":[{"width":795,"height":407,"url":"https:\/\/balkangreenenergynews.com\/rs\/wp-content\/uploads\/2020\/09\/Srbija-obelezava-Evropsku-nedelju-mobilnosti-odrzivih.jpg","type":"image\/jpeg"}],"author":"Igor Todorovi\u0107","twitter_card":"summary_large_image","twitter_misc":{"\u041d\u0430\u043f\u0438\u0441\u0430\u043d\u043e \u043e\u0434":"Igor Todorovi\u0107","\u041f\u0440\u043e\u0446\u0435\u045a\u0435\u043d\u043e \u0432\u0440\u0435\u043c\u0435 \u0447\u0438\u0442\u0430\u045a\u0430":"3 \u043c\u0438\u043d\u0443\u0442\u0430"},"schema":{"@context":"https:\/\/schema.org","@graph":[{"@type":"Article","@id":"https:\/\/balkangreenenergynews.com\/rs\/srbija-obelezava-evropsku-nedelju-mobilnosti-uz-promociju-odrzivih-resenja\/#article","isPartOf":{"@id":"https:\/\/balkangreenenergynews.com\/rs\/srbija-obelezava-evropsku-nedelju-mobilnosti-uz-promociju-odrzivih-resenja\/"},"author":{"name":"Igor Todorovi\u0107","@id":"https:\/\/balkangreenenergynews.com\/rs\/#\/schema\/person\/d8f80a244c4e9f2b55e4f6968c253246"},"headline":"Srbija obele\u017eava Evropsku nedelju mobilnosti uz promociju odr\u017eivih re\u0161enja","datePublished":"2020-09-18T15:27:33+00:00","dateModified":"2020-09-18T17:28:30+00:00","mainEntityOfPage":{"@id":"https:\/\/balkangreenenergynews.com\/rs\/srbija-obelezava-evropsku-nedelju-mobilnosti-uz-promociju-odrzivih-resenja\/"},"wordCount":611,"commentCount":0,"image":{"@id":"https:\/\/balkangreenenergynews.com\/rs\/srbija-obelezava-evropsku-nedelju-mobilnosti-uz-promociju-odrzivih-resenja\/#primaryimage"},"thumbnailUrl":"https:\/\/balkangreenenergynews.com\/rs\/wp-content\/uploads\/2020\/09\/Srbija-obelezava-Evropsku-nedelju-mobilnosti-odrzivih.jpg?wsr","keywords":["Evropska nedelja mobilnosti","mobilnost"],"articleSection":["Mobilnost","\u017divotna sredina"],"inLanguage":"sr-RS","potentialAction":[{"@type":"CommentAction","name":"Comment","target":["https:\/\/balkangreenenergynews.com\/rs\/srbija-obelezava-evropsku-nedelju-mobilnosti-uz-promociju-odrzivih-resenja\/#respond"]}]},{"@type":"WebPage","@id":"https:\/\/balkangreenenergynews.com\/rs\/srbija-obelezava-evropsku-nedelju-mobilnosti-uz-promociju-odrzivih-resenja\/","url":"https:\/\/balkangreenenergynews.com\/rs\/srbija-obelezava-evropsku-nedelju-mobilnosti-uz-promociju-odrzivih-resenja\/","name":"Srbija obele\u017eava Evropsku nedelju mobilnosti uz promociju odr\u017eivih re\u0161enja","isPartOf":{"@id":"https:\/\/balkangreenenergynews.com\/rs\/#website"},"primaryImageOfPage":{"@id":"https:\/\/balkangreenenergynews.com\/rs\/srbija-obelezava-evropsku-nedelju-mobilnosti-uz-promociju-odrzivih-resenja\/#primaryimage"},"image":{"@id":"https:\/\/balkangreenenergynews.com\/rs\/srbija-obelezava-evropsku-nedelju-mobilnosti-uz-promociju-odrzivih-resenja\/#primaryimage"},"thumbnailUrl":"https:\/\/balkangreenenergynews.com\/rs\/wp-content\/uploads\/2020\/09\/Srbija-obelezava-Evropsku-nedelju-mobilnosti-odrzivih.jpg?wsr","datePublished":"2020-09-18T15:27:33+00:00","dateModified":"2020-09-18T17:28:30+00:00","author":{"@id":"https:\/\/balkangreenenergynews.com\/rs\/#\/schema\/person\/d8f80a244c4e9f2b55e4f6968c253246"},"description":"Ove godine je 27 gradova i op\u0161tina organizovalo aktivnosti za Evropsku nedelju mobilnosti i Srbija je deo panevropske manifestacije.","breadcrumb":{"@id":"https:\/\/balkangreenenergynews.com\/rs\/srbija-obelezava-evropsku-nedelju-mobilnosti-uz-promociju-odrzivih-resenja\/#breadcrumb"},"inLanguage":"sr-RS","potentialAction":[{"@type":"ReadAction","target":["https:\/\/balkangreenenergynews.com\/rs\/srbija-obelezava-evropsku-nedelju-mobilnosti-uz-promociju-odrzivih-resenja\/"]}]},{"@type":"ImageObject","inLanguage":"sr-RS","@id":"https:\/\/balkangreenenergynews.com\/rs\/srbija-obelezava-evropsku-nedelju-mobilnosti-uz-promociju-odrzivih-resenja\/#primaryimage","url":"https:\/\/balkangreenenergynews.com\/rs\/wp-content\/uploads\/2020\/09\/Srbija-obelezava-Evropsku-nedelju-mobilnosti-odrzivih.jpg?wsr","contentUrl":"https:\/\/balkangreenenergynews.com\/rs\/wp-content\/uploads\/2020\/09\/Srbija-obelezava-Evropsku-nedelju-mobilnosti-odrzivih.jpg?wsr","width":795,"height":407,"caption":"Srbija obelezava Evropsku nedelju mobilnosti odrzivih"},{"@type":"BreadcrumbList","@id":"https:\/\/balkangreenenergynews.com\/rs\/srbija-obelezava-evropsku-nedelju-mobilnosti-uz-promociju-odrzivih-resenja\/#breadcrumb","itemListElement":[{"@type":"ListItem","position":1,"name":"Po\u010detna","item":"https:\/\/balkangreenenergynews.com\/rs\/"},{"@type":"ListItem","position":2,"name":"Vesti","item":"https:\/\/balkangreenenergynews.com\/rs\/kategorija\/vesti\/"},{"@type":"ListItem","position":3,"name":"Mobilnost","item":"https:\/\/balkangreenenergynews.com\/rs\/kategorija\/vesti\/mobilnost\/"},{"@type":"ListItem","position":4,"name":"Srbija obele\u017eava Evropsku nedelju mobilnosti uz promociju odr\u017eivih re\u0161enja"}]},{"@type":"WebSite","@id":"https:\/\/balkangreenenergynews.com\/rs\/#website","url":"https:\/\/balkangreenenergynews.com\/rs\/","name":"Balkan Green Energy News","description":"Naj\u0161iri izbor vesti sa Balkana o zelenoj energiji","potentialAction":[{"@type":"SearchAction","target":{"@type":"EntryPoint","urlTemplate":"https:\/\/balkangreenenergynews.com\/rs\/?s={search_term_string}"},"query-input":{"@type":"PropertyValueSpecification","valueRequired":true,"valueName":"search_term_string"}}],"inLanguage":"sr-RS"},{"@type":"Person","@id":"https:\/\/balkangreenenergynews.com\/rs\/#\/schema\/person\/d8f80a244c4e9f2b55e4f6968c253246","name":"Igor Todorovi\u0107","url":"https:\/\/balkangreenenergynews.com\/rs\/author\/igor-todorovic\/"}]}},"_links":{"self":[{"href":"https:\/\/balkangreenenergynews.com\/rs\/wp-json\/wp\/v2\/posts\/33768","targetHints":{"allow":["GET"]}}],"collection":[{"href":"https:\/\/balkangreenenergynews.com\/rs\/wp-json\/wp\/v2\/posts"}],"about":[{"href":"https:\/\/balkangreenenergynews.com\/rs\/wp-json\/wp\/v2\/types\/post"}],"author":[{"embeddable":true,"href":"https:\/\/balkangreenenergynews.com\/rs\/wp-json\/wp\/v2\/users\/27"}],"replies":[{"embeddable":true,"href":"https:\/\/balkangreenenergynews.com\/rs\/wp-json\/wp\/v2\/comments?post=33768"}],"version-history":[{"count":0,"href":"https:\/\/balkangreenenergynews.com\/rs\/wp-json\/wp\/v2\/posts\/33768\/revisions"}],"wp:featuredmedia":[{"embeddable":true,"href":"https:\/\/balkangreenenergynews.com\/rs\/wp-json\/wp\/v2\/media\/33795"}],"wp:attachment":[{"href":"https:\/\/balkangreenenergynews.com\/rs\/wp-json\/wp\/v2\/media?parent=33768"}],"wp:term":[{"taxonomy":"category","embeddable":true,"href":"https:\/\/balkangreenenergynews.com\/rs\/wp-json\/wp\/v2\/categories?post=33768"},{"taxonomy":"post_tag","embeddable":true,"href":"https:\/\/balkangreenenergynews.com\/rs\/wp-json\/wp\/v2\/tags?post=33768"}],"curies":[{"name":"wp","href":"https:\/\/api.w.org\/{rel}","templated":true}]}}