{"id":33600,"date":"2020-09-10T22:45:02","date_gmt":"2020-09-10T20:45:02","guid":{"rendered":"https:\/\/balkangreenenergynews.com\/rs\/?p=33600"},"modified":"2021-03-03T01:09:43","modified_gmt":"2021-03-03T00:09:43","slug":"energetska-tranzicija-u-hrvatskoj-pet-primera-dobre-prakse","status":"publish","type":"post","link":"https:\/\/balkangreenenergynews.com\/rs\/energetska-tranzicija-u-hrvatskoj-pet-primera-dobre-prakse\/","title":{"rendered":"Energetska tranzicija u Hrvatskoj: pet primera dobre prakse"},"content":{"rendered":"<h2>Energetska tranzicija je odavno postala realnost \u0161irom sveta, pa nije zaobi\u0161la ni region. Ipak, u regionu se vrlo \u010desto vi\u0161e pri\u010da o neophodnosti da se energija proizvodi iz obnovljivih izvora nego \u0161to se ne\u0161to konkretno radi, ali i o mogu\u0107nosti da svako od nas proizvodi zelenu energiju. Primeri \u010detiri grada i jednog ostrva u Hrvatskoj pokazuju kako to izgleda kada dela prate re\u010di.<\/h2>\n<h3>Kri\u017eevci: Demokratizacija energetike<\/h3>\n<figure id=\"attachment_33602\" aria-describedby=\"caption-attachment-33602\" style=\"width: 795px\" class=\"wp-caption aligncenter\"><img loading=\"lazy\" decoding=\"async\" class=\"wp-image-33602 size-full\" src=\"https:\/\/balkangreenenergynews.com\/rs\/wp-content\/uploads\/2020\/09\/Energetska-tranzicija-u-Hrvatskoj-Pet-primera-dobre-prakse-krizevci.jpg\" alt=\"Energetska-tranzicija-u-Hrvatskoj-Pet-primera-dobre-prakse-krizevci\" width=\"795\" height=\"407\" srcset=\"https:\/\/balkangreenenergynews.com\/rs\/wp-content\/uploads\/2020\/09\/Energetska-tranzicija-u-Hrvatskoj-Pet-primera-dobre-prakse-krizevci.jpg 795w, https:\/\/balkangreenenergynews.com\/rs\/wp-content\/uploads\/2020\/09\/Energetska-tranzicija-u-Hrvatskoj-Pet-primera-dobre-prakse-krizevci-500x256.jpg 500w, https:\/\/balkangreenenergynews.com\/rs\/wp-content\/uploads\/2020\/09\/Energetska-tranzicija-u-Hrvatskoj-Pet-primera-dobre-prakse-krizevci-768x393.jpg 768w, https:\/\/balkangreenenergynews.com\/rs\/wp-content\/uploads\/2020\/09\/Energetska-tranzicija-u-Hrvatskoj-Pet-primera-dobre-prakse-krizevci-300x154.jpg 300w\" sizes=\"auto, (max-width: 795px) 100vw, 795px\" \/><figcaption id=\"caption-attachment-33602\" class=\"wp-caption-text\">Prva solarna elektrana u Kri\u017eevcima (ZEZ)<\/figcaption><\/figure>\n<p>U gradu udaljenom \u0161ezdesetak kilometara isto\u010dno od Zagreba pokrenut je projekat <em>Kri\u017eeva\u010dki sun\u010dani krovovi<\/em> koji omogu\u0107ava da gra\u0111ani ula\u017eu u postrojenja za proizvodnju elektri\u010dne energije, odnosno solarne elektrane, po crowdfunding modelu. Projekat sprovodi Zelena energetska zadruga (ZEZ) u saradnji <a href=\"https:\/\/balkangreenenergynews.com\/rs\/kojih-pet-gradova-jugoistocne-evrope-tezi-nultoj-neto-emisiji-do-2030-godine\/\">sa Gradom Kri\u017eevcima.<\/a><\/p>\n<blockquote><p>Prve solarne elektrane koje su u Hrvatskoj finansirali gra\u0111ani<\/p><\/blockquote>\n<p>Dosad su uspe\u0161no organizovane dve akcije, <a href=\"https:\/\/balkangreenenergynews.com\/rs\/prikupljen-novac-za-prvu-solarnu-elektranu-vlasnistvu-gradana\/\">u maju 2018.<\/a> i <a href=\"https:\/\/balkangreenenergynews.com\/rs\/zelena-energetska-zadruga-za-48-sati-od-gradana-prikupila-novac-za-solarnu-elektranu\/\">u martu 2019<\/a>,\u00a0 u kojima je prikupljeno oko 50.000 evra za instaliranje dve solarne elektrane ukupne snage 60 kW. To su prve dve zelene elektrane koje su u Hrvatskoj finasirali gra\u0111ani. Ovaj model je, ina\u010de, \u0161iroko zastupljen u EU i deo je procesa demokratizacije energetike, koja podrazumeva da gra\u0111ani postaju proizvo\u0111a\u010di energije i vlasnici elektrana, \u010dime dobijaju ve\u0107u ulogu u energetskom sistemu.<\/p>\n<blockquote><p>U Kri\u017eevcima je osnovana energetska zadruga KLIK<\/p><\/blockquote>\n<p>Ove godine je osnovana i energetska zadruga KLIK (Kri\u017eeva\u010dki Laboratorij Inovacija za Klimu). Osnovana je kako bi doprinela da Kri\u017eevci postanu energetski nezavisan grad, ali pre svega kako bi uklju\u010dila gra\u0111ane u energetsku tranziciju. U KLIK-u navode podatak da se procenjuje da \u0107e do 2050. godine svaki drugi gra\u0111anin EU proizvoditi energiju za sopstvenu potro\u0161nju, odnosno postati prozjumer.<\/p>\n<h3>Karlovac: Energetsko i klimatsko planiranje postaje deo urbanisti\u010dkog plana<\/h3>\n<p>Karlovac je u maju usvojio Akcijski plan energetski odr\u017eivog razvitka i prilagodbe klimatskim promjenama\u00a0 (Sustainable Energy and Climate Action Plan \u2013 SECAP), koji je pripremila Regionalna energetska agencija Sjeverozapadne Hrvatske (REGEA).<\/p>\n<blockquote><p><span style=\"color: #333333;\">Karlovac \u0107e postati prvi grad u Hrvatskoj koji \u0107e integrisati energetsko i klimatsko planiranje u Generalni urbanisti\u010dki plan<\/span><\/p><\/blockquote>\n<p>Kako bi se stvorili uslovi za sprovo\u0111enje mera planiranih u ovom akcionom planu, grad, koji se nalazi pedesetak kilometara jugozapadno od prestonice, nedavno je zapo\u010deo izmene Generalnog urbanisti\u010dkog plana (GUP). REGEA \u0107e, tako\u0111e, biti zadu\u017eena da pripremi smernice za integraciju akcionog plana u GUP, \u010dime \u0107e Karlovac postati prvi grad koji je uradio tako ne\u0161to u Hrvatskoj.<\/p>\n<p>Smernice \u0107e u stvari predstavljati po\u010detak sprovo\u0111enja mere 3. iz SECAP-a koja predvi\u0111a uvo\u0111enje koncepta integrisanog energetskog i klimatskog planiranja. Ovaj koncept podrazumeva prostornu i urbanisti\u010dko &#8211; energetsku analizu i predlog energetsko-klimatskog koncepta grada.<\/p>\n<blockquote><p>Novi na\u010din planiranja otvori\u0107e celo podru\u010dje grada za odr\u017eivo kori\u0161\u0107enje energije<\/p><\/blockquote>\n<p>Prema re\u010dima gradona\u010delnik Damira Mandi\u0107a, to ukratko zna\u010di da \u0107e kroz GUP celo podru\u010dje grada biti definisano tako da maksimalno bude otvoreno za odr\u017eivo kori\u0161\u0107enje energije, obnovljive izvore energije, kao i da se omogu\u0107i prilago\u0111avanje gradskih podru\u010dja klimatskim promenama, preneo je <a href=\"https:\/\/www.poslovni.hr\/hrvatska\/karlovac-bas-kako-treba-prostorni-plan-pocetak-je-energetske-tranzicije-gradova-4248628\">Poslovni.hr<\/a>.<\/p>\n<h3>Zadar: Emisije CO2 smanjene 19%<\/h3>\n<figure id=\"attachment_33603\" aria-describedby=\"caption-attachment-33603\" style=\"width: 795px\" class=\"wp-caption aligncenter\"><img loading=\"lazy\" decoding=\"async\" class=\"wp-image-33603 size-full\" src=\"https:\/\/balkangreenenergynews.com\/rs\/wp-content\/uploads\/2020\/09\/Energetska-tranzicija-u-Hrvatskoj-Pet-primera-dobre-prakse-zadar.jpg\" alt=\"Energetska-tranzicija-u-Hrvatskoj-Pet-primera-dobre-prakse-zadar\" width=\"795\" height=\"407\" srcset=\"https:\/\/balkangreenenergynews.com\/rs\/wp-content\/uploads\/2020\/09\/Energetska-tranzicija-u-Hrvatskoj-Pet-primera-dobre-prakse-zadar.jpg 795w, https:\/\/balkangreenenergynews.com\/rs\/wp-content\/uploads\/2020\/09\/Energetska-tranzicija-u-Hrvatskoj-Pet-primera-dobre-prakse-zadar-500x256.jpg 500w, https:\/\/balkangreenenergynews.com\/rs\/wp-content\/uploads\/2020\/09\/Energetska-tranzicija-u-Hrvatskoj-Pet-primera-dobre-prakse-zadar-768x393.jpg 768w, https:\/\/balkangreenenergynews.com\/rs\/wp-content\/uploads\/2020\/09\/Energetska-tranzicija-u-Hrvatskoj-Pet-primera-dobre-prakse-zadar-300x154.jpg 300w\" sizes=\"auto, (max-width: 795px) 100vw, 795px\" \/><figcaption id=\"caption-attachment-33603\" class=\"wp-caption-text\">Pozdrav Suncu, delo arhitekte Nikole Ba\u0161i\u0107a u Zadru (Pixabay)<\/figcaption><\/figure>\n<p>Zadar je nedavno saop\u0161tio da je od 2010. do 2017. smanjio emisije ugljen dioksida 19% \u010dime je skoro ispunio cilj koji je postavila EU o smanjenju ovih emisija za 20 odsto do 2020. Kako su saop\u0161tile gradske vlasti, sa rezultatima za poslednje tri godine rezultat \u0107e biti jo\u0161 bolji, a najve\u0107e smanjenje od 20,1% ostvareno je u sektoru saobra\u0107aja i zgradarstva (18,6%).<\/p>\n<blockquote><p>Emisije su najvi\u0161e smanjene u saobra\u0107aju i zgradarstvu<\/p><\/blockquote>\n<p>Osnova za ovako dobre rezultate postavljena je 2012. kada je Grad potpisao Povelja gradona\u010delnika za energiju i klimu. Time se Zadar obavezao da radi na zelenom razvoju i smanjenju emisija CO2.<\/p>\n<p>Narednih godina usvojen je akcioni plan za odr\u017eivi energetski razvoj (Sustainable Energy Action Plan &#8211; SEAP), Program borbe protiv klimatskih promena, Plan uvo\u0111enja elektro mobilnosti, a trenutno se priprema Plan odr\u017eive urbane mobilnosti (Sustainable Urban Mobility Plan &#8211; SUMP).<\/p>\n<blockquote><p>Zadar je uveo informacijski sistem za upravljanje energijom<\/p><\/blockquote>\n<p>Grad sufinasira energetsku obnovu ku\u0107a i zgrada, kao i ulaganje u obnovljive izvore energije, a sprovedeni su i brojni projekti, kao \u0161to je uvo\u0111enje informacijskog sistema za upravljanje energijom, prebacivanje kotlarnica sa mazuta na gas, postavljanje LED rasvete&#8230;<\/p>\n<h3>Krk: Ostrvo sa nultim emisijama CO2 do 2040.<\/h3>\n<p>Sekretarijat inicijative \u010cista energija za EU ostrva uvrstio je nedavno Krk u deset primera dobre prakse energetske tranzicije. Krk je, kako navodi Sekretarijat, jo\u0161 2012. objavio strategiju dekarbonizacije &#8222;Ostrvo sa nultim emisijama CO2&#8220; sa ciljem da postane prvo CO2 neutralno i energetski nezavisno ostrvo u Mediteranu do 2040.<\/p>\n<blockquote><p>Na ostrvu je osnovana i\u00a0prva energetska zadruga u Hrvatskoj &#8211; Otok Krk<\/p><\/blockquote>\n<p>Iste godine osnovana je prva energetska zadruga u Hrvatskoj &#8211; Otok Krk. Zainteresovani stanovnici ostrva od nje mogu dobiti pomo\u0107 i podr\u0161ku u svojoj nameri da proizvode zelenu energiju, od saveta za izbor optimalne tehnologije, preko pomo\u0107i u odabiru, izvo\u0111a\u010da i pribavljanju dozvola, do investiranja u ve\u0107e projekte, i u\u010de\u0161\u0107e u upravljanju same zadruge.<\/p>\n<p>Krk je uveo LED tehnologiju u javnu rasvetu i smanjio potro\u0161nju elektri\u010dne energije sa 1,02 miliona kWh u 2010. na 734.864 kWh u 2018. S obzirom da 53% emisija CO2 na ostrvu poti\u010de iz transporta, instalirano je 12 punja\u010da, koji mogu da prime 24 elektri\u010dna vozila, i osam punja\u010da za 80 e-bicikala, koji su deo bajk-\u0161ering sistema.<\/p>\n<blockquote><p>Osnovane su i dve firme kompanije koje c\u0301e upravljati energetskom tranzicijom: Ostrvo Krk Energy i Smart Island Krk<\/p><\/blockquote>\n<p>Nedavno su osnovane dve firme koje c\u0301e upravljati energetskom tranzicijom: Ostrvo Krk Energy c\u0301e koordinirati procesom energetske tranzicije, Smart Island Krk \u0107e se fokusirati na pametne procese i digitalizaciju aktivnosti na ostrvu. Ostrvo Krk Energy je razvila solarnu elektranu snage 5 MW i ponudila suvlasni\u0161tvo lokalnom stanovni\u0161tvu i firmama, a solarni paneli postavljeni su na desetak javnih objekata.<\/p>\n<p>Strategija razvoja nulte emisije CO2, a\u017eurirana 2018, predvi\u0111a da se u narednih 20 godina instaliraju solarni fotonaponski paneli snage oko 36,8 MWp na krovovima, solarne elektrane snage 4 MW na zemlji, vetroparkovi snage 25,2 MW i elektrane na biogas snage 250 KWe. To bi trebalo da donese investicije od 89,6 miliona evra.<\/p>\n<h3>Koprivnica: Inicijativa Zelena Koprivnica<\/h3>\n<p><img loading=\"lazy\" decoding=\"async\" class=\"size-full wp-image-33601 aligncenter\" src=\"https:\/\/balkangreenenergynews.com\/rs\/wp-content\/uploads\/2020\/09\/Energetska-tranzicija-u-Hrvatskoj-Pet-primera-dobre-prakse-koprivnica.jpg\" alt=\"Energetska-tranzicija-u-Hrvatskoj-Pet-primera-dobre-prakse-koprivnica\" width=\"795\" height=\"407\" srcset=\"https:\/\/balkangreenenergynews.com\/rs\/wp-content\/uploads\/2020\/09\/Energetska-tranzicija-u-Hrvatskoj-Pet-primera-dobre-prakse-koprivnica.jpg 795w, https:\/\/balkangreenenergynews.com\/rs\/wp-content\/uploads\/2020\/09\/Energetska-tranzicija-u-Hrvatskoj-Pet-primera-dobre-prakse-koprivnica-500x256.jpg 500w, https:\/\/balkangreenenergynews.com\/rs\/wp-content\/uploads\/2020\/09\/Energetska-tranzicija-u-Hrvatskoj-Pet-primera-dobre-prakse-koprivnica-768x393.jpg 768w, https:\/\/balkangreenenergynews.com\/rs\/wp-content\/uploads\/2020\/09\/Energetska-tranzicija-u-Hrvatskoj-Pet-primera-dobre-prakse-koprivnica-300x154.jpg 300w\" sizes=\"auto, (max-width: 795px) 100vw, 795px\" \/>\u00a0 \u00a0 \u00a0 \u00a0 Solarna elektrana na krovu gradskog bazena u Koprivnici<\/p>\n<p>Nedavnim postavljanjem 750 solarnih panela na krov gradskog bazena, ovaj grad, koji se nalazi na pedesetak kilometara isto\u010dno od Vara\u017edina, nastavio je da sprovodi u delo inicijativu Zelena Koprivnica. Dosad su u okviru ove inicijative kupljena elektri\u010dna i hibridna vozila za gradsku upravu, nabavljene pametne klupe, instalirano Recikla\u017eno dvori\u0161te Here\u0161in, Kompostana Here\u0161in, eko vrtovi.<\/p>\n<blockquote><p>Investicija u solarne panele na krovu bazena isplati\u0107e se za pet godina<\/p><\/blockquote>\n<p>Ukupno 765 solarnih panela \u0107e godi\u0161nje mo\u0107i da proizvede oko 180.000 kWh elektri\u010dne energije. Investirano je oko 750.000 kuna, a povra\u0107aj ulo\u017eenog o\u010dekuje se za manje od pet godina.<\/p>\n<blockquote><p>Plan odr\u017eive urbane mobilnosti pove\u0107ao je broj gra\u0111ana koji pe\u0161a\u010de ili voze bicikl<\/p><\/blockquote>\n<p>Grad je u saradnji sa Regionalnom energetskom agencijom Sjever (REA) pripremio kartu solarnog potencijala Koprivnice preko koje gra\u0111ani mogu saznati da li im se isplati da koriste energiju Sunca. Grad svojim stanovnicima nudi izradu kompletne projektne dokumentacije i odabir optimalnog re\u0161enja za svaki pojedina\u010dni krov ukoliko se odlu\u010de za investiciju.<\/p>\n<p>Koprivnica je, tako\u0111e, 2015. usvojila Plan odr\u017eive urbane mobilnosti. Jedan od prvih rezultata ovog plana bio je rast udela pe\u0161a\u010denja i vo\u017enje bicikla u ukupnom saobra\u0107aju u gradu.<\/p>\n","protected":false},"excerpt":{"rendered":"<p>Energetska tranzicija je odavno postala realnost \u0161irom sveta, pa nije zaobi\u0161la ni region. Ipak, u&#8230;<\/p>\n","protected":false},"author":23,"featured_media":33603,"comment_status":"open","ping_status":"closed","sticky":false,"template":"","format":"standard","meta":{"_acf_changed":false,"_monsterinsights_skip_tracking":false,"_monsterinsights_sitenote_active":false,"_monsterinsights_sitenote_note":"","_monsterinsights_sitenote_category":0,"footnotes":""},"categories":[504,1],"tags":[2335,1854,4126,5003,370,1890,966,5004],"class_list":["post-33600","post","type-post","status-publish","format-standard","has-post-thumbnail","hentry","category-elektricna-energija","category-obnovljivi-izvori-energije","tag-emisije","tag-energetska-tranzicija","tag-energetska-zadruga","tag-plan-odrzive-urbane-mobilnosti","tag-regea","tag-solarne-elektrane","tag-solarni-paneli","tag-sump","country-hrvatska"],"acf":[],"yoast_head":"<!-- This site is optimized with the Yoast SEO plugin v27.4 - https:\/\/yoast.com\/product\/yoast-seo-wordpress\/ -->\n<title>Energetska tranzicija u Hrvatskoj: Pet primera dobre prakse<\/title>\n<meta name=\"description\" content=\"Primeri \u010detiri grada i jednog ostrva u Hrvatskoj pokazuju kako izgleda kada energetska tranzicija nisu samo re\u010di nego i dela.\" \/>\n<meta name=\"robots\" content=\"index, follow, max-snippet:-1, max-image-preview:large, max-video-preview:-1\" \/>\n<link rel=\"canonical\" href=\"https:\/\/balkangreenenergynews.com\/rs\/energetska-tranzicija-u-hrvatskoj-pet-primera-dobre-prakse\/\" \/>\n<meta property=\"og:locale\" content=\"sr_RS\" \/>\n<meta property=\"og:type\" content=\"article\" \/>\n<meta property=\"og:title\" content=\"Energetska tranzicija u Hrvatskoj: Pet primera dobre prakse\" \/>\n<meta property=\"og:description\" content=\"Primeri \u010detiri grada i jednog ostrva u Hrvatskoj pokazuju kako izgleda kada energetska tranzicija nisu samo re\u010di nego i dela.\" \/>\n<meta property=\"og:url\" content=\"https:\/\/balkangreenenergynews.com\/rs\/energetska-tranzicija-u-hrvatskoj-pet-primera-dobre-prakse\/\" \/>\n<meta property=\"og:site_name\" content=\"Balkan Green Energy News\" \/>\n<meta property=\"article:published_time\" content=\"2020-09-10T20:45:02+00:00\" \/>\n<meta property=\"article:modified_time\" content=\"2021-03-03T00:09:43+00:00\" \/>\n<meta property=\"og:image\" content=\"https:\/\/balkangreenenergynews.com\/rs\/wp-content\/uploads\/2020\/09\/Energetska-tranzicija-u-Hrvatskoj-Pet-primera-dobre-prakse-zadar.jpg\" \/>\n\t<meta property=\"og:image:width\" content=\"795\" \/>\n\t<meta property=\"og:image:height\" content=\"407\" \/>\n\t<meta property=\"og:image:type\" content=\"image\/jpeg\" \/>\n<meta name=\"author\" content=\"Vladimir Spasi\u0107\" \/>\n<meta name=\"twitter:card\" content=\"summary_large_image\" \/>\n<meta name=\"twitter:label1\" content=\"\u041d\u0430\u043f\u0438\u0441\u0430\u043d\u043e \u043e\u0434\" \/>\n\t<meta name=\"twitter:data1\" content=\"Vladimir Spasi\u0107\" \/>\n\t<meta name=\"twitter:label2\" content=\"\u041f\u0440\u043e\u0446\u0435\u045a\u0435\u043d\u043e \u0432\u0440\u0435\u043c\u0435 \u0447\u0438\u0442\u0430\u045a\u0430\" \/>\n\t<meta name=\"twitter:data2\" content=\"6 \u043c\u0438\u043d\u0443\u0442\u0430\" \/>\n<script type=\"application\/ld+json\" class=\"yoast-schema-graph\">{\"@context\":\"https:\\\/\\\/schema.org\",\"@graph\":[{\"@type\":\"Article\",\"@id\":\"https:\\\/\\\/balkangreenenergynews.com\\\/rs\\\/energetska-tranzicija-u-hrvatskoj-pet-primera-dobre-prakse\\\/#article\",\"isPartOf\":{\"@id\":\"https:\\\/\\\/balkangreenenergynews.com\\\/rs\\\/energetska-tranzicija-u-hrvatskoj-pet-primera-dobre-prakse\\\/\"},\"author\":{\"name\":\"Vladimir Spasi\u0107\",\"@id\":\"https:\\\/\\\/balkangreenenergynews.com\\\/rs\\\/#\\\/schema\\\/person\\\/99dc721c46113fea22caffad06ef7317\"},\"headline\":\"Energetska tranzicija u Hrvatskoj: pet primera dobre prakse\",\"datePublished\":\"2020-09-10T20:45:02+00:00\",\"dateModified\":\"2021-03-03T00:09:43+00:00\",\"mainEntityOfPage\":{\"@id\":\"https:\\\/\\\/balkangreenenergynews.com\\\/rs\\\/energetska-tranzicija-u-hrvatskoj-pet-primera-dobre-prakse\\\/\"},\"wordCount\":1277,\"commentCount\":0,\"image\":{\"@id\":\"https:\\\/\\\/balkangreenenergynews.com\\\/rs\\\/energetska-tranzicija-u-hrvatskoj-pet-primera-dobre-prakse\\\/#primaryimage\"},\"thumbnailUrl\":\"https:\\\/\\\/balkangreenenergynews.com\\\/rs\\\/wp-content\\\/uploads\\\/2020\\\/09\\\/Energetska-tranzicija-u-Hrvatskoj-Pet-primera-dobre-prakse-zadar.jpg?wsr\",\"keywords\":[\"emisije\",\"energetska tranzicija\",\"energetska zadruga\",\"plan odr\u017eive urbane mobilnosti\",\"REGEA\",\"solarne elektrane\",\"solarni paneli\",\"SUMP\"],\"articleSection\":[\"Elektri\u010dna energija\",\"OIE\"],\"inLanguage\":\"sr-RS\",\"potentialAction\":[{\"@type\":\"CommentAction\",\"name\":\"Comment\",\"target\":[\"https:\\\/\\\/balkangreenenergynews.com\\\/rs\\\/energetska-tranzicija-u-hrvatskoj-pet-primera-dobre-prakse\\\/#respond\"]}]},{\"@type\":\"WebPage\",\"@id\":\"https:\\\/\\\/balkangreenenergynews.com\\\/rs\\\/energetska-tranzicija-u-hrvatskoj-pet-primera-dobre-prakse\\\/\",\"url\":\"https:\\\/\\\/balkangreenenergynews.com\\\/rs\\\/energetska-tranzicija-u-hrvatskoj-pet-primera-dobre-prakse\\\/\",\"name\":\"Energetska tranzicija u Hrvatskoj: Pet primera dobre prakse\",\"isPartOf\":{\"@id\":\"https:\\\/\\\/balkangreenenergynews.com\\\/rs\\\/#website\"},\"primaryImageOfPage\":{\"@id\":\"https:\\\/\\\/balkangreenenergynews.com\\\/rs\\\/energetska-tranzicija-u-hrvatskoj-pet-primera-dobre-prakse\\\/#primaryimage\"},\"image\":{\"@id\":\"https:\\\/\\\/balkangreenenergynews.com\\\/rs\\\/energetska-tranzicija-u-hrvatskoj-pet-primera-dobre-prakse\\\/#primaryimage\"},\"thumbnailUrl\":\"https:\\\/\\\/balkangreenenergynews.com\\\/rs\\\/wp-content\\\/uploads\\\/2020\\\/09\\\/Energetska-tranzicija-u-Hrvatskoj-Pet-primera-dobre-prakse-zadar.jpg?wsr\",\"datePublished\":\"2020-09-10T20:45:02+00:00\",\"dateModified\":\"2021-03-03T00:09:43+00:00\",\"author\":{\"@id\":\"https:\\\/\\\/balkangreenenergynews.com\\\/rs\\\/#\\\/schema\\\/person\\\/99dc721c46113fea22caffad06ef7317\"},\"description\":\"Primeri \u010detiri grada i jednog ostrva u Hrvatskoj pokazuju kako izgleda kada energetska tranzicija nisu samo re\u010di nego i dela.\",\"breadcrumb\":{\"@id\":\"https:\\\/\\\/balkangreenenergynews.com\\\/rs\\\/energetska-tranzicija-u-hrvatskoj-pet-primera-dobre-prakse\\\/#breadcrumb\"},\"inLanguage\":\"sr-RS\",\"potentialAction\":[{\"@type\":\"ReadAction\",\"target\":[\"https:\\\/\\\/balkangreenenergynews.com\\\/rs\\\/energetska-tranzicija-u-hrvatskoj-pet-primera-dobre-prakse\\\/\"]}]},{\"@type\":\"ImageObject\",\"inLanguage\":\"sr-RS\",\"@id\":\"https:\\\/\\\/balkangreenenergynews.com\\\/rs\\\/energetska-tranzicija-u-hrvatskoj-pet-primera-dobre-prakse\\\/#primaryimage\",\"url\":\"https:\\\/\\\/balkangreenenergynews.com\\\/rs\\\/wp-content\\\/uploads\\\/2020\\\/09\\\/Energetska-tranzicija-u-Hrvatskoj-Pet-primera-dobre-prakse-zadar.jpg?wsr\",\"contentUrl\":\"https:\\\/\\\/balkangreenenergynews.com\\\/rs\\\/wp-content\\\/uploads\\\/2020\\\/09\\\/Energetska-tranzicija-u-Hrvatskoj-Pet-primera-dobre-prakse-zadar.jpg?wsr\",\"width\":795,\"height\":407,\"caption\":\"Energetska-tranzicija-u-Hrvatskoj-Pet-primera-dobre-prakse-zadar\"},{\"@type\":\"BreadcrumbList\",\"@id\":\"https:\\\/\\\/balkangreenenergynews.com\\\/rs\\\/energetska-tranzicija-u-hrvatskoj-pet-primera-dobre-prakse\\\/#breadcrumb\",\"itemListElement\":[{\"@type\":\"ListItem\",\"position\":1,\"name\":\"Po\u010detna\",\"item\":\"https:\\\/\\\/balkangreenenergynews.com\\\/rs\\\/\"},{\"@type\":\"ListItem\",\"position\":2,\"name\":\"Vesti\",\"item\":\"https:\\\/\\\/balkangreenenergynews.com\\\/rs\\\/kategorija\\\/vesti\\\/\"},{\"@type\":\"ListItem\",\"position\":3,\"name\":\"OIE\",\"item\":\"https:\\\/\\\/balkangreenenergynews.com\\\/rs\\\/kategorija\\\/vesti\\\/obnovljivi-izvori-energije\\\/\"},{\"@type\":\"ListItem\",\"position\":4,\"name\":\"Energetska tranzicija u Hrvatskoj: pet primera dobre prakse\"}]},{\"@type\":\"WebSite\",\"@id\":\"https:\\\/\\\/balkangreenenergynews.com\\\/rs\\\/#website\",\"url\":\"https:\\\/\\\/balkangreenenergynews.com\\\/rs\\\/\",\"name\":\"Balkan Green Energy News\",\"description\":\"Naj\u0161iri izbor vesti sa Balkana o zelenoj energiji\",\"potentialAction\":[{\"@type\":\"SearchAction\",\"target\":{\"@type\":\"EntryPoint\",\"urlTemplate\":\"https:\\\/\\\/balkangreenenergynews.com\\\/rs\\\/?s={search_term_string}\"},\"query-input\":{\"@type\":\"PropertyValueSpecification\",\"valueRequired\":true,\"valueName\":\"search_term_string\"}}],\"inLanguage\":\"sr-RS\"},{\"@type\":\"Person\",\"@id\":\"https:\\\/\\\/balkangreenenergynews.com\\\/rs\\\/#\\\/schema\\\/person\\\/99dc721c46113fea22caffad06ef7317\",\"name\":\"Vladimir Spasi\u0107\",\"url\":\"https:\\\/\\\/balkangreenenergynews.com\\\/rs\\\/author\\\/vladimir-spasic\\\/\"}]}<\/script>\n<!-- \/ Yoast SEO plugin. -->","yoast_head_json":{"title":"Energetska tranzicija u Hrvatskoj: Pet primera dobre prakse","description":"Primeri \u010detiri grada i jednog ostrva u Hrvatskoj pokazuju kako izgleda kada energetska tranzicija nisu samo re\u010di nego i dela.","robots":{"index":"index","follow":"follow","max-snippet":"max-snippet:-1","max-image-preview":"max-image-preview:large","max-video-preview":"max-video-preview:-1"},"canonical":"https:\/\/balkangreenenergynews.com\/rs\/energetska-tranzicija-u-hrvatskoj-pet-primera-dobre-prakse\/","og_locale":"sr_RS","og_type":"article","og_title":"Energetska tranzicija u Hrvatskoj: Pet primera dobre prakse","og_description":"Primeri \u010detiri grada i jednog ostrva u Hrvatskoj pokazuju kako izgleda kada energetska tranzicija nisu samo re\u010di nego i dela.","og_url":"https:\/\/balkangreenenergynews.com\/rs\/energetska-tranzicija-u-hrvatskoj-pet-primera-dobre-prakse\/","og_site_name":"Balkan Green Energy News","article_published_time":"2020-09-10T20:45:02+00:00","article_modified_time":"2021-03-03T00:09:43+00:00","og_image":[{"width":795,"height":407,"url":"https:\/\/balkangreenenergynews.com\/rs\/wp-content\/uploads\/2020\/09\/Energetska-tranzicija-u-Hrvatskoj-Pet-primera-dobre-prakse-zadar.jpg","type":"image\/jpeg"}],"author":"Vladimir Spasi\u0107","twitter_card":"summary_large_image","twitter_misc":{"\u041d\u0430\u043f\u0438\u0441\u0430\u043d\u043e \u043e\u0434":"Vladimir Spasi\u0107","\u041f\u0440\u043e\u0446\u0435\u045a\u0435\u043d\u043e \u0432\u0440\u0435\u043c\u0435 \u0447\u0438\u0442\u0430\u045a\u0430":"6 \u043c\u0438\u043d\u0443\u0442\u0430"},"schema":{"@context":"https:\/\/schema.org","@graph":[{"@type":"Article","@id":"https:\/\/balkangreenenergynews.com\/rs\/energetska-tranzicija-u-hrvatskoj-pet-primera-dobre-prakse\/#article","isPartOf":{"@id":"https:\/\/balkangreenenergynews.com\/rs\/energetska-tranzicija-u-hrvatskoj-pet-primera-dobre-prakse\/"},"author":{"name":"Vladimir Spasi\u0107","@id":"https:\/\/balkangreenenergynews.com\/rs\/#\/schema\/person\/99dc721c46113fea22caffad06ef7317"},"headline":"Energetska tranzicija u Hrvatskoj: pet primera dobre prakse","datePublished":"2020-09-10T20:45:02+00:00","dateModified":"2021-03-03T00:09:43+00:00","mainEntityOfPage":{"@id":"https:\/\/balkangreenenergynews.com\/rs\/energetska-tranzicija-u-hrvatskoj-pet-primera-dobre-prakse\/"},"wordCount":1277,"commentCount":0,"image":{"@id":"https:\/\/balkangreenenergynews.com\/rs\/energetska-tranzicija-u-hrvatskoj-pet-primera-dobre-prakse\/#primaryimage"},"thumbnailUrl":"https:\/\/balkangreenenergynews.com\/rs\/wp-content\/uploads\/2020\/09\/Energetska-tranzicija-u-Hrvatskoj-Pet-primera-dobre-prakse-zadar.jpg?wsr","keywords":["emisije","energetska tranzicija","energetska zadruga","plan odr\u017eive urbane mobilnosti","REGEA","solarne elektrane","solarni paneli","SUMP"],"articleSection":["Elektri\u010dna energija","OIE"],"inLanguage":"sr-RS","potentialAction":[{"@type":"CommentAction","name":"Comment","target":["https:\/\/balkangreenenergynews.com\/rs\/energetska-tranzicija-u-hrvatskoj-pet-primera-dobre-prakse\/#respond"]}]},{"@type":"WebPage","@id":"https:\/\/balkangreenenergynews.com\/rs\/energetska-tranzicija-u-hrvatskoj-pet-primera-dobre-prakse\/","url":"https:\/\/balkangreenenergynews.com\/rs\/energetska-tranzicija-u-hrvatskoj-pet-primera-dobre-prakse\/","name":"Energetska tranzicija u Hrvatskoj: Pet primera dobre prakse","isPartOf":{"@id":"https:\/\/balkangreenenergynews.com\/rs\/#website"},"primaryImageOfPage":{"@id":"https:\/\/balkangreenenergynews.com\/rs\/energetska-tranzicija-u-hrvatskoj-pet-primera-dobre-prakse\/#primaryimage"},"image":{"@id":"https:\/\/balkangreenenergynews.com\/rs\/energetska-tranzicija-u-hrvatskoj-pet-primera-dobre-prakse\/#primaryimage"},"thumbnailUrl":"https:\/\/balkangreenenergynews.com\/rs\/wp-content\/uploads\/2020\/09\/Energetska-tranzicija-u-Hrvatskoj-Pet-primera-dobre-prakse-zadar.jpg?wsr","datePublished":"2020-09-10T20:45:02+00:00","dateModified":"2021-03-03T00:09:43+00:00","author":{"@id":"https:\/\/balkangreenenergynews.com\/rs\/#\/schema\/person\/99dc721c46113fea22caffad06ef7317"},"description":"Primeri \u010detiri grada i jednog ostrva u Hrvatskoj pokazuju kako izgleda kada energetska tranzicija nisu samo re\u010di nego i dela.","breadcrumb":{"@id":"https:\/\/balkangreenenergynews.com\/rs\/energetska-tranzicija-u-hrvatskoj-pet-primera-dobre-prakse\/#breadcrumb"},"inLanguage":"sr-RS","potentialAction":[{"@type":"ReadAction","target":["https:\/\/balkangreenenergynews.com\/rs\/energetska-tranzicija-u-hrvatskoj-pet-primera-dobre-prakse\/"]}]},{"@type":"ImageObject","inLanguage":"sr-RS","@id":"https:\/\/balkangreenenergynews.com\/rs\/energetska-tranzicija-u-hrvatskoj-pet-primera-dobre-prakse\/#primaryimage","url":"https:\/\/balkangreenenergynews.com\/rs\/wp-content\/uploads\/2020\/09\/Energetska-tranzicija-u-Hrvatskoj-Pet-primera-dobre-prakse-zadar.jpg?wsr","contentUrl":"https:\/\/balkangreenenergynews.com\/rs\/wp-content\/uploads\/2020\/09\/Energetska-tranzicija-u-Hrvatskoj-Pet-primera-dobre-prakse-zadar.jpg?wsr","width":795,"height":407,"caption":"Energetska-tranzicija-u-Hrvatskoj-Pet-primera-dobre-prakse-zadar"},{"@type":"BreadcrumbList","@id":"https:\/\/balkangreenenergynews.com\/rs\/energetska-tranzicija-u-hrvatskoj-pet-primera-dobre-prakse\/#breadcrumb","itemListElement":[{"@type":"ListItem","position":1,"name":"Po\u010detna","item":"https:\/\/balkangreenenergynews.com\/rs\/"},{"@type":"ListItem","position":2,"name":"Vesti","item":"https:\/\/balkangreenenergynews.com\/rs\/kategorija\/vesti\/"},{"@type":"ListItem","position":3,"name":"OIE","item":"https:\/\/balkangreenenergynews.com\/rs\/kategorija\/vesti\/obnovljivi-izvori-energije\/"},{"@type":"ListItem","position":4,"name":"Energetska tranzicija u Hrvatskoj: pet primera dobre prakse"}]},{"@type":"WebSite","@id":"https:\/\/balkangreenenergynews.com\/rs\/#website","url":"https:\/\/balkangreenenergynews.com\/rs\/","name":"Balkan Green Energy News","description":"Naj\u0161iri izbor vesti sa Balkana o zelenoj energiji","potentialAction":[{"@type":"SearchAction","target":{"@type":"EntryPoint","urlTemplate":"https:\/\/balkangreenenergynews.com\/rs\/?s={search_term_string}"},"query-input":{"@type":"PropertyValueSpecification","valueRequired":true,"valueName":"search_term_string"}}],"inLanguage":"sr-RS"},{"@type":"Person","@id":"https:\/\/balkangreenenergynews.com\/rs\/#\/schema\/person\/99dc721c46113fea22caffad06ef7317","name":"Vladimir Spasi\u0107","url":"https:\/\/balkangreenenergynews.com\/rs\/author\/vladimir-spasic\/"}]}},"_links":{"self":[{"href":"https:\/\/balkangreenenergynews.com\/rs\/wp-json\/wp\/v2\/posts\/33600","targetHints":{"allow":["GET"]}}],"collection":[{"href":"https:\/\/balkangreenenergynews.com\/rs\/wp-json\/wp\/v2\/posts"}],"about":[{"href":"https:\/\/balkangreenenergynews.com\/rs\/wp-json\/wp\/v2\/types\/post"}],"author":[{"embeddable":true,"href":"https:\/\/balkangreenenergynews.com\/rs\/wp-json\/wp\/v2\/users\/23"}],"replies":[{"embeddable":true,"href":"https:\/\/balkangreenenergynews.com\/rs\/wp-json\/wp\/v2\/comments?post=33600"}],"version-history":[{"count":0,"href":"https:\/\/balkangreenenergynews.com\/rs\/wp-json\/wp\/v2\/posts\/33600\/revisions"}],"wp:featuredmedia":[{"embeddable":true,"href":"https:\/\/balkangreenenergynews.com\/rs\/wp-json\/wp\/v2\/media\/33603"}],"wp:attachment":[{"href":"https:\/\/balkangreenenergynews.com\/rs\/wp-json\/wp\/v2\/media?parent=33600"}],"wp:term":[{"taxonomy":"category","embeddable":true,"href":"https:\/\/balkangreenenergynews.com\/rs\/wp-json\/wp\/v2\/categories?post=33600"},{"taxonomy":"post_tag","embeddable":true,"href":"https:\/\/balkangreenenergynews.com\/rs\/wp-json\/wp\/v2\/tags?post=33600"}],"curies":[{"name":"wp","href":"https:\/\/api.w.org\/{rel}","templated":true}]}}