{"id":33462,"date":"2020-09-03T19:23:32","date_gmt":"2020-09-03T17:23:32","guid":{"rendered":"https:\/\/balkangreenenergynews.com\/rs\/?p=33462"},"modified":"2020-09-03T19:23:32","modified_gmt":"2020-09-03T17:23:32","slug":"rwe-i-ppc-renewables-pregovaraju-o-gradnji-solarnih-elektrana-snage-2-gw","status":"publish","type":"post","link":"https:\/\/balkangreenenergynews.com\/rs\/rwe-i-ppc-renewables-pregovaraju-o-gradnji-solarnih-elektrana-snage-2-gw\/","title":{"rendered":"RWE i PPC Renewables pregovaraju o gradnji solarnih elektrana snage 2 GW"},"content":{"rendered":"<h2>PPC Renewables i nema\u010dki RWE pripremaju sporazum o zajedni\u010dkom investiranju u solarne elektrane u rudnicima lignita u Gr\u010dkoj. Plan je da dogovor bude postignut do decembra.<\/h2>\n<p>Predstavnici nema\u010dke kompanije RWE zavr\u0161ili su trodnevnu posetu Gr\u010dkoj, gde su posetili oblast u Zapadnoj Makedoniji gde se eksploati\u0161e ugalj i razgovarali sa kolegama iz dr\u017eavne firme PPC Renewables i vladinim zvani\u010dnicima o izgradnji solarnih elektrana snage 2 GW.<\/p>\n<h3><span style=\"\">Uloga fondova EU u ja\u010danju saradnje<\/span><\/h3>\n<p>Dve kompanije potpisale su ranije ove godine memorandum o razumevanju kao prvi korak u saradnji na transformisanju ovog podru\u010dja, u \u010dijoj privredi sada dominira lignit, dok balkanska zemlja bude napu\u0161tala upotrebu tog fosilnog goriva. Po informacijama do kojih su do\u0161li doma\u0107i mediji, nameravaju da do kraja godine potpi\u0161u formalni ugovor.<\/p>\n<p>Novinari su saznali da RWE ispituje dostupnost zemlji\u0161ta, finansijske podsticaje i brzinu dobijanja dozvola. Gr\u010dka \u017eeli da u energetskoj tranziciji iskoristi sredstva iz Fonda Evropske unije za pravednu tranziciju i programa za ekonomski oporavak od posledica pandemije oboljenja COVID-19.<\/p>\n<h3><span style=\"\">Za po\u010detak projekti manjeg kapaciteta<\/span><\/h3>\n<p>Nema\u010dka kompanija je navodno vodila razgovore o rokovima za postavljanje solarnih elektrana na povr\u0161inskim kopovima u vezi s uslovima iz memoranduma, u kojem stoji da \u0107e RWE i PPC Renewables razvijati projekte \u010diji \u0107e kapacitet biti po jedan gigavat.<\/p>\n<p>Neimenovani zvani\u010dnici su otkrili da bi RWE mogao da preuzme projekte koji ve\u0107 imaju odobrene dozvole.<\/p>\n<blockquote class=\"twitter-tweet\" data-width=\"500\" data-dnt=\"true\">\n<p lang=\"el\" dir=\"ltr\">\u039f \u03a5\u03a0\u0391\u039d\u0395 <a href=\"https:\/\/twitter.com\/AdonisGeorgiadi?ref_src=twsrc%5Etfw\">@adonisgeorgiadi<\/a>, \u03bf \u0391\u03bd\u03a5\u03a0\u0391\u039d\u0395 <a href=\"https:\/\/twitter.com\/npapathanasis?ref_src=twsrc%5Etfw\">@npapathanasis<\/a> \u03ba\u03b1\u03b9 \u03bf \u03a5\u03c6\u03a5\u03a0\u0391\u039d\u0395 \u03ba. \u0399. \u03a4\u03c3\u03b1\u03ba\u03af\u03c1\u03b7\u03c2 \u03c3\u03c5\u03bd\u03b1\u03bd\u03c4\u03ae\u03b8\u03b7\u03ba\u03b1\u03bd \u03bc\u03b5 \u03c4\u03b7\u03bd \u0393\u03b5\u03bd\u03b9\u03ba\u03ae \u0393\u03c1\u03b1\u03bc\u03bc\u03b1\u03c4\u03ad\u03b1 \u0395\u03bd\u03ad\u03c1\u03b3\u03b5\u03b9\u03b1\u03c2 <a href=\"https:\/\/twitter.com\/ASdoukou?ref_src=twsrc%5Etfw\">@asdoukou<\/a>, \u03c4\u03bf \u03bc\u03ad\u03bb\u03bf\u03c2 \u0394.\u03a3 \u03c4\u03bf\u03c5 <a href=\"https:\/\/twitter.com\/ahkgermany?ref_src=twsrc%5Etfw\">@ahkgermany<\/a> \u03ba. \u0393. \u03a0\u03b1\u03c4\u03b5\u03c1\u03ac\u03ba\u03b7 \u03ba\u03b1\u03b9 \u03c3\u03c4\u03b5\u03bb\u03ad\u03c7\u03b7 \u03c4\u03b7\u03c2 RWE. \u03a3\u03c4\u03bf \u03b5\u03c0\u03af\u03ba\u03b5\u03bd\u03c4\u03c1\u03bf \u03c4\u03b7\u03c2 \u03c3\u03c5\u03b6\u03ae\u03c4\u03b7\u03c3\u03b7\u03c2 \u03bf\u03b9 \u03b5\u03c0\u03b5\u03bd\u03b4\u03cd\u03c3\u03b5\u03b9\u03c2 \u03c4\u03b7\u03c2 \u03b5\u03c4\u03b1\u03b9\u03c1\u03af\u03b1\u03c2 \u03c3\u03c4\u03b7\u03bd \u0395\u03bb\u03bb\u03ac\u03b4\u03b1 <a href=\"https:\/\/t.co\/ys6FPor1Y2\">pic.twitter.com\/ys6FPor1Y2<\/a><\/p>\n<p>&mdash; \u03a5\u03c0\u03bf\u03c5\u03c1\u03b3\u03b5\u03af\u03bf \u0391\u03bd\u03ac\u03c0\u03c4\u03c5\u03be\u03b7\u03c2 (@MinDevGR) <a href=\"https:\/\/twitter.com\/MinDevGR\/status\/1301063003232702464?ref_src=twsrc%5Etfw\">September 2, 2020<\/a><\/p><\/blockquote>\n<p><script async src=\"https:\/\/platform.twitter.com\/widgets.js\" charset=\"utf-8\"><\/script><\/p>\n<p>&nbsp;<\/p>\n<p>Saradnja dve kompanije trebalo bi da zapo\u010dne sa manjim fotonaponskim postrojenjima, a da se onda investicije uve\u0107aju, ka\u017eu izvori upu\u0107eni u situaciju. Delegacija nema\u010dke kompanije sastala se s ministrom za razvoj i investicije Adonisom Georgiadisom i njegovim saradnicima.<\/p>\n<blockquote><p>Insajderi ka\u017eu da RWE vec\u0301 tra\u017ei manje solarne projekte u Zapadnoj Makedoniji koje bi kupio<\/p><\/blockquote>\n<p>PPC Renewables je u vlasni\u0161tvu nacionalnog elektroenergetskog preduze\u0107a Public Power Corp. (PPC). Potpisao je nekoliko sporazuma sa domac\u0301im i stranim kompanijama o zajedni\u010dkim projektima za prestanak upotrebe uglja u zemlji i investicije u zelenu energiju. Kompanija je zadu\u017eena i za projekat solarnih elektrana snage 1 GW u oblasti na Peloponezu koja je zavisna od uglja.<\/p>\n<p>U velikoj zameni imovine sa nema\u010dkom kompanijom E.ON, zavr\u0161enoj u julu, RWE je povec\u0301ao svoj portfolio obnovljivih izvora na devet gigavata.<\/p>\n","protected":false},"excerpt":{"rendered":"<p>PPC Renewables i nema\u010dki RWE pripremaju sporazum o zajedni\u010dkom investiranju u solarne elektrane u rudnicima&#8230;<\/p>\n","protected":false},"author":23,"featured_media":33465,"comment_status":"open","ping_status":"closed","sticky":false,"template":"","format":"standard","meta":{"_acf_changed":false,"_monsterinsights_skip_tracking":false,"_monsterinsights_sitenote_active":false,"_monsterinsights_sitenote_note":"","_monsterinsights_sitenote_category":0,"footnotes":""},"categories":[1],"tags":[1854,652,647,1389,1224,1890,5440],"class_list":["post-33462","post","type-post","status-publish","format-standard","has-post-thumbnail","hentry","category-obnovljivi-izvori-energije","tag-energetska-tranzicija","tag-investicije","tag-obnovljivi-izvori-energije","tag-ppc-renewables","tag-rwe","tag-solarne-elektrane","tag-ukidanje-upotrebe-uglja","country-grcka"],"acf":[],"yoast_head":"<!-- This site is optimized with the Yoast SEO plugin v27.4 - https:\/\/yoast.com\/product\/yoast-seo-wordpress\/ -->\n<title>RWE i PPC Renewables pregovaraju o gradnji solarnih elektrana snage 2 GW<\/title>\n<meta name=\"description\" content=\"Gr\u010dki PPC Renewables i RWE pripremaju sporazum o zajedni\u010dkom investiranju u solarne elektrane u rudnicima lignita u Gr\u010dkoj.\" \/>\n<meta name=\"robots\" content=\"index, follow, max-snippet:-1, max-image-preview:large, max-video-preview:-1\" \/>\n<link rel=\"canonical\" href=\"https:\/\/balkangreenenergynews.com\/rs\/rwe-i-ppc-renewables-pregovaraju-o-gradnji-solarnih-elektrana-snage-2-gw\/\" \/>\n<meta property=\"og:locale\" content=\"sr_RS\" \/>\n<meta property=\"og:type\" content=\"article\" \/>\n<meta property=\"og:title\" content=\"RWE i PPC Renewables pregovaraju o gradnji solarnih elektrana snage 2 GW\" \/>\n<meta property=\"og:description\" content=\"Gr\u010dki PPC Renewables i RWE pripremaju sporazum o zajedni\u010dkom investiranju u solarne elektrane u rudnicima lignita u Gr\u010dkoj.\" \/>\n<meta property=\"og:url\" content=\"https:\/\/balkangreenenergynews.com\/rs\/rwe-i-ppc-renewables-pregovaraju-o-gradnji-solarnih-elektrana-snage-2-gw\/\" \/>\n<meta property=\"og:site_name\" content=\"Balkan Green Energy News\" \/>\n<meta property=\"article:published_time\" content=\"2020-09-03T17:23:32+00:00\" \/>\n<meta property=\"og:image\" content=\"https:\/\/balkangreenenergynews.com\/rs\/wp-content\/uploads\/2020\/09\/RWE-PPC-pregovori-solarne-elektrane.jpg\" \/>\n\t<meta property=\"og:image:width\" content=\"795\" \/>\n\t<meta property=\"og:image:height\" content=\"407\" \/>\n\t<meta property=\"og:image:type\" content=\"image\/jpeg\" \/>\n<meta name=\"author\" content=\"Vladimir Spasi\u0107\" \/>\n<meta name=\"twitter:card\" content=\"summary_large_image\" \/>\n<meta name=\"twitter:label1\" content=\"\u041d\u0430\u043f\u0438\u0441\u0430\u043d\u043e \u043e\u0434\" \/>\n\t<meta name=\"twitter:data1\" content=\"Vladimir Spasi\u0107\" \/>\n\t<meta name=\"twitter:label2\" content=\"\u041f\u0440\u043e\u0446\u0435\u045a\u0435\u043d\u043e \u0432\u0440\u0435\u043c\u0435 \u0447\u0438\u0442\u0430\u045a\u0430\" \/>\n\t<meta name=\"twitter:data2\" content=\"2 \u043c\u0438\u043d\u0443\u0442\u0430\" \/>\n<script type=\"application\/ld+json\" class=\"yoast-schema-graph\">{\"@context\":\"https:\\\/\\\/schema.org\",\"@graph\":[{\"@type\":\"Article\",\"@id\":\"https:\\\/\\\/balkangreenenergynews.com\\\/rs\\\/rwe-i-ppc-renewables-pregovaraju-o-gradnji-solarnih-elektrana-snage-2-gw\\\/#article\",\"isPartOf\":{\"@id\":\"https:\\\/\\\/balkangreenenergynews.com\\\/rs\\\/rwe-i-ppc-renewables-pregovaraju-o-gradnji-solarnih-elektrana-snage-2-gw\\\/\"},\"author\":{\"name\":\"Vladimir Spasi\u0107\",\"@id\":\"https:\\\/\\\/balkangreenenergynews.com\\\/rs\\\/#\\\/schema\\\/person\\\/99dc721c46113fea22caffad06ef7317\"},\"headline\":\"RWE i PPC Renewables pregovaraju o gradnji solarnih elektrana snage 2 GW\",\"datePublished\":\"2020-09-03T17:23:32+00:00\",\"mainEntityOfPage\":{\"@id\":\"https:\\\/\\\/balkangreenenergynews.com\\\/rs\\\/rwe-i-ppc-renewables-pregovaraju-o-gradnji-solarnih-elektrana-snage-2-gw\\\/\"},\"wordCount\":401,\"commentCount\":0,\"image\":{\"@id\":\"https:\\\/\\\/balkangreenenergynews.com\\\/rs\\\/rwe-i-ppc-renewables-pregovaraju-o-gradnji-solarnih-elektrana-snage-2-gw\\\/#primaryimage\"},\"thumbnailUrl\":\"https:\\\/\\\/balkangreenenergynews.com\\\/rs\\\/wp-content\\\/uploads\\\/2020\\\/09\\\/RWE-PPC-pregovori-solarne-elektrane.jpg?wsr\",\"keywords\":[\"energetska tranzicija\",\"investicije\",\"obnovljivi izvori energije\",\"PPC Renewables\",\"RWE\",\"solarne elektrane\",\"ukidanje upotrebe uglja\"],\"articleSection\":[\"OIE\"],\"inLanguage\":\"sr-RS\",\"potentialAction\":[{\"@type\":\"CommentAction\",\"name\":\"Comment\",\"target\":[\"https:\\\/\\\/balkangreenenergynews.com\\\/rs\\\/rwe-i-ppc-renewables-pregovaraju-o-gradnji-solarnih-elektrana-snage-2-gw\\\/#respond\"]}]},{\"@type\":\"WebPage\",\"@id\":\"https:\\\/\\\/balkangreenenergynews.com\\\/rs\\\/rwe-i-ppc-renewables-pregovaraju-o-gradnji-solarnih-elektrana-snage-2-gw\\\/\",\"url\":\"https:\\\/\\\/balkangreenenergynews.com\\\/rs\\\/rwe-i-ppc-renewables-pregovaraju-o-gradnji-solarnih-elektrana-snage-2-gw\\\/\",\"name\":\"RWE i PPC Renewables pregovaraju o gradnji solarnih elektrana snage 2 GW\",\"isPartOf\":{\"@id\":\"https:\\\/\\\/balkangreenenergynews.com\\\/rs\\\/#website\"},\"primaryImageOfPage\":{\"@id\":\"https:\\\/\\\/balkangreenenergynews.com\\\/rs\\\/rwe-i-ppc-renewables-pregovaraju-o-gradnji-solarnih-elektrana-snage-2-gw\\\/#primaryimage\"},\"image\":{\"@id\":\"https:\\\/\\\/balkangreenenergynews.com\\\/rs\\\/rwe-i-ppc-renewables-pregovaraju-o-gradnji-solarnih-elektrana-snage-2-gw\\\/#primaryimage\"},\"thumbnailUrl\":\"https:\\\/\\\/balkangreenenergynews.com\\\/rs\\\/wp-content\\\/uploads\\\/2020\\\/09\\\/RWE-PPC-pregovori-solarne-elektrane.jpg?wsr\",\"datePublished\":\"2020-09-03T17:23:32+00:00\",\"author\":{\"@id\":\"https:\\\/\\\/balkangreenenergynews.com\\\/rs\\\/#\\\/schema\\\/person\\\/99dc721c46113fea22caffad06ef7317\"},\"description\":\"Gr\u010dki PPC Renewables i RWE pripremaju sporazum o zajedni\u010dkom investiranju u solarne elektrane u rudnicima lignita u Gr\u010dkoj.\",\"breadcrumb\":{\"@id\":\"https:\\\/\\\/balkangreenenergynews.com\\\/rs\\\/rwe-i-ppc-renewables-pregovaraju-o-gradnji-solarnih-elektrana-snage-2-gw\\\/#breadcrumb\"},\"inLanguage\":\"sr-RS\",\"potentialAction\":[{\"@type\":\"ReadAction\",\"target\":[\"https:\\\/\\\/balkangreenenergynews.com\\\/rs\\\/rwe-i-ppc-renewables-pregovaraju-o-gradnji-solarnih-elektrana-snage-2-gw\\\/\"]}]},{\"@type\":\"ImageObject\",\"inLanguage\":\"sr-RS\",\"@id\":\"https:\\\/\\\/balkangreenenergynews.com\\\/rs\\\/rwe-i-ppc-renewables-pregovaraju-o-gradnji-solarnih-elektrana-snage-2-gw\\\/#primaryimage\",\"url\":\"https:\\\/\\\/balkangreenenergynews.com\\\/rs\\\/wp-content\\\/uploads\\\/2020\\\/09\\\/RWE-PPC-pregovori-solarne-elektrane.jpg?wsr\",\"contentUrl\":\"https:\\\/\\\/balkangreenenergynews.com\\\/rs\\\/wp-content\\\/uploads\\\/2020\\\/09\\\/RWE-PPC-pregovori-solarne-elektrane.jpg?wsr\",\"width\":795,\"height\":407,\"caption\":\"RWE PPC pregovori solarne elektrane\"},{\"@type\":\"BreadcrumbList\",\"@id\":\"https:\\\/\\\/balkangreenenergynews.com\\\/rs\\\/rwe-i-ppc-renewables-pregovaraju-o-gradnji-solarnih-elektrana-snage-2-gw\\\/#breadcrumb\",\"itemListElement\":[{\"@type\":\"ListItem\",\"position\":1,\"name\":\"Po\u010detna\",\"item\":\"https:\\\/\\\/balkangreenenergynews.com\\\/rs\\\/\"},{\"@type\":\"ListItem\",\"position\":2,\"name\":\"Vesti\",\"item\":\"https:\\\/\\\/balkangreenenergynews.com\\\/rs\\\/kategorija\\\/vesti\\\/\"},{\"@type\":\"ListItem\",\"position\":3,\"name\":\"OIE\",\"item\":\"https:\\\/\\\/balkangreenenergynews.com\\\/rs\\\/kategorija\\\/vesti\\\/obnovljivi-izvori-energije\\\/\"},{\"@type\":\"ListItem\",\"position\":4,\"name\":\"RWE i PPC Renewables pregovaraju o gradnji solarnih elektrana snage 2 GW\"}]},{\"@type\":\"WebSite\",\"@id\":\"https:\\\/\\\/balkangreenenergynews.com\\\/rs\\\/#website\",\"url\":\"https:\\\/\\\/balkangreenenergynews.com\\\/rs\\\/\",\"name\":\"Balkan Green Energy News\",\"description\":\"Naj\u0161iri izbor vesti sa Balkana o zelenoj energiji\",\"potentialAction\":[{\"@type\":\"SearchAction\",\"target\":{\"@type\":\"EntryPoint\",\"urlTemplate\":\"https:\\\/\\\/balkangreenenergynews.com\\\/rs\\\/?s={search_term_string}\"},\"query-input\":{\"@type\":\"PropertyValueSpecification\",\"valueRequired\":true,\"valueName\":\"search_term_string\"}}],\"inLanguage\":\"sr-RS\"},{\"@type\":\"Person\",\"@id\":\"https:\\\/\\\/balkangreenenergynews.com\\\/rs\\\/#\\\/schema\\\/person\\\/99dc721c46113fea22caffad06ef7317\",\"name\":\"Vladimir Spasi\u0107\",\"url\":\"https:\\\/\\\/balkangreenenergynews.com\\\/rs\\\/author\\\/vladimir-spasic\\\/\"}]}<\/script>\n<!-- \/ Yoast SEO plugin. -->","yoast_head_json":{"title":"RWE i PPC Renewables pregovaraju o gradnji solarnih elektrana snage 2 GW","description":"Gr\u010dki PPC Renewables i RWE pripremaju sporazum o zajedni\u010dkom investiranju u solarne elektrane u rudnicima lignita u Gr\u010dkoj.","robots":{"index":"index","follow":"follow","max-snippet":"max-snippet:-1","max-image-preview":"max-image-preview:large","max-video-preview":"max-video-preview:-1"},"canonical":"https:\/\/balkangreenenergynews.com\/rs\/rwe-i-ppc-renewables-pregovaraju-o-gradnji-solarnih-elektrana-snage-2-gw\/","og_locale":"sr_RS","og_type":"article","og_title":"RWE i PPC Renewables pregovaraju o gradnji solarnih elektrana snage 2 GW","og_description":"Gr\u010dki PPC Renewables i RWE pripremaju sporazum o zajedni\u010dkom investiranju u solarne elektrane u rudnicima lignita u Gr\u010dkoj.","og_url":"https:\/\/balkangreenenergynews.com\/rs\/rwe-i-ppc-renewables-pregovaraju-o-gradnji-solarnih-elektrana-snage-2-gw\/","og_site_name":"Balkan Green Energy News","article_published_time":"2020-09-03T17:23:32+00:00","og_image":[{"width":795,"height":407,"url":"https:\/\/balkangreenenergynews.com\/rs\/wp-content\/uploads\/2020\/09\/RWE-PPC-pregovori-solarne-elektrane.jpg","type":"image\/jpeg"}],"author":"Vladimir Spasi\u0107","twitter_card":"summary_large_image","twitter_misc":{"\u041d\u0430\u043f\u0438\u0441\u0430\u043d\u043e \u043e\u0434":"Vladimir Spasi\u0107","\u041f\u0440\u043e\u0446\u0435\u045a\u0435\u043d\u043e \u0432\u0440\u0435\u043c\u0435 \u0447\u0438\u0442\u0430\u045a\u0430":"2 \u043c\u0438\u043d\u0443\u0442\u0430"},"schema":{"@context":"https:\/\/schema.org","@graph":[{"@type":"Article","@id":"https:\/\/balkangreenenergynews.com\/rs\/rwe-i-ppc-renewables-pregovaraju-o-gradnji-solarnih-elektrana-snage-2-gw\/#article","isPartOf":{"@id":"https:\/\/balkangreenenergynews.com\/rs\/rwe-i-ppc-renewables-pregovaraju-o-gradnji-solarnih-elektrana-snage-2-gw\/"},"author":{"name":"Vladimir Spasi\u0107","@id":"https:\/\/balkangreenenergynews.com\/rs\/#\/schema\/person\/99dc721c46113fea22caffad06ef7317"},"headline":"RWE i PPC Renewables pregovaraju o gradnji solarnih elektrana snage 2 GW","datePublished":"2020-09-03T17:23:32+00:00","mainEntityOfPage":{"@id":"https:\/\/balkangreenenergynews.com\/rs\/rwe-i-ppc-renewables-pregovaraju-o-gradnji-solarnih-elektrana-snage-2-gw\/"},"wordCount":401,"commentCount":0,"image":{"@id":"https:\/\/balkangreenenergynews.com\/rs\/rwe-i-ppc-renewables-pregovaraju-o-gradnji-solarnih-elektrana-snage-2-gw\/#primaryimage"},"thumbnailUrl":"https:\/\/balkangreenenergynews.com\/rs\/wp-content\/uploads\/2020\/09\/RWE-PPC-pregovori-solarne-elektrane.jpg?wsr","keywords":["energetska tranzicija","investicije","obnovljivi izvori energije","PPC Renewables","RWE","solarne elektrane","ukidanje upotrebe uglja"],"articleSection":["OIE"],"inLanguage":"sr-RS","potentialAction":[{"@type":"CommentAction","name":"Comment","target":["https:\/\/balkangreenenergynews.com\/rs\/rwe-i-ppc-renewables-pregovaraju-o-gradnji-solarnih-elektrana-snage-2-gw\/#respond"]}]},{"@type":"WebPage","@id":"https:\/\/balkangreenenergynews.com\/rs\/rwe-i-ppc-renewables-pregovaraju-o-gradnji-solarnih-elektrana-snage-2-gw\/","url":"https:\/\/balkangreenenergynews.com\/rs\/rwe-i-ppc-renewables-pregovaraju-o-gradnji-solarnih-elektrana-snage-2-gw\/","name":"RWE i PPC Renewables pregovaraju o gradnji solarnih elektrana snage 2 GW","isPartOf":{"@id":"https:\/\/balkangreenenergynews.com\/rs\/#website"},"primaryImageOfPage":{"@id":"https:\/\/balkangreenenergynews.com\/rs\/rwe-i-ppc-renewables-pregovaraju-o-gradnji-solarnih-elektrana-snage-2-gw\/#primaryimage"},"image":{"@id":"https:\/\/balkangreenenergynews.com\/rs\/rwe-i-ppc-renewables-pregovaraju-o-gradnji-solarnih-elektrana-snage-2-gw\/#primaryimage"},"thumbnailUrl":"https:\/\/balkangreenenergynews.com\/rs\/wp-content\/uploads\/2020\/09\/RWE-PPC-pregovori-solarne-elektrane.jpg?wsr","datePublished":"2020-09-03T17:23:32+00:00","author":{"@id":"https:\/\/balkangreenenergynews.com\/rs\/#\/schema\/person\/99dc721c46113fea22caffad06ef7317"},"description":"Gr\u010dki PPC Renewables i RWE pripremaju sporazum o zajedni\u010dkom investiranju u solarne elektrane u rudnicima lignita u Gr\u010dkoj.","breadcrumb":{"@id":"https:\/\/balkangreenenergynews.com\/rs\/rwe-i-ppc-renewables-pregovaraju-o-gradnji-solarnih-elektrana-snage-2-gw\/#breadcrumb"},"inLanguage":"sr-RS","potentialAction":[{"@type":"ReadAction","target":["https:\/\/balkangreenenergynews.com\/rs\/rwe-i-ppc-renewables-pregovaraju-o-gradnji-solarnih-elektrana-snage-2-gw\/"]}]},{"@type":"ImageObject","inLanguage":"sr-RS","@id":"https:\/\/balkangreenenergynews.com\/rs\/rwe-i-ppc-renewables-pregovaraju-o-gradnji-solarnih-elektrana-snage-2-gw\/#primaryimage","url":"https:\/\/balkangreenenergynews.com\/rs\/wp-content\/uploads\/2020\/09\/RWE-PPC-pregovori-solarne-elektrane.jpg?wsr","contentUrl":"https:\/\/balkangreenenergynews.com\/rs\/wp-content\/uploads\/2020\/09\/RWE-PPC-pregovori-solarne-elektrane.jpg?wsr","width":795,"height":407,"caption":"RWE PPC pregovori solarne elektrane"},{"@type":"BreadcrumbList","@id":"https:\/\/balkangreenenergynews.com\/rs\/rwe-i-ppc-renewables-pregovaraju-o-gradnji-solarnih-elektrana-snage-2-gw\/#breadcrumb","itemListElement":[{"@type":"ListItem","position":1,"name":"Po\u010detna","item":"https:\/\/balkangreenenergynews.com\/rs\/"},{"@type":"ListItem","position":2,"name":"Vesti","item":"https:\/\/balkangreenenergynews.com\/rs\/kategorija\/vesti\/"},{"@type":"ListItem","position":3,"name":"OIE","item":"https:\/\/balkangreenenergynews.com\/rs\/kategorija\/vesti\/obnovljivi-izvori-energije\/"},{"@type":"ListItem","position":4,"name":"RWE i PPC Renewables pregovaraju o gradnji solarnih elektrana snage 2 GW"}]},{"@type":"WebSite","@id":"https:\/\/balkangreenenergynews.com\/rs\/#website","url":"https:\/\/balkangreenenergynews.com\/rs\/","name":"Balkan Green Energy News","description":"Naj\u0161iri izbor vesti sa Balkana o zelenoj energiji","potentialAction":[{"@type":"SearchAction","target":{"@type":"EntryPoint","urlTemplate":"https:\/\/balkangreenenergynews.com\/rs\/?s={search_term_string}"},"query-input":{"@type":"PropertyValueSpecification","valueRequired":true,"valueName":"search_term_string"}}],"inLanguage":"sr-RS"},{"@type":"Person","@id":"https:\/\/balkangreenenergynews.com\/rs\/#\/schema\/person\/99dc721c46113fea22caffad06ef7317","name":"Vladimir Spasi\u0107","url":"https:\/\/balkangreenenergynews.com\/rs\/author\/vladimir-spasic\/"}]}},"_links":{"self":[{"href":"https:\/\/balkangreenenergynews.com\/rs\/wp-json\/wp\/v2\/posts\/33462","targetHints":{"allow":["GET"]}}],"collection":[{"href":"https:\/\/balkangreenenergynews.com\/rs\/wp-json\/wp\/v2\/posts"}],"about":[{"href":"https:\/\/balkangreenenergynews.com\/rs\/wp-json\/wp\/v2\/types\/post"}],"author":[{"embeddable":true,"href":"https:\/\/balkangreenenergynews.com\/rs\/wp-json\/wp\/v2\/users\/23"}],"replies":[{"embeddable":true,"href":"https:\/\/balkangreenenergynews.com\/rs\/wp-json\/wp\/v2\/comments?post=33462"}],"version-history":[{"count":0,"href":"https:\/\/balkangreenenergynews.com\/rs\/wp-json\/wp\/v2\/posts\/33462\/revisions"}],"wp:featuredmedia":[{"embeddable":true,"href":"https:\/\/balkangreenenergynews.com\/rs\/wp-json\/wp\/v2\/media\/33465"}],"wp:attachment":[{"href":"https:\/\/balkangreenenergynews.com\/rs\/wp-json\/wp\/v2\/media?parent=33462"}],"wp:term":[{"taxonomy":"category","embeddable":true,"href":"https:\/\/balkangreenenergynews.com\/rs\/wp-json\/wp\/v2\/categories?post=33462"},{"taxonomy":"post_tag","embeddable":true,"href":"https:\/\/balkangreenenergynews.com\/rs\/wp-json\/wp\/v2\/tags?post=33462"}],"curies":[{"name":"wp","href":"https:\/\/api.w.org\/{rel}","templated":true}]}}