{"id":33203,"date":"2020-08-24T18:13:12","date_gmt":"2020-08-24T16:13:12","guid":{"rendered":"https:\/\/balkangreenenergynews.com\/rs\/?p=33203"},"modified":"2025-03-29T13:39:32","modified_gmt":"2025-03-29T12:39:32","slug":"kojih-pet-gradova-jugoistocne-evrope-tezi-nultoj-emisiji-co2-do-2030","status":"publish","type":"post","link":"https:\/\/balkangreenenergynews.com\/rs\/kojih-pet-gradova-jugoistocne-evrope-tezi-nultoj-emisiji-co2-do-2030\/","title":{"rendered":"Kojih pet gradova Jugoisto\u010dne Evrope te\u017ei nultoj emisiji CO2 do 2030?"},"content":{"rendered":"<h2>Pet gradova u pet razli\u010ditih zemalja jugoisto\u010dne Evrope deo su projekta \u010diji je cilj da se u njima nulta neto emisija CO2 postigne ve\u0107 2030. godine, a model za finansiranje ove ambiciozne transformacije bi trebalo da bude takav da se ne pove\u0107ava postoje\u0107i nivo zadu\u017eenja javnog i privatnog sektora.<\/h2>\n<p>Tih pet gradova su Skopje u Severnoj Makedoniji, Kri\u017eevci u Hrvatskoj, Maribor u Sloveniji, Sarajevo u Bosni i Hercegovini i Ni\u0161 u Srbiji.<\/p>\n<blockquote><p>Cilj je i da ovi gradovi 2025. godine budu \u201cme\u0111u najboljim mestima u Evropi za \u017eivot, rad i posetu\u201d<\/p><\/blockquote>\n<p>Projekat Transformativni finansijski mehanizam za zajednice jugoisto\u010dne Evrope (Transformation Financial Mechanism\u202ffor Communities of\u202fSouth Eastern Europe) sprovodi gra\u0111ansko udru\u017eenje SmartUp \u2013 Social Innovation Lab iz Skopja, prestonice Severne Makedonije. Pored ostvarenja nulte neto emisije do 2030. godine, cilj je i da ovi gradovi 2025. godine budu \u201cme\u0111u najboljim mestima u Evropi za \u017eivot, rad i posetu.\u201d<\/p>\n<blockquote><p>Gradovi se suo\u010davaju sa istim izazovima, poput zaga\u0111enja vazduha<\/p><\/blockquote>\n<p>Ovi gradovi se suo\u010davaju sa istim izazovima, poput <a href=\"https:\/\/balkangreenenergynews.com\/rs\/smanjenje-upotrebe-uglja-za-cistiji-vazduh-u-sarajevu\/\">zaga\u0111enja vazduha<\/a>, lo\u0161e infrastrukture, neefikasnih javnih slu\u017ebi, odliva stanovni\u0161tva i sve manjeg poverenja u institucije, ali istovremeno, oni imaju i potencijal da ostvare ovu ambicioznu viziju, ka\u017eu u SmartUp-u.<\/p>\n<p>Cilj projekta je da se razviju inovativni mehanizmi finansiranja za razli\u010dite aktivnosti, a potencijalne oblasti u kojima bi se primenjivao uklju\u010duju <a href=\"https:\/\/balkangreenenergynews.com\/rs\/odrziva-urbana-mobilnost-je-tema-na-kojoj-zajednicki-rade-giz-orf-ee-i-asocijacija-lokalnih-samouprava\/\">odr\u017eivu urbanu mobilnost<\/a>, obnovu starih i energetski neefikasnih zgrada, prelazak celih gradova na obnovljivu energiju, o\u010duvanje i unapre\u0111enje prirode i biodiverziteta i tretman otpadnih voda.<\/p>\n<blockquote><p>Namera je da se razvije mehanizam finansiranja koji bi mogao da se primenjuje \u0161irom regiona<\/p><\/blockquote>\n<p>Tako\u0111e, namera je da se razvije mehanizam finansiranja koji bi mogao lako da se primenjuje i u drugim gradovima i regijama, a koji bi vremenom mogao da postane primenjiv i na nivou dr\u017eava i celog regiona.<\/p>\n<p>Transformativni finansijski mehanizam za zajednice jugoisto\u010dne Evrope je jedan od 11 projekata u Evropi i jedan od tri u regionu koje je <a href=\"https:\/\/www.climate-kic.org\/\">EIT Climate-KIC<\/a> odabrao za finansiranje u sklopu Projekata odgovora na pandemiju (Pandemic Response Projects) \u010diji je cilj da se podstakne otvaranje novih radnih mesta i ekonomski oporavak nakon pandemije oboljenja COVID-19.<\/p>\n<p>EIT Climate-KIC je zajednica znanja i inovacija, koju podr\u017eava Evropski institut za inovacije i tehnologiju i \u010diji je cilj da se ubrza tranzicija ka dru\u0161vu bez emisija CO2 i koje je otporno na klimatske promene. EIT Climate-KIC okuplja partnere iz poslovne i akademske zajednice, kao i iz javnog i neprofitnog sektora kako bi podr\u017eavao inovacije koje poma\u017eu dru\u0161tvu da smanji svoj uticaj i prilagodi se klimatskim promenama.<\/p>\n","protected":false},"excerpt":{"rendered":"<p>Pet gradova u pet razli\u010ditih zemalja jugoisto\u010dne Evrope deo su projekta \u010diji je cilj da&#8230;<\/p>\n","protected":false},"author":25,"featured_media":33205,"comment_status":"open","ping_status":"closed","sticky":false,"template":"","format":"standard","meta":{"_acf_changed":false,"_monsterinsights_skip_tracking":false,"_monsterinsights_sitenote_active":false,"_monsterinsights_sitenote_note":"","_monsterinsights_sitenote_category":0,"footnotes":""},"categories":[4],"tags":[5487,646,766,5243],"class_list":["post-33203","post","type-post","status-publish","format-standard","has-post-thumbnail","hentry","category-zivotna-sredina","tag-covid-19","tag-energetska-efikasnost","tag-klimatske-promene","tag-nulte-neto-emisije","country-regioneu"],"acf":[],"yoast_head":"<!-- This site is optimized with the Yoast SEO plugin v27.4 - https:\/\/yoast.com\/product\/yoast-seo-wordpress\/ -->\n<title>Kojih pet gradova Jugoisto\u010dne Evrope te\u017ei nultoj emisiji CO2 do 2030?<\/title>\n<meta name=\"description\" content=\"Pet gradova u u pet zemalja jugoisto\u010dne Evrope deo su projekta \u010diji je cilj da se nulta neto emisija CO2 postigne ve\u0107 2030. godine.\" \/>\n<meta name=\"robots\" content=\"index, follow, max-snippet:-1, max-image-preview:large, max-video-preview:-1\" \/>\n<link rel=\"canonical\" href=\"https:\/\/balkangreenenergynews.com\/rs\/kojih-pet-gradova-jugoistocne-evrope-tezi-nultoj-emisiji-co2-do-2030\/\" \/>\n<meta property=\"og:locale\" content=\"sr_RS\" \/>\n<meta property=\"og:type\" content=\"article\" \/>\n<meta property=\"og:title\" content=\"Kojih pet gradova Jugoisto\u010dne Evrope te\u017ei nultoj emisiji CO2 do 2030?\" \/>\n<meta property=\"og:description\" content=\"Pet gradova u u pet zemalja jugoisto\u010dne Evrope deo su projekta \u010diji je cilj da se nulta neto emisija CO2 postigne ve\u0107 2030. godine.\" \/>\n<meta property=\"og:url\" content=\"https:\/\/balkangreenenergynews.com\/rs\/kojih-pet-gradova-jugoistocne-evrope-tezi-nultoj-emisiji-co2-do-2030\/\" \/>\n<meta property=\"og:site_name\" content=\"Balkan Green Energy News\" \/>\n<meta property=\"article:published_time\" content=\"2020-08-24T16:13:12+00:00\" \/>\n<meta property=\"article:modified_time\" content=\"2025-03-29T12:39:32+00:00\" \/>\n<meta property=\"og:image\" content=\"https:\/\/balkangreenenergynews.com\/rs\/wp-content\/uploads\/2020\/08\/Maribor.jpg?wsr\" \/>\n\t<meta property=\"og:image:width\" content=\"795\" \/>\n\t<meta property=\"og:image:height\" content=\"407\" \/>\n\t<meta property=\"og:image:type\" content=\"image\/jpeg\" \/>\n<meta name=\"author\" content=\"Balkan Green Energy News\" \/>\n<meta name=\"twitter:card\" content=\"summary_large_image\" \/>\n<meta name=\"twitter:label1\" content=\"\u041d\u0430\u043f\u0438\u0441\u0430\u043d\u043e \u043e\u0434\" \/>\n\t<meta name=\"twitter:data1\" content=\"Balkan Green Energy News\" \/>\n\t<meta name=\"twitter:label2\" content=\"\u041f\u0440\u043e\u0446\u0435\u045a\u0435\u043d\u043e \u0432\u0440\u0435\u043c\u0435 \u0447\u0438\u0442\u0430\u045a\u0430\" \/>\n\t<meta name=\"twitter:data2\" content=\"3 \u043c\u0438\u043d\u0443\u0442\u0430\" \/>\n<script type=\"application\/ld+json\" class=\"yoast-schema-graph\">{\"@context\":\"https:\\\/\\\/schema.org\",\"@graph\":[{\"@type\":\"Article\",\"@id\":\"https:\\\/\\\/balkangreenenergynews.com\\\/rs\\\/kojih-pet-gradova-jugoistocne-evrope-tezi-nultoj-emisiji-co2-do-2030\\\/#article\",\"isPartOf\":{\"@id\":\"https:\\\/\\\/balkangreenenergynews.com\\\/rs\\\/kojih-pet-gradova-jugoistocne-evrope-tezi-nultoj-emisiji-co2-do-2030\\\/\"},\"author\":{\"name\":\"Balkan Green Energy News\",\"@id\":\"https:\\\/\\\/balkangreenenergynews.com\\\/rs\\\/#\\\/schema\\\/person\\\/dee275e6036b1a0f7ceaf956d79d4eff\"},\"headline\":\"Kojih pet gradova Jugoisto\u010dne Evrope te\u017ei nultoj emisiji CO2 do 2030?\",\"datePublished\":\"2020-08-24T16:13:12+00:00\",\"dateModified\":\"2025-03-29T12:39:32+00:00\",\"mainEntityOfPage\":{\"@id\":\"https:\\\/\\\/balkangreenenergynews.com\\\/rs\\\/kojih-pet-gradova-jugoistocne-evrope-tezi-nultoj-emisiji-co2-do-2030\\\/\"},\"wordCount\":449,\"commentCount\":0,\"image\":{\"@id\":\"https:\\\/\\\/balkangreenenergynews.com\\\/rs\\\/kojih-pet-gradova-jugoistocne-evrope-tezi-nultoj-emisiji-co2-do-2030\\\/#primaryimage\"},\"thumbnailUrl\":\"https:\\\/\\\/balkangreenenergynews.com\\\/rs\\\/wp-content\\\/uploads\\\/2020\\\/08\\\/Maribor.jpg?wsr\",\"keywords\":[\"COVID-19\",\"energetska efikasnost\",\"klimatske promene\",\"nulte neto emisije\"],\"articleSection\":[\"\u017divotna sredina\"],\"inLanguage\":\"sr-RS\",\"potentialAction\":[{\"@type\":\"CommentAction\",\"name\":\"Comment\",\"target\":[\"https:\\\/\\\/balkangreenenergynews.com\\\/rs\\\/kojih-pet-gradova-jugoistocne-evrope-tezi-nultoj-emisiji-co2-do-2030\\\/#respond\"]}]},{\"@type\":\"WebPage\",\"@id\":\"https:\\\/\\\/balkangreenenergynews.com\\\/rs\\\/kojih-pet-gradova-jugoistocne-evrope-tezi-nultoj-emisiji-co2-do-2030\\\/\",\"url\":\"https:\\\/\\\/balkangreenenergynews.com\\\/rs\\\/kojih-pet-gradova-jugoistocne-evrope-tezi-nultoj-emisiji-co2-do-2030\\\/\",\"name\":\"Kojih pet gradova Jugoisto\u010dne Evrope te\u017ei nultoj emisiji CO2 do 2030?\",\"isPartOf\":{\"@id\":\"https:\\\/\\\/balkangreenenergynews.com\\\/rs\\\/#website\"},\"primaryImageOfPage\":{\"@id\":\"https:\\\/\\\/balkangreenenergynews.com\\\/rs\\\/kojih-pet-gradova-jugoistocne-evrope-tezi-nultoj-emisiji-co2-do-2030\\\/#primaryimage\"},\"image\":{\"@id\":\"https:\\\/\\\/balkangreenenergynews.com\\\/rs\\\/kojih-pet-gradova-jugoistocne-evrope-tezi-nultoj-emisiji-co2-do-2030\\\/#primaryimage\"},\"thumbnailUrl\":\"https:\\\/\\\/balkangreenenergynews.com\\\/rs\\\/wp-content\\\/uploads\\\/2020\\\/08\\\/Maribor.jpg?wsr\",\"datePublished\":\"2020-08-24T16:13:12+00:00\",\"dateModified\":\"2025-03-29T12:39:32+00:00\",\"author\":{\"@id\":\"https:\\\/\\\/balkangreenenergynews.com\\\/rs\\\/#\\\/schema\\\/person\\\/dee275e6036b1a0f7ceaf956d79d4eff\"},\"description\":\"Pet gradova u u pet zemalja jugoisto\u010dne Evrope deo su projekta \u010diji je cilj da se nulta neto emisija CO2 postigne ve\u0107 2030. godine.\",\"breadcrumb\":{\"@id\":\"https:\\\/\\\/balkangreenenergynews.com\\\/rs\\\/kojih-pet-gradova-jugoistocne-evrope-tezi-nultoj-emisiji-co2-do-2030\\\/#breadcrumb\"},\"inLanguage\":\"sr-RS\",\"potentialAction\":[{\"@type\":\"ReadAction\",\"target\":[\"https:\\\/\\\/balkangreenenergynews.com\\\/rs\\\/kojih-pet-gradova-jugoistocne-evrope-tezi-nultoj-emisiji-co2-do-2030\\\/\"]}]},{\"@type\":\"ImageObject\",\"inLanguage\":\"sr-RS\",\"@id\":\"https:\\\/\\\/balkangreenenergynews.com\\\/rs\\\/kojih-pet-gradova-jugoistocne-evrope-tezi-nultoj-emisiji-co2-do-2030\\\/#primaryimage\",\"url\":\"https:\\\/\\\/balkangreenenergynews.com\\\/rs\\\/wp-content\\\/uploads\\\/2020\\\/08\\\/Maribor.jpg?wsr\",\"contentUrl\":\"https:\\\/\\\/balkangreenenergynews.com\\\/rs\\\/wp-content\\\/uploads\\\/2020\\\/08\\\/Maribor.jpg?wsr\",\"width\":795,\"height\":407},{\"@type\":\"BreadcrumbList\",\"@id\":\"https:\\\/\\\/balkangreenenergynews.com\\\/rs\\\/kojih-pet-gradova-jugoistocne-evrope-tezi-nultoj-emisiji-co2-do-2030\\\/#breadcrumb\",\"itemListElement\":[{\"@type\":\"ListItem\",\"position\":1,\"name\":\"Po\u010detna\",\"item\":\"https:\\\/\\\/balkangreenenergynews.com\\\/rs\\\/\"},{\"@type\":\"ListItem\",\"position\":2,\"name\":\"Vesti\",\"item\":\"https:\\\/\\\/balkangreenenergynews.com\\\/rs\\\/kategorija\\\/vesti\\\/\"},{\"@type\":\"ListItem\",\"position\":3,\"name\":\"\u017divotna sredina\",\"item\":\"https:\\\/\\\/balkangreenenergynews.com\\\/rs\\\/kategorija\\\/vesti\\\/zivotna-sredina\\\/\"},{\"@type\":\"ListItem\",\"position\":4,\"name\":\"Kojih pet gradova Jugoisto\u010dne Evrope te\u017ei nultoj emisiji CO2 do 2030?\"}]},{\"@type\":\"WebSite\",\"@id\":\"https:\\\/\\\/balkangreenenergynews.com\\\/rs\\\/#website\",\"url\":\"https:\\\/\\\/balkangreenenergynews.com\\\/rs\\\/\",\"name\":\"Balkan Green Energy News\",\"description\":\"Naj\u0161iri izbor vesti sa Balkana o zelenoj energiji\",\"potentialAction\":[{\"@type\":\"SearchAction\",\"target\":{\"@type\":\"EntryPoint\",\"urlTemplate\":\"https:\\\/\\\/balkangreenenergynews.com\\\/rs\\\/?s={search_term_string}\"},\"query-input\":{\"@type\":\"PropertyValueSpecification\",\"valueRequired\":true,\"valueName\":\"search_term_string\"}}],\"inLanguage\":\"sr-RS\"},{\"@type\":\"Person\",\"@id\":\"https:\\\/\\\/balkangreenenergynews.com\\\/rs\\\/#\\\/schema\\\/person\\\/dee275e6036b1a0f7ceaf956d79d4eff\",\"name\":\"Balkan Green Energy News\",\"url\":\"https:\\\/\\\/balkangreenenergynews.com\\\/rs\\\/author\\\/balkangreenenergynews\\\/\"}]}<\/script>\n<!-- \/ Yoast SEO plugin. -->","yoast_head_json":{"title":"Kojih pet gradova Jugoisto\u010dne Evrope te\u017ei nultoj emisiji CO2 do 2030?","description":"Pet gradova u u pet zemalja jugoisto\u010dne Evrope deo su projekta \u010diji je cilj da se nulta neto emisija CO2 postigne ve\u0107 2030. godine.","robots":{"index":"index","follow":"follow","max-snippet":"max-snippet:-1","max-image-preview":"max-image-preview:large","max-video-preview":"max-video-preview:-1"},"canonical":"https:\/\/balkangreenenergynews.com\/rs\/kojih-pet-gradova-jugoistocne-evrope-tezi-nultoj-emisiji-co2-do-2030\/","og_locale":"sr_RS","og_type":"article","og_title":"Kojih pet gradova Jugoisto\u010dne Evrope te\u017ei nultoj emisiji CO2 do 2030?","og_description":"Pet gradova u u pet zemalja jugoisto\u010dne Evrope deo su projekta \u010diji je cilj da se nulta neto emisija CO2 postigne ve\u0107 2030. godine.","og_url":"https:\/\/balkangreenenergynews.com\/rs\/kojih-pet-gradova-jugoistocne-evrope-tezi-nultoj-emisiji-co2-do-2030\/","og_site_name":"Balkan Green Energy News","article_published_time":"2020-08-24T16:13:12+00:00","article_modified_time":"2025-03-29T12:39:32+00:00","og_image":[{"width":795,"height":407,"url":"https:\/\/balkangreenenergynews.com\/rs\/wp-content\/uploads\/2020\/08\/Maribor.jpg?wsr","type":"image\/jpeg"}],"author":"Balkan Green Energy News","twitter_card":"summary_large_image","twitter_misc":{"\u041d\u0430\u043f\u0438\u0441\u0430\u043d\u043e \u043e\u0434":"Balkan Green Energy News","\u041f\u0440\u043e\u0446\u0435\u045a\u0435\u043d\u043e \u0432\u0440\u0435\u043c\u0435 \u0447\u0438\u0442\u0430\u045a\u0430":"3 \u043c\u0438\u043d\u0443\u0442\u0430"},"schema":{"@context":"https:\/\/schema.org","@graph":[{"@type":"Article","@id":"https:\/\/balkangreenenergynews.com\/rs\/kojih-pet-gradova-jugoistocne-evrope-tezi-nultoj-emisiji-co2-do-2030\/#article","isPartOf":{"@id":"https:\/\/balkangreenenergynews.com\/rs\/kojih-pet-gradova-jugoistocne-evrope-tezi-nultoj-emisiji-co2-do-2030\/"},"author":{"name":"Balkan Green Energy News","@id":"https:\/\/balkangreenenergynews.com\/rs\/#\/schema\/person\/dee275e6036b1a0f7ceaf956d79d4eff"},"headline":"Kojih pet gradova Jugoisto\u010dne Evrope te\u017ei nultoj emisiji CO2 do 2030?","datePublished":"2020-08-24T16:13:12+00:00","dateModified":"2025-03-29T12:39:32+00:00","mainEntityOfPage":{"@id":"https:\/\/balkangreenenergynews.com\/rs\/kojih-pet-gradova-jugoistocne-evrope-tezi-nultoj-emisiji-co2-do-2030\/"},"wordCount":449,"commentCount":0,"image":{"@id":"https:\/\/balkangreenenergynews.com\/rs\/kojih-pet-gradova-jugoistocne-evrope-tezi-nultoj-emisiji-co2-do-2030\/#primaryimage"},"thumbnailUrl":"https:\/\/balkangreenenergynews.com\/rs\/wp-content\/uploads\/2020\/08\/Maribor.jpg?wsr","keywords":["COVID-19","energetska efikasnost","klimatske promene","nulte neto emisije"],"articleSection":["\u017divotna sredina"],"inLanguage":"sr-RS","potentialAction":[{"@type":"CommentAction","name":"Comment","target":["https:\/\/balkangreenenergynews.com\/rs\/kojih-pet-gradova-jugoistocne-evrope-tezi-nultoj-emisiji-co2-do-2030\/#respond"]}]},{"@type":"WebPage","@id":"https:\/\/balkangreenenergynews.com\/rs\/kojih-pet-gradova-jugoistocne-evrope-tezi-nultoj-emisiji-co2-do-2030\/","url":"https:\/\/balkangreenenergynews.com\/rs\/kojih-pet-gradova-jugoistocne-evrope-tezi-nultoj-emisiji-co2-do-2030\/","name":"Kojih pet gradova Jugoisto\u010dne Evrope te\u017ei nultoj emisiji CO2 do 2030?","isPartOf":{"@id":"https:\/\/balkangreenenergynews.com\/rs\/#website"},"primaryImageOfPage":{"@id":"https:\/\/balkangreenenergynews.com\/rs\/kojih-pet-gradova-jugoistocne-evrope-tezi-nultoj-emisiji-co2-do-2030\/#primaryimage"},"image":{"@id":"https:\/\/balkangreenenergynews.com\/rs\/kojih-pet-gradova-jugoistocne-evrope-tezi-nultoj-emisiji-co2-do-2030\/#primaryimage"},"thumbnailUrl":"https:\/\/balkangreenenergynews.com\/rs\/wp-content\/uploads\/2020\/08\/Maribor.jpg?wsr","datePublished":"2020-08-24T16:13:12+00:00","dateModified":"2025-03-29T12:39:32+00:00","author":{"@id":"https:\/\/balkangreenenergynews.com\/rs\/#\/schema\/person\/dee275e6036b1a0f7ceaf956d79d4eff"},"description":"Pet gradova u u pet zemalja jugoisto\u010dne Evrope deo su projekta \u010diji je cilj da se nulta neto emisija CO2 postigne ve\u0107 2030. godine.","breadcrumb":{"@id":"https:\/\/balkangreenenergynews.com\/rs\/kojih-pet-gradova-jugoistocne-evrope-tezi-nultoj-emisiji-co2-do-2030\/#breadcrumb"},"inLanguage":"sr-RS","potentialAction":[{"@type":"ReadAction","target":["https:\/\/balkangreenenergynews.com\/rs\/kojih-pet-gradova-jugoistocne-evrope-tezi-nultoj-emisiji-co2-do-2030\/"]}]},{"@type":"ImageObject","inLanguage":"sr-RS","@id":"https:\/\/balkangreenenergynews.com\/rs\/kojih-pet-gradova-jugoistocne-evrope-tezi-nultoj-emisiji-co2-do-2030\/#primaryimage","url":"https:\/\/balkangreenenergynews.com\/rs\/wp-content\/uploads\/2020\/08\/Maribor.jpg?wsr","contentUrl":"https:\/\/balkangreenenergynews.com\/rs\/wp-content\/uploads\/2020\/08\/Maribor.jpg?wsr","width":795,"height":407},{"@type":"BreadcrumbList","@id":"https:\/\/balkangreenenergynews.com\/rs\/kojih-pet-gradova-jugoistocne-evrope-tezi-nultoj-emisiji-co2-do-2030\/#breadcrumb","itemListElement":[{"@type":"ListItem","position":1,"name":"Po\u010detna","item":"https:\/\/balkangreenenergynews.com\/rs\/"},{"@type":"ListItem","position":2,"name":"Vesti","item":"https:\/\/balkangreenenergynews.com\/rs\/kategorija\/vesti\/"},{"@type":"ListItem","position":3,"name":"\u017divotna sredina","item":"https:\/\/balkangreenenergynews.com\/rs\/kategorija\/vesti\/zivotna-sredina\/"},{"@type":"ListItem","position":4,"name":"Kojih pet gradova Jugoisto\u010dne Evrope te\u017ei nultoj emisiji CO2 do 2030?"}]},{"@type":"WebSite","@id":"https:\/\/balkangreenenergynews.com\/rs\/#website","url":"https:\/\/balkangreenenergynews.com\/rs\/","name":"Balkan Green Energy News","description":"Naj\u0161iri izbor vesti sa Balkana o zelenoj energiji","potentialAction":[{"@type":"SearchAction","target":{"@type":"EntryPoint","urlTemplate":"https:\/\/balkangreenenergynews.com\/rs\/?s={search_term_string}"},"query-input":{"@type":"PropertyValueSpecification","valueRequired":true,"valueName":"search_term_string"}}],"inLanguage":"sr-RS"},{"@type":"Person","@id":"https:\/\/balkangreenenergynews.com\/rs\/#\/schema\/person\/dee275e6036b1a0f7ceaf956d79d4eff","name":"Balkan Green Energy News","url":"https:\/\/balkangreenenergynews.com\/rs\/author\/balkangreenenergynews\/"}]}},"_links":{"self":[{"href":"https:\/\/balkangreenenergynews.com\/rs\/wp-json\/wp\/v2\/posts\/33203","targetHints":{"allow":["GET"]}}],"collection":[{"href":"https:\/\/balkangreenenergynews.com\/rs\/wp-json\/wp\/v2\/posts"}],"about":[{"href":"https:\/\/balkangreenenergynews.com\/rs\/wp-json\/wp\/v2\/types\/post"}],"author":[{"embeddable":true,"href":"https:\/\/balkangreenenergynews.com\/rs\/wp-json\/wp\/v2\/users\/25"}],"replies":[{"embeddable":true,"href":"https:\/\/balkangreenenergynews.com\/rs\/wp-json\/wp\/v2\/comments?post=33203"}],"version-history":[{"count":0,"href":"https:\/\/balkangreenenergynews.com\/rs\/wp-json\/wp\/v2\/posts\/33203\/revisions"}],"wp:featuredmedia":[{"embeddable":true,"href":"https:\/\/balkangreenenergynews.com\/rs\/wp-json\/wp\/v2\/media\/33205"}],"wp:attachment":[{"href":"https:\/\/balkangreenenergynews.com\/rs\/wp-json\/wp\/v2\/media?parent=33203"}],"wp:term":[{"taxonomy":"category","embeddable":true,"href":"https:\/\/balkangreenenergynews.com\/rs\/wp-json\/wp\/v2\/categories?post=33203"},{"taxonomy":"post_tag","embeddable":true,"href":"https:\/\/balkangreenenergynews.com\/rs\/wp-json\/wp\/v2\/tags?post=33203"}],"curies":[{"name":"wp","href":"https:\/\/api.w.org\/{rel}","templated":true}]}}