{"id":33163,"date":"2020-08-21T11:48:06","date_gmt":"2020-08-21T09:48:06","guid":{"rendered":"https:\/\/balkangreenenergynews.com\/rs\/?p=33163"},"modified":"2020-08-21T11:48:06","modified_gmt":"2020-08-21T09:48:06","slug":"od-1-septembra-prijave-za-podrsku-energetskoj-obnovi-kuca-u-hrvatskoj","status":"publish","type":"post","link":"https:\/\/balkangreenenergynews.com\/rs\/od-1-septembra-prijave-za-podrsku-energetskoj-obnovi-kuca-u-hrvatskoj\/","title":{"rendered":"Od 1. septembra prijave za podr\u0161ku energetskoj obnovi ku\u0107a u Hrvatskoj"},"content":{"rendered":"<h2>Hrvatski Fond za za\u0161titu okoli\u0161a i energetsku u\u010dinkovitost po\u010dinje da prima prijave za bespovratna sredstva za podr\u0161ku energetskoj obnovi porodi\u010dnih ku\u0107a, a bud\u017eet za tu svrhu je oko 27 miliona evra.<\/h2>\n<p>Prijave se primaju od 1. septembra, a pojedina\u010dno doma\u0107instvo mo\u017ee dobiti maksimalno oko 27.000 evra. <a href=\"https:\/\/mgipu.gov.hr\/UserDocsImages\/8324\">Bespovratnim sredstvima<\/a> \u0107e biti pokriveno do 60% tro\u0161kova mera kojima \u0107e se pove\u0107ati spoljna termoizolacija ku\u0107e, \u0161to uklju\u010duje svu potrebnu opremu i radove na energetskoj obnovi spoljnih zidova, plafona, poda i krova, uklju\u010duju\u0107i i hidroizolaciju i zamenu konstrukcijskih elemenata krova.<\/p>\n<p>Sufinansira\u0107e se i zamena stolarije, kao i ugradnja sistema za kori\u0161\u0107enje obnovljivih izvora energije kao \u0161to su fotonaponski sistemi i kotlovi na pelet.<\/p>\n<p>Od ukupnog bud\u017eeta, 4,25 miliona evra namenjeno je za gra\u0111ane koji su u opasnosti od energetskog siroma\u0161tva, a takvim korisnicima \u0107e tro\u0161ak energetske obnove biti finansiran u potpunosti.<\/p>\n<blockquote><p>Najve\u0107i broj ku\u0107a u Hrvatskoj nema nikakvu ili ima samo minimalnu termoizolaciju<\/p><\/blockquote>\n<p>Ministarstvo prostornog ure\u0111enja, graditeljstva i dr\u017eavne imovine u objavi na svojoj internet stranici je podsetilo da porodi\u010dne ku\u0107e \u010dine 65% stambenog fonda u Hrvatskoj, koji je odgovoran za 40% od ukupne potro\u0161nje energije u zemlji. Najve\u0107i broj porodi\u010dnih ku\u0107a u Hrvatskoj je izgra\u0111en pre 1987. godine i one nemaju gotovo nikakvu ili samo minimalnu toplotnu izolaciju (energetski razred E i lo\u0161iji).<\/p>\n<blockquote><p>Javni poziv je raspisan nakon pauze zbog pandemije oboljenja COVID-19<\/p><\/blockquote>\n<p>Javni poziv za podr\u0161ku energetskoj obnovi ku\u0107a raspisan je 25. juna, nakon <a href=\"https:\/\/balkangreenenergynews.com\/rs\/fond-za-okolis-nastavlja-da-subvencionise-gradjane-i-privredu-sa-80-miliona-evra\/\">pauze<\/a> izazvane pandemijom bolesti COVID-19, a za sredstva se sada mo\u017ee prijaviti isklju\u010divo elektronskim putem, preko sistema e-Prijave, pri \u010demu je potrebno pripremiti skenirane dokaze o vlasni\u0161tvu i zakonitosti objekta i ostalu potrebnu dokumentaciju.<\/p>\n<p>Najavljuju\u0107i nastavak programa dodele bespovratnih sredstava iz fonda gra\u0111anima i privredi, njegov direktor Sini\u0161a Kuki\u0107 rekao je u junu da se do kraja godine planira dodeljivanje vi\u0161e od 79,3 miliona evra, kao i da \u0107e se novi javni pozivi uglavnom odnositi na energetsku efikasnost.<\/p>\n<p>Tada je tako\u0111e saop\u0161teno da fond nastavlja i sa subvencijama za kupovinu elektri\u010dnih vozila, u visini od 9.250 evra po vozilu.<\/p>\n","protected":false},"excerpt":{"rendered":"<p>Hrvatski Fond za za\u0161titu okoli\u0161a i energetsku u\u010dinkovitost po\u010dinje da prima prijave za bespovratna sredstva&#8230;<\/p>\n","protected":false},"author":25,"featured_media":33164,"comment_status":"open","ping_status":"closed","sticky":false,"template":"","format":"standard","meta":{"_acf_changed":false,"_monsterinsights_skip_tracking":false,"_monsterinsights_sitenote_active":false,"_monsterinsights_sitenote_note":"","_monsterinsights_sitenote_category":0,"footnotes":""},"categories":[3],"tags":[646,1124,4545],"class_list":["post-33163","post","type-post","status-publish","format-standard","has-post-thumbnail","hentry","category-energetska-efikasnost","tag-energetska-efikasnost","tag-energetska-obnova","tag-hrvatski-fond-za-zastitu-okolisa-i-energetsku-ucinkovitost","country-hrvatska"],"acf":[],"yoast_head":"<!-- This site is optimized with the Yoast SEO plugin v27.4 - https:\/\/yoast.com\/product\/yoast-seo-wordpress\/ -->\n<title>Od 1. septembra prijave za podr\u0161ku energetskoj obnovi ku\u0107a u Hrvatskoj<\/title>\n<meta name=\"description\" content=\"Hrvatski Fond za za\u0161titu okoli\u0161a i energetsku u\u010dinkovitost po\u010dinje da prima prijave za za podr\u0161ku energetskoj obnovi porodi\u010dnih ku\u0107a.\" \/>\n<meta name=\"robots\" content=\"index, follow, max-snippet:-1, max-image-preview:large, max-video-preview:-1\" \/>\n<link rel=\"canonical\" href=\"https:\/\/balkangreenenergynews.com\/rs\/od-1-septembra-prijave-za-podrsku-energetskoj-obnovi-kuca-u-hrvatskoj\/\" \/>\n<meta property=\"og:locale\" content=\"sr_RS\" \/>\n<meta property=\"og:type\" content=\"article\" \/>\n<meta property=\"og:title\" content=\"Od 1. septembra prijave za podr\u0161ku energetskoj obnovi ku\u0107a u Hrvatskoj\" \/>\n<meta property=\"og:description\" content=\"Hrvatski Fond za za\u0161titu okoli\u0161a i energetsku u\u010dinkovitost po\u010dinje da prima prijave za za podr\u0161ku energetskoj obnovi porodi\u010dnih ku\u0107a.\" \/>\n<meta property=\"og:url\" content=\"https:\/\/balkangreenenergynews.com\/rs\/od-1-septembra-prijave-za-podrsku-energetskoj-obnovi-kuca-u-hrvatskoj\/\" \/>\n<meta property=\"og:site_name\" content=\"Balkan Green Energy News\" \/>\n<meta property=\"article:published_time\" content=\"2020-08-21T09:48:06+00:00\" \/>\n<meta property=\"og:image\" content=\"https:\/\/balkangreenenergynews.com\/rs\/wp-content\/uploads\/2020\/08\/fasada-izolacija.jpg\" \/>\n\t<meta property=\"og:image:width\" content=\"795\" \/>\n\t<meta property=\"og:image:height\" content=\"407\" \/>\n\t<meta property=\"og:image:type\" content=\"image\/jpeg\" \/>\n<meta name=\"author\" content=\"Balkan Green Energy News\" \/>\n<meta name=\"twitter:card\" content=\"summary_large_image\" \/>\n<meta name=\"twitter:label1\" content=\"\u041d\u0430\u043f\u0438\u0441\u0430\u043d\u043e \u043e\u0434\" \/>\n\t<meta name=\"twitter:data1\" content=\"Balkan Green Energy News\" \/>\n\t<meta name=\"twitter:label2\" content=\"\u041f\u0440\u043e\u0446\u0435\u045a\u0435\u043d\u043e \u0432\u0440\u0435\u043c\u0435 \u0447\u0438\u0442\u0430\u045a\u0430\" \/>\n\t<meta name=\"twitter:data2\" content=\"2 \u043c\u0438\u043d\u0443\u0442\u0430\" \/>\n<script type=\"application\/ld+json\" class=\"yoast-schema-graph\">{\"@context\":\"https:\\\/\\\/schema.org\",\"@graph\":[{\"@type\":\"Article\",\"@id\":\"https:\\\/\\\/balkangreenenergynews.com\\\/rs\\\/od-1-septembra-prijave-za-podrsku-energetskoj-obnovi-kuca-u-hrvatskoj\\\/#article\",\"isPartOf\":{\"@id\":\"https:\\\/\\\/balkangreenenergynews.com\\\/rs\\\/od-1-septembra-prijave-za-podrsku-energetskoj-obnovi-kuca-u-hrvatskoj\\\/\"},\"author\":{\"name\":\"Balkan Green Energy News\",\"@id\":\"https:\\\/\\\/balkangreenenergynews.com\\\/rs\\\/#\\\/schema\\\/person\\\/dee275e6036b1a0f7ceaf956d79d4eff\"},\"headline\":\"Od 1. septembra prijave za podr\u0161ku energetskoj obnovi ku\u0107a u Hrvatskoj\",\"datePublished\":\"2020-08-21T09:48:06+00:00\",\"mainEntityOfPage\":{\"@id\":\"https:\\\/\\\/balkangreenenergynews.com\\\/rs\\\/od-1-septembra-prijave-za-podrsku-energetskoj-obnovi-kuca-u-hrvatskoj\\\/\"},\"wordCount\":379,\"commentCount\":0,\"image\":{\"@id\":\"https:\\\/\\\/balkangreenenergynews.com\\\/rs\\\/od-1-septembra-prijave-za-podrsku-energetskoj-obnovi-kuca-u-hrvatskoj\\\/#primaryimage\"},\"thumbnailUrl\":\"https:\\\/\\\/balkangreenenergynews.com\\\/rs\\\/wp-content\\\/uploads\\\/2020\\\/08\\\/fasada-izolacija.jpg?wsr\",\"keywords\":[\"energetska efikasnost\",\"energetska obnova\",\"Hrvatski Fond za za\u0161titu okoli\u0161a i energetsku u\u010dinkovitost\"],\"articleSection\":[\"Energetska efikasnost\"],\"inLanguage\":\"sr-RS\",\"potentialAction\":[{\"@type\":\"CommentAction\",\"name\":\"Comment\",\"target\":[\"https:\\\/\\\/balkangreenenergynews.com\\\/rs\\\/od-1-septembra-prijave-za-podrsku-energetskoj-obnovi-kuca-u-hrvatskoj\\\/#respond\"]}]},{\"@type\":\"WebPage\",\"@id\":\"https:\\\/\\\/balkangreenenergynews.com\\\/rs\\\/od-1-septembra-prijave-za-podrsku-energetskoj-obnovi-kuca-u-hrvatskoj\\\/\",\"url\":\"https:\\\/\\\/balkangreenenergynews.com\\\/rs\\\/od-1-septembra-prijave-za-podrsku-energetskoj-obnovi-kuca-u-hrvatskoj\\\/\",\"name\":\"Od 1. septembra prijave za podr\u0161ku energetskoj obnovi ku\u0107a u Hrvatskoj\",\"isPartOf\":{\"@id\":\"https:\\\/\\\/balkangreenenergynews.com\\\/rs\\\/#website\"},\"primaryImageOfPage\":{\"@id\":\"https:\\\/\\\/balkangreenenergynews.com\\\/rs\\\/od-1-septembra-prijave-za-podrsku-energetskoj-obnovi-kuca-u-hrvatskoj\\\/#primaryimage\"},\"image\":{\"@id\":\"https:\\\/\\\/balkangreenenergynews.com\\\/rs\\\/od-1-septembra-prijave-za-podrsku-energetskoj-obnovi-kuca-u-hrvatskoj\\\/#primaryimage\"},\"thumbnailUrl\":\"https:\\\/\\\/balkangreenenergynews.com\\\/rs\\\/wp-content\\\/uploads\\\/2020\\\/08\\\/fasada-izolacija.jpg?wsr\",\"datePublished\":\"2020-08-21T09:48:06+00:00\",\"author\":{\"@id\":\"https:\\\/\\\/balkangreenenergynews.com\\\/rs\\\/#\\\/schema\\\/person\\\/dee275e6036b1a0f7ceaf956d79d4eff\"},\"description\":\"Hrvatski Fond za za\u0161titu okoli\u0161a i energetsku u\u010dinkovitost po\u010dinje da prima prijave za za podr\u0161ku energetskoj obnovi porodi\u010dnih ku\u0107a.\",\"breadcrumb\":{\"@id\":\"https:\\\/\\\/balkangreenenergynews.com\\\/rs\\\/od-1-septembra-prijave-za-podrsku-energetskoj-obnovi-kuca-u-hrvatskoj\\\/#breadcrumb\"},\"inLanguage\":\"sr-RS\",\"potentialAction\":[{\"@type\":\"ReadAction\",\"target\":[\"https:\\\/\\\/balkangreenenergynews.com\\\/rs\\\/od-1-septembra-prijave-za-podrsku-energetskoj-obnovi-kuca-u-hrvatskoj\\\/\"]}]},{\"@type\":\"ImageObject\",\"inLanguage\":\"sr-RS\",\"@id\":\"https:\\\/\\\/balkangreenenergynews.com\\\/rs\\\/od-1-septembra-prijave-za-podrsku-energetskoj-obnovi-kuca-u-hrvatskoj\\\/#primaryimage\",\"url\":\"https:\\\/\\\/balkangreenenergynews.com\\\/rs\\\/wp-content\\\/uploads\\\/2020\\\/08\\\/fasada-izolacija.jpg?wsr\",\"contentUrl\":\"https:\\\/\\\/balkangreenenergynews.com\\\/rs\\\/wp-content\\\/uploads\\\/2020\\\/08\\\/fasada-izolacija.jpg?wsr\",\"width\":795,\"height\":407,\"caption\":\"prijave podr\u0161ka energetskoj obnovi ku\u0107a Hrvatska\"},{\"@type\":\"BreadcrumbList\",\"@id\":\"https:\\\/\\\/balkangreenenergynews.com\\\/rs\\\/od-1-septembra-prijave-za-podrsku-energetskoj-obnovi-kuca-u-hrvatskoj\\\/#breadcrumb\",\"itemListElement\":[{\"@type\":\"ListItem\",\"position\":1,\"name\":\"Po\u010detna\",\"item\":\"https:\\\/\\\/balkangreenenergynews.com\\\/rs\\\/\"},{\"@type\":\"ListItem\",\"position\":2,\"name\":\"Vesti\",\"item\":\"https:\\\/\\\/balkangreenenergynews.com\\\/rs\\\/kategorija\\\/vesti\\\/\"},{\"@type\":\"ListItem\",\"position\":3,\"name\":\"Energetska efikasnost\",\"item\":\"https:\\\/\\\/balkangreenenergynews.com\\\/rs\\\/kategorija\\\/vesti\\\/energetska-efikasnost\\\/\"},{\"@type\":\"ListItem\",\"position\":4,\"name\":\"Od 1. septembra prijave za podr\u0161ku energetskoj obnovi ku\u0107a u Hrvatskoj\"}]},{\"@type\":\"WebSite\",\"@id\":\"https:\\\/\\\/balkangreenenergynews.com\\\/rs\\\/#website\",\"url\":\"https:\\\/\\\/balkangreenenergynews.com\\\/rs\\\/\",\"name\":\"Balkan Green Energy News\",\"description\":\"Naj\u0161iri izbor vesti sa Balkana o zelenoj energiji\",\"potentialAction\":[{\"@type\":\"SearchAction\",\"target\":{\"@type\":\"EntryPoint\",\"urlTemplate\":\"https:\\\/\\\/balkangreenenergynews.com\\\/rs\\\/?s={search_term_string}\"},\"query-input\":{\"@type\":\"PropertyValueSpecification\",\"valueRequired\":true,\"valueName\":\"search_term_string\"}}],\"inLanguage\":\"sr-RS\"},{\"@type\":\"Person\",\"@id\":\"https:\\\/\\\/balkangreenenergynews.com\\\/rs\\\/#\\\/schema\\\/person\\\/dee275e6036b1a0f7ceaf956d79d4eff\",\"name\":\"Balkan Green Energy News\",\"url\":\"https:\\\/\\\/balkangreenenergynews.com\\\/rs\\\/author\\\/balkangreenenergynews\\\/\"}]}<\/script>\n<!-- \/ Yoast SEO plugin. -->","yoast_head_json":{"title":"Od 1. septembra prijave za podr\u0161ku energetskoj obnovi ku\u0107a u Hrvatskoj","description":"Hrvatski Fond za za\u0161titu okoli\u0161a i energetsku u\u010dinkovitost po\u010dinje da prima prijave za za podr\u0161ku energetskoj obnovi porodi\u010dnih ku\u0107a.","robots":{"index":"index","follow":"follow","max-snippet":"max-snippet:-1","max-image-preview":"max-image-preview:large","max-video-preview":"max-video-preview:-1"},"canonical":"https:\/\/balkangreenenergynews.com\/rs\/od-1-septembra-prijave-za-podrsku-energetskoj-obnovi-kuca-u-hrvatskoj\/","og_locale":"sr_RS","og_type":"article","og_title":"Od 1. septembra prijave za podr\u0161ku energetskoj obnovi ku\u0107a u Hrvatskoj","og_description":"Hrvatski Fond za za\u0161titu okoli\u0161a i energetsku u\u010dinkovitost po\u010dinje da prima prijave za za podr\u0161ku energetskoj obnovi porodi\u010dnih ku\u0107a.","og_url":"https:\/\/balkangreenenergynews.com\/rs\/od-1-septembra-prijave-za-podrsku-energetskoj-obnovi-kuca-u-hrvatskoj\/","og_site_name":"Balkan Green Energy News","article_published_time":"2020-08-21T09:48:06+00:00","og_image":[{"width":795,"height":407,"url":"https:\/\/balkangreenenergynews.com\/rs\/wp-content\/uploads\/2020\/08\/fasada-izolacija.jpg","type":"image\/jpeg"}],"author":"Balkan Green Energy News","twitter_card":"summary_large_image","twitter_misc":{"\u041d\u0430\u043f\u0438\u0441\u0430\u043d\u043e \u043e\u0434":"Balkan Green Energy News","\u041f\u0440\u043e\u0446\u0435\u045a\u0435\u043d\u043e \u0432\u0440\u0435\u043c\u0435 \u0447\u0438\u0442\u0430\u045a\u0430":"2 \u043c\u0438\u043d\u0443\u0442\u0430"},"schema":{"@context":"https:\/\/schema.org","@graph":[{"@type":"Article","@id":"https:\/\/balkangreenenergynews.com\/rs\/od-1-septembra-prijave-za-podrsku-energetskoj-obnovi-kuca-u-hrvatskoj\/#article","isPartOf":{"@id":"https:\/\/balkangreenenergynews.com\/rs\/od-1-septembra-prijave-za-podrsku-energetskoj-obnovi-kuca-u-hrvatskoj\/"},"author":{"name":"Balkan Green Energy News","@id":"https:\/\/balkangreenenergynews.com\/rs\/#\/schema\/person\/dee275e6036b1a0f7ceaf956d79d4eff"},"headline":"Od 1. septembra prijave za podr\u0161ku energetskoj obnovi ku\u0107a u Hrvatskoj","datePublished":"2020-08-21T09:48:06+00:00","mainEntityOfPage":{"@id":"https:\/\/balkangreenenergynews.com\/rs\/od-1-septembra-prijave-za-podrsku-energetskoj-obnovi-kuca-u-hrvatskoj\/"},"wordCount":379,"commentCount":0,"image":{"@id":"https:\/\/balkangreenenergynews.com\/rs\/od-1-septembra-prijave-za-podrsku-energetskoj-obnovi-kuca-u-hrvatskoj\/#primaryimage"},"thumbnailUrl":"https:\/\/balkangreenenergynews.com\/rs\/wp-content\/uploads\/2020\/08\/fasada-izolacija.jpg?wsr","keywords":["energetska efikasnost","energetska obnova","Hrvatski Fond za za\u0161titu okoli\u0161a i energetsku u\u010dinkovitost"],"articleSection":["Energetska efikasnost"],"inLanguage":"sr-RS","potentialAction":[{"@type":"CommentAction","name":"Comment","target":["https:\/\/balkangreenenergynews.com\/rs\/od-1-septembra-prijave-za-podrsku-energetskoj-obnovi-kuca-u-hrvatskoj\/#respond"]}]},{"@type":"WebPage","@id":"https:\/\/balkangreenenergynews.com\/rs\/od-1-septembra-prijave-za-podrsku-energetskoj-obnovi-kuca-u-hrvatskoj\/","url":"https:\/\/balkangreenenergynews.com\/rs\/od-1-septembra-prijave-za-podrsku-energetskoj-obnovi-kuca-u-hrvatskoj\/","name":"Od 1. septembra prijave za podr\u0161ku energetskoj obnovi ku\u0107a u Hrvatskoj","isPartOf":{"@id":"https:\/\/balkangreenenergynews.com\/rs\/#website"},"primaryImageOfPage":{"@id":"https:\/\/balkangreenenergynews.com\/rs\/od-1-septembra-prijave-za-podrsku-energetskoj-obnovi-kuca-u-hrvatskoj\/#primaryimage"},"image":{"@id":"https:\/\/balkangreenenergynews.com\/rs\/od-1-septembra-prijave-za-podrsku-energetskoj-obnovi-kuca-u-hrvatskoj\/#primaryimage"},"thumbnailUrl":"https:\/\/balkangreenenergynews.com\/rs\/wp-content\/uploads\/2020\/08\/fasada-izolacija.jpg?wsr","datePublished":"2020-08-21T09:48:06+00:00","author":{"@id":"https:\/\/balkangreenenergynews.com\/rs\/#\/schema\/person\/dee275e6036b1a0f7ceaf956d79d4eff"},"description":"Hrvatski Fond za za\u0161titu okoli\u0161a i energetsku u\u010dinkovitost po\u010dinje da prima prijave za za podr\u0161ku energetskoj obnovi porodi\u010dnih ku\u0107a.","breadcrumb":{"@id":"https:\/\/balkangreenenergynews.com\/rs\/od-1-septembra-prijave-za-podrsku-energetskoj-obnovi-kuca-u-hrvatskoj\/#breadcrumb"},"inLanguage":"sr-RS","potentialAction":[{"@type":"ReadAction","target":["https:\/\/balkangreenenergynews.com\/rs\/od-1-septembra-prijave-za-podrsku-energetskoj-obnovi-kuca-u-hrvatskoj\/"]}]},{"@type":"ImageObject","inLanguage":"sr-RS","@id":"https:\/\/balkangreenenergynews.com\/rs\/od-1-septembra-prijave-za-podrsku-energetskoj-obnovi-kuca-u-hrvatskoj\/#primaryimage","url":"https:\/\/balkangreenenergynews.com\/rs\/wp-content\/uploads\/2020\/08\/fasada-izolacija.jpg?wsr","contentUrl":"https:\/\/balkangreenenergynews.com\/rs\/wp-content\/uploads\/2020\/08\/fasada-izolacija.jpg?wsr","width":795,"height":407,"caption":"prijave podr\u0161ka energetskoj obnovi ku\u0107a Hrvatska"},{"@type":"BreadcrumbList","@id":"https:\/\/balkangreenenergynews.com\/rs\/od-1-septembra-prijave-za-podrsku-energetskoj-obnovi-kuca-u-hrvatskoj\/#breadcrumb","itemListElement":[{"@type":"ListItem","position":1,"name":"Po\u010detna","item":"https:\/\/balkangreenenergynews.com\/rs\/"},{"@type":"ListItem","position":2,"name":"Vesti","item":"https:\/\/balkangreenenergynews.com\/rs\/kategorija\/vesti\/"},{"@type":"ListItem","position":3,"name":"Energetska efikasnost","item":"https:\/\/balkangreenenergynews.com\/rs\/kategorija\/vesti\/energetska-efikasnost\/"},{"@type":"ListItem","position":4,"name":"Od 1. septembra prijave za podr\u0161ku energetskoj obnovi ku\u0107a u Hrvatskoj"}]},{"@type":"WebSite","@id":"https:\/\/balkangreenenergynews.com\/rs\/#website","url":"https:\/\/balkangreenenergynews.com\/rs\/","name":"Balkan Green Energy News","description":"Naj\u0161iri izbor vesti sa Balkana o zelenoj energiji","potentialAction":[{"@type":"SearchAction","target":{"@type":"EntryPoint","urlTemplate":"https:\/\/balkangreenenergynews.com\/rs\/?s={search_term_string}"},"query-input":{"@type":"PropertyValueSpecification","valueRequired":true,"valueName":"search_term_string"}}],"inLanguage":"sr-RS"},{"@type":"Person","@id":"https:\/\/balkangreenenergynews.com\/rs\/#\/schema\/person\/dee275e6036b1a0f7ceaf956d79d4eff","name":"Balkan Green Energy News","url":"https:\/\/balkangreenenergynews.com\/rs\/author\/balkangreenenergynews\/"}]}},"_links":{"self":[{"href":"https:\/\/balkangreenenergynews.com\/rs\/wp-json\/wp\/v2\/posts\/33163","targetHints":{"allow":["GET"]}}],"collection":[{"href":"https:\/\/balkangreenenergynews.com\/rs\/wp-json\/wp\/v2\/posts"}],"about":[{"href":"https:\/\/balkangreenenergynews.com\/rs\/wp-json\/wp\/v2\/types\/post"}],"author":[{"embeddable":true,"href":"https:\/\/balkangreenenergynews.com\/rs\/wp-json\/wp\/v2\/users\/25"}],"replies":[{"embeddable":true,"href":"https:\/\/balkangreenenergynews.com\/rs\/wp-json\/wp\/v2\/comments?post=33163"}],"version-history":[{"count":0,"href":"https:\/\/balkangreenenergynews.com\/rs\/wp-json\/wp\/v2\/posts\/33163\/revisions"}],"wp:featuredmedia":[{"embeddable":true,"href":"https:\/\/balkangreenenergynews.com\/rs\/wp-json\/wp\/v2\/media\/33164"}],"wp:attachment":[{"href":"https:\/\/balkangreenenergynews.com\/rs\/wp-json\/wp\/v2\/media?parent=33163"}],"wp:term":[{"taxonomy":"category","embeddable":true,"href":"https:\/\/balkangreenenergynews.com\/rs\/wp-json\/wp\/v2\/categories?post=33163"},{"taxonomy":"post_tag","embeddable":true,"href":"https:\/\/balkangreenenergynews.com\/rs\/wp-json\/wp\/v2\/tags?post=33163"}],"curies":[{"name":"wp","href":"https:\/\/api.w.org\/{rel}","templated":true}]}}