{"id":32884,"date":"2020-08-11T21:43:31","date_gmt":"2020-08-11T19:43:31","guid":{"rendered":"https:\/\/balkangreenenergynews.com\/rs\/?p=32884"},"modified":"2020-10-30T10:38:53","modified_gmt":"2020-10-30T09:38:53","slug":"odrziva-urbana-mobilnost-je-tema-na-kojoj-zajednicki-rade-giz-orf-ee-i-asocijacija-lokalnih-samouprava","status":"publish","type":"post","link":"https:\/\/balkangreenenergynews.com\/rs\/odrziva-urbana-mobilnost-je-tema-na-kojoj-zajednicki-rade-giz-orf-ee-i-asocijacija-lokalnih-samouprava\/","title":{"rendered":"Odr\u017eiva urbana mobilnost je tema na kojoj zajedni\u010dki rade GIZ ORF-EE i asocijacije lokalnih samouprava"},"content":{"rendered":"<h2 style=\"text-align: left;\">Brojne lokalne samouprave sa Zapadnog Balkana u saradnji sa asocijacijama op\u0161tina i gradova pripremile su strategije odr\u017eive urbane mobilnosti i napravile prve korake u pravcu uvo\u0111enja sistema urbane mobilnosti koji se zasniva na potrebama \u010doveka. Njihovu saradnju i realizovane aktivnosti omoguc\u0301io je Otvoreni regionalni fond za Jugoisto\u010dnu Evropu &#8211; Energetska efikasnost (ORF-EE), regionalni projekat koji je u ime nema\u010dke vlade sproveo Deutsche Gesellschaft fur Internationale Zusammenarbeit (GIZ).<\/h2>\n<p>Osam asocijacija op\u0161tina i gradova iz Albanije, Bosne i Hercegovine, Crne Gore, Kosova, Severne Makedonije i Srbije intenzivno je radilo u protekloj godini na promociji odr\u017eive urbane mobilnosti uz podr\u0161ku regionalnog projekta ORF-EE &#8222;Odr\u017eiva urbana mobilnost u Jugoisto\u010dnoj Evropi II (SUMSEEC II)&#8220;.<\/p>\n<p>Lokalne samouprave, zainteresovane da promovi\u0161u odr\u017eivu urbanu mobilnost i uvedu konkretne mere, prijavile su se sa lokalnim asocijacijama za u\u010de\u0161\u0107e u projektu. Izabrane jedinice lokalne samouprave sprovele su pilot projekte, pro\u0161le obuku i izradile planove odr\u017eive urbane mobilnosti ili re\u0161enja za odr\u017eivu urbanu mobilnost.<\/p>\n<p>Nova strategija odr\u017eive urbane mobilnosti stvara uslove za \u010distije i odr\u017eivije na\u010dine prevoza u regionu: za vi\u0161e pe\u0161a\u010denja, bicikliranja i javnog prevoza, zatim razvoj novih koncepata upotrebe automobila i vlasni\u0161tva nad njima, kao i upotrebu novih pametnih tehnologija i kori\u0161\u0107enje odr\u017eive gradske logistike.<\/p>\n<p>&nbsp;<\/p>\n<figure id=\"attachment_32889\" aria-describedby=\"caption-attachment-32889\" style=\"width: 795px\" class=\"wp-caption aligncenter\"><img loading=\"lazy\" decoding=\"async\" class=\"wp-image-32889 size-full\" src=\"https:\/\/balkangreenenergynews.com\/rs\/wp-content\/uploads\/2020\/08\/GIZ-ORF-EE-odrziva-urbana-mobilnost.jpg\" alt=\"GIZ-ORF-EE-odrziva-urbana-mobilnost\" width=\"795\" height=\"407\" srcset=\"https:\/\/balkangreenenergynews.com\/rs\/wp-content\/uploads\/2020\/08\/GIZ-ORF-EE-odrziva-urbana-mobilnost.jpg 795w, https:\/\/balkangreenenergynews.com\/rs\/wp-content\/uploads\/2020\/08\/GIZ-ORF-EE-odrziva-urbana-mobilnost-500x256.jpg 500w, https:\/\/balkangreenenergynews.com\/rs\/wp-content\/uploads\/2020\/08\/GIZ-ORF-EE-odrziva-urbana-mobilnost-768x393.jpg 768w, https:\/\/balkangreenenergynews.com\/rs\/wp-content\/uploads\/2020\/08\/GIZ-ORF-EE-odrziva-urbana-mobilnost-300x154.jpg 300w\" sizes=\"auto, (max-width: 795px) 100vw, 795px\" \/><figcaption id=\"caption-attachment-32889\" class=\"wp-caption-text\">Slika: Pixabay<\/figcaption><\/figure>\n<p>Da bi se napravila istinska i trajna promena, primenjen je novi pristup u prostornom i transportnom planiranju. U osnovi tog koncepta su kvalitet \u017eivota i ljudi u odnosu na tradicionalno planiranje koje je obi\u010dno vi\u0161e usmereno na pojedina\u010dni motorizovani prevoz. Sa druge strane, dokazano je da redovna vo\u017enja bicikla i pe\u0161a\u010denje produ\u017euju \u017eivotni vek i ja\u010daju zdravlje. Istovremeno, poma\u017eu u smanjenju zaga\u0111enja vazduha.<\/p>\n<h3><span style=\"\">Izgradnja kapaciteta i stvaranje regionalne ekspertske grupe<\/span><\/h3>\n<p>Paralelno sa razvojem sopstvenih kapaciteta, asocijacije iz \u0161est zemalja su, tako\u0111e, razvijale i kapacitete op\u0161tina i gradova kroz obuke koje su za njih organizovali. Udru\u017eenja su u tome dobila dragocenu podr\u0161ku i pomoc\u0301 me\u0111unarodnih stru\u010dnjaka GIZ-a.<\/p>\n<p>Najva\u017eniji edukativni doga\u0111aj bio je petodnevni trening &#8211; <em>SUMP Boot Camp<\/em>, organizovan u maju pro\u0161le godine za predstavnike gradova i op\u0161tina koje su u\u010destvovale u projektu. Znanje ste\u010deno tokom treninga pomoglo je predstavnicima lokalnih samouprava da u svojim gradovima i op\u0161tinama olak\u0161aju pripremu planova odr\u017eive urbane mobilnosti i re\u0161enja za odr\u017eivu urbanu mobilnost, koja oslikavaju principe planova odr\u017eive urbane mobilnosti.<\/p>\n<hr \/>\n<h3><span style=\"\">Korisnici<\/span><\/h3>\n<p>Asocijacije su podr\u017eale Uro\u0161evac, Gnjilane, Podujevo i Gra\u010danicu na Kosovu, kao i Bijeljinu u Bosni i Hercegovini u pripremi planova odr\u017eive urbane mobilnosti.<\/p>\n<p>Uz pomoc\u0301 ovih udru\u017eenja i projekta SUMSEEC II Gramsh, Elbasan, Belsh, Librazhd, Klos, Mat, Shkoder, Peqin i Cerrik\u00a0 u Albaniji, Zavidovic\u0301i u BiH, Ro\u017eaje i Kola\u0161in u Crnoj Gori, \u0160abac i Pirot u Srbiji, kao i Kumanovo, Kavadarci, Ohrid, Bitola i Karpo\u0161 u Severnoj Makedoniji pripremili su re\u0161enja za odr\u017eivu urbanu mobilnost .<\/p>\n<hr \/>\n<h3><span style=\"\">Va\u017ean je participativni pristup<\/span><\/h3>\n<p>U skladu sa najboljim praksama EU za uklju\u010divanje zainteresovanih strana i javne rasprave, proces razvoja planova odr\u017eive urbane mobilnosti i re\u0161enja za odr\u017eivu urbanu mobilnost \u0161irom Zapadnog Balkana realizovan je uz aktivno u\u010de\u0161\u0107e gra\u0111ana, akademske zajednice, privatnog i javnog sektora i nevladinih organizacija.<\/p>\n<p>Na primer, u Banjaluci, konsultacije o odr\u017eivoj urbanoj mobilnosti prvi put su se na jednom mestu okupile va\u017ene zainteresovane strane kao \u0161to su gra\u0111ani, akademska zajednica, nevladine organizacije, urbanisti i lokalni organi vlasti, kako bi izneli svoje stavove i otvoreno razgovarali o izazovima i moguc\u0301im re\u0161enjima u sektoru urbane mobilnosti, prostornom i transportnom planiranju.<\/p>\n<h3><span style=\"\">Odlazak na posao biciklom<\/span><\/h3>\n<p>Projekt SUMSEEC II podr\u017eao je sprovo\u0111enje 19 pilot projekata, od kojih 13 u saradnji sa asocijacijama i pet direktno sa glavnim gradovima.<\/p>\n<figure id=\"attachment_32888\" aria-describedby=\"caption-attachment-32888\" style=\"width: 795px\" class=\"wp-caption aligncenter\"><img loading=\"lazy\" decoding=\"async\" class=\"wp-image-32888 size-full\" src=\"https:\/\/balkangreenenergynews.com\/rs\/wp-content\/uploads\/2020\/08\/GIZ-ORF-EE-odrziva-urbana-mobilnost-bar-crna-gora.jpg\" alt=\"GIZ-ORF-EE-odrziva-urbana-mobilnost-bar-crna-gora\" width=\"795\" height=\"407\" srcset=\"https:\/\/balkangreenenergynews.com\/rs\/wp-content\/uploads\/2020\/08\/GIZ-ORF-EE-odrziva-urbana-mobilnost-bar-crna-gora.jpg 795w, https:\/\/balkangreenenergynews.com\/rs\/wp-content\/uploads\/2020\/08\/GIZ-ORF-EE-odrziva-urbana-mobilnost-bar-crna-gora-500x256.jpg 500w, https:\/\/balkangreenenergynews.com\/rs\/wp-content\/uploads\/2020\/08\/GIZ-ORF-EE-odrziva-urbana-mobilnost-bar-crna-gora-768x393.jpg 768w, https:\/\/balkangreenenergynews.com\/rs\/wp-content\/uploads\/2020\/08\/GIZ-ORF-EE-odrziva-urbana-mobilnost-bar-crna-gora-300x154.jpg 300w\" sizes=\"auto, (max-width: 795px) 100vw, 795px\" \/><figcaption id=\"caption-attachment-32888\" class=\"wp-caption-text\">Foto: Pilot-projekat za parkirali\u0161ta biciklala u Baru u Crnoj Gori. Deset bicikala mo\u017ee se smestiti na jedno parking mest za auto (GIZ ORF-EE)<\/figcaption><\/figure>\n<p>Vec\u0301ina pilot projekata podrazumevala je brze intervencije u skladu sa potrebama definisanim u planovima odr\u017eive urbane mobilnosti i re\u0161enjima za odr\u017eivu urbanu moblinost. S obzirom da se gra\u0111ani sve vi\u0161e odlu\u010duju za bicikle kao prevozno sredstvo, aktivnosti na pilot projektima bile su usmerene u tom pravcu.<\/p>\n<p>Rezultati postignuti u celom regionu odra\u017eavaju entuzijazam lokalnih vlasti da naprave promene koje donose korist gra\u0111anima i podi\u017eu njihovu svest o prednostima inkluzivne mobilnosti u svakodnevnom \u017eivotu u gradovima.<\/p>\n<p>Lokalne samouprave su shvatile da im nedostaju mesta za parkiranje bicikala u blizini javnih institucija, tako da su se neke, poput Isto\u010dnog Sarajeva, prijavile za dobijanje podr\u0161ke kako bi to promenile. Na taj na\u010din ne samo da zaposleni u op\u0161tinskoj administraciji mogu na posao biciklom, vec\u0301 i gra\u0111ani mogu da ih koriste kada pose\u0107uju ove institucije.<img loading=\"lazy\" decoding=\"async\" class=\" wp-image-32887 alignright\" src=\"https:\/\/balkangreenenergynews.com\/rs\/wp-content\/uploads\/2020\/08\/GIZ-ORF-EE-odrziva-urbana-mobilnost-aplikacija-travnik.jpg\" alt=\"GIZ-ORF-EE-odrziva-urbana-mobilnost-aplikacija-travnik\" width=\"237\" height=\"421\" srcset=\"https:\/\/balkangreenenergynews.com\/rs\/wp-content\/uploads\/2020\/08\/GIZ-ORF-EE-odrziva-urbana-mobilnost-aplikacija-travnik.jpg 576w, https:\/\/balkangreenenergynews.com\/rs\/wp-content\/uploads\/2020\/08\/GIZ-ORF-EE-odrziva-urbana-mobilnost-aplikacija-travnik-500x889.jpg 500w, https:\/\/balkangreenenergynews.com\/rs\/wp-content\/uploads\/2020\/08\/GIZ-ORF-EE-odrziva-urbana-mobilnost-aplikacija-travnik-169x300.jpg 169w\" sizes=\"auto, (max-width: 237px) 100vw, 237px\" \/><\/p>\n<p>Za male op\u0161tine, poput Travnika u BiH, odr\u017eiva urbana mobilnost tako\u0111e zna\u010di i informacije u raspored javnog prevoza kako bi gra\u0111ani, ali i turisti, mogli da planiraju svoje vreme. To je razlog zbog kojeg je ova op\u0161tina uz podr\u0161ku projekta SUMSEEC II razvila <a href=\"https:\/\/play.google.com\/store\/apps\/details?id=eu.v3lab.travnikbus&amp;hl=en\">android aplikaciju za javni prevoz<\/a>.<\/p>\n<p>U albanskom gradu Skadru postavljeno je nekoliko parkinga za bicikle, a lokalna policija je i dobila nekoliko bicikala na poklon.\u00a0 &#8222;Mali projekat mo\u017ee da ima sjajan efekat kada imate dobru ideju i dobru volju za uvo\u0111enjem novih koncepata poput urbane mobilnosti&#8220;, rekao je Agron Haxhimali, izvr\u0161ni direktor Albanske asocijacije op\u0161tina.<\/p>\n<p>U Bijeljini u BiH, gde prema anketi 55% gra\u0111ana bicikl koristi povremeno ili vec\u0301inu vremena, projekat je doprineo pro\u0161irenju postojec\u0301ih biciklisti\u010dkih i pe\u0161a\u010dkih staza. Gradona\u010delnik Mic\u0301o Mic\u0301ic\u0301 posvetio se ovom projektu i obec\u0301ao da c\u0301e biti izgra\u0111eno jo\u0161 staza i to ne samo u centru, kako bi se grad povezao sa poznatim turisti\u010dkim atrakcijama etno-selom Stani\u0161ic\u0301i i rekom Drinom.<\/p>\n<h3><span style=\"\">Region se pridru\u017eio Evropskoj nedelji mobilnosti<\/span><\/h3>\n<p>Saradnja op\u0161tina i gradova sa udru\u017eenjima bila je usmerena i na <a href=\"https:\/\/balkangreenenergynews.com\/rs\/evropska-nedelja-mobilnosti-hodajte-sa-nama-od-16-do-22-septembra\/\">obele\u017eavanje Evropske nedelje mobilnosti 2019<\/a>. Ukupno 23 op\u0161tine i gradova dobili su podr\u0161ku da sprovedu razli\u010dite dugotrajne ili privremene mere. Grad Kru\u0161evac postigao je ogroman uspeh <a href=\"https:\/\/balkangreenenergynews.com\/rs\/krusevac-osvojio-nagradu-evropske-nedelje-mobilnosti-za-2019\/\">osvojiv\u0161i nagradu Evropske nedelje mobilnosti za 2019.<\/a> u kategoriji vec\u0301ih op\u0161tina i gradova.<\/p>\n<h3><span style=\"\">Info pult za informacije iz prve ruke<\/span><\/h3>\n<p>Savez op\u0161tina i gradova Republike Srpske u BiH osnovao je u svojim prostorijama info pult za odr\u017eivu urbanu mobilnost, na kojem gra\u0111ani dobijaju informacije iz prve ruke. Trenutno info pult pru\u017ea samo onlajn podr\u0161ku zbog pridr\u017eavanja mera u vezi sa pandemijom COVID-19.<\/p>\n<p>&#8222;Projekat je pomogao Udru\u017eenju op\u0161tina i gradova Republike Srpske da postane nezaobilazan akter u oblasti odr\u017eive mobilnosti. Uspostavljanjem baze stru\u010dnjaka obezbedili smo resurs u vidu znanja i iskoristili ga u izgradnji kapaciteta u op\u0161tinama i gradovima&#8220;, rekao je Predrag Pajic\u0301 iz Udru\u017eenja.<\/p>\n<figure id=\"attachment_32886\" aria-describedby=\"caption-attachment-32886\" style=\"width: 795px\" class=\"wp-caption aligncenter\"><img loading=\"lazy\" decoding=\"async\" class=\"wp-image-32886 size-full\" src=\"https:\/\/balkangreenenergynews.com\/rs\/wp-content\/uploads\/2020\/08\/GIZ-ORF-EE-odrziva-urbana-mobilnost-bih.jpg\" alt=\"GIZ-ORF-EE-odrziva-urbana-mobilnost-bih\" width=\"795\" height=\"407\" srcset=\"https:\/\/balkangreenenergynews.com\/rs\/wp-content\/uploads\/2020\/08\/GIZ-ORF-EE-odrziva-urbana-mobilnost-bih.jpg 795w, https:\/\/balkangreenenergynews.com\/rs\/wp-content\/uploads\/2020\/08\/GIZ-ORF-EE-odrziva-urbana-mobilnost-bih-500x256.jpg 500w, https:\/\/balkangreenenergynews.com\/rs\/wp-content\/uploads\/2020\/08\/GIZ-ORF-EE-odrziva-urbana-mobilnost-bih-768x393.jpg 768w, https:\/\/balkangreenenergynews.com\/rs\/wp-content\/uploads\/2020\/08\/GIZ-ORF-EE-odrziva-urbana-mobilnost-bih-300x154.jpg 300w\" sizes=\"auto, (max-width: 795px) 100vw, 795px\" \/><figcaption id=\"caption-attachment-32886\" class=\"wp-caption-text\">Slika: Prezentacija koncepta odr\u017eive urbane mobilnosti za op\u0161tine u BiH (GIZ ORF-EE)<\/figcaption><\/figure>\n<h3><span style=\"\">Pirot i \u0160abac razvili re\u0161enja za odr\u017eivu urbanu mobilnost<\/span><\/h3>\n<p>Stalna konferencija gradova i op\u0161tina (SKGO) u Srbiji je sprovela projekat &#8222;Odr\u017eiva urbana mobilnost u gradovima i op\u0161tinama Srbije&#8220; od februara 2019. do marta 2020. Klju\u010dni rezultat projekta bila je podr\u0161ka <a href=\"https:\/\/balkangreenenergynews.com\/rs\/pirot-i-sabac-zapoceli-pripremu-planova-odrzive-urbane-mobilnosti\/\">kreiranju re\u0161enja za odr\u017eivu urbanu mobilnost u Pirotu i \u0160apcu<\/a>. Pomo\u0107 je dobio i Kru\u0161evac, prvi grad u Srbiji koji je samostalno pripremio i usvojio plan odr\u017eive urbane mobilnosti.<\/p>\n<p>Klara Daninovic\u0301 iz Stalne konferencije gradova i op\u0161tina rekla je da je projekat sna\u017ean podsticaj za dalje promovisanje koncepta odr\u017eive urbane mobilnosti me\u0111u \u010dlanovima ove asocijacije.<\/p>\n<p>&#8222;Posebno smo ponosni na prvu nagradu koju je Grad Kru\u0161evac osvojio na evropskom nivou, za obele\u017eavanje Evropske nedelje mobilnosti. Buduc\u0301i da je na\u0161 projekat doprineo organizovanju ovog doga\u0111aja pro\u0161le godine, verujemo da smo delom i mi doprineli velikom uspehu grada&#8220;, naglasila je.<\/p>\n<h3><span style=\"\">Kru\u0161evac inspiri\u0161e ostale gradove na Balkanu<\/span><\/h3>\n<p>Tokom sprovo\u0111enja projekta lokalne samouprave su razvijale i me\u0111usobne veze.<\/p>\n<p>Jelena Nikolic\u0301, savetnica za odr\u017eivu urbanu mobilnost i energetsku efikasnost u Gradu Kru\u0161evcu, rekla je da je lokalni tim predstavio svoje rezultate u Srbiji, zemljama biv\u0161e Jugoslavije i Evropi, \u0161to je imalo pozitivan uticaj na sve zainteresovane gradove i op\u0161tine u BiH, zatim na Pirot i \u0160abac u Srbiji, i na druge lokalne samouprave u regionu.<\/p>\n<p>&#8222;Veoma je va\u017eno biti strpljiv, jer promene ne dolaze preko noc\u0301i. Jedan od primera je rekonstrukcija centra Kru\u0161evca. Tokom Evropske nedelje mobilnosti 2015. svako popodne smo zatvarali deo glavne ulice. \u017deleli smo da istaknemo kori\u0161c\u0301enje javnog prostora, potrebu za biciklisti\u010dkom infrastrukturom i neophodnost uklanjanja parkinga za automobile. Nakon vrlo pozitivnih reagovanja gra\u0111ana, taj period je produ\u017een i pro\u0161le godine je pomenuti re\u017eim saobrac\u0301aja trajao od sredine aprila do sredine oktobra&#8220;, navela je ona i naglasila da je jedan od efekata primetno smanjenje buke.<\/p>\n<p>Ovim putem, isti\u010de Nikoli\u0107, donosioci odluka postali su svesni na\u010dina na koji se mo\u017ee koristi javni prostor. U anketi sa gra\u0111anima, polovina u\u010desnika podr\u017eala je ideju pe\u0161a\u010dke i biciklisti\u010dke zone i centar grada trebalo bi slede\u0107e godine da dobije novi izgled.<\/p>\n<p>&#8222;Nisu sve mere nu\u017eno skupe. Na 30 lokacija postavili smo ramove za parkiranje bicikala i svi su puni. Stanice za popravku su tako\u0111e deo biciklisti\u010dke infrastrukture, kao i broja\u010d bicikala: podaci su vidljivi na displejima tako da voza\u010di i pe\u0161aci vide koliko biciklista ima. Vodili smo ra\u010duna da obezbedimo pristup za osobe sa invaliditetom tokom rekonstrukcije trotoara i raskrsnica, a nedavno smo uveli elektri\u010dne minibuseve na dve linije uz besplatne vo\u017enje&#8220;, rekla je Nikolic\u0301.<\/p>\n<figure id=\"attachment_32885\" aria-describedby=\"caption-attachment-32885\" style=\"width: 795px\" class=\"wp-caption aligncenter\"><img loading=\"lazy\" decoding=\"async\" class=\"wp-image-32885 size-full\" src=\"https:\/\/balkangreenenergynews.com\/rs\/wp-content\/uploads\/2020\/08\/GIZ-ORF-EE-odrziva-urbana-mobilnost-pirot-sabac.jpg\" alt=\"GIZ-ORF-EE-odrziva-urbana-mobilnost-pirot-sabac\" width=\"795\" height=\"407\" srcset=\"https:\/\/balkangreenenergynews.com\/rs\/wp-content\/uploads\/2020\/08\/GIZ-ORF-EE-odrziva-urbana-mobilnost-pirot-sabac.jpg 795w, https:\/\/balkangreenenergynews.com\/rs\/wp-content\/uploads\/2020\/08\/GIZ-ORF-EE-odrziva-urbana-mobilnost-pirot-sabac-500x256.jpg 500w, https:\/\/balkangreenenergynews.com\/rs\/wp-content\/uploads\/2020\/08\/GIZ-ORF-EE-odrziva-urbana-mobilnost-pirot-sabac-768x393.jpg 768w, https:\/\/balkangreenenergynews.com\/rs\/wp-content\/uploads\/2020\/08\/GIZ-ORF-EE-odrziva-urbana-mobilnost-pirot-sabac-300x154.jpg 300w\" sizes=\"auto, (max-width: 795px) 100vw, 795px\" \/><figcaption id=\"caption-attachment-32885\" class=\"wp-caption-text\">Slika: Pirot i \u0160abac su dobili pomo\u0107 u kreiranju re\u0161enja za odr\u017eivu urbanu mobilnost (GIZ ORF-EE)<\/figcaption><\/figure>\n<h3><span style=\"\">\u010clanovi mre\u017ee<\/span><\/h3>\n<p>Albanska asocijacija op\u0161tina (AAM)<\/p>\n<p>Asocijacija za lokalnu autonomiju Albanije (ALAA)<\/p>\n<p>Savez opc\u0301ina i gradova Federacije Bosne i Hercegovine (SOGFBiH)<\/p>\n<p>Savez op\u0161tina i gradova Republike Srpske (SOGRS)<\/p>\n<p>Savez op\u0161tina Crne Gore<\/p>\n<p>Asocijacija kosovskih op\u0161tina<\/p>\n<p>Stalna konferencija gradova i op\u0161tina (SKGO) u Srbiji<\/p>\n<p>Asocijacija jedinica lokalne samouprave severne Makedonije (ZELS)<\/p>\n","protected":false},"excerpt":{"rendered":"<p>Brojne lokalne samouprave sa Zapadnog Balkana u saradnji sa asocijacijama op\u0161tina i gradova pripremile su&#8230;<\/p>\n","protected":false},"author":23,"featured_media":32890,"comment_status":"open","ping_status":"closed","sticky":false,"template":"","format":"standard","meta":{"_acf_changed":false,"_monsterinsights_skip_tracking":false,"_monsterinsights_sitenote_active":false,"_monsterinsights_sitenote_note":"","_monsterinsights_sitenote_category":0,"footnotes":""},"categories":[7],"tags":[5006,226,5080,5003,910],"class_list":["post-32884","post","type-post","status-publish","format-standard","has-post-thumbnail","hentry","category-mobilnost","tag-biciklizam","tag-giz-orf-ee","tag-giz-otvoreni-regionalni-fond-za-jugoistocnu-evropu-energetska-efikasnost","tag-plan-odrzive-urbane-mobilnosti","tag-zagadenje-vazduha","country-regioneu"],"acf":[],"yoast_head":"<!-- This site is optimized with the Yoast SEO plugin v27.4 - https:\/\/yoast.com\/product\/yoast-seo-wordpress\/ -->\n<title>Odr\u017eiva urbana mobilnost je tema na kojoj zajedni\u010dki rade GIZ ORF-EE i asocijacije lokalnih samouprava<\/title>\n<meta name=\"description\" content=\"Lokalne samouprave sa Zapadnog Balkana u saradnji sa asocijacijama op\u0161tina i gradova pripremile su strategije odr\u017eive urbane mobilnosti i napravile prve kor\" \/>\n<meta name=\"robots\" content=\"index, follow, max-snippet:-1, max-image-preview:large, max-video-preview:-1\" \/>\n<link rel=\"canonical\" href=\"https:\/\/balkangreenenergynews.com\/rs\/odrziva-urbana-mobilnost-je-tema-na-kojoj-zajednicki-rade-giz-orf-ee-i-asocijacija-lokalnih-samouprava\/\" \/>\n<meta property=\"og:locale\" content=\"sr_RS\" \/>\n<meta property=\"og:type\" content=\"article\" \/>\n<meta property=\"og:title\" content=\"Odr\u017eiva urbana mobilnost je tema na kojoj zajedni\u010dki rade GIZ ORF-EE i asocijacije lokalnih samouprava\" \/>\n<meta property=\"og:description\" content=\"Lokalne samouprave sa Zapadnog Balkana u saradnji sa asocijacijama op\u0161tina i gradova pripremile su strategije odr\u017eive urbane mobilnosti i napravile prve kor\" \/>\n<meta property=\"og:url\" content=\"https:\/\/balkangreenenergynews.com\/rs\/odrziva-urbana-mobilnost-je-tema-na-kojoj-zajednicki-rade-giz-orf-ee-i-asocijacija-lokalnih-samouprava\/\" \/>\n<meta property=\"og:site_name\" content=\"Balkan Green Energy News\" \/>\n<meta property=\"article:published_time\" content=\"2020-08-11T19:43:31+00:00\" \/>\n<meta property=\"article:modified_time\" content=\"2020-10-30T09:38:53+00:00\" \/>\n<meta property=\"og:image\" content=\"https:\/\/balkangreenenergynews.com\/rs\/wp-content\/uploads\/2020\/08\/GIZ-ORF-EE-odrziva-urbana-mobilnost-grad.jpg\" \/>\n\t<meta property=\"og:image:width\" content=\"795\" \/>\n\t<meta property=\"og:image:height\" content=\"407\" \/>\n\t<meta property=\"og:image:type\" content=\"image\/jpeg\" \/>\n<meta name=\"author\" content=\"Vladimir Spasi\u0107\" \/>\n<meta name=\"twitter:card\" content=\"summary_large_image\" \/>\n<meta name=\"twitter:label1\" content=\"\u041d\u0430\u043f\u0438\u0441\u0430\u043d\u043e \u043e\u0434\" \/>\n\t<meta name=\"twitter:data1\" content=\"Vladimir Spasi\u0107\" \/>\n\t<meta name=\"twitter:label2\" content=\"\u041f\u0440\u043e\u0446\u0435\u045a\u0435\u043d\u043e \u0432\u0440\u0435\u043c\u0435 \u0447\u0438\u0442\u0430\u045a\u0430\" \/>\n\t<meta name=\"twitter:data2\" content=\"9 \u043c\u0438\u043d\u0443\u0442\u0430\" \/>\n<script type=\"application\/ld+json\" class=\"yoast-schema-graph\">{\"@context\":\"https:\\\/\\\/schema.org\",\"@graph\":[{\"@type\":\"Article\",\"@id\":\"https:\\\/\\\/balkangreenenergynews.com\\\/rs\\\/odrziva-urbana-mobilnost-je-tema-na-kojoj-zajednicki-rade-giz-orf-ee-i-asocijacija-lokalnih-samouprava\\\/#article\",\"isPartOf\":{\"@id\":\"https:\\\/\\\/balkangreenenergynews.com\\\/rs\\\/odrziva-urbana-mobilnost-je-tema-na-kojoj-zajednicki-rade-giz-orf-ee-i-asocijacija-lokalnih-samouprava\\\/\"},\"author\":{\"name\":\"Vladimir Spasi\u0107\",\"@id\":\"https:\\\/\\\/balkangreenenergynews.com\\\/rs\\\/#\\\/schema\\\/person\\\/99dc721c46113fea22caffad06ef7317\"},\"headline\":\"Odr\u017eiva urbana mobilnost je tema na kojoj zajedni\u010dki rade GIZ ORF-EE i asocijacije lokalnih samouprava\",\"datePublished\":\"2020-08-11T19:43:31+00:00\",\"dateModified\":\"2020-10-30T09:38:53+00:00\",\"mainEntityOfPage\":{\"@id\":\"https:\\\/\\\/balkangreenenergynews.com\\\/rs\\\/odrziva-urbana-mobilnost-je-tema-na-kojoj-zajednicki-rade-giz-orf-ee-i-asocijacija-lokalnih-samouprava\\\/\"},\"wordCount\":1763,\"commentCount\":0,\"image\":{\"@id\":\"https:\\\/\\\/balkangreenenergynews.com\\\/rs\\\/odrziva-urbana-mobilnost-je-tema-na-kojoj-zajednicki-rade-giz-orf-ee-i-asocijacija-lokalnih-samouprava\\\/#primaryimage\"},\"thumbnailUrl\":\"https:\\\/\\\/balkangreenenergynews.com\\\/rs\\\/wp-content\\\/uploads\\\/2020\\\/08\\\/GIZ-ORF-EE-odrziva-urbana-mobilnost-grad.jpg?wsr\",\"keywords\":[\"biciklizam\",\"GIZ ORF-EE\",\"GIZ Otvoreni regionalni fond za Jugoisto\u010dnu Evropu - Energetska efikasnost\",\"plan odr\u017eive urbane mobilnosti\",\"zaga\u0111enje vazduha\"],\"articleSection\":[\"Mobilnost\"],\"inLanguage\":\"sr-RS\",\"potentialAction\":[{\"@type\":\"CommentAction\",\"name\":\"Comment\",\"target\":[\"https:\\\/\\\/balkangreenenergynews.com\\\/rs\\\/odrziva-urbana-mobilnost-je-tema-na-kojoj-zajednicki-rade-giz-orf-ee-i-asocijacija-lokalnih-samouprava\\\/#respond\"]}]},{\"@type\":\"WebPage\",\"@id\":\"https:\\\/\\\/balkangreenenergynews.com\\\/rs\\\/odrziva-urbana-mobilnost-je-tema-na-kojoj-zajednicki-rade-giz-orf-ee-i-asocijacija-lokalnih-samouprava\\\/\",\"url\":\"https:\\\/\\\/balkangreenenergynews.com\\\/rs\\\/odrziva-urbana-mobilnost-je-tema-na-kojoj-zajednicki-rade-giz-orf-ee-i-asocijacija-lokalnih-samouprava\\\/\",\"name\":\"Odr\u017eiva urbana mobilnost je tema na kojoj zajedni\u010dki rade GIZ ORF-EE i asocijacije lokalnih samouprava\",\"isPartOf\":{\"@id\":\"https:\\\/\\\/balkangreenenergynews.com\\\/rs\\\/#website\"},\"primaryImageOfPage\":{\"@id\":\"https:\\\/\\\/balkangreenenergynews.com\\\/rs\\\/odrziva-urbana-mobilnost-je-tema-na-kojoj-zajednicki-rade-giz-orf-ee-i-asocijacija-lokalnih-samouprava\\\/#primaryimage\"},\"image\":{\"@id\":\"https:\\\/\\\/balkangreenenergynews.com\\\/rs\\\/odrziva-urbana-mobilnost-je-tema-na-kojoj-zajednicki-rade-giz-orf-ee-i-asocijacija-lokalnih-samouprava\\\/#primaryimage\"},\"thumbnailUrl\":\"https:\\\/\\\/balkangreenenergynews.com\\\/rs\\\/wp-content\\\/uploads\\\/2020\\\/08\\\/GIZ-ORF-EE-odrziva-urbana-mobilnost-grad.jpg?wsr\",\"datePublished\":\"2020-08-11T19:43:31+00:00\",\"dateModified\":\"2020-10-30T09:38:53+00:00\",\"author\":{\"@id\":\"https:\\\/\\\/balkangreenenergynews.com\\\/rs\\\/#\\\/schema\\\/person\\\/99dc721c46113fea22caffad06ef7317\"},\"description\":\"Lokalne samouprave sa Zapadnog Balkana u saradnji sa asocijacijama op\u0161tina i gradova pripremile su strategije odr\u017eive urbane mobilnosti i napravile prve kor\",\"breadcrumb\":{\"@id\":\"https:\\\/\\\/balkangreenenergynews.com\\\/rs\\\/odrziva-urbana-mobilnost-je-tema-na-kojoj-zajednicki-rade-giz-orf-ee-i-asocijacija-lokalnih-samouprava\\\/#breadcrumb\"},\"inLanguage\":\"sr-RS\",\"potentialAction\":[{\"@type\":\"ReadAction\",\"target\":[\"https:\\\/\\\/balkangreenenergynews.com\\\/rs\\\/odrziva-urbana-mobilnost-je-tema-na-kojoj-zajednicki-rade-giz-orf-ee-i-asocijacija-lokalnih-samouprava\\\/\"]}]},{\"@type\":\"ImageObject\",\"inLanguage\":\"sr-RS\",\"@id\":\"https:\\\/\\\/balkangreenenergynews.com\\\/rs\\\/odrziva-urbana-mobilnost-je-tema-na-kojoj-zajednicki-rade-giz-orf-ee-i-asocijacija-lokalnih-samouprava\\\/#primaryimage\",\"url\":\"https:\\\/\\\/balkangreenenergynews.com\\\/rs\\\/wp-content\\\/uploads\\\/2020\\\/08\\\/GIZ-ORF-EE-odrziva-urbana-mobilnost-grad.jpg?wsr\",\"contentUrl\":\"https:\\\/\\\/balkangreenenergynews.com\\\/rs\\\/wp-content\\\/uploads\\\/2020\\\/08\\\/GIZ-ORF-EE-odrziva-urbana-mobilnost-grad.jpg?wsr\",\"width\":795,\"height\":407,\"caption\":\"GIZ-ORF-EE-odrziva-urbana-mobilnost-grad\"},{\"@type\":\"BreadcrumbList\",\"@id\":\"https:\\\/\\\/balkangreenenergynews.com\\\/rs\\\/odrziva-urbana-mobilnost-je-tema-na-kojoj-zajednicki-rade-giz-orf-ee-i-asocijacija-lokalnih-samouprava\\\/#breadcrumb\",\"itemListElement\":[{\"@type\":\"ListItem\",\"position\":1,\"name\":\"Po\u010detna\",\"item\":\"https:\\\/\\\/balkangreenenergynews.com\\\/rs\\\/\"},{\"@type\":\"ListItem\",\"position\":2,\"name\":\"GIZ ORF-EE\",\"item\":\"https:\\\/\\\/balkangreenenergynews.com\\\/rs\\\/kategorija\\\/giz-orf-ee\\\/\"},{\"@type\":\"ListItem\",\"position\":3,\"name\":\"Odr\u017eiva urbana mobilnost je tema na kojoj zajedni\u010dki rade GIZ ORF-EE i asocijacije lokalnih samouprava\"}]},{\"@type\":\"WebSite\",\"@id\":\"https:\\\/\\\/balkangreenenergynews.com\\\/rs\\\/#website\",\"url\":\"https:\\\/\\\/balkangreenenergynews.com\\\/rs\\\/\",\"name\":\"Balkan Green Energy News\",\"description\":\"Naj\u0161iri izbor vesti sa Balkana o zelenoj energiji\",\"potentialAction\":[{\"@type\":\"SearchAction\",\"target\":{\"@type\":\"EntryPoint\",\"urlTemplate\":\"https:\\\/\\\/balkangreenenergynews.com\\\/rs\\\/?s={search_term_string}\"},\"query-input\":{\"@type\":\"PropertyValueSpecification\",\"valueRequired\":true,\"valueName\":\"search_term_string\"}}],\"inLanguage\":\"sr-RS\"},{\"@type\":\"Person\",\"@id\":\"https:\\\/\\\/balkangreenenergynews.com\\\/rs\\\/#\\\/schema\\\/person\\\/99dc721c46113fea22caffad06ef7317\",\"name\":\"Vladimir Spasi\u0107\",\"url\":\"https:\\\/\\\/balkangreenenergynews.com\\\/rs\\\/author\\\/vladimir-spasic\\\/\"}]}<\/script>\n<!-- \/ Yoast SEO plugin. -->","yoast_head_json":{"title":"Odr\u017eiva urbana mobilnost je tema na kojoj zajedni\u010dki rade GIZ ORF-EE i asocijacije lokalnih samouprava","description":"Lokalne samouprave sa Zapadnog Balkana u saradnji sa asocijacijama op\u0161tina i gradova pripremile su strategije odr\u017eive urbane mobilnosti i napravile prve kor","robots":{"index":"index","follow":"follow","max-snippet":"max-snippet:-1","max-image-preview":"max-image-preview:large","max-video-preview":"max-video-preview:-1"},"canonical":"https:\/\/balkangreenenergynews.com\/rs\/odrziva-urbana-mobilnost-je-tema-na-kojoj-zajednicki-rade-giz-orf-ee-i-asocijacija-lokalnih-samouprava\/","og_locale":"sr_RS","og_type":"article","og_title":"Odr\u017eiva urbana mobilnost je tema na kojoj zajedni\u010dki rade GIZ ORF-EE i asocijacije lokalnih samouprava","og_description":"Lokalne samouprave sa Zapadnog Balkana u saradnji sa asocijacijama op\u0161tina i gradova pripremile su strategije odr\u017eive urbane mobilnosti i napravile prve kor","og_url":"https:\/\/balkangreenenergynews.com\/rs\/odrziva-urbana-mobilnost-je-tema-na-kojoj-zajednicki-rade-giz-orf-ee-i-asocijacija-lokalnih-samouprava\/","og_site_name":"Balkan Green Energy News","article_published_time":"2020-08-11T19:43:31+00:00","article_modified_time":"2020-10-30T09:38:53+00:00","og_image":[{"width":795,"height":407,"url":"https:\/\/balkangreenenergynews.com\/rs\/wp-content\/uploads\/2020\/08\/GIZ-ORF-EE-odrziva-urbana-mobilnost-grad.jpg","type":"image\/jpeg"}],"author":"Vladimir Spasi\u0107","twitter_card":"summary_large_image","twitter_misc":{"\u041d\u0430\u043f\u0438\u0441\u0430\u043d\u043e \u043e\u0434":"Vladimir Spasi\u0107","\u041f\u0440\u043e\u0446\u0435\u045a\u0435\u043d\u043e \u0432\u0440\u0435\u043c\u0435 \u0447\u0438\u0442\u0430\u045a\u0430":"9 \u043c\u0438\u043d\u0443\u0442\u0430"},"schema":{"@context":"https:\/\/schema.org","@graph":[{"@type":"Article","@id":"https:\/\/balkangreenenergynews.com\/rs\/odrziva-urbana-mobilnost-je-tema-na-kojoj-zajednicki-rade-giz-orf-ee-i-asocijacija-lokalnih-samouprava\/#article","isPartOf":{"@id":"https:\/\/balkangreenenergynews.com\/rs\/odrziva-urbana-mobilnost-je-tema-na-kojoj-zajednicki-rade-giz-orf-ee-i-asocijacija-lokalnih-samouprava\/"},"author":{"name":"Vladimir Spasi\u0107","@id":"https:\/\/balkangreenenergynews.com\/rs\/#\/schema\/person\/99dc721c46113fea22caffad06ef7317"},"headline":"Odr\u017eiva urbana mobilnost je tema na kojoj zajedni\u010dki rade GIZ ORF-EE i asocijacije lokalnih samouprava","datePublished":"2020-08-11T19:43:31+00:00","dateModified":"2020-10-30T09:38:53+00:00","mainEntityOfPage":{"@id":"https:\/\/balkangreenenergynews.com\/rs\/odrziva-urbana-mobilnost-je-tema-na-kojoj-zajednicki-rade-giz-orf-ee-i-asocijacija-lokalnih-samouprava\/"},"wordCount":1763,"commentCount":0,"image":{"@id":"https:\/\/balkangreenenergynews.com\/rs\/odrziva-urbana-mobilnost-je-tema-na-kojoj-zajednicki-rade-giz-orf-ee-i-asocijacija-lokalnih-samouprava\/#primaryimage"},"thumbnailUrl":"https:\/\/balkangreenenergynews.com\/rs\/wp-content\/uploads\/2020\/08\/GIZ-ORF-EE-odrziva-urbana-mobilnost-grad.jpg?wsr","keywords":["biciklizam","GIZ ORF-EE","GIZ Otvoreni regionalni fond za Jugoisto\u010dnu Evropu - Energetska efikasnost","plan odr\u017eive urbane mobilnosti","zaga\u0111enje vazduha"],"articleSection":["Mobilnost"],"inLanguage":"sr-RS","potentialAction":[{"@type":"CommentAction","name":"Comment","target":["https:\/\/balkangreenenergynews.com\/rs\/odrziva-urbana-mobilnost-je-tema-na-kojoj-zajednicki-rade-giz-orf-ee-i-asocijacija-lokalnih-samouprava\/#respond"]}]},{"@type":"WebPage","@id":"https:\/\/balkangreenenergynews.com\/rs\/odrziva-urbana-mobilnost-je-tema-na-kojoj-zajednicki-rade-giz-orf-ee-i-asocijacija-lokalnih-samouprava\/","url":"https:\/\/balkangreenenergynews.com\/rs\/odrziva-urbana-mobilnost-je-tema-na-kojoj-zajednicki-rade-giz-orf-ee-i-asocijacija-lokalnih-samouprava\/","name":"Odr\u017eiva urbana mobilnost je tema na kojoj zajedni\u010dki rade GIZ ORF-EE i asocijacije lokalnih samouprava","isPartOf":{"@id":"https:\/\/balkangreenenergynews.com\/rs\/#website"},"primaryImageOfPage":{"@id":"https:\/\/balkangreenenergynews.com\/rs\/odrziva-urbana-mobilnost-je-tema-na-kojoj-zajednicki-rade-giz-orf-ee-i-asocijacija-lokalnih-samouprava\/#primaryimage"},"image":{"@id":"https:\/\/balkangreenenergynews.com\/rs\/odrziva-urbana-mobilnost-je-tema-na-kojoj-zajednicki-rade-giz-orf-ee-i-asocijacija-lokalnih-samouprava\/#primaryimage"},"thumbnailUrl":"https:\/\/balkangreenenergynews.com\/rs\/wp-content\/uploads\/2020\/08\/GIZ-ORF-EE-odrziva-urbana-mobilnost-grad.jpg?wsr","datePublished":"2020-08-11T19:43:31+00:00","dateModified":"2020-10-30T09:38:53+00:00","author":{"@id":"https:\/\/balkangreenenergynews.com\/rs\/#\/schema\/person\/99dc721c46113fea22caffad06ef7317"},"description":"Lokalne samouprave sa Zapadnog Balkana u saradnji sa asocijacijama op\u0161tina i gradova pripremile su strategije odr\u017eive urbane mobilnosti i napravile prve kor","breadcrumb":{"@id":"https:\/\/balkangreenenergynews.com\/rs\/odrziva-urbana-mobilnost-je-tema-na-kojoj-zajednicki-rade-giz-orf-ee-i-asocijacija-lokalnih-samouprava\/#breadcrumb"},"inLanguage":"sr-RS","potentialAction":[{"@type":"ReadAction","target":["https:\/\/balkangreenenergynews.com\/rs\/odrziva-urbana-mobilnost-je-tema-na-kojoj-zajednicki-rade-giz-orf-ee-i-asocijacija-lokalnih-samouprava\/"]}]},{"@type":"ImageObject","inLanguage":"sr-RS","@id":"https:\/\/balkangreenenergynews.com\/rs\/odrziva-urbana-mobilnost-je-tema-na-kojoj-zajednicki-rade-giz-orf-ee-i-asocijacija-lokalnih-samouprava\/#primaryimage","url":"https:\/\/balkangreenenergynews.com\/rs\/wp-content\/uploads\/2020\/08\/GIZ-ORF-EE-odrziva-urbana-mobilnost-grad.jpg?wsr","contentUrl":"https:\/\/balkangreenenergynews.com\/rs\/wp-content\/uploads\/2020\/08\/GIZ-ORF-EE-odrziva-urbana-mobilnost-grad.jpg?wsr","width":795,"height":407,"caption":"GIZ-ORF-EE-odrziva-urbana-mobilnost-grad"},{"@type":"BreadcrumbList","@id":"https:\/\/balkangreenenergynews.com\/rs\/odrziva-urbana-mobilnost-je-tema-na-kojoj-zajednicki-rade-giz-orf-ee-i-asocijacija-lokalnih-samouprava\/#breadcrumb","itemListElement":[{"@type":"ListItem","position":1,"name":"Po\u010detna","item":"https:\/\/balkangreenenergynews.com\/rs\/"},{"@type":"ListItem","position":2,"name":"GIZ ORF-EE","item":"https:\/\/balkangreenenergynews.com\/rs\/kategorija\/giz-orf-ee\/"},{"@type":"ListItem","position":3,"name":"Odr\u017eiva urbana mobilnost je tema na kojoj zajedni\u010dki rade GIZ ORF-EE i asocijacije lokalnih samouprava"}]},{"@type":"WebSite","@id":"https:\/\/balkangreenenergynews.com\/rs\/#website","url":"https:\/\/balkangreenenergynews.com\/rs\/","name":"Balkan Green Energy News","description":"Naj\u0161iri izbor vesti sa Balkana o zelenoj energiji","potentialAction":[{"@type":"SearchAction","target":{"@type":"EntryPoint","urlTemplate":"https:\/\/balkangreenenergynews.com\/rs\/?s={search_term_string}"},"query-input":{"@type":"PropertyValueSpecification","valueRequired":true,"valueName":"search_term_string"}}],"inLanguage":"sr-RS"},{"@type":"Person","@id":"https:\/\/balkangreenenergynews.com\/rs\/#\/schema\/person\/99dc721c46113fea22caffad06ef7317","name":"Vladimir Spasi\u0107","url":"https:\/\/balkangreenenergynews.com\/rs\/author\/vladimir-spasic\/"}]}},"_links":{"self":[{"href":"https:\/\/balkangreenenergynews.com\/rs\/wp-json\/wp\/v2\/posts\/32884","targetHints":{"allow":["GET"]}}],"collection":[{"href":"https:\/\/balkangreenenergynews.com\/rs\/wp-json\/wp\/v2\/posts"}],"about":[{"href":"https:\/\/balkangreenenergynews.com\/rs\/wp-json\/wp\/v2\/types\/post"}],"author":[{"embeddable":true,"href":"https:\/\/balkangreenenergynews.com\/rs\/wp-json\/wp\/v2\/users\/23"}],"replies":[{"embeddable":true,"href":"https:\/\/balkangreenenergynews.com\/rs\/wp-json\/wp\/v2\/comments?post=32884"}],"version-history":[{"count":0,"href":"https:\/\/balkangreenenergynews.com\/rs\/wp-json\/wp\/v2\/posts\/32884\/revisions"}],"wp:featuredmedia":[{"embeddable":true,"href":"https:\/\/balkangreenenergynews.com\/rs\/wp-json\/wp\/v2\/media\/32890"}],"wp:attachment":[{"href":"https:\/\/balkangreenenergynews.com\/rs\/wp-json\/wp\/v2\/media?parent=32884"}],"wp:term":[{"taxonomy":"category","embeddable":true,"href":"https:\/\/balkangreenenergynews.com\/rs\/wp-json\/wp\/v2\/categories?post=32884"},{"taxonomy":"post_tag","embeddable":true,"href":"https:\/\/balkangreenenergynews.com\/rs\/wp-json\/wp\/v2\/tags?post=32884"}],"curies":[{"name":"wp","href":"https:\/\/api.w.org\/{rel}","templated":true}]}}