{"id":32857,"date":"2020-08-10T11:58:35","date_gmt":"2020-08-10T09:58:35","guid":{"rendered":"https:\/\/balkangreenenergynews.com\/rs\/?p=32857"},"modified":"2020-08-10T13:17:03","modified_gmt":"2020-08-10T11:17:03","slug":"sud-zaustavio-projekat-vetroelektrane-vratarusa-2","status":"publish","type":"post","link":"https:\/\/balkangreenenergynews.com\/rs\/sud-zaustavio-projekat-vetroelektrane-vratarusa-2\/","title":{"rendered":"Sud zaustavio projekat vetroelektrane Vrataru\u0161a 2"},"content":{"rendered":"<h2>Visoki upravni sud Hrvatske poni\u0161tio je re\u0161enje kojim je Ministarstvo za\u0161tite okoli\u0161a i energetike oslobodilo investitora obaveze da izradi studiju o uticaju na \u017eivotnu sredinu za planiranu vetroelektranu Vrataru\u0161a 2, snage 24 MW, u blizini grada Senja. Razlog je potencijalno ugro\u017eavanje za\u0161ti\u0107enih vrsta ptica.<\/h2>\n<p>Presudom Visokog upravnog suda u vezi sa projektom Vrataru\u0161a 2 okon\u010dan je gotovo tri godine dug spor izme\u0111u udru\u017eenja za o\u010duvanje prirode BIOM i ministarstva, saop\u0161tio je BIOM.<\/p>\n<p>BIOM je krajem 2017. podneo tu\u017ebu protiv re\u0161enja ministarstva za vetroelektranu Vrataru\u0161a 2, koja je odbijena presudom Upravnog suda u Rijeci. Nakon toga je BIOM ulo\u017eio \u017ealbu na presudu rije\u010dkog suda Visokom upravnom sudu i ta \u017ealba je sada re\u0161ena u korist BIOM-a, podse\u0107a se u saop\u0161tenju.<\/p>\n<blockquote><p>Nisu ta\u010dno utvr\u0111eni mogu\u0107i uticaji na beloglave supove i sure orlove<\/p><\/blockquote>\n<p>BIOM je na obe sudske instance ukazivao na zna\u010dajne nedostatke u sprovedenim postupcima procene uticaja za Vrataru\u0161u 2, a posebno na to da nisu ta\u010dno utvr\u0111eni mogu\u0107i uticaji vetroelektrane na beloglave supove i sure orlove, koji se gnezde ili hrane na planiranoj lokaciji vetroelektrane. Radi se o strogo za\u0161ti\u0107enim pticama i retkim grabljivicama \u010dija populacija stagnira u Hrvatskoj, navodi BIOM.<\/p>\n<p>Visoki upravni sud je potvrdio argumentaciju BIOM-a da nisu ocenjeni kumulativni uticaji vetroelektrane Vrataru\u0161a 2 <a href=\"https:\/\/balkangreenenergynews.com\/rs\/kineski-norinco-zapoceo-gradnju-vetroparka-kod-senja\/\">sa susednom vetroelektranom Senj<\/a>, koja se nalazi na dva kilometra udaljenosti.<\/p>\n<p>Paralelno s ovom parnicom, BIOM je za Vrataru\u0161u 2 morao voditi postupak i pred Povjerenikom za informiranje, jer je, kao i <a href=\"https:\/\/balkangreenenergynews.com\/rs\/hapsenja-u-vrhu-vlasti-u-hrvatskoj-otvorila-pitanja-korupcije-u-sektoru-zelene-energije-u-regionu\/\">u slu\u010daju vetroelektrane Kr\u0161-Pa\u0111ene<\/a>, ministarstvo odbijalo da dostavi stru\u010dna mi\u0161ljenja svojih tela, podse\u0107a ovo udru\u017eenje.<\/p>\n<blockquote><p>Cilj BIOM-a nije zaustavljanje investicija u OIE<\/p><\/blockquote>\n<p>Direktorica BIOM-a, \u017deljka Rajkovi\u0107, rekla je da cilj ovog udru\u017eenja nije da se zaustave investicije u obnovljive izvore energije (OIE), ve\u0107 da se obezbede pravilni i zakoniti postupci procene uticaja na \u017eivotnu sredinu kojima se ne izlazi u susret investitorima na \u0161tetu prirode.<\/p>\n","protected":false},"excerpt":{"rendered":"<p>Visoki upravni sud Hrvatske poni\u0161tio je re\u0161enje kojim je Ministarstvo za\u0161tite okoli\u0161a i energetike oslobodilo&#8230;<\/p>\n","protected":false},"author":25,"featured_media":32865,"comment_status":"open","ping_status":"closed","sticky":false,"template":"","format":"standard","meta":{"_acf_changed":false,"_monsterinsights_skip_tracking":false,"_monsterinsights_sitenote_active":false,"_monsterinsights_sitenote_note":"","_monsterinsights_sitenote_category":0,"footnotes":""},"categories":[5253,1,4],"tags":[1739,754,4434,815,5296],"class_list":["post-32857","post","type-post","status-publish","format-standard","has-post-thumbnail","hentry","category-biodiverzitet","category-obnovljivi-izvori-energije","category-zivotna-sredina","tag-biodiverzitet","tag-oie","tag-studija-o-uticaju-na-zivotnu-sredinu","tag-vetroelektrana","tag-zasticene-vrste","country-hrvatska"],"acf":[],"yoast_head":"<!-- This site is optimized with the Yoast SEO plugin v27.4 - https:\/\/yoast.com\/product\/yoast-seo-wordpress\/ -->\n<title>Sud zaustavio projekat vetroelektrane Vrataru\u0161a 2 u Hrvatskoj<\/title>\n<meta name=\"description\" content=\"Visoki upravni sud Hrvatske poni\u0161tio je re\u0161enje kojim je investitor oslobo\u0111en izrade studije uticaja na \u017eivotnu sredinu za vetroelektranu Vrataru\u0161a 2\" \/>\n<meta name=\"robots\" content=\"index, follow, max-snippet:-1, max-image-preview:large, max-video-preview:-1\" \/>\n<link rel=\"canonical\" href=\"https:\/\/balkangreenenergynews.com\/rs\/sud-zaustavio-projekat-vetroelektrane-vratarusa-2\/\" \/>\n<meta property=\"og:locale\" content=\"sr_RS\" \/>\n<meta property=\"og:type\" content=\"article\" \/>\n<meta property=\"og:title\" content=\"Sud zaustavio projekat vetroelektrane Vrataru\u0161a 2 u Hrvatskoj\" \/>\n<meta property=\"og:description\" content=\"Visoki upravni sud Hrvatske poni\u0161tio je re\u0161enje kojim je investitor oslobo\u0111en izrade studije uticaja na \u017eivotnu sredinu za vetroelektranu Vrataru\u0161a 2\" \/>\n<meta property=\"og:url\" content=\"https:\/\/balkangreenenergynews.com\/rs\/sud-zaustavio-projekat-vetroelektrane-vratarusa-2\/\" \/>\n<meta property=\"og:site_name\" content=\"Balkan Green Energy News\" \/>\n<meta property=\"article:published_time\" content=\"2020-08-10T09:58:35+00:00\" \/>\n<meta property=\"article:modified_time\" content=\"2020-08-10T11:17:03+00:00\" \/>\n<meta property=\"og:image\" content=\"https:\/\/balkangreenenergynews.com\/rs\/wp-content\/uploads\/2020\/08\/ptice-vetropark.jpg\" \/>\n\t<meta property=\"og:image:width\" content=\"796\" \/>\n\t<meta property=\"og:image:height\" content=\"407\" \/>\n\t<meta property=\"og:image:type\" content=\"image\/jpeg\" \/>\n<meta name=\"author\" content=\"Balkan Green Energy News\" \/>\n<meta name=\"twitter:card\" content=\"summary_large_image\" \/>\n<meta name=\"twitter:label1\" content=\"\u041d\u0430\u043f\u0438\u0441\u0430\u043d\u043e \u043e\u0434\" \/>\n\t<meta name=\"twitter:data1\" content=\"Balkan Green Energy News\" \/>\n\t<meta name=\"twitter:label2\" content=\"\u041f\u0440\u043e\u0446\u0435\u045a\u0435\u043d\u043e \u0432\u0440\u0435\u043c\u0435 \u0447\u0438\u0442\u0430\u045a\u0430\" \/>\n\t<meta name=\"twitter:data2\" content=\"2 \u043c\u0438\u043d\u0443\u0442\u0430\" \/>\n<script type=\"application\/ld+json\" class=\"yoast-schema-graph\">{\"@context\":\"https:\\\/\\\/schema.org\",\"@graph\":[{\"@type\":\"Article\",\"@id\":\"https:\\\/\\\/balkangreenenergynews.com\\\/rs\\\/sud-zaustavio-projekat-vetroelektrane-vratarusa-2\\\/#article\",\"isPartOf\":{\"@id\":\"https:\\\/\\\/balkangreenenergynews.com\\\/rs\\\/sud-zaustavio-projekat-vetroelektrane-vratarusa-2\\\/\"},\"author\":{\"name\":\"Balkan Green Energy News\",\"@id\":\"https:\\\/\\\/balkangreenenergynews.com\\\/rs\\\/#\\\/schema\\\/person\\\/dee275e6036b1a0f7ceaf956d79d4eff\"},\"headline\":\"Sud zaustavio projekat vetroelektrane Vrataru\u0161a 2\",\"datePublished\":\"2020-08-10T09:58:35+00:00\",\"dateModified\":\"2020-08-10T11:17:03+00:00\",\"mainEntityOfPage\":{\"@id\":\"https:\\\/\\\/balkangreenenergynews.com\\\/rs\\\/sud-zaustavio-projekat-vetroelektrane-vratarusa-2\\\/\"},\"wordCount\":342,\"commentCount\":0,\"image\":{\"@id\":\"https:\\\/\\\/balkangreenenergynews.com\\\/rs\\\/sud-zaustavio-projekat-vetroelektrane-vratarusa-2\\\/#primaryimage\"},\"thumbnailUrl\":\"https:\\\/\\\/balkangreenenergynews.com\\\/rs\\\/wp-content\\\/uploads\\\/2020\\\/08\\\/ptice-vetropark.jpg?wsr\",\"keywords\":[\"biodiverzitet\",\"OIE\",\"studija o uticaju na \u017eivotnu sredinu\",\"vetroelektrana\",\"za\u0161ti\u0107ene vrste\"],\"articleSection\":[\"Biodiverzitet\",\"OIE\",\"\u017divotna sredina\"],\"inLanguage\":\"sr-RS\",\"potentialAction\":[{\"@type\":\"CommentAction\",\"name\":\"Comment\",\"target\":[\"https:\\\/\\\/balkangreenenergynews.com\\\/rs\\\/sud-zaustavio-projekat-vetroelektrane-vratarusa-2\\\/#respond\"]}]},{\"@type\":\"WebPage\",\"@id\":\"https:\\\/\\\/balkangreenenergynews.com\\\/rs\\\/sud-zaustavio-projekat-vetroelektrane-vratarusa-2\\\/\",\"url\":\"https:\\\/\\\/balkangreenenergynews.com\\\/rs\\\/sud-zaustavio-projekat-vetroelektrane-vratarusa-2\\\/\",\"name\":\"Sud zaustavio projekat vetroelektrane Vrataru\u0161a 2 u Hrvatskoj\",\"isPartOf\":{\"@id\":\"https:\\\/\\\/balkangreenenergynews.com\\\/rs\\\/#website\"},\"primaryImageOfPage\":{\"@id\":\"https:\\\/\\\/balkangreenenergynews.com\\\/rs\\\/sud-zaustavio-projekat-vetroelektrane-vratarusa-2\\\/#primaryimage\"},\"image\":{\"@id\":\"https:\\\/\\\/balkangreenenergynews.com\\\/rs\\\/sud-zaustavio-projekat-vetroelektrane-vratarusa-2\\\/#primaryimage\"},\"thumbnailUrl\":\"https:\\\/\\\/balkangreenenergynews.com\\\/rs\\\/wp-content\\\/uploads\\\/2020\\\/08\\\/ptice-vetropark.jpg?wsr\",\"datePublished\":\"2020-08-10T09:58:35+00:00\",\"dateModified\":\"2020-08-10T11:17:03+00:00\",\"author\":{\"@id\":\"https:\\\/\\\/balkangreenenergynews.com\\\/rs\\\/#\\\/schema\\\/person\\\/dee275e6036b1a0f7ceaf956d79d4eff\"},\"description\":\"Visoki upravni sud Hrvatske poni\u0161tio je re\u0161enje kojim je investitor oslobo\u0111en izrade studije uticaja na \u017eivotnu sredinu za vetroelektranu Vrataru\u0161a 2\",\"breadcrumb\":{\"@id\":\"https:\\\/\\\/balkangreenenergynews.com\\\/rs\\\/sud-zaustavio-projekat-vetroelektrane-vratarusa-2\\\/#breadcrumb\"},\"inLanguage\":\"sr-RS\",\"potentialAction\":[{\"@type\":\"ReadAction\",\"target\":[\"https:\\\/\\\/balkangreenenergynews.com\\\/rs\\\/sud-zaustavio-projekat-vetroelektrane-vratarusa-2\\\/\"]}]},{\"@type\":\"ImageObject\",\"inLanguage\":\"sr-RS\",\"@id\":\"https:\\\/\\\/balkangreenenergynews.com\\\/rs\\\/sud-zaustavio-projekat-vetroelektrane-vratarusa-2\\\/#primaryimage\",\"url\":\"https:\\\/\\\/balkangreenenergynews.com\\\/rs\\\/wp-content\\\/uploads\\\/2020\\\/08\\\/ptice-vetropark.jpg?wsr\",\"contentUrl\":\"https:\\\/\\\/balkangreenenergynews.com\\\/rs\\\/wp-content\\\/uploads\\\/2020\\\/08\\\/ptice-vetropark.jpg?wsr\",\"width\":796,\"height\":407,\"caption\":\"Sud zaustavio projekat vetroelektrane Vrataru\u0161a 2\"},{\"@type\":\"BreadcrumbList\",\"@id\":\"https:\\\/\\\/balkangreenenergynews.com\\\/rs\\\/sud-zaustavio-projekat-vetroelektrane-vratarusa-2\\\/#breadcrumb\",\"itemListElement\":[{\"@type\":\"ListItem\",\"position\":1,\"name\":\"Po\u010detna\",\"item\":\"https:\\\/\\\/balkangreenenergynews.com\\\/rs\\\/\"},{\"@type\":\"ListItem\",\"position\":2,\"name\":\"Vesti\",\"item\":\"https:\\\/\\\/balkangreenenergynews.com\\\/rs\\\/kategorija\\\/vesti\\\/\"},{\"@type\":\"ListItem\",\"position\":3,\"name\":\"OIE\",\"item\":\"https:\\\/\\\/balkangreenenergynews.com\\\/rs\\\/kategorija\\\/vesti\\\/obnovljivi-izvori-energije\\\/\"},{\"@type\":\"ListItem\",\"position\":4,\"name\":\"Sud zaustavio projekat vetroelektrane Vrataru\u0161a 2\"}]},{\"@type\":\"WebSite\",\"@id\":\"https:\\\/\\\/balkangreenenergynews.com\\\/rs\\\/#website\",\"url\":\"https:\\\/\\\/balkangreenenergynews.com\\\/rs\\\/\",\"name\":\"Balkan Green Energy News\",\"description\":\"Naj\u0161iri izbor vesti sa Balkana o zelenoj energiji\",\"potentialAction\":[{\"@type\":\"SearchAction\",\"target\":{\"@type\":\"EntryPoint\",\"urlTemplate\":\"https:\\\/\\\/balkangreenenergynews.com\\\/rs\\\/?s={search_term_string}\"},\"query-input\":{\"@type\":\"PropertyValueSpecification\",\"valueRequired\":true,\"valueName\":\"search_term_string\"}}],\"inLanguage\":\"sr-RS\"},{\"@type\":\"Person\",\"@id\":\"https:\\\/\\\/balkangreenenergynews.com\\\/rs\\\/#\\\/schema\\\/person\\\/dee275e6036b1a0f7ceaf956d79d4eff\",\"name\":\"Balkan Green Energy News\",\"url\":\"https:\\\/\\\/balkangreenenergynews.com\\\/rs\\\/author\\\/balkangreenenergynews\\\/\"}]}<\/script>\n<!-- \/ Yoast SEO plugin. -->","yoast_head_json":{"title":"Sud zaustavio projekat vetroelektrane Vrataru\u0161a 2 u Hrvatskoj","description":"Visoki upravni sud Hrvatske poni\u0161tio je re\u0161enje kojim je investitor oslobo\u0111en izrade studije uticaja na \u017eivotnu sredinu za vetroelektranu Vrataru\u0161a 2","robots":{"index":"index","follow":"follow","max-snippet":"max-snippet:-1","max-image-preview":"max-image-preview:large","max-video-preview":"max-video-preview:-1"},"canonical":"https:\/\/balkangreenenergynews.com\/rs\/sud-zaustavio-projekat-vetroelektrane-vratarusa-2\/","og_locale":"sr_RS","og_type":"article","og_title":"Sud zaustavio projekat vetroelektrane Vrataru\u0161a 2 u Hrvatskoj","og_description":"Visoki upravni sud Hrvatske poni\u0161tio je re\u0161enje kojim je investitor oslobo\u0111en izrade studije uticaja na \u017eivotnu sredinu za vetroelektranu Vrataru\u0161a 2","og_url":"https:\/\/balkangreenenergynews.com\/rs\/sud-zaustavio-projekat-vetroelektrane-vratarusa-2\/","og_site_name":"Balkan Green Energy News","article_published_time":"2020-08-10T09:58:35+00:00","article_modified_time":"2020-08-10T11:17:03+00:00","og_image":[{"width":796,"height":407,"url":"https:\/\/balkangreenenergynews.com\/rs\/wp-content\/uploads\/2020\/08\/ptice-vetropark.jpg","type":"image\/jpeg"}],"author":"Balkan Green Energy News","twitter_card":"summary_large_image","twitter_misc":{"\u041d\u0430\u043f\u0438\u0441\u0430\u043d\u043e \u043e\u0434":"Balkan Green Energy News","\u041f\u0440\u043e\u0446\u0435\u045a\u0435\u043d\u043e \u0432\u0440\u0435\u043c\u0435 \u0447\u0438\u0442\u0430\u045a\u0430":"2 \u043c\u0438\u043d\u0443\u0442\u0430"},"schema":{"@context":"https:\/\/schema.org","@graph":[{"@type":"Article","@id":"https:\/\/balkangreenenergynews.com\/rs\/sud-zaustavio-projekat-vetroelektrane-vratarusa-2\/#article","isPartOf":{"@id":"https:\/\/balkangreenenergynews.com\/rs\/sud-zaustavio-projekat-vetroelektrane-vratarusa-2\/"},"author":{"name":"Balkan Green Energy News","@id":"https:\/\/balkangreenenergynews.com\/rs\/#\/schema\/person\/dee275e6036b1a0f7ceaf956d79d4eff"},"headline":"Sud zaustavio projekat vetroelektrane Vrataru\u0161a 2","datePublished":"2020-08-10T09:58:35+00:00","dateModified":"2020-08-10T11:17:03+00:00","mainEntityOfPage":{"@id":"https:\/\/balkangreenenergynews.com\/rs\/sud-zaustavio-projekat-vetroelektrane-vratarusa-2\/"},"wordCount":342,"commentCount":0,"image":{"@id":"https:\/\/balkangreenenergynews.com\/rs\/sud-zaustavio-projekat-vetroelektrane-vratarusa-2\/#primaryimage"},"thumbnailUrl":"https:\/\/balkangreenenergynews.com\/rs\/wp-content\/uploads\/2020\/08\/ptice-vetropark.jpg?wsr","keywords":["biodiverzitet","OIE","studija o uticaju na \u017eivotnu sredinu","vetroelektrana","za\u0161ti\u0107ene vrste"],"articleSection":["Biodiverzitet","OIE","\u017divotna sredina"],"inLanguage":"sr-RS","potentialAction":[{"@type":"CommentAction","name":"Comment","target":["https:\/\/balkangreenenergynews.com\/rs\/sud-zaustavio-projekat-vetroelektrane-vratarusa-2\/#respond"]}]},{"@type":"WebPage","@id":"https:\/\/balkangreenenergynews.com\/rs\/sud-zaustavio-projekat-vetroelektrane-vratarusa-2\/","url":"https:\/\/balkangreenenergynews.com\/rs\/sud-zaustavio-projekat-vetroelektrane-vratarusa-2\/","name":"Sud zaustavio projekat vetroelektrane Vrataru\u0161a 2 u Hrvatskoj","isPartOf":{"@id":"https:\/\/balkangreenenergynews.com\/rs\/#website"},"primaryImageOfPage":{"@id":"https:\/\/balkangreenenergynews.com\/rs\/sud-zaustavio-projekat-vetroelektrane-vratarusa-2\/#primaryimage"},"image":{"@id":"https:\/\/balkangreenenergynews.com\/rs\/sud-zaustavio-projekat-vetroelektrane-vratarusa-2\/#primaryimage"},"thumbnailUrl":"https:\/\/balkangreenenergynews.com\/rs\/wp-content\/uploads\/2020\/08\/ptice-vetropark.jpg?wsr","datePublished":"2020-08-10T09:58:35+00:00","dateModified":"2020-08-10T11:17:03+00:00","author":{"@id":"https:\/\/balkangreenenergynews.com\/rs\/#\/schema\/person\/dee275e6036b1a0f7ceaf956d79d4eff"},"description":"Visoki upravni sud Hrvatske poni\u0161tio je re\u0161enje kojim je investitor oslobo\u0111en izrade studije uticaja na \u017eivotnu sredinu za vetroelektranu Vrataru\u0161a 2","breadcrumb":{"@id":"https:\/\/balkangreenenergynews.com\/rs\/sud-zaustavio-projekat-vetroelektrane-vratarusa-2\/#breadcrumb"},"inLanguage":"sr-RS","potentialAction":[{"@type":"ReadAction","target":["https:\/\/balkangreenenergynews.com\/rs\/sud-zaustavio-projekat-vetroelektrane-vratarusa-2\/"]}]},{"@type":"ImageObject","inLanguage":"sr-RS","@id":"https:\/\/balkangreenenergynews.com\/rs\/sud-zaustavio-projekat-vetroelektrane-vratarusa-2\/#primaryimage","url":"https:\/\/balkangreenenergynews.com\/rs\/wp-content\/uploads\/2020\/08\/ptice-vetropark.jpg?wsr","contentUrl":"https:\/\/balkangreenenergynews.com\/rs\/wp-content\/uploads\/2020\/08\/ptice-vetropark.jpg?wsr","width":796,"height":407,"caption":"Sud zaustavio projekat vetroelektrane Vrataru\u0161a 2"},{"@type":"BreadcrumbList","@id":"https:\/\/balkangreenenergynews.com\/rs\/sud-zaustavio-projekat-vetroelektrane-vratarusa-2\/#breadcrumb","itemListElement":[{"@type":"ListItem","position":1,"name":"Po\u010detna","item":"https:\/\/balkangreenenergynews.com\/rs\/"},{"@type":"ListItem","position":2,"name":"Vesti","item":"https:\/\/balkangreenenergynews.com\/rs\/kategorija\/vesti\/"},{"@type":"ListItem","position":3,"name":"OIE","item":"https:\/\/balkangreenenergynews.com\/rs\/kategorija\/vesti\/obnovljivi-izvori-energije\/"},{"@type":"ListItem","position":4,"name":"Sud zaustavio projekat vetroelektrane Vrataru\u0161a 2"}]},{"@type":"WebSite","@id":"https:\/\/balkangreenenergynews.com\/rs\/#website","url":"https:\/\/balkangreenenergynews.com\/rs\/","name":"Balkan Green Energy News","description":"Naj\u0161iri izbor vesti sa Balkana o zelenoj energiji","potentialAction":[{"@type":"SearchAction","target":{"@type":"EntryPoint","urlTemplate":"https:\/\/balkangreenenergynews.com\/rs\/?s={search_term_string}"},"query-input":{"@type":"PropertyValueSpecification","valueRequired":true,"valueName":"search_term_string"}}],"inLanguage":"sr-RS"},{"@type":"Person","@id":"https:\/\/balkangreenenergynews.com\/rs\/#\/schema\/person\/dee275e6036b1a0f7ceaf956d79d4eff","name":"Balkan Green Energy News","url":"https:\/\/balkangreenenergynews.com\/rs\/author\/balkangreenenergynews\/"}]}},"_links":{"self":[{"href":"https:\/\/balkangreenenergynews.com\/rs\/wp-json\/wp\/v2\/posts\/32857","targetHints":{"allow":["GET"]}}],"collection":[{"href":"https:\/\/balkangreenenergynews.com\/rs\/wp-json\/wp\/v2\/posts"}],"about":[{"href":"https:\/\/balkangreenenergynews.com\/rs\/wp-json\/wp\/v2\/types\/post"}],"author":[{"embeddable":true,"href":"https:\/\/balkangreenenergynews.com\/rs\/wp-json\/wp\/v2\/users\/25"}],"replies":[{"embeddable":true,"href":"https:\/\/balkangreenenergynews.com\/rs\/wp-json\/wp\/v2\/comments?post=32857"}],"version-history":[{"count":0,"href":"https:\/\/balkangreenenergynews.com\/rs\/wp-json\/wp\/v2\/posts\/32857\/revisions"}],"wp:featuredmedia":[{"embeddable":true,"href":"https:\/\/balkangreenenergynews.com\/rs\/wp-json\/wp\/v2\/media\/32865"}],"wp:attachment":[{"href":"https:\/\/balkangreenenergynews.com\/rs\/wp-json\/wp\/v2\/media?parent=32857"}],"wp:term":[{"taxonomy":"category","embeddable":true,"href":"https:\/\/balkangreenenergynews.com\/rs\/wp-json\/wp\/v2\/categories?post=32857"},{"taxonomy":"post_tag","embeddable":true,"href":"https:\/\/balkangreenenergynews.com\/rs\/wp-json\/wp\/v2\/tags?post=32857"}],"curies":[{"name":"wp","href":"https:\/\/api.w.org\/{rel}","templated":true}]}}