{"id":32758,"date":"2020-08-03T19:31:30","date_gmt":"2020-08-03T17:31:30","guid":{"rendered":"https:\/\/balkangreenenergynews.com\/rs\/?p=32758"},"modified":"2020-08-04T08:26:47","modified_gmt":"2020-08-04T06:26:47","slug":"najcitanije-u-julu-eko-taksa-u-srbiji-i-demokratizacija-energetike-u-regionu","status":"publish","type":"post","link":"https:\/\/balkangreenenergynews.com\/rs\/najcitanije-u-julu-eko-taksa-u-srbiji-i-demokratizacija-energetike-u-regionu\/","title":{"rendered":"Naj\u010ditanije u julu: eko taksa u Srbiji i demokratizacija energetike u regionu"},"content":{"rendered":"<h2>Pla\u0107anje eko takse u Srbiji, koje je od pro\u0161le godine obaveza svih privrednih subjekata, naj\u010ditanija je vest na na\u0161em portalu u julu. Pa\u017enju javnosti privukla je i pri\u010da iz Gr\u010dke o 500 doma\u0107instava koja su se udru\u017eila da proizvedu \u010dak 100 MW iz solara, \u0161to govori da su gra\u0111ani regiona spremni da sami za sopstvenu potro\u0161nju proizvode energiju iz obnovljivih izvora. O smernicama Energetske zajednice za prozjumere za na\u0161 portal pisala je Jasmina Trhulj<\/h2>\n<p>Lista naj\u010ditanijih je dostupna i za verziju portala na engleskom jeziku (<a href=\"https:\/\/balkangreenenergynews.com\/most-read-in-july-energy-democracy-coming-to-southeastern-europe\/\">Most read in July<\/a>).<\/p>\n<h3><span style=\"\">1 &#8211; Ko sve mora da plati eko taksu<\/span><\/h3>\n<p>Dr\u017eava je eko nadoknadu dosad napla\u0107ivala samo najve\u0107im privrednim subjektima te od proizvo\u0111a\u010da i uvoznika \u010dija roba nakon upotrebe spada u posebne tokove otpada. Eko taksa po uredbi o novoj kategorizaciji va\u017ei od 7. decembra pro\u0161le godine. Sva preduze\u0107a, preduzetnici, pau\u0161alci i udru\u017eenja morali su do kraja jula da podnesu prijavu Lokalnoj poreskoj administraciji, a savet o na\u010dinu prijavljivanja dao je i Petar Damnjanovi\u0107, direktor MENTOR preduze\u0107a za knjigovodstvene usluge i finansijski konsalting,<\/p>\n<blockquote class=\"wp-embedded-content\" data-secret=\"s1QTwJl4qN\"><p><a href=\"https:\/\/balkangreenenergynews.com\/rs\/rok-za-prijave-za-eko-taksu-31-jul-placaju-je-firme-organizacije-i-preduzetnici\/\">A\u017eurirano: Rok za prijave za eko taksu 31. jul \u2013 pla\u0107aju je firme, organizacije i preduzetnici<\/a><\/p><\/blockquote>\n<p><iframe loading=\"lazy\" class=\"wp-embedded-content\" sandbox=\"allow-scripts\" security=\"restricted\" style=\"position: absolute; clip: rect(1px, 1px, 1px, 1px);\" title=\"&#132;A\u017eurirano: Rok za prijave za eko taksu 31. jul \u2013 pla\u0107aju je firme, organizacije i preduzetnici&#147; &#8212; Balkan Green Energy News\" src=\"https:\/\/balkangreenenergynews.com\/rs\/rok-za-prijave-za-eko-taksu-31-jul-placaju-je-firme-organizacije-i-preduzetnici\/embed\/#?secret=yruyNRq7Ga#?secret=s1QTwJl4qN\" data-secret=\"s1QTwJl4qN\" width=\"500\" height=\"282\" frameborder=\"0\" marginwidth=\"0\" marginheight=\"0\" scrolling=\"no\"><\/iframe><\/p>\n<h3><span style=\"\">2 &#8211; Demokratizacija energetike u kolevci demokratije\u00a0<\/span><\/h3>\n<p>Demokratizacija energetike polako po\u010dinje da osvaja region jugoisto\u010dne Evrope. Za to, naravno, nema boljeg mesta od kolevke demokratije.<\/p>\n<p>Oko pet stotina porodica namerava da zajedno, u okviru energetske zadruge, instalira solarne elektrane ukupne snage 100 megavata \u0161to \u0107e biti, posmatrano kao celina, najve\u0107e postrojenje za proizvodnju elektri\u010dne energije iz Sunca u Gr\u010dkoj.<\/p>\n<blockquote class=\"wp-embedded-content\" data-secret=\"NINhbBK8iP\"><p><a href=\"https:\/\/balkangreenenergynews.com\/rs\/domacinstva-u-grckoj-zajedno-grade-solarne-elektrane-od-100-megavata\/\">Doma\u0107instva u Gr\u010dkoj zajedno grade solarne elektrane od 100 megavata<\/a><\/p><\/blockquote>\n<p><iframe loading=\"lazy\" class=\"wp-embedded-content\" sandbox=\"allow-scripts\" security=\"restricted\" style=\"position: absolute; clip: rect(1px, 1px, 1px, 1px);\" title=\"&#132;Doma\u0107instva u Gr\u010dkoj zajedno grade solarne elektrane od 100 megavata&#147; &#8212; Balkan Green Energy News\" src=\"https:\/\/balkangreenenergynews.com\/rs\/domacinstva-u-grckoj-zajedno-grade-solarne-elektrane-od-100-megavata\/embed\/#?secret=dZYcoMTi9q#?secret=NINhbBK8iP\" data-secret=\"NINhbBK8iP\" width=\"500\" height=\"282\" frameborder=\"0\" marginwidth=\"0\" marginheight=\"0\" scrolling=\"no\"><\/iframe><\/p>\n<h3><span style=\"\">3 &#8211; Stvaranje uslova da gra\u0111ani i firme postanu prozjumeri<\/span><\/h3>\n<p>\u0160ta pi\u0161e u predlogu Smernica o integraciji potro\u0161a\u010da sopstvene energije u mre\u017eu koje je Sekretarijat Energetske zajednice pripremio i stavio na javni uvid do 17. jula? Poja\u0161njenje je dala Jasmina Trhulj, \u0161efica Odeljenja za elektri\u010dnu energiju u Sekretarijatu.<\/p>\n<p>Trhulj ka\u017ee da bi u stvaranju novog energetskog modela regiona, ugovorne strane trebalo da prepoznaju i promovi\u0161u ulogu koju krajnji kupci imaju u energetskoj tranziciji. Omogu\u0107avanje potro\u0161a\u010dima da proizvode, tro\u0161e, skladi\u0161te i prodaju elektri\u010dnu energiju koju sami proizvode iz obnovljivih izvora, mo\u017ee ubrzati energetsku tranziciju i omogu\u0107iti prozjumerima (potro\u0161a\u010dima sopstvene energije) da iskoriste prednosti tehnolo\u0161kog razvoja i smanje ra\u010dune za energiju.<\/p>\n<blockquote class=\"wp-embedded-content\" data-secret=\"7uKuuuTKMN\"><p><a href=\"https:\/\/balkangreenenergynews.com\/rs\/definisanje-uloge-prozjumera-iz-obnovljivih-izvora-energije-u-energetskoj-zajednici\/\">Definisanje uloge prozjumera iz obnovljivih izvora energije u Energetskoj zajednici<\/a><\/p><\/blockquote>\n<p><iframe loading=\"lazy\" class=\"wp-embedded-content\" sandbox=\"allow-scripts\" security=\"restricted\" style=\"position: absolute; clip: rect(1px, 1px, 1px, 1px);\" title=\"&#132;Definisanje uloge prozjumera iz obnovljivih izvora energije u Energetskoj zajednici&#147; &#8212; Balkan Green Energy News\" src=\"https:\/\/balkangreenenergynews.com\/rs\/definisanje-uloge-prozjumera-iz-obnovljivih-izvora-energije-u-energetskoj-zajednici\/embed\/#?secret=JdTRYBycr9#?secret=7uKuuuTKMN\" data-secret=\"7uKuuuTKMN\" width=\"500\" height=\"282\" frameborder=\"0\" marginwidth=\"0\" marginheight=\"0\" scrolling=\"no\"><\/iframe><\/p>\n","protected":false},"excerpt":{"rendered":"<p>Pla\u0107anje eko takse u Srbiji, koje je od pro\u0161le godine obaveza svih privrednih subjekata, naj\u010ditanija&#8230;<\/p>\n","protected":false},"author":23,"featured_media":32763,"comment_status":"open","ping_status":"closed","sticky":false,"template":"","format":"standard","meta":{"_acf_changed":false,"_monsterinsights_skip_tracking":false,"_monsterinsights_sitenote_active":false,"_monsterinsights_sitenote_note":"","_monsterinsights_sitenote_category":0,"footnotes":""},"categories":[1,4],"tags":[5742,1374,4126,5687,1445,1890],"class_list":["post-32758","post","type-post","status-publish","format-standard","has-post-thumbnail","hentry","category-obnovljivi-izvori-energije","category-zivotna-sredina","tag-demokratizacija-energetike","tag-ekoloska-taksa","tag-energetska-zadruga","tag-jasmina-trhulj","tag-prozjumeri","tag-solarne-elektrane","country-regioneu"],"acf":[],"yoast_head":"<!-- This site is optimized with the Yoast SEO plugin v27.4 - https:\/\/yoast.com\/product\/yoast-seo-wordpress\/ -->\n<title>Naj\u010ditanije u julu: eko taksa u Srbiji i demokratizacija energetike u regionu<\/title>\n<meta name=\"description\" content=\"Pla\u0107anje eko takse u Srbiji, koje je od ove godine obaveza mnogo ve\u0107eg broja privrednih subjekata, izazvalo je najve\u0107e interesovanje \u010ditalaca na\u0161eg portala.\" \/>\n<meta name=\"robots\" content=\"index, follow, max-snippet:-1, max-image-preview:large, max-video-preview:-1\" \/>\n<link rel=\"canonical\" href=\"https:\/\/balkangreenenergynews.com\/rs\/najcitanije-u-julu-eko-taksa-u-srbiji-i-demokratizacija-energetike-u-regionu\/\" \/>\n<meta property=\"og:locale\" content=\"sr_RS\" \/>\n<meta property=\"og:type\" content=\"article\" \/>\n<meta property=\"og:title\" content=\"Naj\u010ditanije u julu: eko taksa u Srbiji i demokratizacija energetike u regionu\" \/>\n<meta property=\"og:description\" content=\"Pla\u0107anje eko takse u Srbiji, koje je od ove godine obaveza mnogo ve\u0107eg broja privrednih subjekata, izazvalo je najve\u0107e interesovanje \u010ditalaca na\u0161eg portala.\" \/>\n<meta property=\"og:url\" content=\"https:\/\/balkangreenenergynews.com\/rs\/najcitanije-u-julu-eko-taksa-u-srbiji-i-demokratizacija-energetike-u-regionu\/\" \/>\n<meta property=\"og:site_name\" content=\"Balkan Green Energy News\" \/>\n<meta property=\"article:published_time\" content=\"2020-08-03T17:31:30+00:00\" \/>\n<meta property=\"article:modified_time\" content=\"2020-08-04T06:26:47+00:00\" \/>\n<meta property=\"og:image\" content=\"https:\/\/balkangreenenergynews.com\/rs\/wp-content\/uploads\/2020\/08\/najcitanije-u-julu-2020.jpg\" \/>\n\t<meta property=\"og:image:width\" content=\"795\" \/>\n\t<meta property=\"og:image:height\" content=\"407\" \/>\n\t<meta property=\"og:image:type\" content=\"image\/jpeg\" \/>\n<meta name=\"author\" content=\"Vladimir Spasi\u0107\" \/>\n<meta name=\"twitter:card\" content=\"summary_large_image\" \/>\n<meta name=\"twitter:label1\" content=\"\u041d\u0430\u043f\u0438\u0441\u0430\u043d\u043e \u043e\u0434\" \/>\n\t<meta name=\"twitter:data1\" content=\"Vladimir Spasi\u0107\" \/>\n\t<meta name=\"twitter:label2\" content=\"\u041f\u0440\u043e\u0446\u0435\u045a\u0435\u043d\u043e \u0432\u0440\u0435\u043c\u0435 \u0447\u0438\u0442\u0430\u045a\u0430\" \/>\n\t<meta name=\"twitter:data2\" content=\"2 \u043c\u0438\u043d\u0443\u0442\u0430\" \/>\n<script type=\"application\/ld+json\" class=\"yoast-schema-graph\">{\"@context\":\"https:\\\/\\\/schema.org\",\"@graph\":[{\"@type\":\"Article\",\"@id\":\"https:\\\/\\\/balkangreenenergynews.com\\\/rs\\\/najcitanije-u-julu-eko-taksa-u-srbiji-i-demokratizacija-energetike-u-regionu\\\/#article\",\"isPartOf\":{\"@id\":\"https:\\\/\\\/balkangreenenergynews.com\\\/rs\\\/najcitanije-u-julu-eko-taksa-u-srbiji-i-demokratizacija-energetike-u-regionu\\\/\"},\"author\":{\"name\":\"Vladimir Spasi\u0107\",\"@id\":\"https:\\\/\\\/balkangreenenergynews.com\\\/rs\\\/#\\\/schema\\\/person\\\/99dc721c46113fea22caffad06ef7317\"},\"headline\":\"Naj\u010ditanije u julu: eko taksa u Srbiji i demokratizacija energetike u regionu\",\"datePublished\":\"2020-08-03T17:31:30+00:00\",\"dateModified\":\"2020-08-04T06:26:47+00:00\",\"mainEntityOfPage\":{\"@id\":\"https:\\\/\\\/balkangreenenergynews.com\\\/rs\\\/najcitanije-u-julu-eko-taksa-u-srbiji-i-demokratizacija-energetike-u-regionu\\\/\"},\"wordCount\":411,\"commentCount\":0,\"image\":{\"@id\":\"https:\\\/\\\/balkangreenenergynews.com\\\/rs\\\/najcitanije-u-julu-eko-taksa-u-srbiji-i-demokratizacija-energetike-u-regionu\\\/#primaryimage\"},\"thumbnailUrl\":\"https:\\\/\\\/balkangreenenergynews.com\\\/rs\\\/wp-content\\\/uploads\\\/2020\\\/08\\\/najcitanije-u-julu-2020.jpg?wsr\",\"keywords\":[\"demokratizacija energetike\",\"ekolo\u0161ka taksa\",\"energetska zadruga\",\"Jasmina Trhulj\",\"prozjumeri\",\"solarne elektrane\"],\"articleSection\":[\"OIE\",\"\u017divotna sredina\"],\"inLanguage\":\"sr-RS\",\"potentialAction\":[{\"@type\":\"CommentAction\",\"name\":\"Comment\",\"target\":[\"https:\\\/\\\/balkangreenenergynews.com\\\/rs\\\/najcitanije-u-julu-eko-taksa-u-srbiji-i-demokratizacija-energetike-u-regionu\\\/#respond\"]}]},{\"@type\":\"WebPage\",\"@id\":\"https:\\\/\\\/balkangreenenergynews.com\\\/rs\\\/najcitanije-u-julu-eko-taksa-u-srbiji-i-demokratizacija-energetike-u-regionu\\\/\",\"url\":\"https:\\\/\\\/balkangreenenergynews.com\\\/rs\\\/najcitanije-u-julu-eko-taksa-u-srbiji-i-demokratizacija-energetike-u-regionu\\\/\",\"name\":\"Naj\u010ditanije u julu: eko taksa u Srbiji i demokratizacija energetike u regionu\",\"isPartOf\":{\"@id\":\"https:\\\/\\\/balkangreenenergynews.com\\\/rs\\\/#website\"},\"primaryImageOfPage\":{\"@id\":\"https:\\\/\\\/balkangreenenergynews.com\\\/rs\\\/najcitanije-u-julu-eko-taksa-u-srbiji-i-demokratizacija-energetike-u-regionu\\\/#primaryimage\"},\"image\":{\"@id\":\"https:\\\/\\\/balkangreenenergynews.com\\\/rs\\\/najcitanije-u-julu-eko-taksa-u-srbiji-i-demokratizacija-energetike-u-regionu\\\/#primaryimage\"},\"thumbnailUrl\":\"https:\\\/\\\/balkangreenenergynews.com\\\/rs\\\/wp-content\\\/uploads\\\/2020\\\/08\\\/najcitanije-u-julu-2020.jpg?wsr\",\"datePublished\":\"2020-08-03T17:31:30+00:00\",\"dateModified\":\"2020-08-04T06:26:47+00:00\",\"author\":{\"@id\":\"https:\\\/\\\/balkangreenenergynews.com\\\/rs\\\/#\\\/schema\\\/person\\\/99dc721c46113fea22caffad06ef7317\"},\"description\":\"Pla\u0107anje eko takse u Srbiji, koje je od ove godine obaveza mnogo ve\u0107eg broja privrednih subjekata, izazvalo je najve\u0107e interesovanje \u010ditalaca na\u0161eg portala.\",\"breadcrumb\":{\"@id\":\"https:\\\/\\\/balkangreenenergynews.com\\\/rs\\\/najcitanije-u-julu-eko-taksa-u-srbiji-i-demokratizacija-energetike-u-regionu\\\/#breadcrumb\"},\"inLanguage\":\"sr-RS\",\"potentialAction\":[{\"@type\":\"ReadAction\",\"target\":[\"https:\\\/\\\/balkangreenenergynews.com\\\/rs\\\/najcitanije-u-julu-eko-taksa-u-srbiji-i-demokratizacija-energetike-u-regionu\\\/\"]}]},{\"@type\":\"ImageObject\",\"inLanguage\":\"sr-RS\",\"@id\":\"https:\\\/\\\/balkangreenenergynews.com\\\/rs\\\/najcitanije-u-julu-eko-taksa-u-srbiji-i-demokratizacija-energetike-u-regionu\\\/#primaryimage\",\"url\":\"https:\\\/\\\/balkangreenenergynews.com\\\/rs\\\/wp-content\\\/uploads\\\/2020\\\/08\\\/najcitanije-u-julu-2020.jpg?wsr\",\"contentUrl\":\"https:\\\/\\\/balkangreenenergynews.com\\\/rs\\\/wp-content\\\/uploads\\\/2020\\\/08\\\/najcitanije-u-julu-2020.jpg?wsr\",\"width\":795,\"height\":407,\"caption\":\"najcitanije-u-julu-2020\"},{\"@type\":\"BreadcrumbList\",\"@id\":\"https:\\\/\\\/balkangreenenergynews.com\\\/rs\\\/najcitanije-u-julu-eko-taksa-u-srbiji-i-demokratizacija-energetike-u-regionu\\\/#breadcrumb\",\"itemListElement\":[{\"@type\":\"ListItem\",\"position\":1,\"name\":\"Po\u010detna\",\"item\":\"https:\\\/\\\/balkangreenenergynews.com\\\/rs\\\/\"},{\"@type\":\"ListItem\",\"position\":2,\"name\":\"Vesti\",\"item\":\"https:\\\/\\\/balkangreenenergynews.com\\\/rs\\\/kategorija\\\/vesti\\\/\"},{\"@type\":\"ListItem\",\"position\":3,\"name\":\"OIE\",\"item\":\"https:\\\/\\\/balkangreenenergynews.com\\\/rs\\\/kategorija\\\/vesti\\\/obnovljivi-izvori-energije\\\/\"},{\"@type\":\"ListItem\",\"position\":4,\"name\":\"Naj\u010ditanije u julu: eko taksa u Srbiji i demokratizacija energetike u regionu\"}]},{\"@type\":\"WebSite\",\"@id\":\"https:\\\/\\\/balkangreenenergynews.com\\\/rs\\\/#website\",\"url\":\"https:\\\/\\\/balkangreenenergynews.com\\\/rs\\\/\",\"name\":\"Balkan Green Energy News\",\"description\":\"Naj\u0161iri izbor vesti sa Balkana o zelenoj energiji\",\"potentialAction\":[{\"@type\":\"SearchAction\",\"target\":{\"@type\":\"EntryPoint\",\"urlTemplate\":\"https:\\\/\\\/balkangreenenergynews.com\\\/rs\\\/?s={search_term_string}\"},\"query-input\":{\"@type\":\"PropertyValueSpecification\",\"valueRequired\":true,\"valueName\":\"search_term_string\"}}],\"inLanguage\":\"sr-RS\"},{\"@type\":\"Person\",\"@id\":\"https:\\\/\\\/balkangreenenergynews.com\\\/rs\\\/#\\\/schema\\\/person\\\/99dc721c46113fea22caffad06ef7317\",\"name\":\"Vladimir Spasi\u0107\",\"url\":\"https:\\\/\\\/balkangreenenergynews.com\\\/rs\\\/author\\\/vladimir-spasic\\\/\"}]}<\/script>\n<!-- \/ Yoast SEO plugin. -->","yoast_head_json":{"title":"Naj\u010ditanije u julu: eko taksa u Srbiji i demokratizacija energetike u regionu","description":"Pla\u0107anje eko takse u Srbiji, koje je od ove godine obaveza mnogo ve\u0107eg broja privrednih subjekata, izazvalo je najve\u0107e interesovanje \u010ditalaca na\u0161eg portala.","robots":{"index":"index","follow":"follow","max-snippet":"max-snippet:-1","max-image-preview":"max-image-preview:large","max-video-preview":"max-video-preview:-1"},"canonical":"https:\/\/balkangreenenergynews.com\/rs\/najcitanije-u-julu-eko-taksa-u-srbiji-i-demokratizacija-energetike-u-regionu\/","og_locale":"sr_RS","og_type":"article","og_title":"Naj\u010ditanije u julu: eko taksa u Srbiji i demokratizacija energetike u regionu","og_description":"Pla\u0107anje eko takse u Srbiji, koje je od ove godine obaveza mnogo ve\u0107eg broja privrednih subjekata, izazvalo je najve\u0107e interesovanje \u010ditalaca na\u0161eg portala.","og_url":"https:\/\/balkangreenenergynews.com\/rs\/najcitanije-u-julu-eko-taksa-u-srbiji-i-demokratizacija-energetike-u-regionu\/","og_site_name":"Balkan Green Energy News","article_published_time":"2020-08-03T17:31:30+00:00","article_modified_time":"2020-08-04T06:26:47+00:00","og_image":[{"width":795,"height":407,"url":"https:\/\/balkangreenenergynews.com\/rs\/wp-content\/uploads\/2020\/08\/najcitanije-u-julu-2020.jpg","type":"image\/jpeg"}],"author":"Vladimir Spasi\u0107","twitter_card":"summary_large_image","twitter_misc":{"\u041d\u0430\u043f\u0438\u0441\u0430\u043d\u043e \u043e\u0434":"Vladimir Spasi\u0107","\u041f\u0440\u043e\u0446\u0435\u045a\u0435\u043d\u043e \u0432\u0440\u0435\u043c\u0435 \u0447\u0438\u0442\u0430\u045a\u0430":"2 \u043c\u0438\u043d\u0443\u0442\u0430"},"schema":{"@context":"https:\/\/schema.org","@graph":[{"@type":"Article","@id":"https:\/\/balkangreenenergynews.com\/rs\/najcitanije-u-julu-eko-taksa-u-srbiji-i-demokratizacija-energetike-u-regionu\/#article","isPartOf":{"@id":"https:\/\/balkangreenenergynews.com\/rs\/najcitanije-u-julu-eko-taksa-u-srbiji-i-demokratizacija-energetike-u-regionu\/"},"author":{"name":"Vladimir Spasi\u0107","@id":"https:\/\/balkangreenenergynews.com\/rs\/#\/schema\/person\/99dc721c46113fea22caffad06ef7317"},"headline":"Naj\u010ditanije u julu: eko taksa u Srbiji i demokratizacija energetike u regionu","datePublished":"2020-08-03T17:31:30+00:00","dateModified":"2020-08-04T06:26:47+00:00","mainEntityOfPage":{"@id":"https:\/\/balkangreenenergynews.com\/rs\/najcitanije-u-julu-eko-taksa-u-srbiji-i-demokratizacija-energetike-u-regionu\/"},"wordCount":411,"commentCount":0,"image":{"@id":"https:\/\/balkangreenenergynews.com\/rs\/najcitanije-u-julu-eko-taksa-u-srbiji-i-demokratizacija-energetike-u-regionu\/#primaryimage"},"thumbnailUrl":"https:\/\/balkangreenenergynews.com\/rs\/wp-content\/uploads\/2020\/08\/najcitanije-u-julu-2020.jpg?wsr","keywords":["demokratizacija energetike","ekolo\u0161ka taksa","energetska zadruga","Jasmina Trhulj","prozjumeri","solarne elektrane"],"articleSection":["OIE","\u017divotna sredina"],"inLanguage":"sr-RS","potentialAction":[{"@type":"CommentAction","name":"Comment","target":["https:\/\/balkangreenenergynews.com\/rs\/najcitanije-u-julu-eko-taksa-u-srbiji-i-demokratizacija-energetike-u-regionu\/#respond"]}]},{"@type":"WebPage","@id":"https:\/\/balkangreenenergynews.com\/rs\/najcitanije-u-julu-eko-taksa-u-srbiji-i-demokratizacija-energetike-u-regionu\/","url":"https:\/\/balkangreenenergynews.com\/rs\/najcitanije-u-julu-eko-taksa-u-srbiji-i-demokratizacija-energetike-u-regionu\/","name":"Naj\u010ditanije u julu: eko taksa u Srbiji i demokratizacija energetike u regionu","isPartOf":{"@id":"https:\/\/balkangreenenergynews.com\/rs\/#website"},"primaryImageOfPage":{"@id":"https:\/\/balkangreenenergynews.com\/rs\/najcitanije-u-julu-eko-taksa-u-srbiji-i-demokratizacija-energetike-u-regionu\/#primaryimage"},"image":{"@id":"https:\/\/balkangreenenergynews.com\/rs\/najcitanije-u-julu-eko-taksa-u-srbiji-i-demokratizacija-energetike-u-regionu\/#primaryimage"},"thumbnailUrl":"https:\/\/balkangreenenergynews.com\/rs\/wp-content\/uploads\/2020\/08\/najcitanije-u-julu-2020.jpg?wsr","datePublished":"2020-08-03T17:31:30+00:00","dateModified":"2020-08-04T06:26:47+00:00","author":{"@id":"https:\/\/balkangreenenergynews.com\/rs\/#\/schema\/person\/99dc721c46113fea22caffad06ef7317"},"description":"Pla\u0107anje eko takse u Srbiji, koje je od ove godine obaveza mnogo ve\u0107eg broja privrednih subjekata, izazvalo je najve\u0107e interesovanje \u010ditalaca na\u0161eg portala.","breadcrumb":{"@id":"https:\/\/balkangreenenergynews.com\/rs\/najcitanije-u-julu-eko-taksa-u-srbiji-i-demokratizacija-energetike-u-regionu\/#breadcrumb"},"inLanguage":"sr-RS","potentialAction":[{"@type":"ReadAction","target":["https:\/\/balkangreenenergynews.com\/rs\/najcitanije-u-julu-eko-taksa-u-srbiji-i-demokratizacija-energetike-u-regionu\/"]}]},{"@type":"ImageObject","inLanguage":"sr-RS","@id":"https:\/\/balkangreenenergynews.com\/rs\/najcitanije-u-julu-eko-taksa-u-srbiji-i-demokratizacija-energetike-u-regionu\/#primaryimage","url":"https:\/\/balkangreenenergynews.com\/rs\/wp-content\/uploads\/2020\/08\/najcitanije-u-julu-2020.jpg?wsr","contentUrl":"https:\/\/balkangreenenergynews.com\/rs\/wp-content\/uploads\/2020\/08\/najcitanije-u-julu-2020.jpg?wsr","width":795,"height":407,"caption":"najcitanije-u-julu-2020"},{"@type":"BreadcrumbList","@id":"https:\/\/balkangreenenergynews.com\/rs\/najcitanije-u-julu-eko-taksa-u-srbiji-i-demokratizacija-energetike-u-regionu\/#breadcrumb","itemListElement":[{"@type":"ListItem","position":1,"name":"Po\u010detna","item":"https:\/\/balkangreenenergynews.com\/rs\/"},{"@type":"ListItem","position":2,"name":"Vesti","item":"https:\/\/balkangreenenergynews.com\/rs\/kategorija\/vesti\/"},{"@type":"ListItem","position":3,"name":"OIE","item":"https:\/\/balkangreenenergynews.com\/rs\/kategorija\/vesti\/obnovljivi-izvori-energije\/"},{"@type":"ListItem","position":4,"name":"Naj\u010ditanije u julu: eko taksa u Srbiji i demokratizacija energetike u regionu"}]},{"@type":"WebSite","@id":"https:\/\/balkangreenenergynews.com\/rs\/#website","url":"https:\/\/balkangreenenergynews.com\/rs\/","name":"Balkan Green Energy News","description":"Naj\u0161iri izbor vesti sa Balkana o zelenoj energiji","potentialAction":[{"@type":"SearchAction","target":{"@type":"EntryPoint","urlTemplate":"https:\/\/balkangreenenergynews.com\/rs\/?s={search_term_string}"},"query-input":{"@type":"PropertyValueSpecification","valueRequired":true,"valueName":"search_term_string"}}],"inLanguage":"sr-RS"},{"@type":"Person","@id":"https:\/\/balkangreenenergynews.com\/rs\/#\/schema\/person\/99dc721c46113fea22caffad06ef7317","name":"Vladimir Spasi\u0107","url":"https:\/\/balkangreenenergynews.com\/rs\/author\/vladimir-spasic\/"}]}},"_links":{"self":[{"href":"https:\/\/balkangreenenergynews.com\/rs\/wp-json\/wp\/v2\/posts\/32758","targetHints":{"allow":["GET"]}}],"collection":[{"href":"https:\/\/balkangreenenergynews.com\/rs\/wp-json\/wp\/v2\/posts"}],"about":[{"href":"https:\/\/balkangreenenergynews.com\/rs\/wp-json\/wp\/v2\/types\/post"}],"author":[{"embeddable":true,"href":"https:\/\/balkangreenenergynews.com\/rs\/wp-json\/wp\/v2\/users\/23"}],"replies":[{"embeddable":true,"href":"https:\/\/balkangreenenergynews.com\/rs\/wp-json\/wp\/v2\/comments?post=32758"}],"version-history":[{"count":0,"href":"https:\/\/balkangreenenergynews.com\/rs\/wp-json\/wp\/v2\/posts\/32758\/revisions"}],"wp:featuredmedia":[{"embeddable":true,"href":"https:\/\/balkangreenenergynews.com\/rs\/wp-json\/wp\/v2\/media\/32763"}],"wp:attachment":[{"href":"https:\/\/balkangreenenergynews.com\/rs\/wp-json\/wp\/v2\/media?parent=32758"}],"wp:term":[{"taxonomy":"category","embeddable":true,"href":"https:\/\/balkangreenenergynews.com\/rs\/wp-json\/wp\/v2\/categories?post=32758"},{"taxonomy":"post_tag","embeddable":true,"href":"https:\/\/balkangreenenergynews.com\/rs\/wp-json\/wp\/v2\/tags?post=32758"}],"curies":[{"name":"wp","href":"https:\/\/api.w.org\/{rel}","templated":true}]}}