{"id":32747,"date":"2020-08-03T15:16:24","date_gmt":"2020-08-03T13:16:24","guid":{"rendered":"https:\/\/balkangreenenergynews.com\/rs\/?p=32747"},"modified":"2020-10-16T13:32:44","modified_gmt":"2020-10-16T11:32:44","slug":"aktivisti-zahtevaju-da-unesco-reaguje-na-ekocid-zamucene-reke-tare","status":"publish","type":"post","link":"https:\/\/balkangreenenergynews.com\/rs\/aktivisti-zahtevaju-da-unesco-reaguje-na-ekocid-zamucene-reke-tare\/","title":{"rendered":"Aktivisti zahtevaju da UNESCO reaguje na &#8216;ekocid&#8217; zamu\u0107ene reke Tare"},"content":{"rendered":"<h2>Organizacije za za\u0161titu \u017eivotne sredine u Crnoj Gori obavestile su UNESCO o uni\u0161tavanju \u017eivog sveta reke Tare, svrstane u svetsku ba\u0161tinu, i navele da u njoj zavr\u0161ava gra\u0111evinski materijal od radova na malim hidroelektranama i auto-putu.<\/h2>\n<p>Ve\u0107ina toka Tare kroz Crnu Goru zamu\u0107ena je hiljadama tona \u0161ljunka, zemlje i otpada koji su u julu u nju uba\u010deni dok izvo\u0111a\u010di grade male hidroelektrane i auto-put, saop\u0161tila je Koalicija za odr\u017eivi razvoj i istakla da je to prijavila UNESCO-u. Organizacija Ujedinjenih nacija za obrazovanje, nauku i kulturu dr\u017ei kanjon te reke od 78 kilometara na listi svetske ba\u0161tine.<\/p>\n<p>Navedena mre\u017ea organizacija optu\u017eila je vladu za ignorisanje &#8222;nevi\u0111enog ekocida&#8220; i upozorila na pomor ribe i ostalog \u017eivog sveta. KOR je naveo da \u0107e obavestiti i Delegaciju Evropske unije u Crnoj Gori.<\/p>\n<h3><span style=\"\">Bahato kr\u0161enje propisa<\/span><\/h3>\n<p>Aktivisti i aktivistkinje iz Green Homea su naglasili da Tara za\u0161ti\u0107ena na \u0161est nivoa i ukazali na njen zna\u010daj za prirodna stani\u0161ta.<\/p>\n<p>&#8222;Bahato kr\u0161enje zakonskih propisa na Tari je prevr\u0161ilo svaku mjeru i rijeka odumire. Svako ko je doprinijeo ovakvoj situaciji mora odgovarati, zbog \u010dega apelujemo na obustavljanje radova dok se ne utvrdi odgovornost po\u010dinioca i u\u010dinjena \u0161teta,&#8220; saop\u0161teno je.<\/p>\n<p>Mladica je jedna od najugro\u017eenijih vrsta nakon godina ispu\u0161tanja razli\u010ditog materijala u reku i zatrpavanja najvrednijih stani\u0161ta, a korito je tako postalo pli\u0107e, navodi Green Home.<\/p>\n<p>Rigorozni plan o\u010duvanja ove ribe se ne sprovodi kao ni poslednje preporuke UNESCO-a za mere za\u0161tite \u017eivotne sredine od negativnih uticaja prouzrokovanih gradnjom auto-puta, saop\u0161tila je organizacija i otkrila da \u0107e pokrenuti postupak za otvaranje slu\u010daja kod Stalnog komiteta Bernske konvencije u Savetu Evrope.<\/p>\n<h3><span style=\"\">Inspekcija na potezu<\/span><\/h3>\n<p>Ekolo\u0161ki pokret Ozon pozvao je inspekciju da utvrdi \u0161ta se de\u0161ava i da reaguje. Tara se <a href=\"https:\/\/balkangreenenergynews.com\/rs\/pripremni-radovi-za-hidroelektranu-buk-bijela-planirani-za-septembar\/\">na granici s Bosnom i Hercegovinom<\/a> sastaje s Pivom i one formiraju Drinu.<\/p>\n<figure id=\"attachment_32752\" aria-describedby=\"caption-attachment-32752\" style=\"width: 795px\" class=\"wp-caption aligncenter\"><img loading=\"lazy\" decoding=\"async\" class=\"wp-image-32752 size-full\" src=\"https:\/\/balkangreenenergynews.com\/rs\/wp-content\/uploads\/2020\/08\/Aktivisti-da-UNESCO-na-ekocid-reke-Tare.jpg\" alt=\"Aktivisti da UNESCO na ekocid reke Tare\" width=\"795\" height=\"407\" srcset=\"https:\/\/balkangreenenergynews.com\/rs\/wp-content\/uploads\/2020\/08\/Aktivisti-da-UNESCO-na-ekocid-reke-Tare.jpg 795w, https:\/\/balkangreenenergynews.com\/rs\/wp-content\/uploads\/2020\/08\/Aktivisti-da-UNESCO-na-ekocid-reke-Tare-500x256.jpg 500w, https:\/\/balkangreenenergynews.com\/rs\/wp-content\/uploads\/2020\/08\/Aktivisti-da-UNESCO-na-ekocid-reke-Tare-768x393.jpg 768w, https:\/\/balkangreenenergynews.com\/rs\/wp-content\/uploads\/2020\/08\/Aktivisti-da-UNESCO-na-ekocid-reke-Tare-300x154.jpg 300w\" sizes=\"auto, (max-width: 795px) 100vw, 795px\" \/><figcaption id=\"caption-attachment-32752\" class=\"wp-caption-text\">Slika: Tarina tirkizna boja pre\u0161la je u sme\u0111u (KOR)<\/figcaption><\/figure>\n<p>Ministarstvo odr\u017eivog razvoja i turizma saop\u0161tilo je da je nalo\u017eilo inspekciji da utvrdi \u010dinjenice.<\/p>\n<p>UNESCO je pre godinu dana ve\u0107 izrazio zabrinutost, a <a href=\"https:\/\/balkangreenenergynews.com\/rs\/evropska-komisija-crna-gora-da-ubrza-primenu-propisa-o-zastiti-zivotne-sredine-i-klimatskim-promenama\/\">Evropska komisija<\/a> je preporu\u010dila Crnoj Gori da poo\u0161tri kontrolu uticaja izgradnje auto-puta na Taru. Izvo\u0111a\u010d je CRBC iz Kine.<\/p>\n<blockquote><p>Nevladine organizacije su pre poslednjeg incidenta podnele vi\u0161e prijava<\/p><\/blockquote>\n<p>Ina\u010de tirkizna reka postala je zamu\u0107ena ili bela, ka\u017eu borci za za\u0161titu okoline i podse\u0107aju da je i pre ovog zaga\u0111enja podneto nekoliko prijava. KOR tvrdi da \u0107e uni\u0161tavanje prirode onemogu\u0107iti zatvaranje poglavlja 27 u pregovorima o ulasku u EU.<\/p>\n<p>Lokalni mediji su preneli da je grupa turista koja je krenula na rafting tra\u017eila povra\u0107aj novca kad je videla zamu\u0107enje. U toku su radovi na malim hidroelektranama uzvodno od Tarine pritoke Drcke.<\/p>\n","protected":false},"excerpt":{"rendered":"<p>Organizacije za za\u0161titu \u017eivotne sredine u Crnoj Gori obavestile su UNESCO o uni\u0161tavanju \u017eivog sveta&#8230;<\/p>\n","protected":false},"author":27,"featured_media":32753,"comment_status":"open","ping_status":"closed","sticky":false,"template":"","format":"standard","meta":{"_acf_changed":false,"_monsterinsights_skip_tracking":false,"_monsterinsights_sitenote_active":false,"_monsterinsights_sitenote_note":"","_monsterinsights_sitenote_category":0,"footnotes":""},"categories":[4],"tags":[1794,1202,1405],"class_list":["post-32747","post","type-post","status-publish","format-standard","has-post-thumbnail","hentry","category-zivotna-sredina","tag-green-home","tag-hidroelektrane","tag-male-hidroelektrane","country-crna-gora"],"acf":[],"yoast_head":"<!-- This site is optimized with the Yoast SEO plugin v27.4 - https:\/\/yoast.com\/product\/yoast-seo-wordpress\/ -->\n<title>Aktivisti zahtevaju da UNESCO reaguje na &#039;ekocid&#039; zamu\u0107ene reke Tare<\/title>\n<meta name=\"description\" content=\"Organizacije za za\u0161titu \u017eivotne sredine u Crnoj Gori obavestile su UNESCO o uni\u0161tavanju \u017eivog sveta reke Tare, svrstane u svetsku ba\u0161tinu.\" \/>\n<meta name=\"robots\" content=\"index, follow, max-snippet:-1, max-image-preview:large, max-video-preview:-1\" \/>\n<link rel=\"canonical\" href=\"https:\/\/balkangreenenergynews.com\/rs\/aktivisti-zahtevaju-da-unesco-reaguje-na-ekocid-zamucene-reke-tare\/\" \/>\n<meta property=\"og:locale\" content=\"sr_RS\" \/>\n<meta property=\"og:type\" content=\"article\" \/>\n<meta property=\"og:title\" content=\"Aktivisti zahtevaju da UNESCO reaguje na &#039;ekocid&#039; zamu\u0107ene reke Tare\" \/>\n<meta property=\"og:description\" content=\"Organizacije za za\u0161titu \u017eivotne sredine u Crnoj Gori obavestile su UNESCO o uni\u0161tavanju \u017eivog sveta reke Tare, svrstane u svetsku ba\u0161tinu.\" \/>\n<meta property=\"og:url\" content=\"https:\/\/balkangreenenergynews.com\/rs\/aktivisti-zahtevaju-da-unesco-reaguje-na-ekocid-zamucene-reke-tare\/\" \/>\n<meta property=\"og:site_name\" content=\"Balkan Green Energy News\" \/>\n<meta property=\"article:published_time\" content=\"2020-08-03T13:16:24+00:00\" \/>\n<meta property=\"article:modified_time\" content=\"2020-10-16T11:32:44+00:00\" \/>\n<meta property=\"og:image\" content=\"https:\/\/balkangreenenergynews.com\/rs\/wp-content\/uploads\/2020\/08\/Aktivisti-zahtevaju-UNESCO-ekocid-zamucene-Tare.jpg\" \/>\n\t<meta property=\"og:image:width\" content=\"795\" \/>\n\t<meta property=\"og:image:height\" content=\"407\" \/>\n\t<meta property=\"og:image:type\" content=\"image\/jpeg\" \/>\n<meta name=\"author\" content=\"Igor Todorovi\u0107\" \/>\n<meta name=\"twitter:card\" content=\"summary_large_image\" \/>\n<meta name=\"twitter:label1\" content=\"\u041d\u0430\u043f\u0438\u0441\u0430\u043d\u043e \u043e\u0434\" \/>\n\t<meta name=\"twitter:data1\" content=\"Igor Todorovi\u0107\" \/>\n\t<meta name=\"twitter:label2\" content=\"\u041f\u0440\u043e\u0446\u0435\u045a\u0435\u043d\u043e \u0432\u0440\u0435\u043c\u0435 \u0447\u0438\u0442\u0430\u045a\u0430\" \/>\n\t<meta name=\"twitter:data2\" content=\"2 \u043c\u0438\u043d\u0443\u0442\u0430\" \/>\n<script type=\"application\/ld+json\" class=\"yoast-schema-graph\">{\"@context\":\"https:\\\/\\\/schema.org\",\"@graph\":[{\"@type\":\"Article\",\"@id\":\"https:\\\/\\\/balkangreenenergynews.com\\\/rs\\\/aktivisti-zahtevaju-da-unesco-reaguje-na-ekocid-zamucene-reke-tare\\\/#article\",\"isPartOf\":{\"@id\":\"https:\\\/\\\/balkangreenenergynews.com\\\/rs\\\/aktivisti-zahtevaju-da-unesco-reaguje-na-ekocid-zamucene-reke-tare\\\/\"},\"author\":{\"name\":\"Igor Todorovi\u0107\",\"@id\":\"https:\\\/\\\/balkangreenenergynews.com\\\/rs\\\/#\\\/schema\\\/person\\\/d8f80a244c4e9f2b55e4f6968c253246\"},\"headline\":\"Aktivisti zahtevaju da UNESCO reaguje na &#8216;ekocid&#8217; zamu\u0107ene reke Tare\",\"datePublished\":\"2020-08-03T13:16:24+00:00\",\"dateModified\":\"2020-10-16T11:32:44+00:00\",\"mainEntityOfPage\":{\"@id\":\"https:\\\/\\\/balkangreenenergynews.com\\\/rs\\\/aktivisti-zahtevaju-da-unesco-reaguje-na-ekocid-zamucene-reke-tare\\\/\"},\"wordCount\":499,\"commentCount\":0,\"image\":{\"@id\":\"https:\\\/\\\/balkangreenenergynews.com\\\/rs\\\/aktivisti-zahtevaju-da-unesco-reaguje-na-ekocid-zamucene-reke-tare\\\/#primaryimage\"},\"thumbnailUrl\":\"https:\\\/\\\/balkangreenenergynews.com\\\/rs\\\/wp-content\\\/uploads\\\/2020\\\/08\\\/Aktivisti-zahtevaju-UNESCO-ekocid-zamucene-Tare.jpg?wsr\",\"keywords\":[\"Green Home\",\"hidroelektrane\",\"male hidroelektrane\"],\"articleSection\":[\"\u017divotna sredina\"],\"inLanguage\":\"sr-RS\",\"potentialAction\":[{\"@type\":\"CommentAction\",\"name\":\"Comment\",\"target\":[\"https:\\\/\\\/balkangreenenergynews.com\\\/rs\\\/aktivisti-zahtevaju-da-unesco-reaguje-na-ekocid-zamucene-reke-tare\\\/#respond\"]}]},{\"@type\":\"WebPage\",\"@id\":\"https:\\\/\\\/balkangreenenergynews.com\\\/rs\\\/aktivisti-zahtevaju-da-unesco-reaguje-na-ekocid-zamucene-reke-tare\\\/\",\"url\":\"https:\\\/\\\/balkangreenenergynews.com\\\/rs\\\/aktivisti-zahtevaju-da-unesco-reaguje-na-ekocid-zamucene-reke-tare\\\/\",\"name\":\"Aktivisti zahtevaju da UNESCO reaguje na 'ekocid' zamu\u0107ene reke Tare\",\"isPartOf\":{\"@id\":\"https:\\\/\\\/balkangreenenergynews.com\\\/rs\\\/#website\"},\"primaryImageOfPage\":{\"@id\":\"https:\\\/\\\/balkangreenenergynews.com\\\/rs\\\/aktivisti-zahtevaju-da-unesco-reaguje-na-ekocid-zamucene-reke-tare\\\/#primaryimage\"},\"image\":{\"@id\":\"https:\\\/\\\/balkangreenenergynews.com\\\/rs\\\/aktivisti-zahtevaju-da-unesco-reaguje-na-ekocid-zamucene-reke-tare\\\/#primaryimage\"},\"thumbnailUrl\":\"https:\\\/\\\/balkangreenenergynews.com\\\/rs\\\/wp-content\\\/uploads\\\/2020\\\/08\\\/Aktivisti-zahtevaju-UNESCO-ekocid-zamucene-Tare.jpg?wsr\",\"datePublished\":\"2020-08-03T13:16:24+00:00\",\"dateModified\":\"2020-10-16T11:32:44+00:00\",\"author\":{\"@id\":\"https:\\\/\\\/balkangreenenergynews.com\\\/rs\\\/#\\\/schema\\\/person\\\/d8f80a244c4e9f2b55e4f6968c253246\"},\"description\":\"Organizacije za za\u0161titu \u017eivotne sredine u Crnoj Gori obavestile su UNESCO o uni\u0161tavanju \u017eivog sveta reke Tare, svrstane u svetsku ba\u0161tinu.\",\"breadcrumb\":{\"@id\":\"https:\\\/\\\/balkangreenenergynews.com\\\/rs\\\/aktivisti-zahtevaju-da-unesco-reaguje-na-ekocid-zamucene-reke-tare\\\/#breadcrumb\"},\"inLanguage\":\"sr-RS\",\"potentialAction\":[{\"@type\":\"ReadAction\",\"target\":[\"https:\\\/\\\/balkangreenenergynews.com\\\/rs\\\/aktivisti-zahtevaju-da-unesco-reaguje-na-ekocid-zamucene-reke-tare\\\/\"]}]},{\"@type\":\"ImageObject\",\"inLanguage\":\"sr-RS\",\"@id\":\"https:\\\/\\\/balkangreenenergynews.com\\\/rs\\\/aktivisti-zahtevaju-da-unesco-reaguje-na-ekocid-zamucene-reke-tare\\\/#primaryimage\",\"url\":\"https:\\\/\\\/balkangreenenergynews.com\\\/rs\\\/wp-content\\\/uploads\\\/2020\\\/08\\\/Aktivisti-zahtevaju-UNESCO-ekocid-zamucene-Tare.jpg?wsr\",\"contentUrl\":\"https:\\\/\\\/balkangreenenergynews.com\\\/rs\\\/wp-content\\\/uploads\\\/2020\\\/08\\\/Aktivisti-zahtevaju-UNESCO-ekocid-zamucene-Tare.jpg?wsr\",\"width\":795,\"height\":407,\"caption\":\"Aktivisti zahtevaju UNESCO ekocid zamucene Tare\"},{\"@type\":\"BreadcrumbList\",\"@id\":\"https:\\\/\\\/balkangreenenergynews.com\\\/rs\\\/aktivisti-zahtevaju-da-unesco-reaguje-na-ekocid-zamucene-reke-tare\\\/#breadcrumb\",\"itemListElement\":[{\"@type\":\"ListItem\",\"position\":1,\"name\":\"Po\u010detna\",\"item\":\"https:\\\/\\\/balkangreenenergynews.com\\\/rs\\\/\"},{\"@type\":\"ListItem\",\"position\":2,\"name\":\"Vesti\",\"item\":\"https:\\\/\\\/balkangreenenergynews.com\\\/rs\\\/kategorija\\\/vesti\\\/\"},{\"@type\":\"ListItem\",\"position\":3,\"name\":\"\u017divotna sredina\",\"item\":\"https:\\\/\\\/balkangreenenergynews.com\\\/rs\\\/kategorija\\\/vesti\\\/zivotna-sredina\\\/\"},{\"@type\":\"ListItem\",\"position\":4,\"name\":\"Aktivisti zahtevaju da UNESCO reaguje na &#8216;ekocid&#8217; zamu\u0107ene reke Tare\"}]},{\"@type\":\"WebSite\",\"@id\":\"https:\\\/\\\/balkangreenenergynews.com\\\/rs\\\/#website\",\"url\":\"https:\\\/\\\/balkangreenenergynews.com\\\/rs\\\/\",\"name\":\"Balkan Green Energy News\",\"description\":\"Naj\u0161iri izbor vesti sa Balkana o zelenoj energiji\",\"potentialAction\":[{\"@type\":\"SearchAction\",\"target\":{\"@type\":\"EntryPoint\",\"urlTemplate\":\"https:\\\/\\\/balkangreenenergynews.com\\\/rs\\\/?s={search_term_string}\"},\"query-input\":{\"@type\":\"PropertyValueSpecification\",\"valueRequired\":true,\"valueName\":\"search_term_string\"}}],\"inLanguage\":\"sr-RS\"},{\"@type\":\"Person\",\"@id\":\"https:\\\/\\\/balkangreenenergynews.com\\\/rs\\\/#\\\/schema\\\/person\\\/d8f80a244c4e9f2b55e4f6968c253246\",\"name\":\"Igor Todorovi\u0107\",\"url\":\"https:\\\/\\\/balkangreenenergynews.com\\\/rs\\\/author\\\/igor-todorovic\\\/\"}]}<\/script>\n<!-- \/ Yoast SEO plugin. -->","yoast_head_json":{"title":"Aktivisti zahtevaju da UNESCO reaguje na 'ekocid' zamu\u0107ene reke Tare","description":"Organizacije za za\u0161titu \u017eivotne sredine u Crnoj Gori obavestile su UNESCO o uni\u0161tavanju \u017eivog sveta reke Tare, svrstane u svetsku ba\u0161tinu.","robots":{"index":"index","follow":"follow","max-snippet":"max-snippet:-1","max-image-preview":"max-image-preview:large","max-video-preview":"max-video-preview:-1"},"canonical":"https:\/\/balkangreenenergynews.com\/rs\/aktivisti-zahtevaju-da-unesco-reaguje-na-ekocid-zamucene-reke-tare\/","og_locale":"sr_RS","og_type":"article","og_title":"Aktivisti zahtevaju da UNESCO reaguje na 'ekocid' zamu\u0107ene reke Tare","og_description":"Organizacije za za\u0161titu \u017eivotne sredine u Crnoj Gori obavestile su UNESCO o uni\u0161tavanju \u017eivog sveta reke Tare, svrstane u svetsku ba\u0161tinu.","og_url":"https:\/\/balkangreenenergynews.com\/rs\/aktivisti-zahtevaju-da-unesco-reaguje-na-ekocid-zamucene-reke-tare\/","og_site_name":"Balkan Green Energy News","article_published_time":"2020-08-03T13:16:24+00:00","article_modified_time":"2020-10-16T11:32:44+00:00","og_image":[{"width":795,"height":407,"url":"https:\/\/balkangreenenergynews.com\/rs\/wp-content\/uploads\/2020\/08\/Aktivisti-zahtevaju-UNESCO-ekocid-zamucene-Tare.jpg","type":"image\/jpeg"}],"author":"Igor Todorovi\u0107","twitter_card":"summary_large_image","twitter_misc":{"\u041d\u0430\u043f\u0438\u0441\u0430\u043d\u043e \u043e\u0434":"Igor Todorovi\u0107","\u041f\u0440\u043e\u0446\u0435\u045a\u0435\u043d\u043e \u0432\u0440\u0435\u043c\u0435 \u0447\u0438\u0442\u0430\u045a\u0430":"2 \u043c\u0438\u043d\u0443\u0442\u0430"},"schema":{"@context":"https:\/\/schema.org","@graph":[{"@type":"Article","@id":"https:\/\/balkangreenenergynews.com\/rs\/aktivisti-zahtevaju-da-unesco-reaguje-na-ekocid-zamucene-reke-tare\/#article","isPartOf":{"@id":"https:\/\/balkangreenenergynews.com\/rs\/aktivisti-zahtevaju-da-unesco-reaguje-na-ekocid-zamucene-reke-tare\/"},"author":{"name":"Igor Todorovi\u0107","@id":"https:\/\/balkangreenenergynews.com\/rs\/#\/schema\/person\/d8f80a244c4e9f2b55e4f6968c253246"},"headline":"Aktivisti zahtevaju da UNESCO reaguje na &#8216;ekocid&#8217; zamu\u0107ene reke Tare","datePublished":"2020-08-03T13:16:24+00:00","dateModified":"2020-10-16T11:32:44+00:00","mainEntityOfPage":{"@id":"https:\/\/balkangreenenergynews.com\/rs\/aktivisti-zahtevaju-da-unesco-reaguje-na-ekocid-zamucene-reke-tare\/"},"wordCount":499,"commentCount":0,"image":{"@id":"https:\/\/balkangreenenergynews.com\/rs\/aktivisti-zahtevaju-da-unesco-reaguje-na-ekocid-zamucene-reke-tare\/#primaryimage"},"thumbnailUrl":"https:\/\/balkangreenenergynews.com\/rs\/wp-content\/uploads\/2020\/08\/Aktivisti-zahtevaju-UNESCO-ekocid-zamucene-Tare.jpg?wsr","keywords":["Green Home","hidroelektrane","male hidroelektrane"],"articleSection":["\u017divotna sredina"],"inLanguage":"sr-RS","potentialAction":[{"@type":"CommentAction","name":"Comment","target":["https:\/\/balkangreenenergynews.com\/rs\/aktivisti-zahtevaju-da-unesco-reaguje-na-ekocid-zamucene-reke-tare\/#respond"]}]},{"@type":"WebPage","@id":"https:\/\/balkangreenenergynews.com\/rs\/aktivisti-zahtevaju-da-unesco-reaguje-na-ekocid-zamucene-reke-tare\/","url":"https:\/\/balkangreenenergynews.com\/rs\/aktivisti-zahtevaju-da-unesco-reaguje-na-ekocid-zamucene-reke-tare\/","name":"Aktivisti zahtevaju da UNESCO reaguje na 'ekocid' zamu\u0107ene reke Tare","isPartOf":{"@id":"https:\/\/balkangreenenergynews.com\/rs\/#website"},"primaryImageOfPage":{"@id":"https:\/\/balkangreenenergynews.com\/rs\/aktivisti-zahtevaju-da-unesco-reaguje-na-ekocid-zamucene-reke-tare\/#primaryimage"},"image":{"@id":"https:\/\/balkangreenenergynews.com\/rs\/aktivisti-zahtevaju-da-unesco-reaguje-na-ekocid-zamucene-reke-tare\/#primaryimage"},"thumbnailUrl":"https:\/\/balkangreenenergynews.com\/rs\/wp-content\/uploads\/2020\/08\/Aktivisti-zahtevaju-UNESCO-ekocid-zamucene-Tare.jpg?wsr","datePublished":"2020-08-03T13:16:24+00:00","dateModified":"2020-10-16T11:32:44+00:00","author":{"@id":"https:\/\/balkangreenenergynews.com\/rs\/#\/schema\/person\/d8f80a244c4e9f2b55e4f6968c253246"},"description":"Organizacije za za\u0161titu \u017eivotne sredine u Crnoj Gori obavestile su UNESCO o uni\u0161tavanju \u017eivog sveta reke Tare, svrstane u svetsku ba\u0161tinu.","breadcrumb":{"@id":"https:\/\/balkangreenenergynews.com\/rs\/aktivisti-zahtevaju-da-unesco-reaguje-na-ekocid-zamucene-reke-tare\/#breadcrumb"},"inLanguage":"sr-RS","potentialAction":[{"@type":"ReadAction","target":["https:\/\/balkangreenenergynews.com\/rs\/aktivisti-zahtevaju-da-unesco-reaguje-na-ekocid-zamucene-reke-tare\/"]}]},{"@type":"ImageObject","inLanguage":"sr-RS","@id":"https:\/\/balkangreenenergynews.com\/rs\/aktivisti-zahtevaju-da-unesco-reaguje-na-ekocid-zamucene-reke-tare\/#primaryimage","url":"https:\/\/balkangreenenergynews.com\/rs\/wp-content\/uploads\/2020\/08\/Aktivisti-zahtevaju-UNESCO-ekocid-zamucene-Tare.jpg?wsr","contentUrl":"https:\/\/balkangreenenergynews.com\/rs\/wp-content\/uploads\/2020\/08\/Aktivisti-zahtevaju-UNESCO-ekocid-zamucene-Tare.jpg?wsr","width":795,"height":407,"caption":"Aktivisti zahtevaju UNESCO ekocid zamucene Tare"},{"@type":"BreadcrumbList","@id":"https:\/\/balkangreenenergynews.com\/rs\/aktivisti-zahtevaju-da-unesco-reaguje-na-ekocid-zamucene-reke-tare\/#breadcrumb","itemListElement":[{"@type":"ListItem","position":1,"name":"Po\u010detna","item":"https:\/\/balkangreenenergynews.com\/rs\/"},{"@type":"ListItem","position":2,"name":"Vesti","item":"https:\/\/balkangreenenergynews.com\/rs\/kategorija\/vesti\/"},{"@type":"ListItem","position":3,"name":"\u017divotna sredina","item":"https:\/\/balkangreenenergynews.com\/rs\/kategorija\/vesti\/zivotna-sredina\/"},{"@type":"ListItem","position":4,"name":"Aktivisti zahtevaju da UNESCO reaguje na &#8216;ekocid&#8217; zamu\u0107ene reke Tare"}]},{"@type":"WebSite","@id":"https:\/\/balkangreenenergynews.com\/rs\/#website","url":"https:\/\/balkangreenenergynews.com\/rs\/","name":"Balkan Green Energy News","description":"Naj\u0161iri izbor vesti sa Balkana o zelenoj energiji","potentialAction":[{"@type":"SearchAction","target":{"@type":"EntryPoint","urlTemplate":"https:\/\/balkangreenenergynews.com\/rs\/?s={search_term_string}"},"query-input":{"@type":"PropertyValueSpecification","valueRequired":true,"valueName":"search_term_string"}}],"inLanguage":"sr-RS"},{"@type":"Person","@id":"https:\/\/balkangreenenergynews.com\/rs\/#\/schema\/person\/d8f80a244c4e9f2b55e4f6968c253246","name":"Igor Todorovi\u0107","url":"https:\/\/balkangreenenergynews.com\/rs\/author\/igor-todorovic\/"}]}},"_links":{"self":[{"href":"https:\/\/balkangreenenergynews.com\/rs\/wp-json\/wp\/v2\/posts\/32747","targetHints":{"allow":["GET"]}}],"collection":[{"href":"https:\/\/balkangreenenergynews.com\/rs\/wp-json\/wp\/v2\/posts"}],"about":[{"href":"https:\/\/balkangreenenergynews.com\/rs\/wp-json\/wp\/v2\/types\/post"}],"author":[{"embeddable":true,"href":"https:\/\/balkangreenenergynews.com\/rs\/wp-json\/wp\/v2\/users\/27"}],"replies":[{"embeddable":true,"href":"https:\/\/balkangreenenergynews.com\/rs\/wp-json\/wp\/v2\/comments?post=32747"}],"version-history":[{"count":0,"href":"https:\/\/balkangreenenergynews.com\/rs\/wp-json\/wp\/v2\/posts\/32747\/revisions"}],"wp:featuredmedia":[{"embeddable":true,"href":"https:\/\/balkangreenenergynews.com\/rs\/wp-json\/wp\/v2\/media\/32753"}],"wp:attachment":[{"href":"https:\/\/balkangreenenergynews.com\/rs\/wp-json\/wp\/v2\/media?parent=32747"}],"wp:term":[{"taxonomy":"category","embeddable":true,"href":"https:\/\/balkangreenenergynews.com\/rs\/wp-json\/wp\/v2\/categories?post=32747"},{"taxonomy":"post_tag","embeddable":true,"href":"https:\/\/balkangreenenergynews.com\/rs\/wp-json\/wp\/v2\/tags?post=32747"}],"curies":[{"name":"wp","href":"https:\/\/api.w.org\/{rel}","templated":true}]}}