{"id":32367,"date":"2020-07-20T19:22:41","date_gmt":"2020-07-20T17:22:41","guid":{"rendered":"https:\/\/balkangreenenergynews.com\/rs\/?p=32367"},"modified":"2020-07-20T19:22:41","modified_gmt":"2020-07-20T17:22:41","slug":"tetra-pak-u-gornjem-milanovcu-trosi-struju-iskljucivo-iz-obnovljivih-izvora","status":"publish","type":"post","link":"https:\/\/balkangreenenergynews.com\/rs\/tetra-pak-u-gornjem-milanovcu-trosi-struju-iskljucivo-iz-obnovljivih-izvora\/","title":{"rendered":"Tetra Pak u Gornjem Milanovcu tro\u0161i struju isklju\u010divo iz obnovljivih izvora"},"content":{"rendered":"<h2>Tetra Pak ima cilj da emisije svede na neutralan nivo, a fabrika u Gornjem Milanovcu je tome doprinela tako \u0161to kupuje struju samo iz obnovljivih izvora.<\/h2>\n<p>Tetra Pak je saop\u0161tio da je nabavio sertifikate za stoodstotnu potro\u0161nju struje iz obnovljivih izvora u svojoj fabrici u Gornjem Milanovcu. Poduhvat je izveden u skladu s opredeljenjem kompanije za ambala\u017eu da neto emisije gasova s efektom staklene ba\u0161te obori na nulu do 2030. u ukupnom poslovanju u svetu.<\/p>\n<p>Jedna od oblasti na koju se usredsredila je sni\u017eavanje nivoa emisija od energenata, tako \u0161to smanjuje potro\u0161nju energije, unapre\u0111uje energetsku efikasnost, instalira solarne \u2013 fotonaponske (PV) panele u fabrikama i kupuje elektri\u010dnu energiju iz obnovljivih izvora, navodi se u saop\u0161tenju. Tetra Pak je 2014. godine imao udeo potro\u0161nje struje iz obnovljivih izvora od 20 odsto, a 2019. je stigao do 69 procenata.<\/p>\n<h3><span style=\"\">U\u0161teda CO2 je 15.000 tona godi\u0161nje<\/span><\/h3>\n<p>Nabavka sertifikat\u00e2 za elektri\u010dnu energiju iz obnovljivih izvora za pogon u Srbiji donosi u\u0161tedu od 15 hiljada tona ugljen-dioksida, \u0161to je ekvivalentno emisijama iz 12.000 automobila, stoji u objavi.<\/p>\n<blockquote><p>Gligorijevi\u0107: Tetra Pak kupuje sertifikate za elektri\u010dnu energiju iz obnovljivih izvora u okviru inicijative za ulaganje u zelenu energiju i infrastrukturu i smanjivanje klimatskih promena na najni\u017ei nivo<\/p><\/blockquote>\n<p>&#8222;Dostizanje ambicioznog klimatskog cilja koji je kompanija postavila, da se neto emisije spuste na nulu, zahteva saradnju na svim nivoima Tetra Pakovog poslovanja. Veoma smo zadovoljni \u0161to mo\u017eemo da doprinesemo globalnom cilju putem najnovije investicije u elektri\u010dnu energiju iz obnovljivih izvora za svoju fabriku u Gornjem Milanovcu. Kupovina sertifikata za struju iz obnovljivih izvora potvr\u0111uje na\u0161u posve\u0107enost investiranju u preko potrebne projekte elektri\u010dne energije iz obnovljivih izvora i infrastrukture te minimiziranju klimatskih promena na lokalnom i globalnom nivou,&#8220; izjavio je direktor fabrike u Gornjem Milanovcu Jovan Gligorijevi\u0107.<\/p>\n<h3><span style=\"\">Strategija uklju\u010duje snabdeva\u010de<\/span><\/h3>\n<p>Tetra Pak je ponovio da mu je strategija da sprovede preobra\u017eaj ka odr\u017eivom poslovanju \u0161irom svojih ogranaka kao i u lancu stvaranja vrednosti. Kompanija je saop\u0161tila da se fokusira na sklapanje partnerstava sa snabdeva\u010dima i drugim zainteresovanim stranama niz lanac stvaranja vrednosti u cilju znatnog smanjenja ugljeni\u010dnog otiska, ubrzanja razvoja svoje niskougljeni\u010dne cirkularne ambala\u017ee i portfelja opreme i razvoja odr\u017eivih lanaca stvaranja vrednosti rekliciranjem i to kroz saradnju s klijentima.<\/p>\n<p>Proizvo\u0111a\u010d ambala\u017ee se ranije pridru\u017eio Evropskom savezu za zeleni oporavak, kojeg je Evropski parlament pokrenuo 14. aprila s namerom da izgradi bolju budu\u0107nost posle pandemije oboljenja COVID-19. Savez okuplja zainteresovane strane u podr\u0161ci za zeleni plan oporavka koji u centar evropske ekonomske politike u slede\u0107ih sedam godina stavlja borbu protiv klimatskih promena, za\u0161titu biodiverziteta i \u010dvrste lance snabdevanja hranom.<\/p>\n","protected":false},"excerpt":{"rendered":"<p>Tetra Pak ima cilj da emisije svede na neutralan nivo, a fabrika u Gornjem Milanovcu&#8230;<\/p>\n","protected":false},"author":27,"featured_media":32369,"comment_status":"open","ping_status":"closed","sticky":false,"template":"","format":"standard","meta":{"_acf_changed":false,"_monsterinsights_skip_tracking":false,"_monsterinsights_sitenote_active":false,"_monsterinsights_sitenote_note":"","_monsterinsights_sitenote_category":0,"footnotes":""},"categories":[1],"tags":[828,1689,647],"class_list":["post-32367","post","type-post","status-publish","format-standard","has-post-thumbnail","hentry","category-obnovljivi-izvori-energije","tag-ambalaza","tag-gasovi-sa-efektom-staklene-baste","tag-obnovljivi-izvori-energije","country-srbija"],"acf":[],"yoast_head":"<!-- This site is optimized with the Yoast SEO plugin v27.4 - https:\/\/yoast.com\/product\/yoast-seo-wordpress\/ -->\n<title>Tetra Pak u Gornjem Milanovcu tro\u0161i struju isklju\u010divo iz obnovljivih izvora<\/title>\n<meta name=\"description\" content=\"Tetra Pak ima cilj da obori emisije na efektnu nulu, a fabrika u Gornjem Milanovcu je tome doprinela tako \u0161to kupuje struju iz sto odsto obnovljivih izvora.\" \/>\n<meta name=\"robots\" content=\"index, follow, max-snippet:-1, max-image-preview:large, max-video-preview:-1\" \/>\n<link rel=\"canonical\" href=\"https:\/\/balkangreenenergynews.com\/rs\/tetra-pak-u-gornjem-milanovcu-trosi-struju-iskljucivo-iz-obnovljivih-izvora\/\" \/>\n<meta property=\"og:locale\" content=\"sr_RS\" \/>\n<meta property=\"og:type\" content=\"article\" \/>\n<meta property=\"og:title\" content=\"Tetra Pak u Gornjem Milanovcu tro\u0161i struju isklju\u010divo iz obnovljivih izvora\" \/>\n<meta property=\"og:description\" content=\"Tetra Pak ima cilj da obori emisije na efektnu nulu, a fabrika u Gornjem Milanovcu je tome doprinela tako \u0161to kupuje struju iz sto odsto obnovljivih izvora.\" \/>\n<meta property=\"og:url\" content=\"https:\/\/balkangreenenergynews.com\/rs\/tetra-pak-u-gornjem-milanovcu-trosi-struju-iskljucivo-iz-obnovljivih-izvora\/\" \/>\n<meta property=\"og:site_name\" content=\"Balkan Green Energy News\" \/>\n<meta property=\"article:published_time\" content=\"2020-07-20T17:22:41+00:00\" \/>\n<meta property=\"og:image\" content=\"https:\/\/balkangreenenergynews.com\/rs\/wp-content\/uploads\/2020\/07\/Tetra-Pak-u-Gornjem-Milanovcu-struju-obnovljivih-izvora.jpg\" \/>\n\t<meta property=\"og:image:width\" content=\"795\" \/>\n\t<meta property=\"og:image:height\" content=\"407\" \/>\n\t<meta property=\"og:image:type\" content=\"image\/jpeg\" \/>\n<meta name=\"author\" content=\"Igor Todorovi\u0107\" \/>\n<meta name=\"twitter:card\" content=\"summary_large_image\" \/>\n<meta name=\"twitter:label1\" content=\"\u041d\u0430\u043f\u0438\u0441\u0430\u043d\u043e \u043e\u0434\" \/>\n\t<meta name=\"twitter:data1\" content=\"Igor Todorovi\u0107\" \/>\n\t<meta name=\"twitter:label2\" content=\"\u041f\u0440\u043e\u0446\u0435\u045a\u0435\u043d\u043e \u0432\u0440\u0435\u043c\u0435 \u0447\u0438\u0442\u0430\u045a\u0430\" \/>\n\t<meta name=\"twitter:data2\" content=\"2 \u043c\u0438\u043d\u0443\u0442\u0430\" \/>\n<script type=\"application\/ld+json\" class=\"yoast-schema-graph\">{\"@context\":\"https:\\\/\\\/schema.org\",\"@graph\":[{\"@type\":\"Article\",\"@id\":\"https:\\\/\\\/balkangreenenergynews.com\\\/rs\\\/tetra-pak-u-gornjem-milanovcu-trosi-struju-iskljucivo-iz-obnovljivih-izvora\\\/#article\",\"isPartOf\":{\"@id\":\"https:\\\/\\\/balkangreenenergynews.com\\\/rs\\\/tetra-pak-u-gornjem-milanovcu-trosi-struju-iskljucivo-iz-obnovljivih-izvora\\\/\"},\"author\":{\"name\":\"Igor Todorovi\u0107\",\"@id\":\"https:\\\/\\\/balkangreenenergynews.com\\\/rs\\\/#\\\/schema\\\/person\\\/d8f80a244c4e9f2b55e4f6968c253246\"},\"headline\":\"Tetra Pak u Gornjem Milanovcu tro\u0161i struju isklju\u010divo iz obnovljivih izvora\",\"datePublished\":\"2020-07-20T17:22:41+00:00\",\"mainEntityOfPage\":{\"@id\":\"https:\\\/\\\/balkangreenenergynews.com\\\/rs\\\/tetra-pak-u-gornjem-milanovcu-trosi-struju-iskljucivo-iz-obnovljivih-izvora\\\/\"},\"wordCount\":461,\"commentCount\":0,\"image\":{\"@id\":\"https:\\\/\\\/balkangreenenergynews.com\\\/rs\\\/tetra-pak-u-gornjem-milanovcu-trosi-struju-iskljucivo-iz-obnovljivih-izvora\\\/#primaryimage\"},\"thumbnailUrl\":\"https:\\\/\\\/balkangreenenergynews.com\\\/rs\\\/wp-content\\\/uploads\\\/2020\\\/07\\\/Tetra-Pak-u-Gornjem-Milanovcu-struju-obnovljivih-izvora.jpg?wsr\",\"keywords\":[\"ambala\u017ea\",\"gasovi sa efektom staklene ba\u0161te\",\"obnovljivi izvori energije\"],\"articleSection\":[\"OIE\"],\"inLanguage\":\"sr-RS\",\"potentialAction\":[{\"@type\":\"CommentAction\",\"name\":\"Comment\",\"target\":[\"https:\\\/\\\/balkangreenenergynews.com\\\/rs\\\/tetra-pak-u-gornjem-milanovcu-trosi-struju-iskljucivo-iz-obnovljivih-izvora\\\/#respond\"]}]},{\"@type\":\"WebPage\",\"@id\":\"https:\\\/\\\/balkangreenenergynews.com\\\/rs\\\/tetra-pak-u-gornjem-milanovcu-trosi-struju-iskljucivo-iz-obnovljivih-izvora\\\/\",\"url\":\"https:\\\/\\\/balkangreenenergynews.com\\\/rs\\\/tetra-pak-u-gornjem-milanovcu-trosi-struju-iskljucivo-iz-obnovljivih-izvora\\\/\",\"name\":\"Tetra Pak u Gornjem Milanovcu tro\u0161i struju isklju\u010divo iz obnovljivih izvora\",\"isPartOf\":{\"@id\":\"https:\\\/\\\/balkangreenenergynews.com\\\/rs\\\/#website\"},\"primaryImageOfPage\":{\"@id\":\"https:\\\/\\\/balkangreenenergynews.com\\\/rs\\\/tetra-pak-u-gornjem-milanovcu-trosi-struju-iskljucivo-iz-obnovljivih-izvora\\\/#primaryimage\"},\"image\":{\"@id\":\"https:\\\/\\\/balkangreenenergynews.com\\\/rs\\\/tetra-pak-u-gornjem-milanovcu-trosi-struju-iskljucivo-iz-obnovljivih-izvora\\\/#primaryimage\"},\"thumbnailUrl\":\"https:\\\/\\\/balkangreenenergynews.com\\\/rs\\\/wp-content\\\/uploads\\\/2020\\\/07\\\/Tetra-Pak-u-Gornjem-Milanovcu-struju-obnovljivih-izvora.jpg?wsr\",\"datePublished\":\"2020-07-20T17:22:41+00:00\",\"author\":{\"@id\":\"https:\\\/\\\/balkangreenenergynews.com\\\/rs\\\/#\\\/schema\\\/person\\\/d8f80a244c4e9f2b55e4f6968c253246\"},\"description\":\"Tetra Pak ima cilj da obori emisije na efektnu nulu, a fabrika u Gornjem Milanovcu je tome doprinela tako \u0161to kupuje struju iz sto odsto obnovljivih izvora.\",\"breadcrumb\":{\"@id\":\"https:\\\/\\\/balkangreenenergynews.com\\\/rs\\\/tetra-pak-u-gornjem-milanovcu-trosi-struju-iskljucivo-iz-obnovljivih-izvora\\\/#breadcrumb\"},\"inLanguage\":\"sr-RS\",\"potentialAction\":[{\"@type\":\"ReadAction\",\"target\":[\"https:\\\/\\\/balkangreenenergynews.com\\\/rs\\\/tetra-pak-u-gornjem-milanovcu-trosi-struju-iskljucivo-iz-obnovljivih-izvora\\\/\"]}]},{\"@type\":\"ImageObject\",\"inLanguage\":\"sr-RS\",\"@id\":\"https:\\\/\\\/balkangreenenergynews.com\\\/rs\\\/tetra-pak-u-gornjem-milanovcu-trosi-struju-iskljucivo-iz-obnovljivih-izvora\\\/#primaryimage\",\"url\":\"https:\\\/\\\/balkangreenenergynews.com\\\/rs\\\/wp-content\\\/uploads\\\/2020\\\/07\\\/Tetra-Pak-u-Gornjem-Milanovcu-struju-obnovljivih-izvora.jpg?wsr\",\"contentUrl\":\"https:\\\/\\\/balkangreenenergynews.com\\\/rs\\\/wp-content\\\/uploads\\\/2020\\\/07\\\/Tetra-Pak-u-Gornjem-Milanovcu-struju-obnovljivih-izvora.jpg?wsr\",\"width\":795,\"height\":407,\"caption\":\"Tetra Pak u Gornjem Milanovcu struju obnovljivih izvora\"},{\"@type\":\"BreadcrumbList\",\"@id\":\"https:\\\/\\\/balkangreenenergynews.com\\\/rs\\\/tetra-pak-u-gornjem-milanovcu-trosi-struju-iskljucivo-iz-obnovljivih-izvora\\\/#breadcrumb\",\"itemListElement\":[{\"@type\":\"ListItem\",\"position\":1,\"name\":\"Po\u010detna\",\"item\":\"https:\\\/\\\/balkangreenenergynews.com\\\/rs\\\/\"},{\"@type\":\"ListItem\",\"position\":2,\"name\":\"Vesti\",\"item\":\"https:\\\/\\\/balkangreenenergynews.com\\\/rs\\\/kategorija\\\/vesti\\\/\"},{\"@type\":\"ListItem\",\"position\":3,\"name\":\"OIE\",\"item\":\"https:\\\/\\\/balkangreenenergynews.com\\\/rs\\\/kategorija\\\/vesti\\\/obnovljivi-izvori-energije\\\/\"},{\"@type\":\"ListItem\",\"position\":4,\"name\":\"Tetra Pak u Gornjem Milanovcu tro\u0161i struju isklju\u010divo iz obnovljivih izvora\"}]},{\"@type\":\"WebSite\",\"@id\":\"https:\\\/\\\/balkangreenenergynews.com\\\/rs\\\/#website\",\"url\":\"https:\\\/\\\/balkangreenenergynews.com\\\/rs\\\/\",\"name\":\"Balkan Green Energy News\",\"description\":\"Naj\u0161iri izbor vesti sa Balkana o zelenoj energiji\",\"potentialAction\":[{\"@type\":\"SearchAction\",\"target\":{\"@type\":\"EntryPoint\",\"urlTemplate\":\"https:\\\/\\\/balkangreenenergynews.com\\\/rs\\\/?s={search_term_string}\"},\"query-input\":{\"@type\":\"PropertyValueSpecification\",\"valueRequired\":true,\"valueName\":\"search_term_string\"}}],\"inLanguage\":\"sr-RS\"},{\"@type\":\"Person\",\"@id\":\"https:\\\/\\\/balkangreenenergynews.com\\\/rs\\\/#\\\/schema\\\/person\\\/d8f80a244c4e9f2b55e4f6968c253246\",\"name\":\"Igor Todorovi\u0107\",\"url\":\"https:\\\/\\\/balkangreenenergynews.com\\\/rs\\\/author\\\/igor-todorovic\\\/\"}]}<\/script>\n<!-- \/ Yoast SEO plugin. -->","yoast_head_json":{"title":"Tetra Pak u Gornjem Milanovcu tro\u0161i struju isklju\u010divo iz obnovljivih izvora","description":"Tetra Pak ima cilj da obori emisije na efektnu nulu, a fabrika u Gornjem Milanovcu je tome doprinela tako \u0161to kupuje struju iz sto odsto obnovljivih izvora.","robots":{"index":"index","follow":"follow","max-snippet":"max-snippet:-1","max-image-preview":"max-image-preview:large","max-video-preview":"max-video-preview:-1"},"canonical":"https:\/\/balkangreenenergynews.com\/rs\/tetra-pak-u-gornjem-milanovcu-trosi-struju-iskljucivo-iz-obnovljivih-izvora\/","og_locale":"sr_RS","og_type":"article","og_title":"Tetra Pak u Gornjem Milanovcu tro\u0161i struju isklju\u010divo iz obnovljivih izvora","og_description":"Tetra Pak ima cilj da obori emisije na efektnu nulu, a fabrika u Gornjem Milanovcu je tome doprinela tako \u0161to kupuje struju iz sto odsto obnovljivih izvora.","og_url":"https:\/\/balkangreenenergynews.com\/rs\/tetra-pak-u-gornjem-milanovcu-trosi-struju-iskljucivo-iz-obnovljivih-izvora\/","og_site_name":"Balkan Green Energy News","article_published_time":"2020-07-20T17:22:41+00:00","og_image":[{"width":795,"height":407,"url":"https:\/\/balkangreenenergynews.com\/rs\/wp-content\/uploads\/2020\/07\/Tetra-Pak-u-Gornjem-Milanovcu-struju-obnovljivih-izvora.jpg","type":"image\/jpeg"}],"author":"Igor Todorovi\u0107","twitter_card":"summary_large_image","twitter_misc":{"\u041d\u0430\u043f\u0438\u0441\u0430\u043d\u043e \u043e\u0434":"Igor Todorovi\u0107","\u041f\u0440\u043e\u0446\u0435\u045a\u0435\u043d\u043e \u0432\u0440\u0435\u043c\u0435 \u0447\u0438\u0442\u0430\u045a\u0430":"2 \u043c\u0438\u043d\u0443\u0442\u0430"},"schema":{"@context":"https:\/\/schema.org","@graph":[{"@type":"Article","@id":"https:\/\/balkangreenenergynews.com\/rs\/tetra-pak-u-gornjem-milanovcu-trosi-struju-iskljucivo-iz-obnovljivih-izvora\/#article","isPartOf":{"@id":"https:\/\/balkangreenenergynews.com\/rs\/tetra-pak-u-gornjem-milanovcu-trosi-struju-iskljucivo-iz-obnovljivih-izvora\/"},"author":{"name":"Igor Todorovi\u0107","@id":"https:\/\/balkangreenenergynews.com\/rs\/#\/schema\/person\/d8f80a244c4e9f2b55e4f6968c253246"},"headline":"Tetra Pak u Gornjem Milanovcu tro\u0161i struju isklju\u010divo iz obnovljivih izvora","datePublished":"2020-07-20T17:22:41+00:00","mainEntityOfPage":{"@id":"https:\/\/balkangreenenergynews.com\/rs\/tetra-pak-u-gornjem-milanovcu-trosi-struju-iskljucivo-iz-obnovljivih-izvora\/"},"wordCount":461,"commentCount":0,"image":{"@id":"https:\/\/balkangreenenergynews.com\/rs\/tetra-pak-u-gornjem-milanovcu-trosi-struju-iskljucivo-iz-obnovljivih-izvora\/#primaryimage"},"thumbnailUrl":"https:\/\/balkangreenenergynews.com\/rs\/wp-content\/uploads\/2020\/07\/Tetra-Pak-u-Gornjem-Milanovcu-struju-obnovljivih-izvora.jpg?wsr","keywords":["ambala\u017ea","gasovi sa efektom staklene ba\u0161te","obnovljivi izvori energije"],"articleSection":["OIE"],"inLanguage":"sr-RS","potentialAction":[{"@type":"CommentAction","name":"Comment","target":["https:\/\/balkangreenenergynews.com\/rs\/tetra-pak-u-gornjem-milanovcu-trosi-struju-iskljucivo-iz-obnovljivih-izvora\/#respond"]}]},{"@type":"WebPage","@id":"https:\/\/balkangreenenergynews.com\/rs\/tetra-pak-u-gornjem-milanovcu-trosi-struju-iskljucivo-iz-obnovljivih-izvora\/","url":"https:\/\/balkangreenenergynews.com\/rs\/tetra-pak-u-gornjem-milanovcu-trosi-struju-iskljucivo-iz-obnovljivih-izvora\/","name":"Tetra Pak u Gornjem Milanovcu tro\u0161i struju isklju\u010divo iz obnovljivih izvora","isPartOf":{"@id":"https:\/\/balkangreenenergynews.com\/rs\/#website"},"primaryImageOfPage":{"@id":"https:\/\/balkangreenenergynews.com\/rs\/tetra-pak-u-gornjem-milanovcu-trosi-struju-iskljucivo-iz-obnovljivih-izvora\/#primaryimage"},"image":{"@id":"https:\/\/balkangreenenergynews.com\/rs\/tetra-pak-u-gornjem-milanovcu-trosi-struju-iskljucivo-iz-obnovljivih-izvora\/#primaryimage"},"thumbnailUrl":"https:\/\/balkangreenenergynews.com\/rs\/wp-content\/uploads\/2020\/07\/Tetra-Pak-u-Gornjem-Milanovcu-struju-obnovljivih-izvora.jpg?wsr","datePublished":"2020-07-20T17:22:41+00:00","author":{"@id":"https:\/\/balkangreenenergynews.com\/rs\/#\/schema\/person\/d8f80a244c4e9f2b55e4f6968c253246"},"description":"Tetra Pak ima cilj da obori emisije na efektnu nulu, a fabrika u Gornjem Milanovcu je tome doprinela tako \u0161to kupuje struju iz sto odsto obnovljivih izvora.","breadcrumb":{"@id":"https:\/\/balkangreenenergynews.com\/rs\/tetra-pak-u-gornjem-milanovcu-trosi-struju-iskljucivo-iz-obnovljivih-izvora\/#breadcrumb"},"inLanguage":"sr-RS","potentialAction":[{"@type":"ReadAction","target":["https:\/\/balkangreenenergynews.com\/rs\/tetra-pak-u-gornjem-milanovcu-trosi-struju-iskljucivo-iz-obnovljivih-izvora\/"]}]},{"@type":"ImageObject","inLanguage":"sr-RS","@id":"https:\/\/balkangreenenergynews.com\/rs\/tetra-pak-u-gornjem-milanovcu-trosi-struju-iskljucivo-iz-obnovljivih-izvora\/#primaryimage","url":"https:\/\/balkangreenenergynews.com\/rs\/wp-content\/uploads\/2020\/07\/Tetra-Pak-u-Gornjem-Milanovcu-struju-obnovljivih-izvora.jpg?wsr","contentUrl":"https:\/\/balkangreenenergynews.com\/rs\/wp-content\/uploads\/2020\/07\/Tetra-Pak-u-Gornjem-Milanovcu-struju-obnovljivih-izvora.jpg?wsr","width":795,"height":407,"caption":"Tetra Pak u Gornjem Milanovcu struju obnovljivih izvora"},{"@type":"BreadcrumbList","@id":"https:\/\/balkangreenenergynews.com\/rs\/tetra-pak-u-gornjem-milanovcu-trosi-struju-iskljucivo-iz-obnovljivih-izvora\/#breadcrumb","itemListElement":[{"@type":"ListItem","position":1,"name":"Po\u010detna","item":"https:\/\/balkangreenenergynews.com\/rs\/"},{"@type":"ListItem","position":2,"name":"Vesti","item":"https:\/\/balkangreenenergynews.com\/rs\/kategorija\/vesti\/"},{"@type":"ListItem","position":3,"name":"OIE","item":"https:\/\/balkangreenenergynews.com\/rs\/kategorija\/vesti\/obnovljivi-izvori-energije\/"},{"@type":"ListItem","position":4,"name":"Tetra Pak u Gornjem Milanovcu tro\u0161i struju isklju\u010divo iz obnovljivih izvora"}]},{"@type":"WebSite","@id":"https:\/\/balkangreenenergynews.com\/rs\/#website","url":"https:\/\/balkangreenenergynews.com\/rs\/","name":"Balkan Green Energy News","description":"Naj\u0161iri izbor vesti sa Balkana o zelenoj energiji","potentialAction":[{"@type":"SearchAction","target":{"@type":"EntryPoint","urlTemplate":"https:\/\/balkangreenenergynews.com\/rs\/?s={search_term_string}"},"query-input":{"@type":"PropertyValueSpecification","valueRequired":true,"valueName":"search_term_string"}}],"inLanguage":"sr-RS"},{"@type":"Person","@id":"https:\/\/balkangreenenergynews.com\/rs\/#\/schema\/person\/d8f80a244c4e9f2b55e4f6968c253246","name":"Igor Todorovi\u0107","url":"https:\/\/balkangreenenergynews.com\/rs\/author\/igor-todorovic\/"}]}},"_links":{"self":[{"href":"https:\/\/balkangreenenergynews.com\/rs\/wp-json\/wp\/v2\/posts\/32367","targetHints":{"allow":["GET"]}}],"collection":[{"href":"https:\/\/balkangreenenergynews.com\/rs\/wp-json\/wp\/v2\/posts"}],"about":[{"href":"https:\/\/balkangreenenergynews.com\/rs\/wp-json\/wp\/v2\/types\/post"}],"author":[{"embeddable":true,"href":"https:\/\/balkangreenenergynews.com\/rs\/wp-json\/wp\/v2\/users\/27"}],"replies":[{"embeddable":true,"href":"https:\/\/balkangreenenergynews.com\/rs\/wp-json\/wp\/v2\/comments?post=32367"}],"version-history":[{"count":0,"href":"https:\/\/balkangreenenergynews.com\/rs\/wp-json\/wp\/v2\/posts\/32367\/revisions"}],"wp:featuredmedia":[{"embeddable":true,"href":"https:\/\/balkangreenenergynews.com\/rs\/wp-json\/wp\/v2\/media\/32369"}],"wp:attachment":[{"href":"https:\/\/balkangreenenergynews.com\/rs\/wp-json\/wp\/v2\/media?parent=32367"}],"wp:term":[{"taxonomy":"category","embeddable":true,"href":"https:\/\/balkangreenenergynews.com\/rs\/wp-json\/wp\/v2\/categories?post=32367"},{"taxonomy":"post_tag","embeddable":true,"href":"https:\/\/balkangreenenergynews.com\/rs\/wp-json\/wp\/v2\/tags?post=32367"}],"curies":[{"name":"wp","href":"https:\/\/api.w.org\/{rel}","templated":true}]}}