{"id":31850,"date":"2020-07-02T18:30:10","date_gmt":"2020-07-02T16:30:10","guid":{"rendered":"https:\/\/balkangreenenergynews.com\/rs\/?p=31850"},"modified":"2020-07-30T08:35:42","modified_gmt":"2020-07-30T06:35:42","slug":"jul-je-mesec-bez-plastike-napravimo-male-promene-smanjimo-plasticni-otpad","status":"publish","type":"post","link":"https:\/\/balkangreenenergynews.com\/rs\/jul-je-mesec-bez-plastike-napravimo-male-promene-smanjimo-plasticni-otpad\/","title":{"rendered":"Jul je mesec bez plastike \u2013 napravimo male promene, smanjimo plasti\u010dni otpad"},"content":{"rendered":"<h2>Svet 3. jula obele\u017eava Dan bez plasti\u010dnih kesa, a \u010ditav mesec bi\u0107e u znaku kampanje protiv kori\u0161\u0107enja jednokratne plastike koja ima za cilj da nas nau\u010di kako da napravimo male promene i doprinesemo globalnim naporima. &#8222;Jul bez plastike&#8220; nas u\u010di kako da kao pojedinci doprinesemo smanjenju koli\u010dine plasti\u010dnog otpada i \u0161alje poruku da zastoj u napretku tokom pandemije ne treba da nas obeshrabri.<\/h2>\n<p>Sva plasti\u010dna ambala\u017ea plasirana na tr\u017ei\u0161te Evropske unije mora da do 2030. postane vi\u0161ekratna ili laka za recikla\u017eu, stoji u Evropskoj strategiji za plastiku u cirkularnoj ekonomiji. Pandemija oboljenja COVID-19 je <a href=\"https:\/\/balkangreenenergynews.com\/rs\/drzave-u-sad-zbog-korona-virusa-opet-dozvoljavaju-jednokratne-plasticne-kese\/\">poni\u0161tila<\/a> deo <a href=\"https:\/\/balkangreenenergynews.com\/rs\/kina-u-kampanji-protiv-jednokratne-plastike-i-kesa-uz-postepenu-zabranu\/\">napretka<\/a> u <a href=\"https:\/\/balkangreenenergynews.com\/rs\/zabranjena-upotreba-jednokratne-ambalaze-i-plastike-u-drzavnim-institucijama-severne-makedonije\/\">smanjenju otpada<\/a> usled strahovanja da virus mo\u017ee da se odr\u017ei na povr\u0161inama materijala. Dok obele\u017eavamo Jul bez plastike i, 3. jul, Dan bez plasti\u010dnih kesa, mo\u017eemo da razmotrimo kako da se vratimo na pravi put.<\/p>\n<p>Koli\u010dina <a href=\"https:\/\/balkangreenenergynews.com\/rs\/korona-virus-gurnuo-medicinski-i-infektivni-otpad-medu-bezbednosne-prioritete\/\">medicinskog i opasnog otpada<\/a> je sko\u010dila zajedno sa sinteti\u010dkim vla\u017enim maramicama i pakovanjima za te\u010dni sapun i sredstvo za dezinfekciju ruku.<\/p>\n<p><iframe loading=\"lazy\" title=\"Choose your Plastic Free July\" width=\"500\" height=\"281\" src=\"https:\/\/www.youtube.com\/embed\/UnXVU-06ciI?feature=oembed\" frameborder=\"0\" allow=\"accelerometer; autoplay; clipboard-write; encrypted-media; gyroscope; picture-in-picture; web-share\" referrerpolicy=\"strict-origin-when-cross-origin\" allowfullscreen><\/iframe><\/p>\n<p>Vlasti i proizvo\u0111a\u010di te opreme i proizvoda za higijenu svakako treba da rade na re\u0161enjima za ubla\u017eavanje \u0161tete. Ali to tako\u0111e zna\u010di da smanjivanje kori\u0161\u0107enja obi\u010dne plastike za jednokratnu upotrebu i ambala\u017ee mora da postane zna\u010dajnije.<\/p>\n<h3><span style=\"\">Lobiranje uz la\u017ene tvrdnje<\/span><\/h3>\n<p>Zabrinutost za higijenu koja je <a href=\"https:\/\/balkangreenenergynews.com\/rs\/cirkularna-ekonomija-postaje-osnovni-postulat-za-ceo-svet\/\">dovela do retrogradnog efekta<\/a> verovatno je bila preterana jer, koliko znamo, virus korona se uglavnom prenosi direktno sa osobe na osobu.\u00a0Udru\u017eenje prera\u0111iva\u010da plastike <a href=\"https:\/\/balkangreenenergynews.com\/rs\/5-primera-kako-lobisti-koriste-korona-virus-da-oslabe-propise-za-zivotnu-sredinu-eu\/\">EuPC<\/a> uputilo je zahtev Evropskoj komisiji da odlo\u017ei neke od definisanih rokova, uz tvrdnju da plastika nema mnogo alternative kada je re\u010d o zdravlju.<\/p>\n<p><img loading=\"lazy\" decoding=\"async\" class=\"aligncenter wp-image-31857 size-full\" src=\"https:\/\/balkangreenenergynews.com\/rs\/wp-content\/uploads\/2020\/07\/Jul-je-mesec-bez-plastike-\u2013-umesto-jednokratne-ambalaze.jpg\" alt=\"Jul je mesec bez plastike \u2013 umesto jednokratne ambalaze\" width=\"795\" height=\"407\" srcset=\"https:\/\/balkangreenenergynews.com\/rs\/wp-content\/uploads\/2020\/07\/Jul-je-mesec-bez-plastike-\u2013-umesto-jednokratne-ambalaze.jpg 795w, https:\/\/balkangreenenergynews.com\/rs\/wp-content\/uploads\/2020\/07\/Jul-je-mesec-bez-plastike-\u2013-umesto-jednokratne-ambalaze-500x256.jpg 500w, https:\/\/balkangreenenergynews.com\/rs\/wp-content\/uploads\/2020\/07\/Jul-je-mesec-bez-plastike-\u2013-umesto-jednokratne-ambalaze-768x393.jpg 768w, https:\/\/balkangreenenergynews.com\/rs\/wp-content\/uploads\/2020\/07\/Jul-je-mesec-bez-plastike-\u2013-umesto-jednokratne-ambalaze-300x154.jpg 300w\" sizes=\"auto, (max-width: 795px) 100vw, 795px\" \/><\/p>\n<p>Frans Timmermans, izvr\u0161ni potpredsednik komisije zadu\u017een za Evropski zeleni plan i evropski komesar za klimatsku akciju, uzvratio je paljbu opaskom da EuPC \u017eeli da &#8222;poni\u0161ti ono \u0161to u svakom slu\u010daju mora da se uradi&#8220; i da &#8222;ne postoji veza&#8220; izme\u0111u li\u010dne za\u0161titne opreme i proizvoda za jednokratnu upotrebu koje ovaj blok dr\u017eava \u017eeli da zabrani.<\/p>\n<h3><span style=\"\">Prodavnice bez ambala\u017ee<\/span><\/h3>\n<p>Za\u0161titnici i za\u0161titnice prirode napominju da potro\u0161a\u010di treba da u\u010destvuju u inicijativi tako \u0161to \u0107e izabirati proizvode bez plastike, ambala\u017eu koja vi\u0161e puta mo\u017ee da se koristi kao i torbe za kupovinu koje su od tkanine. Slamke i jednokratne \u010da\u0161e u kafi\u0107ima lako mogu da se zamene trajnim priborom, na primer.<\/p>\n<blockquote><p>Slamke i jednokratne \u010da\u0161e u kafi\u0107ima lako mogu da se zamene trajnim priborom<\/p><\/blockquote>\n<p>Zero Waste Europe, R\u00e9seau Vrac i Eunomia upravo su objavili <a href=\"https:\/\/zerowasteeurope.eu\/2020\/06\/press-release-the-packaging-free-shops-market-is-on-the-rise-now-its-time-for-policy-measures-to-support-it\/\">studiju o radnjama bez ambala\u017ee<\/a> u Evropi \u2013 one prodaju robu iz rinfuza i pakuje se u malo ili nimalo plastike ili drugog materijala. Kupce podsti\u010du da donose sopstvene spremnike, a najbolje trajne.<\/p>\n<h3><span style=\"\">Prodaja na rinfuz na Balkanu i u Evropi<\/span><\/h3>\n<p>U zemljama koje Balkan Green Energy News prati, du\u0107ani bez ambala\u017ee ve\u0107 postaju uobi\u010dajeni u Sloveniji i Bugarskoj. U te dve zemlje u okviru mre\u017ee Zero Waste Europe deluju Udru\u017eenje Ekolozi bez granica <em>(Dru\u0161tvo Ekologi brez meja)\u00a0<\/em>odnosno <em>Za Zemiata<\/em>.<\/p>\n<p><span style=\"text-decoration: underline;\"><img loading=\"lazy\" decoding=\"async\" class=\"aligncenter wp-image-31860 size-full\" src=\"https:\/\/balkangreenenergynews.com\/rs\/wp-content\/uploads\/2020\/07\/Jul-je-mesec-bez-plastike-jednokratne-ambalaze.jpg\" alt=\"Jul je mesec bez plastike jednokratne ambalaze\" width=\"795\" height=\"407\" srcset=\"https:\/\/balkangreenenergynews.com\/rs\/wp-content\/uploads\/2020\/07\/Jul-je-mesec-bez-plastike-jednokratne-ambalaze.jpg 795w, https:\/\/balkangreenenergynews.com\/rs\/wp-content\/uploads\/2020\/07\/Jul-je-mesec-bez-plastike-jednokratne-ambalaze-500x256.jpg 500w, https:\/\/balkangreenenergynews.com\/rs\/wp-content\/uploads\/2020\/07\/Jul-je-mesec-bez-plastike-jednokratne-ambalaze-768x393.jpg 768w, https:\/\/balkangreenenergynews.com\/rs\/wp-content\/uploads\/2020\/07\/Jul-je-mesec-bez-plastike-jednokratne-ambalaze-300x154.jpg 300w\" sizes=\"auto, (max-width: 795px) 100vw, 795px\" \/><\/span><\/p>\n<p>Dokument otkriva da se u Evropi svakog meseca otvori skoro pet radnji iz te kategorije i da bi u njima kraju 2023. tamo ve\u0107 moglo da radi deset hiljada ljudi. Svaka navodno smanjuje koli\u010dinu otpada za jednu tonu godi\u0161nje, \u0161to u projekciji za 2023. iznosi 5.500 tona.<\/p>\n<p>Prodavnice bez ambala\u017ee uglavnom nude hranu i pi\u0107a, kozmetiku, proizvode za \u010di\u0161\u0107enje i modne detalje i predmete koji su proizvedeni bez pravljenja otpada. Namirnice mogu da se dr\u017ee u teglama, bocama i posudama od \u010dvrste plastike.<\/p>\n<h3><span style=\"\">Preporuke za EU bez plastike<\/span><\/h3>\n<p>Autori studije po\u017euruju EU da podr\u017ei prodaju proizvoda bez ambala\u017ee i za vi\u0161ekratnu upotrebu te sisteme za prevazila\u017eenje prepreka pri ulasku na tr\u017ei\u0161te. Preporu\u010dili su uvo\u0111enje univerzalnih formata pakovanja i kori\u0161\u0107enje manje slojeva, materijala i polimera.<\/p>\n<p><img loading=\"lazy\" decoding=\"async\" class=\"aligncenter wp-image-31862 size-full\" src=\"https:\/\/balkangreenenergynews.com\/rs\/wp-content\/uploads\/2020\/07\/Jul-je-mesec-bez-plastike.jpg\" alt=\"Jul je mesec bez plastike\" width=\"795\" height=\"407\" srcset=\"https:\/\/balkangreenenergynews.com\/rs\/wp-content\/uploads\/2020\/07\/Jul-je-mesec-bez-plastike.jpg 795w, https:\/\/balkangreenenergynews.com\/rs\/wp-content\/uploads\/2020\/07\/Jul-je-mesec-bez-plastike-500x256.jpg 500w, https:\/\/balkangreenenergynews.com\/rs\/wp-content\/uploads\/2020\/07\/Jul-je-mesec-bez-plastike-768x393.jpg 768w, https:\/\/balkangreenenergynews.com\/rs\/wp-content\/uploads\/2020\/07\/Jul-je-mesec-bez-plastike-300x154.jpg 300w\" sizes=\"auto, (max-width: 795px) 100vw, 795px\" \/><\/p>\n<p>Evropska komisija bi trebalo da radi na uspostavljanju posebnog fonda, iz kojeg bi se u subvencije za prevenciju stvaranja i ponovnu upotrebu otpada ulagalo barem pet procenata nadoknade koju potro\u0161a\u010di pla\u0107aju na ime pro\u0161irene odgovornosti (koncepcija je poznata po akronimu EPR), dodaje se u studiji. U njoj je tako\u0111e nagla\u0161ena uloga <a href=\"https:\/\/balkangreenenergynews.com\/rs\/kauciranje-jaca-reciklazu-i-zatvara-petlju-pet-plastike\/\">sistema za depozite i povra\u0107aj.<\/a><\/p>\n<h3><span style=\"\">Plasti\u010dne kese uni\u0161tavaju \u017eivotnu sredinu<\/span><\/h3>\n<p>\u010cini se da je izbijanje pandemije ograni\u010dilo rezultate borbe protiv tankih jednokratnih plasti\u010dnih kesa. U zavisnosti od materijala, plasti\u010dnim kesama treba do petsto godina da se raspadnu, a obi\u010dno ih koristimo i po samo petnaest minuta po komadu.<\/p>\n<blockquote><p>Plasti\u010dnoj kesi treba do petsto godina da se raspadne<\/p><\/blockquote>\n<p>Kao i druga plastika, zavr\u0161avaju u moru i vodotokovima, \u0161kode \u017eivim bi\u0107ima i ulaze u lanac ishrane.<\/p>\n","protected":false},"excerpt":{"rendered":"<p>Svet 3. jula obele\u017eava Dan bez plasti\u010dnih kesa, a \u010ditav mesec bi\u0107e u znaku kampanje&#8230;<\/p>\n","protected":false},"author":27,"featured_media":31851,"comment_status":"open","ping_status":"closed","sticky":false,"template":"","format":"standard","meta":{"_acf_changed":false,"_monsterinsights_skip_tracking":false,"_monsterinsights_sitenote_active":false,"_monsterinsights_sitenote_note":"","_monsterinsights_sitenote_category":0,"footnotes":""},"categories":[5,4],"tags":[5487,5480,679,3390,1517,4277],"class_list":["post-31850","post","type-post","status-publish","format-standard","has-post-thumbnail","hentry","category-otpad","category-zivotna-sredina","tag-covid-19","tag-korona-virus","tag-otpad","tag-plasticne-kese","tag-plasticni-otpad","tag-plastika-za-jednokratnu-upotrebu","country-svet"],"acf":[],"yoast_head":"<!-- This site is optimized with the Yoast SEO plugin v27.4 - https:\/\/yoast.com\/product\/yoast-seo-wordpress\/ -->\n<title>Jul je mesec bez plastike \u2013 napravimo male promene. smanjimo plasti\u010dni otpad<\/title>\n<meta name=\"description\" content=\"Svet 3. jula obele\u017eava Dan bez plasti\u010dnih kesa uporedo sa mesecom Julom bez plastike. Svako mo\u017ee da doprinese smanjenju koli\u010dine plasti\u010dnog otpada.\" \/>\n<meta name=\"robots\" content=\"index, follow, max-snippet:-1, max-image-preview:large, max-video-preview:-1\" \/>\n<link rel=\"canonical\" href=\"https:\/\/balkangreenenergynews.com\/rs\/jul-je-mesec-bez-plastike-napravimo-male-promene-smanjimo-plasticni-otpad\/\" \/>\n<meta property=\"og:locale\" content=\"sr_RS\" \/>\n<meta property=\"og:type\" content=\"article\" \/>\n<meta property=\"og:title\" content=\"Jul je mesec bez plastike \u2013 napravimo male promene. smanjimo plasti\u010dni otpad\" \/>\n<meta property=\"og:description\" content=\"Svet 3. jula obele\u017eava Dan bez plasti\u010dnih kesa uporedo sa mesecom Julom bez plastike. Svako mo\u017ee da doprinese smanjenju koli\u010dine plasti\u010dnog otpada.\" \/>\n<meta property=\"og:url\" content=\"https:\/\/balkangreenenergynews.com\/rs\/jul-je-mesec-bez-plastike-napravimo-male-promene-smanjimo-plasticni-otpad\/\" \/>\n<meta property=\"og:site_name\" content=\"Balkan Green Energy News\" \/>\n<meta property=\"article:published_time\" content=\"2020-07-02T16:30:10+00:00\" \/>\n<meta property=\"article:modified_time\" content=\"2020-07-30T06:35:42+00:00\" \/>\n<meta property=\"og:image\" content=\"https:\/\/balkangreenenergynews.com\/rs\/wp-content\/uploads\/2020\/07\/Jul-je-mesec-bez-plastike-\u2013-resenja-umesto-jednokratne-ambalaze.jpg\" \/>\n\t<meta property=\"og:image:width\" content=\"795\" \/>\n\t<meta property=\"og:image:height\" content=\"407\" \/>\n\t<meta property=\"og:image:type\" content=\"image\/jpeg\" \/>\n<meta name=\"author\" content=\"Igor Todorovi\u0107\" \/>\n<meta name=\"twitter:card\" content=\"summary_large_image\" \/>\n<meta name=\"twitter:label1\" content=\"\u041d\u0430\u043f\u0438\u0441\u0430\u043d\u043e \u043e\u0434\" \/>\n\t<meta name=\"twitter:data1\" content=\"Igor Todorovi\u0107\" \/>\n\t<meta name=\"twitter:label2\" content=\"\u041f\u0440\u043e\u0446\u0435\u045a\u0435\u043d\u043e \u0432\u0440\u0435\u043c\u0435 \u0447\u0438\u0442\u0430\u045a\u0430\" \/>\n\t<meta name=\"twitter:data2\" content=\"4 \u043c\u0438\u043d\u0443\u0442\u0430\" \/>\n<script type=\"application\/ld+json\" class=\"yoast-schema-graph\">{\"@context\":\"https:\\\/\\\/schema.org\",\"@graph\":[{\"@type\":\"Article\",\"@id\":\"https:\\\/\\\/balkangreenenergynews.com\\\/rs\\\/jul-je-mesec-bez-plastike-napravimo-male-promene-smanjimo-plasticni-otpad\\\/#article\",\"isPartOf\":{\"@id\":\"https:\\\/\\\/balkangreenenergynews.com\\\/rs\\\/jul-je-mesec-bez-plastike-napravimo-male-promene-smanjimo-plasticni-otpad\\\/\"},\"author\":{\"name\":\"Igor Todorovi\u0107\",\"@id\":\"https:\\\/\\\/balkangreenenergynews.com\\\/rs\\\/#\\\/schema\\\/person\\\/d8f80a244c4e9f2b55e4f6968c253246\"},\"headline\":\"Jul je mesec bez plastike \u2013 napravimo male promene, smanjimo plasti\u010dni otpad\",\"datePublished\":\"2020-07-02T16:30:10+00:00\",\"dateModified\":\"2020-07-30T06:35:42+00:00\",\"mainEntityOfPage\":{\"@id\":\"https:\\\/\\\/balkangreenenergynews.com\\\/rs\\\/jul-je-mesec-bez-plastike-napravimo-male-promene-smanjimo-plasticni-otpad\\\/\"},\"wordCount\":823,\"commentCount\":0,\"image\":{\"@id\":\"https:\\\/\\\/balkangreenenergynews.com\\\/rs\\\/jul-je-mesec-bez-plastike-napravimo-male-promene-smanjimo-plasticni-otpad\\\/#primaryimage\"},\"thumbnailUrl\":\"https:\\\/\\\/balkangreenenergynews.com\\\/rs\\\/wp-content\\\/uploads\\\/2020\\\/07\\\/Jul-je-mesec-bez-plastike-\u2013-resenja-umesto-jednokratne-ambalaze.jpg?wsr\",\"keywords\":[\"COVID-19\",\"korona virus\",\"otpad\",\"plasti\u010dne kese\",\"plasti\u010dni otpad\",\"plastika za jednokratnu upotrebu\"],\"articleSection\":[\"Otpad\",\"\u017divotna sredina\"],\"inLanguage\":\"sr-RS\",\"potentialAction\":[{\"@type\":\"CommentAction\",\"name\":\"Comment\",\"target\":[\"https:\\\/\\\/balkangreenenergynews.com\\\/rs\\\/jul-je-mesec-bez-plastike-napravimo-male-promene-smanjimo-plasticni-otpad\\\/#respond\"]}]},{\"@type\":\"WebPage\",\"@id\":\"https:\\\/\\\/balkangreenenergynews.com\\\/rs\\\/jul-je-mesec-bez-plastike-napravimo-male-promene-smanjimo-plasticni-otpad\\\/\",\"url\":\"https:\\\/\\\/balkangreenenergynews.com\\\/rs\\\/jul-je-mesec-bez-plastike-napravimo-male-promene-smanjimo-plasticni-otpad\\\/\",\"name\":\"Jul je mesec bez plastike \u2013 napravimo male promene. smanjimo plasti\u010dni otpad\",\"isPartOf\":{\"@id\":\"https:\\\/\\\/balkangreenenergynews.com\\\/rs\\\/#website\"},\"primaryImageOfPage\":{\"@id\":\"https:\\\/\\\/balkangreenenergynews.com\\\/rs\\\/jul-je-mesec-bez-plastike-napravimo-male-promene-smanjimo-plasticni-otpad\\\/#primaryimage\"},\"image\":{\"@id\":\"https:\\\/\\\/balkangreenenergynews.com\\\/rs\\\/jul-je-mesec-bez-plastike-napravimo-male-promene-smanjimo-plasticni-otpad\\\/#primaryimage\"},\"thumbnailUrl\":\"https:\\\/\\\/balkangreenenergynews.com\\\/rs\\\/wp-content\\\/uploads\\\/2020\\\/07\\\/Jul-je-mesec-bez-plastike-\u2013-resenja-umesto-jednokratne-ambalaze.jpg?wsr\",\"datePublished\":\"2020-07-02T16:30:10+00:00\",\"dateModified\":\"2020-07-30T06:35:42+00:00\",\"author\":{\"@id\":\"https:\\\/\\\/balkangreenenergynews.com\\\/rs\\\/#\\\/schema\\\/person\\\/d8f80a244c4e9f2b55e4f6968c253246\"},\"description\":\"Svet 3. jula obele\u017eava Dan bez plasti\u010dnih kesa uporedo sa mesecom Julom bez plastike. Svako mo\u017ee da doprinese smanjenju koli\u010dine plasti\u010dnog otpada.\",\"breadcrumb\":{\"@id\":\"https:\\\/\\\/balkangreenenergynews.com\\\/rs\\\/jul-je-mesec-bez-plastike-napravimo-male-promene-smanjimo-plasticni-otpad\\\/#breadcrumb\"},\"inLanguage\":\"sr-RS\",\"potentialAction\":[{\"@type\":\"ReadAction\",\"target\":[\"https:\\\/\\\/balkangreenenergynews.com\\\/rs\\\/jul-je-mesec-bez-plastike-napravimo-male-promene-smanjimo-plasticni-otpad\\\/\"]}]},{\"@type\":\"ImageObject\",\"inLanguage\":\"sr-RS\",\"@id\":\"https:\\\/\\\/balkangreenenergynews.com\\\/rs\\\/jul-je-mesec-bez-plastike-napravimo-male-promene-smanjimo-plasticni-otpad\\\/#primaryimage\",\"url\":\"https:\\\/\\\/balkangreenenergynews.com\\\/rs\\\/wp-content\\\/uploads\\\/2020\\\/07\\\/Jul-je-mesec-bez-plastike-\u2013-resenja-umesto-jednokratne-ambalaze.jpg?wsr\",\"contentUrl\":\"https:\\\/\\\/balkangreenenergynews.com\\\/rs\\\/wp-content\\\/uploads\\\/2020\\\/07\\\/Jul-je-mesec-bez-plastike-\u2013-resenja-umesto-jednokratne-ambalaze.jpg?wsr\",\"width\":795,\"height\":407,\"caption\":\"Jul je mesec bez plastike \u2013 resenja umesto jednokratne ambalaze\"},{\"@type\":\"BreadcrumbList\",\"@id\":\"https:\\\/\\\/balkangreenenergynews.com\\\/rs\\\/jul-je-mesec-bez-plastike-napravimo-male-promene-smanjimo-plasticni-otpad\\\/#breadcrumb\",\"itemListElement\":[{\"@type\":\"ListItem\",\"position\":1,\"name\":\"Po\u010detna\",\"item\":\"https:\\\/\\\/balkangreenenergynews.com\\\/rs\\\/\"},{\"@type\":\"ListItem\",\"position\":2,\"name\":\"Vesti\",\"item\":\"https:\\\/\\\/balkangreenenergynews.com\\\/rs\\\/kategorija\\\/vesti\\\/\"},{\"@type\":\"ListItem\",\"position\":3,\"name\":\"\u017divotna sredina\",\"item\":\"https:\\\/\\\/balkangreenenergynews.com\\\/rs\\\/kategorija\\\/vesti\\\/zivotna-sredina\\\/\"},{\"@type\":\"ListItem\",\"position\":4,\"name\":\"Jul je mesec bez plastike \u2013 napravimo male promene, smanjimo plasti\u010dni otpad\"}]},{\"@type\":\"WebSite\",\"@id\":\"https:\\\/\\\/balkangreenenergynews.com\\\/rs\\\/#website\",\"url\":\"https:\\\/\\\/balkangreenenergynews.com\\\/rs\\\/\",\"name\":\"Balkan Green Energy News\",\"description\":\"Naj\u0161iri izbor vesti sa Balkana o zelenoj energiji\",\"potentialAction\":[{\"@type\":\"SearchAction\",\"target\":{\"@type\":\"EntryPoint\",\"urlTemplate\":\"https:\\\/\\\/balkangreenenergynews.com\\\/rs\\\/?s={search_term_string}\"},\"query-input\":{\"@type\":\"PropertyValueSpecification\",\"valueRequired\":true,\"valueName\":\"search_term_string\"}}],\"inLanguage\":\"sr-RS\"},{\"@type\":\"Person\",\"@id\":\"https:\\\/\\\/balkangreenenergynews.com\\\/rs\\\/#\\\/schema\\\/person\\\/d8f80a244c4e9f2b55e4f6968c253246\",\"name\":\"Igor Todorovi\u0107\",\"url\":\"https:\\\/\\\/balkangreenenergynews.com\\\/rs\\\/author\\\/igor-todorovic\\\/\"}]}<\/script>\n<!-- \/ Yoast SEO plugin. -->","yoast_head_json":{"title":"Jul je mesec bez plastike \u2013 napravimo male promene. smanjimo plasti\u010dni otpad","description":"Svet 3. jula obele\u017eava Dan bez plasti\u010dnih kesa uporedo sa mesecom Julom bez plastike. Svako mo\u017ee da doprinese smanjenju koli\u010dine plasti\u010dnog otpada.","robots":{"index":"index","follow":"follow","max-snippet":"max-snippet:-1","max-image-preview":"max-image-preview:large","max-video-preview":"max-video-preview:-1"},"canonical":"https:\/\/balkangreenenergynews.com\/rs\/jul-je-mesec-bez-plastike-napravimo-male-promene-smanjimo-plasticni-otpad\/","og_locale":"sr_RS","og_type":"article","og_title":"Jul je mesec bez plastike \u2013 napravimo male promene. smanjimo plasti\u010dni otpad","og_description":"Svet 3. jula obele\u017eava Dan bez plasti\u010dnih kesa uporedo sa mesecom Julom bez plastike. Svako mo\u017ee da doprinese smanjenju koli\u010dine plasti\u010dnog otpada.","og_url":"https:\/\/balkangreenenergynews.com\/rs\/jul-je-mesec-bez-plastike-napravimo-male-promene-smanjimo-plasticni-otpad\/","og_site_name":"Balkan Green Energy News","article_published_time":"2020-07-02T16:30:10+00:00","article_modified_time":"2020-07-30T06:35:42+00:00","og_image":[{"width":795,"height":407,"url":"https:\/\/balkangreenenergynews.com\/rs\/wp-content\/uploads\/2020\/07\/Jul-je-mesec-bez-plastike-\u2013-resenja-umesto-jednokratne-ambalaze.jpg","type":"image\/jpeg"}],"author":"Igor Todorovi\u0107","twitter_card":"summary_large_image","twitter_misc":{"\u041d\u0430\u043f\u0438\u0441\u0430\u043d\u043e \u043e\u0434":"Igor Todorovi\u0107","\u041f\u0440\u043e\u0446\u0435\u045a\u0435\u043d\u043e \u0432\u0440\u0435\u043c\u0435 \u0447\u0438\u0442\u0430\u045a\u0430":"4 \u043c\u0438\u043d\u0443\u0442\u0430"},"schema":{"@context":"https:\/\/schema.org","@graph":[{"@type":"Article","@id":"https:\/\/balkangreenenergynews.com\/rs\/jul-je-mesec-bez-plastike-napravimo-male-promene-smanjimo-plasticni-otpad\/#article","isPartOf":{"@id":"https:\/\/balkangreenenergynews.com\/rs\/jul-je-mesec-bez-plastike-napravimo-male-promene-smanjimo-plasticni-otpad\/"},"author":{"name":"Igor Todorovi\u0107","@id":"https:\/\/balkangreenenergynews.com\/rs\/#\/schema\/person\/d8f80a244c4e9f2b55e4f6968c253246"},"headline":"Jul je mesec bez plastike \u2013 napravimo male promene, smanjimo plasti\u010dni otpad","datePublished":"2020-07-02T16:30:10+00:00","dateModified":"2020-07-30T06:35:42+00:00","mainEntityOfPage":{"@id":"https:\/\/balkangreenenergynews.com\/rs\/jul-je-mesec-bez-plastike-napravimo-male-promene-smanjimo-plasticni-otpad\/"},"wordCount":823,"commentCount":0,"image":{"@id":"https:\/\/balkangreenenergynews.com\/rs\/jul-je-mesec-bez-plastike-napravimo-male-promene-smanjimo-plasticni-otpad\/#primaryimage"},"thumbnailUrl":"https:\/\/balkangreenenergynews.com\/rs\/wp-content\/uploads\/2020\/07\/Jul-je-mesec-bez-plastike-\u2013-resenja-umesto-jednokratne-ambalaze.jpg?wsr","keywords":["COVID-19","korona virus","otpad","plasti\u010dne kese","plasti\u010dni otpad","plastika za jednokratnu upotrebu"],"articleSection":["Otpad","\u017divotna sredina"],"inLanguage":"sr-RS","potentialAction":[{"@type":"CommentAction","name":"Comment","target":["https:\/\/balkangreenenergynews.com\/rs\/jul-je-mesec-bez-plastike-napravimo-male-promene-smanjimo-plasticni-otpad\/#respond"]}]},{"@type":"WebPage","@id":"https:\/\/balkangreenenergynews.com\/rs\/jul-je-mesec-bez-plastike-napravimo-male-promene-smanjimo-plasticni-otpad\/","url":"https:\/\/balkangreenenergynews.com\/rs\/jul-je-mesec-bez-plastike-napravimo-male-promene-smanjimo-plasticni-otpad\/","name":"Jul je mesec bez plastike \u2013 napravimo male promene. smanjimo plasti\u010dni otpad","isPartOf":{"@id":"https:\/\/balkangreenenergynews.com\/rs\/#website"},"primaryImageOfPage":{"@id":"https:\/\/balkangreenenergynews.com\/rs\/jul-je-mesec-bez-plastike-napravimo-male-promene-smanjimo-plasticni-otpad\/#primaryimage"},"image":{"@id":"https:\/\/balkangreenenergynews.com\/rs\/jul-je-mesec-bez-plastike-napravimo-male-promene-smanjimo-plasticni-otpad\/#primaryimage"},"thumbnailUrl":"https:\/\/balkangreenenergynews.com\/rs\/wp-content\/uploads\/2020\/07\/Jul-je-mesec-bez-plastike-\u2013-resenja-umesto-jednokratne-ambalaze.jpg?wsr","datePublished":"2020-07-02T16:30:10+00:00","dateModified":"2020-07-30T06:35:42+00:00","author":{"@id":"https:\/\/balkangreenenergynews.com\/rs\/#\/schema\/person\/d8f80a244c4e9f2b55e4f6968c253246"},"description":"Svet 3. jula obele\u017eava Dan bez plasti\u010dnih kesa uporedo sa mesecom Julom bez plastike. Svako mo\u017ee da doprinese smanjenju koli\u010dine plasti\u010dnog otpada.","breadcrumb":{"@id":"https:\/\/balkangreenenergynews.com\/rs\/jul-je-mesec-bez-plastike-napravimo-male-promene-smanjimo-plasticni-otpad\/#breadcrumb"},"inLanguage":"sr-RS","potentialAction":[{"@type":"ReadAction","target":["https:\/\/balkangreenenergynews.com\/rs\/jul-je-mesec-bez-plastike-napravimo-male-promene-smanjimo-plasticni-otpad\/"]}]},{"@type":"ImageObject","inLanguage":"sr-RS","@id":"https:\/\/balkangreenenergynews.com\/rs\/jul-je-mesec-bez-plastike-napravimo-male-promene-smanjimo-plasticni-otpad\/#primaryimage","url":"https:\/\/balkangreenenergynews.com\/rs\/wp-content\/uploads\/2020\/07\/Jul-je-mesec-bez-plastike-\u2013-resenja-umesto-jednokratne-ambalaze.jpg?wsr","contentUrl":"https:\/\/balkangreenenergynews.com\/rs\/wp-content\/uploads\/2020\/07\/Jul-je-mesec-bez-plastike-\u2013-resenja-umesto-jednokratne-ambalaze.jpg?wsr","width":795,"height":407,"caption":"Jul je mesec bez plastike \u2013 resenja umesto jednokratne ambalaze"},{"@type":"BreadcrumbList","@id":"https:\/\/balkangreenenergynews.com\/rs\/jul-je-mesec-bez-plastike-napravimo-male-promene-smanjimo-plasticni-otpad\/#breadcrumb","itemListElement":[{"@type":"ListItem","position":1,"name":"Po\u010detna","item":"https:\/\/balkangreenenergynews.com\/rs\/"},{"@type":"ListItem","position":2,"name":"Vesti","item":"https:\/\/balkangreenenergynews.com\/rs\/kategorija\/vesti\/"},{"@type":"ListItem","position":3,"name":"\u017divotna sredina","item":"https:\/\/balkangreenenergynews.com\/rs\/kategorija\/vesti\/zivotna-sredina\/"},{"@type":"ListItem","position":4,"name":"Jul je mesec bez plastike \u2013 napravimo male promene, smanjimo plasti\u010dni otpad"}]},{"@type":"WebSite","@id":"https:\/\/balkangreenenergynews.com\/rs\/#website","url":"https:\/\/balkangreenenergynews.com\/rs\/","name":"Balkan Green Energy News","description":"Naj\u0161iri izbor vesti sa Balkana o zelenoj energiji","potentialAction":[{"@type":"SearchAction","target":{"@type":"EntryPoint","urlTemplate":"https:\/\/balkangreenenergynews.com\/rs\/?s={search_term_string}"},"query-input":{"@type":"PropertyValueSpecification","valueRequired":true,"valueName":"search_term_string"}}],"inLanguage":"sr-RS"},{"@type":"Person","@id":"https:\/\/balkangreenenergynews.com\/rs\/#\/schema\/person\/d8f80a244c4e9f2b55e4f6968c253246","name":"Igor Todorovi\u0107","url":"https:\/\/balkangreenenergynews.com\/rs\/author\/igor-todorovic\/"}]}},"_links":{"self":[{"href":"https:\/\/balkangreenenergynews.com\/rs\/wp-json\/wp\/v2\/posts\/31850","targetHints":{"allow":["GET"]}}],"collection":[{"href":"https:\/\/balkangreenenergynews.com\/rs\/wp-json\/wp\/v2\/posts"}],"about":[{"href":"https:\/\/balkangreenenergynews.com\/rs\/wp-json\/wp\/v2\/types\/post"}],"author":[{"embeddable":true,"href":"https:\/\/balkangreenenergynews.com\/rs\/wp-json\/wp\/v2\/users\/27"}],"replies":[{"embeddable":true,"href":"https:\/\/balkangreenenergynews.com\/rs\/wp-json\/wp\/v2\/comments?post=31850"}],"version-history":[{"count":0,"href":"https:\/\/balkangreenenergynews.com\/rs\/wp-json\/wp\/v2\/posts\/31850\/revisions"}],"wp:featuredmedia":[{"embeddable":true,"href":"https:\/\/balkangreenenergynews.com\/rs\/wp-json\/wp\/v2\/media\/31851"}],"wp:attachment":[{"href":"https:\/\/balkangreenenergynews.com\/rs\/wp-json\/wp\/v2\/media?parent=31850"}],"wp:term":[{"taxonomy":"category","embeddable":true,"href":"https:\/\/balkangreenenergynews.com\/rs\/wp-json\/wp\/v2\/categories?post=31850"},{"taxonomy":"post_tag","embeddable":true,"href":"https:\/\/balkangreenenergynews.com\/rs\/wp-json\/wp\/v2\/tags?post=31850"}],"curies":[{"name":"wp","href":"https:\/\/api.w.org\/{rel}","templated":true}]}}