{"id":31412,"date":"2020-06-17T16:53:45","date_gmt":"2020-06-17T14:53:45","guid":{"rendered":"https:\/\/balkangreenenergynews.com\/rs\/?p=31412"},"modified":"2020-06-20T10:22:19","modified_gmt":"2020-06-20T08:22:19","slug":"deset-koraka-koje-srbija-treba-da-preduzme-ka-putu-zelenog-razvoja","status":"publish","type":"post","link":"https:\/\/balkangreenenergynews.com\/rs\/deset-koraka-koje-srbija-treba-da-preduzme-ka-putu-zelenog-razvoja\/","title":{"rendered":"Deset koraka koje Srbija treba da preduzme ka putu zelenog razvoja"},"content":{"rendered":"<p><em>Autor: Danko Kalkan, ekspert za zeleno finansiranje i upravljanje u za\u0161titi \u017eivotne sredine<\/em><\/p>\n<h2>Sa ekolo\u0161ke ta\u010dke gledi\u0161ta, Srbija predstavlja jednu od najugro\u017eenijih zemalja u Evropi. Koja su \u010detiri najve\u0107a ekolo\u0161ka problema i \u0161ta je potrebno uraditi kako bi Srbija uhvatila korak sa razvijenim svetom u pogledu odr\u017eivog razvoja?<\/h2>\n<p>U oblasti za\u0161tite \u017eivotne sredine Srbija zaostaje za velikim brojem zemalja Evrope i sveta. Na ovu zaostalost najvi\u0161e uti\u010du zaga\u0111enje vazduha, zapostavljanje vodnih resursa, zatim neadekvatno upravljanje otpadom i opasnost od posledica klimatskih promena u bliskoj budu\u0107nosti.<\/p>\n<p>Iako je zaga\u0111en vazduh opravdano najprisutnija tema u javnosti u poslednje vreme, nikako ne treba zaboraviti ugro\u017eene vodne resurse. Naime, Srbija tretira manje od petine svih otpadnih voda. Primera radi, Beograd je jedina evropska prestonica bez pre\u010dista\u010da otpadnih voda, te se ove vode bez ikakvog tretmana ispu\u0161taju u Dunav i Savu.<\/p>\n<p>Upravljanje \u010dvrstim otpadom je dodatni razlog zbog kojeg Srbija kaska na putu zelenog razvoja. Preko 100 op\u0161tinskih deponija nema uslove za kontrolisanje emisija gasova i oticanja \u00a0toksi\u010dnih materija u zemlji\u0161te i podzemne vode. Tako se prakti\u010dno ova smetli\u0161ta ne razlikuju puno od divljih, koji predstavljaju svojevrstan problem u Srbiji, jer ih ima na hiljade. Regionalne sanitarne deponije grade se veoma sporo, te je tek tre\u0107ina planiranih u funkciji.<\/p>\n<p>Kona\u010dno, Srbija se, kako navodi profesor Vladimir \u0110ur\u0111evi\u0107, nalazi u regionu u kojem su klimatske promene vidljivije nego u ostatku sveta. Na\u0161a se zemlja tako nalazi u 15% globalne teritorije na kojoj je prose\u010dna temperatura ve\u0107 porasla za 2\u00baC u odnosu na period pre Industrijske revolucije. Dodatno, do kraja ovog veka u Srbiji, mo\u017eemo o\u010dekivati pove\u0107anje prose\u010dne temperature preko 4\u00baC u odnosu na pomenuti bazi\u010dni period.<\/p>\n<p>Navedeni izazovi mogu ostaviti dugotrajne posledice, ne samo po \u017eivotnu sredinu i zdravlje ljudi, ve\u0107 i na ekonomiju i dru\u0161tvo u celini. Stoga, neophodno je \u0161to pre preduzeti slede\u0107e korake:<\/p>\n<h3><span style=\"\">I Priznati da postoje veliki ekolo\u0161ki problemi<\/span><\/h3>\n<p>Odlaganje priznanja da veliki ekolo\u0161ki problemi postoje i propu\u0161tanje prilika da se za\u0161titi \u017eivotne sredine u Srbiji da prioritet glavne su mane na\u0161eg sistema. U realnosti, gore pomenuti izazovi se gotovo uvek relativizuju, pri \u010demu se koriste pogre\u0161ni, populisti\u010dki i nestru\u010dni argumenti. Re\u0161enja koja se pritom predla\u017eu nemaju potporu u izra\u010dunatim efektima, te se donose isklju\u010divo kao populisti\u010dke mere kojima se izbegava ozbiljna diskusija. U takvim okolnostima, problemi rastu i nagomilavaju se. Stoga, kao dobar znak za po\u010detak re\u0161avanja ekolo\u0161kih izazova bilo bi priznanje da realni \u00a0problemi postoje i da oni nisu mali i lako re\u0161ivi.<\/p>\n<h3><span style=\"\">II Poslati jasan signal u kojem pravcu idemo<\/span><\/h3>\n<p>Postavlja se pitanje za\u0161to se, ako su tro\u0161kovi ulaganja i eksploatacije \u010distih izvora energije na nivou ili \u010dak ispod tro\u0161kova eksploatacije fosilnih goriva, i dalje prave planovi za ulaganja u prljave tehnologije. Jasno je da se iz objektivnih razloga preko no\u0107i ne mo\u017ee pre\u0107i na alternativne izvore energije, ali kod nas kao da ne postoji ni trag ozbiljne namere promene kursa\u00a0 u bliskoj budu\u0107nosti. Sti\u010de se utisak da se ulaganja u OIE rade isklju\u010divo zbog ispunjavanja me\u0111unarodnih obaveza. Neophodno je da kao dr\u017eava ipak ponovo razmotrimo kojim putem idemo u budu\u0107nost \u2013 da li je to put sa ograni\u010denim i sve skupljim kori\u0161\u0107enjem fosilnih goriva ili je na\u0161a budu\u0107nost u energetskoj tranziciji ka obnovljivim izvorima energije.<\/p>\n<h3><span style=\"\">III Pove\u0107ati svest o ekolo\u0161kim problemima i re\u0161enjima na svim nivoima<\/span><\/h3>\n<p>Na\u017ealost, kreatori ekonomskih politika u ve\u0107ini zemalja u razvoju prihvatili su pogre\u0161nu i kontraproduktivnu mantru koja nagla\u0161ava da \u010di\u0161\u0107enje \u017eivotne sredine mora da sa\u010deka neka bolja (bogatija) vremena (<em>vi\u0161e na ovu temu:\u00a0<a href=\"https:\/\/balkangreenenergynews.com\/rs\/odrzivi-razvoj-ne-sme-da-zavisi-iskljucivo-od-ekonomskog-rasta\/\">Odr\u017eivi razvoj ne sme da zavisi isklju\u010divo od ekonomskog rasta<\/a><\/em>). Tako, zbog oslanjanja na ovu teoriju, ali i zbog mno\u0161tva drugih nagomilanih dru\u0161tvenih problema u slabije razvijenim zemljama, stanovni\u0161tvo ne stavlja za\u0161titu \u017eivotne sredine na vrh svakodnevnih priroriteta. Takva je situacija upravo i u Srbiji. Da bi se ova situacija promenila neophodno je svakodnevno podizati svest o zna\u010daju ekologije i zelenim re\u0161enjima, bez obzira u kojoj se fazi razvoja nalazimo.<\/p>\n<h3><span style=\"\">IV Otvoriti Poglavlje 27 i kreirati fond za uskla\u0111ivanje sa EU standardima<\/span><\/h3>\n<p>Ve\u0107 nekoliko godina odla\u017eemo otvaranje najkompleksnijeg i najskupljeg poglavlja u pregovorima sa EU \u2013 poglavlja 27 o za\u0161titi \u017eivotne sredine. Uskla\u0111ivanje sa zahtevima ovog poglavlja omogu\u0107i\u0107e nam uskla\u0111ivanje sa zakonima i standardima EU u oblasti za\u0161tite \u017eivotne sredine. Da bi Srbija ispunila ova o\u010dekivanja neophodno je ulo\u017eiti oko 15 milijardi evra u bliskoj budu\u0107nosti. Ova koli\u010dina novca ve\u0107 dovoljno govori o veli\u010dini problema, te je potrebno \u0161to pre otvoriti ovo poglavlje i napraviti fond koji bi omogu\u0107io finansiranje implementacije svih neophodnih mera.<\/p>\n<h3><span style=\"\">V Kreirati zelenu agendu<\/span><\/h3>\n<p>Srbiji je neophodan sveobuhvatni zeleni plan, nalik novom Zelenom dogovoru EU. Bez ovakvog plana na\u0161a zemlja \u0107e nastaviti da nazaduje u pore\u0111enju sa razvijenim svetom. Neophodno je da se ovim dokumentom defini\u0161u akcioni planovi i ciljevi u oblasti energetske efikasnosti, cirkularne ekonomije i upravljanja otpadom, odr\u017eivog transporta, odr\u017eive poljoprivrede, klimatske neutralnosti, o\u010duvanja biodiverziteta i sl.<\/p>\n<h3><span style=\"\">VI Intenzivno ulagati u znanje<\/span><\/h3>\n<p>Ekolo\u0161ki problemi su slo\u017eeni i tra\u017ee multidisciplinarni pristup u re\u0161avanju. Na primer, re\u0161avanje zaga\u0111enja vazduha zahteva u\u010de\u0161\u0107e stru\u010dnjaka \u00a0iz oblasti klimatologije i meteorologije, ali i in\u017eenjera koji nude tehni\u010dka re\u0161enja i zelene tehnologije, urbanista, pejza\u017enih arhitekata, ekonomista i dr. Stoga, potrebno je konstantno graditi bazu stru\u010dnjaka kroz formiranje adekvatnih obrazovnih profila.<\/p>\n<h3><span style=\"\">VII Obezbediti kontinuitet i stru\u010dnosti institucija<\/span><\/h3>\n<p>Ministartsvo za\u0161tite \u017eivotne sredine je zbog razli\u010ditih prioriteta veoma \u010desto u sukobu interesa sa ostalim ministarstvima, \u010dime se gubi realna mo\u0107 i uticaj na procese. Postavljanjem za\u0161tite \u017eivotne sredine kao prioriteta, ovo ministarstvo dobilo bi vi\u0161e na zna\u010daju. Pored toga, ono mora biti baza stru\u010dnjaka koji mogu da odgovore na savremene kompleksne ekolo\u0161ke izazove.<\/p>\n<h3><span style=\"\">VIII Pojednostavniti procedure za ulaganja u zelenu ekonomiiju<\/span><\/h3>\n<p>Ovo je naro\u010dito bitno kod ulaganja u obnovljive izvore energije, gde je procedura za dobijanje dozvola kompleksna. Takodje, neophodno je intenzivno obu\u010davati organe lokalne vlasti i potencijalne investitore, kako bi ceo proces bio efikasniji.<\/p>\n<h3><span style=\"\">IX Podsta\u0107i aktivnost lokalnih aktivista<\/span><\/h3>\n<p>Lokalna ekolo\u0161ka udru\u017eenja najbolje poznaju lokalne ekolo\u0161ke probleme i potrebe. Iz tog razloga, treba ohrabrivati udru\u017eivanje i podsticati aktivno u\u010de\u0161\u0107e ovih grupa u raspravama koje se ti\u010du kori\u0161\u0107enja zajedni\u010dkih lokalnih resursa.<\/p>\n<h3><span style=\"\">X Ve\u0107a anga\u017eovanost finansijskog sektora<\/span><\/h3>\n<p>Banke treba vi\u0161e da se anga\u017euju po pitanju finansiranja mera za energetsku efikasnost, obnovljive izvore energije, kao i drugih mera koji uti\u010du na smanjenu upotrebu resursa, bolje upravljanje otpadom i sl. Pored toga, banke moraju adekvatnije da procenjuju uticaj poslovnih aktivnosti klijenata na \u017eivotnu sredinu i dru\u0161tvenu zajednicu. Neophodno je ograni\u010diti finansijsku podr\u0161ku onim poslovnim aktivnostima koji ugro\u017eavaju ekolo\u0161ku ravnote\u017eu, zdravlje i bezbednost zaposlenih i otpornost dru\u0161tvene zajednice.<\/p>\n","protected":false},"excerpt":{"rendered":"<p>Autor: Danko Kalkan, ekspert za zeleno finansiranje i upravljanje u za\u0161titi \u017eivotne sredine Sa ekolo\u0161ke&#8230;<\/p>\n","protected":false},"author":23,"featured_media":31414,"comment_status":"open","ping_status":"closed","sticky":false,"template":"","format":"standard","meta":{"_acf_changed":false,"_monsterinsights_skip_tracking":false,"_monsterinsights_sitenote_active":false,"_monsterinsights_sitenote_note":"","_monsterinsights_sitenote_category":0,"footnotes":""},"categories":[484],"tags":[5501,1079,867,910,2796],"class_list":["post-31412","post","type-post","status-publish","format-standard","has-post-thumbnail","hentry","category-u-fokusu","tag-danko-kalkan","tag-odrzivi-razvoj","tag-poglavlje-27","tag-zagadenje-vazduha","tag-zelena-ekonomija","country-srbija"],"acf":[],"yoast_head":"<!-- This site is optimized with the Yoast SEO plugin v27.4 - https:\/\/yoast.com\/product\/yoast-seo-wordpress\/ -->\n<title>Deset koraka koje Srbija treba da preduzme ka putu zelenog razvoja<\/title>\n<meta name=\"description\" content=\"Sa ekolo\u0161ke ta\u010dke gledi\u0161ta, Srbija predstavlja jednu od najugro\u017eenijih zemalja u Evropi, pi\u0161e u autorskom tekstu za Balkan Green Energy News Danko Kalkan.\" \/>\n<meta name=\"robots\" content=\"index, follow, max-snippet:-1, max-image-preview:large, max-video-preview:-1\" \/>\n<link rel=\"canonical\" href=\"https:\/\/balkangreenenergynews.com\/rs\/deset-koraka-koje-srbija-treba-da-preduzme-ka-putu-zelenog-razvoja\/\" \/>\n<meta property=\"og:locale\" content=\"sr_RS\" \/>\n<meta property=\"og:type\" content=\"article\" \/>\n<meta property=\"og:title\" content=\"Deset koraka koje Srbija treba da preduzme ka putu zelenog razvoja\" \/>\n<meta property=\"og:description\" content=\"Sa ekolo\u0161ke ta\u010dke gledi\u0161ta, Srbija predstavlja jednu od najugro\u017eenijih zemalja u Evropi, pi\u0161e u autorskom tekstu za Balkan Green Energy News Danko Kalkan.\" \/>\n<meta property=\"og:url\" content=\"https:\/\/balkangreenenergynews.com\/rs\/deset-koraka-koje-srbija-treba-da-preduzme-ka-putu-zelenog-razvoja\/\" \/>\n<meta property=\"og:site_name\" content=\"Balkan Green Energy News\" \/>\n<meta property=\"article:published_time\" content=\"2020-06-17T14:53:45+00:00\" \/>\n<meta property=\"article:modified_time\" content=\"2020-06-20T08:22:19+00:00\" \/>\n<meta property=\"og:image\" content=\"https:\/\/balkangreenenergynews.com\/rs\/wp-content\/uploads\/2020\/06\/Danko-Kalkan-autorski-tekst-deset-koraka-zeleni-razvoj-srbija.jpg\" \/>\n\t<meta property=\"og:image:width\" content=\"795\" \/>\n\t<meta property=\"og:image:height\" content=\"407\" \/>\n\t<meta property=\"og:image:type\" content=\"image\/jpeg\" \/>\n<meta name=\"author\" content=\"Vladimir Spasi\u0107\" \/>\n<meta name=\"twitter:card\" content=\"summary_large_image\" \/>\n<meta name=\"twitter:label1\" content=\"\u041d\u0430\u043f\u0438\u0441\u0430\u043d\u043e \u043e\u0434\" \/>\n\t<meta name=\"twitter:data1\" content=\"Vladimir Spasi\u0107\" \/>\n\t<meta name=\"twitter:label2\" content=\"\u041f\u0440\u043e\u0446\u0435\u045a\u0435\u043d\u043e \u0432\u0440\u0435\u043c\u0435 \u0447\u0438\u0442\u0430\u045a\u0430\" \/>\n\t<meta name=\"twitter:data2\" content=\"6 \u043c\u0438\u043d\u0443\u0442\u0430\" \/>\n<script type=\"application\/ld+json\" class=\"yoast-schema-graph\">{\"@context\":\"https:\\\/\\\/schema.org\",\"@graph\":[{\"@type\":\"Article\",\"@id\":\"https:\\\/\\\/balkangreenenergynews.com\\\/rs\\\/deset-koraka-koje-srbija-treba-da-preduzme-ka-putu-zelenog-razvoja\\\/#article\",\"isPartOf\":{\"@id\":\"https:\\\/\\\/balkangreenenergynews.com\\\/rs\\\/deset-koraka-koje-srbija-treba-da-preduzme-ka-putu-zelenog-razvoja\\\/\"},\"author\":{\"name\":\"Vladimir Spasi\u0107\",\"@id\":\"https:\\\/\\\/balkangreenenergynews.com\\\/rs\\\/#\\\/schema\\\/person\\\/99dc721c46113fea22caffad06ef7317\"},\"headline\":\"Deset koraka koje Srbija treba da preduzme ka putu zelenog razvoja\",\"datePublished\":\"2020-06-17T14:53:45+00:00\",\"dateModified\":\"2020-06-20T08:22:19+00:00\",\"mainEntityOfPage\":{\"@id\":\"https:\\\/\\\/balkangreenenergynews.com\\\/rs\\\/deset-koraka-koje-srbija-treba-da-preduzme-ka-putu-zelenog-razvoja\\\/\"},\"wordCount\":1216,\"commentCount\":2,\"image\":{\"@id\":\"https:\\\/\\\/balkangreenenergynews.com\\\/rs\\\/deset-koraka-koje-srbija-treba-da-preduzme-ka-putu-zelenog-razvoja\\\/#primaryimage\"},\"thumbnailUrl\":\"https:\\\/\\\/balkangreenenergynews.com\\\/rs\\\/wp-content\\\/uploads\\\/2020\\\/06\\\/Danko-Kalkan-autorski-tekst-deset-koraka-zeleni-razvoj-srbija.jpg?wsr\",\"keywords\":[\"Danko Kalkan\",\"odr\u017eivi razvoj\",\"Poglavlje 27\",\"zaga\u0111enje vazduha\",\"zelena ekonomija\"],\"articleSection\":[\"U fokusu\"],\"inLanguage\":\"sr-RS\",\"potentialAction\":[{\"@type\":\"CommentAction\",\"name\":\"Comment\",\"target\":[\"https:\\\/\\\/balkangreenenergynews.com\\\/rs\\\/deset-koraka-koje-srbija-treba-da-preduzme-ka-putu-zelenog-razvoja\\\/#respond\"]}]},{\"@type\":\"WebPage\",\"@id\":\"https:\\\/\\\/balkangreenenergynews.com\\\/rs\\\/deset-koraka-koje-srbija-treba-da-preduzme-ka-putu-zelenog-razvoja\\\/\",\"url\":\"https:\\\/\\\/balkangreenenergynews.com\\\/rs\\\/deset-koraka-koje-srbija-treba-da-preduzme-ka-putu-zelenog-razvoja\\\/\",\"name\":\"Deset koraka koje Srbija treba da preduzme ka putu zelenog razvoja\",\"isPartOf\":{\"@id\":\"https:\\\/\\\/balkangreenenergynews.com\\\/rs\\\/#website\"},\"primaryImageOfPage\":{\"@id\":\"https:\\\/\\\/balkangreenenergynews.com\\\/rs\\\/deset-koraka-koje-srbija-treba-da-preduzme-ka-putu-zelenog-razvoja\\\/#primaryimage\"},\"image\":{\"@id\":\"https:\\\/\\\/balkangreenenergynews.com\\\/rs\\\/deset-koraka-koje-srbija-treba-da-preduzme-ka-putu-zelenog-razvoja\\\/#primaryimage\"},\"thumbnailUrl\":\"https:\\\/\\\/balkangreenenergynews.com\\\/rs\\\/wp-content\\\/uploads\\\/2020\\\/06\\\/Danko-Kalkan-autorski-tekst-deset-koraka-zeleni-razvoj-srbija.jpg?wsr\",\"datePublished\":\"2020-06-17T14:53:45+00:00\",\"dateModified\":\"2020-06-20T08:22:19+00:00\",\"author\":{\"@id\":\"https:\\\/\\\/balkangreenenergynews.com\\\/rs\\\/#\\\/schema\\\/person\\\/99dc721c46113fea22caffad06ef7317\"},\"description\":\"Sa ekolo\u0161ke ta\u010dke gledi\u0161ta, Srbija predstavlja jednu od najugro\u017eenijih zemalja u Evropi, pi\u0161e u autorskom tekstu za Balkan Green Energy News Danko Kalkan.\",\"breadcrumb\":{\"@id\":\"https:\\\/\\\/balkangreenenergynews.com\\\/rs\\\/deset-koraka-koje-srbija-treba-da-preduzme-ka-putu-zelenog-razvoja\\\/#breadcrumb\"},\"inLanguage\":\"sr-RS\",\"potentialAction\":[{\"@type\":\"ReadAction\",\"target\":[\"https:\\\/\\\/balkangreenenergynews.com\\\/rs\\\/deset-koraka-koje-srbija-treba-da-preduzme-ka-putu-zelenog-razvoja\\\/\"]}]},{\"@type\":\"ImageObject\",\"inLanguage\":\"sr-RS\",\"@id\":\"https:\\\/\\\/balkangreenenergynews.com\\\/rs\\\/deset-koraka-koje-srbija-treba-da-preduzme-ka-putu-zelenog-razvoja\\\/#primaryimage\",\"url\":\"https:\\\/\\\/balkangreenenergynews.com\\\/rs\\\/wp-content\\\/uploads\\\/2020\\\/06\\\/Danko-Kalkan-autorski-tekst-deset-koraka-zeleni-razvoj-srbija.jpg?wsr\",\"contentUrl\":\"https:\\\/\\\/balkangreenenergynews.com\\\/rs\\\/wp-content\\\/uploads\\\/2020\\\/06\\\/Danko-Kalkan-autorski-tekst-deset-koraka-zeleni-razvoj-srbija.jpg?wsr\",\"width\":795,\"height\":407,\"caption\":\"Danko-Kalkan-autorski-tekst\"},{\"@type\":\"BreadcrumbList\",\"@id\":\"https:\\\/\\\/balkangreenenergynews.com\\\/rs\\\/deset-koraka-koje-srbija-treba-da-preduzme-ka-putu-zelenog-razvoja\\\/#breadcrumb\",\"itemListElement\":[{\"@type\":\"ListItem\",\"position\":1,\"name\":\"Po\u010detna\",\"item\":\"https:\\\/\\\/balkangreenenergynews.com\\\/rs\\\/\"},{\"@type\":\"ListItem\",\"position\":2,\"name\":\"U fokusu\",\"item\":\"https:\\\/\\\/balkangreenenergynews.com\\\/rs\\\/kategorija\\\/u-fokusu\\\/\"},{\"@type\":\"ListItem\",\"position\":3,\"name\":\"Deset koraka koje Srbija treba da preduzme ka putu zelenog razvoja\"}]},{\"@type\":\"WebSite\",\"@id\":\"https:\\\/\\\/balkangreenenergynews.com\\\/rs\\\/#website\",\"url\":\"https:\\\/\\\/balkangreenenergynews.com\\\/rs\\\/\",\"name\":\"Balkan Green Energy News\",\"description\":\"Naj\u0161iri izbor vesti sa Balkana o zelenoj energiji\",\"potentialAction\":[{\"@type\":\"SearchAction\",\"target\":{\"@type\":\"EntryPoint\",\"urlTemplate\":\"https:\\\/\\\/balkangreenenergynews.com\\\/rs\\\/?s={search_term_string}\"},\"query-input\":{\"@type\":\"PropertyValueSpecification\",\"valueRequired\":true,\"valueName\":\"search_term_string\"}}],\"inLanguage\":\"sr-RS\"},{\"@type\":\"Person\",\"@id\":\"https:\\\/\\\/balkangreenenergynews.com\\\/rs\\\/#\\\/schema\\\/person\\\/99dc721c46113fea22caffad06ef7317\",\"name\":\"Vladimir Spasi\u0107\",\"url\":\"https:\\\/\\\/balkangreenenergynews.com\\\/rs\\\/author\\\/vladimir-spasic\\\/\"}]}<\/script>\n<!-- \/ Yoast SEO plugin. -->","yoast_head_json":{"title":"Deset koraka koje Srbija treba da preduzme ka putu zelenog razvoja","description":"Sa ekolo\u0161ke ta\u010dke gledi\u0161ta, Srbija predstavlja jednu od najugro\u017eenijih zemalja u Evropi, pi\u0161e u autorskom tekstu za Balkan Green Energy News Danko Kalkan.","robots":{"index":"index","follow":"follow","max-snippet":"max-snippet:-1","max-image-preview":"max-image-preview:large","max-video-preview":"max-video-preview:-1"},"canonical":"https:\/\/balkangreenenergynews.com\/rs\/deset-koraka-koje-srbija-treba-da-preduzme-ka-putu-zelenog-razvoja\/","og_locale":"sr_RS","og_type":"article","og_title":"Deset koraka koje Srbija treba da preduzme ka putu zelenog razvoja","og_description":"Sa ekolo\u0161ke ta\u010dke gledi\u0161ta, Srbija predstavlja jednu od najugro\u017eenijih zemalja u Evropi, pi\u0161e u autorskom tekstu za Balkan Green Energy News Danko Kalkan.","og_url":"https:\/\/balkangreenenergynews.com\/rs\/deset-koraka-koje-srbija-treba-da-preduzme-ka-putu-zelenog-razvoja\/","og_site_name":"Balkan Green Energy News","article_published_time":"2020-06-17T14:53:45+00:00","article_modified_time":"2020-06-20T08:22:19+00:00","og_image":[{"width":795,"height":407,"url":"https:\/\/balkangreenenergynews.com\/rs\/wp-content\/uploads\/2020\/06\/Danko-Kalkan-autorski-tekst-deset-koraka-zeleni-razvoj-srbija.jpg","type":"image\/jpeg"}],"author":"Vladimir Spasi\u0107","twitter_card":"summary_large_image","twitter_misc":{"\u041d\u0430\u043f\u0438\u0441\u0430\u043d\u043e \u043e\u0434":"Vladimir Spasi\u0107","\u041f\u0440\u043e\u0446\u0435\u045a\u0435\u043d\u043e \u0432\u0440\u0435\u043c\u0435 \u0447\u0438\u0442\u0430\u045a\u0430":"6 \u043c\u0438\u043d\u0443\u0442\u0430"},"schema":{"@context":"https:\/\/schema.org","@graph":[{"@type":"Article","@id":"https:\/\/balkangreenenergynews.com\/rs\/deset-koraka-koje-srbija-treba-da-preduzme-ka-putu-zelenog-razvoja\/#article","isPartOf":{"@id":"https:\/\/balkangreenenergynews.com\/rs\/deset-koraka-koje-srbija-treba-da-preduzme-ka-putu-zelenog-razvoja\/"},"author":{"name":"Vladimir Spasi\u0107","@id":"https:\/\/balkangreenenergynews.com\/rs\/#\/schema\/person\/99dc721c46113fea22caffad06ef7317"},"headline":"Deset koraka koje Srbija treba da preduzme ka putu zelenog razvoja","datePublished":"2020-06-17T14:53:45+00:00","dateModified":"2020-06-20T08:22:19+00:00","mainEntityOfPage":{"@id":"https:\/\/balkangreenenergynews.com\/rs\/deset-koraka-koje-srbija-treba-da-preduzme-ka-putu-zelenog-razvoja\/"},"wordCount":1216,"commentCount":2,"image":{"@id":"https:\/\/balkangreenenergynews.com\/rs\/deset-koraka-koje-srbija-treba-da-preduzme-ka-putu-zelenog-razvoja\/#primaryimage"},"thumbnailUrl":"https:\/\/balkangreenenergynews.com\/rs\/wp-content\/uploads\/2020\/06\/Danko-Kalkan-autorski-tekst-deset-koraka-zeleni-razvoj-srbija.jpg?wsr","keywords":["Danko Kalkan","odr\u017eivi razvoj","Poglavlje 27","zaga\u0111enje vazduha","zelena ekonomija"],"articleSection":["U fokusu"],"inLanguage":"sr-RS","potentialAction":[{"@type":"CommentAction","name":"Comment","target":["https:\/\/balkangreenenergynews.com\/rs\/deset-koraka-koje-srbija-treba-da-preduzme-ka-putu-zelenog-razvoja\/#respond"]}]},{"@type":"WebPage","@id":"https:\/\/balkangreenenergynews.com\/rs\/deset-koraka-koje-srbija-treba-da-preduzme-ka-putu-zelenog-razvoja\/","url":"https:\/\/balkangreenenergynews.com\/rs\/deset-koraka-koje-srbija-treba-da-preduzme-ka-putu-zelenog-razvoja\/","name":"Deset koraka koje Srbija treba da preduzme ka putu zelenog razvoja","isPartOf":{"@id":"https:\/\/balkangreenenergynews.com\/rs\/#website"},"primaryImageOfPage":{"@id":"https:\/\/balkangreenenergynews.com\/rs\/deset-koraka-koje-srbija-treba-da-preduzme-ka-putu-zelenog-razvoja\/#primaryimage"},"image":{"@id":"https:\/\/balkangreenenergynews.com\/rs\/deset-koraka-koje-srbija-treba-da-preduzme-ka-putu-zelenog-razvoja\/#primaryimage"},"thumbnailUrl":"https:\/\/balkangreenenergynews.com\/rs\/wp-content\/uploads\/2020\/06\/Danko-Kalkan-autorski-tekst-deset-koraka-zeleni-razvoj-srbija.jpg?wsr","datePublished":"2020-06-17T14:53:45+00:00","dateModified":"2020-06-20T08:22:19+00:00","author":{"@id":"https:\/\/balkangreenenergynews.com\/rs\/#\/schema\/person\/99dc721c46113fea22caffad06ef7317"},"description":"Sa ekolo\u0161ke ta\u010dke gledi\u0161ta, Srbija predstavlja jednu od najugro\u017eenijih zemalja u Evropi, pi\u0161e u autorskom tekstu za Balkan Green Energy News Danko Kalkan.","breadcrumb":{"@id":"https:\/\/balkangreenenergynews.com\/rs\/deset-koraka-koje-srbija-treba-da-preduzme-ka-putu-zelenog-razvoja\/#breadcrumb"},"inLanguage":"sr-RS","potentialAction":[{"@type":"ReadAction","target":["https:\/\/balkangreenenergynews.com\/rs\/deset-koraka-koje-srbija-treba-da-preduzme-ka-putu-zelenog-razvoja\/"]}]},{"@type":"ImageObject","inLanguage":"sr-RS","@id":"https:\/\/balkangreenenergynews.com\/rs\/deset-koraka-koje-srbija-treba-da-preduzme-ka-putu-zelenog-razvoja\/#primaryimage","url":"https:\/\/balkangreenenergynews.com\/rs\/wp-content\/uploads\/2020\/06\/Danko-Kalkan-autorski-tekst-deset-koraka-zeleni-razvoj-srbija.jpg?wsr","contentUrl":"https:\/\/balkangreenenergynews.com\/rs\/wp-content\/uploads\/2020\/06\/Danko-Kalkan-autorski-tekst-deset-koraka-zeleni-razvoj-srbija.jpg?wsr","width":795,"height":407,"caption":"Danko-Kalkan-autorski-tekst"},{"@type":"BreadcrumbList","@id":"https:\/\/balkangreenenergynews.com\/rs\/deset-koraka-koje-srbija-treba-da-preduzme-ka-putu-zelenog-razvoja\/#breadcrumb","itemListElement":[{"@type":"ListItem","position":1,"name":"Po\u010detna","item":"https:\/\/balkangreenenergynews.com\/rs\/"},{"@type":"ListItem","position":2,"name":"U fokusu","item":"https:\/\/balkangreenenergynews.com\/rs\/kategorija\/u-fokusu\/"},{"@type":"ListItem","position":3,"name":"Deset koraka koje Srbija treba da preduzme ka putu zelenog razvoja"}]},{"@type":"WebSite","@id":"https:\/\/balkangreenenergynews.com\/rs\/#website","url":"https:\/\/balkangreenenergynews.com\/rs\/","name":"Balkan Green Energy News","description":"Naj\u0161iri izbor vesti sa Balkana o zelenoj energiji","potentialAction":[{"@type":"SearchAction","target":{"@type":"EntryPoint","urlTemplate":"https:\/\/balkangreenenergynews.com\/rs\/?s={search_term_string}"},"query-input":{"@type":"PropertyValueSpecification","valueRequired":true,"valueName":"search_term_string"}}],"inLanguage":"sr-RS"},{"@type":"Person","@id":"https:\/\/balkangreenenergynews.com\/rs\/#\/schema\/person\/99dc721c46113fea22caffad06ef7317","name":"Vladimir Spasi\u0107","url":"https:\/\/balkangreenenergynews.com\/rs\/author\/vladimir-spasic\/"}]}},"_links":{"self":[{"href":"https:\/\/balkangreenenergynews.com\/rs\/wp-json\/wp\/v2\/posts\/31412","targetHints":{"allow":["GET"]}}],"collection":[{"href":"https:\/\/balkangreenenergynews.com\/rs\/wp-json\/wp\/v2\/posts"}],"about":[{"href":"https:\/\/balkangreenenergynews.com\/rs\/wp-json\/wp\/v2\/types\/post"}],"author":[{"embeddable":true,"href":"https:\/\/balkangreenenergynews.com\/rs\/wp-json\/wp\/v2\/users\/23"}],"replies":[{"embeddable":true,"href":"https:\/\/balkangreenenergynews.com\/rs\/wp-json\/wp\/v2\/comments?post=31412"}],"version-history":[{"count":0,"href":"https:\/\/balkangreenenergynews.com\/rs\/wp-json\/wp\/v2\/posts\/31412\/revisions"}],"wp:featuredmedia":[{"embeddable":true,"href":"https:\/\/balkangreenenergynews.com\/rs\/wp-json\/wp\/v2\/media\/31414"}],"wp:attachment":[{"href":"https:\/\/balkangreenenergynews.com\/rs\/wp-json\/wp\/v2\/media?parent=31412"}],"wp:term":[{"taxonomy":"category","embeddable":true,"href":"https:\/\/balkangreenenergynews.com\/rs\/wp-json\/wp\/v2\/categories?post=31412"},{"taxonomy":"post_tag","embeddable":true,"href":"https:\/\/balkangreenenergynews.com\/rs\/wp-json\/wp\/v2\/tags?post=31412"}],"curies":[{"name":"wp","href":"https:\/\/api.w.org\/{rel}","templated":true}]}}