{"id":31386,"date":"2020-06-17T12:00:55","date_gmt":"2020-06-17T10:00:55","guid":{"rendered":"https:\/\/balkangreenenergynews.com\/rs\/?p=31386"},"modified":"2020-06-17T12:00:55","modified_gmt":"2020-06-17T10:00:55","slug":"tender-za-solarnu-elektranu-na-lokaciji-velje-brdo-do-kraja-godine-moguce-povecanje-kapaciteta-na-300-mw","status":"publish","type":"post","link":"https:\/\/balkangreenenergynews.com\/rs\/tender-za-solarnu-elektranu-na-lokaciji-velje-brdo-do-kraja-godine-moguce-povecanje-kapaciteta-na-300-mw\/","title":{"rendered":"Tender za solarnu elektranu na lokaciji Velje brdo do kraja godine, mogu\u0107e pove\u0107anje kapaciteta na 300 MW"},"content":{"rendered":"<h2>Crna Gora trebalo bi do kraja godine da objavi tender za izgradnju solarne elektrane na lokaciji Velje brdo kod Podgorice. Prvobitno planirana snaga od 50 MW mogla bi da bude pove\u0107ana na 150 do 300 MW.<\/h2>\n<p>&#8222;Tender za izgradnju solarne elektrane na lokalitetu Velje brdo trebalo bi da bude objavljen do kraja godine, do kada se o\u010dekuje i potpisivanje ugovora za realizaciju tog projekta&#8220;, izjavio je Nikola Vujovi\u0107, dr\u017eavni sekretar u Ministarstvu ekonomije, prenela je agencija Mina.<\/p>\n<blockquote><p>Pandemija korona virusa odlo\u017eila je objavljivanje tendera koje je bilo planirano za tre\u0107i kvartal ove godine<\/p><\/blockquote>\n<p>On je rekao da bi objavljivanje tendera i zakup zemlji\u0161ta za izgradnju solarne elektrane trebalo da bude zavr\u0161eno u tre\u0107em kvartalu ove godine, ali da je zbog negativnih posledica pandemije korona virusa taj rok pomeren.<\/p>\n<blockquote><p>Potencijalni investitor ukazao je na zna\u010dajno ve\u0107i potencijal lokacije od planiranih 50 MW<\/p><\/blockquote>\n<p>Vujovi\u0107 je podsetio da je na podru\u010dju Veljeg brda prostorno-planskom dokumentacijom planirana gradnja solarne elektrane instalisane snage 50 MW, ali da je potencijalni investitor ukazao na zna\u010dajno ve\u0107i potencijal tog lokaliteta.<\/p>\n<blockquote><p>Procenjena vrednost investicije bila je 75 miliona evra<\/p><\/blockquote>\n<p>&#8222;Tokom pro\u0161le godine smo od potencijalnih investitora dobili informaciju da lokalitet Veljeg brda ima zna\u010dajno ve\u0107i potencijal za eksploataciju solarne energije od predvi\u0111enih 50 MW. Potencijal na koji su nam investitori ukazali kre\u0107e se u opsegu od 150 do 300 MW&#8220;, rekao je on.<\/p>\n<p>Vujovi\u0107 nije naveo o kom investitoru je re\u010d. Kako su ranije lokalni mediji preneli, u projekat je bila uklju\u010dena nema\u010dka firma S&amp;Z Energie Systeme, a procenjena vrednost investicije bila je 75 miliona evra.<\/p>\n","protected":false},"excerpt":{"rendered":"<p>Crna Gora trebalo bi do kraja godine da objavi tender za izgradnju solarne elektrane na&#8230;<\/p>\n","protected":false},"author":23,"featured_media":31388,"comment_status":"open","ping_status":"closed","sticky":false,"template":"","format":"standard","meta":{"_acf_changed":false,"_monsterinsights_skip_tracking":false,"_monsterinsights_sitenote_active":false,"_monsterinsights_sitenote_note":"","_monsterinsights_sitenote_category":0,"footnotes":""},"categories":[504,1],"tags":[5480,668],"class_list":["post-31386","post","type-post","status-publish","format-standard","has-post-thumbnail","hentry","category-elektricna-energija","category-obnovljivi-izvori-energije","tag-korona-virus","tag-solarna-elektrana","country-crna-gora"],"acf":[],"yoast_head":"<!-- This site is optimized with the Yoast SEO plugin v27.4 - https:\/\/yoast.com\/product\/yoast-seo-wordpress\/ -->\n<title>Tender za solarnu elektranu na lokaciji Velje brdo do kraja godine<\/title>\n<meta name=\"description\" content=\"Crna Gora trebalo bi do kraja godine da objavi tender za izgradnju solarne elektrane na lokaciji Velje brdo kod Podgorice.\" \/>\n<meta name=\"robots\" content=\"index, follow, max-snippet:-1, max-image-preview:large, max-video-preview:-1\" \/>\n<link rel=\"canonical\" href=\"https:\/\/balkangreenenergynews.com\/rs\/tender-za-solarnu-elektranu-na-lokaciji-velje-brdo-do-kraja-godine-moguce-povecanje-kapaciteta-na-300-mw\/\" \/>\n<meta property=\"og:locale\" content=\"sr_RS\" \/>\n<meta property=\"og:type\" content=\"article\" \/>\n<meta property=\"og:title\" content=\"Tender za solarnu elektranu na lokaciji Velje brdo do kraja godine\" \/>\n<meta property=\"og:description\" content=\"Crna Gora trebalo bi do kraja godine da objavi tender za izgradnju solarne elektrane na lokaciji Velje brdo kod Podgorice.\" \/>\n<meta property=\"og:url\" content=\"https:\/\/balkangreenenergynews.com\/rs\/tender-za-solarnu-elektranu-na-lokaciji-velje-brdo-do-kraja-godine-moguce-povecanje-kapaciteta-na-300-mw\/\" \/>\n<meta property=\"og:site_name\" content=\"Balkan Green Energy News\" \/>\n<meta property=\"article:published_time\" content=\"2020-06-17T10:00:55+00:00\" \/>\n<meta property=\"og:image\" content=\"https:\/\/balkangreenenergynews.com\/rs\/wp-content\/uploads\/2020\/06\/velje-brdo-solarna-elektrana-tender.jpg\" \/>\n\t<meta property=\"og:image:width\" content=\"795\" \/>\n\t<meta property=\"og:image:height\" content=\"407\" \/>\n\t<meta property=\"og:image:type\" content=\"image\/jpeg\" \/>\n<meta name=\"author\" content=\"Vladimir Spasi\u0107\" \/>\n<meta name=\"twitter:card\" content=\"summary_large_image\" \/>\n<meta name=\"twitter:label1\" content=\"\u041d\u0430\u043f\u0438\u0441\u0430\u043d\u043e \u043e\u0434\" \/>\n\t<meta name=\"twitter:data1\" content=\"Vladimir Spasi\u0107\" \/>\n\t<meta name=\"twitter:label2\" content=\"\u041f\u0440\u043e\u0446\u0435\u045a\u0435\u043d\u043e \u0432\u0440\u0435\u043c\u0435 \u0447\u0438\u0442\u0430\u045a\u0430\" \/>\n\t<meta name=\"twitter:data2\" content=\"1 \u043c\u0438\u043d\u0443\u0442\" \/>\n<script type=\"application\/ld+json\" class=\"yoast-schema-graph\">{\"@context\":\"https:\\\/\\\/schema.org\",\"@graph\":[{\"@type\":\"Article\",\"@id\":\"https:\\\/\\\/balkangreenenergynews.com\\\/rs\\\/tender-za-solarnu-elektranu-na-lokaciji-velje-brdo-do-kraja-godine-moguce-povecanje-kapaciteta-na-300-mw\\\/#article\",\"isPartOf\":{\"@id\":\"https:\\\/\\\/balkangreenenergynews.com\\\/rs\\\/tender-za-solarnu-elektranu-na-lokaciji-velje-brdo-do-kraja-godine-moguce-povecanje-kapaciteta-na-300-mw\\\/\"},\"author\":{\"name\":\"Vladimir Spasi\u0107\",\"@id\":\"https:\\\/\\\/balkangreenenergynews.com\\\/rs\\\/#\\\/schema\\\/person\\\/99dc721c46113fea22caffad06ef7317\"},\"headline\":\"Tender za solarnu elektranu na lokaciji Velje brdo do kraja godine, mogu\u0107e pove\u0107anje kapaciteta na 300 MW\",\"datePublished\":\"2020-06-17T10:00:55+00:00\",\"mainEntityOfPage\":{\"@id\":\"https:\\\/\\\/balkangreenenergynews.com\\\/rs\\\/tender-za-solarnu-elektranu-na-lokaciji-velje-brdo-do-kraja-godine-moguce-povecanje-kapaciteta-na-300-mw\\\/\"},\"wordCount\":287,\"commentCount\":0,\"image\":{\"@id\":\"https:\\\/\\\/balkangreenenergynews.com\\\/rs\\\/tender-za-solarnu-elektranu-na-lokaciji-velje-brdo-do-kraja-godine-moguce-povecanje-kapaciteta-na-300-mw\\\/#primaryimage\"},\"thumbnailUrl\":\"https:\\\/\\\/balkangreenenergynews.com\\\/rs\\\/wp-content\\\/uploads\\\/2020\\\/06\\\/velje-brdo-solarna-elektrana-tender.jpg?wsr\",\"keywords\":[\"korona virus\",\"solarna elektrana\"],\"articleSection\":[\"Elektri\u010dna energija\",\"OIE\"],\"inLanguage\":\"sr-RS\",\"potentialAction\":[{\"@type\":\"CommentAction\",\"name\":\"Comment\",\"target\":[\"https:\\\/\\\/balkangreenenergynews.com\\\/rs\\\/tender-za-solarnu-elektranu-na-lokaciji-velje-brdo-do-kraja-godine-moguce-povecanje-kapaciteta-na-300-mw\\\/#respond\"]}]},{\"@type\":\"WebPage\",\"@id\":\"https:\\\/\\\/balkangreenenergynews.com\\\/rs\\\/tender-za-solarnu-elektranu-na-lokaciji-velje-brdo-do-kraja-godine-moguce-povecanje-kapaciteta-na-300-mw\\\/\",\"url\":\"https:\\\/\\\/balkangreenenergynews.com\\\/rs\\\/tender-za-solarnu-elektranu-na-lokaciji-velje-brdo-do-kraja-godine-moguce-povecanje-kapaciteta-na-300-mw\\\/\",\"name\":\"Tender za solarnu elektranu na lokaciji Velje brdo do kraja godine\",\"isPartOf\":{\"@id\":\"https:\\\/\\\/balkangreenenergynews.com\\\/rs\\\/#website\"},\"primaryImageOfPage\":{\"@id\":\"https:\\\/\\\/balkangreenenergynews.com\\\/rs\\\/tender-za-solarnu-elektranu-na-lokaciji-velje-brdo-do-kraja-godine-moguce-povecanje-kapaciteta-na-300-mw\\\/#primaryimage\"},\"image\":{\"@id\":\"https:\\\/\\\/balkangreenenergynews.com\\\/rs\\\/tender-za-solarnu-elektranu-na-lokaciji-velje-brdo-do-kraja-godine-moguce-povecanje-kapaciteta-na-300-mw\\\/#primaryimage\"},\"thumbnailUrl\":\"https:\\\/\\\/balkangreenenergynews.com\\\/rs\\\/wp-content\\\/uploads\\\/2020\\\/06\\\/velje-brdo-solarna-elektrana-tender.jpg?wsr\",\"datePublished\":\"2020-06-17T10:00:55+00:00\",\"author\":{\"@id\":\"https:\\\/\\\/balkangreenenergynews.com\\\/rs\\\/#\\\/schema\\\/person\\\/99dc721c46113fea22caffad06ef7317\"},\"description\":\"Crna Gora trebalo bi do kraja godine da objavi tender za izgradnju solarne elektrane na lokaciji Velje brdo kod Podgorice.\",\"breadcrumb\":{\"@id\":\"https:\\\/\\\/balkangreenenergynews.com\\\/rs\\\/tender-za-solarnu-elektranu-na-lokaciji-velje-brdo-do-kraja-godine-moguce-povecanje-kapaciteta-na-300-mw\\\/#breadcrumb\"},\"inLanguage\":\"sr-RS\",\"potentialAction\":[{\"@type\":\"ReadAction\",\"target\":[\"https:\\\/\\\/balkangreenenergynews.com\\\/rs\\\/tender-za-solarnu-elektranu-na-lokaciji-velje-brdo-do-kraja-godine-moguce-povecanje-kapaciteta-na-300-mw\\\/\"]}]},{\"@type\":\"ImageObject\",\"inLanguage\":\"sr-RS\",\"@id\":\"https:\\\/\\\/balkangreenenergynews.com\\\/rs\\\/tender-za-solarnu-elektranu-na-lokaciji-velje-brdo-do-kraja-godine-moguce-povecanje-kapaciteta-na-300-mw\\\/#primaryimage\",\"url\":\"https:\\\/\\\/balkangreenenergynews.com\\\/rs\\\/wp-content\\\/uploads\\\/2020\\\/06\\\/velje-brdo-solarna-elektrana-tender.jpg?wsr\",\"contentUrl\":\"https:\\\/\\\/balkangreenenergynews.com\\\/rs\\\/wp-content\\\/uploads\\\/2020\\\/06\\\/velje-brdo-solarna-elektrana-tender.jpg?wsr\",\"width\":795,\"height\":407,\"caption\":\"velje-brdo-solarna-elektrana-tender\"},{\"@type\":\"BreadcrumbList\",\"@id\":\"https:\\\/\\\/balkangreenenergynews.com\\\/rs\\\/tender-za-solarnu-elektranu-na-lokaciji-velje-brdo-do-kraja-godine-moguce-povecanje-kapaciteta-na-300-mw\\\/#breadcrumb\",\"itemListElement\":[{\"@type\":\"ListItem\",\"position\":1,\"name\":\"Po\u010detna\",\"item\":\"https:\\\/\\\/balkangreenenergynews.com\\\/rs\\\/\"},{\"@type\":\"ListItem\",\"position\":2,\"name\":\"Vesti\",\"item\":\"https:\\\/\\\/balkangreenenergynews.com\\\/rs\\\/kategorija\\\/vesti\\\/\"},{\"@type\":\"ListItem\",\"position\":3,\"name\":\"OIE\",\"item\":\"https:\\\/\\\/balkangreenenergynews.com\\\/rs\\\/kategorija\\\/vesti\\\/obnovljivi-izvori-energije\\\/\"},{\"@type\":\"ListItem\",\"position\":4,\"name\":\"Tender za solarnu elektranu na lokaciji Velje brdo do kraja godine, mogu\u0107e pove\u0107anje kapaciteta na 300 MW\"}]},{\"@type\":\"WebSite\",\"@id\":\"https:\\\/\\\/balkangreenenergynews.com\\\/rs\\\/#website\",\"url\":\"https:\\\/\\\/balkangreenenergynews.com\\\/rs\\\/\",\"name\":\"Balkan Green Energy News\",\"description\":\"Naj\u0161iri izbor vesti sa Balkana o zelenoj energiji\",\"potentialAction\":[{\"@type\":\"SearchAction\",\"target\":{\"@type\":\"EntryPoint\",\"urlTemplate\":\"https:\\\/\\\/balkangreenenergynews.com\\\/rs\\\/?s={search_term_string}\"},\"query-input\":{\"@type\":\"PropertyValueSpecification\",\"valueRequired\":true,\"valueName\":\"search_term_string\"}}],\"inLanguage\":\"sr-RS\"},{\"@type\":\"Person\",\"@id\":\"https:\\\/\\\/balkangreenenergynews.com\\\/rs\\\/#\\\/schema\\\/person\\\/99dc721c46113fea22caffad06ef7317\",\"name\":\"Vladimir Spasi\u0107\",\"url\":\"https:\\\/\\\/balkangreenenergynews.com\\\/rs\\\/author\\\/vladimir-spasic\\\/\"}]}<\/script>\n<!-- \/ Yoast SEO plugin. -->","yoast_head_json":{"title":"Tender za solarnu elektranu na lokaciji Velje brdo do kraja godine","description":"Crna Gora trebalo bi do kraja godine da objavi tender za izgradnju solarne elektrane na lokaciji Velje brdo kod Podgorice.","robots":{"index":"index","follow":"follow","max-snippet":"max-snippet:-1","max-image-preview":"max-image-preview:large","max-video-preview":"max-video-preview:-1"},"canonical":"https:\/\/balkangreenenergynews.com\/rs\/tender-za-solarnu-elektranu-na-lokaciji-velje-brdo-do-kraja-godine-moguce-povecanje-kapaciteta-na-300-mw\/","og_locale":"sr_RS","og_type":"article","og_title":"Tender za solarnu elektranu na lokaciji Velje brdo do kraja godine","og_description":"Crna Gora trebalo bi do kraja godine da objavi tender za izgradnju solarne elektrane na lokaciji Velje brdo kod Podgorice.","og_url":"https:\/\/balkangreenenergynews.com\/rs\/tender-za-solarnu-elektranu-na-lokaciji-velje-brdo-do-kraja-godine-moguce-povecanje-kapaciteta-na-300-mw\/","og_site_name":"Balkan Green Energy News","article_published_time":"2020-06-17T10:00:55+00:00","og_image":[{"width":795,"height":407,"url":"https:\/\/balkangreenenergynews.com\/rs\/wp-content\/uploads\/2020\/06\/velje-brdo-solarna-elektrana-tender.jpg","type":"image\/jpeg"}],"author":"Vladimir Spasi\u0107","twitter_card":"summary_large_image","twitter_misc":{"\u041d\u0430\u043f\u0438\u0441\u0430\u043d\u043e \u043e\u0434":"Vladimir Spasi\u0107","\u041f\u0440\u043e\u0446\u0435\u045a\u0435\u043d\u043e \u0432\u0440\u0435\u043c\u0435 \u0447\u0438\u0442\u0430\u045a\u0430":"1 \u043c\u0438\u043d\u0443\u0442"},"schema":{"@context":"https:\/\/schema.org","@graph":[{"@type":"Article","@id":"https:\/\/balkangreenenergynews.com\/rs\/tender-za-solarnu-elektranu-na-lokaciji-velje-brdo-do-kraja-godine-moguce-povecanje-kapaciteta-na-300-mw\/#article","isPartOf":{"@id":"https:\/\/balkangreenenergynews.com\/rs\/tender-za-solarnu-elektranu-na-lokaciji-velje-brdo-do-kraja-godine-moguce-povecanje-kapaciteta-na-300-mw\/"},"author":{"name":"Vladimir Spasi\u0107","@id":"https:\/\/balkangreenenergynews.com\/rs\/#\/schema\/person\/99dc721c46113fea22caffad06ef7317"},"headline":"Tender za solarnu elektranu na lokaciji Velje brdo do kraja godine, mogu\u0107e pove\u0107anje kapaciteta na 300 MW","datePublished":"2020-06-17T10:00:55+00:00","mainEntityOfPage":{"@id":"https:\/\/balkangreenenergynews.com\/rs\/tender-za-solarnu-elektranu-na-lokaciji-velje-brdo-do-kraja-godine-moguce-povecanje-kapaciteta-na-300-mw\/"},"wordCount":287,"commentCount":0,"image":{"@id":"https:\/\/balkangreenenergynews.com\/rs\/tender-za-solarnu-elektranu-na-lokaciji-velje-brdo-do-kraja-godine-moguce-povecanje-kapaciteta-na-300-mw\/#primaryimage"},"thumbnailUrl":"https:\/\/balkangreenenergynews.com\/rs\/wp-content\/uploads\/2020\/06\/velje-brdo-solarna-elektrana-tender.jpg?wsr","keywords":["korona virus","solarna elektrana"],"articleSection":["Elektri\u010dna energija","OIE"],"inLanguage":"sr-RS","potentialAction":[{"@type":"CommentAction","name":"Comment","target":["https:\/\/balkangreenenergynews.com\/rs\/tender-za-solarnu-elektranu-na-lokaciji-velje-brdo-do-kraja-godine-moguce-povecanje-kapaciteta-na-300-mw\/#respond"]}]},{"@type":"WebPage","@id":"https:\/\/balkangreenenergynews.com\/rs\/tender-za-solarnu-elektranu-na-lokaciji-velje-brdo-do-kraja-godine-moguce-povecanje-kapaciteta-na-300-mw\/","url":"https:\/\/balkangreenenergynews.com\/rs\/tender-za-solarnu-elektranu-na-lokaciji-velje-brdo-do-kraja-godine-moguce-povecanje-kapaciteta-na-300-mw\/","name":"Tender za solarnu elektranu na lokaciji Velje brdo do kraja godine","isPartOf":{"@id":"https:\/\/balkangreenenergynews.com\/rs\/#website"},"primaryImageOfPage":{"@id":"https:\/\/balkangreenenergynews.com\/rs\/tender-za-solarnu-elektranu-na-lokaciji-velje-brdo-do-kraja-godine-moguce-povecanje-kapaciteta-na-300-mw\/#primaryimage"},"image":{"@id":"https:\/\/balkangreenenergynews.com\/rs\/tender-za-solarnu-elektranu-na-lokaciji-velje-brdo-do-kraja-godine-moguce-povecanje-kapaciteta-na-300-mw\/#primaryimage"},"thumbnailUrl":"https:\/\/balkangreenenergynews.com\/rs\/wp-content\/uploads\/2020\/06\/velje-brdo-solarna-elektrana-tender.jpg?wsr","datePublished":"2020-06-17T10:00:55+00:00","author":{"@id":"https:\/\/balkangreenenergynews.com\/rs\/#\/schema\/person\/99dc721c46113fea22caffad06ef7317"},"description":"Crna Gora trebalo bi do kraja godine da objavi tender za izgradnju solarne elektrane na lokaciji Velje brdo kod Podgorice.","breadcrumb":{"@id":"https:\/\/balkangreenenergynews.com\/rs\/tender-za-solarnu-elektranu-na-lokaciji-velje-brdo-do-kraja-godine-moguce-povecanje-kapaciteta-na-300-mw\/#breadcrumb"},"inLanguage":"sr-RS","potentialAction":[{"@type":"ReadAction","target":["https:\/\/balkangreenenergynews.com\/rs\/tender-za-solarnu-elektranu-na-lokaciji-velje-brdo-do-kraja-godine-moguce-povecanje-kapaciteta-na-300-mw\/"]}]},{"@type":"ImageObject","inLanguage":"sr-RS","@id":"https:\/\/balkangreenenergynews.com\/rs\/tender-za-solarnu-elektranu-na-lokaciji-velje-brdo-do-kraja-godine-moguce-povecanje-kapaciteta-na-300-mw\/#primaryimage","url":"https:\/\/balkangreenenergynews.com\/rs\/wp-content\/uploads\/2020\/06\/velje-brdo-solarna-elektrana-tender.jpg?wsr","contentUrl":"https:\/\/balkangreenenergynews.com\/rs\/wp-content\/uploads\/2020\/06\/velje-brdo-solarna-elektrana-tender.jpg?wsr","width":795,"height":407,"caption":"velje-brdo-solarna-elektrana-tender"},{"@type":"BreadcrumbList","@id":"https:\/\/balkangreenenergynews.com\/rs\/tender-za-solarnu-elektranu-na-lokaciji-velje-brdo-do-kraja-godine-moguce-povecanje-kapaciteta-na-300-mw\/#breadcrumb","itemListElement":[{"@type":"ListItem","position":1,"name":"Po\u010detna","item":"https:\/\/balkangreenenergynews.com\/rs\/"},{"@type":"ListItem","position":2,"name":"Vesti","item":"https:\/\/balkangreenenergynews.com\/rs\/kategorija\/vesti\/"},{"@type":"ListItem","position":3,"name":"OIE","item":"https:\/\/balkangreenenergynews.com\/rs\/kategorija\/vesti\/obnovljivi-izvori-energije\/"},{"@type":"ListItem","position":4,"name":"Tender za solarnu elektranu na lokaciji Velje brdo do kraja godine, mogu\u0107e pove\u0107anje kapaciteta na 300 MW"}]},{"@type":"WebSite","@id":"https:\/\/balkangreenenergynews.com\/rs\/#website","url":"https:\/\/balkangreenenergynews.com\/rs\/","name":"Balkan Green Energy News","description":"Naj\u0161iri izbor vesti sa Balkana o zelenoj energiji","potentialAction":[{"@type":"SearchAction","target":{"@type":"EntryPoint","urlTemplate":"https:\/\/balkangreenenergynews.com\/rs\/?s={search_term_string}"},"query-input":{"@type":"PropertyValueSpecification","valueRequired":true,"valueName":"search_term_string"}}],"inLanguage":"sr-RS"},{"@type":"Person","@id":"https:\/\/balkangreenenergynews.com\/rs\/#\/schema\/person\/99dc721c46113fea22caffad06ef7317","name":"Vladimir Spasi\u0107","url":"https:\/\/balkangreenenergynews.com\/rs\/author\/vladimir-spasic\/"}]}},"_links":{"self":[{"href":"https:\/\/balkangreenenergynews.com\/rs\/wp-json\/wp\/v2\/posts\/31386","targetHints":{"allow":["GET"]}}],"collection":[{"href":"https:\/\/balkangreenenergynews.com\/rs\/wp-json\/wp\/v2\/posts"}],"about":[{"href":"https:\/\/balkangreenenergynews.com\/rs\/wp-json\/wp\/v2\/types\/post"}],"author":[{"embeddable":true,"href":"https:\/\/balkangreenenergynews.com\/rs\/wp-json\/wp\/v2\/users\/23"}],"replies":[{"embeddable":true,"href":"https:\/\/balkangreenenergynews.com\/rs\/wp-json\/wp\/v2\/comments?post=31386"}],"version-history":[{"count":0,"href":"https:\/\/balkangreenenergynews.com\/rs\/wp-json\/wp\/v2\/posts\/31386\/revisions"}],"wp:featuredmedia":[{"embeddable":true,"href":"https:\/\/balkangreenenergynews.com\/rs\/wp-json\/wp\/v2\/media\/31388"}],"wp:attachment":[{"href":"https:\/\/balkangreenenergynews.com\/rs\/wp-json\/wp\/v2\/media?parent=31386"}],"wp:term":[{"taxonomy":"category","embeddable":true,"href":"https:\/\/balkangreenenergynews.com\/rs\/wp-json\/wp\/v2\/categories?post=31386"},{"taxonomy":"post_tag","embeddable":true,"href":"https:\/\/balkangreenenergynews.com\/rs\/wp-json\/wp\/v2\/tags?post=31386"}],"curies":[{"name":"wp","href":"https:\/\/api.w.org\/{rel}","templated":true}]}}