{"id":31015,"date":"2020-06-03T00:48:06","date_gmt":"2020-06-02T22:48:06","guid":{"rendered":"https:\/\/balkangreenenergynews.com\/rs\/?p=31015"},"modified":"2020-10-29T21:02:34","modified_gmt":"2020-10-29T20:02:34","slug":"eu-strategija-za-zastitu-biodiverziteta-2030-povratak-prirode-u-nase-zivote","status":"publish","type":"post","link":"https:\/\/balkangreenenergynews.com\/rs\/eu-strategija-za-zastitu-biodiverziteta-2030-povratak-prirode-u-nase-zivote\/","title":{"rendered":"EU Strategija za za\u0161titu biodiverziteta 2030  &#8211; povratak prirode u na\u0161e \u017eivote"},"content":{"rendered":"<p><em>Autor: Boris Erg, Direktor IUCN Regionalne kancelarije za Isto\u010dnu Evropu i Centralnu Aziju<\/em><\/p>\n<h2>Evropska Komisija je usvojila krajem maja <a href=\"https:\/\/eur-lex.europa.eu\/legal-content\/EN\/TXT\/?qid=1590574123338&amp;uri=CELEX:52020DC0380\">Strategiju za za\u0161titu biodiverziteta 2030<\/a>, defini\u0161u\u0107i je kao &#8222;sveobuhvatni, ambiciozni\u00a0 i dugoro\u010dni plan za za\u0161titu prirode i zaustavljanje degradacije ekosistema&#8220;. Strategija je bez sumnje objavljena u pravom trenutku.<\/h2>\n<p>Izve\u0161taj o <a href=\"https:\/\/ipbes.net\/news\/Media-Release-Global-Assessment\">Globalnoj proceni stanja biodiverziteta i ekosistemskih usluga<\/a> koji je pro\u0161le godine objavila Me\u0111uvladina platforma za biodiverzitet i ekosistemske usluge Ujedinjenih nacija (IPBES) potvrdio je da je \u201cu toku najintenzivnije odumiranje prirode i nestajanje divljih vrsta koje \u0107e ugroziti opstanak \u010dove\u010danstva.\u201d Samo godinu dana kasnije, Evropska unija je predlo\u017eila sveobuhvatan plan kojim \u0107e zaustaviti gubitak prirodnih resursa u Evropi do 2030. godine.<\/p>\n<p>Dok globalna pandemija i dalje vlada donose\u0107i razaraju\u0107e posledice, Strategija nas podse\u0107a na klju\u010dnu ulogu koju bi priroda trebalo da ima upravo u periodu posle COVID-19, nude\u0107i nam osnov za odr\u017eivi ekonomski oporavak dru\u0161tva, koji istovremeno \u0161titi prirodu. EU Strategija za za\u0161titu biodiverziteta 2030 \u0107e \u201cpobolj\u0161ati sposobnost na\u0161eg dru\u0161tva da se prilagodi budu\u0107im klimatskim izazovima i da adekvatno odgovori na prirodne katastrofe kao \u0161to su po\u017eari, nedostatak hrane ili izbijanje bolesti.\u201d Nesumnjive su dobrobiti za ljude, klimu i planetu koje Strategija predvi\u0111a zahvaljuju\u0107i oporavku biodiverziteta do 2030. godine. Treba ista\u0107i i posve\u0107enost Evropske unije da uzme aktivno u\u010de\u0161\u0107e u me\u0111unarodnim razgovorima o globalnom okviru za biodiverzitet\u00a0nakon\u00a02020. godine.<\/p>\n<h3><span style=\"\">&#8222;Super-godina&#8220; za biodiverzitet \u2013 odlo\u017eena, ne i otkazana<\/span><\/h3>\n<p>Godina 2020. je prepoznata kao \u201csuper-godina\u201d za biodiverzitet, budu\u0107i da je trebalo da se u njoj odr\u017ee dva klju\u010dna doga\u0111aja kada je u pitanju za\u0161tita prirode: IUCN Svetski kongres za za\u0161titu prirode\u00a0 i Konferencija zemalja \u010dlanica Konvencije o biolo\u0161koj raznovrsnosti (CBD COP 15). Na\u017ealost, izbijanje pandemije uzrokovalo je odlaganje oba doga\u0111aja. Uz podr\u0161ku IUCN-a i u okviru Konvencije o biolo\u0161koj raznovrsnosti, me\u0111unarodna zajednica je pripremala novi okvir za prirodu odlu\u010dno nameravaju\u0107i da \u201cporavna krivulju\u201d gubitka biodiverziteta. Pandemija je prouzrokovala odlaganje procesa, ali to ne zna\u010di i njegovo zaustavljanje. Tokom 2021. godine o\u010dekuje se kona\u010dni dogovor o \u201cpravcu kojim bi se ostvarila sveukupna vizija Konvencije o biolo\u0161koj raznovrsnosti o \u201d\u017eivljenju u harmoniji sa prirodom\u201d do 2050. godine. \u201d Cilj vladinih institucija, nau\u010dnika i istra\u017eiva\u010da kao i predstavnika privatnog i civilnog sektora je da sagledaju pozitivne i negativne strane sprovo\u0111enja Strategije za za\u0161titu biodiverziteta 2011-2020, uklju\u010duju\u0107i i Ai\u010di ciljeve biodiverziteta, kao i da pripreme globalni okvir za biodiverzitet nakon 2020. godine. Fokusiraju\u0107i se na ambiciozne ciljeve za za\u0161titu prirode do 2030, nova Strategija \u0107e zna\u010dajno doprineti ovim naporima.<\/p>\n<h3><span style=\"\">Za\u0161tita osetljivih prirodnih resursa\u00a0<\/span><\/h3>\n<p>U narednih deset godina Evropska unija se obavezala da \u0107e pro\u0161iriti mre\u017eu za\u0161ti\u0107enih prodru\u010dja u Evropi, nadogra\u0111uju\u0107i se na ve\u0107 postoje\u0107a za\u0161ti\u0107ena podru\u010dja i lokacije Natura 2000, sa ciljem da za\u0161titi najmanje 30% kopna i mora, kao i da omogu\u0107i da 10% budu strogo za\u0161ti\u0107ena podru\u010dja. Nedavne procene govore da je samo 3% kopnenih i 1% morskih podru\u010dja u Evropi pod strogom za\u0161titom, \u0161to je daleko ispod ovog cilja i onog \u0161to je potrebno obezbediti ukoliko \u017eelimo da suzbijemo postoje\u0107i talas ogromong gubitka biodiveziteta.<\/p>\n<p>Ohrabrujuc\u0301e je to \u0161to nova Strategija obuhvata ambiciozan plan EU za obnovu prirode, gde se fokus stavlja na obnovu degradiranog zemlji\u0161ta, koje je preko potrebno u trenutno fragmentiranom i izmenjenom pejza\u017eu Evropskih zemalja. Tako bi se, do 2030. godine, omogu\u0107ilo da 25.000 km postoje\u0107ih reka sa\u010duva svoj prirodni tok, kao i da bude zasa\u0111eno oko 3 milijarde stabala. Pored ovog, cilj Strategije je da povec\u0301a organsku poljoprivredu, smanji upotrebu pesticida za 50% i istovremeno zaustavi istrebljenje prirodnih polinatora. Prema <a href=\"https:\/\/ec.europa.eu\/environment\/nature\/conservation\/species\/redlist\/downloads\/European_bees.pdf\">Evropskoj crvenoj lista p\u010dela<\/a> koju je koordinisao IUCN, ove va\u017ene, ali \u010desto zanemarene vrste su pod velikom pretnjom od izumiranja u \u010ditavoj Evropi. P\u010dele su samo jedan od nekoliko polinatora, neophodih\u00a0 za proizvodnju hrane i na\u0161e ukupno blagostanje.<\/p>\n<p>Kada je re\u010d o mobilizaciji resursa, Evropska unija se obavezala da \u0107e da prikupi najmanje 20 milijadi evra godi\u0161nje za &#8222;prirodu, osna\u017eivanje poslovanja, javnih institucija, gradova i lokalnih uprava kako bi pitanje biodiverziteta uklju\u010dile u procese dono\u0161enja odluka&#8220;. Ukoliko se ostvari, ovaj plan \u0107e predstavljati jak podstrek naj\u010de\u0161\u0107e ugro\u017eenim sektorima koji se bave za\u0161titom prirode.<\/p>\n<p><img loading=\"lazy\" decoding=\"async\" class=\"aligncenter wp-image-31016 size-full\" src=\"https:\/\/balkangreenenergynews.com\/rs\/wp-content\/uploads\/2020\/06\/Graph_Erg-Biodiversity.png\" alt=\"Graph_Erg Biodiversity\" width=\"549\" height=\"288\" srcset=\"https:\/\/balkangreenenergynews.com\/rs\/wp-content\/uploads\/2020\/06\/Graph_Erg-Biodiversity.png 549w, https:\/\/balkangreenenergynews.com\/rs\/wp-content\/uploads\/2020\/06\/Graph_Erg-Biodiversity-500x262.png 500w, https:\/\/balkangreenenergynews.com\/rs\/wp-content\/uploads\/2020\/06\/Graph_Erg-Biodiversity-300x157.png 300w\" sizes=\"auto, (max-width: 549px) 100vw, 549px\" \/><\/p>\n<h3><span style=\"\">Klju\u010dni element za Evropski zeleni dogovor<\/span><\/h3>\n<p>EU strategija za za\u0161titu biodiverziteta 2030 usvojena je kao jedan od klju\u010dnih elemenata na kome se zasniva <a href=\"https:\/\/ec.europa.eu\/info\/strategy\/priorities-2019-2024\/european-green-deal_en\">Evropski zeleni plan,<\/a> pored Strategije &#8222;Farma do vilju\u0161ke\u201c, koja ima za cilj da proizvodnju hrane u\u010dini odr\u017eivijom. O\u010dekuje se da Zelena agenda za Zapadni Balkan, regionalni izdanak koja ima za cilj osna\u017eivanje za\u0161tite prirode u regionu i bolje uskla\u0111ivanje s politikama EU na ovu temu, bude jedan od glavnih pokreta\u010da za kreiranje politika za\u0161tite prirode kao i same aktivnosti na terenu.<\/p>\n<p>IUCN i njene \u010dlanice i partneri odlu\u010dno podr\u017eavanju proces formiranja <a href=\"hhttps:\/\/balkangreenenergynews.com\/towards-greener-agenda-for-western-balkans\/\">Zelene agende za Zapadni Balkan<\/a>, i rade na tome da pitanje biodiverziteta bude jedan od prioreta na agendi zemalja Zapadnog Balkana. Odr\u017eane su i prve konsultacije na ovu temu, u kojima su u\u010destvovali \u010dlanovi Radne grupe za biodiverzitet za jugoisto\u010dnu Evropu i drugi va\u017eni regionalni partneri. Uspe\u0161no definisanje prioriteta i mobilizacija resursa predstavljaju klju\u010dne elemente buduc\u0301e Zelene agende.<\/p>\n<h3><span style=\"\">Zaklju\u010dak<\/span><\/h3>\n<p>Na\u0161a buduc\u0301nost je duboko povezana i ovisi o prirodi i zdravom ekosistemu. Ukoliko \u017eelimo da izgradimo odr\u017eivu buduc\u0301nost, na\u0161e dru\u0161tvo mora\u0107e su\u0161tinski da se menja. Strategija za za\u0161titu biodiverziteta EU 2030 predstavlja prvi korak ka zajedni\u010dkom postizanju odr\u017eivijeg i otpornijeg dru\u0161tva. Ostaje samo pitanje &#8211; da li c\u0301emo u tome i uspeti? Da li c\u0301e Evropska komisija i dr\u017eave \u010dlanice omogu\u0107iti sredstva i posti\u0107i \u017eeljeni cilj? Zarad na\u0161e buduc\u0301nosti i \u017eivog sveta koje nas okru\u017euje, iskreno se nadamo da ho\u0107e.<\/p>\n","protected":false},"excerpt":{"rendered":"<p>Autor: Boris Erg, Direktor IUCN Regionalne kancelarije za Isto\u010dnu Evropu i Centralnu Aziju Evropska Komisija&#8230;<\/p>\n","protected":false},"author":25,"featured_media":31017,"comment_status":"open","ping_status":"closed","sticky":false,"template":"","format":"standard","meta":{"_acf_changed":false,"_monsterinsights_skip_tracking":false,"_monsterinsights_sitenote_active":false,"_monsterinsights_sitenote_note":"","_monsterinsights_sitenote_category":0,"footnotes":""},"categories":[5253,484,4],"tags":[5609,5487,4300,5465,5404,5616,1411,5178,5496],"class_list":["post-31015","post","type-post","status-publish","format-standard","has-post-thumbnail","hentry","category-biodiverzitet","category-u-fokusu","category-zivotna-sredina","tag-boris-erg","tag-covid-19","tag-ekosistemske-usluge","tag-evropski-zeleni-dogovor","tag-iucn","tag-konvencija-o-bioloskoj-raznovrsnosti","tag-natura-2000","tag-priroda","tag-zelena-agenda-za-zapadni-balkan","country-regioneu"],"acf":[],"yoast_head":"<!-- This site is optimized with the Yoast SEO plugin v27.4 - https:\/\/yoast.com\/product\/yoast-seo-wordpress\/ -->\n<title>EU Strategija za za\u0161titu biodiverziteta 2030 - povratak prirode u na\u0161e \u017eivote<\/title>\n<meta name=\"description\" content=\"Evropska Komisija je usvojila krajem maja Strategiju za za\u0161titu biodiverziteta 2030, defini\u0161u\u0107i je kao \u201csveobuhvatni, ambiciozni\u00a0 i dugoro\u010dni plan za za\u0161titu\" \/>\n<meta name=\"robots\" content=\"index, follow, max-snippet:-1, max-image-preview:large, max-video-preview:-1\" \/>\n<link rel=\"canonical\" href=\"https:\/\/balkangreenenergynews.com\/rs\/eu-strategija-za-zastitu-biodiverziteta-2030-povratak-prirode-u-nase-zivote\/\" \/>\n<meta property=\"og:locale\" content=\"sr_RS\" \/>\n<meta property=\"og:type\" content=\"article\" \/>\n<meta property=\"og:title\" content=\"EU Strategija za za\u0161titu biodiverziteta 2030 - povratak prirode u na\u0161e \u017eivote\" \/>\n<meta property=\"og:description\" content=\"Evropska Komisija je usvojila krajem maja Strategiju za za\u0161titu biodiverziteta 2030, defini\u0161u\u0107i je kao \u201csveobuhvatni, ambiciozni\u00a0 i dugoro\u010dni plan za za\u0161titu\" \/>\n<meta property=\"og:url\" content=\"https:\/\/balkangreenenergynews.com\/rs\/eu-strategija-za-zastitu-biodiverziteta-2030-povratak-prirode-u-nase-zivote\/\" \/>\n<meta property=\"og:site_name\" content=\"Balkan Green Energy News\" \/>\n<meta property=\"article:published_time\" content=\"2020-06-02T22:48:06+00:00\" \/>\n<meta property=\"article:modified_time\" content=\"2020-10-29T20:02:34+00:00\" \/>\n<meta property=\"og:image\" content=\"https:\/\/balkangreenenergynews.com\/rs\/wp-content\/uploads\/2020\/06\/Boris-Erg-IUCN.jpg\" \/>\n\t<meta property=\"og:image:width\" content=\"795\" \/>\n\t<meta property=\"og:image:height\" content=\"407\" \/>\n\t<meta property=\"og:image:type\" content=\"image\/jpeg\" \/>\n<meta name=\"author\" content=\"Balkan Green Energy News\" \/>\n<meta name=\"twitter:card\" content=\"summary_large_image\" \/>\n<meta name=\"twitter:label1\" content=\"\u041d\u0430\u043f\u0438\u0441\u0430\u043d\u043e \u043e\u0434\" \/>\n\t<meta name=\"twitter:data1\" content=\"Balkan Green Energy News\" \/>\n\t<meta name=\"twitter:label2\" content=\"\u041f\u0440\u043e\u0446\u0435\u045a\u0435\u043d\u043e \u0432\u0440\u0435\u043c\u0435 \u0447\u0438\u0442\u0430\u045a\u0430\" \/>\n\t<meta name=\"twitter:data2\" content=\"5 \u043c\u0438\u043d\u0443\u0442\u0430\" \/>\n<script type=\"application\/ld+json\" class=\"yoast-schema-graph\">{\"@context\":\"https:\\\/\\\/schema.org\",\"@graph\":[{\"@type\":\"Article\",\"@id\":\"https:\\\/\\\/balkangreenenergynews.com\\\/rs\\\/eu-strategija-za-zastitu-biodiverziteta-2030-povratak-prirode-u-nase-zivote\\\/#article\",\"isPartOf\":{\"@id\":\"https:\\\/\\\/balkangreenenergynews.com\\\/rs\\\/eu-strategija-za-zastitu-biodiverziteta-2030-povratak-prirode-u-nase-zivote\\\/\"},\"author\":{\"name\":\"Balkan Green Energy News\",\"@id\":\"https:\\\/\\\/balkangreenenergynews.com\\\/rs\\\/#\\\/schema\\\/person\\\/dee275e6036b1a0f7ceaf956d79d4eff\"},\"headline\":\"EU Strategija za za\u0161titu biodiverziteta 2030 &#8211; povratak prirode u na\u0161e \u017eivote\",\"datePublished\":\"2020-06-02T22:48:06+00:00\",\"dateModified\":\"2020-10-29T20:02:34+00:00\",\"mainEntityOfPage\":{\"@id\":\"https:\\\/\\\/balkangreenenergynews.com\\\/rs\\\/eu-strategija-za-zastitu-biodiverziteta-2030-povratak-prirode-u-nase-zivote\\\/\"},\"wordCount\":1028,\"commentCount\":0,\"image\":{\"@id\":\"https:\\\/\\\/balkangreenenergynews.com\\\/rs\\\/eu-strategija-za-zastitu-biodiverziteta-2030-povratak-prirode-u-nase-zivote\\\/#primaryimage\"},\"thumbnailUrl\":\"https:\\\/\\\/balkangreenenergynews.com\\\/rs\\\/wp-content\\\/uploads\\\/2020\\\/06\\\/Boris-Erg-IUCN.jpg?wsr\",\"keywords\":[\"Boris Erg\",\"COVID-19\",\"ekosistemske usluge\",\"Evropski zeleni dogovor\",\"IUCN\",\"Konvencija o biolo\u0161koj raznovrsnosti\",\"Natura 2000\",\"priroda\",\"Zelena agenda za Zapadni Balkan\"],\"articleSection\":[\"Biodiverzitet\",\"U fokusu\",\"\u017divotna sredina\"],\"inLanguage\":\"sr-RS\",\"potentialAction\":[{\"@type\":\"CommentAction\",\"name\":\"Comment\",\"target\":[\"https:\\\/\\\/balkangreenenergynews.com\\\/rs\\\/eu-strategija-za-zastitu-biodiverziteta-2030-povratak-prirode-u-nase-zivote\\\/#respond\"]}]},{\"@type\":\"WebPage\",\"@id\":\"https:\\\/\\\/balkangreenenergynews.com\\\/rs\\\/eu-strategija-za-zastitu-biodiverziteta-2030-povratak-prirode-u-nase-zivote\\\/\",\"url\":\"https:\\\/\\\/balkangreenenergynews.com\\\/rs\\\/eu-strategija-za-zastitu-biodiverziteta-2030-povratak-prirode-u-nase-zivote\\\/\",\"name\":\"EU Strategija za za\u0161titu biodiverziteta 2030 - povratak prirode u na\u0161e \u017eivote\",\"isPartOf\":{\"@id\":\"https:\\\/\\\/balkangreenenergynews.com\\\/rs\\\/#website\"},\"primaryImageOfPage\":{\"@id\":\"https:\\\/\\\/balkangreenenergynews.com\\\/rs\\\/eu-strategija-za-zastitu-biodiverziteta-2030-povratak-prirode-u-nase-zivote\\\/#primaryimage\"},\"image\":{\"@id\":\"https:\\\/\\\/balkangreenenergynews.com\\\/rs\\\/eu-strategija-za-zastitu-biodiverziteta-2030-povratak-prirode-u-nase-zivote\\\/#primaryimage\"},\"thumbnailUrl\":\"https:\\\/\\\/balkangreenenergynews.com\\\/rs\\\/wp-content\\\/uploads\\\/2020\\\/06\\\/Boris-Erg-IUCN.jpg?wsr\",\"datePublished\":\"2020-06-02T22:48:06+00:00\",\"dateModified\":\"2020-10-29T20:02:34+00:00\",\"author\":{\"@id\":\"https:\\\/\\\/balkangreenenergynews.com\\\/rs\\\/#\\\/schema\\\/person\\\/dee275e6036b1a0f7ceaf956d79d4eff\"},\"description\":\"Evropska Komisija je usvojila krajem maja Strategiju za za\u0161titu biodiverziteta 2030, defini\u0161u\u0107i je kao \u201csveobuhvatni, ambiciozni\u00a0 i dugoro\u010dni plan za za\u0161titu\",\"breadcrumb\":{\"@id\":\"https:\\\/\\\/balkangreenenergynews.com\\\/rs\\\/eu-strategija-za-zastitu-biodiverziteta-2030-povratak-prirode-u-nase-zivote\\\/#breadcrumb\"},\"inLanguage\":\"sr-RS\",\"potentialAction\":[{\"@type\":\"ReadAction\",\"target\":[\"https:\\\/\\\/balkangreenenergynews.com\\\/rs\\\/eu-strategija-za-zastitu-biodiverziteta-2030-povratak-prirode-u-nase-zivote\\\/\"]}]},{\"@type\":\"ImageObject\",\"inLanguage\":\"sr-RS\",\"@id\":\"https:\\\/\\\/balkangreenenergynews.com\\\/rs\\\/eu-strategija-za-zastitu-biodiverziteta-2030-povratak-prirode-u-nase-zivote\\\/#primaryimage\",\"url\":\"https:\\\/\\\/balkangreenenergynews.com\\\/rs\\\/wp-content\\\/uploads\\\/2020\\\/06\\\/Boris-Erg-IUCN.jpg?wsr\",\"contentUrl\":\"https:\\\/\\\/balkangreenenergynews.com\\\/rs\\\/wp-content\\\/uploads\\\/2020\\\/06\\\/Boris-Erg-IUCN.jpg?wsr\",\"width\":795,\"height\":407,\"caption\":\"Boris Erg IUCN\"},{\"@type\":\"BreadcrumbList\",\"@id\":\"https:\\\/\\\/balkangreenenergynews.com\\\/rs\\\/eu-strategija-za-zastitu-biodiverziteta-2030-povratak-prirode-u-nase-zivote\\\/#breadcrumb\",\"itemListElement\":[{\"@type\":\"ListItem\",\"position\":1,\"name\":\"Po\u010detna\",\"item\":\"https:\\\/\\\/balkangreenenergynews.com\\\/rs\\\/\"},{\"@type\":\"ListItem\",\"position\":2,\"name\":\"U fokusu\",\"item\":\"https:\\\/\\\/balkangreenenergynews.com\\\/rs\\\/kategorija\\\/u-fokusu\\\/\"},{\"@type\":\"ListItem\",\"position\":3,\"name\":\"EU Strategija za za\u0161titu biodiverziteta 2030 &#8211; povratak prirode u na\u0161e \u017eivote\"}]},{\"@type\":\"WebSite\",\"@id\":\"https:\\\/\\\/balkangreenenergynews.com\\\/rs\\\/#website\",\"url\":\"https:\\\/\\\/balkangreenenergynews.com\\\/rs\\\/\",\"name\":\"Balkan Green Energy News\",\"description\":\"Naj\u0161iri izbor vesti sa Balkana o zelenoj energiji\",\"potentialAction\":[{\"@type\":\"SearchAction\",\"target\":{\"@type\":\"EntryPoint\",\"urlTemplate\":\"https:\\\/\\\/balkangreenenergynews.com\\\/rs\\\/?s={search_term_string}\"},\"query-input\":{\"@type\":\"PropertyValueSpecification\",\"valueRequired\":true,\"valueName\":\"search_term_string\"}}],\"inLanguage\":\"sr-RS\"},{\"@type\":\"Person\",\"@id\":\"https:\\\/\\\/balkangreenenergynews.com\\\/rs\\\/#\\\/schema\\\/person\\\/dee275e6036b1a0f7ceaf956d79d4eff\",\"name\":\"Balkan Green Energy News\",\"url\":\"https:\\\/\\\/balkangreenenergynews.com\\\/rs\\\/author\\\/balkangreenenergynews\\\/\"}]}<\/script>\n<!-- \/ Yoast SEO plugin. -->","yoast_head_json":{"title":"EU Strategija za za\u0161titu biodiverziteta 2030 - povratak prirode u na\u0161e \u017eivote","description":"Evropska Komisija je usvojila krajem maja Strategiju za za\u0161titu biodiverziteta 2030, defini\u0161u\u0107i je kao \u201csveobuhvatni, ambiciozni\u00a0 i dugoro\u010dni plan za za\u0161titu","robots":{"index":"index","follow":"follow","max-snippet":"max-snippet:-1","max-image-preview":"max-image-preview:large","max-video-preview":"max-video-preview:-1"},"canonical":"https:\/\/balkangreenenergynews.com\/rs\/eu-strategija-za-zastitu-biodiverziteta-2030-povratak-prirode-u-nase-zivote\/","og_locale":"sr_RS","og_type":"article","og_title":"EU Strategija za za\u0161titu biodiverziteta 2030 - povratak prirode u na\u0161e \u017eivote","og_description":"Evropska Komisija je usvojila krajem maja Strategiju za za\u0161titu biodiverziteta 2030, defini\u0161u\u0107i je kao \u201csveobuhvatni, ambiciozni\u00a0 i dugoro\u010dni plan za za\u0161titu","og_url":"https:\/\/balkangreenenergynews.com\/rs\/eu-strategija-za-zastitu-biodiverziteta-2030-povratak-prirode-u-nase-zivote\/","og_site_name":"Balkan Green Energy News","article_published_time":"2020-06-02T22:48:06+00:00","article_modified_time":"2020-10-29T20:02:34+00:00","og_image":[{"width":795,"height":407,"url":"https:\/\/balkangreenenergynews.com\/rs\/wp-content\/uploads\/2020\/06\/Boris-Erg-IUCN.jpg","type":"image\/jpeg"}],"author":"Balkan Green Energy News","twitter_card":"summary_large_image","twitter_misc":{"\u041d\u0430\u043f\u0438\u0441\u0430\u043d\u043e \u043e\u0434":"Balkan Green Energy News","\u041f\u0440\u043e\u0446\u0435\u045a\u0435\u043d\u043e \u0432\u0440\u0435\u043c\u0435 \u0447\u0438\u0442\u0430\u045a\u0430":"5 \u043c\u0438\u043d\u0443\u0442\u0430"},"schema":{"@context":"https:\/\/schema.org","@graph":[{"@type":"Article","@id":"https:\/\/balkangreenenergynews.com\/rs\/eu-strategija-za-zastitu-biodiverziteta-2030-povratak-prirode-u-nase-zivote\/#article","isPartOf":{"@id":"https:\/\/balkangreenenergynews.com\/rs\/eu-strategija-za-zastitu-biodiverziteta-2030-povratak-prirode-u-nase-zivote\/"},"author":{"name":"Balkan Green Energy News","@id":"https:\/\/balkangreenenergynews.com\/rs\/#\/schema\/person\/dee275e6036b1a0f7ceaf956d79d4eff"},"headline":"EU Strategija za za\u0161titu biodiverziteta 2030 &#8211; povratak prirode u na\u0161e \u017eivote","datePublished":"2020-06-02T22:48:06+00:00","dateModified":"2020-10-29T20:02:34+00:00","mainEntityOfPage":{"@id":"https:\/\/balkangreenenergynews.com\/rs\/eu-strategija-za-zastitu-biodiverziteta-2030-povratak-prirode-u-nase-zivote\/"},"wordCount":1028,"commentCount":0,"image":{"@id":"https:\/\/balkangreenenergynews.com\/rs\/eu-strategija-za-zastitu-biodiverziteta-2030-povratak-prirode-u-nase-zivote\/#primaryimage"},"thumbnailUrl":"https:\/\/balkangreenenergynews.com\/rs\/wp-content\/uploads\/2020\/06\/Boris-Erg-IUCN.jpg?wsr","keywords":["Boris Erg","COVID-19","ekosistemske usluge","Evropski zeleni dogovor","IUCN","Konvencija o biolo\u0161koj raznovrsnosti","Natura 2000","priroda","Zelena agenda za Zapadni Balkan"],"articleSection":["Biodiverzitet","U fokusu","\u017divotna sredina"],"inLanguage":"sr-RS","potentialAction":[{"@type":"CommentAction","name":"Comment","target":["https:\/\/balkangreenenergynews.com\/rs\/eu-strategija-za-zastitu-biodiverziteta-2030-povratak-prirode-u-nase-zivote\/#respond"]}]},{"@type":"WebPage","@id":"https:\/\/balkangreenenergynews.com\/rs\/eu-strategija-za-zastitu-biodiverziteta-2030-povratak-prirode-u-nase-zivote\/","url":"https:\/\/balkangreenenergynews.com\/rs\/eu-strategija-za-zastitu-biodiverziteta-2030-povratak-prirode-u-nase-zivote\/","name":"EU Strategija za za\u0161titu biodiverziteta 2030 - povratak prirode u na\u0161e \u017eivote","isPartOf":{"@id":"https:\/\/balkangreenenergynews.com\/rs\/#website"},"primaryImageOfPage":{"@id":"https:\/\/balkangreenenergynews.com\/rs\/eu-strategija-za-zastitu-biodiverziteta-2030-povratak-prirode-u-nase-zivote\/#primaryimage"},"image":{"@id":"https:\/\/balkangreenenergynews.com\/rs\/eu-strategija-za-zastitu-biodiverziteta-2030-povratak-prirode-u-nase-zivote\/#primaryimage"},"thumbnailUrl":"https:\/\/balkangreenenergynews.com\/rs\/wp-content\/uploads\/2020\/06\/Boris-Erg-IUCN.jpg?wsr","datePublished":"2020-06-02T22:48:06+00:00","dateModified":"2020-10-29T20:02:34+00:00","author":{"@id":"https:\/\/balkangreenenergynews.com\/rs\/#\/schema\/person\/dee275e6036b1a0f7ceaf956d79d4eff"},"description":"Evropska Komisija je usvojila krajem maja Strategiju za za\u0161titu biodiverziteta 2030, defini\u0161u\u0107i je kao \u201csveobuhvatni, ambiciozni\u00a0 i dugoro\u010dni plan za za\u0161titu","breadcrumb":{"@id":"https:\/\/balkangreenenergynews.com\/rs\/eu-strategija-za-zastitu-biodiverziteta-2030-povratak-prirode-u-nase-zivote\/#breadcrumb"},"inLanguage":"sr-RS","potentialAction":[{"@type":"ReadAction","target":["https:\/\/balkangreenenergynews.com\/rs\/eu-strategija-za-zastitu-biodiverziteta-2030-povratak-prirode-u-nase-zivote\/"]}]},{"@type":"ImageObject","inLanguage":"sr-RS","@id":"https:\/\/balkangreenenergynews.com\/rs\/eu-strategija-za-zastitu-biodiverziteta-2030-povratak-prirode-u-nase-zivote\/#primaryimage","url":"https:\/\/balkangreenenergynews.com\/rs\/wp-content\/uploads\/2020\/06\/Boris-Erg-IUCN.jpg?wsr","contentUrl":"https:\/\/balkangreenenergynews.com\/rs\/wp-content\/uploads\/2020\/06\/Boris-Erg-IUCN.jpg?wsr","width":795,"height":407,"caption":"Boris Erg IUCN"},{"@type":"BreadcrumbList","@id":"https:\/\/balkangreenenergynews.com\/rs\/eu-strategija-za-zastitu-biodiverziteta-2030-povratak-prirode-u-nase-zivote\/#breadcrumb","itemListElement":[{"@type":"ListItem","position":1,"name":"Po\u010detna","item":"https:\/\/balkangreenenergynews.com\/rs\/"},{"@type":"ListItem","position":2,"name":"U fokusu","item":"https:\/\/balkangreenenergynews.com\/rs\/kategorija\/u-fokusu\/"},{"@type":"ListItem","position":3,"name":"EU Strategija za za\u0161titu biodiverziteta 2030 &#8211; povratak prirode u na\u0161e \u017eivote"}]},{"@type":"WebSite","@id":"https:\/\/balkangreenenergynews.com\/rs\/#website","url":"https:\/\/balkangreenenergynews.com\/rs\/","name":"Balkan Green Energy News","description":"Naj\u0161iri izbor vesti sa Balkana o zelenoj energiji","potentialAction":[{"@type":"SearchAction","target":{"@type":"EntryPoint","urlTemplate":"https:\/\/balkangreenenergynews.com\/rs\/?s={search_term_string}"},"query-input":{"@type":"PropertyValueSpecification","valueRequired":true,"valueName":"search_term_string"}}],"inLanguage":"sr-RS"},{"@type":"Person","@id":"https:\/\/balkangreenenergynews.com\/rs\/#\/schema\/person\/dee275e6036b1a0f7ceaf956d79d4eff","name":"Balkan Green Energy News","url":"https:\/\/balkangreenenergynews.com\/rs\/author\/balkangreenenergynews\/"}]}},"_links":{"self":[{"href":"https:\/\/balkangreenenergynews.com\/rs\/wp-json\/wp\/v2\/posts\/31015","targetHints":{"allow":["GET"]}}],"collection":[{"href":"https:\/\/balkangreenenergynews.com\/rs\/wp-json\/wp\/v2\/posts"}],"about":[{"href":"https:\/\/balkangreenenergynews.com\/rs\/wp-json\/wp\/v2\/types\/post"}],"author":[{"embeddable":true,"href":"https:\/\/balkangreenenergynews.com\/rs\/wp-json\/wp\/v2\/users\/25"}],"replies":[{"embeddable":true,"href":"https:\/\/balkangreenenergynews.com\/rs\/wp-json\/wp\/v2\/comments?post=31015"}],"version-history":[{"count":0,"href":"https:\/\/balkangreenenergynews.com\/rs\/wp-json\/wp\/v2\/posts\/31015\/revisions"}],"wp:featuredmedia":[{"embeddable":true,"href":"https:\/\/balkangreenenergynews.com\/rs\/wp-json\/wp\/v2\/media\/31017"}],"wp:attachment":[{"href":"https:\/\/balkangreenenergynews.com\/rs\/wp-json\/wp\/v2\/media?parent=31015"}],"wp:term":[{"taxonomy":"category","embeddable":true,"href":"https:\/\/balkangreenenergynews.com\/rs\/wp-json\/wp\/v2\/categories?post=31015"},{"taxonomy":"post_tag","embeddable":true,"href":"https:\/\/balkangreenenergynews.com\/rs\/wp-json\/wp\/v2\/tags?post=31015"}],"curies":[{"name":"wp","href":"https:\/\/api.w.org\/{rel}","templated":true}]}}