{"id":28118,"date":"2020-02-12T12:58:11","date_gmt":"2020-02-12T11:58:11","guid":{"rendered":"https:\/\/balkangreenenergynews.com\/rs\/?p=28118"},"modified":"2020-05-03T16:02:50","modified_gmt":"2020-05-03T14:02:50","slug":"odrzivi-razvoj-ne-sme-da-zavisi-iskljucivo-od-ekonomskog-rasta","status":"publish","type":"post","link":"https:\/\/balkangreenenergynews.com\/rs\/odrzivi-razvoj-ne-sme-da-zavisi-iskljucivo-od-ekonomskog-rasta\/","title":{"rendered":"Odr\u017eivi razvoj ne sme da zavisi isklju\u010divo od ekonomskog rasta"},"content":{"rendered":"<p><em>Autor: Danko Kalkan, koordinator za energetsku efikasnost i za\u0161titu \u017eivotne sredine u ProCredit banci\u00a0<\/em><\/p>\n<h2>U ve\u0107ini zemalja u kojima dominira kapitalisti\u010dki ekonomski sistem va\u017ei pravilo da unapre\u0111enje stanja \u017eivotne sredine mora da pri\u010deka dok se ne dostigne odre\u0111eni nivo ekonomskog razvoja. Ova pogre\u0161na mantra posledi\u010dno je dovela do ka\u0161njenja u implementaciji principa odr\u017eivog razvoja, \u0161to je izazvalo ekolo\u0161ku i klimatsku krizu.<\/h2>\n<p>Kada se govori o odr\u017eivom razvoju, neophodno je podsetiti da on predstavlja oblik razvoja u kojem se te\u017ei uspostavljanju balansa izme\u0111u ekonomskih, ekolo\u0161kih i socijalnih ciljeva. Me\u0111utim, \u010dinjenica je da ve\u0107 decenijama maksimizacija profita i rast nacionalnih ekonomija predstavljaju glavne ciljeve.<\/p>\n<p>Dominantni ekononomski sistem dana\u0161njice bazira se na ideji konstantnog rasta i razvoja. Uzgred, ova ideja se oslanja na niz pogre\u0161nih pretpostavki, od kojih je sa ekolo\u0161kog aspekta najkriti\u010dna ona da su prirodni resursi neograni\u010deni. Pored toga, danas \u010desto mo\u017eemo \u010duti da \u017eivotnu sredinu moramo \u017ertvovati zarad ekonomskog rasta.<\/p>\n<h3><span style=\"\">Prvo ekonomski rast, pa onda mo\u017eemo pri\u010dati o ekologiji<\/span><\/h3>\n<p>Ameri\u010dki ekonomista i statisti\u010dar Simon Kuznjec doprineo je ekonomskoj nauci otkri\u0107em veze izme\u0111u nivoa nejednakosti i dugoro\u010dnog ekonomskog razvoja. Prema rezultatima njegovog istra\u017eivanja, tr\u017ei\u0161te uti\u010de tako da se tokom vremena ekonomska nejednakost najpre pove\u0107ava (u toku perioda industrijalizacije), a zatim po\u010dne da se smanjuje u momentu kada zemlja zavr\u0161i proces industrijalizacije.<\/p>\n<p><img loading=\"lazy\" decoding=\"async\" class=\"size-full wp-image-29636 aligncenter\" src=\"https:\/\/balkangreenenergynews.com\/rs\/wp-content\/uploads\/2020\/02\/autorski-tekst-danko-kalkan-grafikon.jpg\" alt=\"\" width=\"500\" height=\"279\" srcset=\"https:\/\/balkangreenenergynews.com\/rs\/wp-content\/uploads\/2020\/02\/autorski-tekst-danko-kalkan-grafikon.jpg 500w, https:\/\/balkangreenenergynews.com\/rs\/wp-content\/uploads\/2020\/02\/autorski-tekst-danko-kalkan-grafikon-300x167.jpg 300w\" sizes=\"auto, (max-width: 500px) 100vw, 500px\" \/><\/p>\n<p>Devedesetih godina pro\u0161log veka, ameri\u010dki ekonomisti D\u017ein Grosman i Alan Kruger uporedili su podatke o kretanju bruto dru\u0161tvenog proizvoda (BDP) sa informacijama o lokalnom zaga\u0111enju vode i vazduha u \u010detrdesetak zemalja. Do\u0161li su do zaklju\u010dka da je zaga\u0111enje tokom vremena raslo, a zatim po\u010delo da opada kako je rastao BDP. Oblik krive koju su dobili u istra\u017eivanju bio je identi\u010dan Kuznjecovoj. Stoga, njihovo otkri\u0107e dobilo je naziv ekolo\u0161ka Kuznjecova kriva.<\/p>\n<p><img loading=\"lazy\" decoding=\"async\" class=\"size-full wp-image-29635 aligncenter\" src=\"https:\/\/balkangreenenergynews.com\/rs\/wp-content\/uploads\/2020\/02\/autorski-tekst-danko-kalkan-graf.jpg\" alt=\"\" width=\"500\" height=\"281\" srcset=\"https:\/\/balkangreenenergynews.com\/rs\/wp-content\/uploads\/2020\/02\/autorski-tekst-danko-kalkan-graf.jpg 500w, https:\/\/balkangreenenergynews.com\/rs\/wp-content\/uploads\/2020\/02\/autorski-tekst-danko-kalkan-graf-300x169.jpg 300w\" sizes=\"auto, (max-width: 500px) 100vw, 500px\" \/><\/p>\n<p>Kriva nam govori da ekonomski razvoj u po\u010detnim fazama vodi do pove\u0107ane ugro\u017eenosti \u017eivotne sredine, da bi se potom, nakon dostizanja odre\u0111enog nivoa razvoja, smanjio stepen degradacije. Ona nam pokazuje da moramo da budemo strpljivi dok ne dostignemo odre\u0111eni nivo ekonomskog razvoja kako bi se \u017eivotna sredina po\u010dela oporavljati.<\/p>\n<p>Ekonomisti koji podr\u017eavaju ovu teoriju uglavnom koriste tri argumenta. Prvo, porastom \u017eivotnog standarda, stanovni\u0161tvo po\u010dinje da brine o ekolo\u0161kim problemima zahtevaju\u0107i visoke standarde i stroga pravila. Drugo, industrije u bogatim zemljama mogu priu\u0161titi \u010distije (skuplje) tehnologije. Kona\u010dno, u razvijenim ekonomijama udeo uslu\u017enih delatnosti se pove\u0107ava nau\u0161trb proizvodnih aktivnosti, \u0161to navodno automatski dovodi do smanjenja koli\u010dine direktnog zaga\u0111enja.<\/p>\n<h3><span style=\"\">Ipak, ekonomsko stanje nije presudno<\/span><\/h3>\n<p>Gorepomenuti argumenti pristalica ekolo\u0161ke Kuznjecove krive imaju nekoliko slabosti. Manjkavosti ove teorije ogledaju se, pre svega, u tome \u0161to sa ekolo\u0161ke strane nisu uzeti u razmatranje va\u017eni podaci kao \u0161to su upotreba resursa, emisije \u0161tetnih gasova, gubitak biodiverziteta, degradacija zemlji\u0161ta, kr\u010denje \u0161uma i sli\u010dno, ve\u0107 samo podaci o kvalitetu vode i vazduha. Tako\u0111e, gledano sa ekonomske strane, u obzir nisu uzeti podaci o kori\u0161\u0107enim tehnologijama, javnoj politikamaci i ekonomskim sistema u datim zemljama.<\/p>\n<p>Proveravaju\u0107i ekolo\u0161ku krivu, profesori ekonomije Marijano Toras i D\u017eejms K. Bojs do\u0161li su do zaklju\u010dka da dru\u0161tvo ipak ne mora da \u010deka porast BDP-a kako bi zahtevalo \u010dist vazduh i vodu. Oni su ukrstili podatke kori\u0161\u0107ene za dobijanje ekolo\u0161ke Kuznjecove krive sa pokazateljima gra\u0111anske mo\u0107i.<\/p>\n<blockquote><p>Kvalitet \u017eivotne sredine je bolji u zemljama s pravednijom raspodelom prihoda, visokim stepenom pismenosti i po\u0161tovanjem gra\u0111anskih i politi\u010dkih prava<\/p><\/blockquote>\n<p>U velikom broju zemalja, a posebno u onim sa niskim nivoom prihoda, otkrili su da je kvalitet \u017eivotne sredine bolji ukoliko je u njima prihod pravednije raspore\u0111en, zatim ako postoji visok stepen pismenosti, kao i pod uslovom da su gra\u0111anska i politi\u010dka prava bolje po\u0161tovana.<\/p>\n<h3><span style=\"\">Zaga\u0111ivanje se pri tranziciji ka uslugama izme\u0161ta<\/span><\/h3>\n<p>Gra\u0111anska mo\u0107 tako\u0111e uti\u010de na podizanje ekolo\u0161kih standarda i unapre\u0111enje zakona, \u0161to na kraju rezultira pritiskom na industriju da pre\u0111e na \u010distije tehnologije. \u010ci\u0161\u0107enje vode i vazduha u jednoj zemlji kroz tranziciju sa industrijskog na uslu\u017eno dru\u0161tvo ne elimini\u0161e zaga\u0111iva\u010de, ve\u0107 ih samo dislocira u zemlje u kojima ne postoje visoki ekolo\u0161ki standardi.<\/p>\n<p>Dodatno, zahvaljuju\u0107i pobolj\u0161anom kvalitetu podataka o nacionalnim tokovima resursa, danas vidimo da najrazvijenije zemlje sveta tro\u0161e prirodne resurse mnogo br\u017ee nego \u0161to planeta mo\u017ee da ih obnovi. To se odvija kao posledica praktikovanja linearnog modela ekonomije \u2013 &#8222;eksploati\u0161i-napravi-koristi-baci&#8220;. Tako\u0111e, danas su zemlje sa visokim stepenom razvoja jedni od najve\u0107ih emitera \u0161tetnih gasova, \u010dime je izazvana teku\u0107a klimatska kriza.<\/p>\n<blockquote><p>Najrazvijenije zemlje tro\u0161e prirodne resurse mnogo br\u017ee nego \u0161to planeta mo\u017ee da ih obnovi<\/p><\/blockquote>\n<p>Iako su i sami autori priznali da ekolo\u0161ka Kuznjecova kriva ima manjkavosti, ona je postala \u0161iroko prihva\u0107ena ekonomska mantra. Donosioci odluka njome ve\u0107 decenijama pravdaju situaciju u kojoj proces industrijalizacije navodno mora da bude prljav. Ova mantra se o\u010digledno i u na\u0161em regiounu zloupotrebljava i koristi kao opravdanje za pokrivanje neuspeha i odr\u017eavanja statusa kvo.<\/p>\n","protected":false},"excerpt":{"rendered":"<p>Autor: Danko Kalkan, koordinator za energetsku efikasnost i za\u0161titu \u017eivotne sredine u ProCredit banci\u00a0 U&#8230;<\/p>\n","protected":false},"author":25,"featured_media":28122,"comment_status":"open","ping_status":"closed","sticky":false,"template":"","format":"standard","meta":{"_acf_changed":false,"_monsterinsights_skip_tracking":false,"_monsterinsights_sitenote_active":false,"_monsterinsights_sitenote_note":"","_monsterinsights_sitenote_category":0,"footnotes":""},"categories":[484,4],"tags":[1079],"class_list":["post-28118","post","type-post","status-publish","format-standard","has-post-thumbnail","hentry","category-u-fokusu","category-zivotna-sredina","tag-odrzivi-razvoj","country-svet"],"acf":[],"yoast_head":"<!-- This site is optimized with the Yoast SEO plugin v27.4 - https:\/\/yoast.com\/product\/yoast-seo-wordpress\/ -->\n<title>Odr\u017eivi razvoj ne sme da zavisi isklju\u010divo od ekonomskog rasta - Balkan Green Energy News<\/title>\n<meta name=\"description\" content=\"Pogre\u0161na mantra je dovela do ka\u0161njenja u implementaciji principa odr\u017eivog razvoja, \u0161to je izazvalo ekolo\u0161ku i klimatsku krizu.\" \/>\n<meta name=\"robots\" content=\"index, follow, max-snippet:-1, max-image-preview:large, max-video-preview:-1\" \/>\n<link rel=\"canonical\" href=\"https:\/\/balkangreenenergynews.com\/rs\/odrzivi-razvoj-ne-sme-da-zavisi-iskljucivo-od-ekonomskog-rasta\/\" \/>\n<meta property=\"og:locale\" content=\"sr_RS\" \/>\n<meta property=\"og:type\" content=\"article\" \/>\n<meta property=\"og:title\" content=\"Odr\u017eivi razvoj ne sme da zavisi isklju\u010divo od ekonomskog rasta - Balkan Green Energy News\" \/>\n<meta property=\"og:description\" content=\"Pogre\u0161na mantra je dovela do ka\u0161njenja u implementaciji principa odr\u017eivog razvoja, \u0161to je izazvalo ekolo\u0161ku i klimatsku krizu.\" \/>\n<meta property=\"og:url\" content=\"https:\/\/balkangreenenergynews.com\/rs\/odrzivi-razvoj-ne-sme-da-zavisi-iskljucivo-od-ekonomskog-rasta\/\" \/>\n<meta property=\"og:site_name\" content=\"Balkan Green Energy News\" \/>\n<meta property=\"article:published_time\" content=\"2020-02-12T11:58:11+00:00\" \/>\n<meta property=\"article:modified_time\" content=\"2020-05-03T14:02:50+00:00\" \/>\n<meta property=\"og:image\" content=\"https:\/\/balkangreenenergynews.com\/rs\/wp-content\/uploads\/2020\/02\/Danko-Kalkan.jpg\" \/>\n\t<meta property=\"og:image:width\" content=\"795\" \/>\n\t<meta property=\"og:image:height\" content=\"407\" \/>\n\t<meta property=\"og:image:type\" content=\"image\/jpeg\" \/>\n<meta name=\"author\" content=\"Balkan Green Energy News\" \/>\n<meta name=\"twitter:card\" content=\"summary_large_image\" \/>\n<meta name=\"twitter:label1\" content=\"\u041d\u0430\u043f\u0438\u0441\u0430\u043d\u043e \u043e\u0434\" \/>\n\t<meta name=\"twitter:data1\" content=\"Balkan Green Energy News\" \/>\n\t<meta name=\"twitter:label2\" content=\"\u041f\u0440\u043e\u0446\u0435\u045a\u0435\u043d\u043e \u0432\u0440\u0435\u043c\u0435 \u0447\u0438\u0442\u0430\u045a\u0430\" \/>\n\t<meta name=\"twitter:data2\" content=\"4 \u043c\u0438\u043d\u0443\u0442\u0430\" \/>\n<script type=\"application\/ld+json\" class=\"yoast-schema-graph\">{\"@context\":\"https:\\\/\\\/schema.org\",\"@graph\":[{\"@type\":\"Article\",\"@id\":\"https:\\\/\\\/balkangreenenergynews.com\\\/rs\\\/odrzivi-razvoj-ne-sme-da-zavisi-iskljucivo-od-ekonomskog-rasta\\\/#article\",\"isPartOf\":{\"@id\":\"https:\\\/\\\/balkangreenenergynews.com\\\/rs\\\/odrzivi-razvoj-ne-sme-da-zavisi-iskljucivo-od-ekonomskog-rasta\\\/\"},\"author\":{\"name\":\"Balkan Green Energy News\",\"@id\":\"https:\\\/\\\/balkangreenenergynews.com\\\/rs\\\/#\\\/schema\\\/person\\\/dee275e6036b1a0f7ceaf956d79d4eff\"},\"headline\":\"Odr\u017eivi razvoj ne sme da zavisi isklju\u010divo od ekonomskog rasta\",\"datePublished\":\"2020-02-12T11:58:11+00:00\",\"dateModified\":\"2020-05-03T14:02:50+00:00\",\"mainEntityOfPage\":{\"@id\":\"https:\\\/\\\/balkangreenenergynews.com\\\/rs\\\/odrzivi-razvoj-ne-sme-da-zavisi-iskljucivo-od-ekonomskog-rasta\\\/\"},\"wordCount\":897,\"commentCount\":0,\"image\":{\"@id\":\"https:\\\/\\\/balkangreenenergynews.com\\\/rs\\\/odrzivi-razvoj-ne-sme-da-zavisi-iskljucivo-od-ekonomskog-rasta\\\/#primaryimage\"},\"thumbnailUrl\":\"https:\\\/\\\/balkangreenenergynews.com\\\/rs\\\/wp-content\\\/uploads\\\/2020\\\/02\\\/Danko-Kalkan.jpg?wsr\",\"keywords\":[\"odr\u017eivi razvoj\"],\"articleSection\":[\"U fokusu\",\"\u017divotna sredina\"],\"inLanguage\":\"sr-RS\",\"potentialAction\":[{\"@type\":\"CommentAction\",\"name\":\"Comment\",\"target\":[\"https:\\\/\\\/balkangreenenergynews.com\\\/rs\\\/odrzivi-razvoj-ne-sme-da-zavisi-iskljucivo-od-ekonomskog-rasta\\\/#respond\"]}]},{\"@type\":\"WebPage\",\"@id\":\"https:\\\/\\\/balkangreenenergynews.com\\\/rs\\\/odrzivi-razvoj-ne-sme-da-zavisi-iskljucivo-od-ekonomskog-rasta\\\/\",\"url\":\"https:\\\/\\\/balkangreenenergynews.com\\\/rs\\\/odrzivi-razvoj-ne-sme-da-zavisi-iskljucivo-od-ekonomskog-rasta\\\/\",\"name\":\"Odr\u017eivi razvoj ne sme da zavisi isklju\u010divo od ekonomskog rasta - Balkan Green Energy News\",\"isPartOf\":{\"@id\":\"https:\\\/\\\/balkangreenenergynews.com\\\/rs\\\/#website\"},\"primaryImageOfPage\":{\"@id\":\"https:\\\/\\\/balkangreenenergynews.com\\\/rs\\\/odrzivi-razvoj-ne-sme-da-zavisi-iskljucivo-od-ekonomskog-rasta\\\/#primaryimage\"},\"image\":{\"@id\":\"https:\\\/\\\/balkangreenenergynews.com\\\/rs\\\/odrzivi-razvoj-ne-sme-da-zavisi-iskljucivo-od-ekonomskog-rasta\\\/#primaryimage\"},\"thumbnailUrl\":\"https:\\\/\\\/balkangreenenergynews.com\\\/rs\\\/wp-content\\\/uploads\\\/2020\\\/02\\\/Danko-Kalkan.jpg?wsr\",\"datePublished\":\"2020-02-12T11:58:11+00:00\",\"dateModified\":\"2020-05-03T14:02:50+00:00\",\"author\":{\"@id\":\"https:\\\/\\\/balkangreenenergynews.com\\\/rs\\\/#\\\/schema\\\/person\\\/dee275e6036b1a0f7ceaf956d79d4eff\"},\"description\":\"Pogre\u0161na mantra je dovela do ka\u0161njenja u implementaciji principa odr\u017eivog razvoja, \u0161to je izazvalo ekolo\u0161ku i klimatsku krizu.\",\"breadcrumb\":{\"@id\":\"https:\\\/\\\/balkangreenenergynews.com\\\/rs\\\/odrzivi-razvoj-ne-sme-da-zavisi-iskljucivo-od-ekonomskog-rasta\\\/#breadcrumb\"},\"inLanguage\":\"sr-RS\",\"potentialAction\":[{\"@type\":\"ReadAction\",\"target\":[\"https:\\\/\\\/balkangreenenergynews.com\\\/rs\\\/odrzivi-razvoj-ne-sme-da-zavisi-iskljucivo-od-ekonomskog-rasta\\\/\"]}]},{\"@type\":\"ImageObject\",\"inLanguage\":\"sr-RS\",\"@id\":\"https:\\\/\\\/balkangreenenergynews.com\\\/rs\\\/odrzivi-razvoj-ne-sme-da-zavisi-iskljucivo-od-ekonomskog-rasta\\\/#primaryimage\",\"url\":\"https:\\\/\\\/balkangreenenergynews.com\\\/rs\\\/wp-content\\\/uploads\\\/2020\\\/02\\\/Danko-Kalkan.jpg?wsr\",\"contentUrl\":\"https:\\\/\\\/balkangreenenergynews.com\\\/rs\\\/wp-content\\\/uploads\\\/2020\\\/02\\\/Danko-Kalkan.jpg?wsr\",\"width\":795,\"height\":407,\"caption\":\"autorski tekst Danko Kalkan\"},{\"@type\":\"BreadcrumbList\",\"@id\":\"https:\\\/\\\/balkangreenenergynews.com\\\/rs\\\/odrzivi-razvoj-ne-sme-da-zavisi-iskljucivo-od-ekonomskog-rasta\\\/#breadcrumb\",\"itemListElement\":[{\"@type\":\"ListItem\",\"position\":1,\"name\":\"Po\u010detna\",\"item\":\"https:\\\/\\\/balkangreenenergynews.com\\\/rs\\\/\"},{\"@type\":\"ListItem\",\"position\":2,\"name\":\"U fokusu\",\"item\":\"https:\\\/\\\/balkangreenenergynews.com\\\/rs\\\/kategorija\\\/u-fokusu\\\/\"},{\"@type\":\"ListItem\",\"position\":3,\"name\":\"Odr\u017eivi razvoj ne sme da zavisi isklju\u010divo od ekonomskog rasta\"}]},{\"@type\":\"WebSite\",\"@id\":\"https:\\\/\\\/balkangreenenergynews.com\\\/rs\\\/#website\",\"url\":\"https:\\\/\\\/balkangreenenergynews.com\\\/rs\\\/\",\"name\":\"Balkan Green Energy News\",\"description\":\"Naj\u0161iri izbor vesti sa Balkana o zelenoj energiji\",\"potentialAction\":[{\"@type\":\"SearchAction\",\"target\":{\"@type\":\"EntryPoint\",\"urlTemplate\":\"https:\\\/\\\/balkangreenenergynews.com\\\/rs\\\/?s={search_term_string}\"},\"query-input\":{\"@type\":\"PropertyValueSpecification\",\"valueRequired\":true,\"valueName\":\"search_term_string\"}}],\"inLanguage\":\"sr-RS\"},{\"@type\":\"Person\",\"@id\":\"https:\\\/\\\/balkangreenenergynews.com\\\/rs\\\/#\\\/schema\\\/person\\\/dee275e6036b1a0f7ceaf956d79d4eff\",\"name\":\"Balkan Green Energy News\",\"url\":\"https:\\\/\\\/balkangreenenergynews.com\\\/rs\\\/author\\\/balkangreenenergynews\\\/\"}]}<\/script>\n<!-- \/ Yoast SEO plugin. -->","yoast_head_json":{"title":"Odr\u017eivi razvoj ne sme da zavisi isklju\u010divo od ekonomskog rasta - Balkan Green Energy News","description":"Pogre\u0161na mantra je dovela do ka\u0161njenja u implementaciji principa odr\u017eivog razvoja, \u0161to je izazvalo ekolo\u0161ku i klimatsku krizu.","robots":{"index":"index","follow":"follow","max-snippet":"max-snippet:-1","max-image-preview":"max-image-preview:large","max-video-preview":"max-video-preview:-1"},"canonical":"https:\/\/balkangreenenergynews.com\/rs\/odrzivi-razvoj-ne-sme-da-zavisi-iskljucivo-od-ekonomskog-rasta\/","og_locale":"sr_RS","og_type":"article","og_title":"Odr\u017eivi razvoj ne sme da zavisi isklju\u010divo od ekonomskog rasta - Balkan Green Energy News","og_description":"Pogre\u0161na mantra je dovela do ka\u0161njenja u implementaciji principa odr\u017eivog razvoja, \u0161to je izazvalo ekolo\u0161ku i klimatsku krizu.","og_url":"https:\/\/balkangreenenergynews.com\/rs\/odrzivi-razvoj-ne-sme-da-zavisi-iskljucivo-od-ekonomskog-rasta\/","og_site_name":"Balkan Green Energy News","article_published_time":"2020-02-12T11:58:11+00:00","article_modified_time":"2020-05-03T14:02:50+00:00","og_image":[{"width":795,"height":407,"url":"https:\/\/balkangreenenergynews.com\/rs\/wp-content\/uploads\/2020\/02\/Danko-Kalkan.jpg","type":"image\/jpeg"}],"author":"Balkan Green Energy News","twitter_card":"summary_large_image","twitter_misc":{"\u041d\u0430\u043f\u0438\u0441\u0430\u043d\u043e \u043e\u0434":"Balkan Green Energy News","\u041f\u0440\u043e\u0446\u0435\u045a\u0435\u043d\u043e \u0432\u0440\u0435\u043c\u0435 \u0447\u0438\u0442\u0430\u045a\u0430":"4 \u043c\u0438\u043d\u0443\u0442\u0430"},"schema":{"@context":"https:\/\/schema.org","@graph":[{"@type":"Article","@id":"https:\/\/balkangreenenergynews.com\/rs\/odrzivi-razvoj-ne-sme-da-zavisi-iskljucivo-od-ekonomskog-rasta\/#article","isPartOf":{"@id":"https:\/\/balkangreenenergynews.com\/rs\/odrzivi-razvoj-ne-sme-da-zavisi-iskljucivo-od-ekonomskog-rasta\/"},"author":{"name":"Balkan Green Energy News","@id":"https:\/\/balkangreenenergynews.com\/rs\/#\/schema\/person\/dee275e6036b1a0f7ceaf956d79d4eff"},"headline":"Odr\u017eivi razvoj ne sme da zavisi isklju\u010divo od ekonomskog rasta","datePublished":"2020-02-12T11:58:11+00:00","dateModified":"2020-05-03T14:02:50+00:00","mainEntityOfPage":{"@id":"https:\/\/balkangreenenergynews.com\/rs\/odrzivi-razvoj-ne-sme-da-zavisi-iskljucivo-od-ekonomskog-rasta\/"},"wordCount":897,"commentCount":0,"image":{"@id":"https:\/\/balkangreenenergynews.com\/rs\/odrzivi-razvoj-ne-sme-da-zavisi-iskljucivo-od-ekonomskog-rasta\/#primaryimage"},"thumbnailUrl":"https:\/\/balkangreenenergynews.com\/rs\/wp-content\/uploads\/2020\/02\/Danko-Kalkan.jpg?wsr","keywords":["odr\u017eivi razvoj"],"articleSection":["U fokusu","\u017divotna sredina"],"inLanguage":"sr-RS","potentialAction":[{"@type":"CommentAction","name":"Comment","target":["https:\/\/balkangreenenergynews.com\/rs\/odrzivi-razvoj-ne-sme-da-zavisi-iskljucivo-od-ekonomskog-rasta\/#respond"]}]},{"@type":"WebPage","@id":"https:\/\/balkangreenenergynews.com\/rs\/odrzivi-razvoj-ne-sme-da-zavisi-iskljucivo-od-ekonomskog-rasta\/","url":"https:\/\/balkangreenenergynews.com\/rs\/odrzivi-razvoj-ne-sme-da-zavisi-iskljucivo-od-ekonomskog-rasta\/","name":"Odr\u017eivi razvoj ne sme da zavisi isklju\u010divo od ekonomskog rasta - Balkan Green Energy News","isPartOf":{"@id":"https:\/\/balkangreenenergynews.com\/rs\/#website"},"primaryImageOfPage":{"@id":"https:\/\/balkangreenenergynews.com\/rs\/odrzivi-razvoj-ne-sme-da-zavisi-iskljucivo-od-ekonomskog-rasta\/#primaryimage"},"image":{"@id":"https:\/\/balkangreenenergynews.com\/rs\/odrzivi-razvoj-ne-sme-da-zavisi-iskljucivo-od-ekonomskog-rasta\/#primaryimage"},"thumbnailUrl":"https:\/\/balkangreenenergynews.com\/rs\/wp-content\/uploads\/2020\/02\/Danko-Kalkan.jpg?wsr","datePublished":"2020-02-12T11:58:11+00:00","dateModified":"2020-05-03T14:02:50+00:00","author":{"@id":"https:\/\/balkangreenenergynews.com\/rs\/#\/schema\/person\/dee275e6036b1a0f7ceaf956d79d4eff"},"description":"Pogre\u0161na mantra je dovela do ka\u0161njenja u implementaciji principa odr\u017eivog razvoja, \u0161to je izazvalo ekolo\u0161ku i klimatsku krizu.","breadcrumb":{"@id":"https:\/\/balkangreenenergynews.com\/rs\/odrzivi-razvoj-ne-sme-da-zavisi-iskljucivo-od-ekonomskog-rasta\/#breadcrumb"},"inLanguage":"sr-RS","potentialAction":[{"@type":"ReadAction","target":["https:\/\/balkangreenenergynews.com\/rs\/odrzivi-razvoj-ne-sme-da-zavisi-iskljucivo-od-ekonomskog-rasta\/"]}]},{"@type":"ImageObject","inLanguage":"sr-RS","@id":"https:\/\/balkangreenenergynews.com\/rs\/odrzivi-razvoj-ne-sme-da-zavisi-iskljucivo-od-ekonomskog-rasta\/#primaryimage","url":"https:\/\/balkangreenenergynews.com\/rs\/wp-content\/uploads\/2020\/02\/Danko-Kalkan.jpg?wsr","contentUrl":"https:\/\/balkangreenenergynews.com\/rs\/wp-content\/uploads\/2020\/02\/Danko-Kalkan.jpg?wsr","width":795,"height":407,"caption":"autorski tekst Danko Kalkan"},{"@type":"BreadcrumbList","@id":"https:\/\/balkangreenenergynews.com\/rs\/odrzivi-razvoj-ne-sme-da-zavisi-iskljucivo-od-ekonomskog-rasta\/#breadcrumb","itemListElement":[{"@type":"ListItem","position":1,"name":"Po\u010detna","item":"https:\/\/balkangreenenergynews.com\/rs\/"},{"@type":"ListItem","position":2,"name":"U fokusu","item":"https:\/\/balkangreenenergynews.com\/rs\/kategorija\/u-fokusu\/"},{"@type":"ListItem","position":3,"name":"Odr\u017eivi razvoj ne sme da zavisi isklju\u010divo od ekonomskog rasta"}]},{"@type":"WebSite","@id":"https:\/\/balkangreenenergynews.com\/rs\/#website","url":"https:\/\/balkangreenenergynews.com\/rs\/","name":"Balkan Green Energy News","description":"Naj\u0161iri izbor vesti sa Balkana o zelenoj energiji","potentialAction":[{"@type":"SearchAction","target":{"@type":"EntryPoint","urlTemplate":"https:\/\/balkangreenenergynews.com\/rs\/?s={search_term_string}"},"query-input":{"@type":"PropertyValueSpecification","valueRequired":true,"valueName":"search_term_string"}}],"inLanguage":"sr-RS"},{"@type":"Person","@id":"https:\/\/balkangreenenergynews.com\/rs\/#\/schema\/person\/dee275e6036b1a0f7ceaf956d79d4eff","name":"Balkan Green Energy News","url":"https:\/\/balkangreenenergynews.com\/rs\/author\/balkangreenenergynews\/"}]}},"_links":{"self":[{"href":"https:\/\/balkangreenenergynews.com\/rs\/wp-json\/wp\/v2\/posts\/28118","targetHints":{"allow":["GET"]}}],"collection":[{"href":"https:\/\/balkangreenenergynews.com\/rs\/wp-json\/wp\/v2\/posts"}],"about":[{"href":"https:\/\/balkangreenenergynews.com\/rs\/wp-json\/wp\/v2\/types\/post"}],"author":[{"embeddable":true,"href":"https:\/\/balkangreenenergynews.com\/rs\/wp-json\/wp\/v2\/users\/25"}],"replies":[{"embeddable":true,"href":"https:\/\/balkangreenenergynews.com\/rs\/wp-json\/wp\/v2\/comments?post=28118"}],"version-history":[{"count":0,"href":"https:\/\/balkangreenenergynews.com\/rs\/wp-json\/wp\/v2\/posts\/28118\/revisions"}],"wp:featuredmedia":[{"embeddable":true,"href":"https:\/\/balkangreenenergynews.com\/rs\/wp-json\/wp\/v2\/media\/28122"}],"wp:attachment":[{"href":"https:\/\/balkangreenenergynews.com\/rs\/wp-json\/wp\/v2\/media?parent=28118"}],"wp:term":[{"taxonomy":"category","embeddable":true,"href":"https:\/\/balkangreenenergynews.com\/rs\/wp-json\/wp\/v2\/categories?post=28118"},{"taxonomy":"post_tag","embeddable":true,"href":"https:\/\/balkangreenenergynews.com\/rs\/wp-json\/wp\/v2\/tags?post=28118"}],"curies":[{"name":"wp","href":"https:\/\/api.w.org\/{rel}","templated":true}]}}