{"id":28033,"date":"2020-02-07T11:40:13","date_gmt":"2020-02-07T10:40:13","guid":{"rendered":"https:\/\/balkangreenenergynews.com\/rs\/?p=28033"},"modified":"2020-05-03T15:49:22","modified_gmt":"2020-05-03T13:49:22","slug":"u-boru-odrzana-javna-rasprava-o-proceni-uticaja-na-zivotnu-sredinu-rudnika-cukaru-peki","status":"publish","type":"post","link":"https:\/\/balkangreenenergynews.com\/rs\/u-boru-odrzana-javna-rasprava-o-proceni-uticaja-na-zivotnu-sredinu-rudnika-cukaru-peki\/","title":{"rendered":"U Boru odr\u017eana javna rasprava o proceni uticaja na \u017eivotnu sredinu rudnika \u010cukaru Peki"},"content":{"rendered":"<h2>Predstavnici Ministarstva za\u0161tite \u017eivotne sredine odr\u017eali su u sali muzi\u010dke \u0161kole &#8222;Miodrag Vasiljevi\u0107&#8220; u Boru prezentaciju Studije o proceni uticaja na \u017eivotnu sredinu projekta izvo\u0111enja rudarskih radova na lokaciji &#8222;\u010cukaru Peki&#8220;, posle \u010dega je odr\u017eana i javna rasprava, preneli su lokalni mediji.<\/h2>\n<p>Rudnik bakra i zlata sa podzemnom eksploatacijom u blizini Bora namerava da otvori firma Rakita Exploration, u vlasni\u0161tvu kineske kompanije Zijin Mining Grupa, koja je vlasnik i RTB-a Bor. Posao u rudniku \u010cukaru Peki dobilo bi 1.205 radnika.<\/p>\n<blockquote><p>Upu\u0107en je veliki broj primedbi me\u0161tana sela, stru\u010dnjaka, predstavnika borskih ekolo\u0161kih organizacija<\/p><\/blockquote>\n<p>Tokom javnog uvida u proteklih dvadesetak dana, ali i tokom javne rasprave upu\u0107en je, kako prenosi <a href=\"https:\/\/rtvbor.rs\/prezentacija-studije-o-proceni-uticaja-na-zivotnu-sredinu-rudnika-cukaru-peki\/\">RTV Bor<\/a>, veliki broj primedbi gra\u0111ana, me\u0161tana sela, stru\u010dnih lica i predstavnika osam borskih ekolo\u0161kih organizacija. Primedba konzorcijuma nevladinih organizacija je da studija nije ura\u0111ena u skladu sa zakonskim i podzakonskim aktima.<\/p>\n<p>Sve primedbe, kako je re\u010deno na javnoj raspravi, narednih dana razmotri\u0107e nadle\u017ena komisija Ministarstva.<\/p>\n<h3><span style=\"\">Mihajlovi\u0107: Izbegnuto stvaranje nenadoknadive \u0161tete<\/span><\/h3>\n<p>Prvobitno je, kako navodi portal <a href=\"https:\/\/www.bor030.net\/boranima-predstavljena-studija-uticaja-na-zivotnu-sredinu-rudarskih-radova-na-rudnika-cukaru-peki\">Bor030.net<\/a>, planirano da prezentacija i javna rasprava budu odr\u017eani u zgradi Skup\u0161tine grada Bora, ali je zbog velikog interesovanja me\u0161tana sela Brestovac, Metovnica i Slatina, na \u010dijoj \u0107e se teritoritoriji izvoditi rudarski radovi, i borskih ekolo\u0161kih organizacija odlu\u010deno da se skup izmesti u muzi\u010dku \u0161kolu.<\/p>\n<p>Jedan od u\u010desnika javne rasprave, Branislav Mihajlovi\u0107, in\u017eenjer rudarstva i narodni poslanik iz Bora, u<a href=\"https:\/\/novaekonomija.rs\/sr\/vesti\/vesti-iz-zemlje\/kineski-vlasnik-otvorio-vrata-za-ekolo%C5%A1ki-prihvatljiv-rudnik\"> autorskom teksu za portal Novu ekonomiju<\/a> pohvalio je odluku kineske firme da se metoda otkopavanja rude sa zaru\u0161avanjem promeni u otkopavanja sa o\u010duvanjem povr\u0161ine terena iznad rudnika.<\/p>\n<blockquote><p>Promena na\u010dina otkopavanja je od krucijalnog strate\u0161kog zna\u010daja<\/p><\/blockquote>\n<p>To je odluka od krucijalnog strate\u0161kog zna\u010daja, kako po budu\u0107i razvoj rudnika, tako i po lokalnu i \u0161iru dru\u0161tvenu zajednicu, napisao je on.<\/p>\n<p>Mihajlovi\u0107 tvrdi da je izbegnuta degradacija povr\u0161ine terena u velikom obimu i stvaranje nenadoknadive i nepopravljive \u0161tete u okolini rudnika.<\/p>\n<p>Takvom odlukom je, dodaje on, u ekolo\u0161kom smislu projekat iz oblasti rudarenja sa nepopravljivom \u0161tetom preveden u oblast rudarenja sa \u0161tetama koje se mogu smanjiti i popraviti u zna\u010dajnoj meri.<\/p>\n<h3><span style=\"\">NVO: Studija nije u skladu sa propisima<\/span><\/h3>\n<p>Nevladine organizacije su ocenile da je Studija neprihvatljiva, ura\u0111ena po hitnom postupku bez izdatog mi\u0161ljenja nadle\u017enih organa o lokaciji i dozvola Ministarstva rudarstva i energetike koje su obavezne po Uredbi o upravljanju rudarskim otpadom, preneo je portal <a href=\"https:\/\/www.mc.kcbor.net\/2020\/02\/05\/procena-uticaja-na-zivotnu-sredinu-novog-rudnika\/\">Mc.kcbor.net<\/a>.<\/p>\n<blockquote><p>Ekolo\u0161ke organizacije tvrde da Studija mora da bude dopunjena<\/p><\/blockquote>\n<p>Tako\u0111e, kako NVO tvrde, nije ispo\u0161tovana obavezna sadr\u017eina Studije predvi\u0111ena zakonom i podzakonskim aktima, ve\u0107 da je treba izmeniti i dopuniti i ponovo uputiti na javni uvid.<\/p>\n<p>&#8222;Prvo, prostorni plan za rudnik \u010cukaru Peki je usvojen po\u010detkom januara, a Studija nije uva\u017eila lokacijsko mi\u0161ljenje, jer je ura\u0111ena u decembru. Drugo, nije ura\u0111ena u skladu sa Uredbom o upravljenju rudarskim otpadom, koja je stupila na snagu po\u010detkom godine&#8220;, istakao je Toplica Marjanovi\u0107, iz konzorcijuma ekolo\u0161kih nevladinih organizacija, preneo je RTV Bor.<\/p>\n","protected":false},"excerpt":{"rendered":"<p>Predstavnici Ministarstva za\u0161tite \u017eivotne sredine odr\u017eali su u sali muzi\u010dke \u0161kole &#8222;Miodrag Vasiljevi\u0107&#8220; u Boru&#8230;<\/p>\n","protected":false},"author":25,"featured_media":29628,"comment_status":"open","ping_status":"closed","sticky":false,"template":"","format":"standard","meta":{"_acf_changed":false,"_monsterinsights_skip_tracking":false,"_monsterinsights_sitenote_active":false,"_monsterinsights_sitenote_note":"","_monsterinsights_sitenote_category":0,"footnotes":""},"categories":[4],"tags":[5344,4900,5345],"class_list":["post-28033","post","type-post","status-publish","format-standard","has-post-thumbnail","hentry","category-zivotna-sredina","tag-bor","tag-procena-uticaja-na-zivotnu-sredinu","tag-zijin","country-srbija"],"acf":[],"yoast_head":"<!-- This site is optimized with the Yoast SEO plugin v27.4 - https:\/\/yoast.com\/product\/yoast-seo-wordpress\/ -->\n<title>U Boru odr\u017eana javna rasprava o rudniku \u010cukaru Peki<\/title>\n<meta name=\"description\" content=\"Predstavnici Ministarstva za\u0161tite \u017eivotne sredine odr\u017eali su u Boru prezentaciju Studije o proceni uticaja na \u017eivotnu sredinu rudnika \u010cukaru Peki.\" \/>\n<meta name=\"robots\" content=\"index, follow, max-snippet:-1, max-image-preview:large, max-video-preview:-1\" \/>\n<link rel=\"canonical\" href=\"https:\/\/balkangreenenergynews.com\/rs\/u-boru-odrzana-javna-rasprava-o-proceni-uticaja-na-zivotnu-sredinu-rudnika-cukaru-peki\/\" \/>\n<meta property=\"og:locale\" content=\"sr_RS\" \/>\n<meta property=\"og:type\" content=\"article\" \/>\n<meta property=\"og:title\" content=\"U Boru odr\u017eana javna rasprava o rudniku \u010cukaru Peki\" \/>\n<meta property=\"og:description\" content=\"Predstavnici Ministarstva za\u0161tite \u017eivotne sredine odr\u017eali su u Boru prezentaciju Studije o proceni uticaja na \u017eivotnu sredinu rudnika \u010cukaru Peki.\" \/>\n<meta property=\"og:url\" content=\"https:\/\/balkangreenenergynews.com\/rs\/u-boru-odrzana-javna-rasprava-o-proceni-uticaja-na-zivotnu-sredinu-rudnika-cukaru-peki\/\" \/>\n<meta property=\"og:site_name\" content=\"Balkan Green Energy News\" \/>\n<meta property=\"article:published_time\" content=\"2020-02-07T10:40:13+00:00\" \/>\n<meta property=\"article:modified_time\" content=\"2020-05-03T13:49:22+00:00\" \/>\n<meta property=\"og:image\" content=\"https:\/\/balkangreenenergynews.com\/rs\/wp-content\/uploads\/2020\/02\/Studija-o-proceni-uticaja-na-zivotnu-sredinu-rudnika-Cukaru-Peki-predstavljena-u-Boru.jpg\" \/>\n\t<meta property=\"og:image:width\" content=\"795\" \/>\n\t<meta property=\"og:image:height\" content=\"408\" \/>\n\t<meta property=\"og:image:type\" content=\"image\/jpeg\" \/>\n<meta name=\"author\" content=\"Balkan Green Energy News\" \/>\n<meta name=\"twitter:card\" content=\"summary_large_image\" \/>\n<meta name=\"twitter:label1\" content=\"\u041d\u0430\u043f\u0438\u0441\u0430\u043d\u043e \u043e\u0434\" \/>\n\t<meta name=\"twitter:data1\" content=\"Balkan Green Energy News\" \/>\n\t<meta name=\"twitter:label2\" content=\"\u041f\u0440\u043e\u0446\u0435\u045a\u0435\u043d\u043e \u0432\u0440\u0435\u043c\u0435 \u0447\u0438\u0442\u0430\u045a\u0430\" \/>\n\t<meta name=\"twitter:data2\" content=\"3 \u043c\u0438\u043d\u0443\u0442\u0430\" \/>\n<script type=\"application\/ld+json\" class=\"yoast-schema-graph\">{\"@context\":\"https:\\\/\\\/schema.org\",\"@graph\":[{\"@type\":\"Article\",\"@id\":\"https:\\\/\\\/balkangreenenergynews.com\\\/rs\\\/u-boru-odrzana-javna-rasprava-o-proceni-uticaja-na-zivotnu-sredinu-rudnika-cukaru-peki\\\/#article\",\"isPartOf\":{\"@id\":\"https:\\\/\\\/balkangreenenergynews.com\\\/rs\\\/u-boru-odrzana-javna-rasprava-o-proceni-uticaja-na-zivotnu-sredinu-rudnika-cukaru-peki\\\/\"},\"author\":{\"name\":\"Balkan Green Energy News\",\"@id\":\"https:\\\/\\\/balkangreenenergynews.com\\\/rs\\\/#\\\/schema\\\/person\\\/dee275e6036b1a0f7ceaf956d79d4eff\"},\"headline\":\"U Boru odr\u017eana javna rasprava o proceni uticaja na \u017eivotnu sredinu rudnika \u010cukaru Peki\",\"datePublished\":\"2020-02-07T10:40:13+00:00\",\"dateModified\":\"2020-05-03T13:49:22+00:00\",\"mainEntityOfPage\":{\"@id\":\"https:\\\/\\\/balkangreenenergynews.com\\\/rs\\\/u-boru-odrzana-javna-rasprava-o-proceni-uticaja-na-zivotnu-sredinu-rudnika-cukaru-peki\\\/\"},\"wordCount\":538,\"commentCount\":0,\"image\":{\"@id\":\"https:\\\/\\\/balkangreenenergynews.com\\\/rs\\\/u-boru-odrzana-javna-rasprava-o-proceni-uticaja-na-zivotnu-sredinu-rudnika-cukaru-peki\\\/#primaryimage\"},\"thumbnailUrl\":\"https:\\\/\\\/balkangreenenergynews.com\\\/rs\\\/wp-content\\\/uploads\\\/2020\\\/02\\\/Studija-o-proceni-uticaja-na-zivotnu-sredinu-rudnika-Cukaru-Peki-predstavljena-u-Boru.jpg?wsr\",\"keywords\":[\"Bor\",\"procena uticaja na \u017eivotnu sredinu\",\"Zijin\"],\"articleSection\":[\"\u017divotna sredina\"],\"inLanguage\":\"sr-RS\",\"potentialAction\":[{\"@type\":\"CommentAction\",\"name\":\"Comment\",\"target\":[\"https:\\\/\\\/balkangreenenergynews.com\\\/rs\\\/u-boru-odrzana-javna-rasprava-o-proceni-uticaja-na-zivotnu-sredinu-rudnika-cukaru-peki\\\/#respond\"]}]},{\"@type\":\"WebPage\",\"@id\":\"https:\\\/\\\/balkangreenenergynews.com\\\/rs\\\/u-boru-odrzana-javna-rasprava-o-proceni-uticaja-na-zivotnu-sredinu-rudnika-cukaru-peki\\\/\",\"url\":\"https:\\\/\\\/balkangreenenergynews.com\\\/rs\\\/u-boru-odrzana-javna-rasprava-o-proceni-uticaja-na-zivotnu-sredinu-rudnika-cukaru-peki\\\/\",\"name\":\"U Boru odr\u017eana javna rasprava o rudniku \u010cukaru Peki\",\"isPartOf\":{\"@id\":\"https:\\\/\\\/balkangreenenergynews.com\\\/rs\\\/#website\"},\"primaryImageOfPage\":{\"@id\":\"https:\\\/\\\/balkangreenenergynews.com\\\/rs\\\/u-boru-odrzana-javna-rasprava-o-proceni-uticaja-na-zivotnu-sredinu-rudnika-cukaru-peki\\\/#primaryimage\"},\"image\":{\"@id\":\"https:\\\/\\\/balkangreenenergynews.com\\\/rs\\\/u-boru-odrzana-javna-rasprava-o-proceni-uticaja-na-zivotnu-sredinu-rudnika-cukaru-peki\\\/#primaryimage\"},\"thumbnailUrl\":\"https:\\\/\\\/balkangreenenergynews.com\\\/rs\\\/wp-content\\\/uploads\\\/2020\\\/02\\\/Studija-o-proceni-uticaja-na-zivotnu-sredinu-rudnika-Cukaru-Peki-predstavljena-u-Boru.jpg?wsr\",\"datePublished\":\"2020-02-07T10:40:13+00:00\",\"dateModified\":\"2020-05-03T13:49:22+00:00\",\"author\":{\"@id\":\"https:\\\/\\\/balkangreenenergynews.com\\\/rs\\\/#\\\/schema\\\/person\\\/dee275e6036b1a0f7ceaf956d79d4eff\"},\"description\":\"Predstavnici Ministarstva za\u0161tite \u017eivotne sredine odr\u017eali su u Boru prezentaciju Studije o proceni uticaja na \u017eivotnu sredinu rudnika \u010cukaru Peki.\",\"breadcrumb\":{\"@id\":\"https:\\\/\\\/balkangreenenergynews.com\\\/rs\\\/u-boru-odrzana-javna-rasprava-o-proceni-uticaja-na-zivotnu-sredinu-rudnika-cukaru-peki\\\/#breadcrumb\"},\"inLanguage\":\"sr-RS\",\"potentialAction\":[{\"@type\":\"ReadAction\",\"target\":[\"https:\\\/\\\/balkangreenenergynews.com\\\/rs\\\/u-boru-odrzana-javna-rasprava-o-proceni-uticaja-na-zivotnu-sredinu-rudnika-cukaru-peki\\\/\"]}]},{\"@type\":\"ImageObject\",\"inLanguage\":\"sr-RS\",\"@id\":\"https:\\\/\\\/balkangreenenergynews.com\\\/rs\\\/u-boru-odrzana-javna-rasprava-o-proceni-uticaja-na-zivotnu-sredinu-rudnika-cukaru-peki\\\/#primaryimage\",\"url\":\"https:\\\/\\\/balkangreenenergynews.com\\\/rs\\\/wp-content\\\/uploads\\\/2020\\\/02\\\/Studija-o-proceni-uticaja-na-zivotnu-sredinu-rudnika-Cukaru-Peki-predstavljena-u-Boru.jpg?wsr\",\"contentUrl\":\"https:\\\/\\\/balkangreenenergynews.com\\\/rs\\\/wp-content\\\/uploads\\\/2020\\\/02\\\/Studija-o-proceni-uticaja-na-zivotnu-sredinu-rudnika-Cukaru-Peki-predstavljena-u-Boru.jpg?wsr\",\"width\":795,\"height\":408,\"caption\":\"Studija-o-proceni-uticaja-na-zivotnu-sredinu-rudnika-Cukaru-Peki-predstavljena-u-Boru\"},{\"@type\":\"BreadcrumbList\",\"@id\":\"https:\\\/\\\/balkangreenenergynews.com\\\/rs\\\/u-boru-odrzana-javna-rasprava-o-proceni-uticaja-na-zivotnu-sredinu-rudnika-cukaru-peki\\\/#breadcrumb\",\"itemListElement\":[{\"@type\":\"ListItem\",\"position\":1,\"name\":\"Po\u010detna\",\"item\":\"https:\\\/\\\/balkangreenenergynews.com\\\/rs\\\/\"},{\"@type\":\"ListItem\",\"position\":2,\"name\":\"Vesti\",\"item\":\"https:\\\/\\\/balkangreenenergynews.com\\\/rs\\\/kategorija\\\/vesti\\\/\"},{\"@type\":\"ListItem\",\"position\":3,\"name\":\"\u017divotna sredina\",\"item\":\"https:\\\/\\\/balkangreenenergynews.com\\\/rs\\\/kategorija\\\/vesti\\\/zivotna-sredina\\\/\"},{\"@type\":\"ListItem\",\"position\":4,\"name\":\"U Boru odr\u017eana javna rasprava o proceni uticaja na \u017eivotnu sredinu rudnika \u010cukaru Peki\"}]},{\"@type\":\"WebSite\",\"@id\":\"https:\\\/\\\/balkangreenenergynews.com\\\/rs\\\/#website\",\"url\":\"https:\\\/\\\/balkangreenenergynews.com\\\/rs\\\/\",\"name\":\"Balkan Green Energy News\",\"description\":\"Naj\u0161iri izbor vesti sa Balkana o zelenoj energiji\",\"potentialAction\":[{\"@type\":\"SearchAction\",\"target\":{\"@type\":\"EntryPoint\",\"urlTemplate\":\"https:\\\/\\\/balkangreenenergynews.com\\\/rs\\\/?s={search_term_string}\"},\"query-input\":{\"@type\":\"PropertyValueSpecification\",\"valueRequired\":true,\"valueName\":\"search_term_string\"}}],\"inLanguage\":\"sr-RS\"},{\"@type\":\"Person\",\"@id\":\"https:\\\/\\\/balkangreenenergynews.com\\\/rs\\\/#\\\/schema\\\/person\\\/dee275e6036b1a0f7ceaf956d79d4eff\",\"name\":\"Balkan Green Energy News\",\"url\":\"https:\\\/\\\/balkangreenenergynews.com\\\/rs\\\/author\\\/balkangreenenergynews\\\/\"}]}<\/script>\n<!-- \/ Yoast SEO plugin. -->","yoast_head_json":{"title":"U Boru odr\u017eana javna rasprava o rudniku \u010cukaru Peki","description":"Predstavnici Ministarstva za\u0161tite \u017eivotne sredine odr\u017eali su u Boru prezentaciju Studije o proceni uticaja na \u017eivotnu sredinu rudnika \u010cukaru Peki.","robots":{"index":"index","follow":"follow","max-snippet":"max-snippet:-1","max-image-preview":"max-image-preview:large","max-video-preview":"max-video-preview:-1"},"canonical":"https:\/\/balkangreenenergynews.com\/rs\/u-boru-odrzana-javna-rasprava-o-proceni-uticaja-na-zivotnu-sredinu-rudnika-cukaru-peki\/","og_locale":"sr_RS","og_type":"article","og_title":"U Boru odr\u017eana javna rasprava o rudniku \u010cukaru Peki","og_description":"Predstavnici Ministarstva za\u0161tite \u017eivotne sredine odr\u017eali su u Boru prezentaciju Studije o proceni uticaja na \u017eivotnu sredinu rudnika \u010cukaru Peki.","og_url":"https:\/\/balkangreenenergynews.com\/rs\/u-boru-odrzana-javna-rasprava-o-proceni-uticaja-na-zivotnu-sredinu-rudnika-cukaru-peki\/","og_site_name":"Balkan Green Energy News","article_published_time":"2020-02-07T10:40:13+00:00","article_modified_time":"2020-05-03T13:49:22+00:00","og_image":[{"width":795,"height":408,"url":"https:\/\/balkangreenenergynews.com\/rs\/wp-content\/uploads\/2020\/02\/Studija-o-proceni-uticaja-na-zivotnu-sredinu-rudnika-Cukaru-Peki-predstavljena-u-Boru.jpg","type":"image\/jpeg"}],"author":"Balkan Green Energy News","twitter_card":"summary_large_image","twitter_misc":{"\u041d\u0430\u043f\u0438\u0441\u0430\u043d\u043e \u043e\u0434":"Balkan Green Energy News","\u041f\u0440\u043e\u0446\u0435\u045a\u0435\u043d\u043e \u0432\u0440\u0435\u043c\u0435 \u0447\u0438\u0442\u0430\u045a\u0430":"3 \u043c\u0438\u043d\u0443\u0442\u0430"},"schema":{"@context":"https:\/\/schema.org","@graph":[{"@type":"Article","@id":"https:\/\/balkangreenenergynews.com\/rs\/u-boru-odrzana-javna-rasprava-o-proceni-uticaja-na-zivotnu-sredinu-rudnika-cukaru-peki\/#article","isPartOf":{"@id":"https:\/\/balkangreenenergynews.com\/rs\/u-boru-odrzana-javna-rasprava-o-proceni-uticaja-na-zivotnu-sredinu-rudnika-cukaru-peki\/"},"author":{"name":"Balkan Green Energy News","@id":"https:\/\/balkangreenenergynews.com\/rs\/#\/schema\/person\/dee275e6036b1a0f7ceaf956d79d4eff"},"headline":"U Boru odr\u017eana javna rasprava o proceni uticaja na \u017eivotnu sredinu rudnika \u010cukaru Peki","datePublished":"2020-02-07T10:40:13+00:00","dateModified":"2020-05-03T13:49:22+00:00","mainEntityOfPage":{"@id":"https:\/\/balkangreenenergynews.com\/rs\/u-boru-odrzana-javna-rasprava-o-proceni-uticaja-na-zivotnu-sredinu-rudnika-cukaru-peki\/"},"wordCount":538,"commentCount":0,"image":{"@id":"https:\/\/balkangreenenergynews.com\/rs\/u-boru-odrzana-javna-rasprava-o-proceni-uticaja-na-zivotnu-sredinu-rudnika-cukaru-peki\/#primaryimage"},"thumbnailUrl":"https:\/\/balkangreenenergynews.com\/rs\/wp-content\/uploads\/2020\/02\/Studija-o-proceni-uticaja-na-zivotnu-sredinu-rudnika-Cukaru-Peki-predstavljena-u-Boru.jpg?wsr","keywords":["Bor","procena uticaja na \u017eivotnu sredinu","Zijin"],"articleSection":["\u017divotna sredina"],"inLanguage":"sr-RS","potentialAction":[{"@type":"CommentAction","name":"Comment","target":["https:\/\/balkangreenenergynews.com\/rs\/u-boru-odrzana-javna-rasprava-o-proceni-uticaja-na-zivotnu-sredinu-rudnika-cukaru-peki\/#respond"]}]},{"@type":"WebPage","@id":"https:\/\/balkangreenenergynews.com\/rs\/u-boru-odrzana-javna-rasprava-o-proceni-uticaja-na-zivotnu-sredinu-rudnika-cukaru-peki\/","url":"https:\/\/balkangreenenergynews.com\/rs\/u-boru-odrzana-javna-rasprava-o-proceni-uticaja-na-zivotnu-sredinu-rudnika-cukaru-peki\/","name":"U Boru odr\u017eana javna rasprava o rudniku \u010cukaru Peki","isPartOf":{"@id":"https:\/\/balkangreenenergynews.com\/rs\/#website"},"primaryImageOfPage":{"@id":"https:\/\/balkangreenenergynews.com\/rs\/u-boru-odrzana-javna-rasprava-o-proceni-uticaja-na-zivotnu-sredinu-rudnika-cukaru-peki\/#primaryimage"},"image":{"@id":"https:\/\/balkangreenenergynews.com\/rs\/u-boru-odrzana-javna-rasprava-o-proceni-uticaja-na-zivotnu-sredinu-rudnika-cukaru-peki\/#primaryimage"},"thumbnailUrl":"https:\/\/balkangreenenergynews.com\/rs\/wp-content\/uploads\/2020\/02\/Studija-o-proceni-uticaja-na-zivotnu-sredinu-rudnika-Cukaru-Peki-predstavljena-u-Boru.jpg?wsr","datePublished":"2020-02-07T10:40:13+00:00","dateModified":"2020-05-03T13:49:22+00:00","author":{"@id":"https:\/\/balkangreenenergynews.com\/rs\/#\/schema\/person\/dee275e6036b1a0f7ceaf956d79d4eff"},"description":"Predstavnici Ministarstva za\u0161tite \u017eivotne sredine odr\u017eali su u Boru prezentaciju Studije o proceni uticaja na \u017eivotnu sredinu rudnika \u010cukaru Peki.","breadcrumb":{"@id":"https:\/\/balkangreenenergynews.com\/rs\/u-boru-odrzana-javna-rasprava-o-proceni-uticaja-na-zivotnu-sredinu-rudnika-cukaru-peki\/#breadcrumb"},"inLanguage":"sr-RS","potentialAction":[{"@type":"ReadAction","target":["https:\/\/balkangreenenergynews.com\/rs\/u-boru-odrzana-javna-rasprava-o-proceni-uticaja-na-zivotnu-sredinu-rudnika-cukaru-peki\/"]}]},{"@type":"ImageObject","inLanguage":"sr-RS","@id":"https:\/\/balkangreenenergynews.com\/rs\/u-boru-odrzana-javna-rasprava-o-proceni-uticaja-na-zivotnu-sredinu-rudnika-cukaru-peki\/#primaryimage","url":"https:\/\/balkangreenenergynews.com\/rs\/wp-content\/uploads\/2020\/02\/Studija-o-proceni-uticaja-na-zivotnu-sredinu-rudnika-Cukaru-Peki-predstavljena-u-Boru.jpg?wsr","contentUrl":"https:\/\/balkangreenenergynews.com\/rs\/wp-content\/uploads\/2020\/02\/Studija-o-proceni-uticaja-na-zivotnu-sredinu-rudnika-Cukaru-Peki-predstavljena-u-Boru.jpg?wsr","width":795,"height":408,"caption":"Studija-o-proceni-uticaja-na-zivotnu-sredinu-rudnika-Cukaru-Peki-predstavljena-u-Boru"},{"@type":"BreadcrumbList","@id":"https:\/\/balkangreenenergynews.com\/rs\/u-boru-odrzana-javna-rasprava-o-proceni-uticaja-na-zivotnu-sredinu-rudnika-cukaru-peki\/#breadcrumb","itemListElement":[{"@type":"ListItem","position":1,"name":"Po\u010detna","item":"https:\/\/balkangreenenergynews.com\/rs\/"},{"@type":"ListItem","position":2,"name":"Vesti","item":"https:\/\/balkangreenenergynews.com\/rs\/kategorija\/vesti\/"},{"@type":"ListItem","position":3,"name":"\u017divotna sredina","item":"https:\/\/balkangreenenergynews.com\/rs\/kategorija\/vesti\/zivotna-sredina\/"},{"@type":"ListItem","position":4,"name":"U Boru odr\u017eana javna rasprava o proceni uticaja na \u017eivotnu sredinu rudnika \u010cukaru Peki"}]},{"@type":"WebSite","@id":"https:\/\/balkangreenenergynews.com\/rs\/#website","url":"https:\/\/balkangreenenergynews.com\/rs\/","name":"Balkan Green Energy News","description":"Naj\u0161iri izbor vesti sa Balkana o zelenoj energiji","potentialAction":[{"@type":"SearchAction","target":{"@type":"EntryPoint","urlTemplate":"https:\/\/balkangreenenergynews.com\/rs\/?s={search_term_string}"},"query-input":{"@type":"PropertyValueSpecification","valueRequired":true,"valueName":"search_term_string"}}],"inLanguage":"sr-RS"},{"@type":"Person","@id":"https:\/\/balkangreenenergynews.com\/rs\/#\/schema\/person\/dee275e6036b1a0f7ceaf956d79d4eff","name":"Balkan Green Energy News","url":"https:\/\/balkangreenenergynews.com\/rs\/author\/balkangreenenergynews\/"}]}},"_links":{"self":[{"href":"https:\/\/balkangreenenergynews.com\/rs\/wp-json\/wp\/v2\/posts\/28033","targetHints":{"allow":["GET"]}}],"collection":[{"href":"https:\/\/balkangreenenergynews.com\/rs\/wp-json\/wp\/v2\/posts"}],"about":[{"href":"https:\/\/balkangreenenergynews.com\/rs\/wp-json\/wp\/v2\/types\/post"}],"author":[{"embeddable":true,"href":"https:\/\/balkangreenenergynews.com\/rs\/wp-json\/wp\/v2\/users\/25"}],"replies":[{"embeddable":true,"href":"https:\/\/balkangreenenergynews.com\/rs\/wp-json\/wp\/v2\/comments?post=28033"}],"version-history":[{"count":0,"href":"https:\/\/balkangreenenergynews.com\/rs\/wp-json\/wp\/v2\/posts\/28033\/revisions"}],"wp:featuredmedia":[{"embeddable":true,"href":"https:\/\/balkangreenenergynews.com\/rs\/wp-json\/wp\/v2\/media\/29628"}],"wp:attachment":[{"href":"https:\/\/balkangreenenergynews.com\/rs\/wp-json\/wp\/v2\/media?parent=28033"}],"wp:term":[{"taxonomy":"category","embeddable":true,"href":"https:\/\/balkangreenenergynews.com\/rs\/wp-json\/wp\/v2\/categories?post=28033"},{"taxonomy":"post_tag","embeddable":true,"href":"https:\/\/balkangreenenergynews.com\/rs\/wp-json\/wp\/v2\/tags?post=28033"}],"curies":[{"name":"wp","href":"https:\/\/api.w.org\/{rel}","templated":true}]}}