{"id":27886,"date":"2020-01-31T23:59:46","date_gmt":"2020-01-31T22:59:46","guid":{"rendered":"https:\/\/balkangreenenergynews.com\/rs\/?p=27886"},"modified":"2024-11-06T14:57:54","modified_gmt":"2024-11-06T13:57:54","slug":"jos-18-dana-ostalo-za-prijave-na-konkurs-nemackog-ministarstva-zastite-zivotne-sredine","status":"publish","type":"post","link":"https:\/\/balkangreenenergynews.com\/rs\/jos-18-dana-ostalo-za-prijave-na-konkurs-nemackog-ministarstva-zastite-zivotne-sredine\/","title":{"rendered":"Jo\u0161 18 dana ostalo za prijave na konkurs nema\u010dkog Ministarstva za\u0161tite \u017eivotne sredine"},"content":{"rendered":"<h2>Ostalo je jo\u0161 18 dana za prijavljivanje na \u010detvrti konkurs za projektne ideje,\u00a0koji je pokrenulo nema\u010dko Ministarstvo \u017eivotne sredine (BMU) u okviru Evropske klimatske inicijative (EUKI) .<\/h2>\n<p><a href=\"https:\/\/balkangreenenergynews.com\/rs\/konkurs-nemackog-ministarstva-zastite-zivotne-sredine-za-projekte-u-oblasti-klimatskih-promena\/\">Po prvi put<\/a> i u odre\u0111enim slu\u010dajevima se za finansiranje mogu prijaviti i organizacije iz dr\u017eava kandidata za \u010dlanstvo u EU, kao partneri u implementaciji.<\/p>\n<p>Krajnji rok za podno\u0161enje prijava je 18. februar.<\/p>\n<blockquote><p>Svaki projekat ima mogu\u0107nost da dobije nepovratna sredstva u iznosu od 50.000 do milion evra<\/p><\/blockquote>\n<p>Pozivamo nevladine organizacije, javne institucije, akademske i obrazovne institucije, kao i druge neprofitne ustanove da dostave svoje ideje za projekte koji doprinose klimatskim akcijama u Evropi i ja\u010daju evropsku saradnju, naveo je EUKI u saop\u0161tenju.<\/p>\n<blockquote><p>Trajanje projekta ne sme biti du\u017ee od 28 meseci<\/p><\/blockquote>\n<p>Svaki projekat mo\u017ee da dobije nepovratna sredstva izme\u0111u 50.000 i milion evra. Vreme u kojem se projekat mora sprovesti ne sme biti du\u017ee od 28 meseci, i mora biti zavr\u0161en najkasnije u martu 2023.<\/p>\n<p>Evropska klimatska inicijativa organizuje konkurse za projektne ideje od 2017. godine. Dosad su finansirana 62 projekta u 25 zemalja EU.<\/p>\n<p>Projekti se odnose na prekograni\u010dne obrazovne programe o klimatskim pitanjima, razvoj koncepata za urbanu biciklisti\u010dku infrastrukturu, sastavljanje ideja za pravedno ukidanje kori\u0161\u0107enja uglja, predloge za zeleni bud\u017eet EU.<\/p>\n<p>U projektima u\u010destvuje vi\u0161e od 160 organizacija iz EU.<\/p>\n<h3>Podsticanje mladih da postanu energetski skauti<\/h3>\n<p>Tako je EUKI u Bugarskoj, Gr\u010dkoj, Ma\u0111arskoj, Nema\u010dkoj i \u010ce\u0161koj podr\u017eao projekat <em>Young Energy Europe<\/em>. U\u010desnici projekta razvijaju strategije za podsticanje mladih da postanu energetski skauti i da se posvete industriji sa niskim emisijama.<\/p>\n<p>Na taj na\u010din mladi profesionalci mogu da pomognu u prac\u0301enju i smanjenju potro\u0161nje energije u svojim kompanijama.<\/p>\n<blockquote><p>Vi\u0161e \u010dlanica EU mora da se suo\u010di sa izazovom postupnog ukidanja kori\u0161\u0107enja uglja<\/p><\/blockquote>\n<p>S druge strane, lokalne samouprave i organizacije u Bugarskoj, Gr\u010dkoj, Nema\u010dkoj i Poljskoj rade zajedno na izazovu sa kojim mora da se suo\u010di vi\u0161e \u010dlanica EU &#8211; postupno ukidanje kori\u0161\u0107enja uglja.<\/p>\n<p>Cilj projekta <em>Pravedna tranzicija za isto\u010dnu i ju\u017enu Evropu<\/em> je da se razviju pojedina\u010dne tranzicione strategije za ekonomsku transformaciju odre\u0111enih regiona u Bugarskoj (jugozapadna Bugarska), Gr\u010dkoj (zapadna Makedonija) i Poljskoj (\u0160lezija), koje ne podrazumevaju ugalj, ali sadr\u017ee odr\u017eive ekonomske aktivnosti.<\/p>\n<p>Vi\u0161e informacija o EUKI, njenim projektima i na\u010dinu pono\u0161enja prijava za projektno finansiranje mo\u017ee se prona\u0107i na <a href=\"https:\/\/www.euki.de\/en\/project-financing\/\">www.euki.de.<\/a><\/p>\n","protected":false},"excerpt":{"rendered":"<p>Ostalo je jo\u0161 18 dana za prijavljivanje na \u010detvrti konkurs za projektne ideje,\u00a0koji je pokrenulo&#8230;<\/p>\n","protected":false},"author":23,"featured_media":0,"comment_status":"open","ping_status":"closed","sticky":false,"template":"","format":"standard","meta":{"_acf_changed":false,"_monsterinsights_skip_tracking":false,"_monsterinsights_sitenote_active":false,"_monsterinsights_sitenote_note":"","_monsterinsights_sitenote_category":0,"footnotes":""},"categories":[574,4],"tags":[3301,757],"class_list":["post-27886","post","type-post","status-publish","format-standard","hentry","category-video","category-zivotna-sredina","tag-klimatska-akcija","tag-konkurs","country-regioneu"],"acf":[],"yoast_head":"<!-- This site is optimized with the Yoast SEO plugin v27.4 - https:\/\/yoast.com\/product\/yoast-seo-wordpress\/ -->\n<title>Jo\u0161 18 dana ostalo za prijave na konkurs nema\u010dkog Ministarstva za\u0161tite \u017eivotne sredine<\/title>\n<meta name=\"description\" content=\"Ostalo je jo\u0161 samo 18 dana za prijavljivanje na konkurs u okviru Evropske klimatske inicijative koji je pokrenulo nema\u010dko Ministarstvo \u017eivotne sredine.\" \/>\n<meta name=\"robots\" content=\"index, follow, max-snippet:-1, max-image-preview:large, max-video-preview:-1\" \/>\n<link rel=\"canonical\" href=\"https:\/\/balkangreenenergynews.com\/rs\/jos-18-dana-ostalo-za-prijave-na-konkurs-nemackog-ministarstva-zastite-zivotne-sredine\/\" \/>\n<meta property=\"og:locale\" content=\"sr_RS\" \/>\n<meta property=\"og:type\" content=\"article\" \/>\n<meta property=\"og:title\" content=\"Jo\u0161 18 dana ostalo za prijave na konkurs nema\u010dkog Ministarstva za\u0161tite \u017eivotne sredine\" \/>\n<meta property=\"og:description\" content=\"Ostalo je jo\u0161 samo 18 dana za prijavljivanje na konkurs u okviru Evropske klimatske inicijative koji je pokrenulo nema\u010dko Ministarstvo \u017eivotne sredine.\" \/>\n<meta property=\"og:url\" content=\"https:\/\/balkangreenenergynews.com\/rs\/jos-18-dana-ostalo-za-prijave-na-konkurs-nemackog-ministarstva-zastite-zivotne-sredine\/\" \/>\n<meta property=\"og:site_name\" content=\"Balkan Green Energy News\" \/>\n<meta property=\"article:published_time\" content=\"2020-01-31T22:59:46+00:00\" \/>\n<meta property=\"article:modified_time\" content=\"2024-11-06T13:57:54+00:00\" \/>\n<meta property=\"og:image\" content=\"https:\/\/balkangreenenergynews.com\/rs\/wp-content\/uploads\/2016\/10\/bgen.jpg?wsr\" \/>\n\t<meta property=\"og:image:width\" content=\"851\" \/>\n\t<meta property=\"og:image:height\" content=\"315\" \/>\n\t<meta property=\"og:image:type\" content=\"image\/jpeg\" \/>\n<meta name=\"author\" content=\"Vladimir Spasi\u0107\" \/>\n<meta name=\"twitter:card\" content=\"summary_large_image\" \/>\n<meta name=\"twitter:label1\" content=\"\u041d\u0430\u043f\u0438\u0441\u0430\u043d\u043e \u043e\u0434\" \/>\n\t<meta name=\"twitter:data1\" content=\"Vladimir Spasi\u0107\" \/>\n\t<meta name=\"twitter:label2\" content=\"\u041f\u0440\u043e\u0446\u0435\u045a\u0435\u043d\u043e \u0432\u0440\u0435\u043c\u0435 \u0447\u0438\u0442\u0430\u045a\u0430\" \/>\n\t<meta name=\"twitter:data2\" content=\"2 \u043c\u0438\u043d\u0443\u0442\u0430\" \/>\n<script type=\"application\/ld+json\" class=\"yoast-schema-graph\">{\"@context\":\"https:\\\/\\\/schema.org\",\"@graph\":[{\"@type\":\"Article\",\"@id\":\"https:\\\/\\\/balkangreenenergynews.com\\\/rs\\\/jos-18-dana-ostalo-za-prijave-na-konkurs-nemackog-ministarstva-zastite-zivotne-sredine\\\/#article\",\"isPartOf\":{\"@id\":\"https:\\\/\\\/balkangreenenergynews.com\\\/rs\\\/jos-18-dana-ostalo-za-prijave-na-konkurs-nemackog-ministarstva-zastite-zivotne-sredine\\\/\"},\"author\":{\"name\":\"Vladimir Spasi\u0107\",\"@id\":\"https:\\\/\\\/balkangreenenergynews.com\\\/rs\\\/#\\\/schema\\\/person\\\/99dc721c46113fea22caffad06ef7317\"},\"headline\":\"Jo\u0161 18 dana ostalo za prijave na konkurs nema\u010dkog Ministarstva za\u0161tite \u017eivotne sredine\",\"datePublished\":\"2020-01-31T22:59:46+00:00\",\"dateModified\":\"2024-11-06T13:57:54+00:00\",\"mainEntityOfPage\":{\"@id\":\"https:\\\/\\\/balkangreenenergynews.com\\\/rs\\\/jos-18-dana-ostalo-za-prijave-na-konkurs-nemackog-ministarstva-zastite-zivotne-sredine\\\/\"},\"wordCount\":422,\"commentCount\":0,\"keywords\":[\"klimatska akcija\",\"konkurs\"],\"articleSection\":[\"VIDEO\",\"\u017divotna sredina\"],\"inLanguage\":\"sr-RS\",\"potentialAction\":[{\"@type\":\"CommentAction\",\"name\":\"Comment\",\"target\":[\"https:\\\/\\\/balkangreenenergynews.com\\\/rs\\\/jos-18-dana-ostalo-za-prijave-na-konkurs-nemackog-ministarstva-zastite-zivotne-sredine\\\/#respond\"]}]},{\"@type\":\"WebPage\",\"@id\":\"https:\\\/\\\/balkangreenenergynews.com\\\/rs\\\/jos-18-dana-ostalo-za-prijave-na-konkurs-nemackog-ministarstva-zastite-zivotne-sredine\\\/\",\"url\":\"https:\\\/\\\/balkangreenenergynews.com\\\/rs\\\/jos-18-dana-ostalo-za-prijave-na-konkurs-nemackog-ministarstva-zastite-zivotne-sredine\\\/\",\"name\":\"Jo\u0161 18 dana ostalo za prijave na konkurs nema\u010dkog Ministarstva za\u0161tite \u017eivotne sredine\",\"isPartOf\":{\"@id\":\"https:\\\/\\\/balkangreenenergynews.com\\\/rs\\\/#website\"},\"datePublished\":\"2020-01-31T22:59:46+00:00\",\"dateModified\":\"2024-11-06T13:57:54+00:00\",\"author\":{\"@id\":\"https:\\\/\\\/balkangreenenergynews.com\\\/rs\\\/#\\\/schema\\\/person\\\/99dc721c46113fea22caffad06ef7317\"},\"description\":\"Ostalo je jo\u0161 samo 18 dana za prijavljivanje na konkurs u okviru Evropske klimatske inicijative koji je pokrenulo nema\u010dko Ministarstvo \u017eivotne sredine.\",\"breadcrumb\":{\"@id\":\"https:\\\/\\\/balkangreenenergynews.com\\\/rs\\\/jos-18-dana-ostalo-za-prijave-na-konkurs-nemackog-ministarstva-zastite-zivotne-sredine\\\/#breadcrumb\"},\"inLanguage\":\"sr-RS\",\"potentialAction\":[{\"@type\":\"ReadAction\",\"target\":[\"https:\\\/\\\/balkangreenenergynews.com\\\/rs\\\/jos-18-dana-ostalo-za-prijave-na-konkurs-nemackog-ministarstva-zastite-zivotne-sredine\\\/\"]}]},{\"@type\":\"BreadcrumbList\",\"@id\":\"https:\\\/\\\/balkangreenenergynews.com\\\/rs\\\/jos-18-dana-ostalo-za-prijave-na-konkurs-nemackog-ministarstva-zastite-zivotne-sredine\\\/#breadcrumb\",\"itemListElement\":[{\"@type\":\"ListItem\",\"position\":1,\"name\":\"Po\u010detna\",\"item\":\"https:\\\/\\\/balkangreenenergynews.com\\\/rs\\\/\"},{\"@type\":\"ListItem\",\"position\":2,\"name\":\"Vesti\",\"item\":\"https:\\\/\\\/balkangreenenergynews.com\\\/rs\\\/kategorija\\\/vesti\\\/\"},{\"@type\":\"ListItem\",\"position\":3,\"name\":\"\u017divotna sredina\",\"item\":\"https:\\\/\\\/balkangreenenergynews.com\\\/rs\\\/kategorija\\\/vesti\\\/zivotna-sredina\\\/\"},{\"@type\":\"ListItem\",\"position\":4,\"name\":\"Jo\u0161 18 dana ostalo za prijave na konkurs nema\u010dkog Ministarstva za\u0161tite \u017eivotne sredine\"}]},{\"@type\":\"WebSite\",\"@id\":\"https:\\\/\\\/balkangreenenergynews.com\\\/rs\\\/#website\",\"url\":\"https:\\\/\\\/balkangreenenergynews.com\\\/rs\\\/\",\"name\":\"Balkan Green Energy News\",\"description\":\"Naj\u0161iri izbor vesti sa Balkana o zelenoj energiji\",\"potentialAction\":[{\"@type\":\"SearchAction\",\"target\":{\"@type\":\"EntryPoint\",\"urlTemplate\":\"https:\\\/\\\/balkangreenenergynews.com\\\/rs\\\/?s={search_term_string}\"},\"query-input\":{\"@type\":\"PropertyValueSpecification\",\"valueRequired\":true,\"valueName\":\"search_term_string\"}}],\"inLanguage\":\"sr-RS\"},{\"@type\":\"Person\",\"@id\":\"https:\\\/\\\/balkangreenenergynews.com\\\/rs\\\/#\\\/schema\\\/person\\\/99dc721c46113fea22caffad06ef7317\",\"name\":\"Vladimir Spasi\u0107\",\"url\":\"https:\\\/\\\/balkangreenenergynews.com\\\/rs\\\/author\\\/vladimir-spasic\\\/\"}]}<\/script>\n<!-- \/ Yoast SEO plugin. -->","yoast_head_json":{"title":"Jo\u0161 18 dana ostalo za prijave na konkurs nema\u010dkog Ministarstva za\u0161tite \u017eivotne sredine","description":"Ostalo je jo\u0161 samo 18 dana za prijavljivanje na konkurs u okviru Evropske klimatske inicijative koji je pokrenulo nema\u010dko Ministarstvo \u017eivotne sredine.","robots":{"index":"index","follow":"follow","max-snippet":"max-snippet:-1","max-image-preview":"max-image-preview:large","max-video-preview":"max-video-preview:-1"},"canonical":"https:\/\/balkangreenenergynews.com\/rs\/jos-18-dana-ostalo-za-prijave-na-konkurs-nemackog-ministarstva-zastite-zivotne-sredine\/","og_locale":"sr_RS","og_type":"article","og_title":"Jo\u0161 18 dana ostalo za prijave na konkurs nema\u010dkog Ministarstva za\u0161tite \u017eivotne sredine","og_description":"Ostalo je jo\u0161 samo 18 dana za prijavljivanje na konkurs u okviru Evropske klimatske inicijative koji je pokrenulo nema\u010dko Ministarstvo \u017eivotne sredine.","og_url":"https:\/\/balkangreenenergynews.com\/rs\/jos-18-dana-ostalo-za-prijave-na-konkurs-nemackog-ministarstva-zastite-zivotne-sredine\/","og_site_name":"Balkan Green Energy News","article_published_time":"2020-01-31T22:59:46+00:00","article_modified_time":"2024-11-06T13:57:54+00:00","og_image":[{"width":851,"height":315,"url":"https:\/\/balkangreenenergynews.com\/rs\/wp-content\/uploads\/2016\/10\/bgen.jpg?wsr","type":"image\/jpeg"}],"author":"Vladimir Spasi\u0107","twitter_card":"summary_large_image","twitter_misc":{"\u041d\u0430\u043f\u0438\u0441\u0430\u043d\u043e \u043e\u0434":"Vladimir Spasi\u0107","\u041f\u0440\u043e\u0446\u0435\u045a\u0435\u043d\u043e \u0432\u0440\u0435\u043c\u0435 \u0447\u0438\u0442\u0430\u045a\u0430":"2 \u043c\u0438\u043d\u0443\u0442\u0430"},"schema":{"@context":"https:\/\/schema.org","@graph":[{"@type":"Article","@id":"https:\/\/balkangreenenergynews.com\/rs\/jos-18-dana-ostalo-za-prijave-na-konkurs-nemackog-ministarstva-zastite-zivotne-sredine\/#article","isPartOf":{"@id":"https:\/\/balkangreenenergynews.com\/rs\/jos-18-dana-ostalo-za-prijave-na-konkurs-nemackog-ministarstva-zastite-zivotne-sredine\/"},"author":{"name":"Vladimir Spasi\u0107","@id":"https:\/\/balkangreenenergynews.com\/rs\/#\/schema\/person\/99dc721c46113fea22caffad06ef7317"},"headline":"Jo\u0161 18 dana ostalo za prijave na konkurs nema\u010dkog Ministarstva za\u0161tite \u017eivotne sredine","datePublished":"2020-01-31T22:59:46+00:00","dateModified":"2024-11-06T13:57:54+00:00","mainEntityOfPage":{"@id":"https:\/\/balkangreenenergynews.com\/rs\/jos-18-dana-ostalo-za-prijave-na-konkurs-nemackog-ministarstva-zastite-zivotne-sredine\/"},"wordCount":422,"commentCount":0,"keywords":["klimatska akcija","konkurs"],"articleSection":["VIDEO","\u017divotna sredina"],"inLanguage":"sr-RS","potentialAction":[{"@type":"CommentAction","name":"Comment","target":["https:\/\/balkangreenenergynews.com\/rs\/jos-18-dana-ostalo-za-prijave-na-konkurs-nemackog-ministarstva-zastite-zivotne-sredine\/#respond"]}]},{"@type":"WebPage","@id":"https:\/\/balkangreenenergynews.com\/rs\/jos-18-dana-ostalo-za-prijave-na-konkurs-nemackog-ministarstva-zastite-zivotne-sredine\/","url":"https:\/\/balkangreenenergynews.com\/rs\/jos-18-dana-ostalo-za-prijave-na-konkurs-nemackog-ministarstva-zastite-zivotne-sredine\/","name":"Jo\u0161 18 dana ostalo za prijave na konkurs nema\u010dkog Ministarstva za\u0161tite \u017eivotne sredine","isPartOf":{"@id":"https:\/\/balkangreenenergynews.com\/rs\/#website"},"datePublished":"2020-01-31T22:59:46+00:00","dateModified":"2024-11-06T13:57:54+00:00","author":{"@id":"https:\/\/balkangreenenergynews.com\/rs\/#\/schema\/person\/99dc721c46113fea22caffad06ef7317"},"description":"Ostalo je jo\u0161 samo 18 dana za prijavljivanje na konkurs u okviru Evropske klimatske inicijative koji je pokrenulo nema\u010dko Ministarstvo \u017eivotne sredine.","breadcrumb":{"@id":"https:\/\/balkangreenenergynews.com\/rs\/jos-18-dana-ostalo-za-prijave-na-konkurs-nemackog-ministarstva-zastite-zivotne-sredine\/#breadcrumb"},"inLanguage":"sr-RS","potentialAction":[{"@type":"ReadAction","target":["https:\/\/balkangreenenergynews.com\/rs\/jos-18-dana-ostalo-za-prijave-na-konkurs-nemackog-ministarstva-zastite-zivotne-sredine\/"]}]},{"@type":"BreadcrumbList","@id":"https:\/\/balkangreenenergynews.com\/rs\/jos-18-dana-ostalo-za-prijave-na-konkurs-nemackog-ministarstva-zastite-zivotne-sredine\/#breadcrumb","itemListElement":[{"@type":"ListItem","position":1,"name":"Po\u010detna","item":"https:\/\/balkangreenenergynews.com\/rs\/"},{"@type":"ListItem","position":2,"name":"Vesti","item":"https:\/\/balkangreenenergynews.com\/rs\/kategorija\/vesti\/"},{"@type":"ListItem","position":3,"name":"\u017divotna sredina","item":"https:\/\/balkangreenenergynews.com\/rs\/kategorija\/vesti\/zivotna-sredina\/"},{"@type":"ListItem","position":4,"name":"Jo\u0161 18 dana ostalo za prijave na konkurs nema\u010dkog Ministarstva za\u0161tite \u017eivotne sredine"}]},{"@type":"WebSite","@id":"https:\/\/balkangreenenergynews.com\/rs\/#website","url":"https:\/\/balkangreenenergynews.com\/rs\/","name":"Balkan Green Energy News","description":"Naj\u0161iri izbor vesti sa Balkana o zelenoj energiji","potentialAction":[{"@type":"SearchAction","target":{"@type":"EntryPoint","urlTemplate":"https:\/\/balkangreenenergynews.com\/rs\/?s={search_term_string}"},"query-input":{"@type":"PropertyValueSpecification","valueRequired":true,"valueName":"search_term_string"}}],"inLanguage":"sr-RS"},{"@type":"Person","@id":"https:\/\/balkangreenenergynews.com\/rs\/#\/schema\/person\/99dc721c46113fea22caffad06ef7317","name":"Vladimir Spasi\u0107","url":"https:\/\/balkangreenenergynews.com\/rs\/author\/vladimir-spasic\/"}]}},"_links":{"self":[{"href":"https:\/\/balkangreenenergynews.com\/rs\/wp-json\/wp\/v2\/posts\/27886","targetHints":{"allow":["GET"]}}],"collection":[{"href":"https:\/\/balkangreenenergynews.com\/rs\/wp-json\/wp\/v2\/posts"}],"about":[{"href":"https:\/\/balkangreenenergynews.com\/rs\/wp-json\/wp\/v2\/types\/post"}],"author":[{"embeddable":true,"href":"https:\/\/balkangreenenergynews.com\/rs\/wp-json\/wp\/v2\/users\/23"}],"replies":[{"embeddable":true,"href":"https:\/\/balkangreenenergynews.com\/rs\/wp-json\/wp\/v2\/comments?post=27886"}],"version-history":[{"count":0,"href":"https:\/\/balkangreenenergynews.com\/rs\/wp-json\/wp\/v2\/posts\/27886\/revisions"}],"wp:attachment":[{"href":"https:\/\/balkangreenenergynews.com\/rs\/wp-json\/wp\/v2\/media?parent=27886"}],"wp:term":[{"taxonomy":"category","embeddable":true,"href":"https:\/\/balkangreenenergynews.com\/rs\/wp-json\/wp\/v2\/categories?post=27886"},{"taxonomy":"post_tag","embeddable":true,"href":"https:\/\/balkangreenenergynews.com\/rs\/wp-json\/wp\/v2\/tags?post=27886"}],"curies":[{"name":"wp","href":"https:\/\/api.w.org\/{rel}","templated":true}]}}