{"id":27302,"date":"2019-12-23T17:05:16","date_gmt":"2019-12-23T16:05:16","guid":{"rendered":"https:\/\/balkangreenenergynews.com\/rs\/?p=27302"},"modified":"2020-05-05T18:20:27","modified_gmt":"2020-05-05T16:20:27","slug":"zabranjena-upotreba-jednokratne-ambalaze-i-plastike-u-drzavnim-institucijama-severne-makedonije","status":"publish","type":"post","link":"https:\/\/balkangreenenergynews.com\/rs\/zabranjena-upotreba-jednokratne-ambalaze-i-plastike-u-drzavnim-institucijama-severne-makedonije\/","title":{"rendered":"Zabranjena upotreba jednokratne ambala\u017ee i plastike u dr\u017eavnim institucijama Severne Makedonije"},"content":{"rendered":"<h2>Vlada Severne Makedonije na poslednjoj sednici usvojila je inicijativu Ministarstva \u017eivotne sredine i prostornog planiranja da dr\u017eavne institucije prekinu nabavku jednokratne ambala\u017ee i plastike.<\/h2>\n<p>Naser Nuredini, ministar za \u017eivotnu sredinu i prostorno planiranje, izjavio je da ova zabrana stupa na snagu 1. januara 2020. godine.<\/p>\n<blockquote><p>Ne\u0107e se nabavljati ni druga dobra, poput \u0161e\u0107era u plasti\u010dnoj ambala\u017ei, ve\u0107 u rinfuzu<\/p><\/blockquote>\n<p>To zna\u010di da c\u0301e u sledec\u0301oj javnoj nabavci Vlade Severne Makedonije plasti\u010dne boce biti zamenjene staklenim, nec\u0301e se nabavljati plasti\u010dne \u010da\u0161e, slam\u010dice, ka\u0161ike i drugo jednokratno plasti\u010dno posu\u0111e. Tako\u0111e, ne\u0107e se kupovati i druga dobra, poput \u0161e\u0107era u plasti\u010dnoj ambala\u017ei, ve\u0107 u rinfuzu, objasnio\u00a0 je Nuredini.<\/p>\n<blockquote><p>Dr\u017eavne slu\u017ebe ne\u0107e smeti da dodeljuju poslove firmama koje nemaju dokaz da su ispunili svoje obaveze u skladu sa propisima o produ\u017eenoj odgovornosti proizvo\u0111a\u010da za upravljanje specifi\u010dnim tokovima otpada<\/p><\/blockquote>\n<p>Tako\u0111e je odlu\u010deno da Kancelarija za op\u0161te poslove i usluge, slu\u017ebe i sva ministarstva, kao i tela, sekretarijati i stru\u010dne slu\u017ebe, nec\u0301e zaklju\u010divati ugovore o javnim nabavkama sa proizvo\u0111a\u010dima koji nemaju dokaz da su u potpunosti, najmanje tokom teku\u0107e godine, ispunili svoje obaveze u skladu sa propisima o produ\u017eenoj odgovornosti proizvo\u0111a\u010da za upravljanje specifi\u010dnim tokovima otpada.<\/p>\n<p>Ove mere su, kako je saop\u0161tilo Ministarstvo, deo Plana za spre\u010davanje stvaranja otpada Republike Severne Makedonije, koji je pripremilo Ministarstvo i bic\u0301e formalno usvojen nakon usvajanja novog paketa zakona o upravljanju otpadom.<\/p>\n<p>Ti propisi su trenutno u fazi konsultacija, odnosno odr\u017eavanja javnih rasprava, naveo je ministar Nuredini.<\/p>\n<p>Ministarstvo je pripremilo \u0161est novih propisa u oblasti upravljanja otpadom.<\/p>\n","protected":false},"excerpt":{"rendered":"<p>Vlada Severne Makedonije na poslednjoj sednici usvojila je inicijativu Ministarstva \u017eivotne sredine i prostornog planiranja&#8230;<\/p>\n","protected":false},"author":23,"featured_media":29941,"comment_status":"open","ping_status":"closed","sticky":false,"template":"","format":"standard","meta":{"_acf_changed":false,"_monsterinsights_skip_tracking":false,"_monsterinsights_sitenote_active":false,"_monsterinsights_sitenote_note":"","_monsterinsights_sitenote_category":0,"footnotes":""},"categories":[5,4],"tags":[828,4995,680],"class_list":["post-27302","post","type-post","status-publish","format-standard","has-post-thumbnail","hentry","category-otpad","category-zivotna-sredina","tag-ambalaza","tag-plastika","tag-upravljanje-otpadom","country-makedonija"],"acf":[],"yoast_head":"<!-- This site is optimized with the Yoast SEO plugin v27.4 - https:\/\/yoast.com\/product\/yoast-seo-wordpress\/ -->\n<title>Severna Makedonija zabranila upotrebu jednokratne ambala\u017ee i plastike<\/title>\n<meta name=\"description\" content=\"Severna Makedonija usvojila je inicijativu da dr\u017eavne institucije prekinu nabavku jednokratne ambala\u017ee i plastike od 1. januara 2020. godine.\" \/>\n<meta name=\"robots\" content=\"index, follow, max-snippet:-1, max-image-preview:large, max-video-preview:-1\" \/>\n<link rel=\"canonical\" href=\"https:\/\/balkangreenenergynews.com\/rs\/zabranjena-upotreba-jednokratne-ambalaze-i-plastike-u-drzavnim-institucijama-severne-makedonije\/\" \/>\n<meta property=\"og:locale\" content=\"sr_RS\" \/>\n<meta property=\"og:type\" content=\"article\" \/>\n<meta property=\"og:title\" content=\"Severna Makedonija zabranila upotrebu jednokratne ambala\u017ee i plastike\" \/>\n<meta property=\"og:description\" content=\"Severna Makedonija usvojila je inicijativu da dr\u017eavne institucije prekinu nabavku jednokratne ambala\u017ee i plastike od 1. januara 2020. godine.\" \/>\n<meta property=\"og:url\" content=\"https:\/\/balkangreenenergynews.com\/rs\/zabranjena-upotreba-jednokratne-ambalaze-i-plastike-u-drzavnim-institucijama-severne-makedonije\/\" \/>\n<meta property=\"og:site_name\" content=\"Balkan Green Energy News\" \/>\n<meta property=\"article:published_time\" content=\"2019-12-23T16:05:16+00:00\" \/>\n<meta property=\"article:modified_time\" content=\"2020-05-05T16:20:27+00:00\" \/>\n<meta property=\"og:image\" content=\"https:\/\/balkangreenenergynews.com\/rs\/wp-content\/uploads\/2019\/12\/Zabranjena-upotreba-jednokratne-plastike-Severna-Makedonija.jpg\" \/>\n\t<meta property=\"og:image:width\" content=\"795\" \/>\n\t<meta property=\"og:image:height\" content=\"407\" \/>\n\t<meta property=\"og:image:type\" content=\"image\/jpeg\" \/>\n<meta name=\"author\" content=\"Vladimir Spasi\u0107\" \/>\n<meta name=\"twitter:card\" content=\"summary_large_image\" \/>\n<meta name=\"twitter:label1\" content=\"\u041d\u0430\u043f\u0438\u0441\u0430\u043d\u043e \u043e\u0434\" \/>\n\t<meta name=\"twitter:data1\" content=\"Vladimir Spasi\u0107\" \/>\n\t<meta name=\"twitter:label2\" content=\"\u041f\u0440\u043e\u0446\u0435\u045a\u0435\u043d\u043e \u0432\u0440\u0435\u043c\u0435 \u0447\u0438\u0442\u0430\u045a\u0430\" \/>\n\t<meta name=\"twitter:data2\" content=\"1 \u043c\u0438\u043d\u0443\u0442\" \/>\n<script type=\"application\/ld+json\" class=\"yoast-schema-graph\">{\"@context\":\"https:\\\/\\\/schema.org\",\"@graph\":[{\"@type\":\"Article\",\"@id\":\"https:\\\/\\\/balkangreenenergynews.com\\\/rs\\\/zabranjena-upotreba-jednokratne-ambalaze-i-plastike-u-drzavnim-institucijama-severne-makedonije\\\/#article\",\"isPartOf\":{\"@id\":\"https:\\\/\\\/balkangreenenergynews.com\\\/rs\\\/zabranjena-upotreba-jednokratne-ambalaze-i-plastike-u-drzavnim-institucijama-severne-makedonije\\\/\"},\"author\":{\"name\":\"Vladimir Spasi\u0107\",\"@id\":\"https:\\\/\\\/balkangreenenergynews.com\\\/rs\\\/#\\\/schema\\\/person\\\/99dc721c46113fea22caffad06ef7317\"},\"headline\":\"Zabranjena upotreba jednokratne ambala\u017ee i plastike u dr\u017eavnim institucijama Severne Makedonije\",\"datePublished\":\"2019-12-23T16:05:16+00:00\",\"dateModified\":\"2020-05-05T16:20:27+00:00\",\"mainEntityOfPage\":{\"@id\":\"https:\\\/\\\/balkangreenenergynews.com\\\/rs\\\/zabranjena-upotreba-jednokratne-ambalaze-i-plastike-u-drzavnim-institucijama-severne-makedonije\\\/\"},\"wordCount\":306,\"commentCount\":0,\"image\":{\"@id\":\"https:\\\/\\\/balkangreenenergynews.com\\\/rs\\\/zabranjena-upotreba-jednokratne-ambalaze-i-plastike-u-drzavnim-institucijama-severne-makedonije\\\/#primaryimage\"},\"thumbnailUrl\":\"https:\\\/\\\/balkangreenenergynews.com\\\/rs\\\/wp-content\\\/uploads\\\/2019\\\/12\\\/Zabranjena-upotreba-jednokratne-plastike-Severna-Makedonija.jpg?wsr\",\"keywords\":[\"ambala\u017ea\",\"plastika\",\"upravljanje otpadom\"],\"articleSection\":[\"Otpad\",\"\u017divotna sredina\"],\"inLanguage\":\"sr-RS\",\"potentialAction\":[{\"@type\":\"CommentAction\",\"name\":\"Comment\",\"target\":[\"https:\\\/\\\/balkangreenenergynews.com\\\/rs\\\/zabranjena-upotreba-jednokratne-ambalaze-i-plastike-u-drzavnim-institucijama-severne-makedonije\\\/#respond\"]}]},{\"@type\":\"WebPage\",\"@id\":\"https:\\\/\\\/balkangreenenergynews.com\\\/rs\\\/zabranjena-upotreba-jednokratne-ambalaze-i-plastike-u-drzavnim-institucijama-severne-makedonije\\\/\",\"url\":\"https:\\\/\\\/balkangreenenergynews.com\\\/rs\\\/zabranjena-upotreba-jednokratne-ambalaze-i-plastike-u-drzavnim-institucijama-severne-makedonije\\\/\",\"name\":\"Severna Makedonija zabranila upotrebu jednokratne ambala\u017ee i plastike\",\"isPartOf\":{\"@id\":\"https:\\\/\\\/balkangreenenergynews.com\\\/rs\\\/#website\"},\"primaryImageOfPage\":{\"@id\":\"https:\\\/\\\/balkangreenenergynews.com\\\/rs\\\/zabranjena-upotreba-jednokratne-ambalaze-i-plastike-u-drzavnim-institucijama-severne-makedonije\\\/#primaryimage\"},\"image\":{\"@id\":\"https:\\\/\\\/balkangreenenergynews.com\\\/rs\\\/zabranjena-upotreba-jednokratne-ambalaze-i-plastike-u-drzavnim-institucijama-severne-makedonije\\\/#primaryimage\"},\"thumbnailUrl\":\"https:\\\/\\\/balkangreenenergynews.com\\\/rs\\\/wp-content\\\/uploads\\\/2019\\\/12\\\/Zabranjena-upotreba-jednokratne-plastike-Severna-Makedonija.jpg?wsr\",\"datePublished\":\"2019-12-23T16:05:16+00:00\",\"dateModified\":\"2020-05-05T16:20:27+00:00\",\"author\":{\"@id\":\"https:\\\/\\\/balkangreenenergynews.com\\\/rs\\\/#\\\/schema\\\/person\\\/99dc721c46113fea22caffad06ef7317\"},\"description\":\"Severna Makedonija usvojila je inicijativu da dr\u017eavne institucije prekinu nabavku jednokratne ambala\u017ee i plastike od 1. januara 2020. godine.\",\"breadcrumb\":{\"@id\":\"https:\\\/\\\/balkangreenenergynews.com\\\/rs\\\/zabranjena-upotreba-jednokratne-ambalaze-i-plastike-u-drzavnim-institucijama-severne-makedonije\\\/#breadcrumb\"},\"inLanguage\":\"sr-RS\",\"potentialAction\":[{\"@type\":\"ReadAction\",\"target\":[\"https:\\\/\\\/balkangreenenergynews.com\\\/rs\\\/zabranjena-upotreba-jednokratne-ambalaze-i-plastike-u-drzavnim-institucijama-severne-makedonije\\\/\"]}]},{\"@type\":\"ImageObject\",\"inLanguage\":\"sr-RS\",\"@id\":\"https:\\\/\\\/balkangreenenergynews.com\\\/rs\\\/zabranjena-upotreba-jednokratne-ambalaze-i-plastike-u-drzavnim-institucijama-severne-makedonije\\\/#primaryimage\",\"url\":\"https:\\\/\\\/balkangreenenergynews.com\\\/rs\\\/wp-content\\\/uploads\\\/2019\\\/12\\\/Zabranjena-upotreba-jednokratne-plastike-Severna-Makedonija.jpg?wsr\",\"contentUrl\":\"https:\\\/\\\/balkangreenenergynews.com\\\/rs\\\/wp-content\\\/uploads\\\/2019\\\/12\\\/Zabranjena-upotreba-jednokratne-plastike-Severna-Makedonija.jpg?wsr\",\"width\":795,\"height\":407,\"caption\":\"Zabranjena-upotreba-jednokratne-plastike-Severna-Makedonija\"},{\"@type\":\"BreadcrumbList\",\"@id\":\"https:\\\/\\\/balkangreenenergynews.com\\\/rs\\\/zabranjena-upotreba-jednokratne-ambalaze-i-plastike-u-drzavnim-institucijama-severne-makedonije\\\/#breadcrumb\",\"itemListElement\":[{\"@type\":\"ListItem\",\"position\":1,\"name\":\"Po\u010detna\",\"item\":\"https:\\\/\\\/balkangreenenergynews.com\\\/rs\\\/\"},{\"@type\":\"ListItem\",\"position\":2,\"name\":\"Vesti\",\"item\":\"https:\\\/\\\/balkangreenenergynews.com\\\/rs\\\/kategorija\\\/vesti\\\/\"},{\"@type\":\"ListItem\",\"position\":3,\"name\":\"Otpad\",\"item\":\"https:\\\/\\\/balkangreenenergynews.com\\\/rs\\\/kategorija\\\/vesti\\\/otpad\\\/\"},{\"@type\":\"ListItem\",\"position\":4,\"name\":\"Zabranjena upotreba jednokratne ambala\u017ee i plastike u dr\u017eavnim institucijama Severne Makedonije\"}]},{\"@type\":\"WebSite\",\"@id\":\"https:\\\/\\\/balkangreenenergynews.com\\\/rs\\\/#website\",\"url\":\"https:\\\/\\\/balkangreenenergynews.com\\\/rs\\\/\",\"name\":\"Balkan Green Energy News\",\"description\":\"Naj\u0161iri izbor vesti sa Balkana o zelenoj energiji\",\"potentialAction\":[{\"@type\":\"SearchAction\",\"target\":{\"@type\":\"EntryPoint\",\"urlTemplate\":\"https:\\\/\\\/balkangreenenergynews.com\\\/rs\\\/?s={search_term_string}\"},\"query-input\":{\"@type\":\"PropertyValueSpecification\",\"valueRequired\":true,\"valueName\":\"search_term_string\"}}],\"inLanguage\":\"sr-RS\"},{\"@type\":\"Person\",\"@id\":\"https:\\\/\\\/balkangreenenergynews.com\\\/rs\\\/#\\\/schema\\\/person\\\/99dc721c46113fea22caffad06ef7317\",\"name\":\"Vladimir Spasi\u0107\",\"url\":\"https:\\\/\\\/balkangreenenergynews.com\\\/rs\\\/author\\\/vladimir-spasic\\\/\"}]}<\/script>\n<!-- \/ Yoast SEO plugin. -->","yoast_head_json":{"title":"Severna Makedonija zabranila upotrebu jednokratne ambala\u017ee i plastike","description":"Severna Makedonija usvojila je inicijativu da dr\u017eavne institucije prekinu nabavku jednokratne ambala\u017ee i plastike od 1. januara 2020. godine.","robots":{"index":"index","follow":"follow","max-snippet":"max-snippet:-1","max-image-preview":"max-image-preview:large","max-video-preview":"max-video-preview:-1"},"canonical":"https:\/\/balkangreenenergynews.com\/rs\/zabranjena-upotreba-jednokratne-ambalaze-i-plastike-u-drzavnim-institucijama-severne-makedonije\/","og_locale":"sr_RS","og_type":"article","og_title":"Severna Makedonija zabranila upotrebu jednokratne ambala\u017ee i plastike","og_description":"Severna Makedonija usvojila je inicijativu da dr\u017eavne institucije prekinu nabavku jednokratne ambala\u017ee i plastike od 1. januara 2020. godine.","og_url":"https:\/\/balkangreenenergynews.com\/rs\/zabranjena-upotreba-jednokratne-ambalaze-i-plastike-u-drzavnim-institucijama-severne-makedonije\/","og_site_name":"Balkan Green Energy News","article_published_time":"2019-12-23T16:05:16+00:00","article_modified_time":"2020-05-05T16:20:27+00:00","og_image":[{"width":795,"height":407,"url":"https:\/\/balkangreenenergynews.com\/rs\/wp-content\/uploads\/2019\/12\/Zabranjena-upotreba-jednokratne-plastike-Severna-Makedonija.jpg","type":"image\/jpeg"}],"author":"Vladimir Spasi\u0107","twitter_card":"summary_large_image","twitter_misc":{"\u041d\u0430\u043f\u0438\u0441\u0430\u043d\u043e \u043e\u0434":"Vladimir Spasi\u0107","\u041f\u0440\u043e\u0446\u0435\u045a\u0435\u043d\u043e \u0432\u0440\u0435\u043c\u0435 \u0447\u0438\u0442\u0430\u045a\u0430":"1 \u043c\u0438\u043d\u0443\u0442"},"schema":{"@context":"https:\/\/schema.org","@graph":[{"@type":"Article","@id":"https:\/\/balkangreenenergynews.com\/rs\/zabranjena-upotreba-jednokratne-ambalaze-i-plastike-u-drzavnim-institucijama-severne-makedonije\/#article","isPartOf":{"@id":"https:\/\/balkangreenenergynews.com\/rs\/zabranjena-upotreba-jednokratne-ambalaze-i-plastike-u-drzavnim-institucijama-severne-makedonije\/"},"author":{"name":"Vladimir Spasi\u0107","@id":"https:\/\/balkangreenenergynews.com\/rs\/#\/schema\/person\/99dc721c46113fea22caffad06ef7317"},"headline":"Zabranjena upotreba jednokratne ambala\u017ee i plastike u dr\u017eavnim institucijama Severne Makedonije","datePublished":"2019-12-23T16:05:16+00:00","dateModified":"2020-05-05T16:20:27+00:00","mainEntityOfPage":{"@id":"https:\/\/balkangreenenergynews.com\/rs\/zabranjena-upotreba-jednokratne-ambalaze-i-plastike-u-drzavnim-institucijama-severne-makedonije\/"},"wordCount":306,"commentCount":0,"image":{"@id":"https:\/\/balkangreenenergynews.com\/rs\/zabranjena-upotreba-jednokratne-ambalaze-i-plastike-u-drzavnim-institucijama-severne-makedonije\/#primaryimage"},"thumbnailUrl":"https:\/\/balkangreenenergynews.com\/rs\/wp-content\/uploads\/2019\/12\/Zabranjena-upotreba-jednokratne-plastike-Severna-Makedonija.jpg?wsr","keywords":["ambala\u017ea","plastika","upravljanje otpadom"],"articleSection":["Otpad","\u017divotna sredina"],"inLanguage":"sr-RS","potentialAction":[{"@type":"CommentAction","name":"Comment","target":["https:\/\/balkangreenenergynews.com\/rs\/zabranjena-upotreba-jednokratne-ambalaze-i-plastike-u-drzavnim-institucijama-severne-makedonije\/#respond"]}]},{"@type":"WebPage","@id":"https:\/\/balkangreenenergynews.com\/rs\/zabranjena-upotreba-jednokratne-ambalaze-i-plastike-u-drzavnim-institucijama-severne-makedonije\/","url":"https:\/\/balkangreenenergynews.com\/rs\/zabranjena-upotreba-jednokratne-ambalaze-i-plastike-u-drzavnim-institucijama-severne-makedonije\/","name":"Severna Makedonija zabranila upotrebu jednokratne ambala\u017ee i plastike","isPartOf":{"@id":"https:\/\/balkangreenenergynews.com\/rs\/#website"},"primaryImageOfPage":{"@id":"https:\/\/balkangreenenergynews.com\/rs\/zabranjena-upotreba-jednokratne-ambalaze-i-plastike-u-drzavnim-institucijama-severne-makedonije\/#primaryimage"},"image":{"@id":"https:\/\/balkangreenenergynews.com\/rs\/zabranjena-upotreba-jednokratne-ambalaze-i-plastike-u-drzavnim-institucijama-severne-makedonije\/#primaryimage"},"thumbnailUrl":"https:\/\/balkangreenenergynews.com\/rs\/wp-content\/uploads\/2019\/12\/Zabranjena-upotreba-jednokratne-plastike-Severna-Makedonija.jpg?wsr","datePublished":"2019-12-23T16:05:16+00:00","dateModified":"2020-05-05T16:20:27+00:00","author":{"@id":"https:\/\/balkangreenenergynews.com\/rs\/#\/schema\/person\/99dc721c46113fea22caffad06ef7317"},"description":"Severna Makedonija usvojila je inicijativu da dr\u017eavne institucije prekinu nabavku jednokratne ambala\u017ee i plastike od 1. januara 2020. godine.","breadcrumb":{"@id":"https:\/\/balkangreenenergynews.com\/rs\/zabranjena-upotreba-jednokratne-ambalaze-i-plastike-u-drzavnim-institucijama-severne-makedonije\/#breadcrumb"},"inLanguage":"sr-RS","potentialAction":[{"@type":"ReadAction","target":["https:\/\/balkangreenenergynews.com\/rs\/zabranjena-upotreba-jednokratne-ambalaze-i-plastike-u-drzavnim-institucijama-severne-makedonije\/"]}]},{"@type":"ImageObject","inLanguage":"sr-RS","@id":"https:\/\/balkangreenenergynews.com\/rs\/zabranjena-upotreba-jednokratne-ambalaze-i-plastike-u-drzavnim-institucijama-severne-makedonije\/#primaryimage","url":"https:\/\/balkangreenenergynews.com\/rs\/wp-content\/uploads\/2019\/12\/Zabranjena-upotreba-jednokratne-plastike-Severna-Makedonija.jpg?wsr","contentUrl":"https:\/\/balkangreenenergynews.com\/rs\/wp-content\/uploads\/2019\/12\/Zabranjena-upotreba-jednokratne-plastike-Severna-Makedonija.jpg?wsr","width":795,"height":407,"caption":"Zabranjena-upotreba-jednokratne-plastike-Severna-Makedonija"},{"@type":"BreadcrumbList","@id":"https:\/\/balkangreenenergynews.com\/rs\/zabranjena-upotreba-jednokratne-ambalaze-i-plastike-u-drzavnim-institucijama-severne-makedonije\/#breadcrumb","itemListElement":[{"@type":"ListItem","position":1,"name":"Po\u010detna","item":"https:\/\/balkangreenenergynews.com\/rs\/"},{"@type":"ListItem","position":2,"name":"Vesti","item":"https:\/\/balkangreenenergynews.com\/rs\/kategorija\/vesti\/"},{"@type":"ListItem","position":3,"name":"Otpad","item":"https:\/\/balkangreenenergynews.com\/rs\/kategorija\/vesti\/otpad\/"},{"@type":"ListItem","position":4,"name":"Zabranjena upotreba jednokratne ambala\u017ee i plastike u dr\u017eavnim institucijama Severne Makedonije"}]},{"@type":"WebSite","@id":"https:\/\/balkangreenenergynews.com\/rs\/#website","url":"https:\/\/balkangreenenergynews.com\/rs\/","name":"Balkan Green Energy News","description":"Naj\u0161iri izbor vesti sa Balkana o zelenoj energiji","potentialAction":[{"@type":"SearchAction","target":{"@type":"EntryPoint","urlTemplate":"https:\/\/balkangreenenergynews.com\/rs\/?s={search_term_string}"},"query-input":{"@type":"PropertyValueSpecification","valueRequired":true,"valueName":"search_term_string"}}],"inLanguage":"sr-RS"},{"@type":"Person","@id":"https:\/\/balkangreenenergynews.com\/rs\/#\/schema\/person\/99dc721c46113fea22caffad06ef7317","name":"Vladimir Spasi\u0107","url":"https:\/\/balkangreenenergynews.com\/rs\/author\/vladimir-spasic\/"}]}},"_links":{"self":[{"href":"https:\/\/balkangreenenergynews.com\/rs\/wp-json\/wp\/v2\/posts\/27302","targetHints":{"allow":["GET"]}}],"collection":[{"href":"https:\/\/balkangreenenergynews.com\/rs\/wp-json\/wp\/v2\/posts"}],"about":[{"href":"https:\/\/balkangreenenergynews.com\/rs\/wp-json\/wp\/v2\/types\/post"}],"author":[{"embeddable":true,"href":"https:\/\/balkangreenenergynews.com\/rs\/wp-json\/wp\/v2\/users\/23"}],"replies":[{"embeddable":true,"href":"https:\/\/balkangreenenergynews.com\/rs\/wp-json\/wp\/v2\/comments?post=27302"}],"version-history":[{"count":0,"href":"https:\/\/balkangreenenergynews.com\/rs\/wp-json\/wp\/v2\/posts\/27302\/revisions"}],"wp:featuredmedia":[{"embeddable":true,"href":"https:\/\/balkangreenenergynews.com\/rs\/wp-json\/wp\/v2\/media\/29941"}],"wp:attachment":[{"href":"https:\/\/balkangreenenergynews.com\/rs\/wp-json\/wp\/v2\/media?parent=27302"}],"wp:term":[{"taxonomy":"category","embeddable":true,"href":"https:\/\/balkangreenenergynews.com\/rs\/wp-json\/wp\/v2\/categories?post=27302"},{"taxonomy":"post_tag","embeddable":true,"href":"https:\/\/balkangreenenergynews.com\/rs\/wp-json\/wp\/v2\/tags?post=27302"}],"curies":[{"name":"wp","href":"https:\/\/api.w.org\/{rel}","templated":true}]}}