{"id":26817,"date":"2019-11-28T12:18:31","date_gmt":"2019-11-28T11:18:31","guid":{"rendered":"https:\/\/balkangreenenergynews.com\/rs\/?p=26817"},"modified":"2019-11-28T12:29:09","modified_gmt":"2019-11-28T11:29:09","slug":"viessmann-poklonimo-obolelima-od-paralize-to-sto-zaradimo-na-beli-petak","status":"publish","type":"post","link":"https:\/\/balkangreenenergynews.com\/rs\/viessmann-poklonimo-obolelima-od-paralize-to-sto-zaradimo-na-beli-petak\/","title":{"rendered":"Viessmann: Poklonimo obolelima od paralize to \u0161to zaradimo na Beli petak"},"content":{"rendered":"<h2>Umesto Crnog petka, Viesmann DOO je drugi put proglasio humanitarni Beli petak. Ovaj proizvo\u0111a\u010d kotlova, toplotnih pumpi i rashladnih sistema je saop\u0161tio da \u0107e umesto rasprodaje i popusta, sav profit ostvaren 6. decembra pokloniti. Pozvao je i sve kompanije da se priklju\u010de akciji.<\/h2>\n<p>White Friday \u0107e se odr\u017eati nedelju dana posle kupoholi\u010darskog praznika Black Friday. Zavisna kompanija nema\u010dke matice Viessmann Werke GmbH und Co. KG je saop\u0161tila da \u0107e ovog puta zaradu proslediti Savezu za cerebralnu i de\u010diju paralizu Srbije.<\/p>\n<p>U saop\u0161tenju je navedeno da \u0107e doga\u0111aj biti &#8222;humana protivte\u017ea&#8220; poznatoj potro\u0161a\u010dkoj groznici. Viessmann u Srbiji je izrazio nadu da \u0107e se <a href=\"https:\/\/www.cerebralnaparaliza.rs\/donacije\">pridru\u017eiti<\/a> svi u\u010desnici na tr\u017ei\u0161tu za klimatizaciju, grejanje i hla\u0111enje, ili KGH, i postati darodavci.<\/p>\n","protected":false},"excerpt":{"rendered":"<p>Umesto Crnog petka, Viesmann DOO je drugi put proglasio humanitarni Beli petak. Ovaj proizvo\u0111a\u010d kotlova,&#8230;<\/p>\n","protected":false},"author":27,"featured_media":26820,"comment_status":"open","ping_status":"closed","sticky":false,"template":"","format":"standard","meta":{"_acf_changed":false,"_monsterinsights_skip_tracking":false,"_monsterinsights_sitenote_active":false,"_monsterinsights_sitenote_note":"","_monsterinsights_sitenote_category":0,"footnotes":""},"categories":[481],"tags":[],"class_list":["post-26817","post","type-post","status-publish","format-standard","has-post-thumbnail","hentry","category-vesti","country-srbija"],"acf":[],"yoast_head":"<!-- This site is optimized with the Yoast SEO plugin v27.4 - https:\/\/yoast.com\/product\/yoast-seo-wordpress\/ -->\n<title>Viessmann: Poklonimo obolelima od paralize to \u0161to zaradimo na Beli petak<\/title>\n<meta name=\"description\" content=\"Umesto rasprodaje i popusta, profit ostvaren 6. decembra ide u humanitarne svrhe, saop\u0161tilo je preduze\u0107e u vlasni\u0161tvu nema\u010dkog KGH giganta Viessmann Werke\" \/>\n<meta name=\"robots\" content=\"index, follow, max-snippet:-1, max-image-preview:large, max-video-preview:-1\" \/>\n<link rel=\"canonical\" href=\"https:\/\/balkangreenenergynews.com\/rs\/viessmann-poklonimo-obolelima-od-paralize-to-sto-zaradimo-na-beli-petak\/\" \/>\n<meta property=\"og:locale\" content=\"sr_RS\" \/>\n<meta property=\"og:type\" content=\"article\" \/>\n<meta property=\"og:title\" content=\"Viessmann: Poklonimo obolelima od paralize to \u0161to zaradimo na Beli petak\" \/>\n<meta property=\"og:description\" content=\"Umesto rasprodaje i popusta, profit ostvaren 6. decembra ide u humanitarne svrhe, saop\u0161tilo je preduze\u0107e u vlasni\u0161tvu nema\u010dkog KGH giganta Viessmann Werke\" \/>\n<meta property=\"og:url\" content=\"https:\/\/balkangreenenergynews.com\/rs\/viessmann-poklonimo-obolelima-od-paralize-to-sto-zaradimo-na-beli-petak\/\" \/>\n<meta property=\"og:site_name\" content=\"Balkan Green Energy News\" \/>\n<meta property=\"article:published_time\" content=\"2019-11-28T11:18:31+00:00\" \/>\n<meta property=\"article:modified_time\" content=\"2019-11-28T11:29:09+00:00\" \/>\n<meta property=\"og:image\" content=\"https:\/\/balkangreenenergynews.com\/rs\/wp-content\/uploads\/2019\/11\/White-Friday.jpg\" \/>\n\t<meta property=\"og:image:width\" content=\"795\" \/>\n\t<meta property=\"og:image:height\" content=\"408\" \/>\n\t<meta property=\"og:image:type\" content=\"image\/jpeg\" \/>\n<meta name=\"author\" content=\"Igor Todorovi\u0107\" \/>\n<meta name=\"twitter:card\" content=\"summary_large_image\" \/>\n<meta name=\"twitter:label1\" content=\"\u041d\u0430\u043f\u0438\u0441\u0430\u043d\u043e \u043e\u0434\" \/>\n\t<meta name=\"twitter:data1\" content=\"Igor Todorovi\u0107\" \/>\n\t<meta name=\"twitter:label2\" content=\"\u041f\u0440\u043e\u0446\u0435\u045a\u0435\u043d\u043e \u0432\u0440\u0435\u043c\u0435 \u0447\u0438\u0442\u0430\u045a\u0430\" \/>\n\t<meta name=\"twitter:data2\" content=\"1 \u043c\u0438\u043d\u0443\u0442\" \/>\n<script type=\"application\/ld+json\" class=\"yoast-schema-graph\">{\"@context\":\"https:\\\/\\\/schema.org\",\"@graph\":[{\"@type\":\"Article\",\"@id\":\"https:\\\/\\\/balkangreenenergynews.com\\\/rs\\\/viessmann-poklonimo-obolelima-od-paralize-to-sto-zaradimo-na-beli-petak\\\/#article\",\"isPartOf\":{\"@id\":\"https:\\\/\\\/balkangreenenergynews.com\\\/rs\\\/viessmann-poklonimo-obolelima-od-paralize-to-sto-zaradimo-na-beli-petak\\\/\"},\"author\":{\"name\":\"Igor Todorovi\u0107\",\"@id\":\"https:\\\/\\\/balkangreenenergynews.com\\\/rs\\\/#\\\/schema\\\/person\\\/d8f80a244c4e9f2b55e4f6968c253246\"},\"headline\":\"Viessmann: Poklonimo obolelima od paralize to \u0161to zaradimo na Beli petak\",\"datePublished\":\"2019-11-28T11:18:31+00:00\",\"dateModified\":\"2019-11-28T11:29:09+00:00\",\"mainEntityOfPage\":{\"@id\":\"https:\\\/\\\/balkangreenenergynews.com\\\/rs\\\/viessmann-poklonimo-obolelima-od-paralize-to-sto-zaradimo-na-beli-petak\\\/\"},\"wordCount\":145,\"commentCount\":0,\"image\":{\"@id\":\"https:\\\/\\\/balkangreenenergynews.com\\\/rs\\\/viessmann-poklonimo-obolelima-od-paralize-to-sto-zaradimo-na-beli-petak\\\/#primaryimage\"},\"thumbnailUrl\":\"https:\\\/\\\/balkangreenenergynews.com\\\/rs\\\/wp-content\\\/uploads\\\/2019\\\/11\\\/White-Friday.jpg?wsr\",\"articleSection\":[\"Vesti\"],\"inLanguage\":\"sr-RS\",\"potentialAction\":[{\"@type\":\"CommentAction\",\"name\":\"Comment\",\"target\":[\"https:\\\/\\\/balkangreenenergynews.com\\\/rs\\\/viessmann-poklonimo-obolelima-od-paralize-to-sto-zaradimo-na-beli-petak\\\/#respond\"]}]},{\"@type\":\"WebPage\",\"@id\":\"https:\\\/\\\/balkangreenenergynews.com\\\/rs\\\/viessmann-poklonimo-obolelima-od-paralize-to-sto-zaradimo-na-beli-petak\\\/\",\"url\":\"https:\\\/\\\/balkangreenenergynews.com\\\/rs\\\/viessmann-poklonimo-obolelima-od-paralize-to-sto-zaradimo-na-beli-petak\\\/\",\"name\":\"Viessmann: Poklonimo obolelima od paralize to \u0161to zaradimo na Beli petak\",\"isPartOf\":{\"@id\":\"https:\\\/\\\/balkangreenenergynews.com\\\/rs\\\/#website\"},\"primaryImageOfPage\":{\"@id\":\"https:\\\/\\\/balkangreenenergynews.com\\\/rs\\\/viessmann-poklonimo-obolelima-od-paralize-to-sto-zaradimo-na-beli-petak\\\/#primaryimage\"},\"image\":{\"@id\":\"https:\\\/\\\/balkangreenenergynews.com\\\/rs\\\/viessmann-poklonimo-obolelima-od-paralize-to-sto-zaradimo-na-beli-petak\\\/#primaryimage\"},\"thumbnailUrl\":\"https:\\\/\\\/balkangreenenergynews.com\\\/rs\\\/wp-content\\\/uploads\\\/2019\\\/11\\\/White-Friday.jpg?wsr\",\"datePublished\":\"2019-11-28T11:18:31+00:00\",\"dateModified\":\"2019-11-28T11:29:09+00:00\",\"author\":{\"@id\":\"https:\\\/\\\/balkangreenenergynews.com\\\/rs\\\/#\\\/schema\\\/person\\\/d8f80a244c4e9f2b55e4f6968c253246\"},\"description\":\"Umesto rasprodaje i popusta, profit ostvaren 6. decembra ide u humanitarne svrhe, saop\u0161tilo je preduze\u0107e u vlasni\u0161tvu nema\u010dkog KGH giganta Viessmann Werke\",\"breadcrumb\":{\"@id\":\"https:\\\/\\\/balkangreenenergynews.com\\\/rs\\\/viessmann-poklonimo-obolelima-od-paralize-to-sto-zaradimo-na-beli-petak\\\/#breadcrumb\"},\"inLanguage\":\"sr-RS\",\"potentialAction\":[{\"@type\":\"ReadAction\",\"target\":[\"https:\\\/\\\/balkangreenenergynews.com\\\/rs\\\/viessmann-poklonimo-obolelima-od-paralize-to-sto-zaradimo-na-beli-petak\\\/\"]}]},{\"@type\":\"ImageObject\",\"inLanguage\":\"sr-RS\",\"@id\":\"https:\\\/\\\/balkangreenenergynews.com\\\/rs\\\/viessmann-poklonimo-obolelima-od-paralize-to-sto-zaradimo-na-beli-petak\\\/#primaryimage\",\"url\":\"https:\\\/\\\/balkangreenenergynews.com\\\/rs\\\/wp-content\\\/uploads\\\/2019\\\/11\\\/White-Friday.jpg?wsr\",\"contentUrl\":\"https:\\\/\\\/balkangreenenergynews.com\\\/rs\\\/wp-content\\\/uploads\\\/2019\\\/11\\\/White-Friday.jpg?wsr\",\"width\":795,\"height\":408,\"caption\":\"Viessmann\"},{\"@type\":\"BreadcrumbList\",\"@id\":\"https:\\\/\\\/balkangreenenergynews.com\\\/rs\\\/viessmann-poklonimo-obolelima-od-paralize-to-sto-zaradimo-na-beli-petak\\\/#breadcrumb\",\"itemListElement\":[{\"@type\":\"ListItem\",\"position\":1,\"name\":\"Po\u010detna\",\"item\":\"https:\\\/\\\/balkangreenenergynews.com\\\/rs\\\/\"},{\"@type\":\"ListItem\",\"position\":2,\"name\":\"Vesti\",\"item\":\"https:\\\/\\\/balkangreenenergynews.com\\\/rs\\\/kategorija\\\/vesti\\\/\"},{\"@type\":\"ListItem\",\"position\":3,\"name\":\"Viessmann: Poklonimo obolelima od paralize to \u0161to zaradimo na Beli petak\"}]},{\"@type\":\"WebSite\",\"@id\":\"https:\\\/\\\/balkangreenenergynews.com\\\/rs\\\/#website\",\"url\":\"https:\\\/\\\/balkangreenenergynews.com\\\/rs\\\/\",\"name\":\"Balkan Green Energy News\",\"description\":\"Naj\u0161iri izbor vesti sa Balkana o zelenoj energiji\",\"potentialAction\":[{\"@type\":\"SearchAction\",\"target\":{\"@type\":\"EntryPoint\",\"urlTemplate\":\"https:\\\/\\\/balkangreenenergynews.com\\\/rs\\\/?s={search_term_string}\"},\"query-input\":{\"@type\":\"PropertyValueSpecification\",\"valueRequired\":true,\"valueName\":\"search_term_string\"}}],\"inLanguage\":\"sr-RS\"},{\"@type\":\"Person\",\"@id\":\"https:\\\/\\\/balkangreenenergynews.com\\\/rs\\\/#\\\/schema\\\/person\\\/d8f80a244c4e9f2b55e4f6968c253246\",\"name\":\"Igor Todorovi\u0107\",\"url\":\"https:\\\/\\\/balkangreenenergynews.com\\\/rs\\\/author\\\/igor-todorovic\\\/\"}]}<\/script>\n<!-- \/ Yoast SEO plugin. -->","yoast_head_json":{"title":"Viessmann: Poklonimo obolelima od paralize to \u0161to zaradimo na Beli petak","description":"Umesto rasprodaje i popusta, profit ostvaren 6. decembra ide u humanitarne svrhe, saop\u0161tilo je preduze\u0107e u vlasni\u0161tvu nema\u010dkog KGH giganta Viessmann Werke","robots":{"index":"index","follow":"follow","max-snippet":"max-snippet:-1","max-image-preview":"max-image-preview:large","max-video-preview":"max-video-preview:-1"},"canonical":"https:\/\/balkangreenenergynews.com\/rs\/viessmann-poklonimo-obolelima-od-paralize-to-sto-zaradimo-na-beli-petak\/","og_locale":"sr_RS","og_type":"article","og_title":"Viessmann: Poklonimo obolelima od paralize to \u0161to zaradimo na Beli petak","og_description":"Umesto rasprodaje i popusta, profit ostvaren 6. decembra ide u humanitarne svrhe, saop\u0161tilo je preduze\u0107e u vlasni\u0161tvu nema\u010dkog KGH giganta Viessmann Werke","og_url":"https:\/\/balkangreenenergynews.com\/rs\/viessmann-poklonimo-obolelima-od-paralize-to-sto-zaradimo-na-beli-petak\/","og_site_name":"Balkan Green Energy News","article_published_time":"2019-11-28T11:18:31+00:00","article_modified_time":"2019-11-28T11:29:09+00:00","og_image":[{"width":795,"height":408,"url":"https:\/\/balkangreenenergynews.com\/rs\/wp-content\/uploads\/2019\/11\/White-Friday.jpg","type":"image\/jpeg"}],"author":"Igor Todorovi\u0107","twitter_card":"summary_large_image","twitter_misc":{"\u041d\u0430\u043f\u0438\u0441\u0430\u043d\u043e \u043e\u0434":"Igor Todorovi\u0107","\u041f\u0440\u043e\u0446\u0435\u045a\u0435\u043d\u043e \u0432\u0440\u0435\u043c\u0435 \u0447\u0438\u0442\u0430\u045a\u0430":"1 \u043c\u0438\u043d\u0443\u0442"},"schema":{"@context":"https:\/\/schema.org","@graph":[{"@type":"Article","@id":"https:\/\/balkangreenenergynews.com\/rs\/viessmann-poklonimo-obolelima-od-paralize-to-sto-zaradimo-na-beli-petak\/#article","isPartOf":{"@id":"https:\/\/balkangreenenergynews.com\/rs\/viessmann-poklonimo-obolelima-od-paralize-to-sto-zaradimo-na-beli-petak\/"},"author":{"name":"Igor Todorovi\u0107","@id":"https:\/\/balkangreenenergynews.com\/rs\/#\/schema\/person\/d8f80a244c4e9f2b55e4f6968c253246"},"headline":"Viessmann: Poklonimo obolelima od paralize to \u0161to zaradimo na Beli petak","datePublished":"2019-11-28T11:18:31+00:00","dateModified":"2019-11-28T11:29:09+00:00","mainEntityOfPage":{"@id":"https:\/\/balkangreenenergynews.com\/rs\/viessmann-poklonimo-obolelima-od-paralize-to-sto-zaradimo-na-beli-petak\/"},"wordCount":145,"commentCount":0,"image":{"@id":"https:\/\/balkangreenenergynews.com\/rs\/viessmann-poklonimo-obolelima-od-paralize-to-sto-zaradimo-na-beli-petak\/#primaryimage"},"thumbnailUrl":"https:\/\/balkangreenenergynews.com\/rs\/wp-content\/uploads\/2019\/11\/White-Friday.jpg?wsr","articleSection":["Vesti"],"inLanguage":"sr-RS","potentialAction":[{"@type":"CommentAction","name":"Comment","target":["https:\/\/balkangreenenergynews.com\/rs\/viessmann-poklonimo-obolelima-od-paralize-to-sto-zaradimo-na-beli-petak\/#respond"]}]},{"@type":"WebPage","@id":"https:\/\/balkangreenenergynews.com\/rs\/viessmann-poklonimo-obolelima-od-paralize-to-sto-zaradimo-na-beli-petak\/","url":"https:\/\/balkangreenenergynews.com\/rs\/viessmann-poklonimo-obolelima-od-paralize-to-sto-zaradimo-na-beli-petak\/","name":"Viessmann: Poklonimo obolelima od paralize to \u0161to zaradimo na Beli petak","isPartOf":{"@id":"https:\/\/balkangreenenergynews.com\/rs\/#website"},"primaryImageOfPage":{"@id":"https:\/\/balkangreenenergynews.com\/rs\/viessmann-poklonimo-obolelima-od-paralize-to-sto-zaradimo-na-beli-petak\/#primaryimage"},"image":{"@id":"https:\/\/balkangreenenergynews.com\/rs\/viessmann-poklonimo-obolelima-od-paralize-to-sto-zaradimo-na-beli-petak\/#primaryimage"},"thumbnailUrl":"https:\/\/balkangreenenergynews.com\/rs\/wp-content\/uploads\/2019\/11\/White-Friday.jpg?wsr","datePublished":"2019-11-28T11:18:31+00:00","dateModified":"2019-11-28T11:29:09+00:00","author":{"@id":"https:\/\/balkangreenenergynews.com\/rs\/#\/schema\/person\/d8f80a244c4e9f2b55e4f6968c253246"},"description":"Umesto rasprodaje i popusta, profit ostvaren 6. decembra ide u humanitarne svrhe, saop\u0161tilo je preduze\u0107e u vlasni\u0161tvu nema\u010dkog KGH giganta Viessmann Werke","breadcrumb":{"@id":"https:\/\/balkangreenenergynews.com\/rs\/viessmann-poklonimo-obolelima-od-paralize-to-sto-zaradimo-na-beli-petak\/#breadcrumb"},"inLanguage":"sr-RS","potentialAction":[{"@type":"ReadAction","target":["https:\/\/balkangreenenergynews.com\/rs\/viessmann-poklonimo-obolelima-od-paralize-to-sto-zaradimo-na-beli-petak\/"]}]},{"@type":"ImageObject","inLanguage":"sr-RS","@id":"https:\/\/balkangreenenergynews.com\/rs\/viessmann-poklonimo-obolelima-od-paralize-to-sto-zaradimo-na-beli-petak\/#primaryimage","url":"https:\/\/balkangreenenergynews.com\/rs\/wp-content\/uploads\/2019\/11\/White-Friday.jpg?wsr","contentUrl":"https:\/\/balkangreenenergynews.com\/rs\/wp-content\/uploads\/2019\/11\/White-Friday.jpg?wsr","width":795,"height":408,"caption":"Viessmann"},{"@type":"BreadcrumbList","@id":"https:\/\/balkangreenenergynews.com\/rs\/viessmann-poklonimo-obolelima-od-paralize-to-sto-zaradimo-na-beli-petak\/#breadcrumb","itemListElement":[{"@type":"ListItem","position":1,"name":"Po\u010detna","item":"https:\/\/balkangreenenergynews.com\/rs\/"},{"@type":"ListItem","position":2,"name":"Vesti","item":"https:\/\/balkangreenenergynews.com\/rs\/kategorija\/vesti\/"},{"@type":"ListItem","position":3,"name":"Viessmann: Poklonimo obolelima od paralize to \u0161to zaradimo na Beli petak"}]},{"@type":"WebSite","@id":"https:\/\/balkangreenenergynews.com\/rs\/#website","url":"https:\/\/balkangreenenergynews.com\/rs\/","name":"Balkan Green Energy News","description":"Naj\u0161iri izbor vesti sa Balkana o zelenoj energiji","potentialAction":[{"@type":"SearchAction","target":{"@type":"EntryPoint","urlTemplate":"https:\/\/balkangreenenergynews.com\/rs\/?s={search_term_string}"},"query-input":{"@type":"PropertyValueSpecification","valueRequired":true,"valueName":"search_term_string"}}],"inLanguage":"sr-RS"},{"@type":"Person","@id":"https:\/\/balkangreenenergynews.com\/rs\/#\/schema\/person\/d8f80a244c4e9f2b55e4f6968c253246","name":"Igor Todorovi\u0107","url":"https:\/\/balkangreenenergynews.com\/rs\/author\/igor-todorovic\/"}]}},"_links":{"self":[{"href":"https:\/\/balkangreenenergynews.com\/rs\/wp-json\/wp\/v2\/posts\/26817","targetHints":{"allow":["GET"]}}],"collection":[{"href":"https:\/\/balkangreenenergynews.com\/rs\/wp-json\/wp\/v2\/posts"}],"about":[{"href":"https:\/\/balkangreenenergynews.com\/rs\/wp-json\/wp\/v2\/types\/post"}],"author":[{"embeddable":true,"href":"https:\/\/balkangreenenergynews.com\/rs\/wp-json\/wp\/v2\/users\/27"}],"replies":[{"embeddable":true,"href":"https:\/\/balkangreenenergynews.com\/rs\/wp-json\/wp\/v2\/comments?post=26817"}],"version-history":[{"count":0,"href":"https:\/\/balkangreenenergynews.com\/rs\/wp-json\/wp\/v2\/posts\/26817\/revisions"}],"wp:featuredmedia":[{"embeddable":true,"href":"https:\/\/balkangreenenergynews.com\/rs\/wp-json\/wp\/v2\/media\/26820"}],"wp:attachment":[{"href":"https:\/\/balkangreenenergynews.com\/rs\/wp-json\/wp\/v2\/media?parent=26817"}],"wp:term":[{"taxonomy":"category","embeddable":true,"href":"https:\/\/balkangreenenergynews.com\/rs\/wp-json\/wp\/v2\/categories?post=26817"},{"taxonomy":"post_tag","embeddable":true,"href":"https:\/\/balkangreenenergynews.com\/rs\/wp-json\/wp\/v2\/tags?post=26817"}],"curies":[{"name":"wp","href":"https:\/\/api.w.org\/{rel}","templated":true}]}}