{"id":26189,"date":"2019-10-23T13:07:43","date_gmt":"2019-10-23T11:07:43","guid":{"rendered":"https:\/\/balkangreenenergynews.com\/rs\/?p=26189"},"modified":"2019-10-23T13:07:43","modified_gmt":"2019-10-23T11:07:43","slug":"aers-odobrio-planove-ems-a-za-razvoj-i-ulaganje-do-2028-se-ocekuje-prikljucenje-14-vetroparkova","status":"publish","type":"post","link":"https:\/\/balkangreenenergynews.com\/rs\/aers-odobrio-planove-ems-a-za-razvoj-i-ulaganje-do-2028-se-ocekuje-prikljucenje-14-vetroparkova\/","title":{"rendered":"AERS odobrio planove EMS-a za razvoj i ulaganje, do 2028. se o\u010dekuje priklju\u010denje 14 vetroparkova"},"content":{"rendered":"<h2>Agencija za energetiku Republike Srbije (AERS) dala je saglasnost na Plan razvoja prenosnog sistema za period 2019-2028. godina i Plan investicija u prenosni sistem za period 2019-2021. godina koje je kao operator prenosnog sistema pripremila Elektromre\u017ea Srbije (EMS).<\/h2>\n<p>U Planu za razvoj 2019-2028, na listi proizvodnih kapaciteta, \u010diji se ulazak u sistem o\u010dekuje, nalazi se 14 novih vetroelektrana, jedna nova termoelektrana, novi generator u Termoelektrani (TE) Kostolac B, generator pove\u0107ane instalisane snage u TE Nikola Tesla A, dve nove termoelektrane-toplane (TE-TO Pan\u010devo i TE-TO Vin\u010da), novi generator u hidroelektrani (HE) Potpe\u0107, kao i jo\u0161 \u010detiri generatora pove\u0107ane instalisane snage u HE.<\/p>\n<p>Osim novih proizvodnih kapaciteta, postoji i pet projekata priklju\u010denja objekata korisnika prenosnog sistema, prevashodno namenjenih napajanju novih rudarskih kopova, saop\u0161tio je EMS.<\/p>\n<p>U Planu investicija za period od tri godine, opisane su investicione potrebe sa nacionalnog, regionalnog i evropskog aspekta, \u010dija realizacija ima zna\u010dajan uticaj na pove\u0107anje prenosnih kapaciteta u regionalnoj prenosnoj mre\u017ei, a samim tim i na razvoj tr\u017ei\u0161ta elektri\u010dne energije u Evropi.<\/p>\n<blockquote><p>Plana razvoja predvi\u0111a i zavr\u0161etak prve faze Transbalkanskog koridora za prenos elektri\u010dne energije<\/p><\/blockquote>\n<p>&#8222;Planiranje razvoja prenosne mre\u017ee postaje sve kompleksniji proces. Raste broj zahteva za priklju\u010denjem obnovljivih izvora energije, potrebno je obezbediti infrastrukturne uslove za industrijski razvoj i uvek je neophodno imati u vidu zadatak EMS da obezbedi pouzdano i sigurno napajanje i odr\u017eivi razvoj prenosnog sistema Srbije, uzimaju\u0107i u obzir i ciljeve Desetogodi\u0161njeg evropskog plana razvoja u okviru ENTSO-E&#8220;, izjavila je Nadica Stojanovi\u0107, izvr\u0161ni direktor za investicije i strategiju EMS-a.<\/p>\n<p>U okviru Plana razvoja je i zavr\u0161etak prve faze Transbalkanskog koridora za prenos elektri\u010dne energije. Re\u010d je o zavr\u0161etku preostale tri sekcije: Sekcija 2 \u2013 DV 400 kV TS Kragujevac 2 \u2013 TS Kraljevo 3, Sekcija 3 \u2013 DV 2\u00d7400 kV TS Obrenovac \u2013 TS Bajina Ba\u0161ta i sekcija 4 \u2013 DV 2\u00d7400 kV izme\u0111u Srbije, BiH i Crne Gore. Sekcija 1 &#8211; DV 2\u00d7400 kV izme\u0111u Srbije i Rumunije pu\u0161tena je pod napon u decembru 2017. godine.<\/p>\n","protected":false},"excerpt":{"rendered":"<p>Agencija za energetiku Republike Srbije (AERS) dala je saglasnost na Plan razvoja prenosnog sistema za&#8230;<\/p>\n","protected":false},"author":23,"featured_media":26193,"comment_status":"open","ping_status":"closed","sticky":false,"template":"","format":"standard","meta":{"_acf_changed":false,"_monsterinsights_skip_tracking":false,"_monsterinsights_sitenote_active":false,"_monsterinsights_sitenote_note":"","_monsterinsights_sitenote_category":0,"footnotes":""},"categories":[504,1],"tags":[65,165,3248,1214],"class_list":["post-26189","post","type-post","status-publish","format-standard","has-post-thumbnail","hentry","category-elektricna-energija","category-obnovljivi-izvori-energije","tag-aers","tag-ems","tag-prenosni-sistem","tag-transbalkanski-koridor","country-srbija"],"acf":[],"yoast_head":"<!-- This site is optimized with the Yoast SEO plugin v27.4 - https:\/\/yoast.com\/product\/yoast-seo-wordpress\/ -->\n<title>AERS odobrio planove EMS-a za razvoj i ulaganje u prenosni sistem<\/title>\n<meta name=\"description\" content=\"Agencija za energetiku Republike Srbije dala je saglasnost na Plan za razvoj prenosnog sistema 2019-2028.i Plan investicija u prenosni sistem 2019-2021.\" \/>\n<meta name=\"robots\" content=\"index, follow, max-snippet:-1, max-image-preview:large, max-video-preview:-1\" \/>\n<link rel=\"canonical\" href=\"https:\/\/balkangreenenergynews.com\/rs\/aers-odobrio-planove-ems-a-za-razvoj-i-ulaganje-do-2028-se-ocekuje-prikljucenje-14-vetroparkova\/\" \/>\n<meta property=\"og:locale\" content=\"sr_RS\" \/>\n<meta property=\"og:type\" content=\"article\" \/>\n<meta property=\"og:title\" content=\"AERS odobrio planove EMS-a za razvoj i ulaganje u prenosni sistem\" \/>\n<meta property=\"og:description\" content=\"Agencija za energetiku Republike Srbije dala je saglasnost na Plan za razvoj prenosnog sistema 2019-2028.i Plan investicija u prenosni sistem 2019-2021.\" \/>\n<meta property=\"og:url\" content=\"https:\/\/balkangreenenergynews.com\/rs\/aers-odobrio-planove-ems-a-za-razvoj-i-ulaganje-do-2028-se-ocekuje-prikljucenje-14-vetroparkova\/\" \/>\n<meta property=\"og:site_name\" content=\"Balkan Green Energy News\" \/>\n<meta property=\"article:published_time\" content=\"2019-10-23T11:07:43+00:00\" \/>\n<meta property=\"og:image\" content=\"https:\/\/balkangreenenergynews.com\/rs\/wp-content\/uploads\/2019\/10\/AERS-odobrio-planove-EMS-a-za-razvoj-i-ulaganje-do-2028.jpg\" \/>\n\t<meta property=\"og:image:width\" content=\"795\" \/>\n\t<meta property=\"og:image:height\" content=\"407\" \/>\n\t<meta property=\"og:image:type\" content=\"image\/jpeg\" \/>\n<meta name=\"author\" content=\"Vladimir Spasi\u0107\" \/>\n<meta name=\"twitter:card\" content=\"summary_large_image\" \/>\n<meta name=\"twitter:label1\" content=\"\u041d\u0430\u043f\u0438\u0441\u0430\u043d\u043e \u043e\u0434\" \/>\n\t<meta name=\"twitter:data1\" content=\"Vladimir Spasi\u0107\" \/>\n\t<meta name=\"twitter:label2\" content=\"\u041f\u0440\u043e\u0446\u0435\u045a\u0435\u043d\u043e \u0432\u0440\u0435\u043c\u0435 \u0447\u0438\u0442\u0430\u045a\u0430\" \/>\n\t<meta name=\"twitter:data2\" content=\"2 \u043c\u0438\u043d\u0443\u0442\u0430\" \/>\n<script type=\"application\/ld+json\" class=\"yoast-schema-graph\">{\"@context\":\"https:\\\/\\\/schema.org\",\"@graph\":[{\"@type\":\"Article\",\"@id\":\"https:\\\/\\\/balkangreenenergynews.com\\\/rs\\\/aers-odobrio-planove-ems-a-za-razvoj-i-ulaganje-do-2028-se-ocekuje-prikljucenje-14-vetroparkova\\\/#article\",\"isPartOf\":{\"@id\":\"https:\\\/\\\/balkangreenenergynews.com\\\/rs\\\/aers-odobrio-planove-ems-a-za-razvoj-i-ulaganje-do-2028-se-ocekuje-prikljucenje-14-vetroparkova\\\/\"},\"author\":{\"name\":\"Vladimir Spasi\u0107\",\"@id\":\"https:\\\/\\\/balkangreenenergynews.com\\\/rs\\\/#\\\/schema\\\/person\\\/99dc721c46113fea22caffad06ef7317\"},\"headline\":\"AERS odobrio planove EMS-a za razvoj i ulaganje, do 2028. se o\u010dekuje priklju\u010denje 14 vetroparkova\",\"datePublished\":\"2019-10-23T11:07:43+00:00\",\"mainEntityOfPage\":{\"@id\":\"https:\\\/\\\/balkangreenenergynews.com\\\/rs\\\/aers-odobrio-planove-ems-a-za-razvoj-i-ulaganje-do-2028-se-ocekuje-prikljucenje-14-vetroparkova\\\/\"},\"wordCount\":352,\"commentCount\":0,\"image\":{\"@id\":\"https:\\\/\\\/balkangreenenergynews.com\\\/rs\\\/aers-odobrio-planove-ems-a-za-razvoj-i-ulaganje-do-2028-se-ocekuje-prikljucenje-14-vetroparkova\\\/#primaryimage\"},\"thumbnailUrl\":\"https:\\\/\\\/balkangreenenergynews.com\\\/rs\\\/wp-content\\\/uploads\\\/2019\\\/10\\\/AERS-odobrio-planove-EMS-a-za-razvoj-i-ulaganje-do-2028.jpg?wsr\",\"keywords\":[\"AERS\",\"EMS\",\"prenosni sistem\",\"Transbalkanski koridor\"],\"articleSection\":[\"Elektri\u010dna energija\",\"OIE\"],\"inLanguage\":\"sr-RS\",\"potentialAction\":[{\"@type\":\"CommentAction\",\"name\":\"Comment\",\"target\":[\"https:\\\/\\\/balkangreenenergynews.com\\\/rs\\\/aers-odobrio-planove-ems-a-za-razvoj-i-ulaganje-do-2028-se-ocekuje-prikljucenje-14-vetroparkova\\\/#respond\"]}]},{\"@type\":\"WebPage\",\"@id\":\"https:\\\/\\\/balkangreenenergynews.com\\\/rs\\\/aers-odobrio-planove-ems-a-za-razvoj-i-ulaganje-do-2028-se-ocekuje-prikljucenje-14-vetroparkova\\\/\",\"url\":\"https:\\\/\\\/balkangreenenergynews.com\\\/rs\\\/aers-odobrio-planove-ems-a-za-razvoj-i-ulaganje-do-2028-se-ocekuje-prikljucenje-14-vetroparkova\\\/\",\"name\":\"AERS odobrio planove EMS-a za razvoj i ulaganje u prenosni sistem\",\"isPartOf\":{\"@id\":\"https:\\\/\\\/balkangreenenergynews.com\\\/rs\\\/#website\"},\"primaryImageOfPage\":{\"@id\":\"https:\\\/\\\/balkangreenenergynews.com\\\/rs\\\/aers-odobrio-planove-ems-a-za-razvoj-i-ulaganje-do-2028-se-ocekuje-prikljucenje-14-vetroparkova\\\/#primaryimage\"},\"image\":{\"@id\":\"https:\\\/\\\/balkangreenenergynews.com\\\/rs\\\/aers-odobrio-planove-ems-a-za-razvoj-i-ulaganje-do-2028-se-ocekuje-prikljucenje-14-vetroparkova\\\/#primaryimage\"},\"thumbnailUrl\":\"https:\\\/\\\/balkangreenenergynews.com\\\/rs\\\/wp-content\\\/uploads\\\/2019\\\/10\\\/AERS-odobrio-planove-EMS-a-za-razvoj-i-ulaganje-do-2028.jpg?wsr\",\"datePublished\":\"2019-10-23T11:07:43+00:00\",\"author\":{\"@id\":\"https:\\\/\\\/balkangreenenergynews.com\\\/rs\\\/#\\\/schema\\\/person\\\/99dc721c46113fea22caffad06ef7317\"},\"description\":\"Agencija za energetiku Republike Srbije dala je saglasnost na Plan za razvoj prenosnog sistema 2019-2028.i Plan investicija u prenosni sistem 2019-2021.\",\"breadcrumb\":{\"@id\":\"https:\\\/\\\/balkangreenenergynews.com\\\/rs\\\/aers-odobrio-planove-ems-a-za-razvoj-i-ulaganje-do-2028-se-ocekuje-prikljucenje-14-vetroparkova\\\/#breadcrumb\"},\"inLanguage\":\"sr-RS\",\"potentialAction\":[{\"@type\":\"ReadAction\",\"target\":[\"https:\\\/\\\/balkangreenenergynews.com\\\/rs\\\/aers-odobrio-planove-ems-a-za-razvoj-i-ulaganje-do-2028-se-ocekuje-prikljucenje-14-vetroparkova\\\/\"]}]},{\"@type\":\"ImageObject\",\"inLanguage\":\"sr-RS\",\"@id\":\"https:\\\/\\\/balkangreenenergynews.com\\\/rs\\\/aers-odobrio-planove-ems-a-za-razvoj-i-ulaganje-do-2028-se-ocekuje-prikljucenje-14-vetroparkova\\\/#primaryimage\",\"url\":\"https:\\\/\\\/balkangreenenergynews.com\\\/rs\\\/wp-content\\\/uploads\\\/2019\\\/10\\\/AERS-odobrio-planove-EMS-a-za-razvoj-i-ulaganje-do-2028.jpg?wsr\",\"contentUrl\":\"https:\\\/\\\/balkangreenenergynews.com\\\/rs\\\/wp-content\\\/uploads\\\/2019\\\/10\\\/AERS-odobrio-planove-EMS-a-za-razvoj-i-ulaganje-do-2028.jpg?wsr\",\"width\":795,\"height\":407,\"caption\":\"razvoj\"},{\"@type\":\"BreadcrumbList\",\"@id\":\"https:\\\/\\\/balkangreenenergynews.com\\\/rs\\\/aers-odobrio-planove-ems-a-za-razvoj-i-ulaganje-do-2028-se-ocekuje-prikljucenje-14-vetroparkova\\\/#breadcrumb\",\"itemListElement\":[{\"@type\":\"ListItem\",\"position\":1,\"name\":\"Po\u010detna\",\"item\":\"https:\\\/\\\/balkangreenenergynews.com\\\/rs\\\/\"},{\"@type\":\"ListItem\",\"position\":2,\"name\":\"Vesti\",\"item\":\"https:\\\/\\\/balkangreenenergynews.com\\\/rs\\\/kategorija\\\/vesti\\\/\"},{\"@type\":\"ListItem\",\"position\":3,\"name\":\"Elektri\u010dna energija\",\"item\":\"https:\\\/\\\/balkangreenenergynews.com\\\/rs\\\/kategorija\\\/vesti\\\/elektricna-energija\\\/\"},{\"@type\":\"ListItem\",\"position\":4,\"name\":\"AERS odobrio planove EMS-a za razvoj i ulaganje, do 2028. se o\u010dekuje priklju\u010denje 14 vetroparkova\"}]},{\"@type\":\"WebSite\",\"@id\":\"https:\\\/\\\/balkangreenenergynews.com\\\/rs\\\/#website\",\"url\":\"https:\\\/\\\/balkangreenenergynews.com\\\/rs\\\/\",\"name\":\"Balkan Green Energy News\",\"description\":\"Naj\u0161iri izbor vesti sa Balkana o zelenoj energiji\",\"potentialAction\":[{\"@type\":\"SearchAction\",\"target\":{\"@type\":\"EntryPoint\",\"urlTemplate\":\"https:\\\/\\\/balkangreenenergynews.com\\\/rs\\\/?s={search_term_string}\"},\"query-input\":{\"@type\":\"PropertyValueSpecification\",\"valueRequired\":true,\"valueName\":\"search_term_string\"}}],\"inLanguage\":\"sr-RS\"},{\"@type\":\"Person\",\"@id\":\"https:\\\/\\\/balkangreenenergynews.com\\\/rs\\\/#\\\/schema\\\/person\\\/99dc721c46113fea22caffad06ef7317\",\"name\":\"Vladimir Spasi\u0107\",\"url\":\"https:\\\/\\\/balkangreenenergynews.com\\\/rs\\\/author\\\/vladimir-spasic\\\/\"}]}<\/script>\n<!-- \/ Yoast SEO plugin. -->","yoast_head_json":{"title":"AERS odobrio planove EMS-a za razvoj i ulaganje u prenosni sistem","description":"Agencija za energetiku Republike Srbije dala je saglasnost na Plan za razvoj prenosnog sistema 2019-2028.i Plan investicija u prenosni sistem 2019-2021.","robots":{"index":"index","follow":"follow","max-snippet":"max-snippet:-1","max-image-preview":"max-image-preview:large","max-video-preview":"max-video-preview:-1"},"canonical":"https:\/\/balkangreenenergynews.com\/rs\/aers-odobrio-planove-ems-a-za-razvoj-i-ulaganje-do-2028-se-ocekuje-prikljucenje-14-vetroparkova\/","og_locale":"sr_RS","og_type":"article","og_title":"AERS odobrio planove EMS-a za razvoj i ulaganje u prenosni sistem","og_description":"Agencija za energetiku Republike Srbije dala je saglasnost na Plan za razvoj prenosnog sistema 2019-2028.i Plan investicija u prenosni sistem 2019-2021.","og_url":"https:\/\/balkangreenenergynews.com\/rs\/aers-odobrio-planove-ems-a-za-razvoj-i-ulaganje-do-2028-se-ocekuje-prikljucenje-14-vetroparkova\/","og_site_name":"Balkan Green Energy News","article_published_time":"2019-10-23T11:07:43+00:00","og_image":[{"width":795,"height":407,"url":"https:\/\/balkangreenenergynews.com\/rs\/wp-content\/uploads\/2019\/10\/AERS-odobrio-planove-EMS-a-za-razvoj-i-ulaganje-do-2028.jpg","type":"image\/jpeg"}],"author":"Vladimir Spasi\u0107","twitter_card":"summary_large_image","twitter_misc":{"\u041d\u0430\u043f\u0438\u0441\u0430\u043d\u043e \u043e\u0434":"Vladimir Spasi\u0107","\u041f\u0440\u043e\u0446\u0435\u045a\u0435\u043d\u043e \u0432\u0440\u0435\u043c\u0435 \u0447\u0438\u0442\u0430\u045a\u0430":"2 \u043c\u0438\u043d\u0443\u0442\u0430"},"schema":{"@context":"https:\/\/schema.org","@graph":[{"@type":"Article","@id":"https:\/\/balkangreenenergynews.com\/rs\/aers-odobrio-planove-ems-a-za-razvoj-i-ulaganje-do-2028-se-ocekuje-prikljucenje-14-vetroparkova\/#article","isPartOf":{"@id":"https:\/\/balkangreenenergynews.com\/rs\/aers-odobrio-planove-ems-a-za-razvoj-i-ulaganje-do-2028-se-ocekuje-prikljucenje-14-vetroparkova\/"},"author":{"name":"Vladimir Spasi\u0107","@id":"https:\/\/balkangreenenergynews.com\/rs\/#\/schema\/person\/99dc721c46113fea22caffad06ef7317"},"headline":"AERS odobrio planove EMS-a za razvoj i ulaganje, do 2028. se o\u010dekuje priklju\u010denje 14 vetroparkova","datePublished":"2019-10-23T11:07:43+00:00","mainEntityOfPage":{"@id":"https:\/\/balkangreenenergynews.com\/rs\/aers-odobrio-planove-ems-a-za-razvoj-i-ulaganje-do-2028-se-ocekuje-prikljucenje-14-vetroparkova\/"},"wordCount":352,"commentCount":0,"image":{"@id":"https:\/\/balkangreenenergynews.com\/rs\/aers-odobrio-planove-ems-a-za-razvoj-i-ulaganje-do-2028-se-ocekuje-prikljucenje-14-vetroparkova\/#primaryimage"},"thumbnailUrl":"https:\/\/balkangreenenergynews.com\/rs\/wp-content\/uploads\/2019\/10\/AERS-odobrio-planove-EMS-a-za-razvoj-i-ulaganje-do-2028.jpg?wsr","keywords":["AERS","EMS","prenosni sistem","Transbalkanski koridor"],"articleSection":["Elektri\u010dna energija","OIE"],"inLanguage":"sr-RS","potentialAction":[{"@type":"CommentAction","name":"Comment","target":["https:\/\/balkangreenenergynews.com\/rs\/aers-odobrio-planove-ems-a-za-razvoj-i-ulaganje-do-2028-se-ocekuje-prikljucenje-14-vetroparkova\/#respond"]}]},{"@type":"WebPage","@id":"https:\/\/balkangreenenergynews.com\/rs\/aers-odobrio-planove-ems-a-za-razvoj-i-ulaganje-do-2028-se-ocekuje-prikljucenje-14-vetroparkova\/","url":"https:\/\/balkangreenenergynews.com\/rs\/aers-odobrio-planove-ems-a-za-razvoj-i-ulaganje-do-2028-se-ocekuje-prikljucenje-14-vetroparkova\/","name":"AERS odobrio planove EMS-a za razvoj i ulaganje u prenosni sistem","isPartOf":{"@id":"https:\/\/balkangreenenergynews.com\/rs\/#website"},"primaryImageOfPage":{"@id":"https:\/\/balkangreenenergynews.com\/rs\/aers-odobrio-planove-ems-a-za-razvoj-i-ulaganje-do-2028-se-ocekuje-prikljucenje-14-vetroparkova\/#primaryimage"},"image":{"@id":"https:\/\/balkangreenenergynews.com\/rs\/aers-odobrio-planove-ems-a-za-razvoj-i-ulaganje-do-2028-se-ocekuje-prikljucenje-14-vetroparkova\/#primaryimage"},"thumbnailUrl":"https:\/\/balkangreenenergynews.com\/rs\/wp-content\/uploads\/2019\/10\/AERS-odobrio-planove-EMS-a-za-razvoj-i-ulaganje-do-2028.jpg?wsr","datePublished":"2019-10-23T11:07:43+00:00","author":{"@id":"https:\/\/balkangreenenergynews.com\/rs\/#\/schema\/person\/99dc721c46113fea22caffad06ef7317"},"description":"Agencija za energetiku Republike Srbije dala je saglasnost na Plan za razvoj prenosnog sistema 2019-2028.i Plan investicija u prenosni sistem 2019-2021.","breadcrumb":{"@id":"https:\/\/balkangreenenergynews.com\/rs\/aers-odobrio-planove-ems-a-za-razvoj-i-ulaganje-do-2028-se-ocekuje-prikljucenje-14-vetroparkova\/#breadcrumb"},"inLanguage":"sr-RS","potentialAction":[{"@type":"ReadAction","target":["https:\/\/balkangreenenergynews.com\/rs\/aers-odobrio-planove-ems-a-za-razvoj-i-ulaganje-do-2028-se-ocekuje-prikljucenje-14-vetroparkova\/"]}]},{"@type":"ImageObject","inLanguage":"sr-RS","@id":"https:\/\/balkangreenenergynews.com\/rs\/aers-odobrio-planove-ems-a-za-razvoj-i-ulaganje-do-2028-se-ocekuje-prikljucenje-14-vetroparkova\/#primaryimage","url":"https:\/\/balkangreenenergynews.com\/rs\/wp-content\/uploads\/2019\/10\/AERS-odobrio-planove-EMS-a-za-razvoj-i-ulaganje-do-2028.jpg?wsr","contentUrl":"https:\/\/balkangreenenergynews.com\/rs\/wp-content\/uploads\/2019\/10\/AERS-odobrio-planove-EMS-a-za-razvoj-i-ulaganje-do-2028.jpg?wsr","width":795,"height":407,"caption":"razvoj"},{"@type":"BreadcrumbList","@id":"https:\/\/balkangreenenergynews.com\/rs\/aers-odobrio-planove-ems-a-za-razvoj-i-ulaganje-do-2028-se-ocekuje-prikljucenje-14-vetroparkova\/#breadcrumb","itemListElement":[{"@type":"ListItem","position":1,"name":"Po\u010detna","item":"https:\/\/balkangreenenergynews.com\/rs\/"},{"@type":"ListItem","position":2,"name":"Vesti","item":"https:\/\/balkangreenenergynews.com\/rs\/kategorija\/vesti\/"},{"@type":"ListItem","position":3,"name":"Elektri\u010dna energija","item":"https:\/\/balkangreenenergynews.com\/rs\/kategorija\/vesti\/elektricna-energija\/"},{"@type":"ListItem","position":4,"name":"AERS odobrio planove EMS-a za razvoj i ulaganje, do 2028. se o\u010dekuje priklju\u010denje 14 vetroparkova"}]},{"@type":"WebSite","@id":"https:\/\/balkangreenenergynews.com\/rs\/#website","url":"https:\/\/balkangreenenergynews.com\/rs\/","name":"Balkan Green Energy News","description":"Naj\u0161iri izbor vesti sa Balkana o zelenoj energiji","potentialAction":[{"@type":"SearchAction","target":{"@type":"EntryPoint","urlTemplate":"https:\/\/balkangreenenergynews.com\/rs\/?s={search_term_string}"},"query-input":{"@type":"PropertyValueSpecification","valueRequired":true,"valueName":"search_term_string"}}],"inLanguage":"sr-RS"},{"@type":"Person","@id":"https:\/\/balkangreenenergynews.com\/rs\/#\/schema\/person\/99dc721c46113fea22caffad06ef7317","name":"Vladimir Spasi\u0107","url":"https:\/\/balkangreenenergynews.com\/rs\/author\/vladimir-spasic\/"}]}},"_links":{"self":[{"href":"https:\/\/balkangreenenergynews.com\/rs\/wp-json\/wp\/v2\/posts\/26189","targetHints":{"allow":["GET"]}}],"collection":[{"href":"https:\/\/balkangreenenergynews.com\/rs\/wp-json\/wp\/v2\/posts"}],"about":[{"href":"https:\/\/balkangreenenergynews.com\/rs\/wp-json\/wp\/v2\/types\/post"}],"author":[{"embeddable":true,"href":"https:\/\/balkangreenenergynews.com\/rs\/wp-json\/wp\/v2\/users\/23"}],"replies":[{"embeddable":true,"href":"https:\/\/balkangreenenergynews.com\/rs\/wp-json\/wp\/v2\/comments?post=26189"}],"version-history":[{"count":0,"href":"https:\/\/balkangreenenergynews.com\/rs\/wp-json\/wp\/v2\/posts\/26189\/revisions"}],"wp:featuredmedia":[{"embeddable":true,"href":"https:\/\/balkangreenenergynews.com\/rs\/wp-json\/wp\/v2\/media\/26193"}],"wp:attachment":[{"href":"https:\/\/balkangreenenergynews.com\/rs\/wp-json\/wp\/v2\/media?parent=26189"}],"wp:term":[{"taxonomy":"category","embeddable":true,"href":"https:\/\/balkangreenenergynews.com\/rs\/wp-json\/wp\/v2\/categories?post=26189"},{"taxonomy":"post_tag","embeddable":true,"href":"https:\/\/balkangreenenergynews.com\/rs\/wp-json\/wp\/v2\/tags?post=26189"}],"curies":[{"name":"wp","href":"https:\/\/api.w.org\/{rel}","templated":true}]}}