{"id":26182,"date":"2019-10-22T16:51:51","date_gmt":"2019-10-22T14:51:51","guid":{"rendered":"https:\/\/balkangreenenergynews.com\/rs\/?p=26182"},"modified":"2019-10-22T16:51:51","modified_gmt":"2019-10-22T14:51:51","slug":"pljevlja-i-lukavac-potpisali-eu-deklaraciju-o-pravednoj-tranziciji-ka-eri-bez-uglja","status":"publish","type":"post","link":"https:\/\/balkangreenenergynews.com\/rs\/pljevlja-i-lukavac-potpisali-eu-deklaraciju-o-pravednoj-tranziciji-ka-eri-bez-uglja\/","title":{"rendered":"Pljevlja i Lukavac potpisali EU deklaraciju o pravednoj tranziciji ka eri bez uglja"},"content":{"rendered":"<h2>Ukupno 11 gradona\u010delnika regiona, me\u0111u kojima su i predsednici op\u0161tina Pljevlja (Crna Gora) i Lukavac (Bosna i Hercegovina), potpisalo je sa kolegama iz evropskih zemalja deklaraciju kojom podr\u017eavaju pravednu tranziciju ka eri u kojoj se ne\u0107e koristiti ugalj.<\/h2>\n<p><a href=\"https:\/\/d2ouvy59p0dg6k.cloudfront.net\/downloads\/191014_mayors__declaration_on_a_just_transition.pdf?utm_source=WWF+CEE+bi-monthly+E-bulletin&amp;utm_campaign=3ccea40965-EMAIL_CAMPAIGN_2019_10_15_09_24&amp;utm_medium=email&amp;utm_term=0_fe48f2381a-3ccea40965-204364347&amp;mc_cid=3ccea40965&amp;mc_eid=f74c46d626\">Deklaraciju o pravednoj tranziciji<\/a> potpisao je <span style=\"font-size: 16px;\">41 gradona\u010delnik iz deset regiona uglja u devet evropskih zemalja.<\/span><\/p>\n<p><span style=\"font-size: 16px;\">Potpisinici dolaze iz Bugarske, Gr\u010dke, <\/span>Nema\u010dke, Poljske, Rumunije, Slova\u010dke, i \u010ce\u0161ke, ali i iz Crne Gore i BiH, dve dr\u017eave koje nisu \u010dlanice EU i u kojima se postupno odustajanje od kori\u0161\u0107enja uglja ne razmatra, \u0161to govori da u nekim slu\u010dajevima regioni preuzimaju lidersku ulogu, navodi se u saop\u0161tenju organizacije WWF.<\/p>\n<blockquote><p>U BiH i Crnoj Gori jo\u0161 nema razgovora o postupnom odustajanju od kori\u0161\u0107enja uglja<\/p><\/blockquote>\n<p>Deklaraciju gradona\u010delnika o pravednoj tranziciji potpisali su sledec\u0301i gradona\u010delnici i predsednici op\u0161tina iz regiona:<\/p>\n<ul>\n<li>Edin Delic\u0301, Lukavac, BiH (region Tuzle)<\/li>\n<li>Elza Velichkova, Bobov Dol, Bugarska, (Kyustendil)<\/li>\n<li>Igor Golubovic\u0301, Pljevlja, Crna Gora (severna Crna Gora)<\/li>\n<li>Anthimos Bitakis, Amyntaio, Gr\u010dka (region Zapadne Makedonije)<\/li>\n<li>Vassilios Giannakis, Florina, Gr\u010dka (region Zapadne Makedonije)<\/li>\n<li>Panagiotis Plakentas, Eordaia, Gr\u010dka (region Zapadne Makedonije)<\/li>\n<li>Lazaros Maloutas, Kozani, Gr\u010dka (region Zapadne Makedonije)<\/li>\n<li>Vasile Jurca, Petrila, Rumunija (Dolina Jiu)<\/li>\n<li>Nicolae Dunca, Aninoasa, Rumunija (Dolina Jiu)<\/li>\n<li>Tiberiu Iacob-Ridzi, Petrosani, Rumunija (Dolina Jiu)<\/li>\n<li>Lucian Resmerita, Lupeni, Rumunija (Dolina Jiu).<\/li>\n<\/ul>\n<blockquote><p>Budu\u0107a predsednica Evropske komisije Ursula von der Leyen \u017eeli da osnuje &#8222;Fond za pravednu tranziciju&#8220;<\/p><\/blockquote>\n<p>WWF navodi da se budu\u0107a predsednica Evropske komisije Ursula von der Leyen obavezala da nastavi aktivnosti kako bi se ostvario cilj da EU do 2050. bude klimatski neutralna. Da bi pomogla regionima uglja da smanje emisije i restrukturiraju svoje ekonomije, ona \u017eeli da osnuje &#8222;Fond za pravednu tranziciju&#8220;.<\/p>\n<p>Nedavno su dva gradona\u010delnika &#8211; iz \u010ce\u0161ke i Nema\u010dke &#8211; predstavila Deklaraciju na sastanku EU platforme Regioni uglja u tranziciji u Briselu.<\/p>\n","protected":false},"excerpt":{"rendered":"<p>Ukupno 11 gradona\u010delnika regiona, me\u0111u kojima su i predsednici op\u0161tina Pljevlja (Crna Gora) i Lukavac&#8230;<\/p>\n","protected":false},"author":23,"featured_media":26183,"comment_status":"open","ping_status":"closed","sticky":false,"template":"","format":"standard","meta":{"_acf_changed":false,"_monsterinsights_skip_tracking":false,"_monsterinsights_sitenote_active":false,"_monsterinsights_sitenote_note":"","_monsterinsights_sitenote_category":0,"footnotes":""},"categories":[504,4],"tags":[869,691],"class_list":["post-26182","post","type-post","status-publish","format-standard","has-post-thumbnail","hentry","category-elektricna-energija","category-zivotna-sredina","tag-evropska-komisija","tag-ugalj","country-regioneu"],"acf":[],"yoast_head":"<!-- This site is optimized with the Yoast SEO plugin v27.4 - https:\/\/yoast.com\/product\/yoast-seo-wordpress\/ -->\n<title>Pljevlja i Lukavac potpisali deklaraciju o pravednoj tranziciji ka eri bez uglja<\/title>\n<meta name=\"description\" content=\"Ukupno 11 gradona\u010delnika regiona, me\u0111u kojima su i predsednici op\u0161tina Pljevlja (CG) i Lukavac (BiH) potpisalo je deklaraciju o tranziciji ka eri bez uglja.\" \/>\n<meta name=\"robots\" content=\"index, follow, max-snippet:-1, max-image-preview:large, max-video-preview:-1\" \/>\n<link rel=\"canonical\" href=\"https:\/\/balkangreenenergynews.com\/rs\/pljevlja-i-lukavac-potpisali-eu-deklaraciju-o-pravednoj-tranziciji-ka-eri-bez-uglja\/\" \/>\n<meta property=\"og:locale\" content=\"sr_RS\" \/>\n<meta property=\"og:type\" content=\"article\" \/>\n<meta property=\"og:title\" content=\"Pljevlja i Lukavac potpisali deklaraciju o pravednoj tranziciji ka eri bez uglja\" \/>\n<meta property=\"og:description\" content=\"Ukupno 11 gradona\u010delnika regiona, me\u0111u kojima su i predsednici op\u0161tina Pljevlja (CG) i Lukavac (BiH) potpisalo je deklaraciju o tranziciji ka eri bez uglja.\" \/>\n<meta property=\"og:url\" content=\"https:\/\/balkangreenenergynews.com\/rs\/pljevlja-i-lukavac-potpisali-eu-deklaraciju-o-pravednoj-tranziciji-ka-eri-bez-uglja\/\" \/>\n<meta property=\"og:site_name\" content=\"Balkan Green Energy News\" \/>\n<meta property=\"article:published_time\" content=\"2019-10-22T14:51:51+00:00\" \/>\n<meta property=\"og:image\" content=\"https:\/\/balkangreenenergynews.com\/rs\/wp-content\/uploads\/2019\/10\/Pljevlja-i-Lukavac-potpisali-EU-deklaraciju-o-pravednoj-tranziciji-ka-eri-bez-uglja.jpg\" \/>\n\t<meta property=\"og:image:width\" content=\"795\" \/>\n\t<meta property=\"og:image:height\" content=\"407\" \/>\n\t<meta property=\"og:image:type\" content=\"image\/jpeg\" \/>\n<meta name=\"author\" content=\"Vladimir Spasi\u0107\" \/>\n<meta name=\"twitter:card\" content=\"summary_large_image\" \/>\n<meta name=\"twitter:label1\" content=\"\u041d\u0430\u043f\u0438\u0441\u0430\u043d\u043e \u043e\u0434\" \/>\n\t<meta name=\"twitter:data1\" content=\"Vladimir Spasi\u0107\" \/>\n\t<meta name=\"twitter:label2\" content=\"\u041f\u0440\u043e\u0446\u0435\u045a\u0435\u043d\u043e \u0432\u0440\u0435\u043c\u0435 \u0447\u0438\u0442\u0430\u045a\u0430\" \/>\n\t<meta name=\"twitter:data2\" content=\"2 \u043c\u0438\u043d\u0443\u0442\u0430\" \/>\n<script type=\"application\/ld+json\" class=\"yoast-schema-graph\">{\"@context\":\"https:\\\/\\\/schema.org\",\"@graph\":[{\"@type\":\"Article\",\"@id\":\"https:\\\/\\\/balkangreenenergynews.com\\\/rs\\\/pljevlja-i-lukavac-potpisali-eu-deklaraciju-o-pravednoj-tranziciji-ka-eri-bez-uglja\\\/#article\",\"isPartOf\":{\"@id\":\"https:\\\/\\\/balkangreenenergynews.com\\\/rs\\\/pljevlja-i-lukavac-potpisali-eu-deklaraciju-o-pravednoj-tranziciji-ka-eri-bez-uglja\\\/\"},\"author\":{\"name\":\"Vladimir Spasi\u0107\",\"@id\":\"https:\\\/\\\/balkangreenenergynews.com\\\/rs\\\/#\\\/schema\\\/person\\\/99dc721c46113fea22caffad06ef7317\"},\"headline\":\"Pljevlja i Lukavac potpisali EU deklaraciju o pravednoj tranziciji ka eri bez uglja\",\"datePublished\":\"2019-10-22T14:51:51+00:00\",\"mainEntityOfPage\":{\"@id\":\"https:\\\/\\\/balkangreenenergynews.com\\\/rs\\\/pljevlja-i-lukavac-potpisali-eu-deklaraciju-o-pravednoj-tranziciji-ka-eri-bez-uglja\\\/\"},\"wordCount\":328,\"commentCount\":0,\"image\":{\"@id\":\"https:\\\/\\\/balkangreenenergynews.com\\\/rs\\\/pljevlja-i-lukavac-potpisali-eu-deklaraciju-o-pravednoj-tranziciji-ka-eri-bez-uglja\\\/#primaryimage\"},\"thumbnailUrl\":\"https:\\\/\\\/balkangreenenergynews.com\\\/rs\\\/wp-content\\\/uploads\\\/2019\\\/10\\\/Pljevlja-i-Lukavac-potpisali-EU-deklaraciju-o-pravednoj-tranziciji-ka-eri-bez-uglja.jpg?wsr\",\"keywords\":[\"Evropska komisija\",\"ugalj\"],\"articleSection\":[\"Elektri\u010dna energija\",\"\u017divotna sredina\"],\"inLanguage\":\"sr-RS\",\"potentialAction\":[{\"@type\":\"CommentAction\",\"name\":\"Comment\",\"target\":[\"https:\\\/\\\/balkangreenenergynews.com\\\/rs\\\/pljevlja-i-lukavac-potpisali-eu-deklaraciju-o-pravednoj-tranziciji-ka-eri-bez-uglja\\\/#respond\"]}]},{\"@type\":\"WebPage\",\"@id\":\"https:\\\/\\\/balkangreenenergynews.com\\\/rs\\\/pljevlja-i-lukavac-potpisali-eu-deklaraciju-o-pravednoj-tranziciji-ka-eri-bez-uglja\\\/\",\"url\":\"https:\\\/\\\/balkangreenenergynews.com\\\/rs\\\/pljevlja-i-lukavac-potpisali-eu-deklaraciju-o-pravednoj-tranziciji-ka-eri-bez-uglja\\\/\",\"name\":\"Pljevlja i Lukavac potpisali deklaraciju o pravednoj tranziciji ka eri bez uglja\",\"isPartOf\":{\"@id\":\"https:\\\/\\\/balkangreenenergynews.com\\\/rs\\\/#website\"},\"primaryImageOfPage\":{\"@id\":\"https:\\\/\\\/balkangreenenergynews.com\\\/rs\\\/pljevlja-i-lukavac-potpisali-eu-deklaraciju-o-pravednoj-tranziciji-ka-eri-bez-uglja\\\/#primaryimage\"},\"image\":{\"@id\":\"https:\\\/\\\/balkangreenenergynews.com\\\/rs\\\/pljevlja-i-lukavac-potpisali-eu-deklaraciju-o-pravednoj-tranziciji-ka-eri-bez-uglja\\\/#primaryimage\"},\"thumbnailUrl\":\"https:\\\/\\\/balkangreenenergynews.com\\\/rs\\\/wp-content\\\/uploads\\\/2019\\\/10\\\/Pljevlja-i-Lukavac-potpisali-EU-deklaraciju-o-pravednoj-tranziciji-ka-eri-bez-uglja.jpg?wsr\",\"datePublished\":\"2019-10-22T14:51:51+00:00\",\"author\":{\"@id\":\"https:\\\/\\\/balkangreenenergynews.com\\\/rs\\\/#\\\/schema\\\/person\\\/99dc721c46113fea22caffad06ef7317\"},\"description\":\"Ukupno 11 gradona\u010delnika regiona, me\u0111u kojima su i predsednici op\u0161tina Pljevlja (CG) i Lukavac (BiH) potpisalo je deklaraciju o tranziciji ka eri bez uglja.\",\"breadcrumb\":{\"@id\":\"https:\\\/\\\/balkangreenenergynews.com\\\/rs\\\/pljevlja-i-lukavac-potpisali-eu-deklaraciju-o-pravednoj-tranziciji-ka-eri-bez-uglja\\\/#breadcrumb\"},\"inLanguage\":\"sr-RS\",\"potentialAction\":[{\"@type\":\"ReadAction\",\"target\":[\"https:\\\/\\\/balkangreenenergynews.com\\\/rs\\\/pljevlja-i-lukavac-potpisali-eu-deklaraciju-o-pravednoj-tranziciji-ka-eri-bez-uglja\\\/\"]}]},{\"@type\":\"ImageObject\",\"inLanguage\":\"sr-RS\",\"@id\":\"https:\\\/\\\/balkangreenenergynews.com\\\/rs\\\/pljevlja-i-lukavac-potpisali-eu-deklaraciju-o-pravednoj-tranziciji-ka-eri-bez-uglja\\\/#primaryimage\",\"url\":\"https:\\\/\\\/balkangreenenergynews.com\\\/rs\\\/wp-content\\\/uploads\\\/2019\\\/10\\\/Pljevlja-i-Lukavac-potpisali-EU-deklaraciju-o-pravednoj-tranziciji-ka-eri-bez-uglja.jpg?wsr\",\"contentUrl\":\"https:\\\/\\\/balkangreenenergynews.com\\\/rs\\\/wp-content\\\/uploads\\\/2019\\\/10\\\/Pljevlja-i-Lukavac-potpisali-EU-deklaraciju-o-pravednoj-tranziciji-ka-eri-bez-uglja.jpg?wsr\",\"width\":795,\"height\":407,\"caption\":\"Pljevlja\"},{\"@type\":\"BreadcrumbList\",\"@id\":\"https:\\\/\\\/balkangreenenergynews.com\\\/rs\\\/pljevlja-i-lukavac-potpisali-eu-deklaraciju-o-pravednoj-tranziciji-ka-eri-bez-uglja\\\/#breadcrumb\",\"itemListElement\":[{\"@type\":\"ListItem\",\"position\":1,\"name\":\"Po\u010detna\",\"item\":\"https:\\\/\\\/balkangreenenergynews.com\\\/rs\\\/\"},{\"@type\":\"ListItem\",\"position\":2,\"name\":\"Vesti\",\"item\":\"https:\\\/\\\/balkangreenenergynews.com\\\/rs\\\/kategorija\\\/vesti\\\/\"},{\"@type\":\"ListItem\",\"position\":3,\"name\":\"Elektri\u010dna energija\",\"item\":\"https:\\\/\\\/balkangreenenergynews.com\\\/rs\\\/kategorija\\\/vesti\\\/elektricna-energija\\\/\"},{\"@type\":\"ListItem\",\"position\":4,\"name\":\"Pljevlja i Lukavac potpisali EU deklaraciju o pravednoj tranziciji ka eri bez uglja\"}]},{\"@type\":\"WebSite\",\"@id\":\"https:\\\/\\\/balkangreenenergynews.com\\\/rs\\\/#website\",\"url\":\"https:\\\/\\\/balkangreenenergynews.com\\\/rs\\\/\",\"name\":\"Balkan Green Energy News\",\"description\":\"Naj\u0161iri izbor vesti sa Balkana o zelenoj energiji\",\"potentialAction\":[{\"@type\":\"SearchAction\",\"target\":{\"@type\":\"EntryPoint\",\"urlTemplate\":\"https:\\\/\\\/balkangreenenergynews.com\\\/rs\\\/?s={search_term_string}\"},\"query-input\":{\"@type\":\"PropertyValueSpecification\",\"valueRequired\":true,\"valueName\":\"search_term_string\"}}],\"inLanguage\":\"sr-RS\"},{\"@type\":\"Person\",\"@id\":\"https:\\\/\\\/balkangreenenergynews.com\\\/rs\\\/#\\\/schema\\\/person\\\/99dc721c46113fea22caffad06ef7317\",\"name\":\"Vladimir Spasi\u0107\",\"url\":\"https:\\\/\\\/balkangreenenergynews.com\\\/rs\\\/author\\\/vladimir-spasic\\\/\"}]}<\/script>\n<!-- \/ Yoast SEO plugin. -->","yoast_head_json":{"title":"Pljevlja i Lukavac potpisali deklaraciju o pravednoj tranziciji ka eri bez uglja","description":"Ukupno 11 gradona\u010delnika regiona, me\u0111u kojima su i predsednici op\u0161tina Pljevlja (CG) i Lukavac (BiH) potpisalo je deklaraciju o tranziciji ka eri bez uglja.","robots":{"index":"index","follow":"follow","max-snippet":"max-snippet:-1","max-image-preview":"max-image-preview:large","max-video-preview":"max-video-preview:-1"},"canonical":"https:\/\/balkangreenenergynews.com\/rs\/pljevlja-i-lukavac-potpisali-eu-deklaraciju-o-pravednoj-tranziciji-ka-eri-bez-uglja\/","og_locale":"sr_RS","og_type":"article","og_title":"Pljevlja i Lukavac potpisali deklaraciju o pravednoj tranziciji ka eri bez uglja","og_description":"Ukupno 11 gradona\u010delnika regiona, me\u0111u kojima su i predsednici op\u0161tina Pljevlja (CG) i Lukavac (BiH) potpisalo je deklaraciju o tranziciji ka eri bez uglja.","og_url":"https:\/\/balkangreenenergynews.com\/rs\/pljevlja-i-lukavac-potpisali-eu-deklaraciju-o-pravednoj-tranziciji-ka-eri-bez-uglja\/","og_site_name":"Balkan Green Energy News","article_published_time":"2019-10-22T14:51:51+00:00","og_image":[{"width":795,"height":407,"url":"https:\/\/balkangreenenergynews.com\/rs\/wp-content\/uploads\/2019\/10\/Pljevlja-i-Lukavac-potpisali-EU-deklaraciju-o-pravednoj-tranziciji-ka-eri-bez-uglja.jpg","type":"image\/jpeg"}],"author":"Vladimir Spasi\u0107","twitter_card":"summary_large_image","twitter_misc":{"\u041d\u0430\u043f\u0438\u0441\u0430\u043d\u043e \u043e\u0434":"Vladimir Spasi\u0107","\u041f\u0440\u043e\u0446\u0435\u045a\u0435\u043d\u043e \u0432\u0440\u0435\u043c\u0435 \u0447\u0438\u0442\u0430\u045a\u0430":"2 \u043c\u0438\u043d\u0443\u0442\u0430"},"schema":{"@context":"https:\/\/schema.org","@graph":[{"@type":"Article","@id":"https:\/\/balkangreenenergynews.com\/rs\/pljevlja-i-lukavac-potpisali-eu-deklaraciju-o-pravednoj-tranziciji-ka-eri-bez-uglja\/#article","isPartOf":{"@id":"https:\/\/balkangreenenergynews.com\/rs\/pljevlja-i-lukavac-potpisali-eu-deklaraciju-o-pravednoj-tranziciji-ka-eri-bez-uglja\/"},"author":{"name":"Vladimir Spasi\u0107","@id":"https:\/\/balkangreenenergynews.com\/rs\/#\/schema\/person\/99dc721c46113fea22caffad06ef7317"},"headline":"Pljevlja i Lukavac potpisali EU deklaraciju o pravednoj tranziciji ka eri bez uglja","datePublished":"2019-10-22T14:51:51+00:00","mainEntityOfPage":{"@id":"https:\/\/balkangreenenergynews.com\/rs\/pljevlja-i-lukavac-potpisali-eu-deklaraciju-o-pravednoj-tranziciji-ka-eri-bez-uglja\/"},"wordCount":328,"commentCount":0,"image":{"@id":"https:\/\/balkangreenenergynews.com\/rs\/pljevlja-i-lukavac-potpisali-eu-deklaraciju-o-pravednoj-tranziciji-ka-eri-bez-uglja\/#primaryimage"},"thumbnailUrl":"https:\/\/balkangreenenergynews.com\/rs\/wp-content\/uploads\/2019\/10\/Pljevlja-i-Lukavac-potpisali-EU-deklaraciju-o-pravednoj-tranziciji-ka-eri-bez-uglja.jpg?wsr","keywords":["Evropska komisija","ugalj"],"articleSection":["Elektri\u010dna energija","\u017divotna sredina"],"inLanguage":"sr-RS","potentialAction":[{"@type":"CommentAction","name":"Comment","target":["https:\/\/balkangreenenergynews.com\/rs\/pljevlja-i-lukavac-potpisali-eu-deklaraciju-o-pravednoj-tranziciji-ka-eri-bez-uglja\/#respond"]}]},{"@type":"WebPage","@id":"https:\/\/balkangreenenergynews.com\/rs\/pljevlja-i-lukavac-potpisali-eu-deklaraciju-o-pravednoj-tranziciji-ka-eri-bez-uglja\/","url":"https:\/\/balkangreenenergynews.com\/rs\/pljevlja-i-lukavac-potpisali-eu-deklaraciju-o-pravednoj-tranziciji-ka-eri-bez-uglja\/","name":"Pljevlja i Lukavac potpisali deklaraciju o pravednoj tranziciji ka eri bez uglja","isPartOf":{"@id":"https:\/\/balkangreenenergynews.com\/rs\/#website"},"primaryImageOfPage":{"@id":"https:\/\/balkangreenenergynews.com\/rs\/pljevlja-i-lukavac-potpisali-eu-deklaraciju-o-pravednoj-tranziciji-ka-eri-bez-uglja\/#primaryimage"},"image":{"@id":"https:\/\/balkangreenenergynews.com\/rs\/pljevlja-i-lukavac-potpisali-eu-deklaraciju-o-pravednoj-tranziciji-ka-eri-bez-uglja\/#primaryimage"},"thumbnailUrl":"https:\/\/balkangreenenergynews.com\/rs\/wp-content\/uploads\/2019\/10\/Pljevlja-i-Lukavac-potpisali-EU-deklaraciju-o-pravednoj-tranziciji-ka-eri-bez-uglja.jpg?wsr","datePublished":"2019-10-22T14:51:51+00:00","author":{"@id":"https:\/\/balkangreenenergynews.com\/rs\/#\/schema\/person\/99dc721c46113fea22caffad06ef7317"},"description":"Ukupno 11 gradona\u010delnika regiona, me\u0111u kojima su i predsednici op\u0161tina Pljevlja (CG) i Lukavac (BiH) potpisalo je deklaraciju o tranziciji ka eri bez uglja.","breadcrumb":{"@id":"https:\/\/balkangreenenergynews.com\/rs\/pljevlja-i-lukavac-potpisali-eu-deklaraciju-o-pravednoj-tranziciji-ka-eri-bez-uglja\/#breadcrumb"},"inLanguage":"sr-RS","potentialAction":[{"@type":"ReadAction","target":["https:\/\/balkangreenenergynews.com\/rs\/pljevlja-i-lukavac-potpisali-eu-deklaraciju-o-pravednoj-tranziciji-ka-eri-bez-uglja\/"]}]},{"@type":"ImageObject","inLanguage":"sr-RS","@id":"https:\/\/balkangreenenergynews.com\/rs\/pljevlja-i-lukavac-potpisali-eu-deklaraciju-o-pravednoj-tranziciji-ka-eri-bez-uglja\/#primaryimage","url":"https:\/\/balkangreenenergynews.com\/rs\/wp-content\/uploads\/2019\/10\/Pljevlja-i-Lukavac-potpisali-EU-deklaraciju-o-pravednoj-tranziciji-ka-eri-bez-uglja.jpg?wsr","contentUrl":"https:\/\/balkangreenenergynews.com\/rs\/wp-content\/uploads\/2019\/10\/Pljevlja-i-Lukavac-potpisali-EU-deklaraciju-o-pravednoj-tranziciji-ka-eri-bez-uglja.jpg?wsr","width":795,"height":407,"caption":"Pljevlja"},{"@type":"BreadcrumbList","@id":"https:\/\/balkangreenenergynews.com\/rs\/pljevlja-i-lukavac-potpisali-eu-deklaraciju-o-pravednoj-tranziciji-ka-eri-bez-uglja\/#breadcrumb","itemListElement":[{"@type":"ListItem","position":1,"name":"Po\u010detna","item":"https:\/\/balkangreenenergynews.com\/rs\/"},{"@type":"ListItem","position":2,"name":"Vesti","item":"https:\/\/balkangreenenergynews.com\/rs\/kategorija\/vesti\/"},{"@type":"ListItem","position":3,"name":"Elektri\u010dna energija","item":"https:\/\/balkangreenenergynews.com\/rs\/kategorija\/vesti\/elektricna-energija\/"},{"@type":"ListItem","position":4,"name":"Pljevlja i Lukavac potpisali EU deklaraciju o pravednoj tranziciji ka eri bez uglja"}]},{"@type":"WebSite","@id":"https:\/\/balkangreenenergynews.com\/rs\/#website","url":"https:\/\/balkangreenenergynews.com\/rs\/","name":"Balkan Green Energy News","description":"Naj\u0161iri izbor vesti sa Balkana o zelenoj energiji","potentialAction":[{"@type":"SearchAction","target":{"@type":"EntryPoint","urlTemplate":"https:\/\/balkangreenenergynews.com\/rs\/?s={search_term_string}"},"query-input":{"@type":"PropertyValueSpecification","valueRequired":true,"valueName":"search_term_string"}}],"inLanguage":"sr-RS"},{"@type":"Person","@id":"https:\/\/balkangreenenergynews.com\/rs\/#\/schema\/person\/99dc721c46113fea22caffad06ef7317","name":"Vladimir Spasi\u0107","url":"https:\/\/balkangreenenergynews.com\/rs\/author\/vladimir-spasic\/"}]}},"_links":{"self":[{"href":"https:\/\/balkangreenenergynews.com\/rs\/wp-json\/wp\/v2\/posts\/26182","targetHints":{"allow":["GET"]}}],"collection":[{"href":"https:\/\/balkangreenenergynews.com\/rs\/wp-json\/wp\/v2\/posts"}],"about":[{"href":"https:\/\/balkangreenenergynews.com\/rs\/wp-json\/wp\/v2\/types\/post"}],"author":[{"embeddable":true,"href":"https:\/\/balkangreenenergynews.com\/rs\/wp-json\/wp\/v2\/users\/23"}],"replies":[{"embeddable":true,"href":"https:\/\/balkangreenenergynews.com\/rs\/wp-json\/wp\/v2\/comments?post=26182"}],"version-history":[{"count":0,"href":"https:\/\/balkangreenenergynews.com\/rs\/wp-json\/wp\/v2\/posts\/26182\/revisions"}],"wp:featuredmedia":[{"embeddable":true,"href":"https:\/\/balkangreenenergynews.com\/rs\/wp-json\/wp\/v2\/media\/26183"}],"wp:attachment":[{"href":"https:\/\/balkangreenenergynews.com\/rs\/wp-json\/wp\/v2\/media?parent=26182"}],"wp:term":[{"taxonomy":"category","embeddable":true,"href":"https:\/\/balkangreenenergynews.com\/rs\/wp-json\/wp\/v2\/categories?post=26182"},{"taxonomy":"post_tag","embeddable":true,"href":"https:\/\/balkangreenenergynews.com\/rs\/wp-json\/wp\/v2\/tags?post=26182"}],"curies":[{"name":"wp","href":"https:\/\/api.w.org\/{rel}","templated":true}]}}