{"id":25742,"date":"2019-09-25T17:51:45","date_gmt":"2019-09-25T15:51:45","guid":{"rendered":"https:\/\/balkangreenenergynews.com\/rs\/?p=25742"},"modified":"2020-11-09T15:57:28","modified_gmt":"2020-11-09T14:57:28","slug":"koncept-zelene-gradnje-sve-vazniji-i-zakupcima-zgrada","status":"publish","type":"post","link":"https:\/\/balkangreenenergynews.com\/rs\/koncept-zelene-gradnje-sve-vazniji-i-zakupcima-zgrada\/","title":{"rendered":"Koncept zelene gradnje sve va\u017eniji i zakupcima zgrada"},"content":{"rendered":"<h2>Zelena zgrada ne\u0107e zaga\u0111ivati okolinu tokom gradnje, ali i kori\u0161\u0107enja. Od toga \u0107e koristi imati i stanari te zgrade jer \u0107e dobiti bolje uslove za rad i \u017eivot, ali i kom\u0161ije jer \u0107e ta zgrada praviti, na primer, manje buke. Smanjenje emisija CO2 je, tako\u0111e, korist od koncepta zelene gradnje jer zgrade koriste energiju, pa ako su projektovane na pravi na\u010din onda \u0107e i potro\u0161nja biti manja, rekao je za Balkan Green Energy News Martin Elezovi\u0107, \u010dlan Odbora direktora Saveta zelene gradnje Srbije.<\/h2>\n<p>Zelena gradnja se, ipak, ne odnosi samo na energiju i zaga\u0111enje, ve\u0107 podrazumeva po\u0161tovanje profesionalnih standarda od planiranja, preko projektovanja, gra\u0111enja i odr\u017eavanja, do kori\u0161\u0107enja zgrada, kako bi se pobolj\u0161ao kvalitet \u017eivota ljudi i smanjio uticaj na \u017eivotnu sredinu. Ovaj koncept je posebno va\u017ean u vremenu klimatskih promena jer su zgrade i gra\u0111evinska industrija odgovorne za 39% emisija CO2.<\/p>\n<hr \/>\n<h4>Edin Dalifi, XELLA Srbija: U proizvodnji koristimo 75% na\u0161eg otpada<img alt=\"edin-dalifi-xella\" loading=\"lazy\" decoding=\"async\" class=\" wp-image-25743 alignright\" src=\"https:\/\/balkangreenenergynews.com\/rs\/wp-content\/uploads\/2019\/09\/edin-dalifi-xella-zelena-gradnja.jpg\" alt=\"\" width=\"105\" height=\"158\" srcset=\"https:\/\/balkangreenenergynews.com\/rs\/wp-content\/uploads\/2019\/09\/edin-dalifi-xella-zelena-gradnja.jpg 500w, https:\/\/balkangreenenergynews.com\/rs\/wp-content\/uploads\/2019\/09\/edin-dalifi-xella-zelena-gradnja-200x300.jpg 200w\" sizes=\"auto, (max-width: 105px) 100vw, 105px\" \/><\/h4>\n<p><em>Na\u0161a misija je odr\u017eiva proizvodnja i gradnja. Preuzeli smo niz mera da bi na\u0161a proizvodnja u Vreocima, u Srbiji, bila odr\u017eiva, a jedna od njih je kori\u0161\u0107enje vodene pare iz postrojenja koje zagreva Lazarevac. Sve sirovine se nabavljaju lokalno, jako blizu na\u0161e proizvodnje. Na\u0161i YTONG blokovi imaju izuzetne termi\u010dke karakteristike, negorivost, ekolo\u0161ki sastav. U proizvodnji koristimo i 75% na\u0161eg otpada, \u010dime se dodatno smanjuju emisije CO2.<\/em><\/p>\n<hr \/>\n<p>&#8222;U poslednje vreme trend je primena analize Life Cycle Assessment (LCA) koja procenjuje uticaj zgrade na \u017eivotnu sredinu od dobijanja agregata za proizvodnju cementa i proizvodnje cementa, preko gradnje i kori\u0161\u0107enja zgade, do ru\u0161enja i recikla\u017ee&#8220;, ka\u017ee Elezovi\u0107, koji poseduje licence odgovornog in\u017eenjera za energetsku efikasnost zgrada, Breeam Accredited Professional, In Use Auditor i International Assessor, kao i DGNB Consultant.<\/p>\n<p>Da bismo znali da li je neka zgrada zelena poma\u017eu nam sistemi za sertifikaciju, kao \u0161to su BREEAM, LEED, DGNB, koji se zasnivaju na 50 do 150 kriterijuma.<\/p>\n<hr \/>\n<h4><img alt=\"Ivana-Petronijevic-alumil\" loading=\"lazy\" decoding=\"async\" class=\" wp-image-25765 alignleft\" src=\"https:\/\/balkangreenenergynews.com\/rs\/wp-content\/uploads\/2019\/09\/Ivana-Petronijevic-alumil-zelena-gradnja-1.jpg\" alt=\"\" width=\"150\" height=\"159\" srcset=\"https:\/\/balkangreenenergynews.com\/rs\/wp-content\/uploads\/2019\/09\/Ivana-Petronijevic-alumil-zelena-gradnja-1.jpg 1884w, https:\/\/balkangreenenergynews.com\/rs\/wp-content\/uploads\/2019\/09\/Ivana-Petronijevic-alumil-zelena-gradnja-1-500x529.jpg 500w, https:\/\/balkangreenenergynews.com\/rs\/wp-content\/uploads\/2019\/09\/Ivana-Petronijevic-alumil-zelena-gradnja-1-840x888.jpg 840w, https:\/\/balkangreenenergynews.com\/rs\/wp-content\/uploads\/2019\/09\/Ivana-Petronijevic-alumil-zelena-gradnja-1-768x812.jpg 768w, https:\/\/balkangreenenergynews.com\/rs\/wp-content\/uploads\/2019\/09\/Ivana-Petronijevic-alumil-zelena-gradnja-1-1453x1536.jpg 1453w, https:\/\/balkangreenenergynews.com\/rs\/wp-content\/uploads\/2019\/09\/Ivana-Petronijevic-alumil-zelena-gradnja-1-284x300.jpg 284w, https:\/\/balkangreenenergynews.com\/rs\/wp-content\/uploads\/2019\/09\/Ivana-Petronijevic-alumil-zelena-gradnja-1-1320x1396.jpg 1320w\" sizes=\"auto, (max-width: 150px) 100vw, 150px\" \/>Ivana Petronijevi\u0107, ALUMIL YU Industry: Solarna energija osvetljava pogone<\/h4>\n<p><em>Na\u0161a kompanija doprinosi zelenoj gradnji kroz sirovine koje koristimo za aluminijumske profile i kroz sam proces proizvodnje. Primera radi, za aktiviranje spolja\u0161nje rasvete koristimo solarnu energiju, dok se velika pa\u017enja poklanja upravljanju energijom i otpadnim vodama. Koristimo reciklirane sirovine za na\u0161e proizvode, pa svaki kupac mo\u017ee da dobije podatke koliko takvih sirovina je kori\u0161\u0107eno. Uz to imamo i stalne edukacije za zaposlene, ali i partnere.<\/em><\/p>\n<hr \/>\n<p>&#8222;Na ovaj na\u010din vlasnik zgrade dobija nezavisnu potvrdu da je vodio ra\u010duna o nekim stvarima o kojima drugi nisu. A, sve vi\u0161e o tome vode ra\u010duna i zakupci, \u0161to govori o pove\u0107anju svesti o odr\u017eivosti zgrada, i taj trend \u0107e se nastaviti&#8220;, smatra on.<\/p>\n<p>Kriterijumi se, na primer, odnose na potro\u0161nju i upravljanje energijom, potro\u0161nju i upravljanje vodom, zaga\u0111enje &#8211; bukom, otpadnim vodama, svetolo\u0161\u0107u, zatim na kvalitet materijala &#8211; da li su odr\u017eivi ili ne, menad\u017ement prilikom projektovanja i izvo\u0111enja radova.<\/p>\n<div class=\"image-wrapper aligncenter\">\n    <figure><img loading=\"lazy\" decoding=\"async\" class=\"wp-image-25745 size-full\" src=\"https:\/\/balkangreenenergynews.com\/rs\/wp-content\/uploads\/2019\/09\/martin-elezovic-zelena-gradnja.jpg\" alt=\"zgrada\" width=\"795\" height=\"407\" srcset=\"https:\/\/balkangreenenergynews.com\/rs\/wp-content\/uploads\/2019\/09\/martin-elezovic-zelena-gradnja.jpg 795w, https:\/\/balkangreenenergynews.com\/rs\/wp-content\/uploads\/2019\/09\/martin-elezovic-zelena-gradnja-500x256.jpg 500w, https:\/\/balkangreenenergynews.com\/rs\/wp-content\/uploads\/2019\/09\/martin-elezovic-zelena-gradnja-768x393.jpg 768w, https:\/\/balkangreenenergynews.com\/rs\/wp-content\/uploads\/2019\/09\/martin-elezovic-zelena-gradnja-300x154.jpg 300w\" sizes=\"auto, (max-width: 795px) 100vw, 795px\" \/><\/figure>\n    <div class=\"image-info\"><span class=\"img-source\">Martin Elezovi\u0107: U poslednje vreme trend u oceni zgrada je primena analize Life Cycle Assessment (LCA)<\/span><\/div>\n<\/div>\n<p>Jedan od najva\u017enijih standarda ili sertifikata za materijale je EPD, koji prati ceo \u017eivotni ciklus jednog proizvoda i na osnovu toga pokazuje kakav mu je uticaj na \u017eivotnu sredinu.<\/p>\n<p>U Srbiji nije obavezan, sli\u010dno je i u nekim evropskim zemljama, ali \u0107e se tokom vremena to promeniti, dodaje Elezovi\u0107.<\/p>\n<p>Povodom <a href=\"https:\/\/balkangreenenergynews.com\/rs\/svetska-nedelja-zelene-gradnje-od-23-do-29-septembra-i-u-srbiji\/\">Svetske nedelje zelene gradnje (23-29. septembar)<\/a> Savet zelene gradnje Srbije danas je u Beogradu organizovao konferenciju <em>Kako gradimo sutra?<\/em> Tema konferencije je kampanja Svetskog saveta zelene gradnje #BuildingLife, koja ima za cilj da pove\u0107a svest o emisiji CO2 u svim fazama \u017eivotnog ciklusa zgrade.<\/p>\n<hr \/>\n<h4>Sr\u0111an Stojakov, SIKA Srbija: Neki proizvodi smanjuju potro\u0161nju energije do 30%<img alt=\"srdjan-stojakov-sika\" loading=\"lazy\" decoding=\"async\" class=\" wp-image-25746 alignright\" src=\"https:\/\/balkangreenenergynews.com\/rs\/wp-content\/uploads\/2019\/09\/srdjan-stojakov-sika-zelena-gradnja.jpg\" alt=\"\" width=\"118\" height=\"154\" srcset=\"https:\/\/balkangreenenergynews.com\/rs\/wp-content\/uploads\/2019\/09\/srdjan-stojakov-sika-zelena-gradnja.jpg 500w, https:\/\/balkangreenenergynews.com\/rs\/wp-content\/uploads\/2019\/09\/srdjan-stojakov-sika-zelena-gradnja-230x300.jpg 230w\" sizes=\"auto, (max-width: 118px) 100vw, 118px\" \/><\/h4>\n<p><em>Koncept zelene gradnje podrazumeva smanjenje potro\u0161nje energije, vode i otpada, kao i emisija CO2. Na\u0161a kompanija priprema brojne izve\u0161taje, koji slu\u017ee da uvodimo nove mere. Jedna od njih je otvaranje manjih pogona, kao \u0161to je to u \u0160imanovcima, u Srbiji, koji skra\u0107uju put od sirovine do proizvodnje i do gradili\u0161ta, \u010dime se smanjuju emisije CO2. Tako\u0111e, neki od proizvoda mogu da smanje potro\u0161nju energije i do 30%.<\/em><\/p>\n<hr \/>\n<p>Na konferenciji su u\u010destvovali Goran Trivan, ministar za\u0161tite \u017eivotne sredine, Stevica De\u0111anski, dr\u017eavni sekretar u Ministarstvu energetike, stru\u010dnjaci, ali i predstavnici firmi koje su deo \u017eivotnog ciklusa zgrada &#8211; u oblasti proizvodnje i gradnje, projektovanja i kori\u0161\u0107enja, kao i ru\u0161enja i recikla\u017ee.<\/p>\n","protected":false},"excerpt":{"rendered":"<p>Zelena zgrada ne\u0107e zaga\u0111ivati okolinu tokom gradnje, ali i kori\u0161\u0107enja. Od toga \u0107e koristi imati i stanari te zgrade jer \u0107e dobiti bolje uslove za rad i \u017eivot, ali i kom\u0161ije jer \u0107e ta zgrada praviti, na primer, manje buke. Smanjenje emisija CO2 je, tako\u0111e, korist od koncepta zelene gradnje jer zgrade koriste energiju, pa [&hellip;]<\/p>\n","protected":false},"author":23,"featured_media":25747,"comment_status":"open","ping_status":"closed","sticky":false,"template":"","format":"standard","meta":{"_acf_changed":false,"_seopress_titles_title":"Koncept zelene gradnje sve va\u017eniji i zakupcima zgrada","_seopress_titles_desc":"Od koncepta zelene gradnje korist imaju i stanari, ali i kom\u0161ije, rekao je Martin Elezovi\u0107, \u010dlan Odbora direktora Saveta zelene gradnje Srbije.\u00a0","_seopress_robots_index":"","_seopress_robots_follow":"","_seopress_robots_imageindex":"","_seopress_robots_snippet":"","_seopress_robots_primary_cat":"3","_seopress_robots_breadcrumbs":"","_seopress_robots_freeze_modified_date":"","_seopress_robots_custom_modified_date":"","_seopress_robots_canonical":"","_seopress_social_fb_title":"","_seopress_social_fb_desc":"","_seopress_social_fb_img":"","_seopress_social_fb_img_attachment_id":0,"_seopress_social_fb_img_width":0,"_seopress_social_fb_img_height":0,"_seopress_social_twitter_title":"","_seopress_social_twitter_desc":"","_seopress_social_twitter_img":"","_seopress_social_twitter_img_attachment_id":0,"_seopress_social_twitter_img_width":0,"_seopress_social_twitter_img_height":0,"_seopress_redirections_value":"","_seopress_redirections_enabled":"","_seopress_redirections_enabled_regex":"","_seopress_redirections_logged_status":"","_seopress_redirections_param":"","_seopress_redirections_type":0,"_seopress_analysis_target_kw":"zgrada","_seopress_news_disabled":"","_seopress_video_disabled":"","_seopress_video":[],"_seopress_pro_schemas_manual":[],"_seopress_pro_rich_snippets_disable_all":"","_seopress_pro_rich_snippets_disable":[],"_seopress_pro_schemas":[],"_monsterinsights_skip_tracking":false,"footnotes":""},"categories":[3,4],"tags":[2335,766,2651,738],"class_list":["post-25742","post","type-post","status-publish","format-standard","has-post-thumbnail","hentry","category-energetska-efikasnost","category-zivotna-sredina-i-klima","tag-emisije","tag-klimatske-promene","tag-savet-zelene-gradnje-srbije","tag-zelena-gradnja","country-srbija"],"acf":[],"_links":{"self":[{"href":"https:\/\/balkangreenenergynews.com\/rs\/wp-json\/wp\/v2\/posts\/25742","targetHints":{"allow":["GET"]}}],"collection":[{"href":"https:\/\/balkangreenenergynews.com\/rs\/wp-json\/wp\/v2\/posts"}],"about":[{"href":"https:\/\/balkangreenenergynews.com\/rs\/wp-json\/wp\/v2\/types\/post"}],"author":[{"embeddable":true,"href":"https:\/\/balkangreenenergynews.com\/rs\/wp-json\/wp\/v2\/users\/23"}],"replies":[{"embeddable":true,"href":"https:\/\/balkangreenenergynews.com\/rs\/wp-json\/wp\/v2\/comments?post=25742"}],"version-history":[{"count":0,"href":"https:\/\/balkangreenenergynews.com\/rs\/wp-json\/wp\/v2\/posts\/25742\/revisions"}],"wp:featuredmedia":[{"embeddable":true,"href":"https:\/\/balkangreenenergynews.com\/rs\/wp-json\/wp\/v2\/media\/25747"}],"wp:attachment":[{"href":"https:\/\/balkangreenenergynews.com\/rs\/wp-json\/wp\/v2\/media?parent=25742"}],"wp:term":[{"taxonomy":"category","embeddable":true,"href":"https:\/\/balkangreenenergynews.com\/rs\/wp-json\/wp\/v2\/categories?post=25742"},{"taxonomy":"post_tag","embeddable":true,"href":"https:\/\/balkangreenenergynews.com\/rs\/wp-json\/wp\/v2\/tags?post=25742"}],"curies":[{"name":"wp","href":"https:\/\/api.w.org\/{rel}","templated":true}]}}