{"id":25703,"date":"2019-09-23T15:57:58","date_gmt":"2019-09-23T13:57:58","guid":{"rendered":"https:\/\/balkangreenenergynews.com\/rs\/?p=25703"},"modified":"2020-05-20T17:31:00","modified_gmt":"2020-05-20T15:31:00","slug":"na-izlozbi-ekospektar-predstavljeni-pobednici-konkursa-priroda-bez-cenzure","status":"publish","type":"post","link":"https:\/\/balkangreenenergynews.com\/rs\/na-izlozbi-ekospektar-predstavljeni-pobednici-konkursa-priroda-bez-cenzure\/","title":{"rendered":"Na izlo\u017ebi EkoSPEKTAR predstavljeni pobednici konkursa Priroda bez cenzure"},"content":{"rendered":"<h2>Ekolo\u0161ko udru\u017eenje ImpactEco je povodom godinu dana postojanja organizovalo izlo\u017ebu EkoSPEKTAR, koja je 19. septembra odr\u017eana u operi i teatru Madlenianum. Na izlo\u017ebi su predstavljeni pobednici konkursa Priroda bez cenzure.<\/h2>\n<p>Na izlo\u017ebi <strong>EkoSPEKTAR <\/strong>predstavljeno je dvadeset najboljih radova fotografa iz Srbije, koji su posvedo\u010dili o postojanju dva spektra \u2013 \u201ejednog, koji nastaje kao posledica negativnog uticaja \u010doveka na \u017eivotnu sredinu i drugog, koji prikazuje lepote na\u0161e zemlje koje treba o\u010duvati za budu\u0107e nara\u0161taje\u201c, saop\u0161tio je organizator.<\/p>\n<p>Fotografije koje isti\u010du lepotu prirode bile su izra\u0111ene u boji, dok su one uzmemiruju\u0107e bile\u00a0crno-bele kako bi se postigao ve\u0107i kontrast izme\u0111u dva vida opho\u0111enja prema prirodi.<\/p>\n<figure id=\"attachment_30730\" aria-describedby=\"caption-attachment-30730\" style=\"width: 1024px\" class=\"wp-caption aligncenter\"><img loading=\"lazy\" decoding=\"async\" class=\"wp-image-30730 size-full\" src=\"https:\/\/balkangreenenergynews.com\/rs\/wp-content\/uploads\/2019\/09\/izlozba-ekospektar-konkurs.jpg\" alt=\"\" width=\"1024\" height=\"524\" srcset=\"https:\/\/balkangreenenergynews.com\/rs\/wp-content\/uploads\/2019\/09\/izlozba-ekospektar-konkurs.jpg 1024w, https:\/\/balkangreenenergynews.com\/rs\/wp-content\/uploads\/2019\/09\/izlozba-ekospektar-konkurs-500x256.jpg 500w, https:\/\/balkangreenenergynews.com\/rs\/wp-content\/uploads\/2019\/09\/izlozba-ekospektar-konkurs-840x430.jpg 840w, https:\/\/balkangreenenergynews.com\/rs\/wp-content\/uploads\/2019\/09\/izlozba-ekospektar-konkurs-768x393.jpg 768w, https:\/\/balkangreenenergynews.com\/rs\/wp-content\/uploads\/2019\/09\/izlozba-ekospektar-konkurs-300x154.jpg 300w\" sizes=\"auto, (max-width: 1024px) 100vw, 1024px\" \/><figcaption id=\"caption-attachment-30730\" class=\"wp-caption-text\">Foto: ImpactEco<\/figcaption><\/figure>\n<p>Udru\u017eenje ImpactEco je na izlo\u017ebi predstavilo pobednike foto-konkursa <a href=\"https:\/\/balkangreenenergynews.com\/rs\/posaljite-svoje-radove-na-foto-konkurs-priroda-bez-cenzure\/\">Priroda bez cenzure<\/a> i nagradilo ih poklon paketom partnera Cegerina. <strong>Autori dve najbolje fotografije<\/strong> su <strong>Maja Vujo\u0161evi\u0107<\/strong>, koja je predstavila negativan \u010dovekov uticaj na okru\u017eenje, i <strong>Vladimir Ga\u0161i\u0107<\/strong>, koji je prikazao prirodne lepote Srbije, navodi se u saop\u0161tenju.<\/p>\n<p>\u201cSvi na\u0161i projekti osmi\u0161ljeni su sa tendencijom aktiviranja zajednice u pravcu ostvarenja Ciljeva odr\u017eivog razvoja, koje su formulisale Ujedinjene nacije. Na\u0161a trogodi\u0161nja vizija obuhvata edukaciju vi\u0161e od 50 hiljada mladih i 10 hiljada starijih osoba u Srbiji o zna\u010daju ekologije, kao i okupljanje 5 hiljada gra\u0111ana u 50 akcija \u010di\u0161\u0107enja \u0161irom Srbije\u201d, rekao je Vu\u010deta Obradovi\u0107, osniva\u010d i predsednik udru\u017eenja.<\/p>\n<p>Obradovi\u0107 se zahvalio prijateljima projekta EkoSPEKTAR, a to su: \u0106ao \u0160e\u0107eru, Premier \u010dokolada, Kabinet brewery pivara, \u0110umbir Superfood Bar, vinarija Virtus, Konsberry d\u017eemovi, BioVita, Coca-Cola Hellenic, Fill papirne slam\u010dice, dr Wolfin, Cegerina i udru\u017eenje \u017divimo zajedno.<\/p>\n","protected":false},"excerpt":{"rendered":"<p>Ekolo\u0161ko udru\u017eenje ImpactEco je povodom godinu dana postojanja organizovalo izlo\u017ebu EkoSPEKTAR, koja je 19. septembra&#8230;<\/p>\n","protected":false},"author":25,"featured_media":30731,"comment_status":"open","ping_status":"closed","sticky":false,"template":"","format":"standard","meta":{"_acf_changed":false,"_monsterinsights_skip_tracking":false,"_monsterinsights_sitenote_active":false,"_monsterinsights_sitenote_note":"","_monsterinsights_sitenote_category":0,"footnotes":""},"categories":[4],"tags":[757],"class_list":["post-25703","post","type-post","status-publish","format-standard","has-post-thumbnail","hentry","category-zivotna-sredina","tag-konkurs","country-srbija"],"acf":[],"yoast_head":"<!-- This site is optimized with the Yoast SEO plugin v27.4 - https:\/\/yoast.com\/product\/yoast-seo-wordpress\/ -->\n<title>Na izlo\u017ebi EkoSPEKTAR predstavljeni pobednici konkursa Priroda bez cenzure<\/title>\n<meta name=\"description\" content=\"Ekolo\u0161ko udru\u017eenje ImpactEco je organizovalo izlo\u017ebu EkoSPEKTAR, na kojoj su predstavljeni pobednici konkursa Priroda bez cenzure.\" \/>\n<meta name=\"robots\" content=\"index, follow, max-snippet:-1, max-image-preview:large, max-video-preview:-1\" \/>\n<link rel=\"canonical\" href=\"https:\/\/balkangreenenergynews.com\/rs\/na-izlozbi-ekospektar-predstavljeni-pobednici-konkursa-priroda-bez-cenzure\/\" \/>\n<meta property=\"og:locale\" content=\"sr_RS\" \/>\n<meta property=\"og:type\" content=\"article\" \/>\n<meta property=\"og:title\" content=\"Na izlo\u017ebi EkoSPEKTAR predstavljeni pobednici konkursa Priroda bez cenzure\" \/>\n<meta property=\"og:description\" content=\"Ekolo\u0161ko udru\u017eenje ImpactEco je organizovalo izlo\u017ebu EkoSPEKTAR, na kojoj su predstavljeni pobednici konkursa Priroda bez cenzure.\" \/>\n<meta property=\"og:url\" content=\"https:\/\/balkangreenenergynews.com\/rs\/na-izlozbi-ekospektar-predstavljeni-pobednici-konkursa-priroda-bez-cenzure\/\" \/>\n<meta property=\"og:site_name\" content=\"Balkan Green Energy News\" \/>\n<meta property=\"article:published_time\" content=\"2019-09-23T13:57:58+00:00\" \/>\n<meta property=\"article:modified_time\" content=\"2020-05-20T15:31:00+00:00\" \/>\n<meta property=\"og:image\" content=\"https:\/\/balkangreenenergynews.com\/rs\/wp-content\/uploads\/2019\/09\/izlozba-ekospektar-konkurs-pobednici.jpg\" \/>\n\t<meta property=\"og:image:width\" content=\"1024\" \/>\n\t<meta property=\"og:image:height\" content=\"524\" \/>\n\t<meta property=\"og:image:type\" content=\"image\/jpeg\" \/>\n<meta name=\"author\" content=\"Balkan Green Energy News\" \/>\n<meta name=\"twitter:card\" content=\"summary_large_image\" \/>\n<meta name=\"twitter:label1\" content=\"\u041d\u0430\u043f\u0438\u0441\u0430\u043d\u043e \u043e\u0434\" \/>\n\t<meta name=\"twitter:data1\" content=\"Balkan Green Energy News\" \/>\n\t<meta name=\"twitter:label2\" content=\"\u041f\u0440\u043e\u0446\u0435\u045a\u0435\u043d\u043e \u0432\u0440\u0435\u043c\u0435 \u0447\u0438\u0442\u0430\u045a\u0430\" \/>\n\t<meta name=\"twitter:data2\" content=\"1 \u043c\u0438\u043d\u0443\u0442\" \/>\n<script type=\"application\/ld+json\" class=\"yoast-schema-graph\">{\"@context\":\"https:\\\/\\\/schema.org\",\"@graph\":[{\"@type\":\"Article\",\"@id\":\"https:\\\/\\\/balkangreenenergynews.com\\\/rs\\\/na-izlozbi-ekospektar-predstavljeni-pobednici-konkursa-priroda-bez-cenzure\\\/#article\",\"isPartOf\":{\"@id\":\"https:\\\/\\\/balkangreenenergynews.com\\\/rs\\\/na-izlozbi-ekospektar-predstavljeni-pobednici-konkursa-priroda-bez-cenzure\\\/\"},\"author\":{\"name\":\"Balkan Green Energy News\",\"@id\":\"https:\\\/\\\/balkangreenenergynews.com\\\/rs\\\/#\\\/schema\\\/person\\\/dee275e6036b1a0f7ceaf956d79d4eff\"},\"headline\":\"Na izlo\u017ebi EkoSPEKTAR predstavljeni pobednici konkursa Priroda bez cenzure\",\"datePublished\":\"2019-09-23T13:57:58+00:00\",\"dateModified\":\"2020-05-20T15:31:00+00:00\",\"mainEntityOfPage\":{\"@id\":\"https:\\\/\\\/balkangreenenergynews.com\\\/rs\\\/na-izlozbi-ekospektar-predstavljeni-pobednici-konkursa-priroda-bez-cenzure\\\/\"},\"wordCount\":298,\"commentCount\":0,\"image\":{\"@id\":\"https:\\\/\\\/balkangreenenergynews.com\\\/rs\\\/na-izlozbi-ekospektar-predstavljeni-pobednici-konkursa-priroda-bez-cenzure\\\/#primaryimage\"},\"thumbnailUrl\":\"https:\\\/\\\/balkangreenenergynews.com\\\/rs\\\/wp-content\\\/uploads\\\/2019\\\/09\\\/izlozba-ekospektar-konkurs-pobednici.jpg?wsr\",\"keywords\":[\"konkurs\"],\"articleSection\":[\"\u017divotna sredina\"],\"inLanguage\":\"sr-RS\",\"potentialAction\":[{\"@type\":\"CommentAction\",\"name\":\"Comment\",\"target\":[\"https:\\\/\\\/balkangreenenergynews.com\\\/rs\\\/na-izlozbi-ekospektar-predstavljeni-pobednici-konkursa-priroda-bez-cenzure\\\/#respond\"]}]},{\"@type\":\"WebPage\",\"@id\":\"https:\\\/\\\/balkangreenenergynews.com\\\/rs\\\/na-izlozbi-ekospektar-predstavljeni-pobednici-konkursa-priroda-bez-cenzure\\\/\",\"url\":\"https:\\\/\\\/balkangreenenergynews.com\\\/rs\\\/na-izlozbi-ekospektar-predstavljeni-pobednici-konkursa-priroda-bez-cenzure\\\/\",\"name\":\"Na izlo\u017ebi EkoSPEKTAR predstavljeni pobednici konkursa Priroda bez cenzure\",\"isPartOf\":{\"@id\":\"https:\\\/\\\/balkangreenenergynews.com\\\/rs\\\/#website\"},\"primaryImageOfPage\":{\"@id\":\"https:\\\/\\\/balkangreenenergynews.com\\\/rs\\\/na-izlozbi-ekospektar-predstavljeni-pobednici-konkursa-priroda-bez-cenzure\\\/#primaryimage\"},\"image\":{\"@id\":\"https:\\\/\\\/balkangreenenergynews.com\\\/rs\\\/na-izlozbi-ekospektar-predstavljeni-pobednici-konkursa-priroda-bez-cenzure\\\/#primaryimage\"},\"thumbnailUrl\":\"https:\\\/\\\/balkangreenenergynews.com\\\/rs\\\/wp-content\\\/uploads\\\/2019\\\/09\\\/izlozba-ekospektar-konkurs-pobednici.jpg?wsr\",\"datePublished\":\"2019-09-23T13:57:58+00:00\",\"dateModified\":\"2020-05-20T15:31:00+00:00\",\"author\":{\"@id\":\"https:\\\/\\\/balkangreenenergynews.com\\\/rs\\\/#\\\/schema\\\/person\\\/dee275e6036b1a0f7ceaf956d79d4eff\"},\"description\":\"Ekolo\u0161ko udru\u017eenje ImpactEco je organizovalo izlo\u017ebu EkoSPEKTAR, na kojoj su predstavljeni pobednici konkursa Priroda bez cenzure.\",\"breadcrumb\":{\"@id\":\"https:\\\/\\\/balkangreenenergynews.com\\\/rs\\\/na-izlozbi-ekospektar-predstavljeni-pobednici-konkursa-priroda-bez-cenzure\\\/#breadcrumb\"},\"inLanguage\":\"sr-RS\",\"potentialAction\":[{\"@type\":\"ReadAction\",\"target\":[\"https:\\\/\\\/balkangreenenergynews.com\\\/rs\\\/na-izlozbi-ekospektar-predstavljeni-pobednici-konkursa-priroda-bez-cenzure\\\/\"]}]},{\"@type\":\"ImageObject\",\"inLanguage\":\"sr-RS\",\"@id\":\"https:\\\/\\\/balkangreenenergynews.com\\\/rs\\\/na-izlozbi-ekospektar-predstavljeni-pobednici-konkursa-priroda-bez-cenzure\\\/#primaryimage\",\"url\":\"https:\\\/\\\/balkangreenenergynews.com\\\/rs\\\/wp-content\\\/uploads\\\/2019\\\/09\\\/izlozba-ekospektar-konkurs-pobednici.jpg?wsr\",\"contentUrl\":\"https:\\\/\\\/balkangreenenergynews.com\\\/rs\\\/wp-content\\\/uploads\\\/2019\\\/09\\\/izlozba-ekospektar-konkurs-pobednici.jpg?wsr\",\"width\":1024,\"height\":524,\"caption\":\"izlozba-ekospektar-konkurs-pobednici\"},{\"@type\":\"BreadcrumbList\",\"@id\":\"https:\\\/\\\/balkangreenenergynews.com\\\/rs\\\/na-izlozbi-ekospektar-predstavljeni-pobednici-konkursa-priroda-bez-cenzure\\\/#breadcrumb\",\"itemListElement\":[{\"@type\":\"ListItem\",\"position\":1,\"name\":\"Po\u010detna\",\"item\":\"https:\\\/\\\/balkangreenenergynews.com\\\/rs\\\/\"},{\"@type\":\"ListItem\",\"position\":2,\"name\":\"Vesti\",\"item\":\"https:\\\/\\\/balkangreenenergynews.com\\\/rs\\\/kategorija\\\/vesti\\\/\"},{\"@type\":\"ListItem\",\"position\":3,\"name\":\"\u017divotna sredina\",\"item\":\"https:\\\/\\\/balkangreenenergynews.com\\\/rs\\\/kategorija\\\/vesti\\\/zivotna-sredina\\\/\"},{\"@type\":\"ListItem\",\"position\":4,\"name\":\"Na izlo\u017ebi EkoSPEKTAR predstavljeni pobednici konkursa Priroda bez cenzure\"}]},{\"@type\":\"WebSite\",\"@id\":\"https:\\\/\\\/balkangreenenergynews.com\\\/rs\\\/#website\",\"url\":\"https:\\\/\\\/balkangreenenergynews.com\\\/rs\\\/\",\"name\":\"Balkan Green Energy News\",\"description\":\"Naj\u0161iri izbor vesti sa Balkana o zelenoj energiji\",\"potentialAction\":[{\"@type\":\"SearchAction\",\"target\":{\"@type\":\"EntryPoint\",\"urlTemplate\":\"https:\\\/\\\/balkangreenenergynews.com\\\/rs\\\/?s={search_term_string}\"},\"query-input\":{\"@type\":\"PropertyValueSpecification\",\"valueRequired\":true,\"valueName\":\"search_term_string\"}}],\"inLanguage\":\"sr-RS\"},{\"@type\":\"Person\",\"@id\":\"https:\\\/\\\/balkangreenenergynews.com\\\/rs\\\/#\\\/schema\\\/person\\\/dee275e6036b1a0f7ceaf956d79d4eff\",\"name\":\"Balkan Green Energy News\",\"url\":\"https:\\\/\\\/balkangreenenergynews.com\\\/rs\\\/author\\\/balkangreenenergynews\\\/\"}]}<\/script>\n<!-- \/ Yoast SEO plugin. -->","yoast_head_json":{"title":"Na izlo\u017ebi EkoSPEKTAR predstavljeni pobednici konkursa Priroda bez cenzure","description":"Ekolo\u0161ko udru\u017eenje ImpactEco je organizovalo izlo\u017ebu EkoSPEKTAR, na kojoj su predstavljeni pobednici konkursa Priroda bez cenzure.","robots":{"index":"index","follow":"follow","max-snippet":"max-snippet:-1","max-image-preview":"max-image-preview:large","max-video-preview":"max-video-preview:-1"},"canonical":"https:\/\/balkangreenenergynews.com\/rs\/na-izlozbi-ekospektar-predstavljeni-pobednici-konkursa-priroda-bez-cenzure\/","og_locale":"sr_RS","og_type":"article","og_title":"Na izlo\u017ebi EkoSPEKTAR predstavljeni pobednici konkursa Priroda bez cenzure","og_description":"Ekolo\u0161ko udru\u017eenje ImpactEco je organizovalo izlo\u017ebu EkoSPEKTAR, na kojoj su predstavljeni pobednici konkursa Priroda bez cenzure.","og_url":"https:\/\/balkangreenenergynews.com\/rs\/na-izlozbi-ekospektar-predstavljeni-pobednici-konkursa-priroda-bez-cenzure\/","og_site_name":"Balkan Green Energy News","article_published_time":"2019-09-23T13:57:58+00:00","article_modified_time":"2020-05-20T15:31:00+00:00","og_image":[{"width":1024,"height":524,"url":"https:\/\/balkangreenenergynews.com\/rs\/wp-content\/uploads\/2019\/09\/izlozba-ekospektar-konkurs-pobednici.jpg","type":"image\/jpeg"}],"author":"Balkan Green Energy News","twitter_card":"summary_large_image","twitter_misc":{"\u041d\u0430\u043f\u0438\u0441\u0430\u043d\u043e \u043e\u0434":"Balkan Green Energy News","\u041f\u0440\u043e\u0446\u0435\u045a\u0435\u043d\u043e \u0432\u0440\u0435\u043c\u0435 \u0447\u0438\u0442\u0430\u045a\u0430":"1 \u043c\u0438\u043d\u0443\u0442"},"schema":{"@context":"https:\/\/schema.org","@graph":[{"@type":"Article","@id":"https:\/\/balkangreenenergynews.com\/rs\/na-izlozbi-ekospektar-predstavljeni-pobednici-konkursa-priroda-bez-cenzure\/#article","isPartOf":{"@id":"https:\/\/balkangreenenergynews.com\/rs\/na-izlozbi-ekospektar-predstavljeni-pobednici-konkursa-priroda-bez-cenzure\/"},"author":{"name":"Balkan Green Energy News","@id":"https:\/\/balkangreenenergynews.com\/rs\/#\/schema\/person\/dee275e6036b1a0f7ceaf956d79d4eff"},"headline":"Na izlo\u017ebi EkoSPEKTAR predstavljeni pobednici konkursa Priroda bez cenzure","datePublished":"2019-09-23T13:57:58+00:00","dateModified":"2020-05-20T15:31:00+00:00","mainEntityOfPage":{"@id":"https:\/\/balkangreenenergynews.com\/rs\/na-izlozbi-ekospektar-predstavljeni-pobednici-konkursa-priroda-bez-cenzure\/"},"wordCount":298,"commentCount":0,"image":{"@id":"https:\/\/balkangreenenergynews.com\/rs\/na-izlozbi-ekospektar-predstavljeni-pobednici-konkursa-priroda-bez-cenzure\/#primaryimage"},"thumbnailUrl":"https:\/\/balkangreenenergynews.com\/rs\/wp-content\/uploads\/2019\/09\/izlozba-ekospektar-konkurs-pobednici.jpg?wsr","keywords":["konkurs"],"articleSection":["\u017divotna sredina"],"inLanguage":"sr-RS","potentialAction":[{"@type":"CommentAction","name":"Comment","target":["https:\/\/balkangreenenergynews.com\/rs\/na-izlozbi-ekospektar-predstavljeni-pobednici-konkursa-priroda-bez-cenzure\/#respond"]}]},{"@type":"WebPage","@id":"https:\/\/balkangreenenergynews.com\/rs\/na-izlozbi-ekospektar-predstavljeni-pobednici-konkursa-priroda-bez-cenzure\/","url":"https:\/\/balkangreenenergynews.com\/rs\/na-izlozbi-ekospektar-predstavljeni-pobednici-konkursa-priroda-bez-cenzure\/","name":"Na izlo\u017ebi EkoSPEKTAR predstavljeni pobednici konkursa Priroda bez cenzure","isPartOf":{"@id":"https:\/\/balkangreenenergynews.com\/rs\/#website"},"primaryImageOfPage":{"@id":"https:\/\/balkangreenenergynews.com\/rs\/na-izlozbi-ekospektar-predstavljeni-pobednici-konkursa-priroda-bez-cenzure\/#primaryimage"},"image":{"@id":"https:\/\/balkangreenenergynews.com\/rs\/na-izlozbi-ekospektar-predstavljeni-pobednici-konkursa-priroda-bez-cenzure\/#primaryimage"},"thumbnailUrl":"https:\/\/balkangreenenergynews.com\/rs\/wp-content\/uploads\/2019\/09\/izlozba-ekospektar-konkurs-pobednici.jpg?wsr","datePublished":"2019-09-23T13:57:58+00:00","dateModified":"2020-05-20T15:31:00+00:00","author":{"@id":"https:\/\/balkangreenenergynews.com\/rs\/#\/schema\/person\/dee275e6036b1a0f7ceaf956d79d4eff"},"description":"Ekolo\u0161ko udru\u017eenje ImpactEco je organizovalo izlo\u017ebu EkoSPEKTAR, na kojoj su predstavljeni pobednici konkursa Priroda bez cenzure.","breadcrumb":{"@id":"https:\/\/balkangreenenergynews.com\/rs\/na-izlozbi-ekospektar-predstavljeni-pobednici-konkursa-priroda-bez-cenzure\/#breadcrumb"},"inLanguage":"sr-RS","potentialAction":[{"@type":"ReadAction","target":["https:\/\/balkangreenenergynews.com\/rs\/na-izlozbi-ekospektar-predstavljeni-pobednici-konkursa-priroda-bez-cenzure\/"]}]},{"@type":"ImageObject","inLanguage":"sr-RS","@id":"https:\/\/balkangreenenergynews.com\/rs\/na-izlozbi-ekospektar-predstavljeni-pobednici-konkursa-priroda-bez-cenzure\/#primaryimage","url":"https:\/\/balkangreenenergynews.com\/rs\/wp-content\/uploads\/2019\/09\/izlozba-ekospektar-konkurs-pobednici.jpg?wsr","contentUrl":"https:\/\/balkangreenenergynews.com\/rs\/wp-content\/uploads\/2019\/09\/izlozba-ekospektar-konkurs-pobednici.jpg?wsr","width":1024,"height":524,"caption":"izlozba-ekospektar-konkurs-pobednici"},{"@type":"BreadcrumbList","@id":"https:\/\/balkangreenenergynews.com\/rs\/na-izlozbi-ekospektar-predstavljeni-pobednici-konkursa-priroda-bez-cenzure\/#breadcrumb","itemListElement":[{"@type":"ListItem","position":1,"name":"Po\u010detna","item":"https:\/\/balkangreenenergynews.com\/rs\/"},{"@type":"ListItem","position":2,"name":"Vesti","item":"https:\/\/balkangreenenergynews.com\/rs\/kategorija\/vesti\/"},{"@type":"ListItem","position":3,"name":"\u017divotna sredina","item":"https:\/\/balkangreenenergynews.com\/rs\/kategorija\/vesti\/zivotna-sredina\/"},{"@type":"ListItem","position":4,"name":"Na izlo\u017ebi EkoSPEKTAR predstavljeni pobednici konkursa Priroda bez cenzure"}]},{"@type":"WebSite","@id":"https:\/\/balkangreenenergynews.com\/rs\/#website","url":"https:\/\/balkangreenenergynews.com\/rs\/","name":"Balkan Green Energy News","description":"Naj\u0161iri izbor vesti sa Balkana o zelenoj energiji","potentialAction":[{"@type":"SearchAction","target":{"@type":"EntryPoint","urlTemplate":"https:\/\/balkangreenenergynews.com\/rs\/?s={search_term_string}"},"query-input":{"@type":"PropertyValueSpecification","valueRequired":true,"valueName":"search_term_string"}}],"inLanguage":"sr-RS"},{"@type":"Person","@id":"https:\/\/balkangreenenergynews.com\/rs\/#\/schema\/person\/dee275e6036b1a0f7ceaf956d79d4eff","name":"Balkan Green Energy News","url":"https:\/\/balkangreenenergynews.com\/rs\/author\/balkangreenenergynews\/"}]}},"_links":{"self":[{"href":"https:\/\/balkangreenenergynews.com\/rs\/wp-json\/wp\/v2\/posts\/25703","targetHints":{"allow":["GET"]}}],"collection":[{"href":"https:\/\/balkangreenenergynews.com\/rs\/wp-json\/wp\/v2\/posts"}],"about":[{"href":"https:\/\/balkangreenenergynews.com\/rs\/wp-json\/wp\/v2\/types\/post"}],"author":[{"embeddable":true,"href":"https:\/\/balkangreenenergynews.com\/rs\/wp-json\/wp\/v2\/users\/25"}],"replies":[{"embeddable":true,"href":"https:\/\/balkangreenenergynews.com\/rs\/wp-json\/wp\/v2\/comments?post=25703"}],"version-history":[{"count":0,"href":"https:\/\/balkangreenenergynews.com\/rs\/wp-json\/wp\/v2\/posts\/25703\/revisions"}],"wp:featuredmedia":[{"embeddable":true,"href":"https:\/\/balkangreenenergynews.com\/rs\/wp-json\/wp\/v2\/media\/30731"}],"wp:attachment":[{"href":"https:\/\/balkangreenenergynews.com\/rs\/wp-json\/wp\/v2\/media?parent=25703"}],"wp:term":[{"taxonomy":"category","embeddable":true,"href":"https:\/\/balkangreenenergynews.com\/rs\/wp-json\/wp\/v2\/categories?post=25703"},{"taxonomy":"post_tag","embeddable":true,"href":"https:\/\/balkangreenenergynews.com\/rs\/wp-json\/wp\/v2\/tags?post=25703"}],"curies":[{"name":"wp","href":"https:\/\/api.w.org\/{rel}","templated":true}]}}