{"id":25640,"date":"2019-09-19T16:26:01","date_gmt":"2019-09-19T14:26:01","guid":{"rendered":"https:\/\/balkangreenenergynews.com\/rs\/?p=25640"},"modified":"2020-10-29T22:11:06","modified_gmt":"2020-10-29T21:11:06","slug":"regionalna-saradnja-kljucna-za-implementaciju-globalnog-okvira-za-biodiverzitet-nakon-2020","status":"publish","type":"post","link":"https:\/\/balkangreenenergynews.com\/rs\/regionalna-saradnja-kljucna-za-implementaciju-globalnog-okvira-za-biodiverzitet-nakon-2020\/","title":{"rendered":"Regionalna saradnja klju\u010dna za implementaciju globalnog okvira za biodiverzitet nakon 2020."},"content":{"rendered":"<h2>U toku je rad na pripremi globalnog okvira za biodiverzitet za period nakon 2020. godine, \u010dije se usvajanje o\u010dekuje slede\u0107e godine, a Radna grupa za biodiverzitet (BD TF), koja u ovom procesu predstavlja regionalnu perspektivu jugoisto\u010dne Evrope (JIE), dostavila je zajedni\u010dki stav da je regionalna saradnja klju\u010dan preduslov za implementaciju novog okvira nakon 2020. godine.<\/h2>\n<p>BD TF, regionalno tehni\u010dko i savetodavno telo Regionalne radne grupe za \u017eivotnu sredinu Regionalnog saveta za saradnju (RCC), doprinela je prvom sastanku Otvorene radne grupe za okvir biodiverziteta posle 2020. godine Konvencije o biolo\u0161koj raznovrsnosti, odr\u017eanom krajem avgusta u Najrobiju, Kenija, kao i procesu usvajanja okvira za period nakon 2020. godine \u2013 dokumentom koji iznosi zajedni\u010dki stav zainteresovanih strana koji proizilazi iz regionalnog iskustva.<\/p>\n<p>GIZ Otvoreni regionalni fond za Jugoisto\u010dnu Evropu \u2013 Sprovo\u0111enje sporazuma o biodiverzitetu (ORF-BDU), podr\u017eava napore Radne grupe za biodiverzitet (BD TF) i njenog Sekretarijata \u2013 Regionalne kancelarije za isto\u010dnu Evropu i centralnu Aziju Me\u0111unarodne unije za za\u0161titu prirode (IUCN ECARO), sa ciljem formalne integracije prekograni\u010dne i regionalne saradnje u okvir za biodiverzitet nakon 2020. godine, obja\u0161njava Kristina Kujund\u017ei\u0107, vi\u0161a projektna menad\u017eerka GIZ ORF-BDU.<\/p>\n<p>Iskustvo jugoisto\u010dne Evrope ste\u010deno kroz rad Radne grupe za biodiverzitet, a koje je prisutno i u drugim regionima sveta, je da regionalna saradnja predstavlja ne\u0161to vi\u0161e od zbira njenih sastavnih delova. Regionalna saradnja mo\u017ee zna\u010dajno da uve\u0107a primenu dobre prakse i\/ili ima pozitivan uticaj na nacionalne procese, \u010dime stvara dodatnu vrednost za globalne procese i obrnuto \u2013 preno\u0161enjem globalnih i regionalnih pristupa doprinosi ja\u010danju nacionalnih procesa.<\/p>\n<h3><span style=\"\">Globalni poziv za usvajanje ambicioznog okvira za period posle 2020.<\/span><\/h3>\n<p>Jelena Du\u010di\u0107, \u010dlanica BD TF i nacionalna kontakt osoba za Konvenciju o biolo\u0161koj raznovrsnosti u Republici Srbiji, koja je prisustvovala sastanku u Najrobiju, ka\u017ee da jo\u0161 uvek nije postavljena jasna struktura globalnog okvira za biodiverzitet za period nakon 2020. godine, ali da napreduju diskusije globalne zajednice u okviru regionalnih konsultacija, tematskih radionica, kao i prvog sastanka Otvorene radne grupe za okvir biodiverziteta. Dobra osnova za budu\u0107u strukturu i mogu\u0107e elemente novog globalnog strate\u0161kog plana je svakako na pomolu.<\/p>\n<p>Globalna zajednica je zauzela op\u0161ti stav da okvir za period posle 2020. treba da bude ambiciozan i da podr\u017ei transformativne promene koje su potrebne za postizanje Vizije za biodiverzitet do 2050. godine.<\/p>\n<p>U\u010desnici sastanka, uklju\u010duju\u0107i zemlje \u010dlanice Konvencije, \u00a0druge vlade i posmatra\u010di, izneli su klju\u010dne poruke sa odr\u017eanih konsultacija, me\u0111u kojima su slede\u0107e:<\/p>\n<ul>\n<li>Novi okvir treba da bude lak za komunikaciju, jasno povezan sa globalnom vizijom \u201e\u017diveti u skladu sa prirodom\u201c (<em>Living in harmony with nature<\/em>),<\/li>\n<li>Ciljevi i indikatori treba da su specifi\u010dni, merljivi, dosti\u017eni u odre\u0111enom vremenskom opsegu, irealni,<\/li>\n<li>Potrebno je integrisati sinergije sa drugim konvencijama,<\/li>\n<li>Neophodna je jasna povezanost biodiverziteta i klimatskih promena i<\/li>\n<li>Nadasve potrebno je osigurati sredstva za implementaciju novog okvira.<\/li>\n<\/ul>\n<p>U\u010desnici su naglasili i da vizija do 2050 treba jasno da pove\u017ee tri cilja Konvencije i \u010detiri elementa globalne vizije: <strong>vrednovanje, za\u0161titu, obnavljanje<\/strong> i <strong>odr\u017eivo kori\u0161\u0107enje biodiverziteta.<\/strong><\/p>\n<p>Potencijalni elementi okvira o kojima se diskutovalo na sastanku u Najrobiju grupisani su u \u010detiri klastera: <strong>Klaster 1<\/strong> &#8211; Elementi orijentisani na rezultate (vizija, misija, ciljevi) novog okvira za biodiverzitet posle 2020. godine, <strong>Klaster 2<\/strong> &#8211; uslovi i sredstva za sprovo\u0111enje globalnog okvira biodiverziteta nakon 2020. godine, <strong>Klaster 3<\/strong> &#8211; na\u010dini planiranja i odgovornosti (pra\u0107enje, izve\u0161tavanje, pregled) i <strong>Klaster 4<\/strong> &#8211; unakrsne teme i pitanja (<em>cross-cutting issues<\/em>).<\/p>\n<p>Procesi koji su u toku pru\u017eaju jedinstvenu priliku za formalnu integraciju regionalne saradnje u okvir za period nakon 2020. godine, a BD TF je dala preporuke za premo\u0161\u0107avanje jaza izme\u0111u sprovo\u0111enja nacionalnih i globalnih strategija kroz regionalnu perspektivu zasnovanu na iskustvima u Jugoisto\u010dnoj Evropi i uspostavljene mehanizme za regionalnu saradnju, poput BD TF.<\/p>\n<h3><span style=\"\">Potrebno vi\u0161e informacija o ekosistemskim uslugama, ja\u010danje sinergija sa klimatskim promenama<\/span><\/h3>\n<p><strong>\u00a0<\/strong>Teme na koje je BD TF tako\u0111e ukazala uklju\u010duju:<\/p>\n<ul>\n<li>Potreba za vi\u0161e informacija o biodiverzitetu i ekosistemskim uslugama (efektivan monitoring i izve\u0161tavanje o trendovima i integracija ekosistemskih usluga u nacionalne razvojne planove),<\/li>\n<li>Va\u017enost identifikovanja i promocije sinergija izme\u0111u biodiverziteta, klimatskih promena i odr\u017eivog razvoja na svim nivoima, pri \u010demu se \u010dlanice pozivaju da ulo\u017ee napore da predla\u017eu nacionalne obaveze u skladu sa Konvencijom uzimaju\u0107i u obzir njen doprinos drugim multilateralnim sporazumima o \u017eivotnoj sredini i obrnuto, i<\/li>\n<li>Va\u017enost diverzifikacije izvora finansiranja za o\u010duvanja biodiverziteta, uklju\u010duju\u0107i fiskalne podsticaje, tr\u017ei\u0161ne mehanizme i pla\u0107anja za ekosistemske usluge, kao i finansiranje za\u0161tite i o\u010duvanja biodiverziteta od strane privatnog sektora.<\/li>\n<\/ul>\n","protected":false},"excerpt":{"rendered":"<p>U toku je rad na pripremi globalnog okvira za biodiverzitet za period nakon 2020. godine,&#8230;<\/p>\n","protected":false},"author":25,"featured_media":30804,"comment_status":"open","ping_status":"closed","sticky":false,"template":"","format":"standard","meta":{"_acf_changed":false,"_monsterinsights_skip_tracking":false,"_monsterinsights_sitenote_active":false,"_monsterinsights_sitenote_note":"","_monsterinsights_sitenote_category":0,"footnotes":""},"categories":[5253],"tags":[1739,4300,5258,766,5195],"class_list":["post-25640","post","type-post","status-publish","format-standard","has-post-thumbnail","hentry","category-biodiverzitet","tag-biodiverzitet","tag-ekosistemske-usluge","tag-giz-orf-bdu","tag-klimatske-promene","tag-konvencija-o-biodiverzitetu","country-svet"],"acf":[],"yoast_head":"<!-- This site is optimized with the Yoast SEO plugin v27.4 - https:\/\/yoast.com\/product\/yoast-seo-wordpress\/ -->\n<title>Regionalna saradnja klju\u010dna za implementaciju globalnog okvira za biodiverzitet nakon 2020.<\/title>\n<meta name=\"description\" content=\"GIZ Otvoreni regionalni fond za Jugoisto\u010dnu Evropu \u2013 Sprovo\u0111enje sporazuma o biodiverzitetu (ORF-BDU), podr\u017eava napore Radne grupe za biodiverzitet (BD TF) i njenog Sekretarijata \u2013 Regionalne kancelarije za isto\u010dnu Evropu i centralnu Aziju Me\u0111unarodne unije za za\u0161titu prirode (IUCN ECARO), sa ciljem formalne integracije prekograni\u010dne i regionalne saradnje u okvir za biodiverzitet nakon 2020. godine.\" \/>\n<meta name=\"robots\" content=\"index, follow, max-snippet:-1, max-image-preview:large, max-video-preview:-1\" \/>\n<link rel=\"canonical\" href=\"https:\/\/balkangreenenergynews.com\/rs\/regionalna-saradnja-kljucna-za-implementaciju-globalnog-okvira-za-biodiverzitet-nakon-2020\/\" \/>\n<meta property=\"og:locale\" content=\"sr_RS\" \/>\n<meta property=\"og:type\" content=\"article\" \/>\n<meta property=\"og:title\" content=\"Regionalna saradnja klju\u010dna za implementaciju globalnog okvira za biodiverzitet nakon 2020.\" \/>\n<meta property=\"og:description\" content=\"GIZ Otvoreni regionalni fond za Jugoisto\u010dnu Evropu \u2013 Sprovo\u0111enje sporazuma o biodiverzitetu (ORF-BDU), podr\u017eava napore Radne grupe za biodiverzitet (BD TF) i njenog Sekretarijata \u2013 Regionalne kancelarije za isto\u010dnu Evropu i centralnu Aziju Me\u0111unarodne unije za za\u0161titu prirode (IUCN ECARO), sa ciljem formalne integracije prekograni\u010dne i regionalne saradnje u okvir za biodiverzitet nakon 2020. godine.\" \/>\n<meta property=\"og:url\" content=\"https:\/\/balkangreenenergynews.com\/rs\/regionalna-saradnja-kljucna-za-implementaciju-globalnog-okvira-za-biodiverzitet-nakon-2020\/\" \/>\n<meta property=\"og:site_name\" content=\"Balkan Green Energy News\" \/>\n<meta property=\"article:published_time\" content=\"2019-09-19T14:26:01+00:00\" \/>\n<meta property=\"article:modified_time\" content=\"2020-10-29T21:11:06+00:00\" \/>\n<meta property=\"og:image\" content=\"https:\/\/balkangreenenergynews.com\/rs\/wp-content\/uploads\/2019\/09\/Regionalna-saradnja-kljucna-za-implementaciju-globalnog-okvira-za-biodiverzitet.jpg\" \/>\n\t<meta property=\"og:image:width\" content=\"795\" \/>\n\t<meta property=\"og:image:height\" content=\"407\" \/>\n\t<meta property=\"og:image:type\" content=\"image\/jpeg\" \/>\n<meta name=\"author\" content=\"Balkan Green Energy News\" \/>\n<meta name=\"twitter:card\" content=\"summary_large_image\" \/>\n<meta name=\"twitter:label1\" content=\"\u041d\u0430\u043f\u0438\u0441\u0430\u043d\u043e \u043e\u0434\" \/>\n\t<meta name=\"twitter:data1\" content=\"Balkan Green Energy News\" \/>\n\t<meta name=\"twitter:label2\" content=\"\u041f\u0440\u043e\u0446\u0435\u045a\u0435\u043d\u043e \u0432\u0440\u0435\u043c\u0435 \u0447\u0438\u0442\u0430\u045a\u0430\" \/>\n\t<meta name=\"twitter:data2\" content=\"4 \u043c\u0438\u043d\u0443\u0442\u0430\" \/>\n<script type=\"application\/ld+json\" class=\"yoast-schema-graph\">{\"@context\":\"https:\\\/\\\/schema.org\",\"@graph\":[{\"@type\":\"Article\",\"@id\":\"https:\\\/\\\/balkangreenenergynews.com\\\/rs\\\/regionalna-saradnja-kljucna-za-implementaciju-globalnog-okvira-za-biodiverzitet-nakon-2020\\\/#article\",\"isPartOf\":{\"@id\":\"https:\\\/\\\/balkangreenenergynews.com\\\/rs\\\/regionalna-saradnja-kljucna-za-implementaciju-globalnog-okvira-za-biodiverzitet-nakon-2020\\\/\"},\"author\":{\"name\":\"Balkan Green Energy News\",\"@id\":\"https:\\\/\\\/balkangreenenergynews.com\\\/rs\\\/#\\\/schema\\\/person\\\/dee275e6036b1a0f7ceaf956d79d4eff\"},\"headline\":\"Regionalna saradnja klju\u010dna za implementaciju globalnog okvira za biodiverzitet nakon 2020.\",\"datePublished\":\"2019-09-19T14:26:01+00:00\",\"dateModified\":\"2020-10-29T21:11:06+00:00\",\"mainEntityOfPage\":{\"@id\":\"https:\\\/\\\/balkangreenenergynews.com\\\/rs\\\/regionalna-saradnja-kljucna-za-implementaciju-globalnog-okvira-za-biodiverzitet-nakon-2020\\\/\"},\"wordCount\":788,\"commentCount\":0,\"image\":{\"@id\":\"https:\\\/\\\/balkangreenenergynews.com\\\/rs\\\/regionalna-saradnja-kljucna-za-implementaciju-globalnog-okvira-za-biodiverzitet-nakon-2020\\\/#primaryimage\"},\"thumbnailUrl\":\"https:\\\/\\\/balkangreenenergynews.com\\\/rs\\\/wp-content\\\/uploads\\\/2019\\\/09\\\/Regionalna-saradnja-kljucna-za-implementaciju-globalnog-okvira-za-biodiverzitet.jpg?wsr\",\"keywords\":[\"biodiverzitet\",\"ekosistemske usluge\",\"GIZ ORF-BDU\",\"klimatske promene\",\"Konvencija o biodiverzitetu\"],\"articleSection\":[\"Biodiverzitet\"],\"inLanguage\":\"sr-RS\",\"potentialAction\":[{\"@type\":\"CommentAction\",\"name\":\"Comment\",\"target\":[\"https:\\\/\\\/balkangreenenergynews.com\\\/rs\\\/regionalna-saradnja-kljucna-za-implementaciju-globalnog-okvira-za-biodiverzitet-nakon-2020\\\/#respond\"]}]},{\"@type\":\"WebPage\",\"@id\":\"https:\\\/\\\/balkangreenenergynews.com\\\/rs\\\/regionalna-saradnja-kljucna-za-implementaciju-globalnog-okvira-za-biodiverzitet-nakon-2020\\\/\",\"url\":\"https:\\\/\\\/balkangreenenergynews.com\\\/rs\\\/regionalna-saradnja-kljucna-za-implementaciju-globalnog-okvira-za-biodiverzitet-nakon-2020\\\/\",\"name\":\"Regionalna saradnja klju\u010dna za implementaciju globalnog okvira za biodiverzitet nakon 2020.\",\"isPartOf\":{\"@id\":\"https:\\\/\\\/balkangreenenergynews.com\\\/rs\\\/#website\"},\"primaryImageOfPage\":{\"@id\":\"https:\\\/\\\/balkangreenenergynews.com\\\/rs\\\/regionalna-saradnja-kljucna-za-implementaciju-globalnog-okvira-za-biodiverzitet-nakon-2020\\\/#primaryimage\"},\"image\":{\"@id\":\"https:\\\/\\\/balkangreenenergynews.com\\\/rs\\\/regionalna-saradnja-kljucna-za-implementaciju-globalnog-okvira-za-biodiverzitet-nakon-2020\\\/#primaryimage\"},\"thumbnailUrl\":\"https:\\\/\\\/balkangreenenergynews.com\\\/rs\\\/wp-content\\\/uploads\\\/2019\\\/09\\\/Regionalna-saradnja-kljucna-za-implementaciju-globalnog-okvira-za-biodiverzitet.jpg?wsr\",\"datePublished\":\"2019-09-19T14:26:01+00:00\",\"dateModified\":\"2020-10-29T21:11:06+00:00\",\"author\":{\"@id\":\"https:\\\/\\\/balkangreenenergynews.com\\\/rs\\\/#\\\/schema\\\/person\\\/dee275e6036b1a0f7ceaf956d79d4eff\"},\"description\":\"GIZ Otvoreni regionalni fond za Jugoisto\u010dnu Evropu \u2013 Sprovo\u0111enje sporazuma o biodiverzitetu (ORF-BDU), podr\u017eava napore Radne grupe za biodiverzitet (BD TF) i njenog Sekretarijata \u2013 Regionalne kancelarije za isto\u010dnu Evropu i centralnu Aziju Me\u0111unarodne unije za za\u0161titu prirode (IUCN ECARO), sa ciljem formalne integracije prekograni\u010dne i regionalne saradnje u okvir za biodiverzitet nakon 2020. godine.\",\"breadcrumb\":{\"@id\":\"https:\\\/\\\/balkangreenenergynews.com\\\/rs\\\/regionalna-saradnja-kljucna-za-implementaciju-globalnog-okvira-za-biodiverzitet-nakon-2020\\\/#breadcrumb\"},\"inLanguage\":\"sr-RS\",\"potentialAction\":[{\"@type\":\"ReadAction\",\"target\":[\"https:\\\/\\\/balkangreenenergynews.com\\\/rs\\\/regionalna-saradnja-kljucna-za-implementaciju-globalnog-okvira-za-biodiverzitet-nakon-2020\\\/\"]}]},{\"@type\":\"ImageObject\",\"inLanguage\":\"sr-RS\",\"@id\":\"https:\\\/\\\/balkangreenenergynews.com\\\/rs\\\/regionalna-saradnja-kljucna-za-implementaciju-globalnog-okvira-za-biodiverzitet-nakon-2020\\\/#primaryimage\",\"url\":\"https:\\\/\\\/balkangreenenergynews.com\\\/rs\\\/wp-content\\\/uploads\\\/2019\\\/09\\\/Regionalna-saradnja-kljucna-za-implementaciju-globalnog-okvira-za-biodiverzitet.jpg?wsr\",\"contentUrl\":\"https:\\\/\\\/balkangreenenergynews.com\\\/rs\\\/wp-content\\\/uploads\\\/2019\\\/09\\\/Regionalna-saradnja-kljucna-za-implementaciju-globalnog-okvira-za-biodiverzitet.jpg?wsr\",\"width\":795,\"height\":407,\"caption\":\"Regionalna-saradnja-kljucna-za-implementaciju-globalnog-okvira-za-biodiverzitet\"},{\"@type\":\"BreadcrumbList\",\"@id\":\"https:\\\/\\\/balkangreenenergynews.com\\\/rs\\\/regionalna-saradnja-kljucna-za-implementaciju-globalnog-okvira-za-biodiverzitet-nakon-2020\\\/#breadcrumb\",\"itemListElement\":[{\"@type\":\"ListItem\",\"position\":1,\"name\":\"Po\u010detna\",\"item\":\"https:\\\/\\\/balkangreenenergynews.com\\\/rs\\\/\"},{\"@type\":\"ListItem\",\"position\":2,\"name\":\"GIZ ORF-BDU\",\"item\":\"https:\\\/\\\/balkangreenenergynews.com\\\/rs\\\/kategorija\\\/giz-orf-bd\\\/\"},{\"@type\":\"ListItem\",\"position\":3,\"name\":\"Regionalna saradnja klju\u010dna za implementaciju globalnog okvira za biodiverzitet nakon 2020.\"}]},{\"@type\":\"WebSite\",\"@id\":\"https:\\\/\\\/balkangreenenergynews.com\\\/rs\\\/#website\",\"url\":\"https:\\\/\\\/balkangreenenergynews.com\\\/rs\\\/\",\"name\":\"Balkan Green Energy News\",\"description\":\"Naj\u0161iri izbor vesti sa Balkana o zelenoj energiji\",\"potentialAction\":[{\"@type\":\"SearchAction\",\"target\":{\"@type\":\"EntryPoint\",\"urlTemplate\":\"https:\\\/\\\/balkangreenenergynews.com\\\/rs\\\/?s={search_term_string}\"},\"query-input\":{\"@type\":\"PropertyValueSpecification\",\"valueRequired\":true,\"valueName\":\"search_term_string\"}}],\"inLanguage\":\"sr-RS\"},{\"@type\":\"Person\",\"@id\":\"https:\\\/\\\/balkangreenenergynews.com\\\/rs\\\/#\\\/schema\\\/person\\\/dee275e6036b1a0f7ceaf956d79d4eff\",\"name\":\"Balkan Green Energy News\",\"url\":\"https:\\\/\\\/balkangreenenergynews.com\\\/rs\\\/author\\\/balkangreenenergynews\\\/\"}]}<\/script>\n<!-- \/ Yoast SEO plugin. -->","yoast_head_json":{"title":"Regionalna saradnja klju\u010dna za implementaciju globalnog okvira za biodiverzitet nakon 2020.","description":"GIZ Otvoreni regionalni fond za Jugoisto\u010dnu Evropu \u2013 Sprovo\u0111enje sporazuma o biodiverzitetu (ORF-BDU), podr\u017eava napore Radne grupe za biodiverzitet (BD TF) i njenog Sekretarijata \u2013 Regionalne kancelarije za isto\u010dnu Evropu i centralnu Aziju Me\u0111unarodne unije za za\u0161titu prirode (IUCN ECARO), sa ciljem formalne integracije prekograni\u010dne i regionalne saradnje u okvir za biodiverzitet nakon 2020. godine.","robots":{"index":"index","follow":"follow","max-snippet":"max-snippet:-1","max-image-preview":"max-image-preview:large","max-video-preview":"max-video-preview:-1"},"canonical":"https:\/\/balkangreenenergynews.com\/rs\/regionalna-saradnja-kljucna-za-implementaciju-globalnog-okvira-za-biodiverzitet-nakon-2020\/","og_locale":"sr_RS","og_type":"article","og_title":"Regionalna saradnja klju\u010dna za implementaciju globalnog okvira za biodiverzitet nakon 2020.","og_description":"GIZ Otvoreni regionalni fond za Jugoisto\u010dnu Evropu \u2013 Sprovo\u0111enje sporazuma o biodiverzitetu (ORF-BDU), podr\u017eava napore Radne grupe za biodiverzitet (BD TF) i njenog Sekretarijata \u2013 Regionalne kancelarije za isto\u010dnu Evropu i centralnu Aziju Me\u0111unarodne unije za za\u0161titu prirode (IUCN ECARO), sa ciljem formalne integracije prekograni\u010dne i regionalne saradnje u okvir za biodiverzitet nakon 2020. godine.","og_url":"https:\/\/balkangreenenergynews.com\/rs\/regionalna-saradnja-kljucna-za-implementaciju-globalnog-okvira-za-biodiverzitet-nakon-2020\/","og_site_name":"Balkan Green Energy News","article_published_time":"2019-09-19T14:26:01+00:00","article_modified_time":"2020-10-29T21:11:06+00:00","og_image":[{"width":795,"height":407,"url":"https:\/\/balkangreenenergynews.com\/rs\/wp-content\/uploads\/2019\/09\/Regionalna-saradnja-kljucna-za-implementaciju-globalnog-okvira-za-biodiverzitet.jpg","type":"image\/jpeg"}],"author":"Balkan Green Energy News","twitter_card":"summary_large_image","twitter_misc":{"\u041d\u0430\u043f\u0438\u0441\u0430\u043d\u043e \u043e\u0434":"Balkan Green Energy News","\u041f\u0440\u043e\u0446\u0435\u045a\u0435\u043d\u043e \u0432\u0440\u0435\u043c\u0435 \u0447\u0438\u0442\u0430\u045a\u0430":"4 \u043c\u0438\u043d\u0443\u0442\u0430"},"schema":{"@context":"https:\/\/schema.org","@graph":[{"@type":"Article","@id":"https:\/\/balkangreenenergynews.com\/rs\/regionalna-saradnja-kljucna-za-implementaciju-globalnog-okvira-za-biodiverzitet-nakon-2020\/#article","isPartOf":{"@id":"https:\/\/balkangreenenergynews.com\/rs\/regionalna-saradnja-kljucna-za-implementaciju-globalnog-okvira-za-biodiverzitet-nakon-2020\/"},"author":{"name":"Balkan Green Energy News","@id":"https:\/\/balkangreenenergynews.com\/rs\/#\/schema\/person\/dee275e6036b1a0f7ceaf956d79d4eff"},"headline":"Regionalna saradnja klju\u010dna za implementaciju globalnog okvira za biodiverzitet nakon 2020.","datePublished":"2019-09-19T14:26:01+00:00","dateModified":"2020-10-29T21:11:06+00:00","mainEntityOfPage":{"@id":"https:\/\/balkangreenenergynews.com\/rs\/regionalna-saradnja-kljucna-za-implementaciju-globalnog-okvira-za-biodiverzitet-nakon-2020\/"},"wordCount":788,"commentCount":0,"image":{"@id":"https:\/\/balkangreenenergynews.com\/rs\/regionalna-saradnja-kljucna-za-implementaciju-globalnog-okvira-za-biodiverzitet-nakon-2020\/#primaryimage"},"thumbnailUrl":"https:\/\/balkangreenenergynews.com\/rs\/wp-content\/uploads\/2019\/09\/Regionalna-saradnja-kljucna-za-implementaciju-globalnog-okvira-za-biodiverzitet.jpg?wsr","keywords":["biodiverzitet","ekosistemske usluge","GIZ ORF-BDU","klimatske promene","Konvencija o biodiverzitetu"],"articleSection":["Biodiverzitet"],"inLanguage":"sr-RS","potentialAction":[{"@type":"CommentAction","name":"Comment","target":["https:\/\/balkangreenenergynews.com\/rs\/regionalna-saradnja-kljucna-za-implementaciju-globalnog-okvira-za-biodiverzitet-nakon-2020\/#respond"]}]},{"@type":"WebPage","@id":"https:\/\/balkangreenenergynews.com\/rs\/regionalna-saradnja-kljucna-za-implementaciju-globalnog-okvira-za-biodiverzitet-nakon-2020\/","url":"https:\/\/balkangreenenergynews.com\/rs\/regionalna-saradnja-kljucna-za-implementaciju-globalnog-okvira-za-biodiverzitet-nakon-2020\/","name":"Regionalna saradnja klju\u010dna za implementaciju globalnog okvira za biodiverzitet nakon 2020.","isPartOf":{"@id":"https:\/\/balkangreenenergynews.com\/rs\/#website"},"primaryImageOfPage":{"@id":"https:\/\/balkangreenenergynews.com\/rs\/regionalna-saradnja-kljucna-za-implementaciju-globalnog-okvira-za-biodiverzitet-nakon-2020\/#primaryimage"},"image":{"@id":"https:\/\/balkangreenenergynews.com\/rs\/regionalna-saradnja-kljucna-za-implementaciju-globalnog-okvira-za-biodiverzitet-nakon-2020\/#primaryimage"},"thumbnailUrl":"https:\/\/balkangreenenergynews.com\/rs\/wp-content\/uploads\/2019\/09\/Regionalna-saradnja-kljucna-za-implementaciju-globalnog-okvira-za-biodiverzitet.jpg?wsr","datePublished":"2019-09-19T14:26:01+00:00","dateModified":"2020-10-29T21:11:06+00:00","author":{"@id":"https:\/\/balkangreenenergynews.com\/rs\/#\/schema\/person\/dee275e6036b1a0f7ceaf956d79d4eff"},"description":"GIZ Otvoreni regionalni fond za Jugoisto\u010dnu Evropu \u2013 Sprovo\u0111enje sporazuma o biodiverzitetu (ORF-BDU), podr\u017eava napore Radne grupe za biodiverzitet (BD TF) i njenog Sekretarijata \u2013 Regionalne kancelarije za isto\u010dnu Evropu i centralnu Aziju Me\u0111unarodne unije za za\u0161titu prirode (IUCN ECARO), sa ciljem formalne integracije prekograni\u010dne i regionalne saradnje u okvir za biodiverzitet nakon 2020. godine.","breadcrumb":{"@id":"https:\/\/balkangreenenergynews.com\/rs\/regionalna-saradnja-kljucna-za-implementaciju-globalnog-okvira-za-biodiverzitet-nakon-2020\/#breadcrumb"},"inLanguage":"sr-RS","potentialAction":[{"@type":"ReadAction","target":["https:\/\/balkangreenenergynews.com\/rs\/regionalna-saradnja-kljucna-za-implementaciju-globalnog-okvira-za-biodiverzitet-nakon-2020\/"]}]},{"@type":"ImageObject","inLanguage":"sr-RS","@id":"https:\/\/balkangreenenergynews.com\/rs\/regionalna-saradnja-kljucna-za-implementaciju-globalnog-okvira-za-biodiverzitet-nakon-2020\/#primaryimage","url":"https:\/\/balkangreenenergynews.com\/rs\/wp-content\/uploads\/2019\/09\/Regionalna-saradnja-kljucna-za-implementaciju-globalnog-okvira-za-biodiverzitet.jpg?wsr","contentUrl":"https:\/\/balkangreenenergynews.com\/rs\/wp-content\/uploads\/2019\/09\/Regionalna-saradnja-kljucna-za-implementaciju-globalnog-okvira-za-biodiverzitet.jpg?wsr","width":795,"height":407,"caption":"Regionalna-saradnja-kljucna-za-implementaciju-globalnog-okvira-za-biodiverzitet"},{"@type":"BreadcrumbList","@id":"https:\/\/balkangreenenergynews.com\/rs\/regionalna-saradnja-kljucna-za-implementaciju-globalnog-okvira-za-biodiverzitet-nakon-2020\/#breadcrumb","itemListElement":[{"@type":"ListItem","position":1,"name":"Po\u010detna","item":"https:\/\/balkangreenenergynews.com\/rs\/"},{"@type":"ListItem","position":2,"name":"GIZ ORF-BDU","item":"https:\/\/balkangreenenergynews.com\/rs\/kategorija\/giz-orf-bd\/"},{"@type":"ListItem","position":3,"name":"Regionalna saradnja klju\u010dna za implementaciju globalnog okvira za biodiverzitet nakon 2020."}]},{"@type":"WebSite","@id":"https:\/\/balkangreenenergynews.com\/rs\/#website","url":"https:\/\/balkangreenenergynews.com\/rs\/","name":"Balkan Green Energy News","description":"Naj\u0161iri izbor vesti sa Balkana o zelenoj energiji","potentialAction":[{"@type":"SearchAction","target":{"@type":"EntryPoint","urlTemplate":"https:\/\/balkangreenenergynews.com\/rs\/?s={search_term_string}"},"query-input":{"@type":"PropertyValueSpecification","valueRequired":true,"valueName":"search_term_string"}}],"inLanguage":"sr-RS"},{"@type":"Person","@id":"https:\/\/balkangreenenergynews.com\/rs\/#\/schema\/person\/dee275e6036b1a0f7ceaf956d79d4eff","name":"Balkan Green Energy News","url":"https:\/\/balkangreenenergynews.com\/rs\/author\/balkangreenenergynews\/"}]}},"_links":{"self":[{"href":"https:\/\/balkangreenenergynews.com\/rs\/wp-json\/wp\/v2\/posts\/25640","targetHints":{"allow":["GET"]}}],"collection":[{"href":"https:\/\/balkangreenenergynews.com\/rs\/wp-json\/wp\/v2\/posts"}],"about":[{"href":"https:\/\/balkangreenenergynews.com\/rs\/wp-json\/wp\/v2\/types\/post"}],"author":[{"embeddable":true,"href":"https:\/\/balkangreenenergynews.com\/rs\/wp-json\/wp\/v2\/users\/25"}],"replies":[{"embeddable":true,"href":"https:\/\/balkangreenenergynews.com\/rs\/wp-json\/wp\/v2\/comments?post=25640"}],"version-history":[{"count":0,"href":"https:\/\/balkangreenenergynews.com\/rs\/wp-json\/wp\/v2\/posts\/25640\/revisions"}],"wp:featuredmedia":[{"embeddable":true,"href":"https:\/\/balkangreenenergynews.com\/rs\/wp-json\/wp\/v2\/media\/30804"}],"wp:attachment":[{"href":"https:\/\/balkangreenenergynews.com\/rs\/wp-json\/wp\/v2\/media?parent=25640"}],"wp:term":[{"taxonomy":"category","embeddable":true,"href":"https:\/\/balkangreenenergynews.com\/rs\/wp-json\/wp\/v2\/categories?post=25640"},{"taxonomy":"post_tag","embeddable":true,"href":"https:\/\/balkangreenenergynews.com\/rs\/wp-json\/wp\/v2\/tags?post=25640"}],"curies":[{"name":"wp","href":"https:\/\/api.w.org\/{rel}","templated":true}]}}