{"id":25299,"date":"2019-08-29T11:50:46","date_gmt":"2019-08-29T09:50:46","guid":{"rendered":"https:\/\/balkangreenenergynews.com\/rs\/?p=25299"},"modified":"2020-06-03T16:57:02","modified_gmt":"2020-06-03T14:57:02","slug":"elektricna-energija-za-privredu-u-republici-srpskoj-poskupljuje-sa-313-na-35-evrocenti-za-mwh","status":"publish","type":"post","link":"https:\/\/balkangreenenergynews.com\/rs\/elektricna-energija-za-privredu-u-republici-srpskoj-poskupljuje-sa-313-na-35-evrocenti-za-mwh\/","title":{"rendered":"Elektri\u010dna energija za privredu u Republici Srpskoj poskupljuje sa 31,3 na 35 evrocenti za MWh"},"content":{"rendered":"<h2>Elektri\u010dna energija za 28 najve\u0107ih potro\u0161a\u010da u privredi bi\u0107e pove\u0107ana od 1. septembra sa 31,3 evrocenti po MWh, na 35 evrocenti, dok \u0107e ugovori o snabdevanju biti promenjeni za ukupno oko 200, saop\u0161tila je Vlada Republike Srpske.<\/h2>\n<p>Od 1. septembra 1.174 kupaca na naponskim nivoima 110 kV, 35 kV i 10 kV ima obavezu da prona\u0111e svog snabdeva\u010da, pa im je Elektroprivreda Republike Srpske (ERS) nedavno poslala nove ugovore. Elektri\u010dna energija, kako su preneli mediji, trebalo je da poskupi u proseku oko 20%.<\/p>\n<blockquote><p>Bi\u0107e promenjeni ugovori o snabdevanju za 200 firmi<\/p><\/blockquote>\n<p>Privrednici su tra\u017eili da se poskupljenje odlo\u017ei, a \u017ealili su se i na vi\u0161e odredbi ugovora, pa je odr\u017ean sastanak sa predstavnicima ERS-a u Privrednoj komori RS. Posle sastanka premijer RS Radovan Vi\u0161kovi\u0107 izjavio je da je nova cena elektri\u010dne energije za 28 najve\u0107ih potro\u0161a\u010da, koji tro\u0161e vi\u0161e od 5 MWh, od 1. septembra 35 evra po MWh. On je naveo i da \u0107e do\u0107i do izmene ugovora za elektri\u010dnu energiju za ukupno 200 firmi.<\/p>\n<p>Premijer je rekao je da \u0107e privrednici u RS i dalje imati konkurentnu cenu elektri\u010dne energije.<\/p>\n<p>&#8222;Cena MWh u FBiH je 50 evra, u Srbiji 58 evra, a u Crnoj Gori 45&#8220;, dodao je on.<\/p>\n<p>Predsednik Privredne komore RS Borko \u0110uri\u0107 je istakao da je dogovoreno da pove\u0107anje cene sa 31,3 na 35 evra va\u017ei u narednih 16 meseci.<\/p>\n<p>&#8222;O\u010dekujemo da \u0107e biti ispo\u0161tovano sve \u0161to smo dogovorili, da ne\u0107e biti pove\u0107anja cene u tom periodu&#8220;, rekao je \u0110uri\u0107.\u200b<\/p>\n<p>Luka Petrovi\u0107, generalni direktor ERS-a, pre nekoliko dana je izjavio da u RS 24 firmi ima licencu za snabdevanje elektri\u010dnom energijom, kao i da ova kompanija \u017eeli da zadr\u017ei svih 1.174 kupaca. On je tada rekao da je ERS poslao ugovore sa ve\u0107im cenama za oko 200 kupaca.<\/p>\n<p>On je dodao da se u narednim godinama mo\u017ee o\u010dekivati da i snabdevanje za doma\u0107instva bude tr\u017ei\u0161no.<\/p>\n<p>Petrovi\u0107 je <a href=\"https:\/\/balkangreenenergynews.com\/rs\/kopac-i-direktor-ers-a-razgovarali-o-primeni-treceg-energetskog-paketa-i-novim-energetskim-zakonima\/\">u martu izjavio da je pred ovom kompanijom ispunjavanje obaveza Tre\u0107eg energetskog paketa<\/a> koje \u0107e omogu\u0107iti da ERS posluje komercijalno.<\/p>\n","protected":false},"excerpt":{"rendered":"<p>Elektri\u010dna energija za 28 najve\u0107ih potro\u0161a\u010da u privredi bi\u0107e pove\u0107ana od 1. septembra sa 31,3&#8230;<\/p>\n","protected":false},"author":23,"featured_media":31056,"comment_status":"open","ping_status":"closed","sticky":false,"template":"","format":"standard","meta":{"_acf_changed":false,"_monsterinsights_skip_tracking":false,"_monsterinsights_sitenote_active":false,"_monsterinsights_sitenote_note":"","_monsterinsights_sitenote_category":0,"footnotes":""},"categories":[504],"tags":[1304,192],"class_list":["post-25299","post","type-post","status-publish","format-standard","has-post-thumbnail","hentry","category-elektricna-energija","tag-elektroprivreda-republike-srpske","tag-ers","country-bosna-i-hercegovina"],"acf":[],"yoast_head":"<!-- This site is optimized with the Yoast SEO plugin v27.4 - https:\/\/yoast.com\/product\/yoast-seo-wordpress\/ -->\n<title>Elektri\u010dna energija za privredu u RS poskupljuje na 35 evrocenti za MWh<\/title>\n<meta name=\"description\" content=\"Elektri\u010dna energija za 28 najve\u0107ih potro\u0161a\u010da u privredi bi\u0107e pove\u0107ana od 1. septembra sa 31,3 evrocenti po MWh, na 35 evrocenti.\" \/>\n<meta name=\"robots\" content=\"index, follow, max-snippet:-1, max-image-preview:large, max-video-preview:-1\" \/>\n<link rel=\"canonical\" href=\"https:\/\/balkangreenenergynews.com\/rs\/elektricna-energija-za-privredu-u-republici-srpskoj-poskupljuje-sa-313-na-35-evrocenti-za-mwh\/\" \/>\n<meta property=\"og:locale\" content=\"sr_RS\" \/>\n<meta property=\"og:type\" content=\"article\" \/>\n<meta property=\"og:title\" content=\"Elektri\u010dna energija za privredu u RS poskupljuje na 35 evrocenti za MWh\" \/>\n<meta property=\"og:description\" content=\"Elektri\u010dna energija za 28 najve\u0107ih potro\u0161a\u010da u privredi bi\u0107e pove\u0107ana od 1. septembra sa 31,3 evrocenti po MWh, na 35 evrocenti.\" \/>\n<meta property=\"og:url\" content=\"https:\/\/balkangreenenergynews.com\/rs\/elektricna-energija-za-privredu-u-republici-srpskoj-poskupljuje-sa-313-na-35-evrocenti-za-mwh\/\" \/>\n<meta property=\"og:site_name\" content=\"Balkan Green Energy News\" \/>\n<meta property=\"article:published_time\" content=\"2019-08-29T09:50:46+00:00\" \/>\n<meta property=\"article:modified_time\" content=\"2020-06-03T14:57:02+00:00\" \/>\n<meta property=\"og:image\" content=\"https:\/\/balkangreenenergynews.com\/rs\/wp-content\/uploads\/2019\/08\/Elektricna-energija-privreda-Republika-Srpska-poskupljenje.jpg\" \/>\n\t<meta property=\"og:image:width\" content=\"795\" \/>\n\t<meta property=\"og:image:height\" content=\"407\" \/>\n\t<meta property=\"og:image:type\" content=\"image\/jpeg\" \/>\n<meta name=\"author\" content=\"Vladimir Spasi\u0107\" \/>\n<meta name=\"twitter:card\" content=\"summary_large_image\" \/>\n<meta name=\"twitter:label1\" content=\"\u041d\u0430\u043f\u0438\u0441\u0430\u043d\u043e \u043e\u0434\" \/>\n\t<meta name=\"twitter:data1\" content=\"Vladimir Spasi\u0107\" \/>\n\t<meta name=\"twitter:label2\" content=\"\u041f\u0440\u043e\u0446\u0435\u045a\u0435\u043d\u043e \u0432\u0440\u0435\u043c\u0435 \u0447\u0438\u0442\u0430\u045a\u0430\" \/>\n\t<meta name=\"twitter:data2\" content=\"2 \u043c\u0438\u043d\u0443\u0442\u0430\" \/>\n<script type=\"application\/ld+json\" class=\"yoast-schema-graph\">{\"@context\":\"https:\\\/\\\/schema.org\",\"@graph\":[{\"@type\":\"Article\",\"@id\":\"https:\\\/\\\/balkangreenenergynews.com\\\/rs\\\/elektricna-energija-za-privredu-u-republici-srpskoj-poskupljuje-sa-313-na-35-evrocenti-za-mwh\\\/#article\",\"isPartOf\":{\"@id\":\"https:\\\/\\\/balkangreenenergynews.com\\\/rs\\\/elektricna-energija-za-privredu-u-republici-srpskoj-poskupljuje-sa-313-na-35-evrocenti-za-mwh\\\/\"},\"author\":{\"name\":\"Vladimir Spasi\u0107\",\"@id\":\"https:\\\/\\\/balkangreenenergynews.com\\\/rs\\\/#\\\/schema\\\/person\\\/99dc721c46113fea22caffad06ef7317\"},\"headline\":\"Elektri\u010dna energija za privredu u Republici Srpskoj poskupljuje sa 31,3 na 35 evrocenti za MWh\",\"datePublished\":\"2019-08-29T09:50:46+00:00\",\"dateModified\":\"2020-06-03T14:57:02+00:00\",\"mainEntityOfPage\":{\"@id\":\"https:\\\/\\\/balkangreenenergynews.com\\\/rs\\\/elektricna-energija-za-privredu-u-republici-srpskoj-poskupljuje-sa-313-na-35-evrocenti-za-mwh\\\/\"},\"wordCount\":361,\"commentCount\":0,\"image\":{\"@id\":\"https:\\\/\\\/balkangreenenergynews.com\\\/rs\\\/elektricna-energija-za-privredu-u-republici-srpskoj-poskupljuje-sa-313-na-35-evrocenti-za-mwh\\\/#primaryimage\"},\"thumbnailUrl\":\"https:\\\/\\\/balkangreenenergynews.com\\\/rs\\\/wp-content\\\/uploads\\\/2019\\\/08\\\/Elektricna-energija-privreda-Republika-Srpska-poskupljenje.jpg?wsr\",\"keywords\":[\"Elektroprivreda Republike Srpske\",\"ERS\"],\"articleSection\":[\"Elektri\u010dna energija\"],\"inLanguage\":\"sr-RS\",\"potentialAction\":[{\"@type\":\"CommentAction\",\"name\":\"Comment\",\"target\":[\"https:\\\/\\\/balkangreenenergynews.com\\\/rs\\\/elektricna-energija-za-privredu-u-republici-srpskoj-poskupljuje-sa-313-na-35-evrocenti-za-mwh\\\/#respond\"]}]},{\"@type\":\"WebPage\",\"@id\":\"https:\\\/\\\/balkangreenenergynews.com\\\/rs\\\/elektricna-energija-za-privredu-u-republici-srpskoj-poskupljuje-sa-313-na-35-evrocenti-za-mwh\\\/\",\"url\":\"https:\\\/\\\/balkangreenenergynews.com\\\/rs\\\/elektricna-energija-za-privredu-u-republici-srpskoj-poskupljuje-sa-313-na-35-evrocenti-za-mwh\\\/\",\"name\":\"Elektri\u010dna energija za privredu u RS poskupljuje na 35 evrocenti za MWh\",\"isPartOf\":{\"@id\":\"https:\\\/\\\/balkangreenenergynews.com\\\/rs\\\/#website\"},\"primaryImageOfPage\":{\"@id\":\"https:\\\/\\\/balkangreenenergynews.com\\\/rs\\\/elektricna-energija-za-privredu-u-republici-srpskoj-poskupljuje-sa-313-na-35-evrocenti-za-mwh\\\/#primaryimage\"},\"image\":{\"@id\":\"https:\\\/\\\/balkangreenenergynews.com\\\/rs\\\/elektricna-energija-za-privredu-u-republici-srpskoj-poskupljuje-sa-313-na-35-evrocenti-za-mwh\\\/#primaryimage\"},\"thumbnailUrl\":\"https:\\\/\\\/balkangreenenergynews.com\\\/rs\\\/wp-content\\\/uploads\\\/2019\\\/08\\\/Elektricna-energija-privreda-Republika-Srpska-poskupljenje.jpg?wsr\",\"datePublished\":\"2019-08-29T09:50:46+00:00\",\"dateModified\":\"2020-06-03T14:57:02+00:00\",\"author\":{\"@id\":\"https:\\\/\\\/balkangreenenergynews.com\\\/rs\\\/#\\\/schema\\\/person\\\/99dc721c46113fea22caffad06ef7317\"},\"description\":\"Elektri\u010dna energija za 28 najve\u0107ih potro\u0161a\u010da u privredi bi\u0107e pove\u0107ana od 1. septembra sa 31,3 evrocenti po MWh, na 35 evrocenti.\",\"breadcrumb\":{\"@id\":\"https:\\\/\\\/balkangreenenergynews.com\\\/rs\\\/elektricna-energija-za-privredu-u-republici-srpskoj-poskupljuje-sa-313-na-35-evrocenti-za-mwh\\\/#breadcrumb\"},\"inLanguage\":\"sr-RS\",\"potentialAction\":[{\"@type\":\"ReadAction\",\"target\":[\"https:\\\/\\\/balkangreenenergynews.com\\\/rs\\\/elektricna-energija-za-privredu-u-republici-srpskoj-poskupljuje-sa-313-na-35-evrocenti-za-mwh\\\/\"]}]},{\"@type\":\"ImageObject\",\"inLanguage\":\"sr-RS\",\"@id\":\"https:\\\/\\\/balkangreenenergynews.com\\\/rs\\\/elektricna-energija-za-privredu-u-republici-srpskoj-poskupljuje-sa-313-na-35-evrocenti-za-mwh\\\/#primaryimage\",\"url\":\"https:\\\/\\\/balkangreenenergynews.com\\\/rs\\\/wp-content\\\/uploads\\\/2019\\\/08\\\/Elektricna-energija-privreda-Republika-Srpska-poskupljenje.jpg?wsr\",\"contentUrl\":\"https:\\\/\\\/balkangreenenergynews.com\\\/rs\\\/wp-content\\\/uploads\\\/2019\\\/08\\\/Elektricna-energija-privreda-Republika-Srpska-poskupljenje.jpg?wsr\",\"width\":795,\"height\":407,\"caption\":\"Elektricna-energija-privreda-Republika-Srpska-poskupljenje\"},{\"@type\":\"BreadcrumbList\",\"@id\":\"https:\\\/\\\/balkangreenenergynews.com\\\/rs\\\/elektricna-energija-za-privredu-u-republici-srpskoj-poskupljuje-sa-313-na-35-evrocenti-za-mwh\\\/#breadcrumb\",\"itemListElement\":[{\"@type\":\"ListItem\",\"position\":1,\"name\":\"Po\u010detna\",\"item\":\"https:\\\/\\\/balkangreenenergynews.com\\\/rs\\\/\"},{\"@type\":\"ListItem\",\"position\":2,\"name\":\"Vesti\",\"item\":\"https:\\\/\\\/balkangreenenergynews.com\\\/rs\\\/kategorija\\\/vesti\\\/\"},{\"@type\":\"ListItem\",\"position\":3,\"name\":\"Elektri\u010dna energija\",\"item\":\"https:\\\/\\\/balkangreenenergynews.com\\\/rs\\\/kategorija\\\/vesti\\\/elektricna-energija\\\/\"},{\"@type\":\"ListItem\",\"position\":4,\"name\":\"Elektri\u010dna energija za privredu u Republici Srpskoj poskupljuje sa 31,3 na 35 evrocenti za MWh\"}]},{\"@type\":\"WebSite\",\"@id\":\"https:\\\/\\\/balkangreenenergynews.com\\\/rs\\\/#website\",\"url\":\"https:\\\/\\\/balkangreenenergynews.com\\\/rs\\\/\",\"name\":\"Balkan Green Energy News\",\"description\":\"Naj\u0161iri izbor vesti sa Balkana o zelenoj energiji\",\"potentialAction\":[{\"@type\":\"SearchAction\",\"target\":{\"@type\":\"EntryPoint\",\"urlTemplate\":\"https:\\\/\\\/balkangreenenergynews.com\\\/rs\\\/?s={search_term_string}\"},\"query-input\":{\"@type\":\"PropertyValueSpecification\",\"valueRequired\":true,\"valueName\":\"search_term_string\"}}],\"inLanguage\":\"sr-RS\"},{\"@type\":\"Person\",\"@id\":\"https:\\\/\\\/balkangreenenergynews.com\\\/rs\\\/#\\\/schema\\\/person\\\/99dc721c46113fea22caffad06ef7317\",\"name\":\"Vladimir Spasi\u0107\",\"url\":\"https:\\\/\\\/balkangreenenergynews.com\\\/rs\\\/author\\\/vladimir-spasic\\\/\"}]}<\/script>\n<!-- \/ Yoast SEO plugin. -->","yoast_head_json":{"title":"Elektri\u010dna energija za privredu u RS poskupljuje na 35 evrocenti za MWh","description":"Elektri\u010dna energija za 28 najve\u0107ih potro\u0161a\u010da u privredi bi\u0107e pove\u0107ana od 1. septembra sa 31,3 evrocenti po MWh, na 35 evrocenti.","robots":{"index":"index","follow":"follow","max-snippet":"max-snippet:-1","max-image-preview":"max-image-preview:large","max-video-preview":"max-video-preview:-1"},"canonical":"https:\/\/balkangreenenergynews.com\/rs\/elektricna-energija-za-privredu-u-republici-srpskoj-poskupljuje-sa-313-na-35-evrocenti-za-mwh\/","og_locale":"sr_RS","og_type":"article","og_title":"Elektri\u010dna energija za privredu u RS poskupljuje na 35 evrocenti za MWh","og_description":"Elektri\u010dna energija za 28 najve\u0107ih potro\u0161a\u010da u privredi bi\u0107e pove\u0107ana od 1. septembra sa 31,3 evrocenti po MWh, na 35 evrocenti.","og_url":"https:\/\/balkangreenenergynews.com\/rs\/elektricna-energija-za-privredu-u-republici-srpskoj-poskupljuje-sa-313-na-35-evrocenti-za-mwh\/","og_site_name":"Balkan Green Energy News","article_published_time":"2019-08-29T09:50:46+00:00","article_modified_time":"2020-06-03T14:57:02+00:00","og_image":[{"width":795,"height":407,"url":"https:\/\/balkangreenenergynews.com\/rs\/wp-content\/uploads\/2019\/08\/Elektricna-energija-privreda-Republika-Srpska-poskupljenje.jpg","type":"image\/jpeg"}],"author":"Vladimir Spasi\u0107","twitter_card":"summary_large_image","twitter_misc":{"\u041d\u0430\u043f\u0438\u0441\u0430\u043d\u043e \u043e\u0434":"Vladimir Spasi\u0107","\u041f\u0440\u043e\u0446\u0435\u045a\u0435\u043d\u043e \u0432\u0440\u0435\u043c\u0435 \u0447\u0438\u0442\u0430\u045a\u0430":"2 \u043c\u0438\u043d\u0443\u0442\u0430"},"schema":{"@context":"https:\/\/schema.org","@graph":[{"@type":"Article","@id":"https:\/\/balkangreenenergynews.com\/rs\/elektricna-energija-za-privredu-u-republici-srpskoj-poskupljuje-sa-313-na-35-evrocenti-za-mwh\/#article","isPartOf":{"@id":"https:\/\/balkangreenenergynews.com\/rs\/elektricna-energija-za-privredu-u-republici-srpskoj-poskupljuje-sa-313-na-35-evrocenti-za-mwh\/"},"author":{"name":"Vladimir Spasi\u0107","@id":"https:\/\/balkangreenenergynews.com\/rs\/#\/schema\/person\/99dc721c46113fea22caffad06ef7317"},"headline":"Elektri\u010dna energija za privredu u Republici Srpskoj poskupljuje sa 31,3 na 35 evrocenti za MWh","datePublished":"2019-08-29T09:50:46+00:00","dateModified":"2020-06-03T14:57:02+00:00","mainEntityOfPage":{"@id":"https:\/\/balkangreenenergynews.com\/rs\/elektricna-energija-za-privredu-u-republici-srpskoj-poskupljuje-sa-313-na-35-evrocenti-za-mwh\/"},"wordCount":361,"commentCount":0,"image":{"@id":"https:\/\/balkangreenenergynews.com\/rs\/elektricna-energija-za-privredu-u-republici-srpskoj-poskupljuje-sa-313-na-35-evrocenti-za-mwh\/#primaryimage"},"thumbnailUrl":"https:\/\/balkangreenenergynews.com\/rs\/wp-content\/uploads\/2019\/08\/Elektricna-energija-privreda-Republika-Srpska-poskupljenje.jpg?wsr","keywords":["Elektroprivreda Republike Srpske","ERS"],"articleSection":["Elektri\u010dna energija"],"inLanguage":"sr-RS","potentialAction":[{"@type":"CommentAction","name":"Comment","target":["https:\/\/balkangreenenergynews.com\/rs\/elektricna-energija-za-privredu-u-republici-srpskoj-poskupljuje-sa-313-na-35-evrocenti-za-mwh\/#respond"]}]},{"@type":"WebPage","@id":"https:\/\/balkangreenenergynews.com\/rs\/elektricna-energija-za-privredu-u-republici-srpskoj-poskupljuje-sa-313-na-35-evrocenti-za-mwh\/","url":"https:\/\/balkangreenenergynews.com\/rs\/elektricna-energija-za-privredu-u-republici-srpskoj-poskupljuje-sa-313-na-35-evrocenti-za-mwh\/","name":"Elektri\u010dna energija za privredu u RS poskupljuje na 35 evrocenti za MWh","isPartOf":{"@id":"https:\/\/balkangreenenergynews.com\/rs\/#website"},"primaryImageOfPage":{"@id":"https:\/\/balkangreenenergynews.com\/rs\/elektricna-energija-za-privredu-u-republici-srpskoj-poskupljuje-sa-313-na-35-evrocenti-za-mwh\/#primaryimage"},"image":{"@id":"https:\/\/balkangreenenergynews.com\/rs\/elektricna-energija-za-privredu-u-republici-srpskoj-poskupljuje-sa-313-na-35-evrocenti-za-mwh\/#primaryimage"},"thumbnailUrl":"https:\/\/balkangreenenergynews.com\/rs\/wp-content\/uploads\/2019\/08\/Elektricna-energija-privreda-Republika-Srpska-poskupljenje.jpg?wsr","datePublished":"2019-08-29T09:50:46+00:00","dateModified":"2020-06-03T14:57:02+00:00","author":{"@id":"https:\/\/balkangreenenergynews.com\/rs\/#\/schema\/person\/99dc721c46113fea22caffad06ef7317"},"description":"Elektri\u010dna energija za 28 najve\u0107ih potro\u0161a\u010da u privredi bi\u0107e pove\u0107ana od 1. septembra sa 31,3 evrocenti po MWh, na 35 evrocenti.","breadcrumb":{"@id":"https:\/\/balkangreenenergynews.com\/rs\/elektricna-energija-za-privredu-u-republici-srpskoj-poskupljuje-sa-313-na-35-evrocenti-za-mwh\/#breadcrumb"},"inLanguage":"sr-RS","potentialAction":[{"@type":"ReadAction","target":["https:\/\/balkangreenenergynews.com\/rs\/elektricna-energija-za-privredu-u-republici-srpskoj-poskupljuje-sa-313-na-35-evrocenti-za-mwh\/"]}]},{"@type":"ImageObject","inLanguage":"sr-RS","@id":"https:\/\/balkangreenenergynews.com\/rs\/elektricna-energija-za-privredu-u-republici-srpskoj-poskupljuje-sa-313-na-35-evrocenti-za-mwh\/#primaryimage","url":"https:\/\/balkangreenenergynews.com\/rs\/wp-content\/uploads\/2019\/08\/Elektricna-energija-privreda-Republika-Srpska-poskupljenje.jpg?wsr","contentUrl":"https:\/\/balkangreenenergynews.com\/rs\/wp-content\/uploads\/2019\/08\/Elektricna-energija-privreda-Republika-Srpska-poskupljenje.jpg?wsr","width":795,"height":407,"caption":"Elektricna-energija-privreda-Republika-Srpska-poskupljenje"},{"@type":"BreadcrumbList","@id":"https:\/\/balkangreenenergynews.com\/rs\/elektricna-energija-za-privredu-u-republici-srpskoj-poskupljuje-sa-313-na-35-evrocenti-za-mwh\/#breadcrumb","itemListElement":[{"@type":"ListItem","position":1,"name":"Po\u010detna","item":"https:\/\/balkangreenenergynews.com\/rs\/"},{"@type":"ListItem","position":2,"name":"Vesti","item":"https:\/\/balkangreenenergynews.com\/rs\/kategorija\/vesti\/"},{"@type":"ListItem","position":3,"name":"Elektri\u010dna energija","item":"https:\/\/balkangreenenergynews.com\/rs\/kategorija\/vesti\/elektricna-energija\/"},{"@type":"ListItem","position":4,"name":"Elektri\u010dna energija za privredu u Republici Srpskoj poskupljuje sa 31,3 na 35 evrocenti za MWh"}]},{"@type":"WebSite","@id":"https:\/\/balkangreenenergynews.com\/rs\/#website","url":"https:\/\/balkangreenenergynews.com\/rs\/","name":"Balkan Green Energy News","description":"Naj\u0161iri izbor vesti sa Balkana o zelenoj energiji","potentialAction":[{"@type":"SearchAction","target":{"@type":"EntryPoint","urlTemplate":"https:\/\/balkangreenenergynews.com\/rs\/?s={search_term_string}"},"query-input":{"@type":"PropertyValueSpecification","valueRequired":true,"valueName":"search_term_string"}}],"inLanguage":"sr-RS"},{"@type":"Person","@id":"https:\/\/balkangreenenergynews.com\/rs\/#\/schema\/person\/99dc721c46113fea22caffad06ef7317","name":"Vladimir Spasi\u0107","url":"https:\/\/balkangreenenergynews.com\/rs\/author\/vladimir-spasic\/"}]}},"_links":{"self":[{"href":"https:\/\/balkangreenenergynews.com\/rs\/wp-json\/wp\/v2\/posts\/25299","targetHints":{"allow":["GET"]}}],"collection":[{"href":"https:\/\/balkangreenenergynews.com\/rs\/wp-json\/wp\/v2\/posts"}],"about":[{"href":"https:\/\/balkangreenenergynews.com\/rs\/wp-json\/wp\/v2\/types\/post"}],"author":[{"embeddable":true,"href":"https:\/\/balkangreenenergynews.com\/rs\/wp-json\/wp\/v2\/users\/23"}],"replies":[{"embeddable":true,"href":"https:\/\/balkangreenenergynews.com\/rs\/wp-json\/wp\/v2\/comments?post=25299"}],"version-history":[{"count":0,"href":"https:\/\/balkangreenenergynews.com\/rs\/wp-json\/wp\/v2\/posts\/25299\/revisions"}],"wp:featuredmedia":[{"embeddable":true,"href":"https:\/\/balkangreenenergynews.com\/rs\/wp-json\/wp\/v2\/media\/31056"}],"wp:attachment":[{"href":"https:\/\/balkangreenenergynews.com\/rs\/wp-json\/wp\/v2\/media?parent=25299"}],"wp:term":[{"taxonomy":"category","embeddable":true,"href":"https:\/\/balkangreenenergynews.com\/rs\/wp-json\/wp\/v2\/categories?post=25299"},{"taxonomy":"post_tag","embeddable":true,"href":"https:\/\/balkangreenenergynews.com\/rs\/wp-json\/wp\/v2\/tags?post=25299"}],"curies":[{"name":"wp","href":"https:\/\/api.w.org\/{rel}","templated":true}]}}