{"id":25128,"date":"2019-08-16T11:22:48","date_gmt":"2019-08-16T09:22:48","guid":{"rendered":"https:\/\/balkangreenenergynews.com\/rs\/?p=25128"},"modified":"2020-06-05T17:43:54","modified_gmt":"2020-06-05T15:43:54","slug":"poziv-stanovnistvu-da-fotografise-suha-korita-rijeka-sirom-bih","status":"publish","type":"post","link":"https:\/\/balkangreenenergynews.com\/rs\/poziv-stanovnistvu-da-fotografise-suha-korita-rijeka-sirom-bih\/","title":{"rendered":"Poziv stanovni\u0161tvu da fotografi\u0161e suha korita rijeka \u0161irom BiH"},"content":{"rendered":"<h2>Koalicija za za\u0161titu rijeka Bosne i Hercegovine saop\u0161tila je da poziva stanovni\u0161tvo da fotografi\u0161e suha korita svojih rijeka \u0161irom zemlje.<\/h2>\n<p>\u201ePomozite nam da zajedno sa\u010duvamo na\u0161e rijeke!,\u201c apeluje Koalicija za za\u0161titu rijeka Bosne i Hercegovine i dodaje da to mo\u017eete u\u010diniti na ovaj na\u010din:<\/p>\n<ul>\n<li>posjetite va\u0161u rijeku sa niskim vodostajem,<\/li>\n<li>fotografi\u0161ite se zajedno sa suhim koritom ili snimite kratki video (30 sekundi),<\/li>\n<li>fotografiju i\/ili video sa prate\u0107im kratkim tekstom o tome za\u0161to su vam rijeke va\u017ene po\u0161aljite na koalicijazazastiturijekabih@gmail.com ili u inboks <a href=\"https:\/\/www.facebook.com\/koalicijazazastiturijekabih\/\">Facebook stranice<\/a> Koalicija za za\u0161titu rijeka Bosne i Hercegovine,<\/li>\n<li>koristite he\u0161tegove #SuhaKoritaRijekaBiH i #epp prilikom dijeljenja fotografija i videa na Va\u0161im li\u010dnim profilima.<\/li>\n<\/ul>\n<p>U ljetnim mjesecima, kada je sezona kupanja u rijekama, ljudi sve vi\u0161e nailaze na zabrinjavaju\u0107e niske vodostaje, \u010desto i isu\u0161ena korita. Prema mi\u0161ljenju ekologa, za to su krivi operatori malih hidroelektrana (MHE), a nedostatak kapaciteta Ministarstva poljoprivrede, \u0161umarstva i vodoprivrede Republike Srpske i Ministarstva poljoprivrede, vodoprivrede i \u0161umarstva Federacije (BiH) ne doprinosi da se ovaj problem rije\u0161i, saop\u0161teno je.<\/p>\n<p>\u201eImamo rijeku Ugar koja ve\u0107 godinama unazad, nakon stavljanja u pogon niza malih hidroelektrana, vi\u0161e li\u010di na neki potok, \u0161to je zaista tu\u017eno. Brojne hidroelektrane u na\u0161oj zemlji ne odr\u017eavaju odgovaraju\u0107i vodostaj i zato, pogotovo tokom ljetnjih mjeseci, imamo potpuno isu\u0161ena korita. Ovakva praksa ima ogroman negativni uticaj na ekosistem, biodiverzitet, ali i na lokalne zajednice. Jedno od rje\u0161enja svakako jeste koncept ekolo\u0161ki prihvatljivog protoka\u201c, izjavio je\u00a0 Milo\u0161 Orli\u0107, koordinator Koalicije za za\u0161titu rijeka u BiH.<\/p>\n<p>FBiH ima <a href=\"https:\/\/www.fuzip.gov.ba\/bundles\/websitenews\/gallery\/files\/117\/149725613627_Pravilnik_o_na\u010dinu_odre\u0111ivanja_ekolo\u0161ki_prihvatljivog_protoka_(_Slu\u017ebene_novine_FBiH_,_broj__4_13).pdf\">Pravilnik o ekolo\u0161ki prihvatljivom protoku<\/a>, koji je stupio na snagu 2013. godine. Me\u0111utim, Pravilnik je ve\u0107 tada bio prili\u010dno neprimjenjivo formulisan, te je danas u velikoj mjeri neupotrebljiv, navodi Koalicija. S druge strane, u Republici Srpskoj ne postoji takav pravilnik.<\/p>\n<p>U 2018. godini <a href=\"https:\/\/www.unece.org\/fileadmin\/DAM\/env\/epr\/epr_studies\/ECE.CEP.184.Eng.pdf\">izvje\u0161taj UNECE-a<\/a> kritikovao je trenutni status, sugeri\u0161u\u0107i da se \u201eprovede program pra\u0107enja ekolo\u0161ki prihvatljivog\u00a0 protoka i primijeni tamo gdje se ne primjenjuje\u201c.<\/p>\n<p>Stru\u010dnjaci Centra za \u017eivotnu sredinu (Banja Luka, BiH) i Arnike (Prag, \u010ce\u0161ka Republika) poslali su <a href=\"https:\/\/english.arnika.org\/press-releases\/bosnia-and-herzegovina-needs-a-regulation-on-minimum-river-flow\">prijedlog nacrta pravilnika<\/a> entitetskim ministarstvima, kao i drugim nadle\u017enim institucijama. Uprkos primarnoj uskla\u0111enoj izjavi, prijedlog je odbijen zbog nedostatka mjerenja i detaljnih istra\u017eivanja koje ove organizacije ne mogu da sprovedu jer za to su nadle\u017ene vodne agencije, navodi se u saop\u0161tenju.<\/p>\n<p>Koalicija za za\u0161titu rijeka Bosne i Hercegovine osnovana je u junu 2016. godine od strane organizacija civilnog dru\u0161tva i pojedinaca ljubitelja prirode koji prate i preisputuju planove za izgradnju hidroelektrana i zala\u017eu se za razvoj turizma, tradicionalnih i komplementarnih djelatnosti koje mogu osigurati vi\u0161e raznovrsnih radnih mjesta i ostvariti ve\u0107i razvoj lokalnih zajednica, navodi se na sajtu Koalicije.<\/p>\n","protected":false},"excerpt":{"rendered":"<p>Koalicija za za\u0161titu rijeka Bosne i Hercegovine saop\u0161tila je da poziva stanovni\u0161tvo da fotografi\u0161e suha&#8230;<\/p>\n","protected":false},"author":25,"featured_media":31143,"comment_status":"open","ping_status":"closed","sticky":false,"template":"","format":"standard","meta":{"_acf_changed":false,"_monsterinsights_skip_tracking":false,"_monsterinsights_sitenote_active":false,"_monsterinsights_sitenote_note":"","_monsterinsights_sitenote_category":0,"footnotes":""},"categories":[6,4],"tags":[1405,1554],"class_list":["post-25128","post","type-post","status-publish","format-standard","has-post-thumbnail","hentry","category-voda","category-zivotna-sredina","tag-male-hidroelektrane","tag-mhe","country-bosna-i-hercegovina"],"acf":[],"yoast_head":"<!-- This site is optimized with the Yoast SEO plugin v27.4 - https:\/\/yoast.com\/product\/yoast-seo-wordpress\/ -->\n<title>Poziv stanovni\u0161tvu da fotografi\u0161e suha korita rijeka \u0161irom BiH<\/title>\n<meta name=\"description\" content=\"Koalicija za za\u0161titu rijeka Bosne i Hercegovine saop\u0161tila je da poziva stanovni\u0161tvo da fotografi\u0161e suha korita svojih rijeka \u0161irom zemlje.\" \/>\n<meta name=\"robots\" content=\"index, follow, max-snippet:-1, max-image-preview:large, max-video-preview:-1\" \/>\n<link rel=\"canonical\" href=\"https:\/\/balkangreenenergynews.com\/rs\/poziv-stanovnistvu-da-fotografise-suha-korita-rijeka-sirom-bih\/\" \/>\n<meta property=\"og:locale\" content=\"sr_RS\" \/>\n<meta property=\"og:type\" content=\"article\" \/>\n<meta property=\"og:title\" content=\"Poziv stanovni\u0161tvu da fotografi\u0161e suha korita rijeka \u0161irom BiH\" \/>\n<meta property=\"og:description\" content=\"Koalicija za za\u0161titu rijeka Bosne i Hercegovine saop\u0161tila je da poziva stanovni\u0161tvo da fotografi\u0161e suha korita svojih rijeka \u0161irom zemlje.\" \/>\n<meta property=\"og:url\" content=\"https:\/\/balkangreenenergynews.com\/rs\/poziv-stanovnistvu-da-fotografise-suha-korita-rijeka-sirom-bih\/\" \/>\n<meta property=\"og:site_name\" content=\"Balkan Green Energy News\" \/>\n<meta property=\"article:published_time\" content=\"2019-08-16T09:22:48+00:00\" \/>\n<meta property=\"article:modified_time\" content=\"2020-06-05T15:43:54+00:00\" \/>\n<meta property=\"og:image\" content=\"https:\/\/balkangreenenergynews.com\/rs\/wp-content\/uploads\/2019\/08\/Fotografisite-suha-korita-spasimo-rijeke-Bosne-i-Hercegovine.png\" \/>\n\t<meta property=\"og:image:width\" content=\"795\" \/>\n\t<meta property=\"og:image:height\" content=\"407\" \/>\n\t<meta property=\"og:image:type\" content=\"image\/png\" \/>\n<meta name=\"author\" content=\"Balkan Green Energy News\" \/>\n<meta name=\"twitter:card\" content=\"summary_large_image\" \/>\n<meta name=\"twitter:label1\" content=\"\u041d\u0430\u043f\u0438\u0441\u0430\u043d\u043e \u043e\u0434\" \/>\n\t<meta name=\"twitter:data1\" content=\"Balkan Green Energy News\" \/>\n\t<meta name=\"twitter:label2\" content=\"\u041f\u0440\u043e\u0446\u0435\u045a\u0435\u043d\u043e \u0432\u0440\u0435\u043c\u0435 \u0447\u0438\u0442\u0430\u045a\u0430\" \/>\n\t<meta name=\"twitter:data2\" content=\"2 \u043c\u0438\u043d\u0443\u0442\u0430\" \/>\n<script type=\"application\/ld+json\" class=\"yoast-schema-graph\">{\"@context\":\"https:\\\/\\\/schema.org\",\"@graph\":[{\"@type\":\"Article\",\"@id\":\"https:\\\/\\\/balkangreenenergynews.com\\\/rs\\\/poziv-stanovnistvu-da-fotografise-suha-korita-rijeka-sirom-bih\\\/#article\",\"isPartOf\":{\"@id\":\"https:\\\/\\\/balkangreenenergynews.com\\\/rs\\\/poziv-stanovnistvu-da-fotografise-suha-korita-rijeka-sirom-bih\\\/\"},\"author\":{\"name\":\"Balkan Green Energy News\",\"@id\":\"https:\\\/\\\/balkangreenenergynews.com\\\/rs\\\/#\\\/schema\\\/person\\\/dee275e6036b1a0f7ceaf956d79d4eff\"},\"headline\":\"Poziv stanovni\u0161tvu da fotografi\u0161e suha korita rijeka \u0161irom BiH\",\"datePublished\":\"2019-08-16T09:22:48+00:00\",\"dateModified\":\"2020-06-05T15:43:54+00:00\",\"mainEntityOfPage\":{\"@id\":\"https:\\\/\\\/balkangreenenergynews.com\\\/rs\\\/poziv-stanovnistvu-da-fotografise-suha-korita-rijeka-sirom-bih\\\/\"},\"wordCount\":487,\"commentCount\":0,\"image\":{\"@id\":\"https:\\\/\\\/balkangreenenergynews.com\\\/rs\\\/poziv-stanovnistvu-da-fotografise-suha-korita-rijeka-sirom-bih\\\/#primaryimage\"},\"thumbnailUrl\":\"https:\\\/\\\/balkangreenenergynews.com\\\/rs\\\/wp-content\\\/uploads\\\/2019\\\/08\\\/Fotografisite-suha-korita-spasimo-rijeke-Bosne-i-Hercegovine.png?wsr\",\"keywords\":[\"male hidroelektrane\",\"MHE\"],\"articleSection\":[\"Voda\",\"\u017divotna sredina\"],\"inLanguage\":\"sr-RS\",\"potentialAction\":[{\"@type\":\"CommentAction\",\"name\":\"Comment\",\"target\":[\"https:\\\/\\\/balkangreenenergynews.com\\\/rs\\\/poziv-stanovnistvu-da-fotografise-suha-korita-rijeka-sirom-bih\\\/#respond\"]}]},{\"@type\":\"WebPage\",\"@id\":\"https:\\\/\\\/balkangreenenergynews.com\\\/rs\\\/poziv-stanovnistvu-da-fotografise-suha-korita-rijeka-sirom-bih\\\/\",\"url\":\"https:\\\/\\\/balkangreenenergynews.com\\\/rs\\\/poziv-stanovnistvu-da-fotografise-suha-korita-rijeka-sirom-bih\\\/\",\"name\":\"Poziv stanovni\u0161tvu da fotografi\u0161e suha korita rijeka \u0161irom BiH\",\"isPartOf\":{\"@id\":\"https:\\\/\\\/balkangreenenergynews.com\\\/rs\\\/#website\"},\"primaryImageOfPage\":{\"@id\":\"https:\\\/\\\/balkangreenenergynews.com\\\/rs\\\/poziv-stanovnistvu-da-fotografise-suha-korita-rijeka-sirom-bih\\\/#primaryimage\"},\"image\":{\"@id\":\"https:\\\/\\\/balkangreenenergynews.com\\\/rs\\\/poziv-stanovnistvu-da-fotografise-suha-korita-rijeka-sirom-bih\\\/#primaryimage\"},\"thumbnailUrl\":\"https:\\\/\\\/balkangreenenergynews.com\\\/rs\\\/wp-content\\\/uploads\\\/2019\\\/08\\\/Fotografisite-suha-korita-spasimo-rijeke-Bosne-i-Hercegovine.png?wsr\",\"datePublished\":\"2019-08-16T09:22:48+00:00\",\"dateModified\":\"2020-06-05T15:43:54+00:00\",\"author\":{\"@id\":\"https:\\\/\\\/balkangreenenergynews.com\\\/rs\\\/#\\\/schema\\\/person\\\/dee275e6036b1a0f7ceaf956d79d4eff\"},\"description\":\"Koalicija za za\u0161titu rijeka Bosne i Hercegovine saop\u0161tila je da poziva stanovni\u0161tvo da fotografi\u0161e suha korita svojih rijeka \u0161irom zemlje.\",\"breadcrumb\":{\"@id\":\"https:\\\/\\\/balkangreenenergynews.com\\\/rs\\\/poziv-stanovnistvu-da-fotografise-suha-korita-rijeka-sirom-bih\\\/#breadcrumb\"},\"inLanguage\":\"sr-RS\",\"potentialAction\":[{\"@type\":\"ReadAction\",\"target\":[\"https:\\\/\\\/balkangreenenergynews.com\\\/rs\\\/poziv-stanovnistvu-da-fotografise-suha-korita-rijeka-sirom-bih\\\/\"]}]},{\"@type\":\"ImageObject\",\"inLanguage\":\"sr-RS\",\"@id\":\"https:\\\/\\\/balkangreenenergynews.com\\\/rs\\\/poziv-stanovnistvu-da-fotografise-suha-korita-rijeka-sirom-bih\\\/#primaryimage\",\"url\":\"https:\\\/\\\/balkangreenenergynews.com\\\/rs\\\/wp-content\\\/uploads\\\/2019\\\/08\\\/Fotografisite-suha-korita-spasimo-rijeke-Bosne-i-Hercegovine.png?wsr\",\"contentUrl\":\"https:\\\/\\\/balkangreenenergynews.com\\\/rs\\\/wp-content\\\/uploads\\\/2019\\\/08\\\/Fotografisite-suha-korita-spasimo-rijeke-Bosne-i-Hercegovine.png?wsr\",\"width\":795,\"height\":407,\"caption\":\"Fotografisite-suha-korita-spasimo-rijeke-Bosne-i-Hercegovine.png\"},{\"@type\":\"BreadcrumbList\",\"@id\":\"https:\\\/\\\/balkangreenenergynews.com\\\/rs\\\/poziv-stanovnistvu-da-fotografise-suha-korita-rijeka-sirom-bih\\\/#breadcrumb\",\"itemListElement\":[{\"@type\":\"ListItem\",\"position\":1,\"name\":\"Po\u010detna\",\"item\":\"https:\\\/\\\/balkangreenenergynews.com\\\/rs\\\/\"},{\"@type\":\"ListItem\",\"position\":2,\"name\":\"Vesti\",\"item\":\"https:\\\/\\\/balkangreenenergynews.com\\\/rs\\\/kategorija\\\/vesti\\\/\"},{\"@type\":\"ListItem\",\"position\":3,\"name\":\"Voda\",\"item\":\"https:\\\/\\\/balkangreenenergynews.com\\\/rs\\\/kategorija\\\/vesti\\\/voda\\\/\"},{\"@type\":\"ListItem\",\"position\":4,\"name\":\"Poziv stanovni\u0161tvu da fotografi\u0161e suha korita rijeka \u0161irom BiH\"}]},{\"@type\":\"WebSite\",\"@id\":\"https:\\\/\\\/balkangreenenergynews.com\\\/rs\\\/#website\",\"url\":\"https:\\\/\\\/balkangreenenergynews.com\\\/rs\\\/\",\"name\":\"Balkan Green Energy News\",\"description\":\"Naj\u0161iri izbor vesti sa Balkana o zelenoj energiji\",\"potentialAction\":[{\"@type\":\"SearchAction\",\"target\":{\"@type\":\"EntryPoint\",\"urlTemplate\":\"https:\\\/\\\/balkangreenenergynews.com\\\/rs\\\/?s={search_term_string}\"},\"query-input\":{\"@type\":\"PropertyValueSpecification\",\"valueRequired\":true,\"valueName\":\"search_term_string\"}}],\"inLanguage\":\"sr-RS\"},{\"@type\":\"Person\",\"@id\":\"https:\\\/\\\/balkangreenenergynews.com\\\/rs\\\/#\\\/schema\\\/person\\\/dee275e6036b1a0f7ceaf956d79d4eff\",\"name\":\"Balkan Green Energy News\",\"url\":\"https:\\\/\\\/balkangreenenergynews.com\\\/rs\\\/author\\\/balkangreenenergynews\\\/\"}]}<\/script>\n<!-- \/ Yoast SEO plugin. -->","yoast_head_json":{"title":"Poziv stanovni\u0161tvu da fotografi\u0161e suha korita rijeka \u0161irom BiH","description":"Koalicija za za\u0161titu rijeka Bosne i Hercegovine saop\u0161tila je da poziva stanovni\u0161tvo da fotografi\u0161e suha korita svojih rijeka \u0161irom zemlje.","robots":{"index":"index","follow":"follow","max-snippet":"max-snippet:-1","max-image-preview":"max-image-preview:large","max-video-preview":"max-video-preview:-1"},"canonical":"https:\/\/balkangreenenergynews.com\/rs\/poziv-stanovnistvu-da-fotografise-suha-korita-rijeka-sirom-bih\/","og_locale":"sr_RS","og_type":"article","og_title":"Poziv stanovni\u0161tvu da fotografi\u0161e suha korita rijeka \u0161irom BiH","og_description":"Koalicija za za\u0161titu rijeka Bosne i Hercegovine saop\u0161tila je da poziva stanovni\u0161tvo da fotografi\u0161e suha korita svojih rijeka \u0161irom zemlje.","og_url":"https:\/\/balkangreenenergynews.com\/rs\/poziv-stanovnistvu-da-fotografise-suha-korita-rijeka-sirom-bih\/","og_site_name":"Balkan Green Energy News","article_published_time":"2019-08-16T09:22:48+00:00","article_modified_time":"2020-06-05T15:43:54+00:00","og_image":[{"width":795,"height":407,"url":"https:\/\/balkangreenenergynews.com\/rs\/wp-content\/uploads\/2019\/08\/Fotografisite-suha-korita-spasimo-rijeke-Bosne-i-Hercegovine.png","type":"image\/png"}],"author":"Balkan Green Energy News","twitter_card":"summary_large_image","twitter_misc":{"\u041d\u0430\u043f\u0438\u0441\u0430\u043d\u043e \u043e\u0434":"Balkan Green Energy News","\u041f\u0440\u043e\u0446\u0435\u045a\u0435\u043d\u043e \u0432\u0440\u0435\u043c\u0435 \u0447\u0438\u0442\u0430\u045a\u0430":"2 \u043c\u0438\u043d\u0443\u0442\u0430"},"schema":{"@context":"https:\/\/schema.org","@graph":[{"@type":"Article","@id":"https:\/\/balkangreenenergynews.com\/rs\/poziv-stanovnistvu-da-fotografise-suha-korita-rijeka-sirom-bih\/#article","isPartOf":{"@id":"https:\/\/balkangreenenergynews.com\/rs\/poziv-stanovnistvu-da-fotografise-suha-korita-rijeka-sirom-bih\/"},"author":{"name":"Balkan Green Energy News","@id":"https:\/\/balkangreenenergynews.com\/rs\/#\/schema\/person\/dee275e6036b1a0f7ceaf956d79d4eff"},"headline":"Poziv stanovni\u0161tvu da fotografi\u0161e suha korita rijeka \u0161irom BiH","datePublished":"2019-08-16T09:22:48+00:00","dateModified":"2020-06-05T15:43:54+00:00","mainEntityOfPage":{"@id":"https:\/\/balkangreenenergynews.com\/rs\/poziv-stanovnistvu-da-fotografise-suha-korita-rijeka-sirom-bih\/"},"wordCount":487,"commentCount":0,"image":{"@id":"https:\/\/balkangreenenergynews.com\/rs\/poziv-stanovnistvu-da-fotografise-suha-korita-rijeka-sirom-bih\/#primaryimage"},"thumbnailUrl":"https:\/\/balkangreenenergynews.com\/rs\/wp-content\/uploads\/2019\/08\/Fotografisite-suha-korita-spasimo-rijeke-Bosne-i-Hercegovine.png?wsr","keywords":["male hidroelektrane","MHE"],"articleSection":["Voda","\u017divotna sredina"],"inLanguage":"sr-RS","potentialAction":[{"@type":"CommentAction","name":"Comment","target":["https:\/\/balkangreenenergynews.com\/rs\/poziv-stanovnistvu-da-fotografise-suha-korita-rijeka-sirom-bih\/#respond"]}]},{"@type":"WebPage","@id":"https:\/\/balkangreenenergynews.com\/rs\/poziv-stanovnistvu-da-fotografise-suha-korita-rijeka-sirom-bih\/","url":"https:\/\/balkangreenenergynews.com\/rs\/poziv-stanovnistvu-da-fotografise-suha-korita-rijeka-sirom-bih\/","name":"Poziv stanovni\u0161tvu da fotografi\u0161e suha korita rijeka \u0161irom BiH","isPartOf":{"@id":"https:\/\/balkangreenenergynews.com\/rs\/#website"},"primaryImageOfPage":{"@id":"https:\/\/balkangreenenergynews.com\/rs\/poziv-stanovnistvu-da-fotografise-suha-korita-rijeka-sirom-bih\/#primaryimage"},"image":{"@id":"https:\/\/balkangreenenergynews.com\/rs\/poziv-stanovnistvu-da-fotografise-suha-korita-rijeka-sirom-bih\/#primaryimage"},"thumbnailUrl":"https:\/\/balkangreenenergynews.com\/rs\/wp-content\/uploads\/2019\/08\/Fotografisite-suha-korita-spasimo-rijeke-Bosne-i-Hercegovine.png?wsr","datePublished":"2019-08-16T09:22:48+00:00","dateModified":"2020-06-05T15:43:54+00:00","author":{"@id":"https:\/\/balkangreenenergynews.com\/rs\/#\/schema\/person\/dee275e6036b1a0f7ceaf956d79d4eff"},"description":"Koalicija za za\u0161titu rijeka Bosne i Hercegovine saop\u0161tila je da poziva stanovni\u0161tvo da fotografi\u0161e suha korita svojih rijeka \u0161irom zemlje.","breadcrumb":{"@id":"https:\/\/balkangreenenergynews.com\/rs\/poziv-stanovnistvu-da-fotografise-suha-korita-rijeka-sirom-bih\/#breadcrumb"},"inLanguage":"sr-RS","potentialAction":[{"@type":"ReadAction","target":["https:\/\/balkangreenenergynews.com\/rs\/poziv-stanovnistvu-da-fotografise-suha-korita-rijeka-sirom-bih\/"]}]},{"@type":"ImageObject","inLanguage":"sr-RS","@id":"https:\/\/balkangreenenergynews.com\/rs\/poziv-stanovnistvu-da-fotografise-suha-korita-rijeka-sirom-bih\/#primaryimage","url":"https:\/\/balkangreenenergynews.com\/rs\/wp-content\/uploads\/2019\/08\/Fotografisite-suha-korita-spasimo-rijeke-Bosne-i-Hercegovine.png?wsr","contentUrl":"https:\/\/balkangreenenergynews.com\/rs\/wp-content\/uploads\/2019\/08\/Fotografisite-suha-korita-spasimo-rijeke-Bosne-i-Hercegovine.png?wsr","width":795,"height":407,"caption":"Fotografisite-suha-korita-spasimo-rijeke-Bosne-i-Hercegovine.png"},{"@type":"BreadcrumbList","@id":"https:\/\/balkangreenenergynews.com\/rs\/poziv-stanovnistvu-da-fotografise-suha-korita-rijeka-sirom-bih\/#breadcrumb","itemListElement":[{"@type":"ListItem","position":1,"name":"Po\u010detna","item":"https:\/\/balkangreenenergynews.com\/rs\/"},{"@type":"ListItem","position":2,"name":"Vesti","item":"https:\/\/balkangreenenergynews.com\/rs\/kategorija\/vesti\/"},{"@type":"ListItem","position":3,"name":"Voda","item":"https:\/\/balkangreenenergynews.com\/rs\/kategorija\/vesti\/voda\/"},{"@type":"ListItem","position":4,"name":"Poziv stanovni\u0161tvu da fotografi\u0161e suha korita rijeka \u0161irom BiH"}]},{"@type":"WebSite","@id":"https:\/\/balkangreenenergynews.com\/rs\/#website","url":"https:\/\/balkangreenenergynews.com\/rs\/","name":"Balkan Green Energy News","description":"Naj\u0161iri izbor vesti sa Balkana o zelenoj energiji","potentialAction":[{"@type":"SearchAction","target":{"@type":"EntryPoint","urlTemplate":"https:\/\/balkangreenenergynews.com\/rs\/?s={search_term_string}"},"query-input":{"@type":"PropertyValueSpecification","valueRequired":true,"valueName":"search_term_string"}}],"inLanguage":"sr-RS"},{"@type":"Person","@id":"https:\/\/balkangreenenergynews.com\/rs\/#\/schema\/person\/dee275e6036b1a0f7ceaf956d79d4eff","name":"Balkan Green Energy News","url":"https:\/\/balkangreenenergynews.com\/rs\/author\/balkangreenenergynews\/"}]}},"_links":{"self":[{"href":"https:\/\/balkangreenenergynews.com\/rs\/wp-json\/wp\/v2\/posts\/25128","targetHints":{"allow":["GET"]}}],"collection":[{"href":"https:\/\/balkangreenenergynews.com\/rs\/wp-json\/wp\/v2\/posts"}],"about":[{"href":"https:\/\/balkangreenenergynews.com\/rs\/wp-json\/wp\/v2\/types\/post"}],"author":[{"embeddable":true,"href":"https:\/\/balkangreenenergynews.com\/rs\/wp-json\/wp\/v2\/users\/25"}],"replies":[{"embeddable":true,"href":"https:\/\/balkangreenenergynews.com\/rs\/wp-json\/wp\/v2\/comments?post=25128"}],"version-history":[{"count":0,"href":"https:\/\/balkangreenenergynews.com\/rs\/wp-json\/wp\/v2\/posts\/25128\/revisions"}],"wp:featuredmedia":[{"embeddable":true,"href":"https:\/\/balkangreenenergynews.com\/rs\/wp-json\/wp\/v2\/media\/31143"}],"wp:attachment":[{"href":"https:\/\/balkangreenenergynews.com\/rs\/wp-json\/wp\/v2\/media?parent=25128"}],"wp:term":[{"taxonomy":"category","embeddable":true,"href":"https:\/\/balkangreenenergynews.com\/rs\/wp-json\/wp\/v2\/categories?post=25128"},{"taxonomy":"post_tag","embeddable":true,"href":"https:\/\/balkangreenenergynews.com\/rs\/wp-json\/wp\/v2\/tags?post=25128"}],"curies":[{"name":"wp","href":"https:\/\/api.w.org\/{rel}","templated":true}]}}