{"id":25023,"date":"2019-08-09T17:23:52","date_gmt":"2019-08-09T15:23:52","guid":{"rendered":"https:\/\/balkangreenenergynews.com\/rs\/?p=25023"},"modified":"2020-06-18T17:29:42","modified_gmt":"2020-06-18T15:29:42","slug":"posaljite-svoje-radove-na-foto-konkurs-priroda-bez-cenzure","status":"publish","type":"post","link":"https:\/\/balkangreenenergynews.com\/rs\/posaljite-svoje-radove-na-foto-konkurs-priroda-bez-cenzure\/","title":{"rendered":"Po\u0161aljite svoje radove na foto-konkurs Priroda bez cenzure"},"content":{"rendered":"<h2>Udru\u017eenje ImpactEco poziva profesionalne fotografe i ljubitelje osme umetnosti da uti\u010du na \u0161irenje ekolo\u0161ke svesti i po\u0161alju svoje fotografije u kojima \u0107e ista\u0107i lepotu krajolika Srbije, ali i ukazati na njene delove koji postepeno gube bitku sa bezobzirnim ljudskim navikama.<\/h2>\n<p>Kako je saop\u0161tilo udru\u017eenje ImpactEco, konkurs je otvoren do 10. septembra u 20h. Nije neophodno da fotografije budu zabele\u017eene profesionalnim fotoaparatom, a broj poslatih fotografija nije ograni\u010den. Fotografije za konkurs se mogu poslati na mejl konkurs@impacteco.org.<\/p>\n<p>U sklopu projekta EkoSPEKTAR ImpactEco \u0107e 19. septembra u Madlenianumu organizovati izlo\u017ebu najboljih radova fotografa iz Srbije.<\/p>\n<p>&#8222;Profesionalnim fotografima i ljubiteljima osme umetnosti, koji inspiraciju pronalaze u prirodi, udru\u017eenje ImpactEco pru\u017ea mogu\u0107nost da plodovi njihovog kreativnog delovanja budu izlo\u017eeni pred predstavnicima institucija, organizacija i kompanija koje posluju u domenu odr\u017eivog razvoja i dru\u0161tveno odgovornog poslovanja, influenserima i medijima&#8220;, saop\u0161tilo je Udru\u017eenje.<\/p>\n<p>Projekat EkoSPEKTAR je osmi\u0161ljen kao networking doga\u0111aj, \u010diji je va\u017ean deo izlo\u017eba tokom koje \u0107e biti predstavljeni najbolji radovi fotografa iz Srbije &#8211; fotografije koji svedo\u010de o postojanju dva spektra u na\u0161oj \u017eivotnoj sredini &#8211; jednog, koji je posledica negativnog delovanja ljudskog faktora, i drugog, koji postoji kada vodimo ra\u010duna o prirodi i pronalazimo na\u010dine kako da koegzistiramo sa njom, saop\u0161tilo je Udru\u017eenje.<\/p>\n<p><a href=\"https:\/\/impacteco.org\/\">ImpactEco<\/a> je ekolo\u0161ko udru\u017eenje koje se bavi odr\u017eivim razvojem i za\u0161titom \u017eivotne sredine.<\/p>\n","protected":false},"excerpt":{"rendered":"<p>Udru\u017eenje ImpactEco poziva profesionalne fotografe i ljubitelje osme umetnosti da uti\u010du na \u0161irenje ekolo\u0161ke svesti&#8230;<\/p>\n","protected":false},"author":23,"featured_media":31446,"comment_status":"open","ping_status":"closed","sticky":false,"template":"","format":"standard","meta":{"_acf_changed":false,"_monsterinsights_skip_tracking":false,"_monsterinsights_sitenote_active":false,"_monsterinsights_sitenote_note":"","_monsterinsights_sitenote_category":0,"footnotes":""},"categories":[4],"tags":[1079],"class_list":["post-25023","post","type-post","status-publish","format-standard","has-post-thumbnail","hentry","category-zivotna-sredina","tag-odrzivi-razvoj","country-srbija"],"acf":[],"yoast_head":"<!-- This site is optimized with the Yoast SEO plugin v27.4 - https:\/\/yoast.com\/product\/yoast-seo-wordpress\/ -->\n<title>Po\u0161aljite svoje radove na foto-konkurs Priroda bez cenzure<\/title>\n<meta name=\"description\" content=\"Udru\u017eenje ImpactEco poziva ljubitelje osme umetnosti da uti\u010du na \u0161irenje ekolo\u0161ke svesti i po\u0161alju svoje fotografije na konkurs koji traje do 10. septembra.\" \/>\n<meta name=\"robots\" content=\"index, follow, max-snippet:-1, max-image-preview:large, max-video-preview:-1\" \/>\n<link rel=\"canonical\" href=\"https:\/\/balkangreenenergynews.com\/rs\/posaljite-svoje-radove-na-foto-konkurs-priroda-bez-cenzure\/\" \/>\n<meta property=\"og:locale\" content=\"sr_RS\" \/>\n<meta property=\"og:type\" content=\"article\" \/>\n<meta property=\"og:title\" content=\"Po\u0161aljite svoje radove na foto-konkurs Priroda bez cenzure\" \/>\n<meta property=\"og:description\" content=\"Udru\u017eenje ImpactEco poziva ljubitelje osme umetnosti da uti\u010du na \u0161irenje ekolo\u0161ke svesti i po\u0161alju svoje fotografije na konkurs koji traje do 10. septembra.\" \/>\n<meta property=\"og:url\" content=\"https:\/\/balkangreenenergynews.com\/rs\/posaljite-svoje-radove-na-foto-konkurs-priroda-bez-cenzure\/\" \/>\n<meta property=\"og:site_name\" content=\"Balkan Green Energy News\" \/>\n<meta property=\"article:published_time\" content=\"2019-08-09T15:23:52+00:00\" \/>\n<meta property=\"article:modified_time\" content=\"2020-06-18T15:29:42+00:00\" \/>\n<meta property=\"og:image\" content=\"https:\/\/balkangreenenergynews.com\/rs\/wp-content\/uploads\/2019\/08\/foto-konkurs-Priroda-bez-cenzure.jpg\" \/>\n\t<meta property=\"og:image:width\" content=\"795\" \/>\n\t<meta property=\"og:image:height\" content=\"407\" \/>\n\t<meta property=\"og:image:type\" content=\"image\/jpeg\" \/>\n<meta name=\"author\" content=\"Vladimir Spasi\u0107\" \/>\n<meta name=\"twitter:card\" content=\"summary_large_image\" \/>\n<meta name=\"twitter:label1\" content=\"\u041d\u0430\u043f\u0438\u0441\u0430\u043d\u043e \u043e\u0434\" \/>\n\t<meta name=\"twitter:data1\" content=\"Vladimir Spasi\u0107\" \/>\n\t<meta name=\"twitter:label2\" content=\"\u041f\u0440\u043e\u0446\u0435\u045a\u0435\u043d\u043e \u0432\u0440\u0435\u043c\u0435 \u0447\u0438\u0442\u0430\u045a\u0430\" \/>\n\t<meta name=\"twitter:data2\" content=\"1 \u043c\u0438\u043d\u0443\u0442\" \/>\n<script type=\"application\/ld+json\" class=\"yoast-schema-graph\">{\"@context\":\"https:\\\/\\\/schema.org\",\"@graph\":[{\"@type\":\"Article\",\"@id\":\"https:\\\/\\\/balkangreenenergynews.com\\\/rs\\\/posaljite-svoje-radove-na-foto-konkurs-priroda-bez-cenzure\\\/#article\",\"isPartOf\":{\"@id\":\"https:\\\/\\\/balkangreenenergynews.com\\\/rs\\\/posaljite-svoje-radove-na-foto-konkurs-priroda-bez-cenzure\\\/\"},\"author\":{\"name\":\"Vladimir Spasi\u0107\",\"@id\":\"https:\\\/\\\/balkangreenenergynews.com\\\/rs\\\/#\\\/schema\\\/person\\\/99dc721c46113fea22caffad06ef7317\"},\"headline\":\"Po\u0161aljite svoje radove na foto-konkurs Priroda bez cenzure\",\"datePublished\":\"2019-08-09T15:23:52+00:00\",\"dateModified\":\"2020-06-18T15:29:42+00:00\",\"mainEntityOfPage\":{\"@id\":\"https:\\\/\\\/balkangreenenergynews.com\\\/rs\\\/posaljite-svoje-radove-na-foto-konkurs-priroda-bez-cenzure\\\/\"},\"wordCount\":254,\"commentCount\":0,\"image\":{\"@id\":\"https:\\\/\\\/balkangreenenergynews.com\\\/rs\\\/posaljite-svoje-radove-na-foto-konkurs-priroda-bez-cenzure\\\/#primaryimage\"},\"thumbnailUrl\":\"https:\\\/\\\/balkangreenenergynews.com\\\/rs\\\/wp-content\\\/uploads\\\/2019\\\/08\\\/foto-konkurs-Priroda-bez-cenzure.jpg?wsr\",\"keywords\":[\"odr\u017eivi razvoj\"],\"articleSection\":[\"\u017divotna sredina\"],\"inLanguage\":\"sr-RS\",\"potentialAction\":[{\"@type\":\"CommentAction\",\"name\":\"Comment\",\"target\":[\"https:\\\/\\\/balkangreenenergynews.com\\\/rs\\\/posaljite-svoje-radove-na-foto-konkurs-priroda-bez-cenzure\\\/#respond\"]}]},{\"@type\":\"WebPage\",\"@id\":\"https:\\\/\\\/balkangreenenergynews.com\\\/rs\\\/posaljite-svoje-radove-na-foto-konkurs-priroda-bez-cenzure\\\/\",\"url\":\"https:\\\/\\\/balkangreenenergynews.com\\\/rs\\\/posaljite-svoje-radove-na-foto-konkurs-priroda-bez-cenzure\\\/\",\"name\":\"Po\u0161aljite svoje radove na foto-konkurs Priroda bez cenzure\",\"isPartOf\":{\"@id\":\"https:\\\/\\\/balkangreenenergynews.com\\\/rs\\\/#website\"},\"primaryImageOfPage\":{\"@id\":\"https:\\\/\\\/balkangreenenergynews.com\\\/rs\\\/posaljite-svoje-radove-na-foto-konkurs-priroda-bez-cenzure\\\/#primaryimage\"},\"image\":{\"@id\":\"https:\\\/\\\/balkangreenenergynews.com\\\/rs\\\/posaljite-svoje-radove-na-foto-konkurs-priroda-bez-cenzure\\\/#primaryimage\"},\"thumbnailUrl\":\"https:\\\/\\\/balkangreenenergynews.com\\\/rs\\\/wp-content\\\/uploads\\\/2019\\\/08\\\/foto-konkurs-Priroda-bez-cenzure.jpg?wsr\",\"datePublished\":\"2019-08-09T15:23:52+00:00\",\"dateModified\":\"2020-06-18T15:29:42+00:00\",\"author\":{\"@id\":\"https:\\\/\\\/balkangreenenergynews.com\\\/rs\\\/#\\\/schema\\\/person\\\/99dc721c46113fea22caffad06ef7317\"},\"description\":\"Udru\u017eenje ImpactEco poziva ljubitelje osme umetnosti da uti\u010du na \u0161irenje ekolo\u0161ke svesti i po\u0161alju svoje fotografije na konkurs koji traje do 10. septembra.\",\"breadcrumb\":{\"@id\":\"https:\\\/\\\/balkangreenenergynews.com\\\/rs\\\/posaljite-svoje-radove-na-foto-konkurs-priroda-bez-cenzure\\\/#breadcrumb\"},\"inLanguage\":\"sr-RS\",\"potentialAction\":[{\"@type\":\"ReadAction\",\"target\":[\"https:\\\/\\\/balkangreenenergynews.com\\\/rs\\\/posaljite-svoje-radove-na-foto-konkurs-priroda-bez-cenzure\\\/\"]}]},{\"@type\":\"ImageObject\",\"inLanguage\":\"sr-RS\",\"@id\":\"https:\\\/\\\/balkangreenenergynews.com\\\/rs\\\/posaljite-svoje-radove-na-foto-konkurs-priroda-bez-cenzure\\\/#primaryimage\",\"url\":\"https:\\\/\\\/balkangreenenergynews.com\\\/rs\\\/wp-content\\\/uploads\\\/2019\\\/08\\\/foto-konkurs-Priroda-bez-cenzure.jpg?wsr\",\"contentUrl\":\"https:\\\/\\\/balkangreenenergynews.com\\\/rs\\\/wp-content\\\/uploads\\\/2019\\\/08\\\/foto-konkurs-Priroda-bez-cenzure.jpg?wsr\",\"width\":795,\"height\":407,\"caption\":\"foto-konkurs-Priroda-bez-cenzure\"},{\"@type\":\"BreadcrumbList\",\"@id\":\"https:\\\/\\\/balkangreenenergynews.com\\\/rs\\\/posaljite-svoje-radove-na-foto-konkurs-priroda-bez-cenzure\\\/#breadcrumb\",\"itemListElement\":[{\"@type\":\"ListItem\",\"position\":1,\"name\":\"Po\u010detna\",\"item\":\"https:\\\/\\\/balkangreenenergynews.com\\\/rs\\\/\"},{\"@type\":\"ListItem\",\"position\":2,\"name\":\"Vesti\",\"item\":\"https:\\\/\\\/balkangreenenergynews.com\\\/rs\\\/kategorija\\\/vesti\\\/\"},{\"@type\":\"ListItem\",\"position\":3,\"name\":\"\u017divotna sredina\",\"item\":\"https:\\\/\\\/balkangreenenergynews.com\\\/rs\\\/kategorija\\\/vesti\\\/zivotna-sredina\\\/\"},{\"@type\":\"ListItem\",\"position\":4,\"name\":\"Po\u0161aljite svoje radove na foto-konkurs Priroda bez cenzure\"}]},{\"@type\":\"WebSite\",\"@id\":\"https:\\\/\\\/balkangreenenergynews.com\\\/rs\\\/#website\",\"url\":\"https:\\\/\\\/balkangreenenergynews.com\\\/rs\\\/\",\"name\":\"Balkan Green Energy News\",\"description\":\"Naj\u0161iri izbor vesti sa Balkana o zelenoj energiji\",\"potentialAction\":[{\"@type\":\"SearchAction\",\"target\":{\"@type\":\"EntryPoint\",\"urlTemplate\":\"https:\\\/\\\/balkangreenenergynews.com\\\/rs\\\/?s={search_term_string}\"},\"query-input\":{\"@type\":\"PropertyValueSpecification\",\"valueRequired\":true,\"valueName\":\"search_term_string\"}}],\"inLanguage\":\"sr-RS\"},{\"@type\":\"Person\",\"@id\":\"https:\\\/\\\/balkangreenenergynews.com\\\/rs\\\/#\\\/schema\\\/person\\\/99dc721c46113fea22caffad06ef7317\",\"name\":\"Vladimir Spasi\u0107\",\"url\":\"https:\\\/\\\/balkangreenenergynews.com\\\/rs\\\/author\\\/vladimir-spasic\\\/\"}]}<\/script>\n<!-- \/ Yoast SEO plugin. -->","yoast_head_json":{"title":"Po\u0161aljite svoje radove na foto-konkurs Priroda bez cenzure","description":"Udru\u017eenje ImpactEco poziva ljubitelje osme umetnosti da uti\u010du na \u0161irenje ekolo\u0161ke svesti i po\u0161alju svoje fotografije na konkurs koji traje do 10. septembra.","robots":{"index":"index","follow":"follow","max-snippet":"max-snippet:-1","max-image-preview":"max-image-preview:large","max-video-preview":"max-video-preview:-1"},"canonical":"https:\/\/balkangreenenergynews.com\/rs\/posaljite-svoje-radove-na-foto-konkurs-priroda-bez-cenzure\/","og_locale":"sr_RS","og_type":"article","og_title":"Po\u0161aljite svoje radove na foto-konkurs Priroda bez cenzure","og_description":"Udru\u017eenje ImpactEco poziva ljubitelje osme umetnosti da uti\u010du na \u0161irenje ekolo\u0161ke svesti i po\u0161alju svoje fotografije na konkurs koji traje do 10. septembra.","og_url":"https:\/\/balkangreenenergynews.com\/rs\/posaljite-svoje-radove-na-foto-konkurs-priroda-bez-cenzure\/","og_site_name":"Balkan Green Energy News","article_published_time":"2019-08-09T15:23:52+00:00","article_modified_time":"2020-06-18T15:29:42+00:00","og_image":[{"width":795,"height":407,"url":"https:\/\/balkangreenenergynews.com\/rs\/wp-content\/uploads\/2019\/08\/foto-konkurs-Priroda-bez-cenzure.jpg","type":"image\/jpeg"}],"author":"Vladimir Spasi\u0107","twitter_card":"summary_large_image","twitter_misc":{"\u041d\u0430\u043f\u0438\u0441\u0430\u043d\u043e \u043e\u0434":"Vladimir Spasi\u0107","\u041f\u0440\u043e\u0446\u0435\u045a\u0435\u043d\u043e \u0432\u0440\u0435\u043c\u0435 \u0447\u0438\u0442\u0430\u045a\u0430":"1 \u043c\u0438\u043d\u0443\u0442"},"schema":{"@context":"https:\/\/schema.org","@graph":[{"@type":"Article","@id":"https:\/\/balkangreenenergynews.com\/rs\/posaljite-svoje-radove-na-foto-konkurs-priroda-bez-cenzure\/#article","isPartOf":{"@id":"https:\/\/balkangreenenergynews.com\/rs\/posaljite-svoje-radove-na-foto-konkurs-priroda-bez-cenzure\/"},"author":{"name":"Vladimir Spasi\u0107","@id":"https:\/\/balkangreenenergynews.com\/rs\/#\/schema\/person\/99dc721c46113fea22caffad06ef7317"},"headline":"Po\u0161aljite svoje radove na foto-konkurs Priroda bez cenzure","datePublished":"2019-08-09T15:23:52+00:00","dateModified":"2020-06-18T15:29:42+00:00","mainEntityOfPage":{"@id":"https:\/\/balkangreenenergynews.com\/rs\/posaljite-svoje-radove-na-foto-konkurs-priroda-bez-cenzure\/"},"wordCount":254,"commentCount":0,"image":{"@id":"https:\/\/balkangreenenergynews.com\/rs\/posaljite-svoje-radove-na-foto-konkurs-priroda-bez-cenzure\/#primaryimage"},"thumbnailUrl":"https:\/\/balkangreenenergynews.com\/rs\/wp-content\/uploads\/2019\/08\/foto-konkurs-Priroda-bez-cenzure.jpg?wsr","keywords":["odr\u017eivi razvoj"],"articleSection":["\u017divotna sredina"],"inLanguage":"sr-RS","potentialAction":[{"@type":"CommentAction","name":"Comment","target":["https:\/\/balkangreenenergynews.com\/rs\/posaljite-svoje-radove-na-foto-konkurs-priroda-bez-cenzure\/#respond"]}]},{"@type":"WebPage","@id":"https:\/\/balkangreenenergynews.com\/rs\/posaljite-svoje-radove-na-foto-konkurs-priroda-bez-cenzure\/","url":"https:\/\/balkangreenenergynews.com\/rs\/posaljite-svoje-radove-na-foto-konkurs-priroda-bez-cenzure\/","name":"Po\u0161aljite svoje radove na foto-konkurs Priroda bez cenzure","isPartOf":{"@id":"https:\/\/balkangreenenergynews.com\/rs\/#website"},"primaryImageOfPage":{"@id":"https:\/\/balkangreenenergynews.com\/rs\/posaljite-svoje-radove-na-foto-konkurs-priroda-bez-cenzure\/#primaryimage"},"image":{"@id":"https:\/\/balkangreenenergynews.com\/rs\/posaljite-svoje-radove-na-foto-konkurs-priroda-bez-cenzure\/#primaryimage"},"thumbnailUrl":"https:\/\/balkangreenenergynews.com\/rs\/wp-content\/uploads\/2019\/08\/foto-konkurs-Priroda-bez-cenzure.jpg?wsr","datePublished":"2019-08-09T15:23:52+00:00","dateModified":"2020-06-18T15:29:42+00:00","author":{"@id":"https:\/\/balkangreenenergynews.com\/rs\/#\/schema\/person\/99dc721c46113fea22caffad06ef7317"},"description":"Udru\u017eenje ImpactEco poziva ljubitelje osme umetnosti da uti\u010du na \u0161irenje ekolo\u0161ke svesti i po\u0161alju svoje fotografije na konkurs koji traje do 10. septembra.","breadcrumb":{"@id":"https:\/\/balkangreenenergynews.com\/rs\/posaljite-svoje-radove-na-foto-konkurs-priroda-bez-cenzure\/#breadcrumb"},"inLanguage":"sr-RS","potentialAction":[{"@type":"ReadAction","target":["https:\/\/balkangreenenergynews.com\/rs\/posaljite-svoje-radove-na-foto-konkurs-priroda-bez-cenzure\/"]}]},{"@type":"ImageObject","inLanguage":"sr-RS","@id":"https:\/\/balkangreenenergynews.com\/rs\/posaljite-svoje-radove-na-foto-konkurs-priroda-bez-cenzure\/#primaryimage","url":"https:\/\/balkangreenenergynews.com\/rs\/wp-content\/uploads\/2019\/08\/foto-konkurs-Priroda-bez-cenzure.jpg?wsr","contentUrl":"https:\/\/balkangreenenergynews.com\/rs\/wp-content\/uploads\/2019\/08\/foto-konkurs-Priroda-bez-cenzure.jpg?wsr","width":795,"height":407,"caption":"foto-konkurs-Priroda-bez-cenzure"},{"@type":"BreadcrumbList","@id":"https:\/\/balkangreenenergynews.com\/rs\/posaljite-svoje-radove-na-foto-konkurs-priroda-bez-cenzure\/#breadcrumb","itemListElement":[{"@type":"ListItem","position":1,"name":"Po\u010detna","item":"https:\/\/balkangreenenergynews.com\/rs\/"},{"@type":"ListItem","position":2,"name":"Vesti","item":"https:\/\/balkangreenenergynews.com\/rs\/kategorija\/vesti\/"},{"@type":"ListItem","position":3,"name":"\u017divotna sredina","item":"https:\/\/balkangreenenergynews.com\/rs\/kategorija\/vesti\/zivotna-sredina\/"},{"@type":"ListItem","position":4,"name":"Po\u0161aljite svoje radove na foto-konkurs Priroda bez cenzure"}]},{"@type":"WebSite","@id":"https:\/\/balkangreenenergynews.com\/rs\/#website","url":"https:\/\/balkangreenenergynews.com\/rs\/","name":"Balkan Green Energy News","description":"Naj\u0161iri izbor vesti sa Balkana o zelenoj energiji","potentialAction":[{"@type":"SearchAction","target":{"@type":"EntryPoint","urlTemplate":"https:\/\/balkangreenenergynews.com\/rs\/?s={search_term_string}"},"query-input":{"@type":"PropertyValueSpecification","valueRequired":true,"valueName":"search_term_string"}}],"inLanguage":"sr-RS"},{"@type":"Person","@id":"https:\/\/balkangreenenergynews.com\/rs\/#\/schema\/person\/99dc721c46113fea22caffad06ef7317","name":"Vladimir Spasi\u0107","url":"https:\/\/balkangreenenergynews.com\/rs\/author\/vladimir-spasic\/"}]}},"_links":{"self":[{"href":"https:\/\/balkangreenenergynews.com\/rs\/wp-json\/wp\/v2\/posts\/25023","targetHints":{"allow":["GET"]}}],"collection":[{"href":"https:\/\/balkangreenenergynews.com\/rs\/wp-json\/wp\/v2\/posts"}],"about":[{"href":"https:\/\/balkangreenenergynews.com\/rs\/wp-json\/wp\/v2\/types\/post"}],"author":[{"embeddable":true,"href":"https:\/\/balkangreenenergynews.com\/rs\/wp-json\/wp\/v2\/users\/23"}],"replies":[{"embeddable":true,"href":"https:\/\/balkangreenenergynews.com\/rs\/wp-json\/wp\/v2\/comments?post=25023"}],"version-history":[{"count":0,"href":"https:\/\/balkangreenenergynews.com\/rs\/wp-json\/wp\/v2\/posts\/25023\/revisions"}],"wp:featuredmedia":[{"embeddable":true,"href":"https:\/\/balkangreenenergynews.com\/rs\/wp-json\/wp\/v2\/media\/31446"}],"wp:attachment":[{"href":"https:\/\/balkangreenenergynews.com\/rs\/wp-json\/wp\/v2\/media?parent=25023"}],"wp:term":[{"taxonomy":"category","embeddable":true,"href":"https:\/\/balkangreenenergynews.com\/rs\/wp-json\/wp\/v2\/categories?post=25023"},{"taxonomy":"post_tag","embeddable":true,"href":"https:\/\/balkangreenenergynews.com\/rs\/wp-json\/wp\/v2\/tags?post=25023"}],"curies":[{"name":"wp","href":"https:\/\/api.w.org\/{rel}","templated":true}]}}