{"id":24994,"date":"2019-08-09T16:16:21","date_gmt":"2019-08-09T14:16:21","guid":{"rendered":"https:\/\/balkangreenenergynews.com\/rs\/?p=24994"},"modified":"2020-06-18T17:33:18","modified_gmt":"2020-06-18T15:33:18","slug":"u-sumadiji-sadi-medunarodnu-sumu-da-proizvodi-vazduh-za-sve-nas","status":"publish","type":"post","link":"https:\/\/balkangreenenergynews.com\/rs\/u-sumadiji-sadi-medunarodnu-sumu-da-proizvodi-vazduh-za-sve-nas\/","title":{"rendered":"U \u0160umadiji sadi \u201eme\u0111unarodnu\u201c \u0161umu da proizvodi vazduh za sve nas"},"content":{"rendered":"<h2>Stefan Drlja\u010da ima 32 godine, \u017eivi u Beogradu i bavi se video produkcijom, a slobodno vreme provodi na svom zemlji\u0161tu nadomak \u010ca\u010dka, gde sadi \u0161umu za sebe, svoje potomke, ali i sve nas. \u0160ume su va\u017ene za proizvodnju kiseonika, upijanje ugljen-dioksida, spre\u010davanje klizi\u0161ta i biodiverzitet, ka\u017ee Stefan u razgovoru za Balkan Green Energy News.<\/h2>\n<p>\u0160ume su regulator temperature vazduha, izvor biodiverziteta i deo su re\u0161enja za klimatsku krizu u kojoj se na\u0161la planeta zbog upotrebe fosilnih goriva i emisija CO2. U zavisnosti od faktora kao \u0161to su vrsta i podneblje, hektar \u0161ume mo\u017ee da apsorbuje od 1 do 10 tona CO2 godi\u0161nje \u2013 u Evropi, hektar \u0161ume u proseku upije 200 tona ugljen-dioksida tokom perioda od 40 godina.<\/p>\n<figure id=\"attachment_31441\" aria-describedby=\"caption-attachment-31441\" style=\"width: 1024px\" class=\"wp-caption aligncenter\"><img loading=\"lazy\" decoding=\"async\" class=\"wp-image-31441 size-full\" src=\"https:\/\/balkangreenenergynews.com\/rs\/wp-content\/uploads\/2019\/08\/sumadija-medjunarodna-suma-livada.jpg\" alt=\"\" width=\"1024\" height=\"524\" srcset=\"https:\/\/balkangreenenergynews.com\/rs\/wp-content\/uploads\/2019\/08\/sumadija-medjunarodna-suma-livada.jpg 1024w, https:\/\/balkangreenenergynews.com\/rs\/wp-content\/uploads\/2019\/08\/sumadija-medjunarodna-suma-livada-500x256.jpg 500w, https:\/\/balkangreenenergynews.com\/rs\/wp-content\/uploads\/2019\/08\/sumadija-medjunarodna-suma-livada-840x430.jpg 840w, https:\/\/balkangreenenergynews.com\/rs\/wp-content\/uploads\/2019\/08\/sumadija-medjunarodna-suma-livada-768x393.jpg 768w, https:\/\/balkangreenenergynews.com\/rs\/wp-content\/uploads\/2019\/08\/sumadija-medjunarodna-suma-livada-300x154.jpg 300w\" sizes=\"auto, (max-width: 1024px) 100vw, 1024px\" \/><figcaption id=\"caption-attachment-31441\" class=\"wp-caption-text\">Livada kada je kupljena 2016 (Foto: Stefan Drlja\u010da)<\/figcaption><\/figure>\n<p>Celo podru\u010dje \u0160umadije se nekada nalazilo pod \u0161umom, po kojoj je i dobilo ime, ali ta \u0161uma je velikim delom raskr\u010dena zbog poljoprivrede. Urbanizacija je, me\u0111utim, dovela do toga da se sve vi\u0161e ljudi seli u gradove, a sve manje bavi poljoprivredom, \u0161to je rezultiralo velikim povr\u0161inama zemlji\u0161ta pogodnim za po\u0161umljavanje, pri\u010da Stefan.<\/p>\n<p>Stefan se rodio u Sloveniji i neko vreme \u017eiveo u Banjaluci, a u selu Du\u010dalovi\u0107i kod \u010ca\u010dka, u podno\u017eju planina Ov\u010dar i Kablar, provodi mnogo vremena jo\u0161 od malih nogu, kada je, kako pri\u010da, bacao pasulj po dvori\u0161tu i sadio semenke pomorand\u017ee, jer je voleo da gleda kako se iz ne\u010dega malog kao \u0161to je seme ra\u0111a i stvara ne\u0161to veliko i mo\u0107no.<\/p>\n<figure id=\"attachment_31442\" aria-describedby=\"caption-attachment-31442\" style=\"width: 795px\" class=\"wp-caption aligncenter\"><img loading=\"lazy\" decoding=\"async\" class=\"wp-image-31442 size-full\" src=\"https:\/\/balkangreenenergynews.com\/rs\/wp-content\/uploads\/2019\/08\/sumadija-medjunarodna-suma-sadnice.jpg\" alt=\"\" width=\"795\" height=\"407\" srcset=\"https:\/\/balkangreenenergynews.com\/rs\/wp-content\/uploads\/2019\/08\/sumadija-medjunarodna-suma-sadnice.jpg 795w, https:\/\/balkangreenenergynews.com\/rs\/wp-content\/uploads\/2019\/08\/sumadija-medjunarodna-suma-sadnice-500x256.jpg 500w, https:\/\/balkangreenenergynews.com\/rs\/wp-content\/uploads\/2019\/08\/sumadija-medjunarodna-suma-sadnice-768x393.jpg 768w, https:\/\/balkangreenenergynews.com\/rs\/wp-content\/uploads\/2019\/08\/sumadija-medjunarodna-suma-sadnice-300x154.jpg 300w\" sizes=\"auto, (max-width: 795px) 100vw, 795px\" \/><figcaption id=\"caption-attachment-31442\" class=\"wp-caption-text\">Sadnja prvih 150 hrastova (Foto: Stefan Drlja\u010da)<\/figcaption><\/figure>\n<p>\u0160uma koju Stefan sadi je prvobitno zami\u0161ljena kao \u0161uma crvenog hrasta, autohtone vrste poreklom iz Severne Amerike \u010diji crveni listovi zimi stvaraju izuzetan vizuelni efekat kada napada sneg. Tokom razgovora, Stefan se sla\u017ee da taj efekat podse\u0107a na Usud drvo iz epske fantazije \u201eIgra prestola\u201c.<\/p>\n<p>Me\u0111utim, Stefan je istra\u017euju\u0107i temu saznao da je biodiverzitet izuzetno va\u017ean da bi zasad bio uspe\u0161an, pa je uz crveni hrast po\u010deo da sadi i druge vrste, kao \u0161to su crni bor, breza i lipa, a mnoge sadnice donosi i sa putovanja i dobija od prijatelja koji putuju u inostranstvo.<\/p>\n<figure id=\"attachment_31444\" aria-describedby=\"caption-attachment-31444\" style=\"width: 795px\" class=\"wp-caption aligncenter\"><img loading=\"lazy\" decoding=\"async\" class=\"wp-image-31444 size-full\" src=\"https:\/\/balkangreenenergynews.com\/rs\/wp-content\/uploads\/2019\/08\/sumadija-medjunarodna-suma.jpg\" alt=\"\" width=\"795\" height=\"407\" srcset=\"https:\/\/balkangreenenergynews.com\/rs\/wp-content\/uploads\/2019\/08\/sumadija-medjunarodna-suma.jpg 795w, https:\/\/balkangreenenergynews.com\/rs\/wp-content\/uploads\/2019\/08\/sumadija-medjunarodna-suma-500x256.jpg 500w, https:\/\/balkangreenenergynews.com\/rs\/wp-content\/uploads\/2019\/08\/sumadija-medjunarodna-suma-768x393.jpg 768w, https:\/\/balkangreenenergynews.com\/rs\/wp-content\/uploads\/2019\/08\/sumadija-medjunarodna-suma-300x154.jpg 300w\" sizes=\"auto, (max-width: 795px) 100vw, 795px\" \/><figcaption id=\"caption-attachment-31444\" class=\"wp-caption-text\">Mlada \u0161uma ni\u010de u \u0160umadiji (Foto: Stefan Drlja\u010da)<\/figcaption><\/figure>\n<p>Njegova pri\u010da, pokrenuta Facebook statusom \u201ePravimo\u00a0\u0161umu, proizvodimo\u00a0vazduh za sve nas!\u201c, je privukla pa\u017enju medija i doprla do Sretena Smiljani\u0107a iz Ljubi\u0161a na Zlatiboru, koji je i sam posadio \u0161umu na nekih pet-\u0161est hektara, a Stefanu poklonio 100 sadnica iz svog rasadnika.<\/p>\n<p>Stefan \u0161umu sadi na padini, \u0161to o\u010dekuje da \u0107e u budu\u0107nosti biti zna\u010dajno za spre\u010davanje klizi\u0161ta. S obzirom na sve ve\u0107i broj srna, fazana i ze\u010deva u okolini \u010ca\u010dka, Stefan o\u010dekuje da \u0107e njegova \u0161uma biti i stani\u0161te za razne vrste \u017eivotinja, biljaka, insekata i gljiva.<\/p>\n<p>\u201eAko uspem do tad da je odbranim od ze\u010deva\u201c, smeje se Stefan dok nam pokazuje sliku \u0161tete koju zeka mo\u017ee da nanese mladom stablu.<\/p>\n<p><img loading=\"lazy\" decoding=\"async\" class=\"wp-image-31443 size-full\" src=\"https:\/\/balkangreenenergynews.com\/rs\/wp-content\/uploads\/2019\/08\/sumadija-medjunarodna-suma-zec.jpg\" alt=\"\" width=\"795\" height=\"407\" srcset=\"https:\/\/balkangreenenergynews.com\/rs\/wp-content\/uploads\/2019\/08\/sumadija-medjunarodna-suma-zec.jpg 795w, https:\/\/balkangreenenergynews.com\/rs\/wp-content\/uploads\/2019\/08\/sumadija-medjunarodna-suma-zec-500x256.jpg 500w, https:\/\/balkangreenenergynews.com\/rs\/wp-content\/uploads\/2019\/08\/sumadija-medjunarodna-suma-zec-768x393.jpg 768w, https:\/\/balkangreenenergynews.com\/rs\/wp-content\/uploads\/2019\/08\/sumadija-medjunarodna-suma-zec-300x154.jpg 300w\" sizes=\"auto, (max-width: 795px) 100vw, 795px\" \/><\/p>\n<p><span style=\"color: #333333;\">\u0160teta koju je mladom stablu naneo zec (Foto: Stefan Drlja\u010da)<\/span><\/p>\n<h3><span style=\"\">\u0160umu mo\u017eete da posadite i vi<\/span><\/h3>\n<p>Pojedincima je na raspolaganju vi\u0161e opcija za sadnju drve\u0107a u Srbiji, pa tako fizi\u010dko lice koje ima odgovaraju\u0107e zemlji\u0161te za po\u0161umljavanje, minimalne povr\u0161ine 5 ari, ima pravo na <a href=\"https:\/\/balkangreenenergynews.com\/rs\/fizicka-lica-sa-dovoljno-zemljista-imaju-pravo-na-besplatne-sadnice-za-posumljavanje\/\">besplatan sadni materijal<\/a> za po\u0161umljavanje.<\/p>\n<p>U toku je i <a href=\"https:\/\/exit-adventure.typeform.com\/to\/xoDyGU\">prijavljivanje<\/a> dobrovoljaca za sadnju drve\u0107a na tri lokacije u Vojvodini tokom jeseni, koju pod sloganom \u201eVrati prirodi \u2013 pridru\u017ei se i posadi drvo\u201c organizuju #EUzaTEBE, kampanja Delegacije EU u Srbiji i EU info mre\u017ee u Beogradu, Ni\u0161u i Novom Sadu, EXIT Fondacija i OPENS 2019 \u2013 Omladinski savez udru\u017eenja Novi Sad Omladinska prestonica Evrope.<\/p>\n","protected":false},"excerpt":{"rendered":"<p>Stefan Drlja\u010da ima 32 godine, \u017eivi u Beogradu i bavi se video produkcijom, a slobodno&#8230;<\/p>\n","protected":false},"author":20,"featured_media":31444,"comment_status":"open","ping_status":"closed","sticky":false,"template":"","format":"standard","meta":{"_acf_changed":false,"_monsterinsights_skip_tracking":false,"_monsterinsights_sitenote_active":false,"_monsterinsights_sitenote_note":"","_monsterinsights_sitenote_category":0,"footnotes":""},"categories":[5253,4],"tags":[1739,2656,5171,5111],"class_list":["post-24994","post","type-post","status-publish","format-standard","has-post-thumbnail","hentry","category-biodiverzitet","category-zivotna-sredina","tag-biodiverzitet","tag-emisije-co2","tag-posumljavanje","tag-sume","country-srbija"],"acf":[],"yoast_head":"<!-- This site is optimized with the Yoast SEO plugin v27.4 - https:\/\/yoast.com\/product\/yoast-seo-wordpress\/ -->\n<title>U \u0160umadiji sadi \u201eme\u0111unarodnu\u201c \u0161umu da proizvodi vazduh za sve nas<\/title>\n<meta name=\"description\" content=\"\u0160ume su va\u017ene za proizvodnju kiseonika, upijanje ugljen-dioksida, spre\u010davanje klizi\u0161ta i biodiverzitet, ka\u017ee Stefan u razgovoru za Balkan Green Energy News.\" \/>\n<meta name=\"robots\" content=\"index, follow, max-snippet:-1, max-image-preview:large, max-video-preview:-1\" \/>\n<link rel=\"canonical\" href=\"https:\/\/balkangreenenergynews.com\/rs\/u-sumadiji-sadi-medunarodnu-sumu-da-proizvodi-vazduh-za-sve-nas\/\" \/>\n<meta property=\"og:locale\" content=\"sr_RS\" \/>\n<meta property=\"og:type\" content=\"article\" \/>\n<meta property=\"og:title\" content=\"U \u0160umadiji sadi \u201eme\u0111unarodnu\u201c \u0161umu da proizvodi vazduh za sve nas\" \/>\n<meta property=\"og:description\" content=\"\u0160ume su va\u017ene za proizvodnju kiseonika, upijanje ugljen-dioksida, spre\u010davanje klizi\u0161ta i biodiverzitet, ka\u017ee Stefan u razgovoru za Balkan Green Energy News.\" \/>\n<meta property=\"og:url\" content=\"https:\/\/balkangreenenergynews.com\/rs\/u-sumadiji-sadi-medunarodnu-sumu-da-proizvodi-vazduh-za-sve-nas\/\" \/>\n<meta property=\"og:site_name\" content=\"Balkan Green Energy News\" \/>\n<meta property=\"article:published_time\" content=\"2019-08-09T14:16:21+00:00\" \/>\n<meta property=\"article:modified_time\" content=\"2020-06-18T15:33:18+00:00\" \/>\n<meta property=\"og:image\" content=\"https:\/\/balkangreenenergynews.com\/rs\/wp-content\/uploads\/2019\/08\/sumadija-medjunarodna-suma.jpg\" \/>\n\t<meta property=\"og:image:width\" content=\"795\" \/>\n\t<meta property=\"og:image:height\" content=\"407\" \/>\n\t<meta property=\"og:image:type\" content=\"image\/jpeg\" \/>\n<meta name=\"author\" content=\"Svetlana Jovanovi\u0107\" \/>\n<meta name=\"twitter:card\" content=\"summary_large_image\" \/>\n<meta name=\"twitter:label1\" content=\"\u041d\u0430\u043f\u0438\u0441\u0430\u043d\u043e \u043e\u0434\" \/>\n\t<meta name=\"twitter:data1\" content=\"Svetlana Jovanovi\u0107\" \/>\n\t<meta name=\"twitter:label2\" content=\"\u041f\u0440\u043e\u0446\u0435\u045a\u0435\u043d\u043e \u0432\u0440\u0435\u043c\u0435 \u0447\u0438\u0442\u0430\u045a\u0430\" \/>\n\t<meta name=\"twitter:data2\" content=\"3 \u043c\u0438\u043d\u0443\u0442\u0430\" \/>\n<script type=\"application\/ld+json\" class=\"yoast-schema-graph\">{\"@context\":\"https:\\\/\\\/schema.org\",\"@graph\":[{\"@type\":\"Article\",\"@id\":\"https:\\\/\\\/balkangreenenergynews.com\\\/rs\\\/u-sumadiji-sadi-medunarodnu-sumu-da-proizvodi-vazduh-za-sve-nas\\\/#article\",\"isPartOf\":{\"@id\":\"https:\\\/\\\/balkangreenenergynews.com\\\/rs\\\/u-sumadiji-sadi-medunarodnu-sumu-da-proizvodi-vazduh-za-sve-nas\\\/\"},\"author\":{\"name\":\"Svetlana Jovanovi\u0107\",\"@id\":\"https:\\\/\\\/balkangreenenergynews.com\\\/rs\\\/#\\\/schema\\\/person\\\/82b991c6efaf6b462e01800c17da5ae9\"},\"headline\":\"U \u0160umadiji sadi \u201eme\u0111unarodnu\u201c \u0161umu da proizvodi vazduh za sve nas\",\"datePublished\":\"2019-08-09T14:16:21+00:00\",\"dateModified\":\"2020-06-18T15:33:18+00:00\",\"mainEntityOfPage\":{\"@id\":\"https:\\\/\\\/balkangreenenergynews.com\\\/rs\\\/u-sumadiji-sadi-medunarodnu-sumu-da-proizvodi-vazduh-za-sve-nas\\\/\"},\"wordCount\":668,\"commentCount\":0,\"image\":{\"@id\":\"https:\\\/\\\/balkangreenenergynews.com\\\/rs\\\/u-sumadiji-sadi-medunarodnu-sumu-da-proizvodi-vazduh-za-sve-nas\\\/#primaryimage\"},\"thumbnailUrl\":\"https:\\\/\\\/balkangreenenergynews.com\\\/rs\\\/wp-content\\\/uploads\\\/2019\\\/08\\\/sumadija-medjunarodna-suma.jpg?wsr\",\"keywords\":[\"biodiverzitet\",\"emisije CO2\",\"po\u0161umljavanje\",\"\u0161ume\"],\"articleSection\":[\"Biodiverzitet\",\"\u017divotna sredina\"],\"inLanguage\":\"sr-RS\",\"potentialAction\":[{\"@type\":\"CommentAction\",\"name\":\"Comment\",\"target\":[\"https:\\\/\\\/balkangreenenergynews.com\\\/rs\\\/u-sumadiji-sadi-medunarodnu-sumu-da-proizvodi-vazduh-za-sve-nas\\\/#respond\"]}]},{\"@type\":\"WebPage\",\"@id\":\"https:\\\/\\\/balkangreenenergynews.com\\\/rs\\\/u-sumadiji-sadi-medunarodnu-sumu-da-proizvodi-vazduh-za-sve-nas\\\/\",\"url\":\"https:\\\/\\\/balkangreenenergynews.com\\\/rs\\\/u-sumadiji-sadi-medunarodnu-sumu-da-proizvodi-vazduh-za-sve-nas\\\/\",\"name\":\"U \u0160umadiji sadi \u201eme\u0111unarodnu\u201c \u0161umu da proizvodi vazduh za sve nas\",\"isPartOf\":{\"@id\":\"https:\\\/\\\/balkangreenenergynews.com\\\/rs\\\/#website\"},\"primaryImageOfPage\":{\"@id\":\"https:\\\/\\\/balkangreenenergynews.com\\\/rs\\\/u-sumadiji-sadi-medunarodnu-sumu-da-proizvodi-vazduh-za-sve-nas\\\/#primaryimage\"},\"image\":{\"@id\":\"https:\\\/\\\/balkangreenenergynews.com\\\/rs\\\/u-sumadiji-sadi-medunarodnu-sumu-da-proizvodi-vazduh-za-sve-nas\\\/#primaryimage\"},\"thumbnailUrl\":\"https:\\\/\\\/balkangreenenergynews.com\\\/rs\\\/wp-content\\\/uploads\\\/2019\\\/08\\\/sumadija-medjunarodna-suma.jpg?wsr\",\"datePublished\":\"2019-08-09T14:16:21+00:00\",\"dateModified\":\"2020-06-18T15:33:18+00:00\",\"author\":{\"@id\":\"https:\\\/\\\/balkangreenenergynews.com\\\/rs\\\/#\\\/schema\\\/person\\\/82b991c6efaf6b462e01800c17da5ae9\"},\"description\":\"\u0160ume su va\u017ene za proizvodnju kiseonika, upijanje ugljen-dioksida, spre\u010davanje klizi\u0161ta i biodiverzitet, ka\u017ee Stefan u razgovoru za Balkan Green Energy News.\",\"breadcrumb\":{\"@id\":\"https:\\\/\\\/balkangreenenergynews.com\\\/rs\\\/u-sumadiji-sadi-medunarodnu-sumu-da-proizvodi-vazduh-za-sve-nas\\\/#breadcrumb\"},\"inLanguage\":\"sr-RS\",\"potentialAction\":[{\"@type\":\"ReadAction\",\"target\":[\"https:\\\/\\\/balkangreenenergynews.com\\\/rs\\\/u-sumadiji-sadi-medunarodnu-sumu-da-proizvodi-vazduh-za-sve-nas\\\/\"]}]},{\"@type\":\"ImageObject\",\"inLanguage\":\"sr-RS\",\"@id\":\"https:\\\/\\\/balkangreenenergynews.com\\\/rs\\\/u-sumadiji-sadi-medunarodnu-sumu-da-proizvodi-vazduh-za-sve-nas\\\/#primaryimage\",\"url\":\"https:\\\/\\\/balkangreenenergynews.com\\\/rs\\\/wp-content\\\/uploads\\\/2019\\\/08\\\/sumadija-medjunarodna-suma.jpg?wsr\",\"contentUrl\":\"https:\\\/\\\/balkangreenenergynews.com\\\/rs\\\/wp-content\\\/uploads\\\/2019\\\/08\\\/sumadija-medjunarodna-suma.jpg?wsr\",\"width\":795,\"height\":407,\"caption\":\"sumadija medjunarodna suma\"},{\"@type\":\"BreadcrumbList\",\"@id\":\"https:\\\/\\\/balkangreenenergynews.com\\\/rs\\\/u-sumadiji-sadi-medunarodnu-sumu-da-proizvodi-vazduh-za-sve-nas\\\/#breadcrumb\",\"itemListElement\":[{\"@type\":\"ListItem\",\"position\":1,\"name\":\"Po\u010detna\",\"item\":\"https:\\\/\\\/balkangreenenergynews.com\\\/rs\\\/\"},{\"@type\":\"ListItem\",\"position\":2,\"name\":\"Vesti\",\"item\":\"https:\\\/\\\/balkangreenenergynews.com\\\/rs\\\/kategorija\\\/vesti\\\/\"},{\"@type\":\"ListItem\",\"position\":3,\"name\":\"\u017divotna sredina\",\"item\":\"https:\\\/\\\/balkangreenenergynews.com\\\/rs\\\/kategorija\\\/vesti\\\/zivotna-sredina\\\/\"},{\"@type\":\"ListItem\",\"position\":4,\"name\":\"U \u0160umadiji sadi \u201eme\u0111unarodnu\u201c \u0161umu da proizvodi vazduh za sve nas\"}]},{\"@type\":\"WebSite\",\"@id\":\"https:\\\/\\\/balkangreenenergynews.com\\\/rs\\\/#website\",\"url\":\"https:\\\/\\\/balkangreenenergynews.com\\\/rs\\\/\",\"name\":\"Balkan Green Energy News\",\"description\":\"Naj\u0161iri izbor vesti sa Balkana o zelenoj energiji\",\"potentialAction\":[{\"@type\":\"SearchAction\",\"target\":{\"@type\":\"EntryPoint\",\"urlTemplate\":\"https:\\\/\\\/balkangreenenergynews.com\\\/rs\\\/?s={search_term_string}\"},\"query-input\":{\"@type\":\"PropertyValueSpecification\",\"valueRequired\":true,\"valueName\":\"search_term_string\"}}],\"inLanguage\":\"sr-RS\"},{\"@type\":\"Person\",\"@id\":\"https:\\\/\\\/balkangreenenergynews.com\\\/rs\\\/#\\\/schema\\\/person\\\/82b991c6efaf6b462e01800c17da5ae9\",\"name\":\"Svetlana Jovanovi\u0107\",\"description\":\"Nakon 15 godina pisanja i ure\u0111ivanja finansijskih &amp; biznis vesti, Svetlana se od 2018. godine fokusira na teme \u017eivotne sredine i odr\u017eivog razvoja. #BeatPlasticPollution je njen omiljeni hashtag.\",\"sameAs\":[\"https:\\\/\\\/www.linkedin.com\\\/in\\\/svetlana-jovanovic-4741814b\\\/\"],\"url\":\"https:\\\/\\\/balkangreenenergynews.com\\\/rs\\\/author\\\/svetlana-jovanovic\\\/\"}]}<\/script>\n<!-- \/ Yoast SEO plugin. -->","yoast_head_json":{"title":"U \u0160umadiji sadi \u201eme\u0111unarodnu\u201c \u0161umu da proizvodi vazduh za sve nas","description":"\u0160ume su va\u017ene za proizvodnju kiseonika, upijanje ugljen-dioksida, spre\u010davanje klizi\u0161ta i biodiverzitet, ka\u017ee Stefan u razgovoru za Balkan Green Energy News.","robots":{"index":"index","follow":"follow","max-snippet":"max-snippet:-1","max-image-preview":"max-image-preview:large","max-video-preview":"max-video-preview:-1"},"canonical":"https:\/\/balkangreenenergynews.com\/rs\/u-sumadiji-sadi-medunarodnu-sumu-da-proizvodi-vazduh-za-sve-nas\/","og_locale":"sr_RS","og_type":"article","og_title":"U \u0160umadiji sadi \u201eme\u0111unarodnu\u201c \u0161umu da proizvodi vazduh za sve nas","og_description":"\u0160ume su va\u017ene za proizvodnju kiseonika, upijanje ugljen-dioksida, spre\u010davanje klizi\u0161ta i biodiverzitet, ka\u017ee Stefan u razgovoru za Balkan Green Energy News.","og_url":"https:\/\/balkangreenenergynews.com\/rs\/u-sumadiji-sadi-medunarodnu-sumu-da-proizvodi-vazduh-za-sve-nas\/","og_site_name":"Balkan Green Energy News","article_published_time":"2019-08-09T14:16:21+00:00","article_modified_time":"2020-06-18T15:33:18+00:00","og_image":[{"width":795,"height":407,"url":"https:\/\/balkangreenenergynews.com\/rs\/wp-content\/uploads\/2019\/08\/sumadija-medjunarodna-suma.jpg","type":"image\/jpeg"}],"author":"Svetlana Jovanovi\u0107","twitter_card":"summary_large_image","twitter_misc":{"\u041d\u0430\u043f\u0438\u0441\u0430\u043d\u043e \u043e\u0434":"Svetlana Jovanovi\u0107","\u041f\u0440\u043e\u0446\u0435\u045a\u0435\u043d\u043e \u0432\u0440\u0435\u043c\u0435 \u0447\u0438\u0442\u0430\u045a\u0430":"3 \u043c\u0438\u043d\u0443\u0442\u0430"},"schema":{"@context":"https:\/\/schema.org","@graph":[{"@type":"Article","@id":"https:\/\/balkangreenenergynews.com\/rs\/u-sumadiji-sadi-medunarodnu-sumu-da-proizvodi-vazduh-za-sve-nas\/#article","isPartOf":{"@id":"https:\/\/balkangreenenergynews.com\/rs\/u-sumadiji-sadi-medunarodnu-sumu-da-proizvodi-vazduh-za-sve-nas\/"},"author":{"name":"Svetlana Jovanovi\u0107","@id":"https:\/\/balkangreenenergynews.com\/rs\/#\/schema\/person\/82b991c6efaf6b462e01800c17da5ae9"},"headline":"U \u0160umadiji sadi \u201eme\u0111unarodnu\u201c \u0161umu da proizvodi vazduh za sve nas","datePublished":"2019-08-09T14:16:21+00:00","dateModified":"2020-06-18T15:33:18+00:00","mainEntityOfPage":{"@id":"https:\/\/balkangreenenergynews.com\/rs\/u-sumadiji-sadi-medunarodnu-sumu-da-proizvodi-vazduh-za-sve-nas\/"},"wordCount":668,"commentCount":0,"image":{"@id":"https:\/\/balkangreenenergynews.com\/rs\/u-sumadiji-sadi-medunarodnu-sumu-da-proizvodi-vazduh-za-sve-nas\/#primaryimage"},"thumbnailUrl":"https:\/\/balkangreenenergynews.com\/rs\/wp-content\/uploads\/2019\/08\/sumadija-medjunarodna-suma.jpg?wsr","keywords":["biodiverzitet","emisije CO2","po\u0161umljavanje","\u0161ume"],"articleSection":["Biodiverzitet","\u017divotna sredina"],"inLanguage":"sr-RS","potentialAction":[{"@type":"CommentAction","name":"Comment","target":["https:\/\/balkangreenenergynews.com\/rs\/u-sumadiji-sadi-medunarodnu-sumu-da-proizvodi-vazduh-za-sve-nas\/#respond"]}]},{"@type":"WebPage","@id":"https:\/\/balkangreenenergynews.com\/rs\/u-sumadiji-sadi-medunarodnu-sumu-da-proizvodi-vazduh-za-sve-nas\/","url":"https:\/\/balkangreenenergynews.com\/rs\/u-sumadiji-sadi-medunarodnu-sumu-da-proizvodi-vazduh-za-sve-nas\/","name":"U \u0160umadiji sadi \u201eme\u0111unarodnu\u201c \u0161umu da proizvodi vazduh za sve nas","isPartOf":{"@id":"https:\/\/balkangreenenergynews.com\/rs\/#website"},"primaryImageOfPage":{"@id":"https:\/\/balkangreenenergynews.com\/rs\/u-sumadiji-sadi-medunarodnu-sumu-da-proizvodi-vazduh-za-sve-nas\/#primaryimage"},"image":{"@id":"https:\/\/balkangreenenergynews.com\/rs\/u-sumadiji-sadi-medunarodnu-sumu-da-proizvodi-vazduh-za-sve-nas\/#primaryimage"},"thumbnailUrl":"https:\/\/balkangreenenergynews.com\/rs\/wp-content\/uploads\/2019\/08\/sumadija-medjunarodna-suma.jpg?wsr","datePublished":"2019-08-09T14:16:21+00:00","dateModified":"2020-06-18T15:33:18+00:00","author":{"@id":"https:\/\/balkangreenenergynews.com\/rs\/#\/schema\/person\/82b991c6efaf6b462e01800c17da5ae9"},"description":"\u0160ume su va\u017ene za proizvodnju kiseonika, upijanje ugljen-dioksida, spre\u010davanje klizi\u0161ta i biodiverzitet, ka\u017ee Stefan u razgovoru za Balkan Green Energy News.","breadcrumb":{"@id":"https:\/\/balkangreenenergynews.com\/rs\/u-sumadiji-sadi-medunarodnu-sumu-da-proizvodi-vazduh-za-sve-nas\/#breadcrumb"},"inLanguage":"sr-RS","potentialAction":[{"@type":"ReadAction","target":["https:\/\/balkangreenenergynews.com\/rs\/u-sumadiji-sadi-medunarodnu-sumu-da-proizvodi-vazduh-za-sve-nas\/"]}]},{"@type":"ImageObject","inLanguage":"sr-RS","@id":"https:\/\/balkangreenenergynews.com\/rs\/u-sumadiji-sadi-medunarodnu-sumu-da-proizvodi-vazduh-za-sve-nas\/#primaryimage","url":"https:\/\/balkangreenenergynews.com\/rs\/wp-content\/uploads\/2019\/08\/sumadija-medjunarodna-suma.jpg?wsr","contentUrl":"https:\/\/balkangreenenergynews.com\/rs\/wp-content\/uploads\/2019\/08\/sumadija-medjunarodna-suma.jpg?wsr","width":795,"height":407,"caption":"sumadija medjunarodna suma"},{"@type":"BreadcrumbList","@id":"https:\/\/balkangreenenergynews.com\/rs\/u-sumadiji-sadi-medunarodnu-sumu-da-proizvodi-vazduh-za-sve-nas\/#breadcrumb","itemListElement":[{"@type":"ListItem","position":1,"name":"Po\u010detna","item":"https:\/\/balkangreenenergynews.com\/rs\/"},{"@type":"ListItem","position":2,"name":"Vesti","item":"https:\/\/balkangreenenergynews.com\/rs\/kategorija\/vesti\/"},{"@type":"ListItem","position":3,"name":"\u017divotna sredina","item":"https:\/\/balkangreenenergynews.com\/rs\/kategorija\/vesti\/zivotna-sredina\/"},{"@type":"ListItem","position":4,"name":"U \u0160umadiji sadi \u201eme\u0111unarodnu\u201c \u0161umu da proizvodi vazduh za sve nas"}]},{"@type":"WebSite","@id":"https:\/\/balkangreenenergynews.com\/rs\/#website","url":"https:\/\/balkangreenenergynews.com\/rs\/","name":"Balkan Green Energy News","description":"Naj\u0161iri izbor vesti sa Balkana o zelenoj energiji","potentialAction":[{"@type":"SearchAction","target":{"@type":"EntryPoint","urlTemplate":"https:\/\/balkangreenenergynews.com\/rs\/?s={search_term_string}"},"query-input":{"@type":"PropertyValueSpecification","valueRequired":true,"valueName":"search_term_string"}}],"inLanguage":"sr-RS"},{"@type":"Person","@id":"https:\/\/balkangreenenergynews.com\/rs\/#\/schema\/person\/82b991c6efaf6b462e01800c17da5ae9","name":"Svetlana Jovanovi\u0107","description":"Nakon 15 godina pisanja i ure\u0111ivanja finansijskih &amp; biznis vesti, Svetlana se od 2018. godine fokusira na teme \u017eivotne sredine i odr\u017eivog razvoja. #BeatPlasticPollution je njen omiljeni hashtag.","sameAs":["https:\/\/www.linkedin.com\/in\/svetlana-jovanovic-4741814b\/"],"url":"https:\/\/balkangreenenergynews.com\/rs\/author\/svetlana-jovanovic\/"}]}},"_links":{"self":[{"href":"https:\/\/balkangreenenergynews.com\/rs\/wp-json\/wp\/v2\/posts\/24994","targetHints":{"allow":["GET"]}}],"collection":[{"href":"https:\/\/balkangreenenergynews.com\/rs\/wp-json\/wp\/v2\/posts"}],"about":[{"href":"https:\/\/balkangreenenergynews.com\/rs\/wp-json\/wp\/v2\/types\/post"}],"author":[{"embeddable":true,"href":"https:\/\/balkangreenenergynews.com\/rs\/wp-json\/wp\/v2\/users\/20"}],"replies":[{"embeddable":true,"href":"https:\/\/balkangreenenergynews.com\/rs\/wp-json\/wp\/v2\/comments?post=24994"}],"version-history":[{"count":0,"href":"https:\/\/balkangreenenergynews.com\/rs\/wp-json\/wp\/v2\/posts\/24994\/revisions"}],"wp:featuredmedia":[{"embeddable":true,"href":"https:\/\/balkangreenenergynews.com\/rs\/wp-json\/wp\/v2\/media\/31444"}],"wp:attachment":[{"href":"https:\/\/balkangreenenergynews.com\/rs\/wp-json\/wp\/v2\/media?parent=24994"}],"wp:term":[{"taxonomy":"category","embeddable":true,"href":"https:\/\/balkangreenenergynews.com\/rs\/wp-json\/wp\/v2\/categories?post=24994"},{"taxonomy":"post_tag","embeddable":true,"href":"https:\/\/balkangreenenergynews.com\/rs\/wp-json\/wp\/v2\/tags?post=24994"}],"curies":[{"name":"wp","href":"https:\/\/api.w.org\/{rel}","templated":true}]}}