{"id":24797,"date":"2019-07-26T13:58:55","date_gmt":"2019-07-26T11:58:55","guid":{"rendered":"https:\/\/balkangreenenergynews.com\/rs\/?p=24797"},"modified":"2020-06-25T17:32:42","modified_gmt":"2020-06-25T15:32:42","slug":"sijalica-sa-uzarenom-niti-u-srbiji-ide-u-istoriju-sledece-godine","status":"publish","type":"post","link":"https:\/\/balkangreenenergynews.com\/rs\/sijalica-sa-uzarenom-niti-u-srbiji-ide-u-istoriju-sledece-godine\/","title":{"rendered":"Sijalica sa u\u017earenom niti u Srbiji ide u istoriju slede\u0107e godine"},"content":{"rendered":"<h2>Od sredine slede\u0107e godine sijalica sa u\u017earenom niti ne\u0107e se vi\u0161e koristiti u Srbiji, \u0161to \u0107e biti posledica novih pravila kojima \u0107e se zabraniti kori\u0161\u0107enje nekih od energetski neefikasnih proizvoda, re\u010deno je panelu &#8222;Energetska efikasnost i pravilno kori\u0161\u0107enje struje&#8220;, <a href=\"https:\/\/www.blic.rs\/biznis\/vesti\/stara-sijalica-odlazi-u-istoriju-banjac-na-blic-panelu-evo-kada-ce-led-osvetljenje\/960177q\">preneo je dnevni list Blic<\/a>.<\/h2>\n<p>Milo\u0161 Banjac, pomo\u0107nik ministra energetike i rudarstva zadu\u017een za energetsku efikasnost i obnovljive izvore energije, rekao je da su nova pravila okrenuta pre svega smanjenju uvoza energetski neefikasnih proizvoda.<\/p>\n<p>&#8222;Sijalica sa u\u017earenom niti tro\u0161i 5 puta vi\u0161e energije od neonske, a \u010dak 10 puta vi\u0161e od LED sijalice, tako da \u0107e ova odluka zna\u010dajno uticati na energetsku efikasnost&#8220;, istakao je Banjac.<\/p>\n<p>Ina\u010de, Crna Gora je od 1. jula 2018. <a href=\"https:\/\/balkangreenenergynews.com\/rs\/crna-gora-postepeno-izbacuje-iz-upotrebe-klasicne-sijalice-od-1-jul\/\">po\u010dela postepeno ukidanje sijalica za u\u017earenom niti<\/a>, pa \u0107e od 1. jula slede\u0107e godine biti potpuno zabranjene.<\/p>\n<blockquote><p>Gra\u0111ani \u0107e iz dr\u017eavnog fonda mo\u0107i da dobiju vau\u010dere za kupovinu energetski efikasnijih ure\u0111aja<\/p><\/blockquote>\n<p>Banjac je, tako\u0111e, najavio da bi po\u010detkom slede\u0107e godine mogao da za\u017eivi dr\u017eavni fond za energetsku efikasnost koji \u0107e biti namenjen gra\u0111anima.\u00a0Iz ovog fonda \u0107e, kako je naveo, gra\u0111ani mo\u0107i da dobiju povoljne kredite ili bespovratna sredstva za sprovo\u0111enje mera za energetsku efikasnost.<\/p>\n<p>&#8222;Kada je re\u010d o objektima koje je potrebno energetski sanirati najednostavnije je da se na kreditnu liniju neke banke nadove\u017eu bespovratna sredstva fonda. A, kada je re\u010d o nabavci energetski efikasnih ure\u0111aja onda \u0107e gra\u0111ani dobijati vau\u010dere za njihovu kupovinu&#8220;, objasnio je on.<\/p>\n<p>Radovan Stani\u0107, direktor za snadbevanje elektri\u010dnom energijom Elektroprivrede Srbije (EPS), naveo je da gra\u0111ani odgovornijim pona\u0161anjem i kori\u0161\u0107enjem energetski efikasnijih ure\u0111aja mogu da smanje svoje mese\u010dne ra\u010dune za 10 do 15 odsto.<\/p>\n<p>Stani\u0107 je napomenuo da \u0107e na julskom ra\u010dunu za struju gra\u0111ani imati novi tro\u0161ak u vidu<a href=\"https:\/\/balkangreenenergynews.com\/rs\/pocinje-naplata-naknade-za-energetsku-efikasnost-kroz-cenu-gasa-elektricne-energije-i-goriva\/\"> takse za unapre\u0111enje energetske efikasnost<\/a>.<\/p>\n<p>&#8222;Govorimo o cifri od 0,015 dinara po kWh, \u0161to zna\u010di da \u0107e za prose\u010dnu mese\u010dnu potro\u0161nju od 400 kWh to biti uve\u0107anje od \u0161est dinara&#8220;, rekao je Stani\u0107.<\/p>\n<p>Jelena Vukanovi\u0107, stru\u010dnjak za energetsku efikasnost u Ministarstvu gra\u0111\u0435vinarstva, saobra\u0107aja i infrastruktur\u0435, istakla je da ovo ministarstvo radi na izradi strategiji energetske efikasnosti u zgradarstvu koja \u0107e obuhvatiti i uputstva za energetsku sanaciju zgrada.<\/p>\n<p>Ovaj dokument trebalo bi da bude predstavljen javnosti za 6 do 12 meseci, navela je ona.<\/p>\n","protected":false},"excerpt":{"rendered":"<p>Od sredine slede\u0107e godine sijalica sa u\u017earenom niti ne\u0107e se vi\u0161e koristiti u Srbiji, \u0161to&#8230;<\/p>\n","protected":false},"author":23,"featured_media":31667,"comment_status":"open","ping_status":"closed","sticky":false,"template":"","format":"standard","meta":{"_acf_changed":false,"_monsterinsights_skip_tracking":false,"_monsterinsights_sitenote_active":false,"_monsterinsights_sitenote_note":"","_monsterinsights_sitenote_category":0,"footnotes":""},"categories":[504,3],"tags":[646,4940],"class_list":["post-24797","post","type-post","status-publish","format-standard","has-post-thumbnail","hentry","category-elektricna-energija","category-energetska-efikasnost","tag-energetska-efikasnost","tag-milos-banjac","country-srbija"],"acf":[],"yoast_head":"<!-- This site is optimized with the Yoast SEO plugin v27.4 - https:\/\/yoast.com\/product\/yoast-seo-wordpress\/ -->\n<title>Sijalica sa u\u017earenom niti u Srbiji ide u istoriju slede\u0107e godine<\/title>\n<meta name=\"description\" content=\"Od sredine 2020. sijalica sa u\u017earenom niti ne\u0107e se vi\u0161e koristiti u Srbiji, kao posledica novih pravila o smanjenju uvoza energetski neefikasne robe\" \/>\n<meta name=\"robots\" content=\"index, follow, max-snippet:-1, max-image-preview:large, max-video-preview:-1\" \/>\n<link rel=\"canonical\" href=\"https:\/\/balkangreenenergynews.com\/rs\/sijalica-sa-uzarenom-niti-u-srbiji-ide-u-istoriju-sledece-godine\/\" \/>\n<meta property=\"og:locale\" content=\"sr_RS\" \/>\n<meta property=\"og:type\" content=\"article\" \/>\n<meta property=\"og:title\" content=\"Sijalica sa u\u017earenom niti u Srbiji ide u istoriju slede\u0107e godine\" \/>\n<meta property=\"og:description\" content=\"Od sredine 2020. sijalica sa u\u017earenom niti ne\u0107e se vi\u0161e koristiti u Srbiji, kao posledica novih pravila o smanjenju uvoza energetski neefikasne robe\" \/>\n<meta property=\"og:url\" content=\"https:\/\/balkangreenenergynews.com\/rs\/sijalica-sa-uzarenom-niti-u-srbiji-ide-u-istoriju-sledece-godine\/\" \/>\n<meta property=\"og:site_name\" content=\"Balkan Green Energy News\" \/>\n<meta property=\"article:published_time\" content=\"2019-07-26T11:58:55+00:00\" \/>\n<meta property=\"article:modified_time\" content=\"2020-06-25T15:32:42+00:00\" \/>\n<meta property=\"og:image\" content=\"https:\/\/balkangreenenergynews.com\/rs\/wp-content\/uploads\/2019\/07\/Sijalica-sa-uzarenom-niti-Srbija-istorija.jpg\" \/>\n\t<meta property=\"og:image:width\" content=\"795\" \/>\n\t<meta property=\"og:image:height\" content=\"407\" \/>\n\t<meta property=\"og:image:type\" content=\"image\/jpeg\" \/>\n<meta name=\"author\" content=\"Vladimir Spasi\u0107\" \/>\n<meta name=\"twitter:card\" content=\"summary_large_image\" \/>\n<meta name=\"twitter:label1\" content=\"\u041d\u0430\u043f\u0438\u0441\u0430\u043d\u043e \u043e\u0434\" \/>\n\t<meta name=\"twitter:data1\" content=\"Vladimir Spasi\u0107\" \/>\n\t<meta name=\"twitter:label2\" content=\"\u041f\u0440\u043e\u0446\u0435\u045a\u0435\u043d\u043e \u0432\u0440\u0435\u043c\u0435 \u0447\u0438\u0442\u0430\u045a\u0430\" \/>\n\t<meta name=\"twitter:data2\" content=\"2 \u043c\u0438\u043d\u0443\u0442\u0430\" \/>\n<script type=\"application\/ld+json\" class=\"yoast-schema-graph\">{\"@context\":\"https:\\\/\\\/schema.org\",\"@graph\":[{\"@type\":\"Article\",\"@id\":\"https:\\\/\\\/balkangreenenergynews.com\\\/rs\\\/sijalica-sa-uzarenom-niti-u-srbiji-ide-u-istoriju-sledece-godine\\\/#article\",\"isPartOf\":{\"@id\":\"https:\\\/\\\/balkangreenenergynews.com\\\/rs\\\/sijalica-sa-uzarenom-niti-u-srbiji-ide-u-istoriju-sledece-godine\\\/\"},\"author\":{\"name\":\"Vladimir Spasi\u0107\",\"@id\":\"https:\\\/\\\/balkangreenenergynews.com\\\/rs\\\/#\\\/schema\\\/person\\\/99dc721c46113fea22caffad06ef7317\"},\"headline\":\"Sijalica sa u\u017earenom niti u Srbiji ide u istoriju slede\u0107e godine\",\"datePublished\":\"2019-07-26T11:58:55+00:00\",\"dateModified\":\"2020-06-25T15:32:42+00:00\",\"mainEntityOfPage\":{\"@id\":\"https:\\\/\\\/balkangreenenergynews.com\\\/rs\\\/sijalica-sa-uzarenom-niti-u-srbiji-ide-u-istoriju-sledece-godine\\\/\"},\"wordCount\":425,\"commentCount\":0,\"image\":{\"@id\":\"https:\\\/\\\/balkangreenenergynews.com\\\/rs\\\/sijalica-sa-uzarenom-niti-u-srbiji-ide-u-istoriju-sledece-godine\\\/#primaryimage\"},\"thumbnailUrl\":\"https:\\\/\\\/balkangreenenergynews.com\\\/rs\\\/wp-content\\\/uploads\\\/2019\\\/07\\\/Sijalica-sa-uzarenom-niti-Srbija-istorija.jpg?wsr\",\"keywords\":[\"energetska efikasnost\",\"Milo\u0161 Banjac\"],\"articleSection\":[\"Elektri\u010dna energija\",\"Energetska efikasnost\"],\"inLanguage\":\"sr-RS\",\"potentialAction\":[{\"@type\":\"CommentAction\",\"name\":\"Comment\",\"target\":[\"https:\\\/\\\/balkangreenenergynews.com\\\/rs\\\/sijalica-sa-uzarenom-niti-u-srbiji-ide-u-istoriju-sledece-godine\\\/#respond\"]}]},{\"@type\":\"WebPage\",\"@id\":\"https:\\\/\\\/balkangreenenergynews.com\\\/rs\\\/sijalica-sa-uzarenom-niti-u-srbiji-ide-u-istoriju-sledece-godine\\\/\",\"url\":\"https:\\\/\\\/balkangreenenergynews.com\\\/rs\\\/sijalica-sa-uzarenom-niti-u-srbiji-ide-u-istoriju-sledece-godine\\\/\",\"name\":\"Sijalica sa u\u017earenom niti u Srbiji ide u istoriju slede\u0107e godine\",\"isPartOf\":{\"@id\":\"https:\\\/\\\/balkangreenenergynews.com\\\/rs\\\/#website\"},\"primaryImageOfPage\":{\"@id\":\"https:\\\/\\\/balkangreenenergynews.com\\\/rs\\\/sijalica-sa-uzarenom-niti-u-srbiji-ide-u-istoriju-sledece-godine\\\/#primaryimage\"},\"image\":{\"@id\":\"https:\\\/\\\/balkangreenenergynews.com\\\/rs\\\/sijalica-sa-uzarenom-niti-u-srbiji-ide-u-istoriju-sledece-godine\\\/#primaryimage\"},\"thumbnailUrl\":\"https:\\\/\\\/balkangreenenergynews.com\\\/rs\\\/wp-content\\\/uploads\\\/2019\\\/07\\\/Sijalica-sa-uzarenom-niti-Srbija-istorija.jpg?wsr\",\"datePublished\":\"2019-07-26T11:58:55+00:00\",\"dateModified\":\"2020-06-25T15:32:42+00:00\",\"author\":{\"@id\":\"https:\\\/\\\/balkangreenenergynews.com\\\/rs\\\/#\\\/schema\\\/person\\\/99dc721c46113fea22caffad06ef7317\"},\"description\":\"Od sredine 2020. sijalica sa u\u017earenom niti ne\u0107e se vi\u0161e koristiti u Srbiji, kao posledica novih pravila o smanjenju uvoza energetski neefikasne robe\",\"breadcrumb\":{\"@id\":\"https:\\\/\\\/balkangreenenergynews.com\\\/rs\\\/sijalica-sa-uzarenom-niti-u-srbiji-ide-u-istoriju-sledece-godine\\\/#breadcrumb\"},\"inLanguage\":\"sr-RS\",\"potentialAction\":[{\"@type\":\"ReadAction\",\"target\":[\"https:\\\/\\\/balkangreenenergynews.com\\\/rs\\\/sijalica-sa-uzarenom-niti-u-srbiji-ide-u-istoriju-sledece-godine\\\/\"]}]},{\"@type\":\"ImageObject\",\"inLanguage\":\"sr-RS\",\"@id\":\"https:\\\/\\\/balkangreenenergynews.com\\\/rs\\\/sijalica-sa-uzarenom-niti-u-srbiji-ide-u-istoriju-sledece-godine\\\/#primaryimage\",\"url\":\"https:\\\/\\\/balkangreenenergynews.com\\\/rs\\\/wp-content\\\/uploads\\\/2019\\\/07\\\/Sijalica-sa-uzarenom-niti-Srbija-istorija.jpg?wsr\",\"contentUrl\":\"https:\\\/\\\/balkangreenenergynews.com\\\/rs\\\/wp-content\\\/uploads\\\/2019\\\/07\\\/Sijalica-sa-uzarenom-niti-Srbija-istorija.jpg?wsr\",\"width\":795,\"height\":407,\"caption\":\"Sijalica-sa-uzarenom-niti-Srbija-istorija\"},{\"@type\":\"BreadcrumbList\",\"@id\":\"https:\\\/\\\/balkangreenenergynews.com\\\/rs\\\/sijalica-sa-uzarenom-niti-u-srbiji-ide-u-istoriju-sledece-godine\\\/#breadcrumb\",\"itemListElement\":[{\"@type\":\"ListItem\",\"position\":1,\"name\":\"Po\u010detna\",\"item\":\"https:\\\/\\\/balkangreenenergynews.com\\\/rs\\\/\"},{\"@type\":\"ListItem\",\"position\":2,\"name\":\"Vesti\",\"item\":\"https:\\\/\\\/balkangreenenergynews.com\\\/rs\\\/kategorija\\\/vesti\\\/\"},{\"@type\":\"ListItem\",\"position\":3,\"name\":\"Energetska efikasnost\",\"item\":\"https:\\\/\\\/balkangreenenergynews.com\\\/rs\\\/kategorija\\\/vesti\\\/energetska-efikasnost\\\/\"},{\"@type\":\"ListItem\",\"position\":4,\"name\":\"Sijalica sa u\u017earenom niti u Srbiji ide u istoriju slede\u0107e godine\"}]},{\"@type\":\"WebSite\",\"@id\":\"https:\\\/\\\/balkangreenenergynews.com\\\/rs\\\/#website\",\"url\":\"https:\\\/\\\/balkangreenenergynews.com\\\/rs\\\/\",\"name\":\"Balkan Green Energy News\",\"description\":\"Naj\u0161iri izbor vesti sa Balkana o zelenoj energiji\",\"potentialAction\":[{\"@type\":\"SearchAction\",\"target\":{\"@type\":\"EntryPoint\",\"urlTemplate\":\"https:\\\/\\\/balkangreenenergynews.com\\\/rs\\\/?s={search_term_string}\"},\"query-input\":{\"@type\":\"PropertyValueSpecification\",\"valueRequired\":true,\"valueName\":\"search_term_string\"}}],\"inLanguage\":\"sr-RS\"},{\"@type\":\"Person\",\"@id\":\"https:\\\/\\\/balkangreenenergynews.com\\\/rs\\\/#\\\/schema\\\/person\\\/99dc721c46113fea22caffad06ef7317\",\"name\":\"Vladimir Spasi\u0107\",\"url\":\"https:\\\/\\\/balkangreenenergynews.com\\\/rs\\\/author\\\/vladimir-spasic\\\/\"}]}<\/script>\n<!-- \/ Yoast SEO plugin. -->","yoast_head_json":{"title":"Sijalica sa u\u017earenom niti u Srbiji ide u istoriju slede\u0107e godine","description":"Od sredine 2020. sijalica sa u\u017earenom niti ne\u0107e se vi\u0161e koristiti u Srbiji, kao posledica novih pravila o smanjenju uvoza energetski neefikasne robe","robots":{"index":"index","follow":"follow","max-snippet":"max-snippet:-1","max-image-preview":"max-image-preview:large","max-video-preview":"max-video-preview:-1"},"canonical":"https:\/\/balkangreenenergynews.com\/rs\/sijalica-sa-uzarenom-niti-u-srbiji-ide-u-istoriju-sledece-godine\/","og_locale":"sr_RS","og_type":"article","og_title":"Sijalica sa u\u017earenom niti u Srbiji ide u istoriju slede\u0107e godine","og_description":"Od sredine 2020. sijalica sa u\u017earenom niti ne\u0107e se vi\u0161e koristiti u Srbiji, kao posledica novih pravila o smanjenju uvoza energetski neefikasne robe","og_url":"https:\/\/balkangreenenergynews.com\/rs\/sijalica-sa-uzarenom-niti-u-srbiji-ide-u-istoriju-sledece-godine\/","og_site_name":"Balkan Green Energy News","article_published_time":"2019-07-26T11:58:55+00:00","article_modified_time":"2020-06-25T15:32:42+00:00","og_image":[{"width":795,"height":407,"url":"https:\/\/balkangreenenergynews.com\/rs\/wp-content\/uploads\/2019\/07\/Sijalica-sa-uzarenom-niti-Srbija-istorija.jpg","type":"image\/jpeg"}],"author":"Vladimir Spasi\u0107","twitter_card":"summary_large_image","twitter_misc":{"\u041d\u0430\u043f\u0438\u0441\u0430\u043d\u043e \u043e\u0434":"Vladimir Spasi\u0107","\u041f\u0440\u043e\u0446\u0435\u045a\u0435\u043d\u043e \u0432\u0440\u0435\u043c\u0435 \u0447\u0438\u0442\u0430\u045a\u0430":"2 \u043c\u0438\u043d\u0443\u0442\u0430"},"schema":{"@context":"https:\/\/schema.org","@graph":[{"@type":"Article","@id":"https:\/\/balkangreenenergynews.com\/rs\/sijalica-sa-uzarenom-niti-u-srbiji-ide-u-istoriju-sledece-godine\/#article","isPartOf":{"@id":"https:\/\/balkangreenenergynews.com\/rs\/sijalica-sa-uzarenom-niti-u-srbiji-ide-u-istoriju-sledece-godine\/"},"author":{"name":"Vladimir Spasi\u0107","@id":"https:\/\/balkangreenenergynews.com\/rs\/#\/schema\/person\/99dc721c46113fea22caffad06ef7317"},"headline":"Sijalica sa u\u017earenom niti u Srbiji ide u istoriju slede\u0107e godine","datePublished":"2019-07-26T11:58:55+00:00","dateModified":"2020-06-25T15:32:42+00:00","mainEntityOfPage":{"@id":"https:\/\/balkangreenenergynews.com\/rs\/sijalica-sa-uzarenom-niti-u-srbiji-ide-u-istoriju-sledece-godine\/"},"wordCount":425,"commentCount":0,"image":{"@id":"https:\/\/balkangreenenergynews.com\/rs\/sijalica-sa-uzarenom-niti-u-srbiji-ide-u-istoriju-sledece-godine\/#primaryimage"},"thumbnailUrl":"https:\/\/balkangreenenergynews.com\/rs\/wp-content\/uploads\/2019\/07\/Sijalica-sa-uzarenom-niti-Srbija-istorija.jpg?wsr","keywords":["energetska efikasnost","Milo\u0161 Banjac"],"articleSection":["Elektri\u010dna energija","Energetska efikasnost"],"inLanguage":"sr-RS","potentialAction":[{"@type":"CommentAction","name":"Comment","target":["https:\/\/balkangreenenergynews.com\/rs\/sijalica-sa-uzarenom-niti-u-srbiji-ide-u-istoriju-sledece-godine\/#respond"]}]},{"@type":"WebPage","@id":"https:\/\/balkangreenenergynews.com\/rs\/sijalica-sa-uzarenom-niti-u-srbiji-ide-u-istoriju-sledece-godine\/","url":"https:\/\/balkangreenenergynews.com\/rs\/sijalica-sa-uzarenom-niti-u-srbiji-ide-u-istoriju-sledece-godine\/","name":"Sijalica sa u\u017earenom niti u Srbiji ide u istoriju slede\u0107e godine","isPartOf":{"@id":"https:\/\/balkangreenenergynews.com\/rs\/#website"},"primaryImageOfPage":{"@id":"https:\/\/balkangreenenergynews.com\/rs\/sijalica-sa-uzarenom-niti-u-srbiji-ide-u-istoriju-sledece-godine\/#primaryimage"},"image":{"@id":"https:\/\/balkangreenenergynews.com\/rs\/sijalica-sa-uzarenom-niti-u-srbiji-ide-u-istoriju-sledece-godine\/#primaryimage"},"thumbnailUrl":"https:\/\/balkangreenenergynews.com\/rs\/wp-content\/uploads\/2019\/07\/Sijalica-sa-uzarenom-niti-Srbija-istorija.jpg?wsr","datePublished":"2019-07-26T11:58:55+00:00","dateModified":"2020-06-25T15:32:42+00:00","author":{"@id":"https:\/\/balkangreenenergynews.com\/rs\/#\/schema\/person\/99dc721c46113fea22caffad06ef7317"},"description":"Od sredine 2020. sijalica sa u\u017earenom niti ne\u0107e se vi\u0161e koristiti u Srbiji, kao posledica novih pravila o smanjenju uvoza energetski neefikasne robe","breadcrumb":{"@id":"https:\/\/balkangreenenergynews.com\/rs\/sijalica-sa-uzarenom-niti-u-srbiji-ide-u-istoriju-sledece-godine\/#breadcrumb"},"inLanguage":"sr-RS","potentialAction":[{"@type":"ReadAction","target":["https:\/\/balkangreenenergynews.com\/rs\/sijalica-sa-uzarenom-niti-u-srbiji-ide-u-istoriju-sledece-godine\/"]}]},{"@type":"ImageObject","inLanguage":"sr-RS","@id":"https:\/\/balkangreenenergynews.com\/rs\/sijalica-sa-uzarenom-niti-u-srbiji-ide-u-istoriju-sledece-godine\/#primaryimage","url":"https:\/\/balkangreenenergynews.com\/rs\/wp-content\/uploads\/2019\/07\/Sijalica-sa-uzarenom-niti-Srbija-istorija.jpg?wsr","contentUrl":"https:\/\/balkangreenenergynews.com\/rs\/wp-content\/uploads\/2019\/07\/Sijalica-sa-uzarenom-niti-Srbija-istorija.jpg?wsr","width":795,"height":407,"caption":"Sijalica-sa-uzarenom-niti-Srbija-istorija"},{"@type":"BreadcrumbList","@id":"https:\/\/balkangreenenergynews.com\/rs\/sijalica-sa-uzarenom-niti-u-srbiji-ide-u-istoriju-sledece-godine\/#breadcrumb","itemListElement":[{"@type":"ListItem","position":1,"name":"Po\u010detna","item":"https:\/\/balkangreenenergynews.com\/rs\/"},{"@type":"ListItem","position":2,"name":"Vesti","item":"https:\/\/balkangreenenergynews.com\/rs\/kategorija\/vesti\/"},{"@type":"ListItem","position":3,"name":"Energetska efikasnost","item":"https:\/\/balkangreenenergynews.com\/rs\/kategorija\/vesti\/energetska-efikasnost\/"},{"@type":"ListItem","position":4,"name":"Sijalica sa u\u017earenom niti u Srbiji ide u istoriju slede\u0107e godine"}]},{"@type":"WebSite","@id":"https:\/\/balkangreenenergynews.com\/rs\/#website","url":"https:\/\/balkangreenenergynews.com\/rs\/","name":"Balkan Green Energy News","description":"Naj\u0161iri izbor vesti sa Balkana o zelenoj energiji","potentialAction":[{"@type":"SearchAction","target":{"@type":"EntryPoint","urlTemplate":"https:\/\/balkangreenenergynews.com\/rs\/?s={search_term_string}"},"query-input":{"@type":"PropertyValueSpecification","valueRequired":true,"valueName":"search_term_string"}}],"inLanguage":"sr-RS"},{"@type":"Person","@id":"https:\/\/balkangreenenergynews.com\/rs\/#\/schema\/person\/99dc721c46113fea22caffad06ef7317","name":"Vladimir Spasi\u0107","url":"https:\/\/balkangreenenergynews.com\/rs\/author\/vladimir-spasic\/"}]}},"_links":{"self":[{"href":"https:\/\/balkangreenenergynews.com\/rs\/wp-json\/wp\/v2\/posts\/24797","targetHints":{"allow":["GET"]}}],"collection":[{"href":"https:\/\/balkangreenenergynews.com\/rs\/wp-json\/wp\/v2\/posts"}],"about":[{"href":"https:\/\/balkangreenenergynews.com\/rs\/wp-json\/wp\/v2\/types\/post"}],"author":[{"embeddable":true,"href":"https:\/\/balkangreenenergynews.com\/rs\/wp-json\/wp\/v2\/users\/23"}],"replies":[{"embeddable":true,"href":"https:\/\/balkangreenenergynews.com\/rs\/wp-json\/wp\/v2\/comments?post=24797"}],"version-history":[{"count":0,"href":"https:\/\/balkangreenenergynews.com\/rs\/wp-json\/wp\/v2\/posts\/24797\/revisions"}],"wp:featuredmedia":[{"embeddable":true,"href":"https:\/\/balkangreenenergynews.com\/rs\/wp-json\/wp\/v2\/media\/31667"}],"wp:attachment":[{"href":"https:\/\/balkangreenenergynews.com\/rs\/wp-json\/wp\/v2\/media?parent=24797"}],"wp:term":[{"taxonomy":"category","embeddable":true,"href":"https:\/\/balkangreenenergynews.com\/rs\/wp-json\/wp\/v2\/categories?post=24797"},{"taxonomy":"post_tag","embeddable":true,"href":"https:\/\/balkangreenenergynews.com\/rs\/wp-json\/wp\/v2\/tags?post=24797"}],"curies":[{"name":"wp","href":"https:\/\/api.w.org\/{rel}","templated":true}]}}