{"id":24779,"date":"2019-07-25T14:34:02","date_gmt":"2019-07-25T12:34:02","guid":{"rendered":"https:\/\/balkangreenenergynews.com\/rs\/?p=24779"},"modified":"2020-06-30T18:05:26","modified_gmt":"2020-06-30T16:05:26","slug":"u-evropi-rast-novih-kapaciteta-vetroelektrana-ali-na-kopnu-pad-zbog-nemacke","status":"publish","type":"post","link":"https:\/\/balkangreenenergynews.com\/rs\/u-evropi-rast-novih-kapaciteta-vetroelektrana-ali-na-kopnu-pad-zbog-nemacke\/","title":{"rendered":"U Evropi rast novih kapaciteta vetroelektrana, ali na kopnu pad zbog Nema\u010dke"},"content":{"rendered":"<h2>U Evropi je registrovan rast ukupnih novih kapaciteta vetroelektrana na kopnu i moru, sa 4,5 GW u prvoj polovini 2018. na 4,9 GW u prvih \u0161est meseci 2019. godine, ali je zato zbog velikih problema u Nema\u010dkoj do\u0161lo do pada na kopnu, saop\u0161tilo je sektorsko udru\u017eenje WindEurope.<\/h2>\n<p>U Evropi je u prvoj polovini 2019. instalisano 2,9 GW vetroelektrana na kopnu, u odnosu na 3,3 GW u istom periodu pro\u0161le godine.<\/p>\n<p>Do smanjenja novih kapaciteta je naro\u010dito do\u0161lo u Nema\u010dkoj, koja je u ovom pogledu imala najgore prvo polugodi\u0161te od 2000. godine. Problemi sa izdavanjem dozvola su i dalje najve\u0107i izazov \u2013 \u010dak 11 GW vetroparkova na kopnu i dalje \u010dekaju na dozvole u Nema\u010dkoj, rekao je Pierre Tardieu, direktor za politike u WindEurope.<\/p>\n<p>Investitori u vetroelektrane o\u010dekuju rast novih kapaciteta u drugoj polovini godine, ali ukupni kapaciteti koji \u0107e u Nema\u010dkoj biti priklju\u010deni na mre\u017eu u 2019. godini bi\u0107e najmanji ikada, navodi se u saop\u0161tenju.<\/p>\n<p>Francuska je bila lider u Evropi u prvoj polovini 2019. sa 523 MW novih kapaciteta na kopnu.<\/p>\n<p>U jugoisto\u010dnoj Evropi je to bila Turska, koja je u celoj Evropi na 6. mestu sa 229 MW, dok je Gr\u010dka sedma sa 201 MW, Bosna i Hercegovina 15. sa 36 MW i Hrvatska 16. sa 10 MW.<\/p>\n<blockquote><p>6. Turska 229 MW<\/p>\n<p>7. Gr\u010dka 201 MW<\/p>\n<p>15. Bosna i Hercegovina 36 MW<\/p>\n<p>16. Hrvatska 10 MW<\/p><\/blockquote>\n<p>Uobi\u010dajeno je da u drugoj polovini godine bude vi\u0161e novih kapaciteta vetroelektrana na kopnu. Ova tendencija je naro\u010dito izra\u017eena u nordijskim zemljama, gde je gradnja najintenzivnija tokom letnjih meseci.<\/p>\n<p>\u201ePorud\u017ebine turbina i tr\u017ei\u0161na aktivnost upu\u0107uju na o\u010dekivanje da \u0107e zna\u010dajni kapaciteti biti priklju\u010deni na mre\u017eu u \u0160vedskoj i Norve\u0161koj u drugom polugodi\u0161tu. Veliki kapaciteti se o\u010dekuju i u \u0160paniji nakon dodele 4,1 GW na aukcijama u 2017. i 2018. godini\u201c, navodi se u saop\u0161tenju.<\/p>\n<h3><span style=\"\">Rast novih offshore kapaciteta u prvoj polovini godine<\/span><\/h3>\n<figure id=\"attachment_31773\" aria-describedby=\"caption-attachment-31773\" style=\"width: 753px\" class=\"wp-caption aligncenter\"><img loading=\"lazy\" decoding=\"async\" class=\"wp-image-31773\" src=\"https:\/\/balkangreenenergynews.com\/rs\/wp-content\/uploads\/2019\/07\/vetroelektrane-evropa-rast-nemacka.jpg\" alt=\"\" width=\"753\" height=\"1124\" srcset=\"https:\/\/balkangreenenergynews.com\/rs\/wp-content\/uploads\/2019\/07\/vetroelektrane-evropa-rast-nemacka.jpg 686w, https:\/\/balkangreenenergynews.com\/rs\/wp-content\/uploads\/2019\/07\/vetroelektrane-evropa-rast-nemacka-500x746.jpg 500w, https:\/\/balkangreenenergynews.com\/rs\/wp-content\/uploads\/2019\/07\/vetroelektrane-evropa-rast-nemacka-201x300.jpg 201w\" sizes=\"auto, (max-width: 753px) 100vw, 753px\" \/><figcaption id=\"caption-attachment-31773\" class=\"wp-caption-text\">Foto: WindEurope<\/figcaption><\/figure>\n<p>U prvoj polovini 2019. instalisano je ukupno 1,9 GW novih kapaciteta vetroelektrana na moru (offshore), \u0161to je rast u odnosu na 1,1 GW u istom periodu 2018. godine. Ovi kapaciteti se odnose na Veliku Britaniju (931 MW), Dansku (374 MW), Belgiju (370 MW) i Nema\u010dku (252 MW) i uklju\u010duju vetropark Hornsea 1 u Velikoj Britaniji, koji \u0107e kada bude izgra\u0111en postati najve\u0107i vetropark na svetu, kapaciteta 1,2 GW.<\/p>\n<p>U prvoj polovini 2019. godine, u Evropi je investirano 8,8 milijardi evra u izgradnju budu\u0107ih vetroparkova, od \u010dega 6,4 milijarde evra u vetroparkove na kopnu i 2,4 milijarde evra u offshore vetroparkove.<\/p>\n<p>Ove investicije \u0107e dovesti do instalacije i prilju\u010denja na mre\u017eu 5,9 GW u naredne dve ili tri godine. Najvi\u0161e se investiralo u Francuskoj i Holandiji, navodi u saop\u0161tenju udru\u017eenje <a href=\"https:\/\/balkangreenenergynews.com\/rs\/windeurope-savetuje-ministre-zemalja-jie-kako-iskoriste-potencijal-500-gw-energije-vetra\/\">WindEurope<\/a>.<\/p>\n","protected":false},"excerpt":{"rendered":"<p>U Evropi je registrovan rast ukupnih novih kapaciteta vetroelektrana na kopnu i moru, sa 4,5&#8230;<\/p>\n","protected":false},"author":20,"featured_media":31681,"comment_status":"open","ping_status":"closed","sticky":false,"template":"","format":"standard","meta":{"_acf_changed":false,"_monsterinsights_skip_tracking":false,"_monsterinsights_sitenote_active":false,"_monsterinsights_sitenote_note":"","_monsterinsights_sitenote_category":0,"footnotes":""},"categories":[1],"tags":[2341,4891,2345],"class_list":["post-24779","post","type-post","status-publish","format-standard","has-post-thumbnail","hentry","category-obnovljivi-izvori-energije","tag-vetroelektrane","tag-vetroparkovi","tag-windeurope","country-regioneu"],"acf":[],"yoast_head":"<!-- This site is optimized with the Yoast SEO plugin v27.4 - https:\/\/yoast.com\/product\/yoast-seo-wordpress\/ -->\n<title>U Evropi rast novih kapaciteta vetroelektrana, ali na kopnu pad zbog Nema\u010dke<\/title>\n<meta name=\"description\" content=\"U Evropi je registrovan rast ukupnih novih kapaciteta vetroelektrana na kopnu i moru, sa 4,5 GW u prvoj polovini 2018. na 4,9 GW u prvih \u0161est meseci 2019. godine, ali je zato zbog velikih problema u Nema\u010dkoj do\u0161lo do pada na kopnu.\" \/>\n<meta name=\"robots\" content=\"index, follow, max-snippet:-1, max-image-preview:large, max-video-preview:-1\" \/>\n<link rel=\"canonical\" href=\"https:\/\/balkangreenenergynews.com\/rs\/u-evropi-rast-novih-kapaciteta-vetroelektrana-ali-na-kopnu-pad-zbog-nemacke\/\" \/>\n<meta property=\"og:locale\" content=\"sr_RS\" \/>\n<meta property=\"og:type\" content=\"article\" \/>\n<meta property=\"og:title\" content=\"U Evropi rast novih kapaciteta vetroelektrana, ali na kopnu pad zbog Nema\u010dke\" \/>\n<meta property=\"og:description\" content=\"U Evropi je registrovan rast ukupnih novih kapaciteta vetroelektrana na kopnu i moru, sa 4,5 GW u prvoj polovini 2018. na 4,9 GW u prvih \u0161est meseci 2019. godine, ali je zato zbog velikih problema u Nema\u010dkoj do\u0161lo do pada na kopnu.\" \/>\n<meta property=\"og:url\" content=\"https:\/\/balkangreenenergynews.com\/rs\/u-evropi-rast-novih-kapaciteta-vetroelektrana-ali-na-kopnu-pad-zbog-nemacke\/\" \/>\n<meta property=\"og:site_name\" content=\"Balkan Green Energy News\" \/>\n<meta property=\"article:published_time\" content=\"2019-07-25T12:34:02+00:00\" \/>\n<meta property=\"article:modified_time\" content=\"2020-06-30T16:05:26+00:00\" \/>\n<meta property=\"og:image\" content=\"https:\/\/balkangreenenergynews.com\/rs\/wp-content\/uploads\/2019\/07\/evropa-vetroelektrane-nemacka.jpg\" \/>\n\t<meta property=\"og:image:width\" content=\"1024\" \/>\n\t<meta property=\"og:image:height\" content=\"525\" \/>\n\t<meta property=\"og:image:type\" content=\"image\/jpeg\" \/>\n<meta name=\"author\" content=\"Svetlana Jovanovi\u0107\" \/>\n<meta name=\"twitter:card\" content=\"summary_large_image\" \/>\n<meta name=\"twitter:label1\" content=\"\u041d\u0430\u043f\u0438\u0441\u0430\u043d\u043e \u043e\u0434\" \/>\n\t<meta name=\"twitter:data1\" content=\"Svetlana Jovanovi\u0107\" \/>\n\t<meta name=\"twitter:label2\" content=\"\u041f\u0440\u043e\u0446\u0435\u045a\u0435\u043d\u043e \u0432\u0440\u0435\u043c\u0435 \u0447\u0438\u0442\u0430\u045a\u0430\" \/>\n\t<meta name=\"twitter:data2\" content=\"2 \u043c\u0438\u043d\u0443\u0442\u0430\" \/>\n<script type=\"application\/ld+json\" class=\"yoast-schema-graph\">{\"@context\":\"https:\\\/\\\/schema.org\",\"@graph\":[{\"@type\":\"Article\",\"@id\":\"https:\\\/\\\/balkangreenenergynews.com\\\/rs\\\/u-evropi-rast-novih-kapaciteta-vetroelektrana-ali-na-kopnu-pad-zbog-nemacke\\\/#article\",\"isPartOf\":{\"@id\":\"https:\\\/\\\/balkangreenenergynews.com\\\/rs\\\/u-evropi-rast-novih-kapaciteta-vetroelektrana-ali-na-kopnu-pad-zbog-nemacke\\\/\"},\"author\":{\"name\":\"Svetlana Jovanovi\u0107\",\"@id\":\"https:\\\/\\\/balkangreenenergynews.com\\\/rs\\\/#\\\/schema\\\/person\\\/82b991c6efaf6b462e01800c17da5ae9\"},\"headline\":\"U Evropi rast novih kapaciteta vetroelektrana, ali na kopnu pad zbog Nema\u010dke\",\"datePublished\":\"2019-07-25T12:34:02+00:00\",\"dateModified\":\"2020-06-30T16:05:26+00:00\",\"mainEntityOfPage\":{\"@id\":\"https:\\\/\\\/balkangreenenergynews.com\\\/rs\\\/u-evropi-rast-novih-kapaciteta-vetroelektrana-ali-na-kopnu-pad-zbog-nemacke\\\/\"},\"wordCount\":462,\"commentCount\":0,\"image\":{\"@id\":\"https:\\\/\\\/balkangreenenergynews.com\\\/rs\\\/u-evropi-rast-novih-kapaciteta-vetroelektrana-ali-na-kopnu-pad-zbog-nemacke\\\/#primaryimage\"},\"thumbnailUrl\":\"https:\\\/\\\/balkangreenenergynews.com\\\/rs\\\/wp-content\\\/uploads\\\/2019\\\/07\\\/evropa-vetroelektrane-nemacka.jpg?wsr\",\"keywords\":[\"vetroelektrane\",\"vetroparkovi\",\"WindEurope\"],\"articleSection\":[\"OIE\"],\"inLanguage\":\"sr-RS\",\"potentialAction\":[{\"@type\":\"CommentAction\",\"name\":\"Comment\",\"target\":[\"https:\\\/\\\/balkangreenenergynews.com\\\/rs\\\/u-evropi-rast-novih-kapaciteta-vetroelektrana-ali-na-kopnu-pad-zbog-nemacke\\\/#respond\"]}]},{\"@type\":\"WebPage\",\"@id\":\"https:\\\/\\\/balkangreenenergynews.com\\\/rs\\\/u-evropi-rast-novih-kapaciteta-vetroelektrana-ali-na-kopnu-pad-zbog-nemacke\\\/\",\"url\":\"https:\\\/\\\/balkangreenenergynews.com\\\/rs\\\/u-evropi-rast-novih-kapaciteta-vetroelektrana-ali-na-kopnu-pad-zbog-nemacke\\\/\",\"name\":\"U Evropi rast novih kapaciteta vetroelektrana, ali na kopnu pad zbog Nema\u010dke\",\"isPartOf\":{\"@id\":\"https:\\\/\\\/balkangreenenergynews.com\\\/rs\\\/#website\"},\"primaryImageOfPage\":{\"@id\":\"https:\\\/\\\/balkangreenenergynews.com\\\/rs\\\/u-evropi-rast-novih-kapaciteta-vetroelektrana-ali-na-kopnu-pad-zbog-nemacke\\\/#primaryimage\"},\"image\":{\"@id\":\"https:\\\/\\\/balkangreenenergynews.com\\\/rs\\\/u-evropi-rast-novih-kapaciteta-vetroelektrana-ali-na-kopnu-pad-zbog-nemacke\\\/#primaryimage\"},\"thumbnailUrl\":\"https:\\\/\\\/balkangreenenergynews.com\\\/rs\\\/wp-content\\\/uploads\\\/2019\\\/07\\\/evropa-vetroelektrane-nemacka.jpg?wsr\",\"datePublished\":\"2019-07-25T12:34:02+00:00\",\"dateModified\":\"2020-06-30T16:05:26+00:00\",\"author\":{\"@id\":\"https:\\\/\\\/balkangreenenergynews.com\\\/rs\\\/#\\\/schema\\\/person\\\/82b991c6efaf6b462e01800c17da5ae9\"},\"description\":\"U Evropi je registrovan rast ukupnih novih kapaciteta vetroelektrana na kopnu i moru, sa 4,5 GW u prvoj polovini 2018. na 4,9 GW u prvih \u0161est meseci 2019. godine, ali je zato zbog velikih problema u Nema\u010dkoj do\u0161lo do pada na kopnu.\",\"breadcrumb\":{\"@id\":\"https:\\\/\\\/balkangreenenergynews.com\\\/rs\\\/u-evropi-rast-novih-kapaciteta-vetroelektrana-ali-na-kopnu-pad-zbog-nemacke\\\/#breadcrumb\"},\"inLanguage\":\"sr-RS\",\"potentialAction\":[{\"@type\":\"ReadAction\",\"target\":[\"https:\\\/\\\/balkangreenenergynews.com\\\/rs\\\/u-evropi-rast-novih-kapaciteta-vetroelektrana-ali-na-kopnu-pad-zbog-nemacke\\\/\"]}]},{\"@type\":\"ImageObject\",\"inLanguage\":\"sr-RS\",\"@id\":\"https:\\\/\\\/balkangreenenergynews.com\\\/rs\\\/u-evropi-rast-novih-kapaciteta-vetroelektrana-ali-na-kopnu-pad-zbog-nemacke\\\/#primaryimage\",\"url\":\"https:\\\/\\\/balkangreenenergynews.com\\\/rs\\\/wp-content\\\/uploads\\\/2019\\\/07\\\/evropa-vetroelektrane-nemacka.jpg?wsr\",\"contentUrl\":\"https:\\\/\\\/balkangreenenergynews.com\\\/rs\\\/wp-content\\\/uploads\\\/2019\\\/07\\\/evropa-vetroelektrane-nemacka.jpg?wsr\",\"width\":1024,\"height\":525,\"caption\":\"evropa-vetroelektrane-nemacka\"},{\"@type\":\"BreadcrumbList\",\"@id\":\"https:\\\/\\\/balkangreenenergynews.com\\\/rs\\\/u-evropi-rast-novih-kapaciteta-vetroelektrana-ali-na-kopnu-pad-zbog-nemacke\\\/#breadcrumb\",\"itemListElement\":[{\"@type\":\"ListItem\",\"position\":1,\"name\":\"Po\u010detna\",\"item\":\"https:\\\/\\\/balkangreenenergynews.com\\\/rs\\\/\"},{\"@type\":\"ListItem\",\"position\":2,\"name\":\"Vesti\",\"item\":\"https:\\\/\\\/balkangreenenergynews.com\\\/rs\\\/kategorija\\\/vesti\\\/\"},{\"@type\":\"ListItem\",\"position\":3,\"name\":\"OIE\",\"item\":\"https:\\\/\\\/balkangreenenergynews.com\\\/rs\\\/kategorija\\\/vesti\\\/obnovljivi-izvori-energije\\\/\"},{\"@type\":\"ListItem\",\"position\":4,\"name\":\"U Evropi rast novih kapaciteta vetroelektrana, ali na kopnu pad zbog Nema\u010dke\"}]},{\"@type\":\"WebSite\",\"@id\":\"https:\\\/\\\/balkangreenenergynews.com\\\/rs\\\/#website\",\"url\":\"https:\\\/\\\/balkangreenenergynews.com\\\/rs\\\/\",\"name\":\"Balkan Green Energy News\",\"description\":\"Naj\u0161iri izbor vesti sa Balkana o zelenoj energiji\",\"potentialAction\":[{\"@type\":\"SearchAction\",\"target\":{\"@type\":\"EntryPoint\",\"urlTemplate\":\"https:\\\/\\\/balkangreenenergynews.com\\\/rs\\\/?s={search_term_string}\"},\"query-input\":{\"@type\":\"PropertyValueSpecification\",\"valueRequired\":true,\"valueName\":\"search_term_string\"}}],\"inLanguage\":\"sr-RS\"},{\"@type\":\"Person\",\"@id\":\"https:\\\/\\\/balkangreenenergynews.com\\\/rs\\\/#\\\/schema\\\/person\\\/82b991c6efaf6b462e01800c17da5ae9\",\"name\":\"Svetlana Jovanovi\u0107\",\"description\":\"Nakon 15 godina pisanja i ure\u0111ivanja finansijskih &amp; biznis vesti, Svetlana se od 2018. godine fokusira na teme \u017eivotne sredine i odr\u017eivog razvoja. #BeatPlasticPollution je njen omiljeni hashtag.\",\"sameAs\":[\"https:\\\/\\\/www.linkedin.com\\\/in\\\/svetlana-jovanovic-4741814b\\\/\"],\"url\":\"https:\\\/\\\/balkangreenenergynews.com\\\/rs\\\/author\\\/svetlana-jovanovic\\\/\"}]}<\/script>\n<!-- \/ Yoast SEO plugin. -->","yoast_head_json":{"title":"U Evropi rast novih kapaciteta vetroelektrana, ali na kopnu pad zbog Nema\u010dke","description":"U Evropi je registrovan rast ukupnih novih kapaciteta vetroelektrana na kopnu i moru, sa 4,5 GW u prvoj polovini 2018. na 4,9 GW u prvih \u0161est meseci 2019. godine, ali je zato zbog velikih problema u Nema\u010dkoj do\u0161lo do pada na kopnu.","robots":{"index":"index","follow":"follow","max-snippet":"max-snippet:-1","max-image-preview":"max-image-preview:large","max-video-preview":"max-video-preview:-1"},"canonical":"https:\/\/balkangreenenergynews.com\/rs\/u-evropi-rast-novih-kapaciteta-vetroelektrana-ali-na-kopnu-pad-zbog-nemacke\/","og_locale":"sr_RS","og_type":"article","og_title":"U Evropi rast novih kapaciteta vetroelektrana, ali na kopnu pad zbog Nema\u010dke","og_description":"U Evropi je registrovan rast ukupnih novih kapaciteta vetroelektrana na kopnu i moru, sa 4,5 GW u prvoj polovini 2018. na 4,9 GW u prvih \u0161est meseci 2019. godine, ali je zato zbog velikih problema u Nema\u010dkoj do\u0161lo do pada na kopnu.","og_url":"https:\/\/balkangreenenergynews.com\/rs\/u-evropi-rast-novih-kapaciteta-vetroelektrana-ali-na-kopnu-pad-zbog-nemacke\/","og_site_name":"Balkan Green Energy News","article_published_time":"2019-07-25T12:34:02+00:00","article_modified_time":"2020-06-30T16:05:26+00:00","og_image":[{"width":1024,"height":525,"url":"https:\/\/balkangreenenergynews.com\/rs\/wp-content\/uploads\/2019\/07\/evropa-vetroelektrane-nemacka.jpg","type":"image\/jpeg"}],"author":"Svetlana Jovanovi\u0107","twitter_card":"summary_large_image","twitter_misc":{"\u041d\u0430\u043f\u0438\u0441\u0430\u043d\u043e \u043e\u0434":"Svetlana Jovanovi\u0107","\u041f\u0440\u043e\u0446\u0435\u045a\u0435\u043d\u043e \u0432\u0440\u0435\u043c\u0435 \u0447\u0438\u0442\u0430\u045a\u0430":"2 \u043c\u0438\u043d\u0443\u0442\u0430"},"schema":{"@context":"https:\/\/schema.org","@graph":[{"@type":"Article","@id":"https:\/\/balkangreenenergynews.com\/rs\/u-evropi-rast-novih-kapaciteta-vetroelektrana-ali-na-kopnu-pad-zbog-nemacke\/#article","isPartOf":{"@id":"https:\/\/balkangreenenergynews.com\/rs\/u-evropi-rast-novih-kapaciteta-vetroelektrana-ali-na-kopnu-pad-zbog-nemacke\/"},"author":{"name":"Svetlana Jovanovi\u0107","@id":"https:\/\/balkangreenenergynews.com\/rs\/#\/schema\/person\/82b991c6efaf6b462e01800c17da5ae9"},"headline":"U Evropi rast novih kapaciteta vetroelektrana, ali na kopnu pad zbog Nema\u010dke","datePublished":"2019-07-25T12:34:02+00:00","dateModified":"2020-06-30T16:05:26+00:00","mainEntityOfPage":{"@id":"https:\/\/balkangreenenergynews.com\/rs\/u-evropi-rast-novih-kapaciteta-vetroelektrana-ali-na-kopnu-pad-zbog-nemacke\/"},"wordCount":462,"commentCount":0,"image":{"@id":"https:\/\/balkangreenenergynews.com\/rs\/u-evropi-rast-novih-kapaciteta-vetroelektrana-ali-na-kopnu-pad-zbog-nemacke\/#primaryimage"},"thumbnailUrl":"https:\/\/balkangreenenergynews.com\/rs\/wp-content\/uploads\/2019\/07\/evropa-vetroelektrane-nemacka.jpg?wsr","keywords":["vetroelektrane","vetroparkovi","WindEurope"],"articleSection":["OIE"],"inLanguage":"sr-RS","potentialAction":[{"@type":"CommentAction","name":"Comment","target":["https:\/\/balkangreenenergynews.com\/rs\/u-evropi-rast-novih-kapaciteta-vetroelektrana-ali-na-kopnu-pad-zbog-nemacke\/#respond"]}]},{"@type":"WebPage","@id":"https:\/\/balkangreenenergynews.com\/rs\/u-evropi-rast-novih-kapaciteta-vetroelektrana-ali-na-kopnu-pad-zbog-nemacke\/","url":"https:\/\/balkangreenenergynews.com\/rs\/u-evropi-rast-novih-kapaciteta-vetroelektrana-ali-na-kopnu-pad-zbog-nemacke\/","name":"U Evropi rast novih kapaciteta vetroelektrana, ali na kopnu pad zbog Nema\u010dke","isPartOf":{"@id":"https:\/\/balkangreenenergynews.com\/rs\/#website"},"primaryImageOfPage":{"@id":"https:\/\/balkangreenenergynews.com\/rs\/u-evropi-rast-novih-kapaciteta-vetroelektrana-ali-na-kopnu-pad-zbog-nemacke\/#primaryimage"},"image":{"@id":"https:\/\/balkangreenenergynews.com\/rs\/u-evropi-rast-novih-kapaciteta-vetroelektrana-ali-na-kopnu-pad-zbog-nemacke\/#primaryimage"},"thumbnailUrl":"https:\/\/balkangreenenergynews.com\/rs\/wp-content\/uploads\/2019\/07\/evropa-vetroelektrane-nemacka.jpg?wsr","datePublished":"2019-07-25T12:34:02+00:00","dateModified":"2020-06-30T16:05:26+00:00","author":{"@id":"https:\/\/balkangreenenergynews.com\/rs\/#\/schema\/person\/82b991c6efaf6b462e01800c17da5ae9"},"description":"U Evropi je registrovan rast ukupnih novih kapaciteta vetroelektrana na kopnu i moru, sa 4,5 GW u prvoj polovini 2018. na 4,9 GW u prvih \u0161est meseci 2019. godine, ali je zato zbog velikih problema u Nema\u010dkoj do\u0161lo do pada na kopnu.","breadcrumb":{"@id":"https:\/\/balkangreenenergynews.com\/rs\/u-evropi-rast-novih-kapaciteta-vetroelektrana-ali-na-kopnu-pad-zbog-nemacke\/#breadcrumb"},"inLanguage":"sr-RS","potentialAction":[{"@type":"ReadAction","target":["https:\/\/balkangreenenergynews.com\/rs\/u-evropi-rast-novih-kapaciteta-vetroelektrana-ali-na-kopnu-pad-zbog-nemacke\/"]}]},{"@type":"ImageObject","inLanguage":"sr-RS","@id":"https:\/\/balkangreenenergynews.com\/rs\/u-evropi-rast-novih-kapaciteta-vetroelektrana-ali-na-kopnu-pad-zbog-nemacke\/#primaryimage","url":"https:\/\/balkangreenenergynews.com\/rs\/wp-content\/uploads\/2019\/07\/evropa-vetroelektrane-nemacka.jpg?wsr","contentUrl":"https:\/\/balkangreenenergynews.com\/rs\/wp-content\/uploads\/2019\/07\/evropa-vetroelektrane-nemacka.jpg?wsr","width":1024,"height":525,"caption":"evropa-vetroelektrane-nemacka"},{"@type":"BreadcrumbList","@id":"https:\/\/balkangreenenergynews.com\/rs\/u-evropi-rast-novih-kapaciteta-vetroelektrana-ali-na-kopnu-pad-zbog-nemacke\/#breadcrumb","itemListElement":[{"@type":"ListItem","position":1,"name":"Po\u010detna","item":"https:\/\/balkangreenenergynews.com\/rs\/"},{"@type":"ListItem","position":2,"name":"Vesti","item":"https:\/\/balkangreenenergynews.com\/rs\/kategorija\/vesti\/"},{"@type":"ListItem","position":3,"name":"OIE","item":"https:\/\/balkangreenenergynews.com\/rs\/kategorija\/vesti\/obnovljivi-izvori-energije\/"},{"@type":"ListItem","position":4,"name":"U Evropi rast novih kapaciteta vetroelektrana, ali na kopnu pad zbog Nema\u010dke"}]},{"@type":"WebSite","@id":"https:\/\/balkangreenenergynews.com\/rs\/#website","url":"https:\/\/balkangreenenergynews.com\/rs\/","name":"Balkan Green Energy News","description":"Naj\u0161iri izbor vesti sa Balkana o zelenoj energiji","potentialAction":[{"@type":"SearchAction","target":{"@type":"EntryPoint","urlTemplate":"https:\/\/balkangreenenergynews.com\/rs\/?s={search_term_string}"},"query-input":{"@type":"PropertyValueSpecification","valueRequired":true,"valueName":"search_term_string"}}],"inLanguage":"sr-RS"},{"@type":"Person","@id":"https:\/\/balkangreenenergynews.com\/rs\/#\/schema\/person\/82b991c6efaf6b462e01800c17da5ae9","name":"Svetlana Jovanovi\u0107","description":"Nakon 15 godina pisanja i ure\u0111ivanja finansijskih &amp; biznis vesti, Svetlana se od 2018. godine fokusira na teme \u017eivotne sredine i odr\u017eivog razvoja. #BeatPlasticPollution je njen omiljeni hashtag.","sameAs":["https:\/\/www.linkedin.com\/in\/svetlana-jovanovic-4741814b\/"],"url":"https:\/\/balkangreenenergynews.com\/rs\/author\/svetlana-jovanovic\/"}]}},"_links":{"self":[{"href":"https:\/\/balkangreenenergynews.com\/rs\/wp-json\/wp\/v2\/posts\/24779","targetHints":{"allow":["GET"]}}],"collection":[{"href":"https:\/\/balkangreenenergynews.com\/rs\/wp-json\/wp\/v2\/posts"}],"about":[{"href":"https:\/\/balkangreenenergynews.com\/rs\/wp-json\/wp\/v2\/types\/post"}],"author":[{"embeddable":true,"href":"https:\/\/balkangreenenergynews.com\/rs\/wp-json\/wp\/v2\/users\/20"}],"replies":[{"embeddable":true,"href":"https:\/\/balkangreenenergynews.com\/rs\/wp-json\/wp\/v2\/comments?post=24779"}],"version-history":[{"count":0,"href":"https:\/\/balkangreenenergynews.com\/rs\/wp-json\/wp\/v2\/posts\/24779\/revisions"}],"wp:featuredmedia":[{"embeddable":true,"href":"https:\/\/balkangreenenergynews.com\/rs\/wp-json\/wp\/v2\/media\/31681"}],"wp:attachment":[{"href":"https:\/\/balkangreenenergynews.com\/rs\/wp-json\/wp\/v2\/media?parent=24779"}],"wp:term":[{"taxonomy":"category","embeddable":true,"href":"https:\/\/balkangreenenergynews.com\/rs\/wp-json\/wp\/v2\/categories?post=24779"},{"taxonomy":"post_tag","embeddable":true,"href":"https:\/\/balkangreenenergynews.com\/rs\/wp-json\/wp\/v2\/tags?post=24779"}],"curies":[{"name":"wp","href":"https:\/\/api.w.org\/{rel}","templated":true}]}}